{"id":7726,"date":"2021-06-25T08:51:28","date_gmt":"2021-06-25T06:51:28","guid":{"rendered":"https:\/\/www.welovecycling.com\/es\/?p=7726"},"modified":"2021-06-22T09:23:13","modified_gmt":"2021-06-22T07:23:13","slug":"favoritos-al-tour-2021","status":"publish","type":"post","link":"https:\/\/www.welovecycling.com\/es\/2021\/06\/25\/favoritos-al-tour-2021\/","title":{"rendered":"Reinado de Pogacar, venganza de Roglic&#8230; Favoritos al Tour 2021"},"content":{"rendered":"<p><strong>El Tour de Francia 2021, que comienza el 26 de junio, es a la vez la carrera m\u00e1s f\u00e1cil de predecir y la m\u00e1s dif\u00edcil. No creo que haga falta un superordenador para predecir que los favoritos al Tour 2021 son los tres l\u00edderes de Ineos, Jumbo y UAE. Y lo mismo ocurre con la pelea por el Maillot Verde \u0160koda. Lo que es dif\u00edcil es decir cu\u00e1l ganar\u00e1.<\/strong><\/p>\n<p><!--more--><\/p>\n<p>El ganador de la clasificaci\u00f3n general ser\u00e1 casi con toda seguridad Geraint Thomas, del Ineos Grenadiers, Primo\u017e Rogli\u010d, del Jumbo-Visma, o el ganador del a\u00f1o pasado, Tadej Poga\u010dar, del UAE Team Emirates. El director deportivo de Ineos, Servais Knaven, considera que la carrera se reduce a estos tres, y cree que su hombre puede ser tan bueno como las dos superestrellas eslovenas. Knaven dijo al sitio web de ciclismo Wielerflits que Thomas -que gan\u00f3 el Tour en 2018- est\u00e1 de vuelta a su mejor nivel y no <a href=\"https:\/\/www.cyclingweekly.com\/news\/geraint-thomas-can-be-as-good-as-primoz-roglic-and-tadej-pogacar-says-ineos-sports-director?utm_source=Selligent&amp;utm_medium=email&amp;utm_campaign=100621_QYC-X_NWL_EO_cwnewsletter&amp;utm_content=100621_QYC-X_NWL_EO_cwne\">debe ser subestimado<\/a>.<\/p>\n<figure id=\"attachment_7727\" aria-describedby=\"caption-attachment-7727\" style=\"width: 1024px\" class=\"wp-caption alignnone\"><a href=\"https:\/\/d2p6e6u75xmxt8.cloudfront.net\/2\/2021\/06\/Geraint-Thomas-profimedia-0461066533.jpg\"><img loading=\"lazy\" decoding=\"async\" class=\"wp-image-7727 size-large\" src=\"https:\/\/d2p6e6u75xmxt8.cloudfront.net\/6\/2021\/06\/Geraint-Thomas-profimedia-0461066533-1024x681.jpg\" alt=\"Geraint Thomas and Egan Bernal\" width=\"1024\" height=\"681\" srcset=\"https:\/\/d2p6e6u75xmxt8.cloudfront.net\/6\/2021\/06\/Geraint-Thomas-profimedia-0461066533-1024x681.jpg 1024w, https:\/\/d2p6e6u75xmxt8.cloudfront.net\/6\/2021\/06\/Geraint-Thomas-profimedia-0461066533-300x199.jpg 300w, https:\/\/d2p6e6u75xmxt8.cloudfront.net\/6\/2021\/06\/Geraint-Thomas-profimedia-0461066533-768x511.jpg 768w, https:\/\/d2p6e6u75xmxt8.cloudfront.net\/6\/2021\/06\/Geraint-Thomas-profimedia-0461066533-272x182.jpg 272w, https:\/\/d2p6e6u75xmxt8.cloudfront.net\/6\/2021\/06\/Geraint-Thomas-profimedia-0461066533.jpg 1250w\" sizes=\"auto, (max-width: 1024px) 100vw, 1024px\" \/><\/a><figcaption id=\"caption-attachment-7727\" class=\"wp-caption-text\">Geraint Thomas felicita a Egan Bernalddespu\u00e9s de ganar el Tour 2019.\u00a9 Profimedia<\/figcaption><\/figure>\n<p>&nbsp;<\/p>\n<p>&#8220;Cuando est\u00e1 en su mejor momento, no es inferior a <strong>Poga\u010dar y Rogli\u010d<\/strong>&#8220;, dijo, y a\u00f1adi\u00f3 que Thomas, de 35 a\u00f1os, es consciente de que esta podr\u00eda ser su \u00faltima oportunidad de competir por la victoria en la general. El gal\u00e9s llega al Tour en un gran estado de forma, tras haber ganado el Tour de Romand\u00eda y ser tercero en el reciente Crit\u00e9rium du Dauphin\u00e9. Y el equipo Ineos Grenadiers est\u00e1 cargado de grandes escaladores como Richard Carapaz, Richie Porte y Tao Geoghegan Hart. Por lo tanto, Thomas tiene un equipo perfecto.<\/p>\n<p>Sin embargo, lo mismo ocurre con <strong>Rogli\u010d, otro de los favoritos al Tour 2021.<\/strong> El Jumbo-Visma cuenta con corredores de la talla de Steven Kruijswijk, Sepp Kuss y Wout van Aert, que el a\u00f1o pasado parec\u00eda el mejor domestique del mundo. Y Rogli\u010d habr\u00e1 aprendido la lecci\u00f3n de su p\u00e1jara en la pen\u00faltima etapa del Tour del a\u00f1o pasado, una cronoescalada en la que fue pulverizado por su compatriota Poga\u010dar, y buscar\u00e1 gestionar la carrera de forma m\u00e1s inteligente.<\/p>\n<figure id=\"attachment_7728\" aria-describedby=\"caption-attachment-7728\" style=\"width: 1024px\" class=\"wp-caption alignnone\"><a href=\"https:\/\/d2p6e6u75xmxt8.cloudfront.net\/2\/2021\/06\/Primoz-Roglic-profimedia-0558809426.jpg\"><img loading=\"lazy\" decoding=\"async\" class=\"size-large wp-image-7728\" src=\"https:\/\/d2p6e6u75xmxt8.cloudfront.net\/6\/2021\/06\/Primoz-Roglic-profimedia-0558809426-1024x618.jpg\" alt=\"Primo\u017e Rogli\u010d\" width=\"1024\" height=\"618\" srcset=\"https:\/\/d2p6e6u75xmxt8.cloudfront.net\/6\/2021\/06\/Primoz-Roglic-profimedia-0558809426-1024x618.jpg 1024w, https:\/\/d2p6e6u75xmxt8.cloudfront.net\/6\/2021\/06\/Primoz-Roglic-profimedia-0558809426-300x181.jpg 300w, https:\/\/d2p6e6u75xmxt8.cloudfront.net\/6\/2021\/06\/Primoz-Roglic-profimedia-0558809426-768x464.jpg 768w, https:\/\/d2p6e6u75xmxt8.cloudfront.net\/6\/2021\/06\/Primoz-Roglic-profimedia-0558809426.jpg 1250w\" sizes=\"auto, (max-width: 1024px) 100vw, 1024px\" \/><\/a><figcaption id=\"caption-attachment-7728\" class=\"wp-caption-text\">Rogli\u010d en la \u00faltima crono del Tour \u00a9 Profimedia<\/figcaption><\/figure>\n<p>&nbsp;<\/p>\n<p>Rogli\u010d, que tiene 31 a\u00f1os, tambi\u00e9n parece estar en buena forma al llegar a la carrera. Gan\u00f3 las tres clasificaciones en la <a href=\"https:\/\/www.welovecycling.com\/es\/2021\/04\/11\/itzulia-2021-roglic-cobra-a-pogacar-la-primera-venganza-del-tour\/\">Vuelta al Pa\u00eds Vasco,<\/a> cuatro etapas y el maillot verde en la Par\u00eds-Niza, y fue segundo en el muro de Huy de la Flecha Valona.<\/p>\n<p>Poga\u010dar no parece necesitar un equipo de apoyo para ganar el Tour. El a\u00f1o pasado estuvo solo en las subidas confiando en su propia fuerza e inteligencia para mantenerse cerca de Rogli\u010d hasta la etapa 20, la contrarreloj individual que domin\u00f3 a su antojo, superando a su compatriota esloveno por casi 2 minutos y convirti\u00e9ndose en el primer corredor desde el gran Eddy Merckx en 1972 en ganar tres clasificaciones del Tour (general, monta\u00f1a, joven).<\/p>\n<figure id=\"attachment_7729\" aria-describedby=\"caption-attachment-7729\" style=\"width: 1024px\" class=\"wp-caption alignnone\"><a href=\"https:\/\/d2p6e6u75xmxt8.cloudfront.net\/2\/2020\/09\/profimedia-0557802599-1.jpg\"><img loading=\"lazy\" decoding=\"async\" class=\"size-large wp-image-7729\" src=\"https:\/\/d2p6e6u75xmxt8.cloudfront.net\/6\/2021\/06\/profimedia-0557802599-1-1024x682.jpg\" alt=\"Poga\u010dar at Tour\" width=\"1024\" height=\"682\" srcset=\"https:\/\/d2p6e6u75xmxt8.cloudfront.net\/6\/2021\/06\/profimedia-0557802599-1-1024x682.jpg 1024w, https:\/\/d2p6e6u75xmxt8.cloudfront.net\/6\/2021\/06\/profimedia-0557802599-1-300x200.jpg 300w, https:\/\/d2p6e6u75xmxt8.cloudfront.net\/6\/2021\/06\/profimedia-0557802599-1-768x512.jpg 768w, https:\/\/d2p6e6u75xmxt8.cloudfront.net\/6\/2021\/06\/profimedia-0557802599-1-272x182.jpg 272w, https:\/\/d2p6e6u75xmxt8.cloudfront.net\/6\/2021\/06\/profimedia-0557802599-1.jpg 1250w\" sizes=\"auto, (max-width: 1024px) 100vw, 1024px\" \/><\/a><figcaption id=\"caption-attachment-7729\" class=\"wp-caption-text\">Poga\u010dar bate a Roglic en el Tour de 2020 \u00a9 Profimedia<\/figcaption><\/figure>\n<p>&nbsp;<\/p>\n<p>El Tour de este a\u00f1o tambi\u00e9n parece jugar a su favor, ya que tiene dos largas contrarrelojes individuales y s\u00f3lo tres llegadas a la cima, lo que reduce la importancia de un equipo fuerte. Adem\u00e1s, Poga\u010dar s\u00f3lo tiene 22 a\u00f1os, por lo que es probable que se haya convertido en un corredor m\u00e1s fuerte y maduro, y ha tenido una gran primavera, ganando tres vueltas por etapas m\u00e1s la Lieja-Bastogne-Lieja. En teor\u00eda, su rendimiento deber\u00eda sea a\u00fan mejor que el del a\u00f1o pasado y, salvo accidente o enfermedad, es el m\u00e1ximo favorito.<\/p>\n<p>El maillot verde tambi\u00e9n cuenta con tres favoritos al Tour 2021: el eslovaco Peter Sagan, siete veces ganador, Mark Cavendish y el velocista australiano Caleb Ewan. Sagan tiene algo que demostrar este a\u00f1o, sobre todo porque su equipo, el Bora-Hansgrohe, hab\u00eda insinuado a principios de a\u00f1o que podr\u00eda dejarle marchar. Despu\u00e9s de pasar el Covid ya fue l\u00edder de la regularidad en el Giro de este a\u00f1o y parece estar muy motivado para demostrar que sigue siendo uno de los mejores del mundo.<\/p>\n<figure id=\"attachment_7730\" aria-describedby=\"caption-attachment-7730\" style=\"width: 1024px\" class=\"wp-caption alignnone\"><a href=\"https:\/\/d2p6e6u75xmxt8.cloudfront.net\/2\/2020\/09\/profimedia-0557261997.jpg\"><img loading=\"lazy\" decoding=\"async\" class=\"size-large wp-image-7730\" src=\"https:\/\/d2p6e6u75xmxt8.cloudfront.net\/6\/2021\/06\/profimedia-0557261997-1024x625.jpg\" alt=\"Peter Sagan\" width=\"1024\" height=\"625\" srcset=\"https:\/\/d2p6e6u75xmxt8.cloudfront.net\/6\/2021\/06\/profimedia-0557261997-1024x625.jpg 1024w, https:\/\/d2p6e6u75xmxt8.cloudfront.net\/6\/2021\/06\/profimedia-0557261997-300x183.jpg 300w, https:\/\/d2p6e6u75xmxt8.cloudfront.net\/6\/2021\/06\/profimedia-0557261997-768x469.jpg 768w, https:\/\/d2p6e6u75xmxt8.cloudfront.net\/6\/2021\/06\/profimedia-0557261997.jpg 1250w\" sizes=\"auto, (max-width: 1024px) 100vw, 1024px\" \/><\/a><figcaption id=\"caption-attachment-7730\" class=\"wp-caption-text\">Sagan en el Tour de 2020. \u00a9 Profimedia<\/figcaption><\/figure>\n<p>&nbsp;<\/p>\n<p>Sin embargo, como hay menos subidas que el a\u00f1o pasado y no hay nuevas monta\u00f1as ni periodos prolongados en las regiones monta\u00f1osas del Jura, el Macizo Central o los Vosgos, los velocistas lo tendr\u00e1n m\u00e1s f\u00e1cil durante las tres semanas de carrera. Y hay ocho etapas para los velocistas, lo que favorece a Cavendish y Ewan.<\/p>\n","protected":false},"excerpt":{"rendered":"<p>El Tour de Francia 2021, que comienza el 26 de junio, es a la vez la carrera m\u00e1s f\u00e1cil de [&hellip;]<\/p>\n","protected":false},"author":29,"featured_media":7732,"comment_status":"open","ping_status":"open","sticky":false,"template":"","format":"standard","meta":{"footnotes":""},"categories":[7],"tags":[168,1941],"global-categories":[],"class_list":["post-7726","post","type-post","status-publish","format-standard","has-post-thumbnail","hentry","category-carretera","tag-tour","tag-tour-2021"],"yoast_head":"<!-- This site is optimized with the Yoast SEO Premium plugin v25.3 (Yoast SEO v25.9) - https:\/\/yoast.com\/wordpress\/plugins\/seo\/ -->\n<title>Reinado de Pogacar, venganza de Roglic... Favoritos al Tour 2021<\/title>\n<meta name=\"description\" content=\"Reinado de Pogacar, venganza de Roglic... Favoritos al Tour 2021. La n\u00f3mina de ciclistas que pueden ganar el Tour de Francia 2021.\" \/>\n<meta name=\"robots\" content=\"index, follow, max-snippet:-1, max-image-preview:large, max-video-preview:-1\" \/>\n<link rel=\"canonical\" href=\"https:\/\/www.welovecycling.com\/es\/2021\/06\/25\/favoritos-al-tour-2021\/\" \/>\n<meta property=\"og:locale\" content=\"es_ES\" \/>\n<meta property=\"og:type\" content=\"article\" \/>\n<meta property=\"og:title\" content=\"Reinado de Pogacar, venganza de Roglic... Favoritos al Tour 2021\" \/>\n<meta property=\"og:description\" content=\"Reinado de Pogacar, venganza de Roglic... Favoritos al Tour 2021. La n\u00f3mina de ciclistas que pueden ganar el Tour de Francia 2021.\" \/>\n<meta property=\"og:url\" content=\"https:\/\/www.welovecycling.com\/es\/2021\/06\/25\/favoritos-al-tour-2021\/\" \/>\n<meta property=\"og:site_name\" content=\"\u0160koda We Love Cycling - Spain\" \/>\n<meta property=\"article:published_time\" content=\"2021-06-25T06:51:28+00:00\" \/>\n<meta property=\"og:image\" content=\"https:\/\/d2p6e6u75xmxt8.cloudfront.net\/6\/2021\/06\/Tour-de-France-profimedia-0558935695-CVR.jpg\" \/>\n\t<meta property=\"og:image:width\" content=\"1366\" \/>\n\t<meta property=\"og:image:height\" content=\"596\" \/>\n\t<meta property=\"og:image:type\" content=\"image\/jpeg\" \/>\n<meta name=\"author\" content=\"We Love Cycling Spain\" \/>\n<meta name=\"twitter:card\" content=\"summary_large_image\" \/>\n<meta name=\"twitter:title\" content=\"Reinado de Pogacar, venganza de Roglic... Favoritos al Tour 2021\" \/>\n<meta name=\"twitter:description\" content=\"Reinado de Pogacar, venganza de Roglic... Favoritos al Tour 2021. La n\u00f3mina de ciclistas que pueden ganar el Tour de Francia 2021.\" \/>\n<meta name=\"twitter:label1\" content=\"Written by\" \/>\n\t<meta name=\"twitter:data1\" content=\"Siegfried Mortkowitz\" \/>\n\t<meta name=\"twitter:label2\" content=\"Est. reading time\" \/>\n\t<meta name=\"twitter:data2\" content=\"6\" \/>\n<script type=\"application\/ld+json\" class=\"yoast-schema-graph\">{\"@context\":\"https:\/\/schema.org\",\"@graph\":[{\"@type\":\"WebPage\",\"@id\":\"https:\/\/www.welovecycling.com\/es\/2021\/06\/25\/favoritos-al-tour-2021\/\",\"url\":\"https:\/\/www.welovecycling.com\/es\/2021\/06\/25\/favoritos-al-tour-2021\/\",\"name\":\"Reinado de Pogacar, venganza de Roglic... Favoritos al Tour 2021\",\"isPartOf\":{\"@id\":\"https:\/\/www.welovecycling.com\/es\/#website\"},\"primaryImageOfPage\":{\"@id\":\"https:\/\/www.welovecycling.com\/es\/2021\/06\/25\/favoritos-al-tour-2021\/#primaryimage\"},\"image\":{\"@id\":\"https:\/\/www.welovecycling.com\/es\/2021\/06\/25\/favoritos-al-tour-2021\/#primaryimage\"},\"thumbnailUrl\":\"https:\/\/d2p6e6u75xmxt8.cloudfront.net\/6\/2021\/06\/Tour-de-France-profimedia-0558935695-CVR.jpg\",\"datePublished\":\"2021-06-25T06:51:28+00:00\",\"author\":{\"@id\":\"https:\/\/www.welovecycling.com\/es\/#\/schema\/person\/deb61715b5812698ee79fb96f343ccd4\"},\"description\":\"Reinado de Pogacar, venganza de Roglic... Favoritos al Tour 2021. La n\u00f3mina de ciclistas que pueden ganar el Tour de Francia 2021.\",\"breadcrumb\":{\"@id\":\"https:\/\/www.welovecycling.com\/es\/2021\/06\/25\/favoritos-al-tour-2021\/#breadcrumb\"},\"inLanguage\":\"es-ES\",\"potentialAction\":[{\"@type\":\"ReadAction\",\"target\":[\"https:\/\/www.welovecycling.com\/es\/2021\/06\/25\/favoritos-al-tour-2021\/\"]}]},{\"@type\":\"ImageObject\",\"inLanguage\":\"es-ES\",\"@id\":\"https:\/\/www.welovecycling.com\/es\/2021\/06\/25\/favoritos-al-tour-2021\/#primaryimage\",\"url\":\"https:\/\/d2p6e6u75xmxt8.cloudfront.net\/6\/2021\/06\/Tour-de-France-profimedia-0558935695-CVR.jpg\",\"contentUrl\":\"https:\/\/d2p6e6u75xmxt8.cloudfront.net\/6\/2021\/06\/Tour-de-France-profimedia-0558935695-CVR.jpg\",\"width\":1366,\"height\":596,\"caption\":\"Tour de France\"},{\"@type\":\"BreadcrumbList\",\"@id\":\"https:\/\/www.welovecycling.com\/es\/2021\/06\/25\/favoritos-al-tour-2021\/#breadcrumb\",\"itemListElement\":[{\"@type\":\"ListItem\",\"position\":1,\"name\":\"Home\",\"item\":\"https:\/\/www.welovecycling.com\/es\/\"},{\"@type\":\"ListItem\",\"position\":2,\"name\":\"Reinado de Pogacar, venganza de Roglic&#8230; Favoritos al Tour 2021\"}]},{\"@type\":\"WebSite\",\"@id\":\"https:\/\/www.welovecycling.com\/es\/#website\",\"url\":\"https:\/\/www.welovecycling.com\/es\/\",\"name\":\"\u0160koda We Love Cycling - Spain\",\"description\":\"\u0160koda WeLoveCycling Spain\",\"potentialAction\":[{\"@type\":\"SearchAction\",\"target\":{\"@type\":\"EntryPoint\",\"urlTemplate\":\"https:\/\/www.welovecycling.com\/es\/?s={search_term_string}\"},\"query-input\":{\"@type\":\"PropertyValueSpecification\",\"valueRequired\":true,\"valueName\":\"search_term_string\"}}],\"inLanguage\":\"es-ES\"},{\"@type\":\"Person\",\"@id\":\"https:\/\/www.welovecycling.com\/es\/#\/schema\/person\/deb61715b5812698ee79fb96f343ccd4\",\"name\":\"We Love Cycling Spain\",\"image\":{\"@type\":\"ImageObject\",\"inLanguage\":\"es-ES\",\"@id\":\"https:\/\/www.welovecycling.com\/es\/#\/schema\/person\/image\/\",\"url\":\"https:\/\/secure.gravatar.com\/avatar\/c824b04e6df0e37a03219d0b6481672889df542894588964102459e46513159c?s=96&d=mm&r=g\",\"contentUrl\":\"https:\/\/secure.gravatar.com\/avatar\/c824b04e6df0e37a03219d0b6481672889df542894588964102459e46513159c?s=96&d=mm&r=g\",\"caption\":\"We Love Cycling Spain\"},\"url\":\"https:\/\/www.welovecycling.com\/es\/author\/amunoz\/\"}]}<\/script>\n<!-- \/ Yoast SEO Premium plugin. -->","yoast_head_json":{"title":"Reinado de Pogacar, venganza de Roglic... Favoritos al Tour 2021","description":"Reinado de Pogacar, venganza de Roglic... Favoritos al Tour 2021. La n\u00f3mina de ciclistas que pueden ganar el Tour de Francia 2021.","robots":{"index":"index","follow":"follow","max-snippet":"max-snippet:-1","max-image-preview":"max-image-preview:large","max-video-preview":"max-video-preview:-1"},"canonical":"https:\/\/www.welovecycling.com\/es\/2021\/06\/25\/favoritos-al-tour-2021\/","og_locale":"es_ES","og_type":"article","og_title":"Reinado de Pogacar, venganza de Roglic... Favoritos al Tour 2021","og_description":"Reinado de Pogacar, venganza de Roglic... Favoritos al Tour 2021. La n\u00f3mina de ciclistas que pueden ganar el Tour de Francia 2021.","og_url":"https:\/\/www.welovecycling.com\/es\/2021\/06\/25\/favoritos-al-tour-2021\/","og_site_name":"\u0160koda We Love Cycling - Spain","article_published_time":"2021-06-25T06:51:28+00:00","og_image":[{"width":1366,"height":596,"url":"https:\/\/d2p6e6u75xmxt8.cloudfront.net\/6\/2021\/06\/Tour-de-France-profimedia-0558935695-CVR.jpg","type":"image\/jpeg"}],"author":"We Love Cycling Spain","twitter_card":"summary_large_image","twitter_title":"Reinado de Pogacar, venganza de Roglic... Favoritos al Tour 2021","twitter_description":"Reinado de Pogacar, venganza de Roglic... Favoritos al Tour 2021. La n\u00f3mina de ciclistas que pueden ganar el Tour de Francia 2021.","twitter_misc":{"Written by":"Siegfried Mortkowitz","Est. reading time":"6"},"schema":{"@context":"https:\/\/schema.org","@graph":[{"@type":"WebPage","@id":"https:\/\/www.welovecycling.com\/es\/2021\/06\/25\/favoritos-al-tour-2021\/","url":"https:\/\/www.welovecycling.com\/es\/2021\/06\/25\/favoritos-al-tour-2021\/","name":"Reinado de Pogacar, venganza de Roglic... Favoritos al Tour 2021","isPartOf":{"@id":"https:\/\/www.welovecycling.com\/es\/#website"},"primaryImageOfPage":{"@id":"https:\/\/www.welovecycling.com\/es\/2021\/06\/25\/favoritos-al-tour-2021\/#primaryimage"},"image":{"@id":"https:\/\/www.welovecycling.com\/es\/2021\/06\/25\/favoritos-al-tour-2021\/#primaryimage"},"thumbnailUrl":"https:\/\/d2p6e6u75xmxt8.cloudfront.net\/6\/2021\/06\/Tour-de-France-profimedia-0558935695-CVR.jpg","datePublished":"2021-06-25T06:51:28+00:00","author":{"@id":"https:\/\/www.welovecycling.com\/es\/#\/schema\/person\/deb61715b5812698ee79fb96f343ccd4"},"description":"Reinado de Pogacar, venganza de Roglic... Favoritos al Tour 2021. La n\u00f3mina de ciclistas que pueden ganar el Tour de Francia 2021.","breadcrumb":{"@id":"https:\/\/www.welovecycling.com\/es\/2021\/06\/25\/favoritos-al-tour-2021\/#breadcrumb"},"inLanguage":"es-ES","potentialAction":[{"@type":"ReadAction","target":["https:\/\/www.welovecycling.com\/es\/2021\/06\/25\/favoritos-al-tour-2021\/"]}]},{"@type":"ImageObject","inLanguage":"es-ES","@id":"https:\/\/www.welovecycling.com\/es\/2021\/06\/25\/favoritos-al-tour-2021\/#primaryimage","url":"https:\/\/d2p6e6u75xmxt8.cloudfront.net\/6\/2021\/06\/Tour-de-France-profimedia-0558935695-CVR.jpg","contentUrl":"https:\/\/d2p6e6u75xmxt8.cloudfront.net\/6\/2021\/06\/Tour-de-France-profimedia-0558935695-CVR.jpg","width":1366,"height":596,"caption":"Tour de France"},{"@type":"BreadcrumbList","@id":"https:\/\/www.welovecycling.com\/es\/2021\/06\/25\/favoritos-al-tour-2021\/#breadcrumb","itemListElement":[{"@type":"ListItem","position":1,"name":"Home","item":"https:\/\/www.welovecycling.com\/es\/"},{"@type":"ListItem","position":2,"name":"Reinado de Pogacar, venganza de Roglic&#8230; Favoritos al Tour 2021"}]},{"@type":"WebSite","@id":"https:\/\/www.welovecycling.com\/es\/#website","url":"https:\/\/www.welovecycling.com\/es\/","name":"\u0160koda We Love Cycling - Spain","description":"\u0160koda WeLoveCycling Spain","potentialAction":[{"@type":"SearchAction","target":{"@type":"EntryPoint","urlTemplate":"https:\/\/www.welovecycling.com\/es\/?s={search_term_string}"},"query-input":{"@type":"PropertyValueSpecification","valueRequired":true,"valueName":"search_term_string"}}],"inLanguage":"es-ES"},{"@type":"Person","@id":"https:\/\/www.welovecycling.com\/es\/#\/schema\/person\/deb61715b5812698ee79fb96f343ccd4","name":"We Love Cycling Spain","image":{"@type":"ImageObject","inLanguage":"es-ES","@id":"https:\/\/www.welovecycling.com\/es\/#\/schema\/person\/image\/","url":"https:\/\/secure.gravatar.com\/avatar\/c824b04e6df0e37a03219d0b6481672889df542894588964102459e46513159c?s=96&d=mm&r=g","contentUrl":"https:\/\/secure.gravatar.com\/avatar\/c824b04e6df0e37a03219d0b6481672889df542894588964102459e46513159c?s=96&d=mm&r=g","caption":"We Love Cycling Spain"},"url":"https:\/\/www.welovecycling.com\/es\/author\/amunoz\/"}]}},"_links":{"self":[{"href":"https:\/\/www.welovecycling.com\/es\/wp-json\/wp\/v2\/posts\/7726","targetHints":{"allow":["GET"]}}],"collection":[{"href":"https:\/\/www.welovecycling.com\/es\/wp-json\/wp\/v2\/posts"}],"about":[{"href":"https:\/\/www.welovecycling.com\/es\/wp-json\/wp\/v2\/types\/post"}],"author":[{"embeddable":true,"href":"https:\/\/www.welovecycling.com\/es\/wp-json\/wp\/v2\/users\/29"}],"replies":[{"embeddable":true,"href":"https:\/\/www.welovecycling.com\/es\/wp-json\/wp\/v2\/comments?post=7726"}],"version-history":[{"count":2,"href":"https:\/\/www.welovecycling.com\/es\/wp-json\/wp\/v2\/posts\/7726\/revisions"}],"predecessor-version":[{"id":7733,"href":"https:\/\/www.welovecycling.com\/es\/wp-json\/wp\/v2\/posts\/7726\/revisions\/7733"}],"wp:featuredmedia":[{"embeddable":true,"href":"https:\/\/www.welovecycling.com\/es\/wp-json\/wp\/v2\/media\/7732"}],"wp:attachment":[{"href":"https:\/\/www.welovecycling.com\/es\/wp-json\/wp\/v2\/media?parent=7726"}],"wp:term":[{"taxonomy":"category","embeddable":true,"href":"https:\/\/www.welovecycling.com\/es\/wp-json\/wp\/v2\/categories?post=7726"},{"taxonomy":"post_tag","embeddable":true,"href":"https:\/\/www.welovecycling.com\/es\/wp-json\/wp\/v2\/tags?post=7726"},{"taxonomy":"global-categories","embeddable":true,"href":"https:\/\/www.welovecycling.com\/es\/wp-json\/wp\/v2\/global-categories?post=7726"}],"curies":[{"name":"wp","href":"https:\/\/api.w.org\/{rel}","templated":true}]}}