{"id":7716,"date":"2021-06-21T20:35:34","date_gmt":"2021-06-21T18:35:34","guid":{"rendered":"https:\/\/www.welovecycling.com\/es\/?p=7716"},"modified":"2021-06-22T13:00:07","modified_gmt":"2021-06-22T11:00:07","slug":"maillot-verde-skoda-del-tour-2021","status":"publish","type":"post","link":"https:\/\/www.welovecycling.com\/es\/2021\/06\/21\/maillot-verde-skoda-del-tour-2021\/","title":{"rendered":"La pelea por el maillot verde \u0160koda del Tour 2021"},"content":{"rendered":"<p><strong>Un a\u00f1o m\u00e1s la Grande Boucle ha dise\u00f1ado una clasificaci\u00f3n por puntos pensada para que los velocistas peleen por el maillot verde \u0160koda d<\/strong><strong>el Tour 2021. Si en 2020 pudimos disfrutar de un interesante duelo entre Sagan y Bennett, para 2021 se unen Colbrelli, Demare, Ewan o el siempre efectivo Wout Van Aert.<\/strong><\/p>\n<p><!--more--><\/p>\n<p>El gran dominador del maillot verde \u0160koda ya no es Peter Sagan. En <a href=\"https:\/\/www.welovecycling.com\/es\/2020\/09\/06\/maillot-verde-skoda-tour-sagan\/\">2020<\/a> se rompi\u00f3 una casi inmaculada racha del eslovaco, que cada Tour que terminaba lo hac\u00eda con la clasificaci\u00f3n por puntos en el bolsillo. La derrota ante el velocista del Deceuninck Quick Step Sam Bennett mucho tiene que ver con el sistema de puntuaci\u00f3n, que prioriza a los ganadores de etapas llanas y los sprints intermedios.<\/p>\n<figure style=\"width: 1706px\" class=\"wp-caption alignnone\"><img loading=\"lazy\" decoding=\"async\" class=\"size-extra-large\" src=\"https:\/\/s1.eestatic.com\/2020\/09\/20\/deportes\/ciclismo\/deportes-ciclismo-tour_de_francia_522210082_160493447_1706x960.jpg\" width=\"1706\" height=\"960\" \/><figcaption class=\"wp-caption-text\">Sam Bennett fue el ganador en 2020.<\/figcaption><\/figure>\n<p>La pelea por el maillot verde nos dej\u00f3 en 2020 etapas m\u00e1s que interesantes en las que el Bora de<strong> Sagan<\/strong> trataba de aumentar el ritmo en cualquier repecho para que <strong>Bennett<\/strong>, que es peor escalador, perdiese contacto con el pelot\u00f3n y no sumase puntos.<\/p>\n<h4>SISTEMA DE PUNTUACI\u00d3N<\/h4>\n<p>En este 2021 el sistema de puntaci\u00f3n es similar al de la edici\u00f3n anterior. El <a href=\"https:\/\/storage-aso.lequipe.fr\/ASO\/cycling_tdf\/tdf-2021-reglement.pdf\">Tour<\/a> ha dividido las etapas seg\u00fan su dureza y <strong>en las que prevee que el final ser\u00e1 al sprint otorga m\u00e1s puntos a los ganadores,<\/strong> mientras que en las de alta monta\u00f1a el vencedor se llevar\u00e1 menos puntos.<\/p>\n<p>Pero vamos a los n\u00fameros. Las<strong> 10 etapas que el Tour considera como m\u00e1s llanas<\/strong> otorga puntos a los 15 primeros con este orden : 50-30-20-18-16-14-12-10-8-7-6-5- 4-3-2.<\/p>\n<p><img loading=\"lazy\" decoding=\"async\" class=\"alignnone size-extra-large\" src=\"https:\/\/img.aso.fr\/core_app\/img-cycling-cdd-jpg\/e2-sprint\/4984\/0:0,1000:667-1000-0-70\/5b6f3\" width=\"1000\" height=\"667\" \/><\/p>\n<p>En las tres etapas de media monta\u00f1a se dan estos puntos. 30-25-22-19-17-15-13-11-9-7-6-5-4-3-2. Mientras que la alta monta\u00f1a y las dos contrarrelojes solo dan 20-17-15-13-11-10-9-8-7-6-5-4-3-2-1. Y son los mismos que otorgan a los ganadores de los sprints especiales de cada una de las etapas. As\u00ed tiene un valor en puntos id\u00e9ntico vencer en Col du Portet que ganar el sprint intermedio de cualquier etapa.<\/p>\n<h4>ASPIRANTES. SAGAN, VAN AERT, BENNETT, DEMARE, EWAN&#8230;<\/h4>\n<p>Por el recorrido dise\u00f1ado por el Tour, con hasta ocho etapas con previsible final al sprint, tres o cuatro m\u00e1s que en 2020, parece evidente que los m\u00e1ximos favoritos a ganar el maillot verde son los velocistas y que se puede descartar a ciclista vers\u00e1tiles con <strong>Julien Alaphilippe,<\/strong> que es capaz de &#8216;cazar&#8217; tres etapas de media y alta monta\u00f1a (las que menos punt\u00faan).<\/p>\n<p>Por eso <strong>Peter Sagan<\/strong> sigue siendo uno de los grandes favoritos, porque no solo es capaz de hacer buenos puestos en la mayor\u00eda de las llegadas al sprint, sino que es capaz de aguantar entre los mejores en etapas de media monta\u00f1a y sumar puntos extra en sprints intermedios a los que no llega ninguno de sus rivales. El problema para el eslovaco es que le ha salido un competidor que no solo tienen sus caracter\u00edsticas, sino que las mejora en alta monta\u00f1a y en contrarreloj. <strong>Wout Van Aert<\/strong> cuenta entre los favoritos para ganar cualquiera de las 21 etapas del Tour porque es capaz de hacerlo en un sprint llano, en peque\u00f1a subida, en media monta\u00f1a, en alta monta\u00f1a y sobre todo en la lucha contra el crono. Eso s\u00ed, parece que el Jumbo Visma estar\u00e1 m\u00e1s preocupado porque el belga trabaje para Primoz Roglic y no se centre en la clasificaci\u00f3n por puntos. Un caso similar al de <strong>Van der Poel,<\/strong> que en su primer Tour tambi\u00e9n puede vestir de verde.<\/p>\n<figure style=\"width: 1000px\" class=\"wp-caption alignnone\"><img loading=\"lazy\" decoding=\"async\" src=\"https:\/\/img.aso.fr\/core_app\/img-cycling-cdd-jpg\/e3-vict-colbrelli-2\/5108\/0:0,1000:667-1000-0-70\/b55a8\" alt=\"\" width=\"1000\" height=\"667\" \/><figcaption class=\"wp-caption-text\">Sonny Colbrelli present\u00f3 su candidatura en Dauphin\u00e9<\/figcaption><\/figure>\n<p>Despu\u00e9s de su rendimiento en la <strong>Dauphin\u00e9 y con el maillot de campe\u00f3n de Italia reci\u00e9n ganado<\/strong>, <strong>Sonny Colbrelli<\/strong> re\u00fane las caracter\u00edsticas id\u00f3neas para luchar por el verde. R\u00e1pido en llegadas planas, especialista en pasar la media monta\u00f1a y adem\u00e1s sin un l\u00edder claro para el que trabajar en el Bahrein, toda vez que Mikel Landa est\u00e1 descartado para el Tour.<\/p>\n<p>De los velocistas puros hay que tener en cuenta a <strong>Mark Cavendish<\/strong> (Deceuninck &#8211; Quick Step) que ha vuelto por sus fueros en los \u00faltimos meses. A <strong>Caleb Ewan<\/strong> (Lotto Soudal), que es capaz de ganar tres etapas en cada Tour, aunque luego falla en las etapas de media monta\u00f1a. Y sobre todo al franc\u00e9s <strong>Arnaud Demare<\/strong> (FDJ) que lleva una temporada excelente dominando los sprints y sumando incluso victorias en media monta\u00f1a.<\/p>\n","protected":false},"excerpt":{"rendered":"<p>Un a\u00f1o m\u00e1s la Grande Boucle ha dise\u00f1ado una clasificaci\u00f3n por puntos pensada para que los velocistas peleen por el [&hellip;]<\/p>\n","protected":false},"author":29,"featured_media":7718,"comment_status":"open","ping_status":"open","sticky":false,"template":"","format":"standard","meta":{"footnotes":""},"categories":[7],"tags":[1941,2121],"global-categories":[1164],"class_list":["post-7716","post","type-post","status-publish","format-standard","has-post-thumbnail","hentry","category-carretera","tag-tour-2021","tag-tour-francia-2021","global-categories-cycling"],"yoast_head":"<!-- This site is optimized with the Yoast SEO Premium plugin v25.3 (Yoast SEO v25.9) - https:\/\/yoast.com\/wordpress\/plugins\/seo\/ -->\n<title>La pelea por el maillot verde \u0160koda del Tour 2021<\/title>\n<meta name=\"description\" content=\"Sagan, Bennett \u00bfQui\u00e9n se llevar\u00e1 el maillot verde \u0160koda del Tour 2021? As\u00ed es el sistema de puntaci\u00f3n de la clasificaci\u00f3n de la regularidad.\" \/>\n<meta name=\"robots\" content=\"index, follow, max-snippet:-1, max-image-preview:large, max-video-preview:-1\" \/>\n<link rel=\"canonical\" href=\"https:\/\/www.welovecycling.com\/es\/2021\/06\/21\/maillot-verde-skoda-del-tour-2021\/\" \/>\n<meta property=\"og:locale\" content=\"es_ES\" \/>\n<meta property=\"og:type\" content=\"article\" \/>\n<meta property=\"og:title\" content=\"La pelea por el maillot verde \u0160koda del Tour 2021\" \/>\n<meta property=\"og:description\" content=\"Sagan, Bennett \u00bfQui\u00e9n se llevar\u00e1 el maillot verde \u0160koda del Tour 2021? As\u00ed es el sistema de puntaci\u00f3n de la clasificaci\u00f3n de la regularidad.\" \/>\n<meta property=\"og:url\" content=\"https:\/\/www.welovecycling.com\/es\/2021\/06\/21\/maillot-verde-skoda-del-tour-2021\/\" \/>\n<meta property=\"og:site_name\" content=\"\u0160koda We Love Cycling - Spain\" \/>\n<meta property=\"article:published_time\" content=\"2021-06-21T18:35:34+00:00\" \/>\n<meta property=\"article:modified_time\" content=\"2021-06-22T11:00:07+00:00\" \/>\n<meta property=\"og:image\" content=\"https:\/\/d2p6e6u75xmxt8.cloudfront.net\/6\/2021\/06\/maillot-verde-skoda.jpg\" \/>\n\t<meta property=\"og:image:width\" content=\"1000\" \/>\n\t<meta property=\"og:image:height\" content=\"667\" \/>\n\t<meta property=\"og:image:type\" content=\"image\/jpeg\" \/>\n<meta name=\"author\" content=\"We Love Cycling Spain\" \/>\n<meta name=\"twitter:card\" content=\"summary_large_image\" \/>\n<meta name=\"twitter:label1\" content=\"Written by\" \/>\n\t<meta name=\"twitter:data1\" content=\"Luis Ortega @ciclored\" \/>\n\t<meta name=\"twitter:label2\" content=\"Est. reading time\" \/>\n\t<meta name=\"twitter:data2\" content=\"4 minutes\" \/>\n<script type=\"application\/ld+json\" class=\"yoast-schema-graph\">{\"@context\":\"https:\/\/schema.org\",\"@graph\":[{\"@type\":\"WebPage\",\"@id\":\"https:\/\/www.welovecycling.com\/es\/2021\/06\/21\/maillot-verde-skoda-del-tour-2021\/\",\"url\":\"https:\/\/www.welovecycling.com\/es\/2021\/06\/21\/maillot-verde-skoda-del-tour-2021\/\",\"name\":\"La pelea por el maillot verde \u0160koda del Tour 2021\",\"isPartOf\":{\"@id\":\"https:\/\/www.welovecycling.com\/es\/#website\"},\"primaryImageOfPage\":{\"@id\":\"https:\/\/www.welovecycling.com\/es\/2021\/06\/21\/maillot-verde-skoda-del-tour-2021\/#primaryimage\"},\"image\":{\"@id\":\"https:\/\/www.welovecycling.com\/es\/2021\/06\/21\/maillot-verde-skoda-del-tour-2021\/#primaryimage\"},\"thumbnailUrl\":\"https:\/\/d2p6e6u75xmxt8.cloudfront.net\/6\/2021\/06\/maillot-verde-skoda.jpg\",\"datePublished\":\"2021-06-21T18:35:34+00:00\",\"dateModified\":\"2021-06-22T11:00:07+00:00\",\"author\":{\"@id\":\"https:\/\/www.welovecycling.com\/es\/#\/schema\/person\/deb61715b5812698ee79fb96f343ccd4\"},\"description\":\"Sagan, Bennett \u00bfQui\u00e9n se llevar\u00e1 el maillot verde \u0160koda del Tour 2021? As\u00ed es el sistema de puntaci\u00f3n de la clasificaci\u00f3n de la regularidad.\",\"breadcrumb\":{\"@id\":\"https:\/\/www.welovecycling.com\/es\/2021\/06\/21\/maillot-verde-skoda-del-tour-2021\/#breadcrumb\"},\"inLanguage\":\"es-ES\",\"potentialAction\":[{\"@type\":\"ReadAction\",\"target\":[\"https:\/\/www.welovecycling.com\/es\/2021\/06\/21\/maillot-verde-skoda-del-tour-2021\/\"]}]},{\"@type\":\"ImageObject\",\"inLanguage\":\"es-ES\",\"@id\":\"https:\/\/www.welovecycling.com\/es\/2021\/06\/21\/maillot-verde-skoda-del-tour-2021\/#primaryimage\",\"url\":\"https:\/\/d2p6e6u75xmxt8.cloudfront.net\/6\/2021\/06\/maillot-verde-skoda.jpg\",\"contentUrl\":\"https:\/\/d2p6e6u75xmxt8.cloudfront.net\/6\/2021\/06\/maillot-verde-skoda.jpg\",\"width\":1000,\"height\":667},{\"@type\":\"BreadcrumbList\",\"@id\":\"https:\/\/www.welovecycling.com\/es\/2021\/06\/21\/maillot-verde-skoda-del-tour-2021\/#breadcrumb\",\"itemListElement\":[{\"@type\":\"ListItem\",\"position\":1,\"name\":\"Home\",\"item\":\"https:\/\/www.welovecycling.com\/es\/\"},{\"@type\":\"ListItem\",\"position\":2,\"name\":\"La pelea por el maillot verde \u0160koda del Tour 2021\"}]},{\"@type\":\"WebSite\",\"@id\":\"https:\/\/www.welovecycling.com\/es\/#website\",\"url\":\"https:\/\/www.welovecycling.com\/es\/\",\"name\":\"\u0160koda We Love Cycling - Spain\",\"description\":\"\u0160koda WeLoveCycling Spain\",\"potentialAction\":[{\"@type\":\"SearchAction\",\"target\":{\"@type\":\"EntryPoint\",\"urlTemplate\":\"https:\/\/www.welovecycling.com\/es\/?s={search_term_string}\"},\"query-input\":{\"@type\":\"PropertyValueSpecification\",\"valueRequired\":true,\"valueName\":\"search_term_string\"}}],\"inLanguage\":\"es-ES\"},{\"@type\":\"Person\",\"@id\":\"https:\/\/www.welovecycling.com\/es\/#\/schema\/person\/deb61715b5812698ee79fb96f343ccd4\",\"name\":\"We Love Cycling Spain\",\"image\":{\"@type\":\"ImageObject\",\"inLanguage\":\"es-ES\",\"@id\":\"https:\/\/www.welovecycling.com\/es\/#\/schema\/person\/image\/\",\"url\":\"https:\/\/secure.gravatar.com\/avatar\/c824b04e6df0e37a03219d0b6481672889df542894588964102459e46513159c?s=96&d=mm&r=g\",\"contentUrl\":\"https:\/\/secure.gravatar.com\/avatar\/c824b04e6df0e37a03219d0b6481672889df542894588964102459e46513159c?s=96&d=mm&r=g\",\"caption\":\"We Love Cycling Spain\"},\"url\":\"https:\/\/www.welovecycling.com\/es\/author\/amunoz\/\"}]}<\/script>\n<!-- \/ Yoast SEO Premium plugin. -->","yoast_head_json":{"title":"La pelea por el maillot verde \u0160koda del Tour 2021","description":"Sagan, Bennett \u00bfQui\u00e9n se llevar\u00e1 el maillot verde \u0160koda del Tour 2021? As\u00ed es el sistema de puntaci\u00f3n de la clasificaci\u00f3n de la regularidad.","robots":{"index":"index","follow":"follow","max-snippet":"max-snippet:-1","max-image-preview":"max-image-preview:large","max-video-preview":"max-video-preview:-1"},"canonical":"https:\/\/www.welovecycling.com\/es\/2021\/06\/21\/maillot-verde-skoda-del-tour-2021\/","og_locale":"es_ES","og_type":"article","og_title":"La pelea por el maillot verde \u0160koda del Tour 2021","og_description":"Sagan, Bennett \u00bfQui\u00e9n se llevar\u00e1 el maillot verde \u0160koda del Tour 2021? As\u00ed es el sistema de puntaci\u00f3n de la clasificaci\u00f3n de la regularidad.","og_url":"https:\/\/www.welovecycling.com\/es\/2021\/06\/21\/maillot-verde-skoda-del-tour-2021\/","og_site_name":"\u0160koda We Love Cycling - Spain","article_published_time":"2021-06-21T18:35:34+00:00","article_modified_time":"2021-06-22T11:00:07+00:00","og_image":[{"width":1000,"height":667,"url":"https:\/\/d2p6e6u75xmxt8.cloudfront.net\/6\/2021\/06\/maillot-verde-skoda.jpg","type":"image\/jpeg"}],"author":"We Love Cycling Spain","twitter_card":"summary_large_image","twitter_misc":{"Written by":"Luis Ortega @ciclored","Est. reading time":"4 minutes"},"schema":{"@context":"https:\/\/schema.org","@graph":[{"@type":"WebPage","@id":"https:\/\/www.welovecycling.com\/es\/2021\/06\/21\/maillot-verde-skoda-del-tour-2021\/","url":"https:\/\/www.welovecycling.com\/es\/2021\/06\/21\/maillot-verde-skoda-del-tour-2021\/","name":"La pelea por el maillot verde \u0160koda del Tour 2021","isPartOf":{"@id":"https:\/\/www.welovecycling.com\/es\/#website"},"primaryImageOfPage":{"@id":"https:\/\/www.welovecycling.com\/es\/2021\/06\/21\/maillot-verde-skoda-del-tour-2021\/#primaryimage"},"image":{"@id":"https:\/\/www.welovecycling.com\/es\/2021\/06\/21\/maillot-verde-skoda-del-tour-2021\/#primaryimage"},"thumbnailUrl":"https:\/\/d2p6e6u75xmxt8.cloudfront.net\/6\/2021\/06\/maillot-verde-skoda.jpg","datePublished":"2021-06-21T18:35:34+00:00","dateModified":"2021-06-22T11:00:07+00:00","author":{"@id":"https:\/\/www.welovecycling.com\/es\/#\/schema\/person\/deb61715b5812698ee79fb96f343ccd4"},"description":"Sagan, Bennett \u00bfQui\u00e9n se llevar\u00e1 el maillot verde \u0160koda del Tour 2021? As\u00ed es el sistema de puntaci\u00f3n de la clasificaci\u00f3n de la regularidad.","breadcrumb":{"@id":"https:\/\/www.welovecycling.com\/es\/2021\/06\/21\/maillot-verde-skoda-del-tour-2021\/#breadcrumb"},"inLanguage":"es-ES","potentialAction":[{"@type":"ReadAction","target":["https:\/\/www.welovecycling.com\/es\/2021\/06\/21\/maillot-verde-skoda-del-tour-2021\/"]}]},{"@type":"ImageObject","inLanguage":"es-ES","@id":"https:\/\/www.welovecycling.com\/es\/2021\/06\/21\/maillot-verde-skoda-del-tour-2021\/#primaryimage","url":"https:\/\/d2p6e6u75xmxt8.cloudfront.net\/6\/2021\/06\/maillot-verde-skoda.jpg","contentUrl":"https:\/\/d2p6e6u75xmxt8.cloudfront.net\/6\/2021\/06\/maillot-verde-skoda.jpg","width":1000,"height":667},{"@type":"BreadcrumbList","@id":"https:\/\/www.welovecycling.com\/es\/2021\/06\/21\/maillot-verde-skoda-del-tour-2021\/#breadcrumb","itemListElement":[{"@type":"ListItem","position":1,"name":"Home","item":"https:\/\/www.welovecycling.com\/es\/"},{"@type":"ListItem","position":2,"name":"La pelea por el maillot verde \u0160koda del Tour 2021"}]},{"@type":"WebSite","@id":"https:\/\/www.welovecycling.com\/es\/#website","url":"https:\/\/www.welovecycling.com\/es\/","name":"\u0160koda We Love Cycling - Spain","description":"\u0160koda WeLoveCycling Spain","potentialAction":[{"@type":"SearchAction","target":{"@type":"EntryPoint","urlTemplate":"https:\/\/www.welovecycling.com\/es\/?s={search_term_string}"},"query-input":{"@type":"PropertyValueSpecification","valueRequired":true,"valueName":"search_term_string"}}],"inLanguage":"es-ES"},{"@type":"Person","@id":"https:\/\/www.welovecycling.com\/es\/#\/schema\/person\/deb61715b5812698ee79fb96f343ccd4","name":"We Love Cycling Spain","image":{"@type":"ImageObject","inLanguage":"es-ES","@id":"https:\/\/www.welovecycling.com\/es\/#\/schema\/person\/image\/","url":"https:\/\/secure.gravatar.com\/avatar\/c824b04e6df0e37a03219d0b6481672889df542894588964102459e46513159c?s=96&d=mm&r=g","contentUrl":"https:\/\/secure.gravatar.com\/avatar\/c824b04e6df0e37a03219d0b6481672889df542894588964102459e46513159c?s=96&d=mm&r=g","caption":"We Love Cycling Spain"},"url":"https:\/\/www.welovecycling.com\/es\/author\/amunoz\/"}]}},"_links":{"self":[{"href":"https:\/\/www.welovecycling.com\/es\/wp-json\/wp\/v2\/posts\/7716","targetHints":{"allow":["GET"]}}],"collection":[{"href":"https:\/\/www.welovecycling.com\/es\/wp-json\/wp\/v2\/posts"}],"about":[{"href":"https:\/\/www.welovecycling.com\/es\/wp-json\/wp\/v2\/types\/post"}],"author":[{"embeddable":true,"href":"https:\/\/www.welovecycling.com\/es\/wp-json\/wp\/v2\/users\/29"}],"replies":[{"embeddable":true,"href":"https:\/\/www.welovecycling.com\/es\/wp-json\/wp\/v2\/comments?post=7716"}],"version-history":[{"count":2,"href":"https:\/\/www.welovecycling.com\/es\/wp-json\/wp\/v2\/posts\/7716\/revisions"}],"predecessor-version":[{"id":7734,"href":"https:\/\/www.welovecycling.com\/es\/wp-json\/wp\/v2\/posts\/7716\/revisions\/7734"}],"wp:featuredmedia":[{"embeddable":true,"href":"https:\/\/www.welovecycling.com\/es\/wp-json\/wp\/v2\/media\/7718"}],"wp:attachment":[{"href":"https:\/\/www.welovecycling.com\/es\/wp-json\/wp\/v2\/media?parent=7716"}],"wp:term":[{"taxonomy":"category","embeddable":true,"href":"https:\/\/www.welovecycling.com\/es\/wp-json\/wp\/v2\/categories?post=7716"},{"taxonomy":"post_tag","embeddable":true,"href":"https:\/\/www.welovecycling.com\/es\/wp-json\/wp\/v2\/tags?post=7716"},{"taxonomy":"global-categories","embeddable":true,"href":"https:\/\/www.welovecycling.com\/es\/wp-json\/wp\/v2\/global-categories?post=7716"}],"curies":[{"name":"wp","href":"https:\/\/api.w.org\/{rel}","templated":true}]}}