{"id":7711,"date":"2021-06-24T12:38:51","date_gmt":"2021-06-24T10:38:51","guid":{"rendered":"https:\/\/www.welovecycling.com\/es\/?p=7711"},"modified":"2021-06-23T10:27:14","modified_gmt":"2021-06-23T08:27:14","slug":"espanoles-en-el-tour-2021","status":"publish","type":"post","link":"https:\/\/www.welovecycling.com\/es\/2021\/06\/24\/espanoles-en-el-tour-2021\/","title":{"rendered":"La general con Mas y a buscar etapas. Los espa\u00f1oles en el Tour 2021"},"content":{"rendered":"<p><strong>Las opciones de los ciclistas espa\u00f1oles en el Tour 2021 si miramos a la clasificaci\u00f3n general pasan indudablemente por Enric Mas. Toda vez que se confirm\u00f3 la baja de Mikel Landa despu\u00e9s de la ca\u00edda del Giro. Pero ojo, que la armada tiene ciclistas de calidad para buscar etapas, del &#8216;siempre joven&#8217; Valverde a Izagirre, Pello Bilbao, Herrada o Aramburu y trabajadores de calidad como Erviti, Castroviejo o Rub\u00e9n Fern\u00e1ndez.<\/strong><\/p>\n<p><!--more--><\/p>\n<p>Por las carreteras francesas del Tour 2021 van a pedalear <strong><a href=\"https:\/\/www.procyclingstats.com\/nationrace\/es\/tour-de-france\/competing-riders\">17 ciclistas<\/a> espa\u00f1oles, la tercera naci\u00f3n m\u00e1s representada tras los 33 franceses y 22 belgas,<\/strong>\u00a0repartidos en hasta siete equipos diferentes. Movistar, una vez m\u00e1s, ser\u00e1 el que m\u00e1s ciclistas nacionales aporte, con siete (es el \u00fanico conjunto espa\u00f1ol en el World Tour). Le sigue Astan\u00e1, con tres. Despu\u00e9s est\u00e1n los Pello Bilbao (Bahrein), Jes\u00fas Herrada y Rub\u00e9n Fern\u00e1ndez (Cofidis), Castroviejo (Ineos), Carlos Barbero (Qhubeka), Victor De la Parte y Cristian Rodr\u00edguez (Total Energie).<\/p>\n<h4>ENRIC MAS, LA ESPERANZA PARA LA GENERAL<\/h4>\n<p>Los n\u00fameros de la temporada 2020 dicen que Enric Mas es un aspirante a la clasificaci\u00f3n general del Tour de Francia. Quinto el a\u00f1o pasado en la carrera francesa y mismo puesto en La Vuelta. Pero las sensaciones de ambas dejan entrever que est\u00e1 lejos de pelear con Roglic, Pogacar, Carapaz o Porte, quiz\u00e1s los tres grandes aspirantes.<\/p>\n<p>Ni en el Tour de 2020 ni en <a href=\"https:\/\/www.welovecycling.com\/es\/2020\/11\/11\/aprendido-la-vuelta-temporada-2020\/\">La Vuelta Enric Mas<\/a> estuvo realmente peleando por los primeros puestos de la general. Incluso el podio parec\u00eda algo lejano en ambas carreras. Si fue de menos a m\u00e1s y acab\u00f3 casi todas las etapas de monta\u00f1as con los primeros o muy cerca, pero sin tener ese punto de m\u00e1s que se necesita para sacar tiempo en los puertos.<\/p>\n<p>Eso s\u00ed, la evoluci\u00f3n de este 2021 ha sido m\u00e1s que positiva y en los \u00faltimos d\u00edas de Dauphine estuvo entre los mejores, incluso con fuerzas para atacar. Su gran problema se llama Miguel \u00c1ngel L\u00f3pez, que ha demostrado ser uno de los mejores escaladores y con el que comparte galones.<\/p>\n<h4>VALVERDE, IZAGIRRE, ARAMBURU, BILBAO, HERRADA&#8230; BUSCANDO LAS ETAPAS<\/h4>\n<p>Aunque a principios de temporada renunci\u00f3 a correr el Tour para preparar los Juegos Ol\u00edmpicos, <strong>Alejandro Valverde<\/strong> no ha podido resistirse a la Grande Boucle. Su buen estado de forma en <a href=\"https:\/\/www.welovecycling.com\/es\/2021\/04\/11\/itzulia-2021-roglic-cobra-a-pogacar-la-primera-venganza-del-tour\/\">Itzulia,<\/a> Lieja y Dauphine dejan bien claro que est\u00e1 como siempre, con opciones de pelear por las etapas y ayudar a Enric Mas y Miguel Angel L\u00f3pez. Ser\u00e1 el capit\u00e1n de ruta del Movistar y eso supone que tendr\u00e1 libertad para pr\u00e1cticamente hacer lo que quiera. Eso s\u00ed, con la nueva versi\u00f3n ofensiva del equipo habr\u00e1 espect\u00e1culo.<\/p>\n<figure style=\"width: 1000px\" class=\"wp-caption alignnone\"><img loading=\"lazy\" decoding=\"async\" class=\"size-extra-large\" src=\"https:\/\/img.aso.fr\/core_app\/img-cycling-cdd-jpg\/e6-vict-valverde\/5432\/0:0,1000:667-1000-0-70\/4ee5b\" alt=\"Alejandro Valverde. Dauphine 2021. Foto Dauphine.\" width=\"1000\" height=\"667\" \/><figcaption class=\"wp-caption-text\">Alejandro Valverde. Dauphine 2021. Foto Dauphine.<\/figcaption><\/figure>\n<p>La gran duda es c\u00f3mo va a afrontar la carrera <strong>Pello Bilbao.<\/strong> Liberado de trabajar para Mikel Landa, el Bahrein parece un equipo sin un l\u00edder claro (Wouter Poels no ha demostrada nada en los \u00faltimos meses). As\u00ed que Bilbao puede adoptar ese rol de jefe de filas y pelear por un Top 10 en la general, algo que ya ha conseguido en el Giro de Italia. Y si no le van bien las cosas siempre puede seguir con buscando etapas.<\/p>\n<p>Las opciones de <strong>Ion Izagirre<\/strong> de pelear por las etapas se ver\u00e1n condicionadas al rendimiento de Lutsenko y Fugslang. Es cierto que ninguno de los dos ha rendido en la general de una gran vuelta, pero tambi\u00e9n que ambos estuvieron peleando con los primeros en Dauphine y Vuelta a Suiza. Con libertad, Izagirre tiene opciones de &#8216;mojar&#8217; en cualquier etapa de alta o media monta\u00f1a.<\/p>\n<p>Algo m\u00e1s de libertad tendr\u00e1 <strong>Alex Aramburu<\/strong>. Su punta de velocidad es un aval en grupos reducidos y seguramente Astana no le har\u00e1 trabajar demasiado para aprovechar sus cualidades como llegador. Ya saben, una etapa en el Tour puede justificar una temporada y nadie ve a Lutsenko en el podio.<\/p>\n<figure style=\"width: 1000px\" class=\"wp-caption alignnone\"><img loading=\"lazy\" decoding=\"async\" src=\"https:\/\/img.aso.fr\/core_app\/img-cycling-cdd-jpg\/e8-astana\/5602\/0:0,1000:667-1000-0-70\/d1e0e\" alt=\"Astana, con hasta 4 espa\u00f1oles. Foto Dauphine\" width=\"1000\" height=\"667\" \/><figcaption class=\"wp-caption-text\">Astana, con hasta 4 espa\u00f1oles. Foto Dauphine<\/figcaption><\/figure>\n<p>La libertad de <a href=\"https:\/\/twitter.com\/jesushl90?ref_src=twsrc%5Egoogle%7Ctwcamp%5Eserp%7Ctwgr%5Eauthor\">Jes\u00fas Herrada en Cofidis<\/a> tambi\u00e9n estar\u00e1 supeditada al rendimiento de Guillaume Martin. El franc\u00e9s hizo un gran Tour 2020, aunque en Dauphine 2021 fall\u00f3 de forma estrepitosa. Si le dan alas el de Mota del Cuervo sabe filtrarse como nadie en las escapadas, sobre todos los d\u00edas de media monta\u00f1a. Ya firm\u00f3 un segundo puesto el a\u00f1o pasado y lleva tiempo rondando el triunfo de etapa. Tambi\u00e9n la tendr\u00e1n <strong>David de la Parte y Cristian Rodr\u00edguez<\/strong> (Total Direct Energie) en un equipo sin l\u00edderes claros, lo mismo que le sucede a <strong>Carlos Barbero<\/strong>, que debuta en el Tour en un Qhubeka que buscar\u00e1 victorias parciales.<\/p>\n<h4>GREGARIOS DE CALIDAD<\/h4>\n<p>Los l\u00edderes, sin gregarios&#8230; serian menos l\u00edderes. El trabajo del equipo es fundamental para que los ciclistas que se tienen que jugar la victoria (de etapa o en la general) lleguen frescos a los \u00faltimos kil\u00f3metros. Entre los <strong>ciclistas espa\u00f1oles en el Tour 2021<\/strong> que se dedican a estas misiones est\u00e1 <strong>Jonathan Castroviejo<\/strong> en el Ineos, quiz\u00e1s uno de los mejores gregarios del mundo. En el Giro fue clave para el triunfo de Egan Bernal y en el Tour volver\u00e1 a ser uno de los hombres clave para echar abajo las escapadas y poner ritmo al inicio de los puertos (y si le dejan tambi\u00e9n hasta que queden cinco kil\u00f3metros a meta).<\/p>\n<figure style=\"width: 1000px\" class=\"wp-caption alignnone\"><img loading=\"lazy\" decoding=\"async\" src=\"https:\/\/img.aso.fr\/core_app\/img-cycling-cdd-jpg\/e7-movistar-2\/5517\/0:0,1000:667-1000-0-70\/5827b\" alt=\"\" width=\"1000\" height=\"667\" \/><figcaption class=\"wp-caption-text\">Movistar Team en Dauphine. Foto Dauphine.<\/figcaption><\/figure>\n<p><strong>\u00a0<\/strong><\/p>\n<p>Para ayudar a <strong>Enric Mas y Alejandro Valverde<\/strong> el Movistar Team presenta una n\u00f3mina de gregarios espa\u00f1oles. Los <strong>Erviti, Verona, Arcas y Garc\u00eda Cortina<\/strong> son un seguro de vida. Tambi\u00e9n cuentan con la baza de <strong>Marc Soler,<\/strong> que despu\u00e9s de su ca\u00edda del Giro reapareci\u00f3 en Suiza y acude al Tour con el rol de gregario, aunque si le dan libertad siempre puede rascar un triunfo de etapa.<\/p>\n","protected":false},"excerpt":{"rendered":"<p>Las opciones de los ciclistas espa\u00f1oles en el Tour 2021 si miramos a la clasificaci\u00f3n general pasan indudablemente por Enric [&hellip;]<\/p>\n","protected":false},"author":29,"featured_media":7713,"comment_status":"open","ping_status":"open","sticky":false,"template":"","format":"standard","meta":{"footnotes":""},"categories":[7],"tags":[1941,2121],"global-categories":[1164],"class_list":["post-7711","post","type-post","status-publish","format-standard","has-post-thumbnail","hentry","category-carretera","tag-tour-2021","tag-tour-francia-2021","global-categories-cycling"],"yoast_head":"<!-- This site is optimized with the Yoast SEO Premium plugin v25.3 (Yoast SEO v25.9) - https:\/\/yoast.com\/wordpress\/plugins\/seo\/ -->\n<title>La general con Mas y a buscar etapas. Los espa\u00f1oles en el Tour 2021<\/title>\n<meta name=\"description\" content=\"La general con Mas y a buscar etapas. Los espa\u00f1oles en el Tour 2021. Hasta 15 ciclistas espa\u00f1oles participan en este Tour.\" \/>\n<meta name=\"robots\" content=\"index, follow, max-snippet:-1, max-image-preview:large, max-video-preview:-1\" \/>\n<link rel=\"canonical\" href=\"https:\/\/www.welovecycling.com\/es\/2021\/06\/24\/espanoles-en-el-tour-2021\/\" \/>\n<meta property=\"og:locale\" content=\"es_ES\" \/>\n<meta property=\"og:type\" content=\"article\" \/>\n<meta property=\"og:title\" content=\"La general con Mas y a buscar etapas. Las opciones espa\u00f1olas en el Tour 2021\" \/>\n<meta property=\"og:description\" content=\"La general con Mas y a buscar etapas. Los espa\u00f1oles en el Tour 2021. Hasta 15 ciclistas espa\u00f1oles participan en este Tour.\" \/>\n<meta property=\"og:url\" content=\"https:\/\/www.welovecycling.com\/es\/2021\/06\/24\/espanoles-en-el-tour-2021\/\" \/>\n<meta property=\"og:site_name\" content=\"\u0160koda We Love Cycling - Spain\" \/>\n<meta property=\"article:published_time\" content=\"2021-06-24T10:38:51+00:00\" \/>\n<meta property=\"og:image\" content=\"https:\/\/d2p6e6u75xmxt8.cloudfront.net\/6\/2021\/06\/Enric-Mas.jpg\" \/>\n\t<meta property=\"og:image:width\" content=\"1000\" \/>\n\t<meta property=\"og:image:height\" content=\"667\" \/>\n\t<meta property=\"og:image:type\" content=\"image\/jpeg\" \/>\n<meta name=\"author\" content=\"We Love Cycling Spain\" \/>\n<meta name=\"twitter:card\" content=\"summary_large_image\" \/>\n<meta name=\"twitter:title\" content=\"La general con Mas y a buscar etapas. Las opciones espa\u00f1olas en el Tour 2021\" \/>\n<meta name=\"twitter:description\" content=\"La general con Mas y a buscar etapas. Los espa\u00f1oles en el Tour 2021. Hasta 15 ciclistas espa\u00f1oles participan en este Tour.\" \/>\n<meta name=\"twitter:label1\" content=\"Written by\" \/>\n\t<meta name=\"twitter:data1\" content=\"Luis Ortega @ciclored\" \/>\n\t<meta name=\"twitter:label2\" content=\"Est. reading time\" \/>\n\t<meta name=\"twitter:data2\" content=\"5 minutes\" \/>\n<script type=\"application\/ld+json\" class=\"yoast-schema-graph\">{\"@context\":\"https:\/\/schema.org\",\"@graph\":[{\"@type\":\"WebPage\",\"@id\":\"https:\/\/www.welovecycling.com\/es\/2021\/06\/24\/espanoles-en-el-tour-2021\/\",\"url\":\"https:\/\/www.welovecycling.com\/es\/2021\/06\/24\/espanoles-en-el-tour-2021\/\",\"name\":\"La general con Mas y a buscar etapas. Los espa\u00f1oles en el Tour 2021\",\"isPartOf\":{\"@id\":\"https:\/\/www.welovecycling.com\/es\/#website\"},\"primaryImageOfPage\":{\"@id\":\"https:\/\/www.welovecycling.com\/es\/2021\/06\/24\/espanoles-en-el-tour-2021\/#primaryimage\"},\"image\":{\"@id\":\"https:\/\/www.welovecycling.com\/es\/2021\/06\/24\/espanoles-en-el-tour-2021\/#primaryimage\"},\"thumbnailUrl\":\"https:\/\/d2p6e6u75xmxt8.cloudfront.net\/6\/2021\/06\/Enric-Mas.jpg\",\"datePublished\":\"2021-06-24T10:38:51+00:00\",\"author\":{\"@id\":\"https:\/\/www.welovecycling.com\/es\/#\/schema\/person\/deb61715b5812698ee79fb96f343ccd4\"},\"description\":\"La general con Mas y a buscar etapas. Los espa\u00f1oles en el Tour 2021. Hasta 15 ciclistas espa\u00f1oles participan en este Tour.\",\"breadcrumb\":{\"@id\":\"https:\/\/www.welovecycling.com\/es\/2021\/06\/24\/espanoles-en-el-tour-2021\/#breadcrumb\"},\"inLanguage\":\"es-ES\",\"potentialAction\":[{\"@type\":\"ReadAction\",\"target\":[\"https:\/\/www.welovecycling.com\/es\/2021\/06\/24\/espanoles-en-el-tour-2021\/\"]}]},{\"@type\":\"ImageObject\",\"inLanguage\":\"es-ES\",\"@id\":\"https:\/\/www.welovecycling.com\/es\/2021\/06\/24\/espanoles-en-el-tour-2021\/#primaryimage\",\"url\":\"https:\/\/d2p6e6u75xmxt8.cloudfront.net\/6\/2021\/06\/Enric-Mas.jpg\",\"contentUrl\":\"https:\/\/d2p6e6u75xmxt8.cloudfront.net\/6\/2021\/06\/Enric-Mas.jpg\",\"width\":1000,\"height\":667},{\"@type\":\"BreadcrumbList\",\"@id\":\"https:\/\/www.welovecycling.com\/es\/2021\/06\/24\/espanoles-en-el-tour-2021\/#breadcrumb\",\"itemListElement\":[{\"@type\":\"ListItem\",\"position\":1,\"name\":\"Home\",\"item\":\"https:\/\/www.welovecycling.com\/es\/\"},{\"@type\":\"ListItem\",\"position\":2,\"name\":\"La general con Mas y a buscar etapas. Los espa\u00f1oles en el Tour 2021\"}]},{\"@type\":\"WebSite\",\"@id\":\"https:\/\/www.welovecycling.com\/es\/#website\",\"url\":\"https:\/\/www.welovecycling.com\/es\/\",\"name\":\"\u0160koda We Love Cycling - Spain\",\"description\":\"\u0160koda WeLoveCycling Spain\",\"potentialAction\":[{\"@type\":\"SearchAction\",\"target\":{\"@type\":\"EntryPoint\",\"urlTemplate\":\"https:\/\/www.welovecycling.com\/es\/?s={search_term_string}\"},\"query-input\":{\"@type\":\"PropertyValueSpecification\",\"valueRequired\":true,\"valueName\":\"search_term_string\"}}],\"inLanguage\":\"es-ES\"},{\"@type\":\"Person\",\"@id\":\"https:\/\/www.welovecycling.com\/es\/#\/schema\/person\/deb61715b5812698ee79fb96f343ccd4\",\"name\":\"We Love Cycling Spain\",\"image\":{\"@type\":\"ImageObject\",\"inLanguage\":\"es-ES\",\"@id\":\"https:\/\/www.welovecycling.com\/es\/#\/schema\/person\/image\/\",\"url\":\"https:\/\/secure.gravatar.com\/avatar\/c824b04e6df0e37a03219d0b6481672889df542894588964102459e46513159c?s=96&d=mm&r=g\",\"contentUrl\":\"https:\/\/secure.gravatar.com\/avatar\/c824b04e6df0e37a03219d0b6481672889df542894588964102459e46513159c?s=96&d=mm&r=g\",\"caption\":\"We Love Cycling Spain\"},\"url\":\"https:\/\/www.welovecycling.com\/es\/author\/amunoz\/\"}]}<\/script>\n<!-- \/ Yoast SEO Premium plugin. -->","yoast_head_json":{"title":"La general con Mas y a buscar etapas. Los espa\u00f1oles en el Tour 2021","description":"La general con Mas y a buscar etapas. Los espa\u00f1oles en el Tour 2021. Hasta 15 ciclistas espa\u00f1oles participan en este Tour.","robots":{"index":"index","follow":"follow","max-snippet":"max-snippet:-1","max-image-preview":"max-image-preview:large","max-video-preview":"max-video-preview:-1"},"canonical":"https:\/\/www.welovecycling.com\/es\/2021\/06\/24\/espanoles-en-el-tour-2021\/","og_locale":"es_ES","og_type":"article","og_title":"La general con Mas y a buscar etapas. Las opciones espa\u00f1olas en el Tour 2021","og_description":"La general con Mas y a buscar etapas. Los espa\u00f1oles en el Tour 2021. Hasta 15 ciclistas espa\u00f1oles participan en este Tour.","og_url":"https:\/\/www.welovecycling.com\/es\/2021\/06\/24\/espanoles-en-el-tour-2021\/","og_site_name":"\u0160koda We Love Cycling - Spain","article_published_time":"2021-06-24T10:38:51+00:00","og_image":[{"width":1000,"height":667,"url":"https:\/\/d2p6e6u75xmxt8.cloudfront.net\/6\/2021\/06\/Enric-Mas.jpg","type":"image\/jpeg"}],"author":"We Love Cycling Spain","twitter_card":"summary_large_image","twitter_title":"La general con Mas y a buscar etapas. Las opciones espa\u00f1olas en el Tour 2021","twitter_description":"La general con Mas y a buscar etapas. Los espa\u00f1oles en el Tour 2021. Hasta 15 ciclistas espa\u00f1oles participan en este Tour.","twitter_misc":{"Written by":"Luis Ortega @ciclored","Est. reading time":"5 minutes"},"schema":{"@context":"https:\/\/schema.org","@graph":[{"@type":"WebPage","@id":"https:\/\/www.welovecycling.com\/es\/2021\/06\/24\/espanoles-en-el-tour-2021\/","url":"https:\/\/www.welovecycling.com\/es\/2021\/06\/24\/espanoles-en-el-tour-2021\/","name":"La general con Mas y a buscar etapas. Los espa\u00f1oles en el Tour 2021","isPartOf":{"@id":"https:\/\/www.welovecycling.com\/es\/#website"},"primaryImageOfPage":{"@id":"https:\/\/www.welovecycling.com\/es\/2021\/06\/24\/espanoles-en-el-tour-2021\/#primaryimage"},"image":{"@id":"https:\/\/www.welovecycling.com\/es\/2021\/06\/24\/espanoles-en-el-tour-2021\/#primaryimage"},"thumbnailUrl":"https:\/\/d2p6e6u75xmxt8.cloudfront.net\/6\/2021\/06\/Enric-Mas.jpg","datePublished":"2021-06-24T10:38:51+00:00","author":{"@id":"https:\/\/www.welovecycling.com\/es\/#\/schema\/person\/deb61715b5812698ee79fb96f343ccd4"},"description":"La general con Mas y a buscar etapas. Los espa\u00f1oles en el Tour 2021. Hasta 15 ciclistas espa\u00f1oles participan en este Tour.","breadcrumb":{"@id":"https:\/\/www.welovecycling.com\/es\/2021\/06\/24\/espanoles-en-el-tour-2021\/#breadcrumb"},"inLanguage":"es-ES","potentialAction":[{"@type":"ReadAction","target":["https:\/\/www.welovecycling.com\/es\/2021\/06\/24\/espanoles-en-el-tour-2021\/"]}]},{"@type":"ImageObject","inLanguage":"es-ES","@id":"https:\/\/www.welovecycling.com\/es\/2021\/06\/24\/espanoles-en-el-tour-2021\/#primaryimage","url":"https:\/\/d2p6e6u75xmxt8.cloudfront.net\/6\/2021\/06\/Enric-Mas.jpg","contentUrl":"https:\/\/d2p6e6u75xmxt8.cloudfront.net\/6\/2021\/06\/Enric-Mas.jpg","width":1000,"height":667},{"@type":"BreadcrumbList","@id":"https:\/\/www.welovecycling.com\/es\/2021\/06\/24\/espanoles-en-el-tour-2021\/#breadcrumb","itemListElement":[{"@type":"ListItem","position":1,"name":"Home","item":"https:\/\/www.welovecycling.com\/es\/"},{"@type":"ListItem","position":2,"name":"La general con Mas y a buscar etapas. Los espa\u00f1oles en el Tour 2021"}]},{"@type":"WebSite","@id":"https:\/\/www.welovecycling.com\/es\/#website","url":"https:\/\/www.welovecycling.com\/es\/","name":"\u0160koda We Love Cycling - Spain","description":"\u0160koda WeLoveCycling Spain","potentialAction":[{"@type":"SearchAction","target":{"@type":"EntryPoint","urlTemplate":"https:\/\/www.welovecycling.com\/es\/?s={search_term_string}"},"query-input":{"@type":"PropertyValueSpecification","valueRequired":true,"valueName":"search_term_string"}}],"inLanguage":"es-ES"},{"@type":"Person","@id":"https:\/\/www.welovecycling.com\/es\/#\/schema\/person\/deb61715b5812698ee79fb96f343ccd4","name":"We Love Cycling Spain","image":{"@type":"ImageObject","inLanguage":"es-ES","@id":"https:\/\/www.welovecycling.com\/es\/#\/schema\/person\/image\/","url":"https:\/\/secure.gravatar.com\/avatar\/c824b04e6df0e37a03219d0b6481672889df542894588964102459e46513159c?s=96&d=mm&r=g","contentUrl":"https:\/\/secure.gravatar.com\/avatar\/c824b04e6df0e37a03219d0b6481672889df542894588964102459e46513159c?s=96&d=mm&r=g","caption":"We Love Cycling Spain"},"url":"https:\/\/www.welovecycling.com\/es\/author\/amunoz\/"}]}},"_links":{"self":[{"href":"https:\/\/www.welovecycling.com\/es\/wp-json\/wp\/v2\/posts\/7711","targetHints":{"allow":["GET"]}}],"collection":[{"href":"https:\/\/www.welovecycling.com\/es\/wp-json\/wp\/v2\/posts"}],"about":[{"href":"https:\/\/www.welovecycling.com\/es\/wp-json\/wp\/v2\/types\/post"}],"author":[{"embeddable":true,"href":"https:\/\/www.welovecycling.com\/es\/wp-json\/wp\/v2\/users\/29"}],"replies":[{"embeddable":true,"href":"https:\/\/www.welovecycling.com\/es\/wp-json\/wp\/v2\/comments?post=7711"}],"version-history":[{"count":2,"href":"https:\/\/www.welovecycling.com\/es\/wp-json\/wp\/v2\/posts\/7711\/revisions"}],"predecessor-version":[{"id":7737,"href":"https:\/\/www.welovecycling.com\/es\/wp-json\/wp\/v2\/posts\/7711\/revisions\/7737"}],"wp:featuredmedia":[{"embeddable":true,"href":"https:\/\/www.welovecycling.com\/es\/wp-json\/wp\/v2\/media\/7713"}],"wp:attachment":[{"href":"https:\/\/www.welovecycling.com\/es\/wp-json\/wp\/v2\/media?parent=7711"}],"wp:term":[{"taxonomy":"category","embeddable":true,"href":"https:\/\/www.welovecycling.com\/es\/wp-json\/wp\/v2\/categories?post=7711"},{"taxonomy":"post_tag","embeddable":true,"href":"https:\/\/www.welovecycling.com\/es\/wp-json\/wp\/v2\/tags?post=7711"},{"taxonomy":"global-categories","embeddable":true,"href":"https:\/\/www.welovecycling.com\/es\/wp-json\/wp\/v2\/global-categories?post=7711"}],"curies":[{"name":"wp","href":"https:\/\/api.w.org\/{rel}","templated":true}]}}