{"id":7615,"date":"2021-05-26T16:06:17","date_gmt":"2021-05-26T14:06:17","guid":{"rendered":"https:\/\/www.welovecycling.com\/es\/?p=7615"},"modified":"2021-05-27T13:28:22","modified_gmt":"2021-05-27T11:28:22","slug":"andalucia-bike-race-2021","status":"publish","type":"post","link":"https:\/\/www.welovecycling.com\/es\/2021\/05\/26\/andalucia-bike-race-2021\/","title":{"rendered":"Andaluc\u00eda Bike Race 2021. Categor\u00eda UCI bien merecida"},"content":{"rendered":"<p><strong>En 2020 la Andaluc\u00eda Bike Race fue de las \u00faltimas carreras que se pudieron disputar all\u00e1 por el mes de febrero, para este 2021 tuvieron que cambiar la fecha a mayo. M\u00e1s calor, pero tambi\u00e9n la seguridad de que se iba a disputar una prueba que adem\u00e1s estrenaba categor\u00eda UCI. Eso supon\u00eda que los mejores biker del mundo iban a estar en la l\u00ednea de salida de Ja\u00e9n&#8230; y as\u00ed fue. Una carrera de nivel Mundial.<\/strong><\/p>\n<p><!--more--><\/p>\n<p>No en vano la <a href=\"http:\/\/www.andaluciabikerace.com\/es\">ABR<\/a> (Andaluc\u00eda Bike Race) 2021 es junto a la <a href=\"https:\/\/www.welovecycling.com\/es\/2018\/03\/27\/cape-epic-2018\/\">Cape Epic<\/a> la \u00fanica prueba por etapas de la m\u00e1xima categor\u00eda de la UCI. Un premio para la organizaci\u00f3n, que reconoce su labor todos estos a\u00f1os de atr\u00e1s, y para los participantes, que compartieron paddock con el doble Campe\u00f3n de Europa de XCM y Campe\u00f3n del Mundo, <strong>Tiago Ferreira, <\/strong>Alban Lakata , <strong>Fabian Rabensteiner,<\/strong>\u00a0<strong>Michele Casagrande, el campe\u00f3n ol\u00edmpico en Londres Jaroslav Kulhav\u00fd\u00a0 y <\/strong>hasta siete campeones nacionales. Hans Becking, por los Pa\u00edses Bajos; Samuele Porro, por Italia;\u00a0Hildegunn Hovdenak, por \u00a0Noruega; Katazina Sosna, por Lituania o Peter Pruus, por Estonia.<\/p>\n<p>La otra gran novedad para los 500 participantes fue la vuelta a la competici\u00f3n por parejas. Para este 2021 solo hab\u00eda esa opci\u00f3n. Tanto para las categor\u00edas elite como master masculina y femenina y mixta. Y claro est\u00e1, los protocolos COVID para hacer segura la carrera. Los participantes tuvieron que pasar hasta 3 test de ant\u00edgenos para dar seguridad a todos.<\/p>\n<blockquote class=\"instagram-media\" style=\"background: #FFF; border: 0; border-radius: 3px; box-shadow: 0 0 1px 0 rgba(0,0,0,0.5),0 1px 10px 0 rgba(0,0,0,0.15); margin: 1px; max-width: 540px; min-width: 326px; padding: 0; width: calc(100% - 2px);\" data-instgrm-captioned=\"\" data-instgrm-permalink=\"https:\/\/www.instagram.com\/tv\/CPNVhkXoin5\/?utm_source=ig_embed&amp;utm_campaign=loading\" data-instgrm-version=\"13\">\n<div style=\"padding: 16px;\">\n<p>&nbsp;<\/p>\n<div style=\"display: flex; flex-direction: row; align-items: center;\">\n<div style=\"background-color: #f4f4f4; border-radius: 50%; flex-grow: 0; height: 40px; margin-right: 14px; width: 40px;\"><\/div>\n<div style=\"display: flex; flex-direction: column; flex-grow: 1; justify-content: center;\">\n<div style=\"background-color: #f4f4f4; border-radius: 4px; flex-grow: 0; height: 14px; margin-bottom: 6px; width: 100px;\"><\/div>\n<div style=\"background-color: #f4f4f4; border-radius: 4px; flex-grow: 0; height: 14px; width: 60px;\"><\/div>\n<\/div>\n<\/div>\n<div style=\"padding: 19% 0;\"><\/div>\n<div style=\"display: block; height: 50px; margin: 0 auto 12px; width: 50px;\"><\/div>\n<div style=\"padding-top: 8px;\">\n<div style=\"color: #3897f0; font-family: Arial,sans-serif; font-size: 14px; font-style: normal; font-weight: 550; line-height: 18px;\">Ver esta publicaci\u00f3n en Instagram<\/div>\n<\/div>\n<div style=\"padding: 12.5% 0;\"><\/div>\n<div style=\"display: flex; flex-direction: row; margin-bottom: 14px; align-items: center;\">\n<div>\n<div style=\"background-color: #f4f4f4; border-radius: 50%; height: 12.5px; width: 12.5px; transform: translateX(0px) translateY(7px);\"><\/div>\n<div style=\"background-color: #f4f4f4; height: 12.5px; transform: rotate(-45deg) translateX(3px) translateY(1px); width: 12.5px; flex-grow: 0; margin-right: 14px; margin-left: 2px;\"><\/div>\n<div style=\"background-color: #f4f4f4; border-radius: 50%; height: 12.5px; width: 12.5px; transform: translateX(9px) translateY(-18px);\"><\/div>\n<\/div>\n<div style=\"margin-left: 8px;\">\n<div style=\"background-color: #f4f4f4; border-radius: 50%; flex-grow: 0; height: 20px; width: 20px;\"><\/div>\n<div style=\"width: 0; height: 0; border-top: 2px solid transparent; border-left: 6px solid #f4f4f4; border-bottom: 2px solid transparent; transform: translateX(16px) translateY(-4px) rotate(30deg);\"><\/div>\n<\/div>\n<div style=\"margin-left: auto;\">\n<div style=\"width: 0px; border-top: 8px solid #F4F4F4; border-right: 8px solid transparent; transform: translateY(16px);\"><\/div>\n<div style=\"background-color: #f4f4f4; flex-grow: 0; height: 12px; width: 16px; transform: translateY(-4px);\"><\/div>\n<div style=\"width: 0; height: 0; border-top: 8px solid #F4F4F4; border-left: 8px solid transparent; transform: translateY(-4px) translateX(8px);\"><\/div>\n<\/div>\n<\/div>\n<div style=\"display: flex; flex-direction: column; flex-grow: 1; justify-content: center; margin-bottom: 24px;\">\n<div style=\"background-color: #f4f4f4; border-radius: 4px; flex-grow: 0; height: 14px; margin-bottom: 6px; width: 224px;\"><\/div>\n<div style=\"background-color: #f4f4f4; border-radius: 4px; flex-grow: 0; height: 14px; width: 144px;\"><\/div>\n<\/div>\n<p>&nbsp;<\/p>\n<p style=\"color: #c9c8cd; font-family: Arial,sans-serif; font-size: 14px; line-height: 17px; margin-bottom: 0; margin-top: 8px; overflow: hidden; padding: 8px 0 7px; text-align: center; text-overflow: ellipsis; white-space: nowrap;\"><a style=\"color: #c9c8cd; font-family: Arial,sans-serif; font-size: 14px; font-style: normal; font-weight: normal; line-height: 17px; text-decoration: none;\" href=\"https:\/\/www.instagram.com\/tv\/CPNVhkXoin5\/?utm_source=ig_embed&amp;utm_campaign=loading\" target=\"_blank\" rel=\"noopener\">Una publicaci\u00f3n compartida de S\u030cKODA We Love Cycling Spain (@skoda_welovecycling_es)<\/a><\/p>\n<\/div>\n<\/blockquote>\n<p><script async src=\"\/\/www.instagram.com\/embed.js\"><\/script><br \/>\nPara una edici\u00f3n tan especial, que volv\u00eda a contar con \u0160koda como <a href=\"http:\/\/www.andaluciabikerace.com\/es\/noticias\/294\/koda-vehculo-oficial-de-andaluca-bike-race-by-garmin-\">veh\u00edculo oficial,<\/a> la organizaci\u00f3n prepar\u00f3 un recorrido de 365 kil\u00f3metros y casi 12.000 metros de desnivel divididos en seis etapas. Las tres primeras en Jaen y las tres \u00faltimas en C\u00f3rdoba. Y para competir el Team \u0160koda We love Cycling iba con dos parejas, en Master Femenino <a href=\"https:\/\/www.instagram.com\/misha_sekulova\/\">Misha Sekulova<\/a> y <a href=\"https:\/\/www.instagram.com\/vrsn91\/\">Vanessa Serrano,<\/a>\u00a0en Master 30 Masculino Iker Suberviola y <a href=\"https:\/\/www.instagram.com\/d_lopez91\/\">Diego Lopez <\/a> y en Elite <a href=\"https:\/\/www.instagram.com\/jorgelamiel\/\">Jorge Lamiel,<\/a> que compart\u00eda equipo con el Soria Puro Ox\u00edgeno.<\/p>\n<h2><strong>3 etapas en Ja\u00e9n<\/strong><\/h2>\n<p>La carrera empez\u00f3 el lunes 17 de mayo con una contrarreloj, la llamada FLASH STAGE, on 24,55 kil\u00f3metros y 870 metros de desnivel. El dise\u00f1o, sencillo, subida y bajada al Neveral para crear las primeras diferencias e ir poniendo a punto a las piernas para lo que ven\u00eda por delante.<\/p>\n<blockquote class=\"instagram-media\" style=\"background: #FFF; border: 0; border-radius: 3px; box-shadow: 0 0 1px 0 rgba(0,0,0,0.5),0 1px 10px 0 rgba(0,0,0,0.15); margin: 1px; max-width: 540px; min-width: 326px; padding: 0; width: calc(100% - 2px);\" data-instgrm-captioned=\"\" data-instgrm-permalink=\"https:\/\/www.instagram.com\/p\/CPLfa9sMITH\/?utm_source=ig_embed&amp;utm_campaign=loading\" data-instgrm-version=\"13\">\n<div style=\"padding: 16px;\">\n<p>&nbsp;<\/p>\n<div style=\"display: flex; flex-direction: row; align-items: center;\">\n<div style=\"background-color: #f4f4f4; border-radius: 50%; flex-grow: 0; height: 40px; margin-right: 14px; width: 40px;\"><\/div>\n<div style=\"display: flex; flex-direction: column; flex-grow: 1; justify-content: center;\">\n<div style=\"background-color: #f4f4f4; border-radius: 4px; flex-grow: 0; height: 14px; margin-bottom: 6px; width: 100px;\"><\/div>\n<div style=\"background-color: #f4f4f4; border-radius: 4px; flex-grow: 0; height: 14px; width: 60px;\"><\/div>\n<\/div>\n<\/div>\n<div style=\"padding: 19% 0;\"><\/div>\n<div style=\"display: block; height: 50px; margin: 0 auto 12px; width: 50px;\"><\/div>\n<div style=\"padding-top: 8px;\">\n<div style=\"color: #3897f0; font-family: Arial,sans-serif; font-size: 14px; font-style: normal; font-weight: 550; line-height: 18px;\">Ver esta publicaci\u00f3n en Instagram<\/div>\n<\/div>\n<div style=\"padding: 12.5% 0;\"><\/div>\n<div style=\"display: flex; flex-direction: row; margin-bottom: 14px; align-items: center;\">\n<div>\n<div style=\"background-color: #f4f4f4; border-radius: 50%; height: 12.5px; width: 12.5px; transform: translateX(0px) translateY(7px);\"><\/div>\n<div style=\"background-color: #f4f4f4; height: 12.5px; transform: rotate(-45deg) translateX(3px) translateY(1px); width: 12.5px; flex-grow: 0; margin-right: 14px; margin-left: 2px;\"><\/div>\n<div style=\"background-color: #f4f4f4; border-radius: 50%; height: 12.5px; width: 12.5px; transform: translateX(9px) translateY(-18px);\"><\/div>\n<\/div>\n<div style=\"margin-left: 8px;\">\n<div style=\"background-color: #f4f4f4; border-radius: 50%; flex-grow: 0; height: 20px; width: 20px;\"><\/div>\n<div style=\"width: 0; height: 0; border-top: 2px solid transparent; border-left: 6px solid #f4f4f4; border-bottom: 2px solid transparent; transform: translateX(16px) translateY(-4px) rotate(30deg);\"><\/div>\n<\/div>\n<div style=\"margin-left: auto;\">\n<div style=\"width: 0px; border-top: 8px solid #F4F4F4; border-right: 8px solid transparent; transform: translateY(16px);\"><\/div>\n<div style=\"background-color: #f4f4f4; flex-grow: 0; height: 12px; width: 16px; transform: translateY(-4px);\"><\/div>\n<div style=\"width: 0; height: 0; border-top: 8px solid #F4F4F4; border-left: 8px solid transparent; transform: translateY(-4px) translateX(8px);\"><\/div>\n<\/div>\n<\/div>\n<div style=\"display: flex; flex-direction: column; flex-grow: 1; justify-content: center; margin-bottom: 24px;\">\n<div style=\"background-color: #f4f4f4; border-radius: 4px; flex-grow: 0; height: 14px; margin-bottom: 6px; width: 224px;\"><\/div>\n<div style=\"background-color: #f4f4f4; border-radius: 4px; flex-grow: 0; height: 14px; width: 144px;\"><\/div>\n<\/div>\n<p>&nbsp;<\/p>\n<p style=\"color: #c9c8cd; font-family: Arial,sans-serif; font-size: 14px; line-height: 17px; margin-bottom: 0; margin-top: 8px; overflow: hidden; padding: 8px 0 7px; text-align: center; text-overflow: ellipsis; white-space: nowrap;\"><a style=\"color: #c9c8cd; font-family: Arial,sans-serif; font-size: 14px; font-style: normal; font-weight: normal; line-height: 17px; text-decoration: none;\" href=\"https:\/\/www.instagram.com\/p\/CPLfa9sMITH\/?utm_source=ig_embed&amp;utm_campaign=loading\" target=\"_blank\" rel=\"noopener\">Una publicaci\u00f3n compartida de S\u030cKODA We Love Cycling Spain (@skoda_welovecycling_es)<\/a><\/p>\n<\/div>\n<\/blockquote>\n<p><script async src=\"\/\/www.instagram.com\/embed.js\"><\/script><br \/>\nEl asunto se complicaba al d\u00eda siguiente en el Embalse de Quiebrajano. 62 kil\u00f3metros, ni un cent\u00edmetro llano, 2.250 metros de desnivel y terreno t\u00e9cnico con trialeras. Sirvi\u00f3 para que Iker y Diego acabar\u00e1n en la und\u00e9cima posici\u00f3n y subieran puestos en la general y para que Jorge Lamiel finalizara el 36 en la etapa en categor\u00eda UCI dos puestos por delante del Orbea Factory Team de Purito Rodr\u00edguez.<\/p>\n<p>La \u00faltima etapa en Ja\u00e9n daba una vuelta de tuerca m\u00e1s. 71 kil\u00f3metros y casi 3.000 metros de desnivel por terreno t\u00e9cnico y con vistas espectaculares. Se llegaba al punto m\u00e1s alto de est\u00e1 edici\u00f3n, a 1.500 metros de altitud, para luego bajar hasta Ja\u00e9n.\u00a0 En las clasificaciones, continuidad para Iker y Diego y mejor a de puestos para Jorge Lamiel.<\/p>\n<blockquote class=\"instagram-media\" style=\"background: #FFF; border: 0; border-radius: 3px; box-shadow: 0 0 1px 0 rgba(0,0,0,0.5),0 1px 10px 0 rgba(0,0,0,0.15); margin: 1px; max-width: 540px; min-width: 326px; padding: 0; width: calc(100% - 2px);\" data-instgrm-captioned=\"\" data-instgrm-permalink=\"https:\/\/www.instagram.com\/p\/CPBkLmrgA2h\/?utm_source=ig_embed&amp;utm_campaign=loading\" data-instgrm-version=\"13\">\n<div style=\"padding: 16px;\">\n<p>&nbsp;<\/p>\n<div style=\"display: flex; flex-direction: row; align-items: center;\">\n<div style=\"background-color: #f4f4f4; border-radius: 50%; flex-grow: 0; height: 40px; margin-right: 14px; width: 40px;\"><\/div>\n<div style=\"display: flex; flex-direction: column; flex-grow: 1; justify-content: center;\">\n<div style=\"background-color: #f4f4f4; border-radius: 4px; flex-grow: 0; height: 14px; margin-bottom: 6px; width: 100px;\"><\/div>\n<div style=\"background-color: #f4f4f4; border-radius: 4px; flex-grow: 0; height: 14px; width: 60px;\"><\/div>\n<\/div>\n<\/div>\n<div style=\"padding: 19% 0;\"><\/div>\n<div style=\"display: block; height: 50px; margin: 0 auto 12px; width: 50px;\"><\/div>\n<div style=\"padding-top: 8px;\">\n<div style=\"color: #3897f0; font-family: Arial,sans-serif; font-size: 14px; font-style: normal; font-weight: 550; line-height: 18px;\">Ver esta publicaci\u00f3n en Instagram<\/div>\n<\/div>\n<div style=\"padding: 12.5% 0;\"><\/div>\n<div style=\"display: flex; flex-direction: row; margin-bottom: 14px; align-items: center;\">\n<div>\n<div style=\"background-color: #f4f4f4; border-radius: 50%; height: 12.5px; width: 12.5px; transform: translateX(0px) translateY(7px);\"><\/div>\n<div style=\"background-color: #f4f4f4; height: 12.5px; transform: rotate(-45deg) translateX(3px) translateY(1px); width: 12.5px; flex-grow: 0; margin-right: 14px; margin-left: 2px;\"><\/div>\n<div style=\"background-color: #f4f4f4; border-radius: 50%; height: 12.5px; width: 12.5px; transform: translateX(9px) translateY(-18px);\"><\/div>\n<\/div>\n<div style=\"margin-left: 8px;\">\n<div style=\"background-color: #f4f4f4; border-radius: 50%; flex-grow: 0; height: 20px; width: 20px;\"><\/div>\n<div style=\"width: 0; height: 0; border-top: 2px solid transparent; border-left: 6px solid #f4f4f4; border-bottom: 2px solid transparent; transform: translateX(16px) translateY(-4px) rotate(30deg);\"><\/div>\n<\/div>\n<div style=\"margin-left: auto;\">\n<div style=\"width: 0px; border-top: 8px solid #F4F4F4; border-right: 8px solid transparent; transform: translateY(16px);\"><\/div>\n<div style=\"background-color: #f4f4f4; flex-grow: 0; height: 12px; width: 16px; transform: translateY(-4px);\"><\/div>\n<div style=\"width: 0; height: 0; border-top: 8px solid #F4F4F4; border-left: 8px solid transparent; transform: translateY(-4px) translateX(8px);\"><\/div>\n<\/div>\n<\/div>\n<div style=\"display: flex; flex-direction: column; flex-grow: 1; justify-content: center; margin-bottom: 24px;\">\n<div style=\"background-color: #f4f4f4; border-radius: 4px; flex-grow: 0; height: 14px; margin-bottom: 6px; width: 224px;\"><\/div>\n<div style=\"background-color: #f4f4f4; border-radius: 4px; flex-grow: 0; height: 14px; width: 144px;\"><\/div>\n<\/div>\n<p>&nbsp;<\/p>\n<p style=\"color: #c9c8cd; font-family: Arial,sans-serif; font-size: 14px; line-height: 17px; margin-bottom: 0; margin-top: 8px; overflow: hidden; padding: 8px 0 7px; text-align: center; text-overflow: ellipsis; white-space: nowrap;\"><a style=\"color: #c9c8cd; font-family: Arial,sans-serif; font-size: 14px; font-style: normal; font-weight: normal; line-height: 17px; text-decoration: none;\" href=\"https:\/\/www.instagram.com\/p\/CPBkLmrgA2h\/?utm_source=ig_embed&amp;utm_campaign=loading\" target=\"_blank\" rel=\"noopener\">Una publicaci\u00f3n compartida de \ud835\udcdc\ud835\udcf2\ud835\udcfc\ud835\udcf1\ud835\udcea\ud83d\udc69\ud83c\udffc\u200d\ud83c\udfeb\ud83e\uddb7\ud83d\udeb4\ud83c\udffc\u200d\u2640\ufe0f (@misha_sekulova)<\/a><\/p>\n<\/div>\n<\/blockquote>\n<p><script async src=\"\/\/www.instagram.com\/embed.js\"><\/script><\/p>\n<h2><strong>Tres jornadas en C\u00f3rdoba<\/strong><\/h2>\n<p>Como suele ser habitual en la Andalucia Bike Race hubo cambio de sede y las tres \u00faltimas etapas salieron de C\u00f3rdoba. El jueves 20 de mayo la cuarta etapa recuperaba la subida al Arroyo de La Gitana. Un terreno duro y complicado que hizo la etapa m\u00e1s dif\u00edcil de lo que dec\u00edan los<strong> 64 kil\u00f3metros y 1.400 metros de desnive<\/strong>l.<\/p>\n<p>A\u00fan as\u00ed solo iba a ser la antesala de la aut\u00e9ntica etapa reina. Una marathon de <strong>76 kil\u00f3metros y 2.200 metros<\/strong> de desnivel con la subida al Revent\u00f3n y que sirvi\u00f3 para que la pareja de Iker y Diego se mantuviese entre los 15 primeros de Master 30, mientras que Diego Lamiel aseguraba el Top 30 en Elite.<\/p>\n<blockquote class=\"instagram-media\" style=\"background: #FFF; border: 0; border-radius: 3px; box-shadow: 0 0 1px 0 rgba(0,0,0,0.5),0 1px 10px 0 rgba(0,0,0,0.15); margin: 1px; max-width: 540px; min-width: 326px; padding: 0; width: calc(100% - 2px);\" data-instgrm-captioned=\"\" data-instgrm-permalink=\"https:\/\/www.instagram.com\/p\/CPJOPAbn7Sa\/?utm_source=ig_embed&amp;utm_campaign=loading\" data-instgrm-version=\"13\">\n<div style=\"padding: 16px;\">\n<p>&nbsp;<\/p>\n<div style=\"display: flex; flex-direction: row; align-items: center;\">\n<div style=\"background-color: #f4f4f4; border-radius: 50%; flex-grow: 0; height: 40px; margin-right: 14px; width: 40px;\"><\/div>\n<div style=\"display: flex; flex-direction: column; flex-grow: 1; justify-content: center;\">\n<div style=\"background-color: #f4f4f4; border-radius: 4px; flex-grow: 0; height: 14px; margin-bottom: 6px; width: 100px;\"><\/div>\n<div style=\"background-color: #f4f4f4; border-radius: 4px; flex-grow: 0; height: 14px; width: 60px;\"><\/div>\n<\/div>\n<\/div>\n<div style=\"padding: 19% 0;\"><\/div>\n<div style=\"display: block; height: 50px; margin: 0 auto 12px; width: 50px;\"><\/div>\n<div style=\"padding-top: 8px;\">\n<div style=\"color: #3897f0; font-family: Arial,sans-serif; font-size: 14px; font-style: normal; font-weight: 550; line-height: 18px;\">Ver esta publicaci\u00f3n en Instagram<\/div>\n<\/div>\n<div style=\"padding: 12.5% 0;\"><\/div>\n<div style=\"display: flex; flex-direction: row; margin-bottom: 14px; align-items: center;\">\n<div>\n<div style=\"background-color: #f4f4f4; border-radius: 50%; height: 12.5px; width: 12.5px; transform: translateX(0px) translateY(7px);\"><\/div>\n<div style=\"background-color: #f4f4f4; height: 12.5px; transform: rotate(-45deg) translateX(3px) translateY(1px); width: 12.5px; flex-grow: 0; margin-right: 14px; margin-left: 2px;\"><\/div>\n<div style=\"background-color: #f4f4f4; border-radius: 50%; height: 12.5px; width: 12.5px; transform: translateX(9px) translateY(-18px);\"><\/div>\n<\/div>\n<div style=\"margin-left: 8px;\">\n<div style=\"background-color: #f4f4f4; border-radius: 50%; flex-grow: 0; height: 20px; width: 20px;\"><\/div>\n<div style=\"width: 0; height: 0; border-top: 2px solid transparent; border-left: 6px solid #f4f4f4; border-bottom: 2px solid transparent; transform: translateX(16px) translateY(-4px) rotate(30deg);\"><\/div>\n<\/div>\n<div style=\"margin-left: auto;\">\n<div style=\"width: 0px; border-top: 8px solid #F4F4F4; border-right: 8px solid transparent; transform: translateY(16px);\"><\/div>\n<div style=\"background-color: #f4f4f4; flex-grow: 0; height: 12px; width: 16px; transform: translateY(-4px);\"><\/div>\n<div style=\"width: 0; height: 0; border-top: 8px solid #F4F4F4; border-left: 8px solid transparent; transform: translateY(-4px) translateX(8px);\"><\/div>\n<\/div>\n<\/div>\n<div style=\"display: flex; flex-direction: column; flex-grow: 1; justify-content: center; margin-bottom: 24px;\">\n<div style=\"background-color: #f4f4f4; border-radius: 4px; flex-grow: 0; height: 14px; margin-bottom: 6px; width: 224px;\"><\/div>\n<div style=\"background-color: #f4f4f4; border-radius: 4px; flex-grow: 0; height: 14px; width: 144px;\"><\/div>\n<\/div>\n<p>&nbsp;<\/p>\n<p style=\"color: #c9c8cd; font-family: Arial,sans-serif; font-size: 14px; line-height: 17px; margin-bottom: 0; margin-top: 8px; overflow: hidden; padding: 8px 0 7px; text-align: center; text-overflow: ellipsis; white-space: nowrap;\"><a style=\"color: #c9c8cd; font-family: Arial,sans-serif; font-size: 14px; font-style: normal; font-weight: normal; line-height: 17px; text-decoration: none;\" href=\"https:\/\/www.instagram.com\/p\/CPJOPAbn7Sa\/?utm_source=ig_embed&amp;utm_campaign=loading\" target=\"_blank\" rel=\"noopener\">Una publicaci\u00f3n compartida de Jorge Lamiel R. (@jorgelamiel)<\/a><\/p>\n<\/div>\n<\/blockquote>\n<p><script async src=\"\/\/www.instagram.com\/embed.js\"><\/script><\/p>\n<p>La ABR 2021 termin\u00f3 con una etapa <strong>finisher de 40 kil\u00f3metros y 1.200 metros de desnivel,<\/strong> que la organizacion hab\u00eda dise\u00f1ado como la m\u00e1s sencilla de toda la edici\u00f3n. Es \u00faltima jornada fue la peor para Iker y Diego, un vig\u00e9simo segundo puesto que les impidi\u00f3 luchar por el Top Ten, al final decimosegundos en la general de M\u00e1ster 30. Mientras que Jorge Lamiel consigui\u00f3 acabar entre las 30 primeras parejas de categor\u00eda Elite.<\/p>\n<p><strong>Simon Schneller y Urs Huber<\/strong> se llevaron la victoria final de Andaluc\u00eda Bike Race by Garmin tras una semana de dominio imponente.\u00a0 Segundos acabaron <strong>Jos\u00e9 Dias y Hans Becking <\/strong>y terceros <strong>\u00a0Martin Frey y Simon Stiebjahn<\/strong>.<\/p>\n<p>En categor\u00eda femenina, general fue para <strong>Janine Schneider y Hidegunn Hovdenak<\/strong>, segundas han acabado\u00a0<strong>Irina Lutzelschwab y Jennie Stenerhag<\/strong>, y terceras\u00a0<strong>Bettina Janas y Estelle Morel.<\/strong><\/p>\n","protected":false},"excerpt":{"rendered":"<p>En 2020 la Andaluc\u00eda Bike Race fue de las \u00faltimas carreras que se pudieron disputar all\u00e1 por el mes de [&hellip;]<\/p>\n","protected":false},"author":29,"featured_media":7622,"comment_status":"open","ping_status":"open","sticky":false,"template":"","format":"standard","meta":{"footnotes":""},"categories":[9],"tags":[],"global-categories":[1164],"class_list":["post-7615","post","type-post","status-publish","format-standard","has-post-thumbnail","hentry","category-mtb-aventura","global-categories-cycling"],"yoast_head":"<!-- This site is optimized with the Yoast SEO Premium plugin v25.3 (Yoast SEO v25.9) - https:\/\/yoast.com\/wordpress\/plugins\/seo\/ -->\n<title>Andaluc\u00eda Bike Race 2021. Categor\u00eda UCI bien merecida -<\/title>\n<meta name=\"description\" content=\"La Andalucia Bike Race 2021 estren\u00f3 categor\u00eda Uci y cumpli\u00f3 con lo esperado. La cr\u00f3nica de los equipos SKODA en la ABR 2021.\" \/>\n<meta name=\"robots\" content=\"index, follow, max-snippet:-1, max-image-preview:large, max-video-preview:-1\" \/>\n<link rel=\"canonical\" href=\"https:\/\/www.welovecycling.com\/es\/2021\/05\/26\/andalucia-bike-race-2021\/\" \/>\n<meta property=\"og:locale\" content=\"es_ES\" \/>\n<meta property=\"og:type\" content=\"article\" \/>\n<meta property=\"og:title\" content=\"Andaluc\u00eda Bike Race 2021. Categor\u00eda UCI bien merecida\" \/>\n<meta property=\"og:description\" content=\"La Andalucia Bike Race 2021 estren\u00f3 categor\u00eda Uci y cumpli\u00f3 con lo esperado. La cr\u00f3nica de los equipos SKODA en la ABR 2021.\" \/>\n<meta property=\"og:url\" content=\"https:\/\/www.welovecycling.com\/es\/2021\/05\/26\/andalucia-bike-race-2021\/\" \/>\n<meta property=\"og:site_name\" content=\"\u0160koda We Love Cycling - Spain\" \/>\n<meta property=\"article:published_time\" content=\"2021-05-26T14:06:17+00:00\" \/>\n<meta property=\"article:modified_time\" content=\"2021-05-27T11:28:22+00:00\" \/>\n<meta property=\"og:image\" content=\"https:\/\/d2p6e6u75xmxt8.cloudfront.net\/6\/2021\/05\/6870_S3APPLS2_00071.JPG-scaled.jpg\" \/>\n\t<meta property=\"og:image:width\" content=\"2560\" \/>\n\t<meta property=\"og:image:height\" content=\"1707\" \/>\n\t<meta property=\"og:image:type\" content=\"image\/jpeg\" \/>\n<meta name=\"author\" content=\"We Love Cycling Spain\" \/>\n<meta name=\"twitter:card\" content=\"summary_large_image\" \/>\n<meta name=\"twitter:title\" content=\"Andaluc\u00eda Bike Race 2021. Categor\u00eda UCI bien merecida\" \/>\n<meta name=\"twitter:description\" content=\"La Andalucia Bike Race 2021 estren\u00f3 categor\u00eda Uci y cumpli\u00f3 con lo esperado. La cr\u00f3nica de los equipos SKODA en la ABR 2021.\" \/>\n<meta name=\"twitter:label1\" content=\"Written by\" \/>\n\t<meta name=\"twitter:data1\" content=\"Luis Ortega @Ciclored\" \/>\n\t<meta name=\"twitter:label2\" content=\"Est. reading time\" \/>\n\t<meta name=\"twitter:data2\" content=\"4 minutes\" \/>\n<script type=\"application\/ld+json\" class=\"yoast-schema-graph\">{\"@context\":\"https:\/\/schema.org\",\"@graph\":[{\"@type\":\"WebPage\",\"@id\":\"https:\/\/www.welovecycling.com\/es\/2021\/05\/26\/andalucia-bike-race-2021\/\",\"url\":\"https:\/\/www.welovecycling.com\/es\/2021\/05\/26\/andalucia-bike-race-2021\/\",\"name\":\"Andaluc\u00eda Bike Race 2021. Categor\u00eda UCI bien merecida -\",\"isPartOf\":{\"@id\":\"https:\/\/www.welovecycling.com\/es\/#website\"},\"primaryImageOfPage\":{\"@id\":\"https:\/\/www.welovecycling.com\/es\/2021\/05\/26\/andalucia-bike-race-2021\/#primaryimage\"},\"image\":{\"@id\":\"https:\/\/www.welovecycling.com\/es\/2021\/05\/26\/andalucia-bike-race-2021\/#primaryimage\"},\"thumbnailUrl\":\"https:\/\/d2p6e6u75xmxt8.cloudfront.net\/6\/2021\/05\/6870_S3APPLS2_00071.JPG-scaled.jpg\",\"datePublished\":\"2021-05-26T14:06:17+00:00\",\"dateModified\":\"2021-05-27T11:28:22+00:00\",\"author\":{\"@id\":\"https:\/\/www.welovecycling.com\/es\/#\/schema\/person\/deb61715b5812698ee79fb96f343ccd4\"},\"description\":\"La Andalucia Bike Race 2021 estren\u00f3 categor\u00eda Uci y cumpli\u00f3 con lo esperado. La cr\u00f3nica de los equipos SKODA en la ABR 2021.\",\"breadcrumb\":{\"@id\":\"https:\/\/www.welovecycling.com\/es\/2021\/05\/26\/andalucia-bike-race-2021\/#breadcrumb\"},\"inLanguage\":\"es-ES\",\"potentialAction\":[{\"@type\":\"ReadAction\",\"target\":[\"https:\/\/www.welovecycling.com\/es\/2021\/05\/26\/andalucia-bike-race-2021\/\"]}]},{\"@type\":\"ImageObject\",\"inLanguage\":\"es-ES\",\"@id\":\"https:\/\/www.welovecycling.com\/es\/2021\/05\/26\/andalucia-bike-race-2021\/#primaryimage\",\"url\":\"https:\/\/d2p6e6u75xmxt8.cloudfront.net\/6\/2021\/05\/6870_S3APPLS2_00071.JPG-scaled.jpg\",\"contentUrl\":\"https:\/\/d2p6e6u75xmxt8.cloudfront.net\/6\/2021\/05\/6870_S3APPLS2_00071.JPG-scaled.jpg\",\"width\":2560,\"height\":1707},{\"@type\":\"BreadcrumbList\",\"@id\":\"https:\/\/www.welovecycling.com\/es\/2021\/05\/26\/andalucia-bike-race-2021\/#breadcrumb\",\"itemListElement\":[{\"@type\":\"ListItem\",\"position\":1,\"name\":\"Home\",\"item\":\"https:\/\/www.welovecycling.com\/es\/\"},{\"@type\":\"ListItem\",\"position\":2,\"name\":\"Andaluc\u00eda Bike Race 2021. Categor\u00eda UCI bien merecida\"}]},{\"@type\":\"WebSite\",\"@id\":\"https:\/\/www.welovecycling.com\/es\/#website\",\"url\":\"https:\/\/www.welovecycling.com\/es\/\",\"name\":\"\u0160koda We Love Cycling - Spain\",\"description\":\"\u0160koda WeLoveCycling Spain\",\"potentialAction\":[{\"@type\":\"SearchAction\",\"target\":{\"@type\":\"EntryPoint\",\"urlTemplate\":\"https:\/\/www.welovecycling.com\/es\/?s={search_term_string}\"},\"query-input\":{\"@type\":\"PropertyValueSpecification\",\"valueRequired\":true,\"valueName\":\"search_term_string\"}}],\"inLanguage\":\"es-ES\"},{\"@type\":\"Person\",\"@id\":\"https:\/\/www.welovecycling.com\/es\/#\/schema\/person\/deb61715b5812698ee79fb96f343ccd4\",\"name\":\"We Love Cycling Spain\",\"image\":{\"@type\":\"ImageObject\",\"inLanguage\":\"es-ES\",\"@id\":\"https:\/\/www.welovecycling.com\/es\/#\/schema\/person\/image\/\",\"url\":\"https:\/\/secure.gravatar.com\/avatar\/c824b04e6df0e37a03219d0b6481672889df542894588964102459e46513159c?s=96&d=mm&r=g\",\"contentUrl\":\"https:\/\/secure.gravatar.com\/avatar\/c824b04e6df0e37a03219d0b6481672889df542894588964102459e46513159c?s=96&d=mm&r=g\",\"caption\":\"We Love Cycling Spain\"},\"url\":\"https:\/\/www.welovecycling.com\/es\/author\/amunoz\/\"}]}<\/script>\n<!-- \/ Yoast SEO Premium plugin. -->","yoast_head_json":{"title":"Andaluc\u00eda Bike Race 2021. Categor\u00eda UCI bien merecida -","description":"La Andalucia Bike Race 2021 estren\u00f3 categor\u00eda Uci y cumpli\u00f3 con lo esperado. La cr\u00f3nica de los equipos SKODA en la ABR 2021.","robots":{"index":"index","follow":"follow","max-snippet":"max-snippet:-1","max-image-preview":"max-image-preview:large","max-video-preview":"max-video-preview:-1"},"canonical":"https:\/\/www.welovecycling.com\/es\/2021\/05\/26\/andalucia-bike-race-2021\/","og_locale":"es_ES","og_type":"article","og_title":"Andaluc\u00eda Bike Race 2021. Categor\u00eda UCI bien merecida","og_description":"La Andalucia Bike Race 2021 estren\u00f3 categor\u00eda Uci y cumpli\u00f3 con lo esperado. La cr\u00f3nica de los equipos SKODA en la ABR 2021.","og_url":"https:\/\/www.welovecycling.com\/es\/2021\/05\/26\/andalucia-bike-race-2021\/","og_site_name":"\u0160koda We Love Cycling - Spain","article_published_time":"2021-05-26T14:06:17+00:00","article_modified_time":"2021-05-27T11:28:22+00:00","og_image":[{"width":2560,"height":1707,"url":"https:\/\/d2p6e6u75xmxt8.cloudfront.net\/6\/2021\/05\/6870_S3APPLS2_00071.JPG-scaled.jpg","type":"image\/jpeg"}],"author":"We Love Cycling Spain","twitter_card":"summary_large_image","twitter_title":"Andaluc\u00eda Bike Race 2021. Categor\u00eda UCI bien merecida","twitter_description":"La Andalucia Bike Race 2021 estren\u00f3 categor\u00eda Uci y cumpli\u00f3 con lo esperado. La cr\u00f3nica de los equipos SKODA en la ABR 2021.","twitter_misc":{"Written by":"Luis Ortega @Ciclored","Est. reading time":"4 minutes"},"schema":{"@context":"https:\/\/schema.org","@graph":[{"@type":"WebPage","@id":"https:\/\/www.welovecycling.com\/es\/2021\/05\/26\/andalucia-bike-race-2021\/","url":"https:\/\/www.welovecycling.com\/es\/2021\/05\/26\/andalucia-bike-race-2021\/","name":"Andaluc\u00eda Bike Race 2021. Categor\u00eda UCI bien merecida -","isPartOf":{"@id":"https:\/\/www.welovecycling.com\/es\/#website"},"primaryImageOfPage":{"@id":"https:\/\/www.welovecycling.com\/es\/2021\/05\/26\/andalucia-bike-race-2021\/#primaryimage"},"image":{"@id":"https:\/\/www.welovecycling.com\/es\/2021\/05\/26\/andalucia-bike-race-2021\/#primaryimage"},"thumbnailUrl":"https:\/\/d2p6e6u75xmxt8.cloudfront.net\/6\/2021\/05\/6870_S3APPLS2_00071.JPG-scaled.jpg","datePublished":"2021-05-26T14:06:17+00:00","dateModified":"2021-05-27T11:28:22+00:00","author":{"@id":"https:\/\/www.welovecycling.com\/es\/#\/schema\/person\/deb61715b5812698ee79fb96f343ccd4"},"description":"La Andalucia Bike Race 2021 estren\u00f3 categor\u00eda Uci y cumpli\u00f3 con lo esperado. La cr\u00f3nica de los equipos SKODA en la ABR 2021.","breadcrumb":{"@id":"https:\/\/www.welovecycling.com\/es\/2021\/05\/26\/andalucia-bike-race-2021\/#breadcrumb"},"inLanguage":"es-ES","potentialAction":[{"@type":"ReadAction","target":["https:\/\/www.welovecycling.com\/es\/2021\/05\/26\/andalucia-bike-race-2021\/"]}]},{"@type":"ImageObject","inLanguage":"es-ES","@id":"https:\/\/www.welovecycling.com\/es\/2021\/05\/26\/andalucia-bike-race-2021\/#primaryimage","url":"https:\/\/d2p6e6u75xmxt8.cloudfront.net\/6\/2021\/05\/6870_S3APPLS2_00071.JPG-scaled.jpg","contentUrl":"https:\/\/d2p6e6u75xmxt8.cloudfront.net\/6\/2021\/05\/6870_S3APPLS2_00071.JPG-scaled.jpg","width":2560,"height":1707},{"@type":"BreadcrumbList","@id":"https:\/\/www.welovecycling.com\/es\/2021\/05\/26\/andalucia-bike-race-2021\/#breadcrumb","itemListElement":[{"@type":"ListItem","position":1,"name":"Home","item":"https:\/\/www.welovecycling.com\/es\/"},{"@type":"ListItem","position":2,"name":"Andaluc\u00eda Bike Race 2021. Categor\u00eda UCI bien merecida"}]},{"@type":"WebSite","@id":"https:\/\/www.welovecycling.com\/es\/#website","url":"https:\/\/www.welovecycling.com\/es\/","name":"\u0160koda We Love Cycling - Spain","description":"\u0160koda WeLoveCycling Spain","potentialAction":[{"@type":"SearchAction","target":{"@type":"EntryPoint","urlTemplate":"https:\/\/www.welovecycling.com\/es\/?s={search_term_string}"},"query-input":{"@type":"PropertyValueSpecification","valueRequired":true,"valueName":"search_term_string"}}],"inLanguage":"es-ES"},{"@type":"Person","@id":"https:\/\/www.welovecycling.com\/es\/#\/schema\/person\/deb61715b5812698ee79fb96f343ccd4","name":"We Love Cycling Spain","image":{"@type":"ImageObject","inLanguage":"es-ES","@id":"https:\/\/www.welovecycling.com\/es\/#\/schema\/person\/image\/","url":"https:\/\/secure.gravatar.com\/avatar\/c824b04e6df0e37a03219d0b6481672889df542894588964102459e46513159c?s=96&d=mm&r=g","contentUrl":"https:\/\/secure.gravatar.com\/avatar\/c824b04e6df0e37a03219d0b6481672889df542894588964102459e46513159c?s=96&d=mm&r=g","caption":"We Love Cycling Spain"},"url":"https:\/\/www.welovecycling.com\/es\/author\/amunoz\/"}]}},"_links":{"self":[{"href":"https:\/\/www.welovecycling.com\/es\/wp-json\/wp\/v2\/posts\/7615","targetHints":{"allow":["GET"]}}],"collection":[{"href":"https:\/\/www.welovecycling.com\/es\/wp-json\/wp\/v2\/posts"}],"about":[{"href":"https:\/\/www.welovecycling.com\/es\/wp-json\/wp\/v2\/types\/post"}],"author":[{"embeddable":true,"href":"https:\/\/www.welovecycling.com\/es\/wp-json\/wp\/v2\/users\/29"}],"replies":[{"embeddable":true,"href":"https:\/\/www.welovecycling.com\/es\/wp-json\/wp\/v2\/comments?post=7615"}],"version-history":[{"count":2,"href":"https:\/\/www.welovecycling.com\/es\/wp-json\/wp\/v2\/posts\/7615\/revisions"}],"predecessor-version":[{"id":7621,"href":"https:\/\/www.welovecycling.com\/es\/wp-json\/wp\/v2\/posts\/7615\/revisions\/7621"}],"wp:featuredmedia":[{"embeddable":true,"href":"https:\/\/www.welovecycling.com\/es\/wp-json\/wp\/v2\/media\/7622"}],"wp:attachment":[{"href":"https:\/\/www.welovecycling.com\/es\/wp-json\/wp\/v2\/media?parent=7615"}],"wp:term":[{"taxonomy":"category","embeddable":true,"href":"https:\/\/www.welovecycling.com\/es\/wp-json\/wp\/v2\/categories?post=7615"},{"taxonomy":"post_tag","embeddable":true,"href":"https:\/\/www.welovecycling.com\/es\/wp-json\/wp\/v2\/tags?post=7615"},{"taxonomy":"global-categories","embeddable":true,"href":"https:\/\/www.welovecycling.com\/es\/wp-json\/wp\/v2\/global-categories?post=7615"}],"curies":[{"name":"wp","href":"https:\/\/api.w.org\/{rel}","templated":true}]}}