{"id":7576,"date":"2021-05-13T20:27:27","date_gmt":"2021-05-13T18:27:27","guid":{"rendered":"https:\/\/www.welovecycling.com\/es\/?p=7576"},"modified":"2021-05-11T21:48:20","modified_gmt":"2021-05-11T19:48:20","slug":"estres-ciclistas-profesionales","status":"publish","type":"post","link":"https:\/\/www.welovecycling.com\/es\/2021\/05\/13\/estres-ciclistas-profesionales\/","title":{"rendered":"El (a veces) insoportable estr\u00e9s de los ciclistas profesionales"},"content":{"rendered":"<p><strong>Cuando el campe\u00f3n del Giro de Italia y del mundo de contrarreloj de 2017, Tom Dumoulin, dijo en enero que suspend\u00eda su carrera deportiva, la conmoci\u00f3n se hizo sentir en todo el mundo del ciclismo. Pocos d\u00edas antes, su equipo Jumbo-Visma hab\u00eda publicado una entrevista en la que el holand\u00e9s de 30 a\u00f1os dec\u00eda que ten\u00eda ganas de correr las cl\u00e1sicas de adoquines esta temporada. La posible causa, el estr\u00e9s de los ciclistas profesionales<\/strong><\/p>\n<p><!--more--><\/p>\n<p>En un v\u00eddeo tambi\u00e9n publicado por su equipo, Dumoulin trat\u00f3 de explicarse. &#8220;He sentido durante bastante tiempo, meses, tal vez incluso un a\u00f1o en realidad, que es muy dif\u00edcil para m\u00ed saber c\u00f3mo encontrar mi camino como <a href=\"https:\/\/www.welovecycling.com\/wide\/2021\/01\/25\/tom-dumoulin-to-take-a-break-from-cycling-and-other-important-news-from-the-world-of-cycling\/\">Tom Dumoulin<\/a> el ciclista&#8221;, dijo. &#8220;Con la presi\u00f3n que conlleva, las expectativas de las diferentes partes. Realmente quiero hacerlo muy bien para mucha gente, pero eso me ha hecho olvidarme un poco de m\u00ed mismo en el \u00faltimo a\u00f1o.&#8221;<\/p>\n<lite-youtube videoid=jEFcmg6iPq0 params=\"enablejsapi=1\" style=\"background-image: url('https:\/\/i.ytimg.com\/vi_webp\/jEFcmg6iPq0\/maxresdefault.webp');\"><\/lite-youtube>\n<p>Este movimiento no es in\u00e9dito. En 2019, el velocista alem\u00e1n Marcel Kittel, ganador <a href=\"https:\/\/www.welovecycling.com\/wide\/2017\/07\/12\/tour-de-france-stage-11-results-marcel-kittel-wins\/\">de 14 etapas del Tour de Francia<\/a>, tambi\u00e9n se alej\u00f3 debido al estr\u00e9s del ciclista profesional: &#8220;Fue para m\u00ed un largo proceso de decisi\u00f3n en el que me plante\u00e9 muchas cuestiones sobre c\u00f3mo y hacia d\u00f3nde quiero ir como persona y deportista y qu\u00e9 es lo realmente importante para m\u00ed. Me encanta el ciclismo y mi pasi\u00f3n por este bello deporte nunca desaparece, pero tambi\u00e9n s\u00e9 lo que me exige y lo que necesito para tener \u00e9xito&#8221;.<\/p>\n<p>Al principio iba a ser un par\u00e9ntesis <a href=\"https:\/\/www.welovecycling.com\/es\/2021\/02\/23\/andy-schleck-consejos-ayudar-a-tu-hijo-ser-ciclista-profesional\/\">en su carrera<\/a>, pero tres meses despu\u00e9s Kittel anunci\u00f3 su retirada definitiva del deporte. Ten\u00eda 31 a\u00f1os.<\/p>\n<p>Para los corredores amateurs y los devotos aficionados a este deporte puede resultar chocante que los corredores de \u00e9xito simplemente dejen de competir en la cima de sus carreras, alegando sentimientos que, en el mejor de los casos, no est\u00e1n muy claros y que las personas que no est\u00e1n en su lugar pueden no entender.<\/p>\n<figure id=\"attachment_7580\" aria-describedby=\"caption-attachment-7580\" style=\"width: 1024px\" class=\"wp-caption alignnone\"><a href=\"https:\/\/d2p6e6u75xmxt8.cloudfront.net\/2\/2021\/05\/Marcel-Kittel-profimedia-0412399968.jpg\"><img loading=\"lazy\" decoding=\"async\" class=\"size-large wp-image-7580\" src=\"https:\/\/d2p6e6u75xmxt8.cloudfront.net\/6\/2021\/05\/Marcel-Kittel-profimedia-0412399968-1024x714.jpg\" alt=\"Marcel Kittel\" width=\"1024\" height=\"714\" srcset=\"https:\/\/d2p6e6u75xmxt8.cloudfront.net\/6\/2021\/05\/Marcel-Kittel-profimedia-0412399968-1024x714.jpg 1024w, https:\/\/d2p6e6u75xmxt8.cloudfront.net\/6\/2021\/05\/Marcel-Kittel-profimedia-0412399968-300x209.jpg 300w, https:\/\/d2p6e6u75xmxt8.cloudfront.net\/6\/2021\/05\/Marcel-Kittel-profimedia-0412399968-768x536.jpg 768w, https:\/\/d2p6e6u75xmxt8.cloudfront.net\/6\/2021\/05\/Marcel-Kittel-profimedia-0412399968.jpg 1250w\" sizes=\"auto, (max-width: 1024px) 100vw, 1024px\" \/><\/a><figcaption id=\"caption-attachment-7580\" class=\"wp-caption-text\">Kittel nunca volvi\u00f3 al ciclismo. \u00a9 Profimedia<\/figcaption><\/figure>\n<p>&nbsp;<\/p>\n<p>Para entender quiz\u00e1s mejor las presiones y el estr\u00e9s al que se ven sometidos los ciclistas de alto rendimiento, Cycling Weekly <a href=\"https:\/\/www.cyclingweekly.com\/news\/racing\/i-started-to-cry-on-the-bike-21-year-old-rising-star-explains-his-decision-to-quit-pro-cycling-496116\">entrevist\u00f3 recientemente<\/a> a Th\u00e9o Nonnez, de 21 a\u00f1os, ganador en 2016 del campeonato de Francia de ciclismo juvenil en ruta, que estaba en su tercer a\u00f1o con el equipo continental Groupama-FDJ cuando el 12 de abril de este a\u00f1o lo dej\u00f3.<\/p>\n<p>&#8220;Hab\u00eda llegado a un punto en el que no pod\u00eda hacerlo m\u00e1s&#8221;, dijo. &#8220;Me sent\u00ed mal por no haber respetado el contrato, pero habr\u00eda sentido que [estaba] tomando a los chicos por idiotas al ir all\u00ed y fingir que todo estaba bien. Este deporte es muy duro cuando est\u00e1s al 100%, as\u00ed que cuando no lo est\u00e1s, ni siquiera es una opci\u00f3n&#8221;.<\/p>\n<p>Al anunciar su decisi\u00f3n, el Groupama-FDJ Continentale dijo que Nonnez dejaba el deporte &#8220;tras sufrir graves problemas de <a href=\"https:\/\/www.welovecycling.com\/es\/2019\/03\/18\/ciclismo-y-salud-mental\/\">salud mental<\/a> debido al estr\u00e9s del ciclista profesional provocado por el entrenamiento&#8221;.<\/p>\n<p>&nbsp;<\/p>\n<p>https:\/\/www.instagram.com\/p\/BZWZR0fh7NV\/?utm_source=ig_web_copy_link<\/p>\n<p>Pero la medida era ciertamente m\u00e1s complicada que eso. Nonnez dijo que hab\u00eda pensado mucho antes de decidir alejarse del deporte, y que no se arrepent\u00eda. Se\u00f1al\u00f3 que algunas personas podr\u00edan calificar su estado de agotamiento, pero \u00e9sta era una explicaci\u00f3n demasiado simple. &#8220;Es m\u00e1s bien una suma de muchas cosas que me han llevado a este punto&#8221;.<\/p>\n<p>Tal vez, al igual que Kittel y Dumoulin, fue un alivio para \u00e9l expresar por fin lo que sent\u00eda.<\/p>\n<p>&#8220;Hab\u00eda entrado en un c\u00edrculo vicioso y no me atrev\u00eda a hablar de lo que sent\u00eda&#8221;, dijo. &#8220;Me doy cuenta de que hice lo correcto [al] salir de mi silencio porque no s\u00e9 qu\u00e9 habr\u00eda pasado si hubiera seguido callado&#8221;.<\/p>\n<div class=\"embed-controller-wrapper\">\n<blockquote class=\"twitter-tweet\" data-width=\"500\" data-dnt=\"true\">\n<p lang=\"fr\" dir=\"ltr\">&quot;Des cas comme moi, il y en a de plus en plus&quot; : le cycliste Th\u00e9o Nonnez brise le tabou de la d\u00e9pression chez les sportifs de haut niveau<a href=\"https:\/\/t.co\/e8jsNTuMSF\">https:\/\/t.co\/e8jsNTuMSF<\/a> <a href=\"https:\/\/t.co\/obmwdyYDMu\">pic.twitter.com\/obmwdyYDMu<\/a><\/p>\n<p>&mdash; franceinfo (@franceinfo) <a href=\"https:\/\/twitter.com\/franceinfo\/status\/1383785966117167122?ref_src=twsrc%5Etfw\">April 18, 2021<\/a><\/p><\/blockquote>\n<p><script async data-src=\"https:\/\/platform.twitter.com\/widgets.js\" charset=\"utf-8\"><\/script><\/div>\n<p>Nonnez dijo que la situaci\u00f3n se hab\u00eda vuelto tan insoportable que estuvo a punto de sufrir un colapso. &#8220;Me puse a llorar en la bici&#8221;, dijo. &#8220;En ese momento, me dije: &#8216;Th\u00e9o, tienes que parar todo esto, tiene que cambiar, hay algo que no funciona&#8217;. Entonces di un paso atr\u00e1s y recib\u00ed un gran apoyo del personal m\u00e9dico del equipo, as\u00ed como de mis familiares&#8221;.<\/p>\n<p>Cuando inform\u00f3 al equipo de sus dificultades, le dijeron que se tomara unas semanas para pensarlo y que no corriera si eso era lo que le apetec\u00eda. &#8220;No puedo agradecer lo suficiente al equipo por ello&#8221;, dijo Nonnez.<\/p>\n<p>Adem\u00e1s del campeonato franc\u00e9s junior, Nonnez hab\u00eda acumulado algunas actuaciones notables durante su corta carrera, como el quinto puesto en la Ronde de l&#8217;Isard y un impresionante cuarto puesto en la Lieja-Bastogne-Lieja sub-23. Pero el \u00e9xito tuvo un precio que ya no pudo pagar, quiz\u00e1s como Marcel Kittel y Tom Dumoulin.<\/p>\n","protected":false},"excerpt":{"rendered":"<p>Cuando el campe\u00f3n del Giro de Italia y del mundo de contrarreloj de 2017, Tom Dumoulin, dijo en enero que [&hellip;]<\/p>\n","protected":false},"author":29,"featured_media":7582,"comment_status":"open","ping_status":"open","sticky":false,"template":"","format":"standard","meta":{"footnotes":""},"categories":[7],"tags":[],"global-categories":[],"class_list":["post-7576","post","type-post","status-publish","format-standard","has-post-thumbnail","hentry","category-carretera"],"yoast_head":"<!-- This site is optimized with the Yoast SEO Premium plugin v25.3 (Yoast SEO v25.9) - https:\/\/yoast.com\/wordpress\/plugins\/seo\/ -->\n<title>\ud83d\udeb4\ud83c\udfff\u200d\u2642\ufe0f El estr\u00e9s de los ciclistas profesionales - We Love Cycling<\/title>\n<meta name=\"description\" content=\"Tom Dumoulin, Th\u00e9o Nonnez, Marcel Kittel. Son algunos de los afectados por el estr\u00e9s de los ciclistas profesionales. \u00bfCual es la causa?\" \/>\n<meta name=\"robots\" content=\"index, follow, max-snippet:-1, max-image-preview:large, max-video-preview:-1\" \/>\n<link rel=\"canonical\" href=\"https:\/\/www.welovecycling.com\/es\/2021\/05\/13\/estres-ciclistas-profesionales\/\" \/>\n<meta property=\"og:locale\" content=\"es_ES\" \/>\n<meta property=\"og:type\" content=\"article\" \/>\n<meta property=\"og:title\" content=\"El (a veces) insoportable estr\u00e9s de los ciclistas profesionales\" \/>\n<meta property=\"og:description\" content=\"Tom Dumoulin, Th\u00e9o Nonnez, Marcel Kittel. Son algunos de los afectados por el estr\u00e9s de los ciclistas profesionales. \u00bfCual es la causa?\" \/>\n<meta property=\"og:url\" content=\"https:\/\/www.welovecycling.com\/es\/2021\/05\/13\/estres-ciclistas-profesionales\/\" \/>\n<meta property=\"og:site_name\" content=\"\u0160koda We Love Cycling - Spain\" \/>\n<meta property=\"article:published_time\" content=\"2021-05-13T18:27:27+00:00\" \/>\n<meta property=\"og:image\" content=\"https:\/\/d2p6e6u75xmxt8.cloudfront.net\/6\/2021\/05\/Tom-Dumoulin-profimedia-0560191779-CVR.jpg\" \/>\n\t<meta property=\"og:image:width\" content=\"1366\" \/>\n\t<meta property=\"og:image:height\" content=\"600\" \/>\n\t<meta property=\"og:image:type\" content=\"image\/jpeg\" \/>\n<meta name=\"author\" content=\"We Love Cycling Spain\" \/>\n<meta name=\"twitter:card\" content=\"summary_large_image\" \/>\n<meta name=\"twitter:title\" content=\"\ud83d\udeb4\ud83c\udfff\u200d\u2642\ufe0f El estr\u00e9s de los ciclistas profesionales\" \/>\n<meta name=\"twitter:description\" content=\"Tom Dumoulin, Th\u00e9o Nonnez, Marcel Kittel. Son algunos de los afectados por el estr\u00e9s de los ciclistas profesionales. \u00bfCual es la causa?\" \/>\n<meta name=\"twitter:label1\" content=\"Written by\" \/>\n\t<meta name=\"twitter:data1\" content=\"Siegfried Mortkowitz\" \/>\n\t<meta name=\"twitter:label2\" content=\"Est. reading time\" \/>\n\t<meta name=\"twitter:data2\" content=\"6\" \/>\n<script type=\"application\/ld+json\" class=\"yoast-schema-graph\">{\"@context\":\"https:\/\/schema.org\",\"@graph\":[{\"@type\":\"WebPage\",\"@id\":\"https:\/\/www.welovecycling.com\/es\/2021\/05\/13\/estres-ciclistas-profesionales\/\",\"url\":\"https:\/\/www.welovecycling.com\/es\/2021\/05\/13\/estres-ciclistas-profesionales\/\",\"name\":\"\ud83d\udeb4\ud83c\udfff\u200d\u2642\ufe0f El estr\u00e9s de los ciclistas profesionales - We Love Cycling\",\"isPartOf\":{\"@id\":\"https:\/\/www.welovecycling.com\/es\/#website\"},\"primaryImageOfPage\":{\"@id\":\"https:\/\/www.welovecycling.com\/es\/2021\/05\/13\/estres-ciclistas-profesionales\/#primaryimage\"},\"image\":{\"@id\":\"https:\/\/www.welovecycling.com\/es\/2021\/05\/13\/estres-ciclistas-profesionales\/#primaryimage\"},\"thumbnailUrl\":\"https:\/\/d2p6e6u75xmxt8.cloudfront.net\/6\/2021\/05\/Tom-Dumoulin-profimedia-0560191779-CVR.jpg\",\"datePublished\":\"2021-05-13T18:27:27+00:00\",\"author\":{\"@id\":\"https:\/\/www.welovecycling.com\/es\/#\/schema\/person\/deb61715b5812698ee79fb96f343ccd4\"},\"description\":\"Tom Dumoulin, Th\u00e9o Nonnez, Marcel Kittel. Son algunos de los afectados por el estr\u00e9s de los ciclistas profesionales. \u00bfCual es la causa?\",\"breadcrumb\":{\"@id\":\"https:\/\/www.welovecycling.com\/es\/2021\/05\/13\/estres-ciclistas-profesionales\/#breadcrumb\"},\"inLanguage\":\"es-ES\",\"potentialAction\":[{\"@type\":\"ReadAction\",\"target\":[\"https:\/\/www.welovecycling.com\/es\/2021\/05\/13\/estres-ciclistas-profesionales\/\"]}]},{\"@type\":\"ImageObject\",\"inLanguage\":\"es-ES\",\"@id\":\"https:\/\/www.welovecycling.com\/es\/2021\/05\/13\/estres-ciclistas-profesionales\/#primaryimage\",\"url\":\"https:\/\/d2p6e6u75xmxt8.cloudfront.net\/6\/2021\/05\/Tom-Dumoulin-profimedia-0560191779-CVR.jpg\",\"contentUrl\":\"https:\/\/d2p6e6u75xmxt8.cloudfront.net\/6\/2021\/05\/Tom-Dumoulin-profimedia-0560191779-CVR.jpg\",\"width\":1366,\"height\":600,\"caption\":\"Tom Dumoulin racing\"},{\"@type\":\"BreadcrumbList\",\"@id\":\"https:\/\/www.welovecycling.com\/es\/2021\/05\/13\/estres-ciclistas-profesionales\/#breadcrumb\",\"itemListElement\":[{\"@type\":\"ListItem\",\"position\":1,\"name\":\"Home\",\"item\":\"https:\/\/www.welovecycling.com\/es\/\"},{\"@type\":\"ListItem\",\"position\":2,\"name\":\"El (a veces) insoportable estr\u00e9s de los ciclistas profesionales\"}]},{\"@type\":\"WebSite\",\"@id\":\"https:\/\/www.welovecycling.com\/es\/#website\",\"url\":\"https:\/\/www.welovecycling.com\/es\/\",\"name\":\"\u0160koda We Love Cycling - Spain\",\"description\":\"\u0160koda WeLoveCycling Spain\",\"potentialAction\":[{\"@type\":\"SearchAction\",\"target\":{\"@type\":\"EntryPoint\",\"urlTemplate\":\"https:\/\/www.welovecycling.com\/es\/?s={search_term_string}\"},\"query-input\":{\"@type\":\"PropertyValueSpecification\",\"valueRequired\":true,\"valueName\":\"search_term_string\"}}],\"inLanguage\":\"es-ES\"},{\"@type\":\"Person\",\"@id\":\"https:\/\/www.welovecycling.com\/es\/#\/schema\/person\/deb61715b5812698ee79fb96f343ccd4\",\"name\":\"We Love Cycling Spain\",\"image\":{\"@type\":\"ImageObject\",\"inLanguage\":\"es-ES\",\"@id\":\"https:\/\/www.welovecycling.com\/es\/#\/schema\/person\/image\/\",\"url\":\"https:\/\/secure.gravatar.com\/avatar\/c824b04e6df0e37a03219d0b6481672889df542894588964102459e46513159c?s=96&d=mm&r=g\",\"contentUrl\":\"https:\/\/secure.gravatar.com\/avatar\/c824b04e6df0e37a03219d0b6481672889df542894588964102459e46513159c?s=96&d=mm&r=g\",\"caption\":\"We Love Cycling Spain\"},\"url\":\"https:\/\/www.welovecycling.com\/es\/author\/amunoz\/\"}]}<\/script>\n<!-- \/ Yoast SEO Premium plugin. -->","yoast_head_json":{"title":"\ud83d\udeb4\ud83c\udfff\u200d\u2642\ufe0f El estr\u00e9s de los ciclistas profesionales - We Love Cycling","description":"Tom Dumoulin, Th\u00e9o Nonnez, Marcel Kittel. Son algunos de los afectados por el estr\u00e9s de los ciclistas profesionales. \u00bfCual es la causa?","robots":{"index":"index","follow":"follow","max-snippet":"max-snippet:-1","max-image-preview":"max-image-preview:large","max-video-preview":"max-video-preview:-1"},"canonical":"https:\/\/www.welovecycling.com\/es\/2021\/05\/13\/estres-ciclistas-profesionales\/","og_locale":"es_ES","og_type":"article","og_title":"El (a veces) insoportable estr\u00e9s de los ciclistas profesionales","og_description":"Tom Dumoulin, Th\u00e9o Nonnez, Marcel Kittel. Son algunos de los afectados por el estr\u00e9s de los ciclistas profesionales. \u00bfCual es la causa?","og_url":"https:\/\/www.welovecycling.com\/es\/2021\/05\/13\/estres-ciclistas-profesionales\/","og_site_name":"\u0160koda We Love Cycling - Spain","article_published_time":"2021-05-13T18:27:27+00:00","og_image":[{"width":1366,"height":600,"url":"https:\/\/d2p6e6u75xmxt8.cloudfront.net\/6\/2021\/05\/Tom-Dumoulin-profimedia-0560191779-CVR.jpg","type":"image\/jpeg"}],"author":"We Love Cycling Spain","twitter_card":"summary_large_image","twitter_title":"\ud83d\udeb4\ud83c\udfff\u200d\u2642\ufe0f El estr\u00e9s de los ciclistas profesionales","twitter_description":"Tom Dumoulin, Th\u00e9o Nonnez, Marcel Kittel. Son algunos de los afectados por el estr\u00e9s de los ciclistas profesionales. \u00bfCual es la causa?","twitter_misc":{"Written by":"Siegfried Mortkowitz","Est. reading time":"6"},"schema":{"@context":"https:\/\/schema.org","@graph":[{"@type":"WebPage","@id":"https:\/\/www.welovecycling.com\/es\/2021\/05\/13\/estres-ciclistas-profesionales\/","url":"https:\/\/www.welovecycling.com\/es\/2021\/05\/13\/estres-ciclistas-profesionales\/","name":"\ud83d\udeb4\ud83c\udfff\u200d\u2642\ufe0f El estr\u00e9s de los ciclistas profesionales - We Love Cycling","isPartOf":{"@id":"https:\/\/www.welovecycling.com\/es\/#website"},"primaryImageOfPage":{"@id":"https:\/\/www.welovecycling.com\/es\/2021\/05\/13\/estres-ciclistas-profesionales\/#primaryimage"},"image":{"@id":"https:\/\/www.welovecycling.com\/es\/2021\/05\/13\/estres-ciclistas-profesionales\/#primaryimage"},"thumbnailUrl":"https:\/\/d2p6e6u75xmxt8.cloudfront.net\/6\/2021\/05\/Tom-Dumoulin-profimedia-0560191779-CVR.jpg","datePublished":"2021-05-13T18:27:27+00:00","author":{"@id":"https:\/\/www.welovecycling.com\/es\/#\/schema\/person\/deb61715b5812698ee79fb96f343ccd4"},"description":"Tom Dumoulin, Th\u00e9o Nonnez, Marcel Kittel. Son algunos de los afectados por el estr\u00e9s de los ciclistas profesionales. \u00bfCual es la causa?","breadcrumb":{"@id":"https:\/\/www.welovecycling.com\/es\/2021\/05\/13\/estres-ciclistas-profesionales\/#breadcrumb"},"inLanguage":"es-ES","potentialAction":[{"@type":"ReadAction","target":["https:\/\/www.welovecycling.com\/es\/2021\/05\/13\/estres-ciclistas-profesionales\/"]}]},{"@type":"ImageObject","inLanguage":"es-ES","@id":"https:\/\/www.welovecycling.com\/es\/2021\/05\/13\/estres-ciclistas-profesionales\/#primaryimage","url":"https:\/\/d2p6e6u75xmxt8.cloudfront.net\/6\/2021\/05\/Tom-Dumoulin-profimedia-0560191779-CVR.jpg","contentUrl":"https:\/\/d2p6e6u75xmxt8.cloudfront.net\/6\/2021\/05\/Tom-Dumoulin-profimedia-0560191779-CVR.jpg","width":1366,"height":600,"caption":"Tom Dumoulin racing"},{"@type":"BreadcrumbList","@id":"https:\/\/www.welovecycling.com\/es\/2021\/05\/13\/estres-ciclistas-profesionales\/#breadcrumb","itemListElement":[{"@type":"ListItem","position":1,"name":"Home","item":"https:\/\/www.welovecycling.com\/es\/"},{"@type":"ListItem","position":2,"name":"El (a veces) insoportable estr\u00e9s de los ciclistas profesionales"}]},{"@type":"WebSite","@id":"https:\/\/www.welovecycling.com\/es\/#website","url":"https:\/\/www.welovecycling.com\/es\/","name":"\u0160koda We Love Cycling - Spain","description":"\u0160koda WeLoveCycling Spain","potentialAction":[{"@type":"SearchAction","target":{"@type":"EntryPoint","urlTemplate":"https:\/\/www.welovecycling.com\/es\/?s={search_term_string}"},"query-input":{"@type":"PropertyValueSpecification","valueRequired":true,"valueName":"search_term_string"}}],"inLanguage":"es-ES"},{"@type":"Person","@id":"https:\/\/www.welovecycling.com\/es\/#\/schema\/person\/deb61715b5812698ee79fb96f343ccd4","name":"We Love Cycling Spain","image":{"@type":"ImageObject","inLanguage":"es-ES","@id":"https:\/\/www.welovecycling.com\/es\/#\/schema\/person\/image\/","url":"https:\/\/secure.gravatar.com\/avatar\/c824b04e6df0e37a03219d0b6481672889df542894588964102459e46513159c?s=96&d=mm&r=g","contentUrl":"https:\/\/secure.gravatar.com\/avatar\/c824b04e6df0e37a03219d0b6481672889df542894588964102459e46513159c?s=96&d=mm&r=g","caption":"We Love Cycling Spain"},"url":"https:\/\/www.welovecycling.com\/es\/author\/amunoz\/"}]}},"_links":{"self":[{"href":"https:\/\/www.welovecycling.com\/es\/wp-json\/wp\/v2\/posts\/7576","targetHints":{"allow":["GET"]}}],"collection":[{"href":"https:\/\/www.welovecycling.com\/es\/wp-json\/wp\/v2\/posts"}],"about":[{"href":"https:\/\/www.welovecycling.com\/es\/wp-json\/wp\/v2\/types\/post"}],"author":[{"embeddable":true,"href":"https:\/\/www.welovecycling.com\/es\/wp-json\/wp\/v2\/users\/29"}],"replies":[{"embeddable":true,"href":"https:\/\/www.welovecycling.com\/es\/wp-json\/wp\/v2\/comments?post=7576"}],"version-history":[{"count":2,"href":"https:\/\/www.welovecycling.com\/es\/wp-json\/wp\/v2\/posts\/7576\/revisions"}],"predecessor-version":[{"id":7583,"href":"https:\/\/www.welovecycling.com\/es\/wp-json\/wp\/v2\/posts\/7576\/revisions\/7583"}],"wp:featuredmedia":[{"embeddable":true,"href":"https:\/\/www.welovecycling.com\/es\/wp-json\/wp\/v2\/media\/7582"}],"wp:attachment":[{"href":"https:\/\/www.welovecycling.com\/es\/wp-json\/wp\/v2\/media?parent=7576"}],"wp:term":[{"taxonomy":"category","embeddable":true,"href":"https:\/\/www.welovecycling.com\/es\/wp-json\/wp\/v2\/categories?post=7576"},{"taxonomy":"post_tag","embeddable":true,"href":"https:\/\/www.welovecycling.com\/es\/wp-json\/wp\/v2\/tags?post=7576"},{"taxonomy":"global-categories","embeddable":true,"href":"https:\/\/www.welovecycling.com\/es\/wp-json\/wp\/v2\/global-categories?post=7576"}],"curies":[{"name":"wp","href":"https:\/\/api.w.org\/{rel}","templated":true}]}}