{"id":7570,"date":"2021-05-12T19:33:00","date_gmt":"2021-05-12T17:33:00","guid":{"rendered":"https:\/\/www.welovecycling.com\/es\/?p=7570"},"modified":"2021-05-09T20:37:19","modified_gmt":"2021-05-09T18:37:19","slug":"manillar-y-potencia-integrados","status":"publish","type":"post","link":"https:\/\/www.welovecycling.com\/es\/2021\/05\/12\/manillar-y-potencia-integrados\/","title":{"rendered":"Manillar y potencia integrados. Ventajas, desventajas y recomendaciones"},"content":{"rendered":"<p><strong>Las bicicletas de carretera han evolucionado tanto en la \u00faltima d\u00e9cada que ha ido renovando cada uno de sus componentes. Y el manillar y la potencia no iban a ser una excepci\u00f3n. Desde hace casi un lustro aparecieron los modelos de manillar y potencia integrados fabricados en carbono. Muchos se han pasado a ellos, sobre todo despu\u00e9s de verlos en el ciclismo profesional, pero \u00bfSon recomendables para todo tipo de ciclistas?, \u00bfQu\u00e9 ventajas tienen?, \u00bfQu\u00e9 desventajas?.<\/strong><\/p>\n<p><!--more--><\/p>\n<p>Antes de arrancar vamos a hacer un poco de historia. La primera evoluci\u00f3n de la potencia de la bicicleta de carretera fue ser independiente de la direcci\u00f3n. Los modelos de potencia con dos agarres, uno a la direcci\u00f3n y otro al manillar se empezaron a imponer en los a\u00f1os 90. Permit\u00edan<a href=\"https:\/\/www.welovecycling.com\/es\/2018\/02\/05\/estudio-biomecanico\/\"> regular la distancia entre el cuadro y el manillar<\/a> y jugar con los \u00e1ngulos en los que se situaba el manillar. El componente habitual, aluminio.<\/p>\n<p>Con los manillares se tard\u00f3 un poco m\u00e1s en evolucionar. Del manillar redondo de acero se pas\u00f3 al de aluminio, y solo a finales de los <strong>90 empezaron a surgir los manubrios de fibra de carbono<\/strong>. La facilidad con la que se trabaja este material permiti\u00f3 que los manillares se aplanasen en la parte de la cruceta para adaptarse a la mano del ciclista y para hacerse m\u00e1s aerodin\u00e1micos.<\/p>\n<p>Hab\u00eda que <strong>combinar las potencias de aluminio con manillares de carbono<\/strong> y ya saben lo que suceden cuando el apriete de los tornillos sobre el carbono no es el adecuado, que suelen fisurarse. As\u00ed que el paso siguiente fue integrar los dos componentes, manillar y potencia, y convertirlos en una pieza de carbono \u00fanica para unirla a la direcci\u00f3n.<\/p>\n<p>Los primeros modelos se vieron, como suele ser habitual, en el pelot\u00f3n profesional hace algo m\u00e1s de un lustro. De ah\u00ed el salto a las tiendas y a los usuarios fue r\u00e1pido y ahora mismo hay una amplia gama de manillares integrados de carbono entre los que elegir. Pero es una soluci\u00f3n que no siempre conviene a todos los ciclistas de carretera, por eso te vamos a dar una lista de ventajas y desventajas para que puedas elegir.<\/p>\n<figure id=\"attachment_7572\" aria-describedby=\"caption-attachment-7572\" style=\"width: 1024px\" class=\"wp-caption aligncenter\"><a href=\"https:\/\/d2p6e6u75xmxt8.cloudfront.net\/6\/2021\/05\/manillar-y-potencia-2-scaled.jpg\"><img loading=\"lazy\" decoding=\"async\" class=\"size-large wp-image-7572\" src=\"https:\/\/d2p6e6u75xmxt8.cloudfront.net\/6\/2021\/05\/manillar-y-potencia-2-1024x606.jpg\" alt=\"\" width=\"1024\" height=\"606\" srcset=\"https:\/\/d2p6e6u75xmxt8.cloudfront.net\/6\/2021\/05\/manillar-y-potencia-2-1024x606.jpg 1024w, https:\/\/d2p6e6u75xmxt8.cloudfront.net\/6\/2021\/05\/manillar-y-potencia-2-300x178.jpg 300w, https:\/\/d2p6e6u75xmxt8.cloudfront.net\/6\/2021\/05\/manillar-y-potencia-2-768x455.jpg 768w, https:\/\/d2p6e6u75xmxt8.cloudfront.net\/6\/2021\/05\/manillar-y-potencia-2-1536x909.jpg 1536w, https:\/\/d2p6e6u75xmxt8.cloudfront.net\/6\/2021\/05\/manillar-y-potencia-2-2048x1212.jpg 2048w, https:\/\/d2p6e6u75xmxt8.cloudfront.net\/6\/2021\/05\/manillar-y-potencia-2-1920x1136.jpg 1920w, https:\/\/d2p6e6u75xmxt8.cloudfront.net\/6\/2021\/05\/manillar-y-potencia-2-1920x1136.jpg 1920w\" sizes=\"auto, (max-width: 1024px) 100vw, 1024px\" \/><\/a><figcaption id=\"caption-attachment-7572\" class=\"wp-caption-text\">Manillar de carbono no integrado<\/figcaption><\/figure>\n<h2><strong><br \/>\nVentajas de manillar y potencia integrados<\/strong><\/h2>\n<p>La principal ventaja por la que se suele utilizar el carbono en vez del aluminio en cualquier componente de la bicicleta es por peso y por absorci\u00f3n de impactos. La fibra de carbono siempre es m\u00e1s ligera y asume mejor los baches de la carretera. As\u00ed que con un manillar y potencia integrados se gana en <strong>comodidad y ligereza<\/strong>.<\/p>\n<p>Otro de los argumentos es la <strong>aerodin\u00e1mica<\/strong>. El carbono se puede modelar de cualquier manera y ofrece m\u00e1s &#8216;juego&#8217; a los ingenieros para reducir el impacto del viento en la bicicleta.<\/p>\n<p>La tercera es que <strong>reduce los riesgos de rotura y fisura<\/strong> con respecto a la combinaci\u00f3n entre potencia de aluminio y manillar de carbono. Al no haber potencia independiente no hace falta unirla con una abrazadera atornillada y presionar el manillar.<\/p>\n<h2><strong>Desventajas de manillar y potencia integrados<\/strong><\/h2>\n<p>En primer lugar el precio, los modelos de manillar y potencia integrados de gama media son siempre <strong>m\u00e1s caros<\/strong> que la opci\u00f3n de potencia y manillar separados.<\/p>\n<p>Tambi\u00e9n r<strong>educe las opciones de &#8216;jugar&#8217; con la posici\u00f3n del ciclista<\/strong>. El que ha ido al biomec\u00e1nico sabe que una de las variables importantes para ir c\u00f3modo en la bicicleta es la longitud de la potencia y que muchas veces es lo primero que se suele cambiar. Con un manillar integrado solo tendr\u00e1s una longitud de potencia y en caso de que no sea la correcta deber\u00e1s venderlo y comprar uno nuevo. Si van por separado solo tienes que renovar la potencia por otra de la medida correcta.<\/p>\n<figure id=\"attachment_7573\" aria-describedby=\"caption-attachment-7573\" style=\"width: 1024px\" class=\"wp-caption aligncenter\"><a href=\"https:\/\/d2p6e6u75xmxt8.cloudfront.net\/6\/2021\/05\/manillares-integrados-scaled.jpg\"><img loading=\"lazy\" decoding=\"async\" class=\"size-large wp-image-7573\" src=\"https:\/\/d2p6e6u75xmxt8.cloudfront.net\/6\/2021\/05\/manillares-integrados-1024x474.jpg\" alt=\"\" width=\"1024\" height=\"474\" srcset=\"https:\/\/d2p6e6u75xmxt8.cloudfront.net\/6\/2021\/05\/manillares-integrados-1024x474.jpg 1024w, https:\/\/d2p6e6u75xmxt8.cloudfront.net\/6\/2021\/05\/manillares-integrados-300x139.jpg 300w, https:\/\/d2p6e6u75xmxt8.cloudfront.net\/6\/2021\/05\/manillares-integrados-768x355.jpg 768w, https:\/\/d2p6e6u75xmxt8.cloudfront.net\/6\/2021\/05\/manillares-integrados-1536x711.jpg 1536w, https:\/\/d2p6e6u75xmxt8.cloudfront.net\/6\/2021\/05\/manillares-integrados-2048x948.jpg 2048w, https:\/\/d2p6e6u75xmxt8.cloudfront.net\/6\/2021\/05\/manillares-integrados-1920x889.jpg 1920w, https:\/\/d2p6e6u75xmxt8.cloudfront.net\/6\/2021\/05\/manillares-integrados-1920x889.jpg 1920w\" sizes=\"auto, (max-width: 1024px) 100vw, 1024px\" \/><\/a><figcaption id=\"caption-attachment-7573\" class=\"wp-caption-text\">Manillares integrados Scott.<\/figcaption><\/figure>\n<h2><strong><br \/>\nRecomendaciones<\/strong><\/h2>\n<p>As\u00ed que si est\u00e1s pensando en pasarte a los nuevos manillares lo primero que debes hacer es o tomar las medidas de tu bici o <strong>visitar antes a un biomec\u00e1nico<\/strong> para que te ajuste la bicicleta y no falles a la hora de comprar la distancia adecuada. Un error te supondr\u00e1 ir largo o corto en la bici y <strong>no tener el agarre ni la posici\u00f3n ideal para bajar<\/strong>.<\/p>\n<p>Tambi\u00e9n tienes que mirar el <strong>presupuesto<\/strong> y si las mejoras que ofrecen este tipo de manillares te compensa para el tipo de ciclismo que haces. Si est\u00e1s compitiendo o <strong>valoras el peso de la bicicleta<\/strong> te puede venir bien, pero si lo que buscas es disfrutar de la bici sin complicaciones, mejor sigue con la opci\u00f3n de manillar y potencia separados.<\/p>\n","protected":false},"excerpt":{"rendered":"<p>Las bicicletas de carretera han evolucionado tanto en la \u00faltima d\u00e9cada que ha ido renovando cada uno de sus componentes. [&hellip;]<\/p>\n","protected":false},"author":29,"featured_media":7571,"comment_status":"open","ping_status":"open","sticky":false,"template":"","format":"standard","meta":{"footnotes":""},"categories":[7],"tags":[2115,2119,2117,2118,2116],"global-categories":[],"class_list":["post-7570","post","type-post","status-publish","format-standard","has-post-thumbnail","hentry","category-carretera","tag-manillar","tag-manillar-de-carbono","tag-manillar-integrado","tag-manillar-y-potencia-integrados","tag-potencia"],"yoast_head":"<!-- This site is optimized with the Yoast SEO Premium plugin v25.3 (Yoast SEO v25.9) - https:\/\/yoast.com\/wordpress\/plugins\/seo\/ -->\n<title>Manillar y potencia integrados. Ventajas, desventajas y recomendaciones<\/title>\n<meta name=\"description\" content=\"Manillar y potencia integrados. Ventajas, desventajas y recomendaciones. Una gu\u00eda para ayudarte a decidir que manillar te conviene.\" \/>\n<meta name=\"robots\" content=\"index, follow, max-snippet:-1, max-image-preview:large, max-video-preview:-1\" \/>\n<link rel=\"canonical\" href=\"https:\/\/www.welovecycling.com\/es\/2021\/05\/12\/manillar-y-potencia-integrados\/\" \/>\n<meta property=\"og:locale\" content=\"es_ES\" \/>\n<meta property=\"og:type\" content=\"article\" \/>\n<meta property=\"og:title\" content=\"Manillar y potencia integrados. Ventajas, desventajas y recomendaciones\" \/>\n<meta property=\"og:description\" content=\"Manillar y potencia integrados. Ventajas, desventajas y recomendaciones. Una gu\u00eda para ayudarte a decidir que manillar te conviene.\" \/>\n<meta property=\"og:url\" content=\"https:\/\/www.welovecycling.com\/es\/2021\/05\/12\/manillar-y-potencia-integrados\/\" \/>\n<meta property=\"og:site_name\" content=\"\u0160koda We Love Cycling - Spain\" \/>\n<meta property=\"article:published_time\" content=\"2021-05-12T17:33:00+00:00\" \/>\n<meta property=\"og:image\" content=\"https:\/\/d2p6e6u75xmxt8.cloudfront.net\/6\/2021\/05\/manillar-y-potencia-integrados-scaled.jpg\" \/>\n\t<meta property=\"og:image:width\" content=\"2560\" \/>\n\t<meta property=\"og:image:height\" content=\"1306\" \/>\n\t<meta property=\"og:image:type\" content=\"image\/jpeg\" \/>\n<meta name=\"author\" content=\"We Love Cycling Spain\" \/>\n<meta name=\"twitter:card\" content=\"summary_large_image\" \/>\n<meta name=\"twitter:label1\" content=\"Written by\" \/>\n\t<meta name=\"twitter:data1\" content=\"Luis Ortega @ciclored\" \/>\n\t<meta name=\"twitter:label2\" content=\"Est. reading time\" \/>\n\t<meta name=\"twitter:data2\" content=\"4 minutes\" \/>\n<script type=\"application\/ld+json\" class=\"yoast-schema-graph\">{\"@context\":\"https:\/\/schema.org\",\"@graph\":[{\"@type\":\"WebPage\",\"@id\":\"https:\/\/www.welovecycling.com\/es\/2021\/05\/12\/manillar-y-potencia-integrados\/\",\"url\":\"https:\/\/www.welovecycling.com\/es\/2021\/05\/12\/manillar-y-potencia-integrados\/\",\"name\":\"Manillar y potencia integrados. Ventajas, desventajas y recomendaciones\",\"isPartOf\":{\"@id\":\"https:\/\/www.welovecycling.com\/es\/#website\"},\"primaryImageOfPage\":{\"@id\":\"https:\/\/www.welovecycling.com\/es\/2021\/05\/12\/manillar-y-potencia-integrados\/#primaryimage\"},\"image\":{\"@id\":\"https:\/\/www.welovecycling.com\/es\/2021\/05\/12\/manillar-y-potencia-integrados\/#primaryimage\"},\"thumbnailUrl\":\"https:\/\/d2p6e6u75xmxt8.cloudfront.net\/6\/2021\/05\/manillar-y-potencia-integrados-scaled.jpg\",\"datePublished\":\"2021-05-12T17:33:00+00:00\",\"author\":{\"@id\":\"https:\/\/www.welovecycling.com\/es\/#\/schema\/person\/deb61715b5812698ee79fb96f343ccd4\"},\"description\":\"Manillar y potencia integrados. Ventajas, desventajas y recomendaciones. Una gu\u00eda para ayudarte a decidir que manillar te conviene.\",\"breadcrumb\":{\"@id\":\"https:\/\/www.welovecycling.com\/es\/2021\/05\/12\/manillar-y-potencia-integrados\/#breadcrumb\"},\"inLanguage\":\"es-ES\",\"potentialAction\":[{\"@type\":\"ReadAction\",\"target\":[\"https:\/\/www.welovecycling.com\/es\/2021\/05\/12\/manillar-y-potencia-integrados\/\"]}]},{\"@type\":\"ImageObject\",\"inLanguage\":\"es-ES\",\"@id\":\"https:\/\/www.welovecycling.com\/es\/2021\/05\/12\/manillar-y-potencia-integrados\/#primaryimage\",\"url\":\"https:\/\/d2p6e6u75xmxt8.cloudfront.net\/6\/2021\/05\/manillar-y-potencia-integrados-scaled.jpg\",\"contentUrl\":\"https:\/\/d2p6e6u75xmxt8.cloudfront.net\/6\/2021\/05\/manillar-y-potencia-integrados-scaled.jpg\",\"width\":2560,\"height\":1306},{\"@type\":\"BreadcrumbList\",\"@id\":\"https:\/\/www.welovecycling.com\/es\/2021\/05\/12\/manillar-y-potencia-integrados\/#breadcrumb\",\"itemListElement\":[{\"@type\":\"ListItem\",\"position\":1,\"name\":\"Home\",\"item\":\"https:\/\/www.welovecycling.com\/es\/\"},{\"@type\":\"ListItem\",\"position\":2,\"name\":\"Manillar y potencia integrados. Ventajas, desventajas y recomendaciones\"}]},{\"@type\":\"WebSite\",\"@id\":\"https:\/\/www.welovecycling.com\/es\/#website\",\"url\":\"https:\/\/www.welovecycling.com\/es\/\",\"name\":\"\u0160koda We Love Cycling - Spain\",\"description\":\"\u0160koda WeLoveCycling Spain\",\"potentialAction\":[{\"@type\":\"SearchAction\",\"target\":{\"@type\":\"EntryPoint\",\"urlTemplate\":\"https:\/\/www.welovecycling.com\/es\/?s={search_term_string}\"},\"query-input\":{\"@type\":\"PropertyValueSpecification\",\"valueRequired\":true,\"valueName\":\"search_term_string\"}}],\"inLanguage\":\"es-ES\"},{\"@type\":\"Person\",\"@id\":\"https:\/\/www.welovecycling.com\/es\/#\/schema\/person\/deb61715b5812698ee79fb96f343ccd4\",\"name\":\"We Love Cycling Spain\",\"image\":{\"@type\":\"ImageObject\",\"inLanguage\":\"es-ES\",\"@id\":\"https:\/\/www.welovecycling.com\/es\/#\/schema\/person\/image\/\",\"url\":\"https:\/\/secure.gravatar.com\/avatar\/c824b04e6df0e37a03219d0b6481672889df542894588964102459e46513159c?s=96&d=mm&r=g\",\"contentUrl\":\"https:\/\/secure.gravatar.com\/avatar\/c824b04e6df0e37a03219d0b6481672889df542894588964102459e46513159c?s=96&d=mm&r=g\",\"caption\":\"We Love Cycling Spain\"},\"url\":\"https:\/\/www.welovecycling.com\/es\/author\/amunoz\/\"}]}<\/script>\n<!-- \/ Yoast SEO Premium plugin. -->","yoast_head_json":{"title":"Manillar y potencia integrados. Ventajas, desventajas y recomendaciones","description":"Manillar y potencia integrados. Ventajas, desventajas y recomendaciones. Una gu\u00eda para ayudarte a decidir que manillar te conviene.","robots":{"index":"index","follow":"follow","max-snippet":"max-snippet:-1","max-image-preview":"max-image-preview:large","max-video-preview":"max-video-preview:-1"},"canonical":"https:\/\/www.welovecycling.com\/es\/2021\/05\/12\/manillar-y-potencia-integrados\/","og_locale":"es_ES","og_type":"article","og_title":"Manillar y potencia integrados. Ventajas, desventajas y recomendaciones","og_description":"Manillar y potencia integrados. Ventajas, desventajas y recomendaciones. Una gu\u00eda para ayudarte a decidir que manillar te conviene.","og_url":"https:\/\/www.welovecycling.com\/es\/2021\/05\/12\/manillar-y-potencia-integrados\/","og_site_name":"\u0160koda We Love Cycling - Spain","article_published_time":"2021-05-12T17:33:00+00:00","og_image":[{"width":2560,"height":1306,"url":"https:\/\/d2p6e6u75xmxt8.cloudfront.net\/6\/2021\/05\/manillar-y-potencia-integrados-scaled.jpg","type":"image\/jpeg"}],"author":"We Love Cycling Spain","twitter_card":"summary_large_image","twitter_misc":{"Written by":"Luis Ortega @ciclored","Est. reading time":"4 minutes"},"schema":{"@context":"https:\/\/schema.org","@graph":[{"@type":"WebPage","@id":"https:\/\/www.welovecycling.com\/es\/2021\/05\/12\/manillar-y-potencia-integrados\/","url":"https:\/\/www.welovecycling.com\/es\/2021\/05\/12\/manillar-y-potencia-integrados\/","name":"Manillar y potencia integrados. Ventajas, desventajas y recomendaciones","isPartOf":{"@id":"https:\/\/www.welovecycling.com\/es\/#website"},"primaryImageOfPage":{"@id":"https:\/\/www.welovecycling.com\/es\/2021\/05\/12\/manillar-y-potencia-integrados\/#primaryimage"},"image":{"@id":"https:\/\/www.welovecycling.com\/es\/2021\/05\/12\/manillar-y-potencia-integrados\/#primaryimage"},"thumbnailUrl":"https:\/\/d2p6e6u75xmxt8.cloudfront.net\/6\/2021\/05\/manillar-y-potencia-integrados-scaled.jpg","datePublished":"2021-05-12T17:33:00+00:00","author":{"@id":"https:\/\/www.welovecycling.com\/es\/#\/schema\/person\/deb61715b5812698ee79fb96f343ccd4"},"description":"Manillar y potencia integrados. Ventajas, desventajas y recomendaciones. Una gu\u00eda para ayudarte a decidir que manillar te conviene.","breadcrumb":{"@id":"https:\/\/www.welovecycling.com\/es\/2021\/05\/12\/manillar-y-potencia-integrados\/#breadcrumb"},"inLanguage":"es-ES","potentialAction":[{"@type":"ReadAction","target":["https:\/\/www.welovecycling.com\/es\/2021\/05\/12\/manillar-y-potencia-integrados\/"]}]},{"@type":"ImageObject","inLanguage":"es-ES","@id":"https:\/\/www.welovecycling.com\/es\/2021\/05\/12\/manillar-y-potencia-integrados\/#primaryimage","url":"https:\/\/d2p6e6u75xmxt8.cloudfront.net\/6\/2021\/05\/manillar-y-potencia-integrados-scaled.jpg","contentUrl":"https:\/\/d2p6e6u75xmxt8.cloudfront.net\/6\/2021\/05\/manillar-y-potencia-integrados-scaled.jpg","width":2560,"height":1306},{"@type":"BreadcrumbList","@id":"https:\/\/www.welovecycling.com\/es\/2021\/05\/12\/manillar-y-potencia-integrados\/#breadcrumb","itemListElement":[{"@type":"ListItem","position":1,"name":"Home","item":"https:\/\/www.welovecycling.com\/es\/"},{"@type":"ListItem","position":2,"name":"Manillar y potencia integrados. Ventajas, desventajas y recomendaciones"}]},{"@type":"WebSite","@id":"https:\/\/www.welovecycling.com\/es\/#website","url":"https:\/\/www.welovecycling.com\/es\/","name":"\u0160koda We Love Cycling - Spain","description":"\u0160koda WeLoveCycling Spain","potentialAction":[{"@type":"SearchAction","target":{"@type":"EntryPoint","urlTemplate":"https:\/\/www.welovecycling.com\/es\/?s={search_term_string}"},"query-input":{"@type":"PropertyValueSpecification","valueRequired":true,"valueName":"search_term_string"}}],"inLanguage":"es-ES"},{"@type":"Person","@id":"https:\/\/www.welovecycling.com\/es\/#\/schema\/person\/deb61715b5812698ee79fb96f343ccd4","name":"We Love Cycling Spain","image":{"@type":"ImageObject","inLanguage":"es-ES","@id":"https:\/\/www.welovecycling.com\/es\/#\/schema\/person\/image\/","url":"https:\/\/secure.gravatar.com\/avatar\/c824b04e6df0e37a03219d0b6481672889df542894588964102459e46513159c?s=96&d=mm&r=g","contentUrl":"https:\/\/secure.gravatar.com\/avatar\/c824b04e6df0e37a03219d0b6481672889df542894588964102459e46513159c?s=96&d=mm&r=g","caption":"We Love Cycling Spain"},"url":"https:\/\/www.welovecycling.com\/es\/author\/amunoz\/"}]}},"_links":{"self":[{"href":"https:\/\/www.welovecycling.com\/es\/wp-json\/wp\/v2\/posts\/7570","targetHints":{"allow":["GET"]}}],"collection":[{"href":"https:\/\/www.welovecycling.com\/es\/wp-json\/wp\/v2\/posts"}],"about":[{"href":"https:\/\/www.welovecycling.com\/es\/wp-json\/wp\/v2\/types\/post"}],"author":[{"embeddable":true,"href":"https:\/\/www.welovecycling.com\/es\/wp-json\/wp\/v2\/users\/29"}],"replies":[{"embeddable":true,"href":"https:\/\/www.welovecycling.com\/es\/wp-json\/wp\/v2\/comments?post=7570"}],"version-history":[{"count":1,"href":"https:\/\/www.welovecycling.com\/es\/wp-json\/wp\/v2\/posts\/7570\/revisions"}],"predecessor-version":[{"id":7574,"href":"https:\/\/www.welovecycling.com\/es\/wp-json\/wp\/v2\/posts\/7570\/revisions\/7574"}],"wp:featuredmedia":[{"embeddable":true,"href":"https:\/\/www.welovecycling.com\/es\/wp-json\/wp\/v2\/media\/7571"}],"wp:attachment":[{"href":"https:\/\/www.welovecycling.com\/es\/wp-json\/wp\/v2\/media?parent=7570"}],"wp:term":[{"taxonomy":"category","embeddable":true,"href":"https:\/\/www.welovecycling.com\/es\/wp-json\/wp\/v2\/categories?post=7570"},{"taxonomy":"post_tag","embeddable":true,"href":"https:\/\/www.welovecycling.com\/es\/wp-json\/wp\/v2\/tags?post=7570"},{"taxonomy":"global-categories","embeddable":true,"href":"https:\/\/www.welovecycling.com\/es\/wp-json\/wp\/v2\/global-categories?post=7570"}],"curies":[{"name":"wp","href":"https:\/\/api.w.org\/{rel}","templated":true}]}}