{"id":7510,"date":"2021-04-29T19:21:35","date_gmt":"2021-04-29T17:21:35","guid":{"rendered":"https:\/\/www.welovecycling.com\/es\/?p=7510"},"modified":"2021-04-25T20:03:41","modified_gmt":"2021-04-25T18:03:41","slug":"ciclismo-en-los-juegos-olimpicos-tokio","status":"publish","type":"post","link":"https:\/\/www.welovecycling.com\/es\/2021\/04\/29\/ciclismo-en-los-juegos-olimpicos-tokio\/","title":{"rendered":"Gu\u00eda y calendario de ciclismo en los Juegos Ol\u00edmpicos de Tokio"},"content":{"rendered":"<p><strong>A menos de 100 d\u00edas, es la hora de la verdad para los esperanzados Juegos Ol\u00edmpicos y los pacientes aficionados que llevan m\u00e1s de un a\u00f1o esperando que comience la acci\u00f3n. Sin embargo, m\u00e1s vale tarde que nunca, y con la antorcha ol\u00edmpica oficialmente en camino hacia su destino en el estadio de la coronaci\u00f3n de Tokio, la UCI ha publicado una gu\u00eda y un calendario de ciclismo para los Juegos Ol\u00edmpicos de Tokio 2020\/2021 (\u00a1el merchandising va a ser confuso para todos nosotros, amigos!).<\/strong><\/p>\n<p><!--more--><\/p>\n<p>El calendario de ciclismo en los Juegos Ol\u00edmpicos de Tokio comenzar\u00e1 el <a href=\"https:\/\/www.olympicchannel.com\/en\/stories\/features\/detail\/olympic-road-cycling-tokyo-2020-games-2021-five-things-preview\/\">24 de julio<\/a>, justo un d\u00eda despu\u00e9s de las ceremonias de inauguraci\u00f3n, y se abrir\u00e1n con la prueba de ruta masculina. Los Juegos contar\u00e1n con cinco disciplinas ciclistas: carretera, pista, MTB, carreras de BMX y, por primera vez, BMX Freestyle. Por supuesto, las cosas ser\u00e1n un poco diferentes este a\u00f1o, con un n\u00famero notablemente menor de aficionados y un conjunto de protocolos adicionales de seguridad e higiene. Sin embargo, seguir\u00e1 habiendo muchas carreras \u00e9picas, rivalidades pol\u00e9micas e incluso algunas primicias ol\u00edmpicas. Echemos un vistazo a la historia del ciclismo ol\u00edmpico y a lo que nos espera este verano<\/p>\n<figure id=\"attachment_7512\" aria-describedby=\"caption-attachment-7512\" style=\"width: 1024px\" class=\"wp-caption alignnone\"><a href=\"https:\/\/d2p6e6u75xmxt8.cloudfront.net\/2\/2021\/04\/Downhill-jump-profimedia-0555933276-1.jpg\"><img loading=\"lazy\" decoding=\"async\" class=\"wp-image-7512 size-large\" src=\"https:\/\/d2p6e6u75xmxt8.cloudfront.net\/6\/2021\/04\/Downhill-jump-profimedia-0555933276-1-1024x683.jpg\" alt=\"BMX\" width=\"1024\" height=\"683\" srcset=\"https:\/\/d2p6e6u75xmxt8.cloudfront.net\/6\/2021\/04\/Downhill-jump-profimedia-0555933276-1-1024x683.jpg 1024w, https:\/\/d2p6e6u75xmxt8.cloudfront.net\/6\/2021\/04\/Downhill-jump-profimedia-0555933276-1-300x200.jpg 300w, https:\/\/d2p6e6u75xmxt8.cloudfront.net\/6\/2021\/04\/Downhill-jump-profimedia-0555933276-1-768x512.jpg 768w, https:\/\/d2p6e6u75xmxt8.cloudfront.net\/6\/2021\/04\/Downhill-jump-profimedia-0555933276-1-1536x1024.jpg 1536w, https:\/\/d2p6e6u75xmxt8.cloudfront.net\/6\/2021\/04\/Downhill-jump-profimedia-0555933276-1-272x182.jpg 272w, https:\/\/d2p6e6u75xmxt8.cloudfront.net\/6\/2021\/04\/Downhill-jump-profimedia-0555933276-1.jpg 1800w\" sizes=\"auto, (max-width: 1024px) 100vw, 1024px\" \/><\/a><figcaption id=\"caption-attachment-7512\" class=\"wp-caption-text\">El BMX Freestyle debuta en Tokio. \u00a9 Profimedia<\/figcaption><\/figure>\n<h2><strong><br \/>\nUna larga historia<\/strong><\/h2>\n<p>Desde que se organizaron los primeros Juegos Ol\u00edmpicos modernos en 1896, el ciclismo ha estado presente en el programa. El ciclismo, uno de los cinco deportes que han participado en todas las ediciones de los Juegos de verano, desempe\u00f1a un papel fundamental en la historia del evento deportivo m\u00e1s ilustre. Con cinco disciplinas distintas, gracias a la incorporaci\u00f3n del BMX Freestyle por primera vez en Tokio, el ciclismo ha poblado el programa ol\u00edmpico de la siguiente manera<\/p>\n<p>&#8211; Carretera (desde Atenas 1896 para los hombres, Los \u00c1ngeles 1984 para las mujeres)<br \/>\n&#8211; Pista (desde Atenas 1896 para los hombres, Se\u00fal 1988 para las mujeres)<br \/>\n&#8211; Bicicleta de monta\u00f1a (desde Atlanta 1996)<br \/>\n&#8211; Carreras de BMX (desde Pek\u00edn 2008)<br \/>\n&#8211; BMX Freestyle (desde Tokio 2020).<\/p>\n<p>A continuaci\u00f3n desglosaremos las disciplinas, pero en total hay 22 medallas de oro listas y esperando a que la \u00e9lite del ciclismo las reclame en Tokio. Esto convierte al ciclismo en el tercer deporte, despu\u00e9s del atletismo y la nataci\u00f3n, en t\u00e9rminos de cantidad de medallas concedidas y n\u00famero de atletas participantes.<\/p>\n<h2><strong>Avanzando en la paridad de g\u00e9nero<\/strong><\/h2>\n<p>Como se puede observar, las <a href=\"https:\/\/www.welovecycling.com\/es\/2018\/08\/07\/el-ciclismo-femenino-en-numeros\/\">mujeres ciclistas<\/a> llegaron a los Juegos Ol\u00edmpicos casi 100 a\u00f1os despu\u00e9s que los hombres, y todav\u00eda no est\u00e1n en igualdad de condiciones. A pesar de la significativa mejora, puede ser dif\u00edcil comprender hasta qu\u00e9 punto la discrepancia de g\u00e9nero era tan pronunciada. Por supuesto, eso no significa que no haya habido mujeres montando a un nivel muy alto durante todo este tiempo, y se pusieron a trabajar directamente para recuperar el tiempo perdido.<\/p>\n<figure id=\"attachment_7513\" aria-describedby=\"caption-attachment-7513\" style=\"width: 1024px\" class=\"wp-caption alignnone\"><a href=\"https:\/\/d2p6e6u75xmxt8.cloudfront.net\/2\/2021\/04\/Anna-van-der-Breggen-profimedia-0606505681.jpg\"><img loading=\"lazy\" decoding=\"async\" class=\"size-large wp-image-7513\" src=\"https:\/\/d2p6e6u75xmxt8.cloudfront.net\/6\/2021\/04\/Anna-van-der-Breggen-profimedia-0606505681-1024x682.jpg\" alt=\"Anna van der Breggen \" width=\"1024\" height=\"682\" srcset=\"https:\/\/d2p6e6u75xmxt8.cloudfront.net\/6\/2021\/04\/Anna-van-der-Breggen-profimedia-0606505681-1024x682.jpg 1024w, https:\/\/d2p6e6u75xmxt8.cloudfront.net\/6\/2021\/04\/Anna-van-der-Breggen-profimedia-0606505681-300x200.jpg 300w, https:\/\/d2p6e6u75xmxt8.cloudfront.net\/6\/2021\/04\/Anna-van-der-Breggen-profimedia-0606505681-768x512.jpg 768w, https:\/\/d2p6e6u75xmxt8.cloudfront.net\/6\/2021\/04\/Anna-van-der-Breggen-profimedia-0606505681-272x182.jpg 272w, https:\/\/d2p6e6u75xmxt8.cloudfront.net\/6\/2021\/04\/Anna-van-der-Breggen-profimedia-0606505681.jpg 1250w\" sizes=\"auto, (max-width: 1024px) 100vw, 1024px\" \/><\/a><figcaption id=\"caption-attachment-7513\" class=\"wp-caption-text\">Anna van der Breggen en los Juegos Ol\u00edmpicos de Rio 2016. \u00a9 Profimedia<\/figcaption><\/figure>\n<p>Las mujeres hicieron su esperado debut ol\u00edmpico en carretera en Los \u00c1ngeles 1984. Un \u00e9xito indiscutible al que se sumaron las carreras en pista cuatro a\u00f1os despu\u00e9s. Los Juegos Ol\u00edmpicos de verano de 2012 fueron los primeros en los que hombres y mujeres compitieron en el mismo n\u00famero de pruebas en todas las disciplinas del ciclismo (anteriormente, el ciclismo en pista ten\u00eda m\u00e1s pruebas para hombres que para mujeres). Por \u00faltimo, a finales del a\u00f1o pasado, la UCI anunci\u00f3 que en los Juegos Ol\u00edmpicos de Par\u00eds 2024 competir\u00edan el mismo n\u00famero de ciclistas femeninos y masculinos, con la equiparaci\u00f3n de las cuotas de atletas en carretera y en pista (ya conseguida para las carreras de BMX, BMX Freestyle y bicicleta de monta\u00f1a).<\/p>\n<h2><strong>El ciclismo de carretera&#8230; lleno de monta\u00f1as<\/strong><\/h2>\n<p>Por lo que respecta a este a\u00f1o, el ciclismo de carretera de los Juegos de Tokio 2020 en 2021 se dividir\u00e1 en dos pruebas para cada g\u00e9nero: Fondo en carretera y contrarreloj. La prueba en l\u00ednea contar\u00e1 con 130 hombres y 67 mujeres, respectivamente. Los hombres recorrer\u00e1n 234 km con un desnivel de 4.865 metros, mientras que la carrera femenina en carretera s\u00f3lo recorrer\u00e1 137 km con un desnivel de 2.692 metros. Ambas contrarrelojes individuales volver\u00e1n a ser individuales. Los hombres competir\u00e1n en dos vueltas al circuito de 22,1 km; las mujeres dar\u00e1n una vuelta.<\/p>\n<p>Un dato interesante a tener en cuenta para los entusiastas del fondo en carretera es que en Tokio se produjo la llegada m\u00e1s re\u00f1ida en la historia de los Juegos Ol\u00edmpicos. En 1964, nadie pudo realizar una escapada con \u00e9xito, y los 99 primeros clasificados obtuvieron un tiempo que estaba a menos de dos d\u00e9cimas del medallista de oro, el italiano Mario Zanin.<\/p>\n<h2><strong>La MTB reta a Izu<\/strong><\/h2>\n<div class=\"embed-controller-wrapper\">\n<blockquote class=\"twitter-tweet\" data-width=\"500\" data-dnt=\"true\">\n<p lang=\"en\" dir=\"ltr\">\ud83d\udcaf \ud835\ude3f\ud835\ude3c\ud835\ude54\ud835\ude4e \u203c\ufe0f<a href=\"https:\/\/twitter.com\/hashtag\/Tokyo2020?src=hash&amp;ref_src=twsrc%5Etfw\">#Tokyo2020<\/a> | <a href=\"https:\/\/twitter.com\/Tokyo2020?ref_src=twsrc%5Etfw\">@Tokyo2020<\/a> | <a href=\"https:\/\/twitter.com\/Olympics?ref_src=twsrc%5Etfw\">@Olympics<\/a> <\/p>\n<p> <a href=\"https:\/\/t.co\/Q55OdRE7EJ\">pic.twitter.com\/Q55OdRE7EJ<\/a><\/p>\n<p>&mdash; UCI MTB (@UCI_MTB) <a href=\"https:\/\/twitter.com\/UCI_MTB\/status\/1382229732079636480?ref_src=twsrc%5Etfw\">April 14, 2021<\/a><\/p><\/blockquote>\n<p><script async data-src=\"https:\/\/platform.twitter.com\/widgets.js\" charset=\"utf-8\"><\/script><\/div>\n<p>Este a\u00f1o, los mejores bikers del mundo se enfrentar\u00e1n a un recorrido especialmente dise\u00f1ado de 4,1 km en Izu. Con el ic\u00f3nico Monte Fuji como tel\u00f3n de fondo, los ciclistas se enfrentar\u00e1n a 150 m de elevaci\u00f3n por vuelta, que deber\u00e1n recorrer varias veces. Las carreras de 2019 en el mismo circuito generaron muchos elogios por parte de los ciclistas, a los que les gust\u00f3\u00a0 enfrentarse a un recorrido tan exigente desde el punto de vista t\u00e9cnico y f\u00edsico. La carrera masculina tendr\u00e1 lugar el lunes 26 de julio, seguida de la carrera femenina el martes 27 de julio.<\/p>\n<h2><strong>Las carreras de <\/strong><strong>BMX <\/strong><strong>al lado del mar<\/strong><\/h2>\n<p>En su cuarta edici\u00f3n ol\u00edmpica, las carreras de BMX se celebrar\u00e1n en el Parque Deportivo Urbano de Ariake, en el paseo mar\u00edtimo. No muy lejos de la Villa de los Atletas, este emocionante evento se desarrollar\u00e1 durante dos d\u00edas para hombres y mujeres. Seg\u00fan la UCI, en un evento de prueba celebrado en octubre de 2019, la victoria fue para el franc\u00e9s Romain Mahieu en la competici\u00f3n masculina, mientras que la australiana Saya Sakakibara demostr\u00f3 ser la m\u00e1s fuerte en el campo femenino.<\/p>\n<h2><strong>Dos BMX freestylers har\u00e1n historia en los Juegos<\/strong><\/h2>\n<p>En esta primera competici\u00f3n, que tambi\u00e9n se desarrollar\u00e1 en dos d\u00edas, dos personas se convertir\u00e1n en los primeros campeones ol\u00edmpicos de BMX Freestyle Park masculino y femenino de la historia. Con nueve mujeres y nueve hombres deseosos de reclamar este t\u00edtulo hist\u00f3rico, se puede apostar que el ambiente en el Parque Deportivo Urbano de Ariake ser\u00e1 tenso, emocionante y rebosante de nerviosismo. Este acontecimiento inaugural tendr\u00e1 lugar el s\u00e1bado 31 de julio (clasificaci\u00f3n femenina y masculina) y el domingo 1 de agosto (finales femenina y masculina).).<\/p>\n<h2><strong>El ciclismo de pista en el Centro Sat\u00e9lite UCI World Cycling\u00a0<\/strong><\/h2>\n<figure id=\"attachment_7514\" aria-describedby=\"caption-attachment-7514\" style=\"width: 1024px\" class=\"wp-caption alignnone\"><a href=\"https:\/\/d2p6e6u75xmxt8.cloudfront.net\/2\/2021\/04\/Izu-velodrome-profimedia-0475315692.jpg\"><img loading=\"lazy\" decoding=\"async\" class=\"size-large wp-image-7514\" src=\"https:\/\/d2p6e6u75xmxt8.cloudfront.net\/6\/2021\/04\/Izu-velodrome-profimedia-0475315692-1024x725.jpg\" alt=\"Izu velodrome\" width=\"1024\" height=\"725\" srcset=\"https:\/\/d2p6e6u75xmxt8.cloudfront.net\/6\/2021\/04\/Izu-velodrome-profimedia-0475315692-1024x725.jpg 1024w, https:\/\/d2p6e6u75xmxt8.cloudfront.net\/6\/2021\/04\/Izu-velodrome-profimedia-0475315692-300x212.jpg 300w, https:\/\/d2p6e6u75xmxt8.cloudfront.net\/6\/2021\/04\/Izu-velodrome-profimedia-0475315692-768x544.jpg 768w, https:\/\/d2p6e6u75xmxt8.cloudfront.net\/6\/2021\/04\/Izu-velodrome-profimedia-0475315692.jpg 1250w\" sizes=\"auto, (max-width: 1024px) 100vw, 1024px\" \/><\/a><figcaption id=\"caption-attachment-7514\" class=\"wp-caption-text\">Izu, sede del vel\u00f3dromo para la competici\u00f3n de ciclismo en pista de los Juegos Ol\u00edmpicos de Tokio 2020\/2021. \u00a9 Profimedia<\/figcaption><\/figure>\n<p>Los entusiastas del ciclismo de pista ya conocer\u00e1n el teatro del drama del vel\u00f3dromo ol\u00edmpico de este a\u00f1o. El vel\u00f3dromo cubierto de Izu, en Shuzenji (prefectura de Shizuoka), que alberga uno de los sat\u00e9lites del Centro Mundial de Ciclismo de la UCI, ver\u00e1 coronarse a los campeones ol\u00edmpicos en 12 pruebas: el keirin, el omnium, el sprint, el sprint por equipos, la persecuci\u00f3n por equipos y la madison, tanto para hombres como para mujeres.<\/p>\n<h2><strong>Un evento diferente a los anteriores<\/strong><\/h2>\n<p>A pesar de las diversas controversias y los desaf\u00edos a su relevancia a lo largo de los a\u00f1os, los Juegos Ol\u00edmpicos siguen siendo un estandarte firme de la excelencia atl\u00e9tica y pueblan los sue\u00f1os de muchos j\u00f3venes deportistas. Un testimonio del trabajo duro, la determinaci\u00f3n y la fuerza de voluntad: el simple hecho de entrar en un equipo ol\u00edmpico requiere un nivel de dedicaci\u00f3n que pocos conocen. La precisi\u00f3n, el rigor y la perseverancia son cualidades que caracterizan a los que lo consiguen, lo cual es parte de lo que hace que este a\u00f1o sea especialmente interesante. Todos los atletas que compiten se encuentran en una posici\u00f3n \u00fanica, ya que los Juegos se han retrasado un a\u00f1o, y nadie quiere llegar al mayor escenario de todos ellos sinti\u00e9ndose oxidado.<\/p>\n<p>En un a\u00f1o de carreras canceladas y circunstancias impredecibles el clima de cara a los Juegos Ol\u00edmpicos de este a\u00f1o es a\u00fan m\u00e1s vol\u00e1til de lo habitual. Los atletas de \u00e9lite han tenido que recurrir a medios poco convencionales para mantener su motivaci\u00f3n y concentraci\u00f3n. Inevitablemente, algunos se han adaptado mejor que otros, y los pr\u00f3ximos meses ser\u00e1n cruciales para los aspirantes a los Juegos Ol\u00edmpicos, ya que competir\u00e1n en sus \u00faltimas pruebas clasificatorias.<\/p>\n","protected":false},"excerpt":{"rendered":"<p>A menos de 100 d\u00edas, es la hora de la verdad para los esperanzados Juegos Ol\u00edmpicos y los pacientes aficionados [&hellip;]<\/p>\n","protected":false},"author":29,"featured_media":7516,"comment_status":"open","ping_status":"open","sticky":false,"template":"","format":"standard","meta":{"footnotes":""},"categories":[7,9],"tags":[],"global-categories":[],"class_list":["post-7510","post","type-post","status-publish","format-standard","has-post-thumbnail","hentry","category-carretera","category-mtb-aventura"],"yoast_head":"<!-- This site is optimized with the Yoast SEO Premium plugin v25.3 (Yoast SEO v25.9) - https:\/\/yoast.com\/wordpress\/plugins\/seo\/ -->\n<title>Gu\u00eda y calendario de ciclismo en los Juegos Ol\u00edmpicos de Tokio<\/title>\n<meta name=\"description\" content=\"Gu\u00eda y calendario de ciclismo en los Juegos Ol\u00edmpicos de Tokio. Hasta cinco modalidades de ciclismo y 22 medallas de oro para repartir.\" \/>\n<meta name=\"robots\" content=\"index, follow, max-snippet:-1, max-image-preview:large, max-video-preview:-1\" \/>\n<link rel=\"canonical\" href=\"https:\/\/www.welovecycling.com\/es\/2021\/04\/29\/ciclismo-en-los-juegos-olimpicos-tokio\/\" \/>\n<meta property=\"og:locale\" content=\"es_ES\" \/>\n<meta property=\"og:type\" content=\"article\" \/>\n<meta property=\"og:title\" content=\"Gu\u00eda y calendario de ciclismo en los Juegos Ol\u00edmpicos de Tokio\" \/>\n<meta property=\"og:description\" content=\"Gu\u00eda y calendario de ciclismo en los Juegos Ol\u00edmpicos de Tokio. Hasta cinco modalidades de ciclismo y 22 medallas de oro para repartir.\" \/>\n<meta property=\"og:url\" content=\"https:\/\/www.welovecycling.com\/es\/2021\/04\/29\/ciclismo-en-los-juegos-olimpicos-tokio\/\" \/>\n<meta property=\"og:site_name\" content=\"\u0160koda We Love Cycling - Spain\" \/>\n<meta property=\"article:published_time\" content=\"2021-04-29T17:21:35+00:00\" \/>\n<meta property=\"og:image\" content=\"https:\/\/d2p6e6u75xmxt8.cloudfront.net\/6\/2021\/04\/Tokyo-Olympics-profimedia-0589207959-CVR.jpg\" \/>\n\t<meta property=\"og:image:width\" content=\"1366\" \/>\n\t<meta property=\"og:image:height\" content=\"600\" \/>\n\t<meta property=\"og:image:type\" content=\"image\/jpeg\" \/>\n<meta name=\"author\" content=\"We Love Cycling Spain\" \/>\n<meta name=\"twitter:card\" content=\"summary_large_image\" \/>\n<meta name=\"twitter:title\" content=\"Gu\u00eda y calendario de ciclismo en los Juegos Ol\u00edmpicos de Tokio\" \/>\n<meta name=\"twitter:description\" content=\"Gu\u00eda y calendario de ciclismo en los Juegos Ol\u00edmpicos de Tokio. Hasta cinco modalidades de ciclismo y 22 medallas de oro para repartir.\" \/>\n<meta name=\"twitter:label1\" content=\"Written by\" \/>\n\t<meta name=\"twitter:data1\" content=\"Megan Flottorp\" \/>\n\t<meta name=\"twitter:label2\" content=\"Est. reading time\" \/>\n\t<meta name=\"twitter:data2\" content=\"6\" \/>\n<script type=\"application\/ld+json\" class=\"yoast-schema-graph\">{\"@context\":\"https:\/\/schema.org\",\"@graph\":[{\"@type\":\"WebPage\",\"@id\":\"https:\/\/www.welovecycling.com\/es\/2021\/04\/29\/ciclismo-en-los-juegos-olimpicos-tokio\/\",\"url\":\"https:\/\/www.welovecycling.com\/es\/2021\/04\/29\/ciclismo-en-los-juegos-olimpicos-tokio\/\",\"name\":\"Gu\u00eda y calendario de ciclismo en los Juegos Ol\u00edmpicos de Tokio\",\"isPartOf\":{\"@id\":\"https:\/\/www.welovecycling.com\/es\/#website\"},\"primaryImageOfPage\":{\"@id\":\"https:\/\/www.welovecycling.com\/es\/2021\/04\/29\/ciclismo-en-los-juegos-olimpicos-tokio\/#primaryimage\"},\"image\":{\"@id\":\"https:\/\/www.welovecycling.com\/es\/2021\/04\/29\/ciclismo-en-los-juegos-olimpicos-tokio\/#primaryimage\"},\"thumbnailUrl\":\"https:\/\/d2p6e6u75xmxt8.cloudfront.net\/6\/2021\/04\/Tokyo-Olympics-profimedia-0589207959-CVR.jpg\",\"datePublished\":\"2021-04-29T17:21:35+00:00\",\"author\":{\"@id\":\"https:\/\/www.welovecycling.com\/es\/#\/schema\/person\/deb61715b5812698ee79fb96f343ccd4\"},\"description\":\"Gu\u00eda y calendario de ciclismo en los Juegos Ol\u00edmpicos de Tokio. Hasta cinco modalidades de ciclismo y 22 medallas de oro para repartir.\",\"breadcrumb\":{\"@id\":\"https:\/\/www.welovecycling.com\/es\/2021\/04\/29\/ciclismo-en-los-juegos-olimpicos-tokio\/#breadcrumb\"},\"inLanguage\":\"es-ES\",\"potentialAction\":[{\"@type\":\"ReadAction\",\"target\":[\"https:\/\/www.welovecycling.com\/es\/2021\/04\/29\/ciclismo-en-los-juegos-olimpicos-tokio\/\"]}]},{\"@type\":\"ImageObject\",\"inLanguage\":\"es-ES\",\"@id\":\"https:\/\/www.welovecycling.com\/es\/2021\/04\/29\/ciclismo-en-los-juegos-olimpicos-tokio\/#primaryimage\",\"url\":\"https:\/\/d2p6e6u75xmxt8.cloudfront.net\/6\/2021\/04\/Tokyo-Olympics-profimedia-0589207959-CVR.jpg\",\"contentUrl\":\"https:\/\/d2p6e6u75xmxt8.cloudfront.net\/6\/2021\/04\/Tokyo-Olympics-profimedia-0589207959-CVR.jpg\",\"width\":1366,\"height\":600,\"caption\":\"2021 Olympic Games\"},{\"@type\":\"BreadcrumbList\",\"@id\":\"https:\/\/www.welovecycling.com\/es\/2021\/04\/29\/ciclismo-en-los-juegos-olimpicos-tokio\/#breadcrumb\",\"itemListElement\":[{\"@type\":\"ListItem\",\"position\":1,\"name\":\"Home\",\"item\":\"https:\/\/www.welovecycling.com\/es\/\"},{\"@type\":\"ListItem\",\"position\":2,\"name\":\"Gu\u00eda y calendario de ciclismo en los Juegos Ol\u00edmpicos de Tokio\"}]},{\"@type\":\"WebSite\",\"@id\":\"https:\/\/www.welovecycling.com\/es\/#website\",\"url\":\"https:\/\/www.welovecycling.com\/es\/\",\"name\":\"\u0160koda We Love Cycling - Spain\",\"description\":\"\u0160koda WeLoveCycling Spain\",\"potentialAction\":[{\"@type\":\"SearchAction\",\"target\":{\"@type\":\"EntryPoint\",\"urlTemplate\":\"https:\/\/www.welovecycling.com\/es\/?s={search_term_string}\"},\"query-input\":{\"@type\":\"PropertyValueSpecification\",\"valueRequired\":true,\"valueName\":\"search_term_string\"}}],\"inLanguage\":\"es-ES\"},{\"@type\":\"Person\",\"@id\":\"https:\/\/www.welovecycling.com\/es\/#\/schema\/person\/deb61715b5812698ee79fb96f343ccd4\",\"name\":\"We Love Cycling Spain\",\"image\":{\"@type\":\"ImageObject\",\"inLanguage\":\"es-ES\",\"@id\":\"https:\/\/www.welovecycling.com\/es\/#\/schema\/person\/image\/\",\"url\":\"https:\/\/secure.gravatar.com\/avatar\/c824b04e6df0e37a03219d0b6481672889df542894588964102459e46513159c?s=96&d=mm&r=g\",\"contentUrl\":\"https:\/\/secure.gravatar.com\/avatar\/c824b04e6df0e37a03219d0b6481672889df542894588964102459e46513159c?s=96&d=mm&r=g\",\"caption\":\"We Love Cycling Spain\"},\"url\":\"https:\/\/www.welovecycling.com\/es\/author\/amunoz\/\"}]}<\/script>\n<!-- \/ Yoast SEO Premium plugin. -->","yoast_head_json":{"title":"Gu\u00eda y calendario de ciclismo en los Juegos Ol\u00edmpicos de Tokio","description":"Gu\u00eda y calendario de ciclismo en los Juegos Ol\u00edmpicos de Tokio. Hasta cinco modalidades de ciclismo y 22 medallas de oro para repartir.","robots":{"index":"index","follow":"follow","max-snippet":"max-snippet:-1","max-image-preview":"max-image-preview:large","max-video-preview":"max-video-preview:-1"},"canonical":"https:\/\/www.welovecycling.com\/es\/2021\/04\/29\/ciclismo-en-los-juegos-olimpicos-tokio\/","og_locale":"es_ES","og_type":"article","og_title":"Gu\u00eda y calendario de ciclismo en los Juegos Ol\u00edmpicos de Tokio","og_description":"Gu\u00eda y calendario de ciclismo en los Juegos Ol\u00edmpicos de Tokio. Hasta cinco modalidades de ciclismo y 22 medallas de oro para repartir.","og_url":"https:\/\/www.welovecycling.com\/es\/2021\/04\/29\/ciclismo-en-los-juegos-olimpicos-tokio\/","og_site_name":"\u0160koda We Love Cycling - Spain","article_published_time":"2021-04-29T17:21:35+00:00","og_image":[{"width":1366,"height":600,"url":"https:\/\/d2p6e6u75xmxt8.cloudfront.net\/6\/2021\/04\/Tokyo-Olympics-profimedia-0589207959-CVR.jpg","type":"image\/jpeg"}],"author":"We Love Cycling Spain","twitter_card":"summary_large_image","twitter_title":"Gu\u00eda y calendario de ciclismo en los Juegos Ol\u00edmpicos de Tokio","twitter_description":"Gu\u00eda y calendario de ciclismo en los Juegos Ol\u00edmpicos de Tokio. Hasta cinco modalidades de ciclismo y 22 medallas de oro para repartir.","twitter_misc":{"Written by":"Megan Flottorp","Est. reading time":"6"},"schema":{"@context":"https:\/\/schema.org","@graph":[{"@type":"WebPage","@id":"https:\/\/www.welovecycling.com\/es\/2021\/04\/29\/ciclismo-en-los-juegos-olimpicos-tokio\/","url":"https:\/\/www.welovecycling.com\/es\/2021\/04\/29\/ciclismo-en-los-juegos-olimpicos-tokio\/","name":"Gu\u00eda y calendario de ciclismo en los Juegos Ol\u00edmpicos de Tokio","isPartOf":{"@id":"https:\/\/www.welovecycling.com\/es\/#website"},"primaryImageOfPage":{"@id":"https:\/\/www.welovecycling.com\/es\/2021\/04\/29\/ciclismo-en-los-juegos-olimpicos-tokio\/#primaryimage"},"image":{"@id":"https:\/\/www.welovecycling.com\/es\/2021\/04\/29\/ciclismo-en-los-juegos-olimpicos-tokio\/#primaryimage"},"thumbnailUrl":"https:\/\/d2p6e6u75xmxt8.cloudfront.net\/6\/2021\/04\/Tokyo-Olympics-profimedia-0589207959-CVR.jpg","datePublished":"2021-04-29T17:21:35+00:00","author":{"@id":"https:\/\/www.welovecycling.com\/es\/#\/schema\/person\/deb61715b5812698ee79fb96f343ccd4"},"description":"Gu\u00eda y calendario de ciclismo en los Juegos Ol\u00edmpicos de Tokio. Hasta cinco modalidades de ciclismo y 22 medallas de oro para repartir.","breadcrumb":{"@id":"https:\/\/www.welovecycling.com\/es\/2021\/04\/29\/ciclismo-en-los-juegos-olimpicos-tokio\/#breadcrumb"},"inLanguage":"es-ES","potentialAction":[{"@type":"ReadAction","target":["https:\/\/www.welovecycling.com\/es\/2021\/04\/29\/ciclismo-en-los-juegos-olimpicos-tokio\/"]}]},{"@type":"ImageObject","inLanguage":"es-ES","@id":"https:\/\/www.welovecycling.com\/es\/2021\/04\/29\/ciclismo-en-los-juegos-olimpicos-tokio\/#primaryimage","url":"https:\/\/d2p6e6u75xmxt8.cloudfront.net\/6\/2021\/04\/Tokyo-Olympics-profimedia-0589207959-CVR.jpg","contentUrl":"https:\/\/d2p6e6u75xmxt8.cloudfront.net\/6\/2021\/04\/Tokyo-Olympics-profimedia-0589207959-CVR.jpg","width":1366,"height":600,"caption":"2021 Olympic Games"},{"@type":"BreadcrumbList","@id":"https:\/\/www.welovecycling.com\/es\/2021\/04\/29\/ciclismo-en-los-juegos-olimpicos-tokio\/#breadcrumb","itemListElement":[{"@type":"ListItem","position":1,"name":"Home","item":"https:\/\/www.welovecycling.com\/es\/"},{"@type":"ListItem","position":2,"name":"Gu\u00eda y calendario de ciclismo en los Juegos Ol\u00edmpicos de Tokio"}]},{"@type":"WebSite","@id":"https:\/\/www.welovecycling.com\/es\/#website","url":"https:\/\/www.welovecycling.com\/es\/","name":"\u0160koda We Love Cycling - Spain","description":"\u0160koda WeLoveCycling Spain","potentialAction":[{"@type":"SearchAction","target":{"@type":"EntryPoint","urlTemplate":"https:\/\/www.welovecycling.com\/es\/?s={search_term_string}"},"query-input":{"@type":"PropertyValueSpecification","valueRequired":true,"valueName":"search_term_string"}}],"inLanguage":"es-ES"},{"@type":"Person","@id":"https:\/\/www.welovecycling.com\/es\/#\/schema\/person\/deb61715b5812698ee79fb96f343ccd4","name":"We Love Cycling Spain","image":{"@type":"ImageObject","inLanguage":"es-ES","@id":"https:\/\/www.welovecycling.com\/es\/#\/schema\/person\/image\/","url":"https:\/\/secure.gravatar.com\/avatar\/c824b04e6df0e37a03219d0b6481672889df542894588964102459e46513159c?s=96&d=mm&r=g","contentUrl":"https:\/\/secure.gravatar.com\/avatar\/c824b04e6df0e37a03219d0b6481672889df542894588964102459e46513159c?s=96&d=mm&r=g","caption":"We Love Cycling Spain"},"url":"https:\/\/www.welovecycling.com\/es\/author\/amunoz\/"}]}},"_links":{"self":[{"href":"https:\/\/www.welovecycling.com\/es\/wp-json\/wp\/v2\/posts\/7510","targetHints":{"allow":["GET"]}}],"collection":[{"href":"https:\/\/www.welovecycling.com\/es\/wp-json\/wp\/v2\/posts"}],"about":[{"href":"https:\/\/www.welovecycling.com\/es\/wp-json\/wp\/v2\/types\/post"}],"author":[{"embeddable":true,"href":"https:\/\/www.welovecycling.com\/es\/wp-json\/wp\/v2\/users\/29"}],"replies":[{"embeddable":true,"href":"https:\/\/www.welovecycling.com\/es\/wp-json\/wp\/v2\/comments?post=7510"}],"version-history":[{"count":2,"href":"https:\/\/www.welovecycling.com\/es\/wp-json\/wp\/v2\/posts\/7510\/revisions"}],"predecessor-version":[{"id":7517,"href":"https:\/\/www.welovecycling.com\/es\/wp-json\/wp\/v2\/posts\/7510\/revisions\/7517"}],"wp:featuredmedia":[{"embeddable":true,"href":"https:\/\/www.welovecycling.com\/es\/wp-json\/wp\/v2\/media\/7516"}],"wp:attachment":[{"href":"https:\/\/www.welovecycling.com\/es\/wp-json\/wp\/v2\/media?parent=7510"}],"wp:term":[{"taxonomy":"category","embeddable":true,"href":"https:\/\/www.welovecycling.com\/es\/wp-json\/wp\/v2\/categories?post=7510"},{"taxonomy":"post_tag","embeddable":true,"href":"https:\/\/www.welovecycling.com\/es\/wp-json\/wp\/v2\/tags?post=7510"},{"taxonomy":"global-categories","embeddable":true,"href":"https:\/\/www.welovecycling.com\/es\/wp-json\/wp\/v2\/global-categories?post=7510"}],"curies":[{"name":"wp","href":"https:\/\/api.w.org\/{rel}","templated":true}]}}