{"id":7473,"date":"2021-04-22T18:41:38","date_gmt":"2021-04-22T16:41:38","guid":{"rendered":"https:\/\/www.welovecycling.com\/es\/?p=7473"},"modified":"2021-04-20T21:12:53","modified_gmt":"2021-04-20T19:12:53","slug":"cambiar-cadena-de-la-bici","status":"publish","type":"post","link":"https:\/\/www.welovecycling.com\/es\/2021\/04\/22\/cambiar-cadena-de-la-bici\/","title":{"rendered":"C\u00f3mo saber cuando y como cambiar la cadena de la bici"},"content":{"rendered":"<p><strong>En uno de nuestros art\u00edculos anteriores, te dimos consejos sobre <a href=\"https:\/\/www.welovecycling.com\/es\/2020\/05\/21\/mantenimiento-cadena-bicicleta\/\">c\u00f3mo limpiar tu<\/a> cadena correctamente. Desgraciadamente, a veces limpiar la cadena no sirve de nada porque est\u00e1 demasiado desgastada, as\u00ed que la \u00fanica soluci\u00f3n es cambiarla. \u00bfC\u00f3mo saber cu\u00e1ndo y c\u00f3mo cambiar la cadena de la bici? <\/strong><\/p>\n<p><!--more--><\/p>\n<p>El primer m\u00e9todo, y el m\u00e1s sencillo, para comprobar el desgaste de la cadena es simplemente levantar la cadena del plato delantero. Cambia al pi\u00f1\u00f3n m\u00e1s peque\u00f1o del casete trasero y al plato m\u00e1s grande del delantero, y levanta la cadena del plato.<\/p>\n<figure id=\"attachment_7476\" aria-describedby=\"caption-attachment-7476\" style=\"width: 1022px\" class=\"wp-caption alignnone\"><a href=\"https:\/\/d2p6e6u75xmxt8.cloudfront.net\/6\/2021\/04\/Chain-1.jpg\"><img loading=\"lazy\" decoding=\"async\" class=\"size-full wp-image-7476\" src=\"https:\/\/d2p6e6u75xmxt8.cloudfront.net\/6\/2021\/04\/Chain-1.jpg\" alt=\"Chain check\" width=\"1022\" height=\"767\" srcset=\"https:\/\/d2p6e6u75xmxt8.cloudfront.net\/6\/2021\/04\/Chain-1.jpg 1022w, https:\/\/d2p6e6u75xmxt8.cloudfront.net\/6\/2021\/04\/Chain-1-300x225.jpg 300w, https:\/\/d2p6e6u75xmxt8.cloudfront.net\/6\/2021\/04\/Chain-1-768x576.jpg 768w\" sizes=\"auto, (max-width: 1022px) 100vw, 1022px\" \/><\/a><figcaption id=\"caption-attachment-7476\" class=\"wp-caption-text\">Comprobaci\u00f3n de la holgura de la cadena<\/figcaption><\/figure>\n<p>Si la cadena se levanta del plato hasta el punto de que puede ver mucha luz entre la cadena y los platos, tendr\u00e1s que reemplazar la cadena o te est\u00e1s acercando r\u00e1pidamente al punto de reemplazo. Este m\u00e9todo no es tan preciso como el uso de una herramienta adecuada, pero es un buen punto de partida si no has reemplazado su cadena en un tiempo.<\/p>\n<p>El segundo m\u00e9todo, m\u00e1s preciso, consiste en utilizar una herramienta llamada comprobador de cadena.<\/p>\n<figure id=\"attachment_7478\" aria-describedby=\"caption-attachment-7478\" style=\"width: 1022px\" class=\"wp-caption alignnone\"><a href=\"https:\/\/d2p6e6u75xmxt8.cloudfront.net\/6\/2021\/04\/Chain-2.jpg\"><img loading=\"lazy\" decoding=\"async\" class=\"size-full wp-image-7478\" src=\"https:\/\/d2p6e6u75xmxt8.cloudfront.net\/6\/2021\/04\/Chain-2.jpg\" alt=\"Chain check\" width=\"1022\" height=\"767\" srcset=\"https:\/\/d2p6e6u75xmxt8.cloudfront.net\/6\/2021\/04\/Chain-2.jpg 1022w, https:\/\/d2p6e6u75xmxt8.cloudfront.net\/6\/2021\/04\/Chain-2-300x225.jpg 300w, https:\/\/d2p6e6u75xmxt8.cloudfront.net\/6\/2021\/04\/Chain-2-768x576.jpg 768w\" sizes=\"auto, (max-width: 1022px) 100vw, 1022px\" \/><\/a><figcaption id=\"caption-attachment-7478\" class=\"wp-caption-text\">Comprobaci\u00f3n de la holgura de la cadena con un comprobador de cadena<\/figcaption><\/figure>\n<p>&nbsp;<\/p>\n<p>La herramienta mide el porcentaje de longitud de la cadena con el paso del tiempo. Deber\u00e1s reemplazarla cuando se alargue un 0,75%. Si la cadena est\u00e1 desgastada, la herramienta caer\u00e1 y deber\u00e1s sustituirla inmediatamente o acabar\u00e1s teniendo que cambiar el casette y el plato m\u00e1s tarde, y estos componentes son mucho m\u00e1s caros que la propia cadena.<\/p>\n<p>Entonces, \u00bfc\u00f3mo se sustituye la cadena si est\u00e1 desgastada? Necesitar\u00e1s una cadena nueva, aseg\u00farate de que tu cadena es compatible con el n\u00famero de velocidades de tu casette. Tambi\u00e9n necesitar\u00e1s un tronchacadenas; para facilitar el trabajo, puedes utilizar un eslab\u00f3n r\u00e1pido.<\/p>\n<figure id=\"attachment_7480\" aria-describedby=\"caption-attachment-7480\" style=\"width: 1022px\" class=\"wp-caption alignnone\"><a href=\"https:\/\/d2p6e6u75xmxt8.cloudfront.net\/6\/2021\/04\/Chain-3.jpg\"><img loading=\"lazy\" decoding=\"async\" class=\"wp-image-7480 size-full\" src=\"https:\/\/d2p6e6u75xmxt8.cloudfront.net\/6\/2021\/04\/Chain-3.jpg\" alt=\"Bicycle chain\" width=\"1022\" height=\"767\" srcset=\"https:\/\/d2p6e6u75xmxt8.cloudfront.net\/6\/2021\/04\/Chain-3.jpg 1022w, https:\/\/d2p6e6u75xmxt8.cloudfront.net\/6\/2021\/04\/Chain-3-300x225.jpg 300w, https:\/\/d2p6e6u75xmxt8.cloudfront.net\/6\/2021\/04\/Chain-3-768x576.jpg 768w\" sizes=\"auto, (max-width: 1022px) 100vw, 1022px\" \/><\/a><figcaption id=\"caption-attachment-7480\" class=\"wp-caption-text\">Un tronchacadenas, un eslab\u00f3n de cadena y una cadena nueva<\/figcaption><\/figure>\n<p>En primer lugar, para cambiar la cadena de la bici tendr\u00e1s que romperla. Coloca el tronchacadenas en cualquier eslab\u00f3n de la cadena y gira la manivela hasta que empujes el eslab\u00f3n de la cadena hasta el final.<\/p>\n<figure id=\"attachment_7482\" aria-describedby=\"caption-attachment-7482\" style=\"width: 1022px\" class=\"wp-caption alignnone\"><a href=\"https:\/\/d2p6e6u75xmxt8.cloudfront.net\/6\/2021\/04\/Chain-4.jpg\"><img loading=\"lazy\" decoding=\"async\" class=\"size-full wp-image-7482\" src=\"https:\/\/d2p6e6u75xmxt8.cloudfront.net\/6\/2021\/04\/Chain-4.jpg\" alt=\"Chain breaker\" width=\"1022\" height=\"767\" srcset=\"https:\/\/d2p6e6u75xmxt8.cloudfront.net\/6\/2021\/04\/Chain-4.jpg 1022w, https:\/\/d2p6e6u75xmxt8.cloudfront.net\/6\/2021\/04\/Chain-4-300x225.jpg 300w, https:\/\/d2p6e6u75xmxt8.cloudfront.net\/6\/2021\/04\/Chain-4-768x576.jpg 768w\" sizes=\"auto, (max-width: 1022px) 100vw, 1022px\" \/><\/a><figcaption id=\"caption-attachment-7482\" class=\"wp-caption-text\">Rompe la cadena con el tronchacadenas.<\/figcaption><\/figure>\n<p>La nueva cadena ser\u00e1 demasiado larga para que encaje bien en la bicicleta. Un buen consejo es sostener la cadena vieja y la nueva una al lado de la otra para saber el lugar correcto donde romper la cadena nueva.<\/p>\n<figure id=\"attachment_7483\" aria-describedby=\"caption-attachment-7483\" style=\"width: 1022px\" class=\"wp-caption alignnone\"><a href=\"https:\/\/d2p6e6u75xmxt8.cloudfront.net\/6\/2021\/04\/Chain-4-1.jpg\"><img loading=\"lazy\" decoding=\"async\" class=\"size-full wp-image-7483\" src=\"https:\/\/d2p6e6u75xmxt8.cloudfront.net\/6\/2021\/04\/Chain-4-1.jpg\" alt=\"Chain check\" width=\"1022\" height=\"767\" srcset=\"https:\/\/d2p6e6u75xmxt8.cloudfront.net\/6\/2021\/04\/Chain-4-1.jpg 1022w, https:\/\/d2p6e6u75xmxt8.cloudfront.net\/6\/2021\/04\/Chain-4-1-300x225.jpg 300w, https:\/\/d2p6e6u75xmxt8.cloudfront.net\/6\/2021\/04\/Chain-4-1-768x576.jpg 768w\" sizes=\"auto, (max-width: 1022px) 100vw, 1022px\" \/><\/a><figcaption id=\"caption-attachment-7483\" class=\"wp-caption-text\">Comparando la cadena vieja y la nueva para ver la longitud<\/figcaption><\/figure>\n<p>Una vez que hayas encontrado la longitud correcta, acorta la cadena con el tronchacadenas. Vuelve a poner la cadena en la bicicleta y aseg\u00farate de que est\u00e1 bien enhebrada en el desviador. Para conectar la cadena, utiliza el eslab\u00f3n r\u00e1pido de cadena incluido con la cadena.<\/p>\n<figure id=\"attachment_7484\" aria-describedby=\"caption-attachment-7484\" style=\"width: 1022px\" class=\"wp-caption alignnone\"><a href=\"https:\/\/d2p6e6u75xmxt8.cloudfront.net\/6\/2021\/04\/Chain-5.jpg\"><img loading=\"lazy\" decoding=\"async\" class=\"wp-image-7484 size-full\" src=\"https:\/\/d2p6e6u75xmxt8.cloudfront.net\/6\/2021\/04\/Chain-5.jpg\" alt=\"Chain shortening\" width=\"1022\" height=\"767\" srcset=\"https:\/\/d2p6e6u75xmxt8.cloudfront.net\/6\/2021\/04\/Chain-5.jpg 1022w, https:\/\/d2p6e6u75xmxt8.cloudfront.net\/6\/2021\/04\/Chain-5-300x225.jpg 300w, https:\/\/d2p6e6u75xmxt8.cloudfront.net\/6\/2021\/04\/Chain-5-768x576.jpg 768w\" sizes=\"auto, (max-width: 1022px) 100vw, 1022px\" \/><\/a><figcaption id=\"caption-attachment-7484\" class=\"wp-caption-text\">Acortando la nueva cadena para ajustarla a la bicicleta<\/figcaption><\/figure>\n<figure id=\"attachment_7485\" aria-describedby=\"caption-attachment-7485\" style=\"width: 1022px\" class=\"wp-caption alignnone\"><a href=\"https:\/\/d2p6e6u75xmxt8.cloudfront.net\/6\/2021\/04\/Chain-7.jpg\"><img loading=\"lazy\" decoding=\"async\" class=\"size-full wp-image-7485\" src=\"https:\/\/d2p6e6u75xmxt8.cloudfront.net\/6\/2021\/04\/Chain-7.jpg\" alt=\"Chain link\" width=\"1022\" height=\"767\" srcset=\"https:\/\/d2p6e6u75xmxt8.cloudfront.net\/6\/2021\/04\/Chain-7.jpg 1022w, https:\/\/d2p6e6u75xmxt8.cloudfront.net\/6\/2021\/04\/Chain-7-300x225.jpg 300w, https:\/\/d2p6e6u75xmxt8.cloudfront.net\/6\/2021\/04\/Chain-7-768x576.jpg 768w\" sizes=\"auto, (max-width: 1022px) 100vw, 1022px\" \/><\/a><figcaption id=\"caption-attachment-7485\" class=\"wp-caption-text\">Eslab\u00f3n de la cadena<\/figcaption><\/figure>\n<figure id=\"attachment_7486\" aria-describedby=\"caption-attachment-7486\" style=\"width: 1022px\" class=\"wp-caption alignnone\"><a href=\"https:\/\/d2p6e6u75xmxt8.cloudfront.net\/6\/2021\/04\/Chain-8.jpg\"><img loading=\"lazy\" decoding=\"async\" class=\"size-full wp-image-7486\" src=\"https:\/\/d2p6e6u75xmxt8.cloudfront.net\/6\/2021\/04\/Chain-8.jpg\" alt=\"Chain threading\" width=\"1022\" height=\"767\" srcset=\"https:\/\/d2p6e6u75xmxt8.cloudfront.net\/6\/2021\/04\/Chain-8.jpg 1022w, https:\/\/d2p6e6u75xmxt8.cloudfront.net\/6\/2021\/04\/Chain-8-300x225.jpg 300w, https:\/\/d2p6e6u75xmxt8.cloudfront.net\/6\/2021\/04\/Chain-8-768x576.jpg 768w\" sizes=\"auto, (max-width: 1022px) 100vw, 1022px\" \/><\/a><figcaption id=\"caption-attachment-7486\" class=\"wp-caption-text\">Enhebrar la cadena. Aseg\u00farese de no dejar ning\u00fan eslab\u00f3n fuera.<\/figcaption><\/figure>\n<figure id=\"attachment_7487\" aria-describedby=\"caption-attachment-7487\" style=\"width: 1022px\" class=\"wp-caption alignnone\"><a href=\"https:\/\/d2p6e6u75xmxt8.cloudfront.net\/6\/2021\/04\/Chain-9.jpg\"><img loading=\"lazy\" decoding=\"async\" class=\"size-full wp-image-7487\" src=\"https:\/\/d2p6e6u75xmxt8.cloudfront.net\/6\/2021\/04\/Chain-9.jpg\" alt=\"Chain link\" width=\"1022\" height=\"767\" srcset=\"https:\/\/d2p6e6u75xmxt8.cloudfront.net\/6\/2021\/04\/Chain-9.jpg 1022w, https:\/\/d2p6e6u75xmxt8.cloudfront.net\/6\/2021\/04\/Chain-9-300x225.jpg 300w, https:\/\/d2p6e6u75xmxt8.cloudfront.net\/6\/2021\/04\/Chain-9-768x576.jpg 768w\" sizes=\"auto, (max-width: 1022px) 100vw, 1022px\" \/><\/a><figcaption id=\"caption-attachment-7487\" class=\"wp-caption-text\">Colocaci\u00f3n del eslab\u00f3n de la cadena<\/figcaption><\/figure>\n<p>Coloca los dos eslabones r\u00e1pidos opuestos y \u00fanelos. Tendr\u00e1s que aplicar algo de presi\u00f3n para que encajen entre s\u00ed. La mejor manera de hacerlo es mover la parte enlazada hacia arriba, fijar la rueda trasera y presionar el pedal hacia abajo, creando suficiente tensi\u00f3n en la parte superior para juntar el eslab\u00f3n r\u00e1pido<\/p>\n<figure id=\"attachment_7488\" aria-describedby=\"caption-attachment-7488\" style=\"width: 1022px\" class=\"wp-caption alignnone\"><a href=\"https:\/\/d2p6e6u75xmxt8.cloudfront.net\/6\/2021\/04\/Chain-10.jpg\"><img loading=\"lazy\" decoding=\"async\" class=\"size-full wp-image-7488\" src=\"https:\/\/d2p6e6u75xmxt8.cloudfront.net\/6\/2021\/04\/Chain-10.jpg\" alt=\"Chain links\" width=\"1022\" height=\"767\" srcset=\"https:\/\/d2p6e6u75xmxt8.cloudfront.net\/6\/2021\/04\/Chain-10.jpg 1022w, https:\/\/d2p6e6u75xmxt8.cloudfront.net\/6\/2021\/04\/Chain-10-300x225.jpg 300w, https:\/\/d2p6e6u75xmxt8.cloudfront.net\/6\/2021\/04\/Chain-10-768x576.jpg 768w\" sizes=\"auto, (max-width: 1022px) 100vw, 1022px\" \/><\/a><figcaption id=\"caption-attachment-7488\" class=\"wp-caption-text\">Unir los eslabones de la cadena<\/figcaption><\/figure>\n<figure id=\"attachment_7489\" aria-describedby=\"caption-attachment-7489\" style=\"width: 1022px\" class=\"wp-caption alignnone\"><a href=\"https:\/\/d2p6e6u75xmxt8.cloudfront.net\/6\/2021\/04\/Chain-11.jpg\"><img loading=\"lazy\" decoding=\"async\" class=\"size-full wp-image-7489\" src=\"https:\/\/d2p6e6u75xmxt8.cloudfront.net\/6\/2021\/04\/Chain-11.jpg\" alt=\"Chain links\" width=\"1022\" height=\"767\" srcset=\"https:\/\/d2p6e6u75xmxt8.cloudfront.net\/6\/2021\/04\/Chain-11.jpg 1022w, https:\/\/d2p6e6u75xmxt8.cloudfront.net\/6\/2021\/04\/Chain-11-300x225.jpg 300w, https:\/\/d2p6e6u75xmxt8.cloudfront.net\/6\/2021\/04\/Chain-11-768x576.jpg 768w\" sizes=\"auto, (max-width: 1022px) 100vw, 1022px\" \/><\/a><figcaption id=\"caption-attachment-7489\" class=\"wp-caption-text\">Unir los eslabones de la cadena y encajarlos<\/figcaption><\/figure>\n<figure id=\"attachment_7490\" aria-describedby=\"caption-attachment-7490\" style=\"width: 1022px\" class=\"wp-caption alignnone\"><a href=\"https:\/\/d2p6e6u75xmxt8.cloudfront.net\/6\/2021\/04\/Chain-13.jpg\"><img loading=\"lazy\" decoding=\"async\" class=\"wp-image-7490 size-full\" src=\"https:\/\/d2p6e6u75xmxt8.cloudfront.net\/6\/2021\/04\/Chain-13.jpg\" alt=\"Bicycle chain\" width=\"1022\" height=\"767\" srcset=\"https:\/\/d2p6e6u75xmxt8.cloudfront.net\/6\/2021\/04\/Chain-13.jpg 1022w, https:\/\/d2p6e6u75xmxt8.cloudfront.net\/6\/2021\/04\/Chain-13-300x225.jpg 300w, https:\/\/d2p6e6u75xmxt8.cloudfront.net\/6\/2021\/04\/Chain-13-768x576.jpg 768w\" sizes=\"auto, (max-width: 1022px) 100vw, 1022px\" \/><\/a><figcaption id=\"caption-attachment-7490\" class=\"wp-caption-text\">Presiona el pedal con la mano para unir los eslabones de la cadena<\/figcaption><\/figure>\n<figure id=\"attachment_7491\" aria-describedby=\"caption-attachment-7491\" style=\"width: 1022px\" class=\"wp-caption alignnone\"><a href=\"https:\/\/d2p6e6u75xmxt8.cloudfront.net\/6\/2021\/04\/Chain-14.jpg\"><img loading=\"lazy\" decoding=\"async\" class=\"size-full wp-image-7491\" src=\"https:\/\/d2p6e6u75xmxt8.cloudfront.net\/6\/2021\/04\/Chain-14.jpg\" alt=\"Bicycle chain\" width=\"1022\" height=\"767\" srcset=\"https:\/\/d2p6e6u75xmxt8.cloudfront.net\/6\/2021\/04\/Chain-14.jpg 1022w, https:\/\/d2p6e6u75xmxt8.cloudfront.net\/6\/2021\/04\/Chain-14-300x225.jpg 300w, https:\/\/d2p6e6u75xmxt8.cloudfront.net\/6\/2021\/04\/Chain-14-768x576.jpg 768w\" sizes=\"auto, (max-width: 1022px) 100vw, 1022px\" \/><\/a><figcaption id=\"caption-attachment-7491\" class=\"wp-caption-text\">Cadena unida con un clic<\/figcaption><\/figure>\n<figure id=\"attachment_7492\" aria-describedby=\"caption-attachment-7492\" style=\"width: 1022px\" class=\"wp-caption alignnone\"><a href=\"https:\/\/d2p6e6u75xmxt8.cloudfront.net\/6\/2021\/04\/Chain-15.jpg\"><img loading=\"lazy\" decoding=\"async\" class=\"size-full wp-image-7492\" src=\"https:\/\/d2p6e6u75xmxt8.cloudfront.net\/6\/2021\/04\/Chain-15.jpg\" alt=\"Bicycle chain\" width=\"1022\" height=\"767\" srcset=\"https:\/\/d2p6e6u75xmxt8.cloudfront.net\/6\/2021\/04\/Chain-15.jpg 1022w, https:\/\/d2p6e6u75xmxt8.cloudfront.net\/6\/2021\/04\/Chain-15-300x225.jpg 300w, https:\/\/d2p6e6u75xmxt8.cloudfront.net\/6\/2021\/04\/Chain-15-768x576.jpg 768w\" sizes=\"auto, (max-width: 1022px) 100vw, 1022px\" \/><\/a><figcaption id=\"caption-attachment-7492\" class=\"wp-caption-text\">Nueva cadena instalada \u00a0\u00a9 Tobias Lobkowicz<\/figcaption><\/figure>\n<p>Eso es todo, ahora tienes una cadena nueva y no tendr\u00e1s que preocuparte por ella durante un par de meses. Disfruta de la suavidad de la conducci\u00f3n y no te olvides de<a href=\"https:\/\/www.welovecycling.com\/es\/2018\/03\/23\/como-engrasar-la-cadena-de-tu-bici\/\"> limpiar y lubricar la cadena<\/a> con regularidad.<\/p>\n","protected":false},"excerpt":{"rendered":"<p>En uno de nuestros art\u00edculos anteriores, te dimos consejos sobre c\u00f3mo limpiar tu cadena correctamente. Desgraciadamente, a veces limpiar la [&hellip;]<\/p>\n","protected":false},"author":29,"featured_media":7494,"comment_status":"open","ping_status":"open","sticky":false,"template":"","format":"standard","meta":{"footnotes":""},"categories":[7,9],"tags":[],"global-categories":[],"class_list":["post-7473","post","type-post","status-publish","format-standard","has-post-thumbnail","hentry","category-carretera","category-mtb-aventura"],"yoast_head":"<!-- This site is optimized with the Yoast SEO Premium plugin v25.3 (Yoast SEO v25.9) - https:\/\/yoast.com\/wordpress\/plugins\/seo\/ -->\n<title>C\u00f3mo saber cuando y como cambiar la cadena de la bici<\/title>\n<meta name=\"description\" content=\"C\u00f3mo saber cuando y como cambiar la cadena de la bici. Un m\u00e9todo sencillo para medir el desgaste de la cadena y cambiarla f\u00e1cilmente.\" \/>\n<meta name=\"robots\" content=\"index, follow, max-snippet:-1, max-image-preview:large, max-video-preview:-1\" \/>\n<link rel=\"canonical\" href=\"https:\/\/www.welovecycling.com\/es\/2021\/04\/22\/cambiar-cadena-de-la-bici\/\" \/>\n<meta property=\"og:locale\" content=\"es_ES\" \/>\n<meta property=\"og:type\" content=\"article\" \/>\n<meta property=\"og:title\" content=\"C\u00f3mo saber cuando y como cambiar la cadena de la bici\" \/>\n<meta property=\"og:description\" content=\"C\u00f3mo saber cuando y como cambiar la cadena de la bici. Un m\u00e9todo sencillo para medir el desgaste de la cadena y cambiarla f\u00e1cilmente.\" \/>\n<meta property=\"og:url\" content=\"https:\/\/www.welovecycling.com\/es\/2021\/04\/22\/cambiar-cadena-de-la-bici\/\" \/>\n<meta property=\"og:site_name\" content=\"\u0160koda We Love Cycling - Spain\" \/>\n<meta property=\"article:published_time\" content=\"2021-04-22T16:41:38+00:00\" \/>\n<meta property=\"og:image\" content=\"https:\/\/d2p6e6u75xmxt8.cloudfront.net\/6\/2021\/04\/Bicycle-chain-profimedia-0605895771-CVR.jpg\" \/>\n\t<meta property=\"og:image:width\" content=\"1366\" \/>\n\t<meta property=\"og:image:height\" content=\"600\" \/>\n\t<meta property=\"og:image:type\" content=\"image\/jpeg\" \/>\n<meta name=\"author\" content=\"We Love Cycling Spain\" \/>\n<meta name=\"twitter:card\" content=\"summary_large_image\" \/>\n<meta name=\"twitter:title\" content=\"C\u00f3mo saber cuando y como cambiar la cadena de la bici\" \/>\n<meta name=\"twitter:description\" content=\"C\u00f3mo saber cuando y como cambiar la cadena de la bici. Un m\u00e9todo sencillo para medir el desgaste de la cadena y cambiarla f\u00e1cilmente.\" \/>\n<meta name=\"twitter:label1\" content=\"Written by\" \/>\n\t<meta name=\"twitter:data1\" content=\"Filippo Mari and Jakub Dvorsky\" \/>\n\t<meta name=\"twitter:label2\" content=\"Est. reading time\" \/>\n\t<meta name=\"twitter:data2\" content=\"6\" \/>\n<script type=\"application\/ld+json\" class=\"yoast-schema-graph\">{\"@context\":\"https:\/\/schema.org\",\"@graph\":[{\"@type\":\"WebPage\",\"@id\":\"https:\/\/www.welovecycling.com\/es\/2021\/04\/22\/cambiar-cadena-de-la-bici\/\",\"url\":\"https:\/\/www.welovecycling.com\/es\/2021\/04\/22\/cambiar-cadena-de-la-bici\/\",\"name\":\"C\u00f3mo saber cuando y como cambiar la cadena de la bici\",\"isPartOf\":{\"@id\":\"https:\/\/www.welovecycling.com\/es\/#website\"},\"primaryImageOfPage\":{\"@id\":\"https:\/\/www.welovecycling.com\/es\/2021\/04\/22\/cambiar-cadena-de-la-bici\/#primaryimage\"},\"image\":{\"@id\":\"https:\/\/www.welovecycling.com\/es\/2021\/04\/22\/cambiar-cadena-de-la-bici\/#primaryimage\"},\"thumbnailUrl\":\"https:\/\/d2p6e6u75xmxt8.cloudfront.net\/6\/2021\/04\/Bicycle-chain-profimedia-0605895771-CVR.jpg\",\"datePublished\":\"2021-04-22T16:41:38+00:00\",\"author\":{\"@id\":\"https:\/\/www.welovecycling.com\/es\/#\/schema\/person\/deb61715b5812698ee79fb96f343ccd4\"},\"description\":\"C\u00f3mo saber cuando y como cambiar la cadena de la bici. Un m\u00e9todo sencillo para medir el desgaste de la cadena y cambiarla f\u00e1cilmente.\",\"breadcrumb\":{\"@id\":\"https:\/\/www.welovecycling.com\/es\/2021\/04\/22\/cambiar-cadena-de-la-bici\/#breadcrumb\"},\"inLanguage\":\"es-ES\",\"potentialAction\":[{\"@type\":\"ReadAction\",\"target\":[\"https:\/\/www.welovecycling.com\/es\/2021\/04\/22\/cambiar-cadena-de-la-bici\/\"]}]},{\"@type\":\"ImageObject\",\"inLanguage\":\"es-ES\",\"@id\":\"https:\/\/www.welovecycling.com\/es\/2021\/04\/22\/cambiar-cadena-de-la-bici\/#primaryimage\",\"url\":\"https:\/\/d2p6e6u75xmxt8.cloudfront.net\/6\/2021\/04\/Bicycle-chain-profimedia-0605895771-CVR.jpg\",\"contentUrl\":\"https:\/\/d2p6e6u75xmxt8.cloudfront.net\/6\/2021\/04\/Bicycle-chain-profimedia-0605895771-CVR.jpg\",\"width\":1366,\"height\":600,\"caption\":\"Bicycle detail\"},{\"@type\":\"BreadcrumbList\",\"@id\":\"https:\/\/www.welovecycling.com\/es\/2021\/04\/22\/cambiar-cadena-de-la-bici\/#breadcrumb\",\"itemListElement\":[{\"@type\":\"ListItem\",\"position\":1,\"name\":\"Home\",\"item\":\"https:\/\/www.welovecycling.com\/es\/\"},{\"@type\":\"ListItem\",\"position\":2,\"name\":\"C\u00f3mo saber cuando y como cambiar la cadena de la bici\"}]},{\"@type\":\"WebSite\",\"@id\":\"https:\/\/www.welovecycling.com\/es\/#website\",\"url\":\"https:\/\/www.welovecycling.com\/es\/\",\"name\":\"\u0160koda We Love Cycling - Spain\",\"description\":\"\u0160koda WeLoveCycling Spain\",\"potentialAction\":[{\"@type\":\"SearchAction\",\"target\":{\"@type\":\"EntryPoint\",\"urlTemplate\":\"https:\/\/www.welovecycling.com\/es\/?s={search_term_string}\"},\"query-input\":{\"@type\":\"PropertyValueSpecification\",\"valueRequired\":true,\"valueName\":\"search_term_string\"}}],\"inLanguage\":\"es-ES\"},{\"@type\":\"Person\",\"@id\":\"https:\/\/www.welovecycling.com\/es\/#\/schema\/person\/deb61715b5812698ee79fb96f343ccd4\",\"name\":\"We Love Cycling Spain\",\"image\":{\"@type\":\"ImageObject\",\"inLanguage\":\"es-ES\",\"@id\":\"https:\/\/www.welovecycling.com\/es\/#\/schema\/person\/image\/\",\"url\":\"https:\/\/secure.gravatar.com\/avatar\/c824b04e6df0e37a03219d0b6481672889df542894588964102459e46513159c?s=96&d=mm&r=g\",\"contentUrl\":\"https:\/\/secure.gravatar.com\/avatar\/c824b04e6df0e37a03219d0b6481672889df542894588964102459e46513159c?s=96&d=mm&r=g\",\"caption\":\"We Love Cycling Spain\"},\"url\":\"https:\/\/www.welovecycling.com\/es\/author\/amunoz\/\"}]}<\/script>\n<!-- \/ Yoast SEO Premium plugin. -->","yoast_head_json":{"title":"C\u00f3mo saber cuando y como cambiar la cadena de la bici","description":"C\u00f3mo saber cuando y como cambiar la cadena de la bici. Un m\u00e9todo sencillo para medir el desgaste de la cadena y cambiarla f\u00e1cilmente.","robots":{"index":"index","follow":"follow","max-snippet":"max-snippet:-1","max-image-preview":"max-image-preview:large","max-video-preview":"max-video-preview:-1"},"canonical":"https:\/\/www.welovecycling.com\/es\/2021\/04\/22\/cambiar-cadena-de-la-bici\/","og_locale":"es_ES","og_type":"article","og_title":"C\u00f3mo saber cuando y como cambiar la cadena de la bici","og_description":"C\u00f3mo saber cuando y como cambiar la cadena de la bici. Un m\u00e9todo sencillo para medir el desgaste de la cadena y cambiarla f\u00e1cilmente.","og_url":"https:\/\/www.welovecycling.com\/es\/2021\/04\/22\/cambiar-cadena-de-la-bici\/","og_site_name":"\u0160koda We Love Cycling - Spain","article_published_time":"2021-04-22T16:41:38+00:00","og_image":[{"width":1366,"height":600,"url":"https:\/\/d2p6e6u75xmxt8.cloudfront.net\/6\/2021\/04\/Bicycle-chain-profimedia-0605895771-CVR.jpg","type":"image\/jpeg"}],"author":"We Love Cycling Spain","twitter_card":"summary_large_image","twitter_title":"C\u00f3mo saber cuando y como cambiar la cadena de la bici","twitter_description":"C\u00f3mo saber cuando y como cambiar la cadena de la bici. Un m\u00e9todo sencillo para medir el desgaste de la cadena y cambiarla f\u00e1cilmente.","twitter_misc":{"Written by":"Filippo Mari and Jakub Dvorsky","Est. reading time":"6"},"schema":{"@context":"https:\/\/schema.org","@graph":[{"@type":"WebPage","@id":"https:\/\/www.welovecycling.com\/es\/2021\/04\/22\/cambiar-cadena-de-la-bici\/","url":"https:\/\/www.welovecycling.com\/es\/2021\/04\/22\/cambiar-cadena-de-la-bici\/","name":"C\u00f3mo saber cuando y como cambiar la cadena de la bici","isPartOf":{"@id":"https:\/\/www.welovecycling.com\/es\/#website"},"primaryImageOfPage":{"@id":"https:\/\/www.welovecycling.com\/es\/2021\/04\/22\/cambiar-cadena-de-la-bici\/#primaryimage"},"image":{"@id":"https:\/\/www.welovecycling.com\/es\/2021\/04\/22\/cambiar-cadena-de-la-bici\/#primaryimage"},"thumbnailUrl":"https:\/\/d2p6e6u75xmxt8.cloudfront.net\/6\/2021\/04\/Bicycle-chain-profimedia-0605895771-CVR.jpg","datePublished":"2021-04-22T16:41:38+00:00","author":{"@id":"https:\/\/www.welovecycling.com\/es\/#\/schema\/person\/deb61715b5812698ee79fb96f343ccd4"},"description":"C\u00f3mo saber cuando y como cambiar la cadena de la bici. Un m\u00e9todo sencillo para medir el desgaste de la cadena y cambiarla f\u00e1cilmente.","breadcrumb":{"@id":"https:\/\/www.welovecycling.com\/es\/2021\/04\/22\/cambiar-cadena-de-la-bici\/#breadcrumb"},"inLanguage":"es-ES","potentialAction":[{"@type":"ReadAction","target":["https:\/\/www.welovecycling.com\/es\/2021\/04\/22\/cambiar-cadena-de-la-bici\/"]}]},{"@type":"ImageObject","inLanguage":"es-ES","@id":"https:\/\/www.welovecycling.com\/es\/2021\/04\/22\/cambiar-cadena-de-la-bici\/#primaryimage","url":"https:\/\/d2p6e6u75xmxt8.cloudfront.net\/6\/2021\/04\/Bicycle-chain-profimedia-0605895771-CVR.jpg","contentUrl":"https:\/\/d2p6e6u75xmxt8.cloudfront.net\/6\/2021\/04\/Bicycle-chain-profimedia-0605895771-CVR.jpg","width":1366,"height":600,"caption":"Bicycle detail"},{"@type":"BreadcrumbList","@id":"https:\/\/www.welovecycling.com\/es\/2021\/04\/22\/cambiar-cadena-de-la-bici\/#breadcrumb","itemListElement":[{"@type":"ListItem","position":1,"name":"Home","item":"https:\/\/www.welovecycling.com\/es\/"},{"@type":"ListItem","position":2,"name":"C\u00f3mo saber cuando y como cambiar la cadena de la bici"}]},{"@type":"WebSite","@id":"https:\/\/www.welovecycling.com\/es\/#website","url":"https:\/\/www.welovecycling.com\/es\/","name":"\u0160koda We Love Cycling - Spain","description":"\u0160koda WeLoveCycling Spain","potentialAction":[{"@type":"SearchAction","target":{"@type":"EntryPoint","urlTemplate":"https:\/\/www.welovecycling.com\/es\/?s={search_term_string}"},"query-input":{"@type":"PropertyValueSpecification","valueRequired":true,"valueName":"search_term_string"}}],"inLanguage":"es-ES"},{"@type":"Person","@id":"https:\/\/www.welovecycling.com\/es\/#\/schema\/person\/deb61715b5812698ee79fb96f343ccd4","name":"We Love Cycling Spain","image":{"@type":"ImageObject","inLanguage":"es-ES","@id":"https:\/\/www.welovecycling.com\/es\/#\/schema\/person\/image\/","url":"https:\/\/secure.gravatar.com\/avatar\/c824b04e6df0e37a03219d0b6481672889df542894588964102459e46513159c?s=96&d=mm&r=g","contentUrl":"https:\/\/secure.gravatar.com\/avatar\/c824b04e6df0e37a03219d0b6481672889df542894588964102459e46513159c?s=96&d=mm&r=g","caption":"We Love Cycling Spain"},"url":"https:\/\/www.welovecycling.com\/es\/author\/amunoz\/"}]}},"_links":{"self":[{"href":"https:\/\/www.welovecycling.com\/es\/wp-json\/wp\/v2\/posts\/7473","targetHints":{"allow":["GET"]}}],"collection":[{"href":"https:\/\/www.welovecycling.com\/es\/wp-json\/wp\/v2\/posts"}],"about":[{"href":"https:\/\/www.welovecycling.com\/es\/wp-json\/wp\/v2\/types\/post"}],"author":[{"embeddable":true,"href":"https:\/\/www.welovecycling.com\/es\/wp-json\/wp\/v2\/users\/29"}],"replies":[{"embeddable":true,"href":"https:\/\/www.welovecycling.com\/es\/wp-json\/wp\/v2\/comments?post=7473"}],"version-history":[{"count":2,"href":"https:\/\/www.welovecycling.com\/es\/wp-json\/wp\/v2\/posts\/7473\/revisions"}],"predecessor-version":[{"id":7495,"href":"https:\/\/www.welovecycling.com\/es\/wp-json\/wp\/v2\/posts\/7473\/revisions\/7495"}],"wp:featuredmedia":[{"embeddable":true,"href":"https:\/\/www.welovecycling.com\/es\/wp-json\/wp\/v2\/media\/7494"}],"wp:attachment":[{"href":"https:\/\/www.welovecycling.com\/es\/wp-json\/wp\/v2\/media?parent=7473"}],"wp:term":[{"taxonomy":"category","embeddable":true,"href":"https:\/\/www.welovecycling.com\/es\/wp-json\/wp\/v2\/categories?post=7473"},{"taxonomy":"post_tag","embeddable":true,"href":"https:\/\/www.welovecycling.com\/es\/wp-json\/wp\/v2\/tags?post=7473"},{"taxonomy":"global-categories","embeddable":true,"href":"https:\/\/www.welovecycling.com\/es\/wp-json\/wp\/v2\/global-categories?post=7473"}],"curies":[{"name":"wp","href":"https:\/\/api.w.org\/{rel}","templated":true}]}}