{"id":7378,"date":"2021-04-02T17:58:59","date_gmt":"2021-04-02T15:58:59","guid":{"rendered":"https:\/\/www.welovecycling.com\/es\/?p=7378"},"modified":"2021-03-30T23:18:39","modified_gmt":"2021-03-30T21:18:39","slug":"brexit-ciclista-reino-unido-en-el-limbo","status":"publish","type":"post","link":"https:\/\/www.welovecycling.com\/es\/2021\/04\/02\/brexit-ciclista-reino-unido-en-el-limbo\/","title":{"rendered":"El Brexit deja a muchos ciclistas del Reino Unido en el limbo"},"content":{"rendered":"<p><strong>El Brexit ha hecho la vida m\u00e1s dif\u00edcil para mucha gente a ambos lados de la nueva divisi\u00f3n, y eso incluye a los ciclistas profesionales del Reino Unido. El fin de la libre circulaci\u00f3n entre el Reino Unido y Europa despu\u00e9s del Brexit ha puesto a muchos ciclistas brit\u00e1nicos con base en Europa o con largos calendarios de carreras europeas en una especie de limbo, especialmente con pa\u00edses como B\u00e9lgica que exigen que los ciclistas ganen al menos 80.000 euros al a\u00f1o para ser clasificados como deportistas profesionales y recibir un visado especial de atleta. Asi queda el brexit ciclista.<\/strong><\/p>\n<p><!--more--><\/p>\n<p>Seg\u00fan The Cyclists&#8217; Alliance (TCA), un grupo de apoyo a las ciclistas, muchas corredoras est\u00e1n ahora preocupadas por c\u00f3mo cumplir sus compromisos contractuales en Europa. En concreto, &#8221; los ciclistas [del Reino Unido] pueden necesitar un visado, un permiso de trabajo u otra documentaci\u00f3n si tienen previsto permanecer m\u00e1s de 90 d\u00edas en un periodo de 180 d\u00edas&#8221; en el continente, en funci\u00f3n del pa\u00eds o pa\u00edses donde vayan a entrenar o competir, y seg\u00fan sus circunstancias individuales.<\/p>\n<figure id=\"attachment_7380\" aria-describedby=\"caption-attachment-7380\" style=\"width: 1024px\" class=\"wp-caption alignnone\"><a href=\"https:\/\/d2p6e6u75xmxt8.cloudfront.net\/2\/2021\/03\/Mark-Cavendish-profimedia-0594608466.jpg\"><img loading=\"lazy\" decoding=\"async\" class=\"wp-image-7380 size-large\" src=\"https:\/\/d2p6e6u75xmxt8.cloudfront.net\/6\/2021\/03\/Mark-Cavendish-profimedia-0594608466-1024x682.jpg\" alt=\"Mark Cavendish cycling\" width=\"1024\" height=\"682\" srcset=\"https:\/\/d2p6e6u75xmxt8.cloudfront.net\/6\/2021\/03\/Mark-Cavendish-profimedia-0594608466-1024x682.jpg 1024w, https:\/\/d2p6e6u75xmxt8.cloudfront.net\/6\/2021\/03\/Mark-Cavendish-profimedia-0594608466-300x200.jpg 300w, https:\/\/d2p6e6u75xmxt8.cloudfront.net\/6\/2021\/03\/Mark-Cavendish-profimedia-0594608466-768x512.jpg 768w, https:\/\/d2p6e6u75xmxt8.cloudfront.net\/6\/2021\/03\/Mark-Cavendish-profimedia-0594608466-272x182.jpg 272w, https:\/\/d2p6e6u75xmxt8.cloudfront.net\/6\/2021\/03\/Mark-Cavendish-profimedia-0594608466.jpg 1250w\" sizes=\"auto, (max-width: 1024px) 100vw, 1024px\" \/><\/a><figcaption id=\"caption-attachment-7380\" class=\"wp-caption-text\">&#8220;El impacto y las soluciones del Brexit ciclista dependen de la situaci\u00f3n personal de cada uno. \u00a9 Profimedia<\/figcaption><\/figure>\n<p>La web <a href=\"https:\/\/www.gov.uk\/\">gov.uk<\/a> ofrece toda la informaci\u00f3n necesaria sobre la documentaci\u00f3n requerida para estancias prolongadas en cada pa\u00eds. Y la TCA ofrece informaci\u00f3n en l\u00ednea sobre c\u00f3mo la nacionalidad, el empleo y la residencia de una persona afecta a c\u00f3mo debe proceder el ciclista; por ejemplo, podr\u00eda suponer una diferencia si el ciclista es un aut\u00f3nomo o un empleado.<\/p>\n<p>Parece complicado, y lo es. Un ciudadano de fuera de la UE que permanezca en el espacio Schengen m\u00e1s de 90 d\u00edas sin permiso de residencia o visado de larga duraci\u00f3n se encuentra en situaci\u00f3n ilegal y podr\u00eda ser objeto de una prohibici\u00f3n de reingreso en el espacio Schengen, lo que tendr\u00eda graves consecuencias para la carrera del ciclista. Los ciclistas que permanezcan menos de 90 d\u00edas deben comprobar si necesitan un visado y\/o un permiso de trabajo. Depender\u00e1 del pa\u00eds al que viajen, del objetivo de su visita y de si reciben o no una remuneraci\u00f3n, ya que muchos corredores a\u00fan no tienen asignaci\u00f3n econ\u00f3mica de sus equipos.<\/p>\n<figure id=\"attachment_7381\" aria-describedby=\"caption-attachment-7381\" style=\"width: 1024px\" class=\"wp-caption alignnone\"><a href=\"https:\/\/d2p6e6u75xmxt8.cloudfront.net\/2\/2021\/03\/Anna-Henderson-profimedia-0472430237.jpg\"><img loading=\"lazy\" decoding=\"async\" class=\"wp-image-7381 size-large\" src=\"https:\/\/d2p6e6u75xmxt8.cloudfront.net\/6\/2021\/03\/Anna-Henderson-profimedia-0472430237-1024x683.jpg\" alt=\"Anna Henderson\" width=\"1024\" height=\"683\" srcset=\"https:\/\/d2p6e6u75xmxt8.cloudfront.net\/6\/2021\/03\/Anna-Henderson-profimedia-0472430237-1024x683.jpg 1024w, https:\/\/d2p6e6u75xmxt8.cloudfront.net\/6\/2021\/03\/Anna-Henderson-profimedia-0472430237-300x200.jpg 300w, https:\/\/d2p6e6u75xmxt8.cloudfront.net\/6\/2021\/03\/Anna-Henderson-profimedia-0472430237-768x512.jpg 768w, https:\/\/d2p6e6u75xmxt8.cloudfront.net\/6\/2021\/03\/Anna-Henderson-profimedia-0472430237-272x182.jpg 272w, https:\/\/d2p6e6u75xmxt8.cloudfront.net\/6\/2021\/03\/Anna-Henderson-profimedia-0472430237.jpg 1250w\" sizes=\"auto, (max-width: 1024px) 100vw, 1024px\" \/><\/a><figcaption id=\"caption-attachment-7381\" class=\"wp-caption-text\">Brexit ha complicado la vida de Anna. \u00a9 Profimedia<\/figcaption><\/figure>\n<p>Para solucionar la situaci\u00f3n de las estancias de larga duraci\u00f3n en Europa, los ciclistas profesionales brit\u00e1nicos han instado al Gobierno del Reino Unido a negociar con la UE un permiso sin visado que les permita entrenar y competir en Europa durante toda la temporada. Para ello, varios corredores han iniciado una petici\u00f3n dirigida al gobierno y al parlamento del Reino Unido.<\/p>\n<p>La petici\u00f3n tiene en cuenta a todos los atletas brit\u00e1nicos que viajan todo el a\u00f1o a Europa para entrenar y competir. En ella se afirma que &#8220;con muchos atletas autofinanciados y con la posibilidad de que cada pa\u00eds pida su propio visado por viaje, esto ser\u00e1 imposible debido al coste si se establece este l\u00edmite de 90 [d\u00edas] en 180 d\u00edas de viaje&#8221;.<\/p>\n<div class=\"embed-controller-wrapper\">\n<blockquote class=\"twitter-tweet\" data-width=\"500\" data-dnt=\"true\">\n<p lang=\"en\" dir=\"ltr\">British Athletes Want UK Govt to Negotiate an EU \u201cVisa-Free Permit\u201d for Them to Train &amp; Compete in EU<\/p>\n<p>@jakey_stewart <a href=\"https:\/\/twitter.com\/tompid?ref_src=twsrc%5Etfw\">@Tompid<\/a> <a href=\"https:\/\/twitter.com\/ollymoors51?ref_src=twsrc%5Etfw\">@ollymoors51<\/a> @DaveRaynerFund <a href=\"https:\/\/twitter.com\/Joshgreenwood24?ref_src=twsrc%5Etfw\">@Joshgreenwood24<\/a> <a href=\"https:\/\/twitter.com\/annahendersonxo?ref_src=twsrc%5Etfw\">@annahendersonxo<\/a> <a href=\"https:\/\/twitter.com\/em_wads?ref_src=twsrc%5Etfw\">@em_wads<\/a><br \/> <a href=\"https:\/\/t.co\/KDeVhZBhF1\">https:\/\/t.co\/KDeVhZBhF1<\/a><\/p>\n<p>&mdash; SchengenVisaInfo (@schengen_info) <a href=\"https:\/\/twitter.com\/schengen_info\/status\/1364532207973519360?ref_src=twsrc%5Etfw\">February 24, 2021<\/a><\/p><\/blockquote>\n<p><script async data-src=\"https:\/\/platform.twitter.com\/widgets.js\" charset=\"utf-8\"><\/script><\/div>\n<p>La petici\u00f3n ha reunido hasta ahora m\u00e1s de 6.000 firmas. Se necesitan 10.000 firmas para que el gobierno responda a la petici\u00f3n. Con 100.000, el Parlamento la votar\u00e1. Olly Moors, del equipo Ribble-Weldtite, es un ejemplo de ciclista colocado en una situaci\u00f3n dif\u00edcil por el Brexit. Ha vivido y corrido en B\u00e9lgica durante los \u00faltimos cinco a\u00f1os y actualmente est\u00e1 atrapado en el Reino Unido, informa Cycling Weekly.<\/p>\n<p>Su novia Anna Henderson, del Jumbo-Visma, viaj\u00f3 a B\u00e9lgica para la Omloop Het Nieuwsblad y estar\u00e1 obligada a regresar al Reino Unido despu\u00e9s de 90 d\u00edas. El viaje de ida y vuelta no s\u00f3lo es costoso, sino que se ha vuelto inseguro por la pandemia de <a href=\"https:\/\/www.welovecycling.com\/wide\/2021\/01\/18\/covid-19-caused-a-third-cycling-boom-raphas-ceo-claims\/\">Covid-19<\/a>. &#8220;As\u00ed que b\u00e1sicamente los dos estamos en los 90 d\u00edas y este hubiera sido mi quinto a\u00f1o viviendo en B\u00e9lgica y obviamente ahora que hay Brexit no puedo hacerlo&#8221;, dijo Moors a la publicaci\u00f3n. &#8220;Debido a la regla de los 90 d\u00edas, que ha jodido todo eso realmente&#8221;.<\/p>\n","protected":false},"excerpt":{"rendered":"<p>El Brexit ha hecho la vida m\u00e1s dif\u00edcil para mucha gente a ambos lados de la nueva divisi\u00f3n, y eso [&hellip;]<\/p>\n","protected":false},"author":29,"featured_media":7383,"comment_status":"open","ping_status":"open","sticky":false,"template":"","format":"standard","meta":{"footnotes":""},"categories":[7,9],"tags":[],"global-categories":[],"class_list":["post-7378","post","type-post","status-publish","format-standard","has-post-thumbnail","hentry","category-carretera","category-mtb-aventura"],"yoast_head":"<!-- This site is optimized with the Yoast SEO Premium plugin v25.3 (Yoast SEO v25.9) - https:\/\/yoast.com\/wordpress\/plugins\/seo\/ -->\n<title>El Brexit deja a muchos ciclistas del Reino Unido en el limbo<\/title>\n<meta name=\"description\" content=\"El Brexit deja a muchos ciclistas del Reino Unido en el limbo. La situaci\u00f3n legal de los ciclistas brit\u00e1nicos en Europa es un problema.\" \/>\n<meta name=\"robots\" content=\"index, follow, max-snippet:-1, max-image-preview:large, max-video-preview:-1\" \/>\n<link rel=\"canonical\" href=\"https:\/\/www.welovecycling.com\/es\/2021\/04\/02\/brexit-ciclista-reino-unido-en-el-limbo\/\" \/>\n<meta property=\"og:locale\" content=\"es_ES\" \/>\n<meta property=\"og:type\" content=\"article\" \/>\n<meta property=\"og:title\" content=\"El Brexit deja a muchos ciclistas del Reino Unido en el limbo\" \/>\n<meta property=\"og:description\" content=\"El Brexit deja a muchos ciclistas del Reino Unido en el limbo. La situaci\u00f3n legal de los ciclistas brit\u00e1nicos en Europa es un problema.\" \/>\n<meta property=\"og:url\" content=\"https:\/\/www.welovecycling.com\/es\/2021\/04\/02\/brexit-ciclista-reino-unido-en-el-limbo\/\" \/>\n<meta property=\"og:site_name\" content=\"\u0160koda We Love Cycling - Spain\" \/>\n<meta property=\"article:published_time\" content=\"2021-04-02T15:58:59+00:00\" \/>\n<meta property=\"og:image\" content=\"https:\/\/d2p6e6u75xmxt8.cloudfront.net\/6\/2021\/03\/British-cyclists-profimedia-0601831453-CVR.jpg\" \/>\n\t<meta property=\"og:image:width\" content=\"1366\" \/>\n\t<meta property=\"og:image:height\" content=\"600\" \/>\n\t<meta property=\"og:image:type\" content=\"image\/jpeg\" \/>\n<meta name=\"author\" content=\"We Love Cycling Spain\" \/>\n<meta name=\"twitter:card\" content=\"summary_large_image\" \/>\n<meta name=\"twitter:title\" content=\"El Brexit deja a muchos ciclistas del Reino Unido en el limbo\" \/>\n<meta name=\"twitter:description\" content=\"El Brexit deja a muchos ciclistas del Reino Unido en el limbo. La situaci\u00f3n legal de los ciclistas brit\u00e1nicos en Europa es un problema.\" \/>\n<meta name=\"twitter:label1\" content=\"Written by\" \/>\n\t<meta name=\"twitter:data1\" content=\"Siegfried Mortkowitz\" \/>\n\t<meta name=\"twitter:label2\" content=\"Est. reading time\" \/>\n\t<meta name=\"twitter:data2\" content=\"6\" \/>\n<script type=\"application\/ld+json\" class=\"yoast-schema-graph\">{\"@context\":\"https:\/\/schema.org\",\"@graph\":[{\"@type\":\"WebPage\",\"@id\":\"https:\/\/www.welovecycling.com\/es\/2021\/04\/02\/brexit-ciclista-reino-unido-en-el-limbo\/\",\"url\":\"https:\/\/www.welovecycling.com\/es\/2021\/04\/02\/brexit-ciclista-reino-unido-en-el-limbo\/\",\"name\":\"El Brexit deja a muchos ciclistas del Reino Unido en el limbo\",\"isPartOf\":{\"@id\":\"https:\/\/www.welovecycling.com\/es\/#website\"},\"primaryImageOfPage\":{\"@id\":\"https:\/\/www.welovecycling.com\/es\/2021\/04\/02\/brexit-ciclista-reino-unido-en-el-limbo\/#primaryimage\"},\"image\":{\"@id\":\"https:\/\/www.welovecycling.com\/es\/2021\/04\/02\/brexit-ciclista-reino-unido-en-el-limbo\/#primaryimage\"},\"thumbnailUrl\":\"https:\/\/d2p6e6u75xmxt8.cloudfront.net\/6\/2021\/03\/British-cyclists-profimedia-0601831453-CVR.jpg\",\"datePublished\":\"2021-04-02T15:58:59+00:00\",\"author\":{\"@id\":\"https:\/\/www.welovecycling.com\/es\/#\/schema\/person\/deb61715b5812698ee79fb96f343ccd4\"},\"description\":\"El Brexit deja a muchos ciclistas del Reino Unido en el limbo. La situaci\u00f3n legal de los ciclistas brit\u00e1nicos en Europa es un problema.\",\"breadcrumb\":{\"@id\":\"https:\/\/www.welovecycling.com\/es\/2021\/04\/02\/brexit-ciclista-reino-unido-en-el-limbo\/#breadcrumb\"},\"inLanguage\":\"es-ES\",\"potentialAction\":[{\"@type\":\"ReadAction\",\"target\":[\"https:\/\/www.welovecycling.com\/es\/2021\/04\/02\/brexit-ciclista-reino-unido-en-el-limbo\/\"]}]},{\"@type\":\"ImageObject\",\"inLanguage\":\"es-ES\",\"@id\":\"https:\/\/www.welovecycling.com\/es\/2021\/04\/02\/brexit-ciclista-reino-unido-en-el-limbo\/#primaryimage\",\"url\":\"https:\/\/d2p6e6u75xmxt8.cloudfront.net\/6\/2021\/03\/British-cyclists-profimedia-0601831453-CVR.jpg\",\"contentUrl\":\"https:\/\/d2p6e6u75xmxt8.cloudfront.net\/6\/2021\/03\/British-cyclists-profimedia-0601831453-CVR.jpg\",\"width\":1366,\"height\":600,\"caption\":\"UK Riders\"},{\"@type\":\"BreadcrumbList\",\"@id\":\"https:\/\/www.welovecycling.com\/es\/2021\/04\/02\/brexit-ciclista-reino-unido-en-el-limbo\/#breadcrumb\",\"itemListElement\":[{\"@type\":\"ListItem\",\"position\":1,\"name\":\"Home\",\"item\":\"https:\/\/www.welovecycling.com\/es\/\"},{\"@type\":\"ListItem\",\"position\":2,\"name\":\"El Brexit deja a muchos ciclistas del Reino Unido en el limbo\"}]},{\"@type\":\"WebSite\",\"@id\":\"https:\/\/www.welovecycling.com\/es\/#website\",\"url\":\"https:\/\/www.welovecycling.com\/es\/\",\"name\":\"\u0160koda We Love Cycling - Spain\",\"description\":\"\u0160koda WeLoveCycling Spain\",\"potentialAction\":[{\"@type\":\"SearchAction\",\"target\":{\"@type\":\"EntryPoint\",\"urlTemplate\":\"https:\/\/www.welovecycling.com\/es\/?s={search_term_string}\"},\"query-input\":{\"@type\":\"PropertyValueSpecification\",\"valueRequired\":true,\"valueName\":\"search_term_string\"}}],\"inLanguage\":\"es-ES\"},{\"@type\":\"Person\",\"@id\":\"https:\/\/www.welovecycling.com\/es\/#\/schema\/person\/deb61715b5812698ee79fb96f343ccd4\",\"name\":\"We Love Cycling Spain\",\"image\":{\"@type\":\"ImageObject\",\"inLanguage\":\"es-ES\",\"@id\":\"https:\/\/www.welovecycling.com\/es\/#\/schema\/person\/image\/\",\"url\":\"https:\/\/secure.gravatar.com\/avatar\/c824b04e6df0e37a03219d0b6481672889df542894588964102459e46513159c?s=96&d=mm&r=g\",\"contentUrl\":\"https:\/\/secure.gravatar.com\/avatar\/c824b04e6df0e37a03219d0b6481672889df542894588964102459e46513159c?s=96&d=mm&r=g\",\"caption\":\"We Love Cycling Spain\"},\"url\":\"https:\/\/www.welovecycling.com\/es\/author\/amunoz\/\"}]}<\/script>\n<!-- \/ Yoast SEO Premium plugin. -->","yoast_head_json":{"title":"El Brexit deja a muchos ciclistas del Reino Unido en el limbo","description":"El Brexit deja a muchos ciclistas del Reino Unido en el limbo. La situaci\u00f3n legal de los ciclistas brit\u00e1nicos en Europa es un problema.","robots":{"index":"index","follow":"follow","max-snippet":"max-snippet:-1","max-image-preview":"max-image-preview:large","max-video-preview":"max-video-preview:-1"},"canonical":"https:\/\/www.welovecycling.com\/es\/2021\/04\/02\/brexit-ciclista-reino-unido-en-el-limbo\/","og_locale":"es_ES","og_type":"article","og_title":"El Brexit deja a muchos ciclistas del Reino Unido en el limbo","og_description":"El Brexit deja a muchos ciclistas del Reino Unido en el limbo. La situaci\u00f3n legal de los ciclistas brit\u00e1nicos en Europa es un problema.","og_url":"https:\/\/www.welovecycling.com\/es\/2021\/04\/02\/brexit-ciclista-reino-unido-en-el-limbo\/","og_site_name":"\u0160koda We Love Cycling - Spain","article_published_time":"2021-04-02T15:58:59+00:00","og_image":[{"width":1366,"height":600,"url":"https:\/\/d2p6e6u75xmxt8.cloudfront.net\/6\/2021\/03\/British-cyclists-profimedia-0601831453-CVR.jpg","type":"image\/jpeg"}],"author":"We Love Cycling Spain","twitter_card":"summary_large_image","twitter_title":"El Brexit deja a muchos ciclistas del Reino Unido en el limbo","twitter_description":"El Brexit deja a muchos ciclistas del Reino Unido en el limbo. La situaci\u00f3n legal de los ciclistas brit\u00e1nicos en Europa es un problema.","twitter_misc":{"Written by":"Siegfried Mortkowitz","Est. reading time":"6"},"schema":{"@context":"https:\/\/schema.org","@graph":[{"@type":"WebPage","@id":"https:\/\/www.welovecycling.com\/es\/2021\/04\/02\/brexit-ciclista-reino-unido-en-el-limbo\/","url":"https:\/\/www.welovecycling.com\/es\/2021\/04\/02\/brexit-ciclista-reino-unido-en-el-limbo\/","name":"El Brexit deja a muchos ciclistas del Reino Unido en el limbo","isPartOf":{"@id":"https:\/\/www.welovecycling.com\/es\/#website"},"primaryImageOfPage":{"@id":"https:\/\/www.welovecycling.com\/es\/2021\/04\/02\/brexit-ciclista-reino-unido-en-el-limbo\/#primaryimage"},"image":{"@id":"https:\/\/www.welovecycling.com\/es\/2021\/04\/02\/brexit-ciclista-reino-unido-en-el-limbo\/#primaryimage"},"thumbnailUrl":"https:\/\/d2p6e6u75xmxt8.cloudfront.net\/6\/2021\/03\/British-cyclists-profimedia-0601831453-CVR.jpg","datePublished":"2021-04-02T15:58:59+00:00","author":{"@id":"https:\/\/www.welovecycling.com\/es\/#\/schema\/person\/deb61715b5812698ee79fb96f343ccd4"},"description":"El Brexit deja a muchos ciclistas del Reino Unido en el limbo. La situaci\u00f3n legal de los ciclistas brit\u00e1nicos en Europa es un problema.","breadcrumb":{"@id":"https:\/\/www.welovecycling.com\/es\/2021\/04\/02\/brexit-ciclista-reino-unido-en-el-limbo\/#breadcrumb"},"inLanguage":"es-ES","potentialAction":[{"@type":"ReadAction","target":["https:\/\/www.welovecycling.com\/es\/2021\/04\/02\/brexit-ciclista-reino-unido-en-el-limbo\/"]}]},{"@type":"ImageObject","inLanguage":"es-ES","@id":"https:\/\/www.welovecycling.com\/es\/2021\/04\/02\/brexit-ciclista-reino-unido-en-el-limbo\/#primaryimage","url":"https:\/\/d2p6e6u75xmxt8.cloudfront.net\/6\/2021\/03\/British-cyclists-profimedia-0601831453-CVR.jpg","contentUrl":"https:\/\/d2p6e6u75xmxt8.cloudfront.net\/6\/2021\/03\/British-cyclists-profimedia-0601831453-CVR.jpg","width":1366,"height":600,"caption":"UK Riders"},{"@type":"BreadcrumbList","@id":"https:\/\/www.welovecycling.com\/es\/2021\/04\/02\/brexit-ciclista-reino-unido-en-el-limbo\/#breadcrumb","itemListElement":[{"@type":"ListItem","position":1,"name":"Home","item":"https:\/\/www.welovecycling.com\/es\/"},{"@type":"ListItem","position":2,"name":"El Brexit deja a muchos ciclistas del Reino Unido en el limbo"}]},{"@type":"WebSite","@id":"https:\/\/www.welovecycling.com\/es\/#website","url":"https:\/\/www.welovecycling.com\/es\/","name":"\u0160koda We Love Cycling - Spain","description":"\u0160koda WeLoveCycling Spain","potentialAction":[{"@type":"SearchAction","target":{"@type":"EntryPoint","urlTemplate":"https:\/\/www.welovecycling.com\/es\/?s={search_term_string}"},"query-input":{"@type":"PropertyValueSpecification","valueRequired":true,"valueName":"search_term_string"}}],"inLanguage":"es-ES"},{"@type":"Person","@id":"https:\/\/www.welovecycling.com\/es\/#\/schema\/person\/deb61715b5812698ee79fb96f343ccd4","name":"We Love Cycling Spain","image":{"@type":"ImageObject","inLanguage":"es-ES","@id":"https:\/\/www.welovecycling.com\/es\/#\/schema\/person\/image\/","url":"https:\/\/secure.gravatar.com\/avatar\/c824b04e6df0e37a03219d0b6481672889df542894588964102459e46513159c?s=96&d=mm&r=g","contentUrl":"https:\/\/secure.gravatar.com\/avatar\/c824b04e6df0e37a03219d0b6481672889df542894588964102459e46513159c?s=96&d=mm&r=g","caption":"We Love Cycling Spain"},"url":"https:\/\/www.welovecycling.com\/es\/author\/amunoz\/"}]}},"_links":{"self":[{"href":"https:\/\/www.welovecycling.com\/es\/wp-json\/wp\/v2\/posts\/7378","targetHints":{"allow":["GET"]}}],"collection":[{"href":"https:\/\/www.welovecycling.com\/es\/wp-json\/wp\/v2\/posts"}],"about":[{"href":"https:\/\/www.welovecycling.com\/es\/wp-json\/wp\/v2\/types\/post"}],"author":[{"embeddable":true,"href":"https:\/\/www.welovecycling.com\/es\/wp-json\/wp\/v2\/users\/29"}],"replies":[{"embeddable":true,"href":"https:\/\/www.welovecycling.com\/es\/wp-json\/wp\/v2\/comments?post=7378"}],"version-history":[{"count":2,"href":"https:\/\/www.welovecycling.com\/es\/wp-json\/wp\/v2\/posts\/7378\/revisions"}],"predecessor-version":[{"id":7384,"href":"https:\/\/www.welovecycling.com\/es\/wp-json\/wp\/v2\/posts\/7378\/revisions\/7384"}],"wp:featuredmedia":[{"embeddable":true,"href":"https:\/\/www.welovecycling.com\/es\/wp-json\/wp\/v2\/media\/7383"}],"wp:attachment":[{"href":"https:\/\/www.welovecycling.com\/es\/wp-json\/wp\/v2\/media?parent=7378"}],"wp:term":[{"taxonomy":"category","embeddable":true,"href":"https:\/\/www.welovecycling.com\/es\/wp-json\/wp\/v2\/categories?post=7378"},{"taxonomy":"post_tag","embeddable":true,"href":"https:\/\/www.welovecycling.com\/es\/wp-json\/wp\/v2\/tags?post=7378"},{"taxonomy":"global-categories","embeddable":true,"href":"https:\/\/www.welovecycling.com\/es\/wp-json\/wp\/v2\/global-categories?post=7378"}],"curies":[{"name":"wp","href":"https:\/\/api.w.org\/{rel}","templated":true}]}}