{"id":7371,"date":"2021-03-31T18:02:29","date_gmt":"2021-03-31T16:02:29","guid":{"rendered":"https:\/\/www.welovecycling.com\/es\/?p=7371"},"modified":"2021-03-29T18:02:54","modified_gmt":"2021-03-29T16:02:54","slug":"brecha-salarial-ciclismo-femenino","status":"publish","type":"post","link":"https:\/\/www.welovecycling.com\/es\/2021\/03\/31\/brecha-salarial-ciclismo-femenino\/","title":{"rendered":"La brecha salarial del ciclismo femenino"},"content":{"rendered":"<p><strong>A todas luces, el ciclismo femenino se encuentra en una fase cr\u00edtica de su desarrollo como deporte. Tras a\u00f1os de lucha por los salarios m\u00ednimos, la igualdad de derechos y la cobertura televisiva, este deporte se est\u00e1 abriendo paso entre un p\u00fablico m\u00e1s amplio y est\u00e1 llamado a seguir acumulando impulso. De hecho, a principios de este mes, las estad\u00edsticas de la <a href=\"https:\/\/twitter.com\/vrdaam\/status\/1365994253877469185\">televisi\u00f3n holandesa 1<\/a> indicaban que la audiencia televisiva en los Pa\u00edses Bajos de la carrera femenina Omloop Het Niewsblad era casi el doble que la masculina: 330.000 espectadores frente a 170.000. Est\u00e1 claro que el ciclismo femenino cuenta con un gran n\u00famero de seguidores pese a la brecha salarial.<\/strong><\/p>\n<p><!--more--><\/p>\n<h2><strong>El apoyo de la comunidad sigue creciendo<\/strong><\/h2>\n<p>Dicho esto, este momento tambi\u00e9n es importante para hacer que los \u00f3rganos de gobierno rindan cuentas y se aseguren de que los que est\u00e1n en el poder cumplan las promesas que hicieron en materia de igualdad de g\u00e9nero y representaci\u00f3n. Como vimos hace unas semanas, cuando un aficionado inici\u00f3 una campa\u00f1a de GoFundMe para reforzar la bolsa de premios de las mujeres en la Strade Bianche, todav\u00eda hay grandes lagunas que deben llenarse. Mediante la creaci\u00f3n de una <a href=\"https:\/\/www.gofundme.com\/f\/equal-prize-money-for-the-womens-peloton\">campa\u00f1a de crowdfunding<\/a>, el ciclista holand\u00e9s Cem Tanyeri pidi\u00f3 a los aficionados que desempe\u00f1aran un papel activo a la hora de llamar la atenci\u00f3n sobre la diferencia en el dinero de los premios, y as\u00ed lo hicieron. M\u00e1s de mil personas hicieron donaciones, y sus contribuciones completaron la bolsa de premios para las cinco primeras clasificadas en m\u00e1s de 26.000 euros.<\/p>\n<h2><strong>La brecha salarial en el ciclismo se mantiene<\/strong><\/h2>\n<p>El \u00e9xito de la campa\u00f1a &#8220;Igualdad de premios para el pelot\u00f3n femenino&#8221; dice que el estado del ciclismo profesional no debe tomarse a la ligera. La gente ama el ciclismo femenino y quiere que sus hero\u00ednas sean compensadas. Tras la victoria de la campa\u00f1a de Tanyeri, los cr\u00edticos estaban bien posicionados para llamar la atenci\u00f3n sobre otras carencias en la cuant\u00eda de los premios. Por ejemplo, el director general de la Flanders Classics, Thomas Van Den Spiegel, ha <a href=\"https:\/\/twitter.com\/tomasvds\/status\/1366820387594592258\">respondido a las cr\u00edticas<\/a> sobre la falta de igualdad de premios en la Omloop Het Nieuwsblad, en la que <a href=\"https:\/\/www.welovecycling.com\/wide\/2021\/03\/17\/the-incredible-career-of-anna-van-der-breggen-what-is-she-up-to-after-retirement\/\">Anna van der Breggen<\/a> gan\u00f3 930 euros en comparaci\u00f3n con el ganador masculino, que se llev\u00f3 16.000 euros.<\/p>\n<figure id=\"attachment_7372\" aria-describedby=\"caption-attachment-7372\" style=\"width: 1024px\" class=\"wp-caption alignnone\"><a href=\"https:\/\/d2p6e6u75xmxt8.cloudfront.net\/2\/2021\/03\/Anna-van-der-Breggen-profimedia-0560069472.jpg\"><img loading=\"lazy\" decoding=\"async\" class=\"wp-image-7372 size-large\" src=\"https:\/\/d2p6e6u75xmxt8.cloudfront.net\/6\/2021\/03\/Anna-van-der-Breggen-profimedia-0560069472-1024x679.jpg\" alt=\"Anna van der Breggen\" width=\"1024\" height=\"679\" srcset=\"https:\/\/d2p6e6u75xmxt8.cloudfront.net\/6\/2021\/03\/Anna-van-der-Breggen-profimedia-0560069472-1024x679.jpg 1024w, https:\/\/d2p6e6u75xmxt8.cloudfront.net\/6\/2021\/03\/Anna-van-der-Breggen-profimedia-0560069472-300x199.jpg 300w, https:\/\/d2p6e6u75xmxt8.cloudfront.net\/6\/2021\/03\/Anna-van-der-Breggen-profimedia-0560069472-768x509.jpg 768w, https:\/\/d2p6e6u75xmxt8.cloudfront.net\/6\/2021\/03\/Anna-van-der-Breggen-profimedia-0560069472.jpg 1250w\" sizes=\"auto, (max-width: 1024px) 100vw, 1024px\" \/><\/a><figcaption id=\"caption-attachment-7372\" class=\"wp-caption-text\">Anna Van der Breggen gan\u00f3 una cantidad de dinero considerablemente inferior a la de sus hom\u00f3logos masculinos. \u00a9 Profimedia<\/figcaption><\/figure>\n<p>Destac\u00f3 el hecho de que la carrera ha invertido una importante cantidad de dinero en trasladar el evento a la categor\u00eda 1.Pro y en proporcionar la transmisi\u00f3n en directo. Continu\u00f3 explicando los objetivos de la iniciativa de cuatro a\u00f1os de Flanders Classics a &#8220;Cerrar la brecha&#8221;, que pretende, entre otras cosas, superar la brecha salarial en el ciclismo y lograr la igualdad de premios para 2023. Es mucho terreno que cubrir en dos a\u00f1os, pero esperemos que pueda mantenerse fiel a su palabra.<\/p>\n<h2><strong>Pasos en la direcci\u00f3n correcta\u00a0<\/strong><\/h2>\n<p>Por otro lado, algunas fuerzas poderosas del mundo del ciclismo est\u00e1n dando un paso adelante y haciendo que las cosas sucedan. Mientras miramos hacia la readaptaci\u00f3n del ciclismo a un mundo post-pand\u00e9mico, es importante llamar la atenci\u00f3n sobre estos esfuerzos y hacer un balance de hacia d\u00f3nde se dirigen las cosas. He aqu\u00ed algunas organizaciones e iniciativas que han demostrado que ahora es el momento de pasar a la acci\u00f3n:<\/p>\n<h2><strong>Igualar los salarios m\u00ednimos<\/strong><\/h2>\n<p>A principios de este mes, el <a href=\"https:\/\/www.cyclingnews.com\/news\/bikeexchange-to-raise-womens-team-minimum-salary-to-align-with-mens-squad\/?utm_source=Selligent&amp;utm_medium=email&amp;utm_campaign=cyl_newsletter&amp;utm_content=cyl_newsletter+&amp;utm_term=4088710\">Team Bike Exchange<\/a> se uni\u00f3 al Trek-Segafredo para aumentar el salario de su equipo de mujeres al mismo nivel que el salario m\u00ednimo de los hombres. Esto es el doble de la cantidad requerida por la UCI y muestra una verdadera dedicaci\u00f3n en busca de la igualdad.<\/p>\n<figure id=\"attachment_7373\" aria-describedby=\"caption-attachment-7373\" style=\"width: 1024px\" class=\"wp-caption alignnone\"><a href=\"https:\/\/d2p6e6u75xmxt8.cloudfront.net\/2\/2021\/03\/Trek-Segafredo-women-profimedia-0593994641.jpg\"><img loading=\"lazy\" decoding=\"async\" class=\"wp-image-7373 size-large\" src=\"https:\/\/d2p6e6u75xmxt8.cloudfront.net\/6\/2021\/03\/Trek-Segafredo-women-profimedia-0593994641-1024x681.jpg\" alt=\"Women racing\" width=\"1024\" height=\"681\" srcset=\"https:\/\/d2p6e6u75xmxt8.cloudfront.net\/6\/2021\/03\/Trek-Segafredo-women-profimedia-0593994641-1024x681.jpg 1024w, https:\/\/d2p6e6u75xmxt8.cloudfront.net\/6\/2021\/03\/Trek-Segafredo-women-profimedia-0593994641-300x199.jpg 300w, https:\/\/d2p6e6u75xmxt8.cloudfront.net\/6\/2021\/03\/Trek-Segafredo-women-profimedia-0593994641-768x511.jpg 768w, https:\/\/d2p6e6u75xmxt8.cloudfront.net\/6\/2021\/03\/Trek-Segafredo-women-profimedia-0593994641-272x182.jpg 272w, https:\/\/d2p6e6u75xmxt8.cloudfront.net\/6\/2021\/03\/Trek-Segafredo-women-profimedia-0593994641.jpg 1250w\" sizes=\"auto, (max-width: 1024px) 100vw, 1024px\" \/><\/a><figcaption id=\"caption-attachment-7373\" class=\"wp-caption-text\">Nuevos equipos han anunciado un aumento del salario m\u00ednimo. \u00a9 Profimedia<\/figcaption><\/figure>\n<h2><strong><br \/>\nMas carreras femeninas<\/strong><\/h2>\n<p>Asimismo, el <a href=\"http:\/\/eye.sbc36.com\/m2?r=wAPNAgm4NWE3MmNkMjBiODViNTMzZTlhNjg2YzJkxBB3FynQ29CfPkwM0IQZ-klVFAvQ3sQQItCOXNCEedC8StCo0LgjWyNo0N_Qq9CHuG5pY29sYXNnYXJjZXJhQGdtYWlsLmNvbaCZs0VNQUlMX0NPUlJFQ1RJT05fSUSgqFNUQVRFX0lEp1Vua25vd26rTEFTVE5BTUVfSUSgrk9SSUdJTl9LSU5EX0lEpk1BTlVBTKpDT05UQUNUX0lEtklvNWNoSG04U3FpNEkxc2phTi1yaHerQ0lWSUxJVFlfSUSgsU9SSUdJTl9DQVBUSU9OX0lEoKxGSVJTVE5BTUVfSUSgs1BIT05FX0NPUlJFQ1RJT05fSUSg\">CIC &#8211; Mont Ventoux D\u00e9nivel\u00e9 Challenges<\/a> anunci\u00f3 que a partir de 2022 se celebrar\u00e1 una carrera profesional femenina junto a la masculina. No cabe duda de que se sintieron alentados por las cifras de audiencia del Omloop Het Niewsblad.<\/p>\n<h2><strong>Reintegrar el dinero a la comunidad<\/strong><\/h2>\n<p>En un acto de solidaridad con la comunidad en general, <a href=\"https:\/\/twitter.com\/ElisaLongoB\/status\/1368942470562713607\">Trek-Segafredo<\/a> ha anunciado que donar\u00e1 su parte del dinero del premio financiado por el crowdfunding en la Strade Bianche para apoyar varios proyectos de ciclismo femenino que ayuden a cultivar el deporte.<\/p>\n<h2><strong>Aumenta la inversi\u00f3n en mujeres deportistas<\/strong><\/h2>\n<p>La agencia <a href=\"https:\/\/twitter.com\/CORSOsports\/status\/1370434835123163139\">Corso Sports<\/a> ha anunciado recientemente un nuevo proyecto que tiene como objetivo hacer crecer las carreras de las mujeres atletas dentro y fuera de la bicicleta, al tiempo que apoya la igualdad general en el deporte. Las\u00a0 ciclistas, como Emma Norsgaard, Coryn Rivera, Hannah y Alice Barnes y Franziska Koch, ya han sido figuran en sus filas.<\/p>\n<figure id=\"attachment_7374\" aria-describedby=\"caption-attachment-7374\" style=\"width: 1024px\" class=\"wp-caption alignnone\"><a href=\"https:\/\/d2p6e6u75xmxt8.cloudfront.net\/2\/2021\/03\/Coryn-Rivera-profimedia-0559403447.jpg\"><img loading=\"lazy\" decoding=\"async\" class=\"wp-image-7374 size-large\" src=\"https:\/\/d2p6e6u75xmxt8.cloudfront.net\/6\/2021\/03\/Coryn-Rivera-profimedia-0559403447-1024x679.jpg\" alt=\"Coryn Rivera\" width=\"1024\" height=\"679\" srcset=\"https:\/\/d2p6e6u75xmxt8.cloudfront.net\/6\/2021\/03\/Coryn-Rivera-profimedia-0559403447-1024x679.jpg 1024w, https:\/\/d2p6e6u75xmxt8.cloudfront.net\/6\/2021\/03\/Coryn-Rivera-profimedia-0559403447-300x199.jpg 300w, https:\/\/d2p6e6u75xmxt8.cloudfront.net\/6\/2021\/03\/Coryn-Rivera-profimedia-0559403447-768x509.jpg 768w, https:\/\/d2p6e6u75xmxt8.cloudfront.net\/6\/2021\/03\/Coryn-Rivera-profimedia-0559403447.jpg 1250w\" sizes=\"auto, (max-width: 1024px) 100vw, 1024px\" \/><\/a><figcaption id=\"caption-attachment-7374\" class=\"wp-caption-text\">Coryn Rivera (L) es parte del nuevo proyecto. \u00a9 Profimedia<\/figcaption><\/figure>\n<h2><strong><br \/>\nEstrategia a largo plazo<\/strong><\/h2>\n<p>El Consejo de Ciclistas de la Alianza Ciclista ha establecido<a href=\"https:\/\/cyclistsalliance.org\/2021\/03\/four-simple-steps-to-help-build-a-better-future-for-professional-womens-cycling-from-our-rider-council\/\"> cuatro pasos<\/a> (Observar &#8211; Contratar- Comprometerse &#8211; Hablar) que ofrecen a todas las partes interesadas un plan para contribuir a un futuro mejor para el ciclismo femenino profesional. Al proporcionar una direcci\u00f3n concreta, iniciativas como \u00e9sta desempe\u00f1an un papel esencial para garantizar que la acci\u00f3n y la responsabilidad no pierdan impulso con el tiempo.<\/p>\n<h2><strong>Conclusiones\u00a0<\/strong><\/h2>\n<p>Hay muchos motivos para estar entusiasmados. Muchas personas y organizaciones dedicadas est\u00e1n luchando por superar la brecha salarial en el ciclismo y por conseguir un futuro m\u00e1s brillante y equitativo para el ciclismo femenino. Con voces m\u00e1s fuertes que denuncian la discriminaci\u00f3n, m\u00e1s patrocinadores y medios de comunicaci\u00f3n que defienden lo que es correcto, y m\u00e1s carreras que dan un paso adelante en las carreras profesionales de mujeres, estamos cada vez m\u00e1s cerca de conseguir el objetivo de la igualdad de oportunidades en el ciclismo. Esperemos que en lo que queda de temporada haya m\u00e1s anuncios de ciclismo femenino que merezcan ser celebrados.<\/p>\n","protected":false},"excerpt":{"rendered":"<p>A todas luces, el ciclismo femenino se encuentra en una fase cr\u00edtica de su desarrollo como deporte. Tras a\u00f1os de [&hellip;]<\/p>\n","protected":false},"author":29,"featured_media":7376,"comment_status":"open","ping_status":"open","sticky":false,"template":"","format":"standard","meta":{"footnotes":""},"categories":[7],"tags":[],"global-categories":[],"class_list":["post-7371","post","type-post","status-publish","format-standard","has-post-thumbnail","hentry","category-carretera"],"yoast_head":"<!-- This site is optimized with the Yoast SEO Premium plugin v25.3 (Yoast SEO v25.9) - https:\/\/yoast.com\/wordpress\/plugins\/seo\/ -->\n<title>La brecha salarial del ciclismo femenino \u00bfHay trato de igualdad?<\/title>\n<meta name=\"description\" content=\"La brecha salarial del ciclismo femenino. Las mejoras de los \u00faltimos meses para reducir la diferecia de sueldos en el ciclismo profesional.\" \/>\n<meta name=\"robots\" content=\"index, follow, max-snippet:-1, max-image-preview:large, max-video-preview:-1\" \/>\n<link rel=\"canonical\" href=\"https:\/\/www.welovecycling.com\/es\/2021\/03\/31\/brecha-salarial-ciclismo-femenino\/\" \/>\n<meta property=\"og:locale\" content=\"es_ES\" \/>\n<meta property=\"og:type\" content=\"article\" \/>\n<meta property=\"og:title\" content=\"La brecha salarial del ciclismo femenino\" \/>\n<meta property=\"og:description\" content=\"La brecha salarial del ciclismo femenino. Las mejoras de los \u00faltimos meses para reducir la diferecia de sueldos en el ciclismo profesional.\" \/>\n<meta property=\"og:url\" content=\"https:\/\/www.welovecycling.com\/es\/2021\/03\/31\/brecha-salarial-ciclismo-femenino\/\" \/>\n<meta property=\"og:site_name\" content=\"\u0160koda We Love Cycling - Spain\" \/>\n<meta property=\"article:published_time\" content=\"2021-03-31T16:02:29+00:00\" \/>\n<meta property=\"og:image\" content=\"https:\/\/d2p6e6u75xmxt8.cloudfront.net\/6\/2021\/03\/Women-Cycling-Race-profimedia-0601170396-CVR.jpg\" \/>\n\t<meta property=\"og:image:width\" content=\"1366\" \/>\n\t<meta property=\"og:image:height\" content=\"600\" \/>\n\t<meta property=\"og:image:type\" content=\"image\/jpeg\" \/>\n<meta name=\"author\" content=\"We Love Cycling Spain\" \/>\n<meta name=\"twitter:card\" content=\"summary_large_image\" \/>\n<meta name=\"twitter:title\" content=\"La brecha salarial del ciclismo femenino\" \/>\n<meta name=\"twitter:description\" content=\"La brecha salarial del ciclismo femenino. Las mejoras de los \u00faltimos meses para reducir la diferecia de sueldos en el ciclismo profesional.\" \/>\n<meta name=\"twitter:label1\" content=\"Written by\" \/>\n\t<meta name=\"twitter:data1\" content=\"Megan Flottorp\" \/>\n\t<meta name=\"twitter:label2\" content=\"Est. reading time\" \/>\n\t<meta name=\"twitter:data2\" content=\"7\" \/>\n<script type=\"application\/ld+json\" class=\"yoast-schema-graph\">{\"@context\":\"https:\/\/schema.org\",\"@graph\":[{\"@type\":\"WebPage\",\"@id\":\"https:\/\/www.welovecycling.com\/es\/2021\/03\/31\/brecha-salarial-ciclismo-femenino\/\",\"url\":\"https:\/\/www.welovecycling.com\/es\/2021\/03\/31\/brecha-salarial-ciclismo-femenino\/\",\"name\":\"La brecha salarial del ciclismo femenino \u00bfHay trato de igualdad?\",\"isPartOf\":{\"@id\":\"https:\/\/www.welovecycling.com\/es\/#website\"},\"primaryImageOfPage\":{\"@id\":\"https:\/\/www.welovecycling.com\/es\/2021\/03\/31\/brecha-salarial-ciclismo-femenino\/#primaryimage\"},\"image\":{\"@id\":\"https:\/\/www.welovecycling.com\/es\/2021\/03\/31\/brecha-salarial-ciclismo-femenino\/#primaryimage\"},\"thumbnailUrl\":\"https:\/\/d2p6e6u75xmxt8.cloudfront.net\/6\/2021\/03\/Women-Cycling-Race-profimedia-0601170396-CVR.jpg\",\"datePublished\":\"2021-03-31T16:02:29+00:00\",\"author\":{\"@id\":\"https:\/\/www.welovecycling.com\/es\/#\/schema\/person\/deb61715b5812698ee79fb96f343ccd4\"},\"description\":\"La brecha salarial del ciclismo femenino. Las mejoras de los \u00faltimos meses para reducir la diferecia de sueldos en el ciclismo profesional.\",\"breadcrumb\":{\"@id\":\"https:\/\/www.welovecycling.com\/es\/2021\/03\/31\/brecha-salarial-ciclismo-femenino\/#breadcrumb\"},\"inLanguage\":\"es-ES\",\"potentialAction\":[{\"@type\":\"ReadAction\",\"target\":[\"https:\/\/www.welovecycling.com\/es\/2021\/03\/31\/brecha-salarial-ciclismo-femenino\/\"]}]},{\"@type\":\"ImageObject\",\"inLanguage\":\"es-ES\",\"@id\":\"https:\/\/www.welovecycling.com\/es\/2021\/03\/31\/brecha-salarial-ciclismo-femenino\/#primaryimage\",\"url\":\"https:\/\/d2p6e6u75xmxt8.cloudfront.net\/6\/2021\/03\/Women-Cycling-Race-profimedia-0601170396-CVR.jpg\",\"contentUrl\":\"https:\/\/d2p6e6u75xmxt8.cloudfront.net\/6\/2021\/03\/Women-Cycling-Race-profimedia-0601170396-CVR.jpg\",\"width\":1366,\"height\":600,\"caption\":\"Brugge De Panne Women Classic\"},{\"@type\":\"BreadcrumbList\",\"@id\":\"https:\/\/www.welovecycling.com\/es\/2021\/03\/31\/brecha-salarial-ciclismo-femenino\/#breadcrumb\",\"itemListElement\":[{\"@type\":\"ListItem\",\"position\":1,\"name\":\"Home\",\"item\":\"https:\/\/www.welovecycling.com\/es\/\"},{\"@type\":\"ListItem\",\"position\":2,\"name\":\"La brecha salarial del ciclismo femenino\"}]},{\"@type\":\"WebSite\",\"@id\":\"https:\/\/www.welovecycling.com\/es\/#website\",\"url\":\"https:\/\/www.welovecycling.com\/es\/\",\"name\":\"\u0160koda We Love Cycling - Spain\",\"description\":\"\u0160koda WeLoveCycling Spain\",\"potentialAction\":[{\"@type\":\"SearchAction\",\"target\":{\"@type\":\"EntryPoint\",\"urlTemplate\":\"https:\/\/www.welovecycling.com\/es\/?s={search_term_string}\"},\"query-input\":{\"@type\":\"PropertyValueSpecification\",\"valueRequired\":true,\"valueName\":\"search_term_string\"}}],\"inLanguage\":\"es-ES\"},{\"@type\":\"Person\",\"@id\":\"https:\/\/www.welovecycling.com\/es\/#\/schema\/person\/deb61715b5812698ee79fb96f343ccd4\",\"name\":\"We Love Cycling Spain\",\"image\":{\"@type\":\"ImageObject\",\"inLanguage\":\"es-ES\",\"@id\":\"https:\/\/www.welovecycling.com\/es\/#\/schema\/person\/image\/\",\"url\":\"https:\/\/secure.gravatar.com\/avatar\/c824b04e6df0e37a03219d0b6481672889df542894588964102459e46513159c?s=96&d=mm&r=g\",\"contentUrl\":\"https:\/\/secure.gravatar.com\/avatar\/c824b04e6df0e37a03219d0b6481672889df542894588964102459e46513159c?s=96&d=mm&r=g\",\"caption\":\"We Love Cycling Spain\"},\"url\":\"https:\/\/www.welovecycling.com\/es\/author\/amunoz\/\"}]}<\/script>\n<!-- \/ Yoast SEO Premium plugin. -->","yoast_head_json":{"title":"La brecha salarial del ciclismo femenino \u00bfHay trato de igualdad?","description":"La brecha salarial del ciclismo femenino. Las mejoras de los \u00faltimos meses para reducir la diferecia de sueldos en el ciclismo profesional.","robots":{"index":"index","follow":"follow","max-snippet":"max-snippet:-1","max-image-preview":"max-image-preview:large","max-video-preview":"max-video-preview:-1"},"canonical":"https:\/\/www.welovecycling.com\/es\/2021\/03\/31\/brecha-salarial-ciclismo-femenino\/","og_locale":"es_ES","og_type":"article","og_title":"La brecha salarial del ciclismo femenino","og_description":"La brecha salarial del ciclismo femenino. Las mejoras de los \u00faltimos meses para reducir la diferecia de sueldos en el ciclismo profesional.","og_url":"https:\/\/www.welovecycling.com\/es\/2021\/03\/31\/brecha-salarial-ciclismo-femenino\/","og_site_name":"\u0160koda We Love Cycling - Spain","article_published_time":"2021-03-31T16:02:29+00:00","og_image":[{"width":1366,"height":600,"url":"https:\/\/d2p6e6u75xmxt8.cloudfront.net\/6\/2021\/03\/Women-Cycling-Race-profimedia-0601170396-CVR.jpg","type":"image\/jpeg"}],"author":"We Love Cycling Spain","twitter_card":"summary_large_image","twitter_title":"La brecha salarial del ciclismo femenino","twitter_description":"La brecha salarial del ciclismo femenino. Las mejoras de los \u00faltimos meses para reducir la diferecia de sueldos en el ciclismo profesional.","twitter_misc":{"Written by":"Megan Flottorp","Est. reading time":"7"},"schema":{"@context":"https:\/\/schema.org","@graph":[{"@type":"WebPage","@id":"https:\/\/www.welovecycling.com\/es\/2021\/03\/31\/brecha-salarial-ciclismo-femenino\/","url":"https:\/\/www.welovecycling.com\/es\/2021\/03\/31\/brecha-salarial-ciclismo-femenino\/","name":"La brecha salarial del ciclismo femenino \u00bfHay trato de igualdad?","isPartOf":{"@id":"https:\/\/www.welovecycling.com\/es\/#website"},"primaryImageOfPage":{"@id":"https:\/\/www.welovecycling.com\/es\/2021\/03\/31\/brecha-salarial-ciclismo-femenino\/#primaryimage"},"image":{"@id":"https:\/\/www.welovecycling.com\/es\/2021\/03\/31\/brecha-salarial-ciclismo-femenino\/#primaryimage"},"thumbnailUrl":"https:\/\/d2p6e6u75xmxt8.cloudfront.net\/6\/2021\/03\/Women-Cycling-Race-profimedia-0601170396-CVR.jpg","datePublished":"2021-03-31T16:02:29+00:00","author":{"@id":"https:\/\/www.welovecycling.com\/es\/#\/schema\/person\/deb61715b5812698ee79fb96f343ccd4"},"description":"La brecha salarial del ciclismo femenino. Las mejoras de los \u00faltimos meses para reducir la diferecia de sueldos en el ciclismo profesional.","breadcrumb":{"@id":"https:\/\/www.welovecycling.com\/es\/2021\/03\/31\/brecha-salarial-ciclismo-femenino\/#breadcrumb"},"inLanguage":"es-ES","potentialAction":[{"@type":"ReadAction","target":["https:\/\/www.welovecycling.com\/es\/2021\/03\/31\/brecha-salarial-ciclismo-femenino\/"]}]},{"@type":"ImageObject","inLanguage":"es-ES","@id":"https:\/\/www.welovecycling.com\/es\/2021\/03\/31\/brecha-salarial-ciclismo-femenino\/#primaryimage","url":"https:\/\/d2p6e6u75xmxt8.cloudfront.net\/6\/2021\/03\/Women-Cycling-Race-profimedia-0601170396-CVR.jpg","contentUrl":"https:\/\/d2p6e6u75xmxt8.cloudfront.net\/6\/2021\/03\/Women-Cycling-Race-profimedia-0601170396-CVR.jpg","width":1366,"height":600,"caption":"Brugge De Panne Women Classic"},{"@type":"BreadcrumbList","@id":"https:\/\/www.welovecycling.com\/es\/2021\/03\/31\/brecha-salarial-ciclismo-femenino\/#breadcrumb","itemListElement":[{"@type":"ListItem","position":1,"name":"Home","item":"https:\/\/www.welovecycling.com\/es\/"},{"@type":"ListItem","position":2,"name":"La brecha salarial del ciclismo femenino"}]},{"@type":"WebSite","@id":"https:\/\/www.welovecycling.com\/es\/#website","url":"https:\/\/www.welovecycling.com\/es\/","name":"\u0160koda We Love Cycling - Spain","description":"\u0160koda WeLoveCycling Spain","potentialAction":[{"@type":"SearchAction","target":{"@type":"EntryPoint","urlTemplate":"https:\/\/www.welovecycling.com\/es\/?s={search_term_string}"},"query-input":{"@type":"PropertyValueSpecification","valueRequired":true,"valueName":"search_term_string"}}],"inLanguage":"es-ES"},{"@type":"Person","@id":"https:\/\/www.welovecycling.com\/es\/#\/schema\/person\/deb61715b5812698ee79fb96f343ccd4","name":"We Love Cycling Spain","image":{"@type":"ImageObject","inLanguage":"es-ES","@id":"https:\/\/www.welovecycling.com\/es\/#\/schema\/person\/image\/","url":"https:\/\/secure.gravatar.com\/avatar\/c824b04e6df0e37a03219d0b6481672889df542894588964102459e46513159c?s=96&d=mm&r=g","contentUrl":"https:\/\/secure.gravatar.com\/avatar\/c824b04e6df0e37a03219d0b6481672889df542894588964102459e46513159c?s=96&d=mm&r=g","caption":"We Love Cycling Spain"},"url":"https:\/\/www.welovecycling.com\/es\/author\/amunoz\/"}]}},"_links":{"self":[{"href":"https:\/\/www.welovecycling.com\/es\/wp-json\/wp\/v2\/posts\/7371","targetHints":{"allow":["GET"]}}],"collection":[{"href":"https:\/\/www.welovecycling.com\/es\/wp-json\/wp\/v2\/posts"}],"about":[{"href":"https:\/\/www.welovecycling.com\/es\/wp-json\/wp\/v2\/types\/post"}],"author":[{"embeddable":true,"href":"https:\/\/www.welovecycling.com\/es\/wp-json\/wp\/v2\/users\/29"}],"replies":[{"embeddable":true,"href":"https:\/\/www.welovecycling.com\/es\/wp-json\/wp\/v2\/comments?post=7371"}],"version-history":[{"count":2,"href":"https:\/\/www.welovecycling.com\/es\/wp-json\/wp\/v2\/posts\/7371\/revisions"}],"predecessor-version":[{"id":7385,"href":"https:\/\/www.welovecycling.com\/es\/wp-json\/wp\/v2\/posts\/7371\/revisions\/7385"}],"wp:featuredmedia":[{"embeddable":true,"href":"https:\/\/www.welovecycling.com\/es\/wp-json\/wp\/v2\/media\/7376"}],"wp:attachment":[{"href":"https:\/\/www.welovecycling.com\/es\/wp-json\/wp\/v2\/media?parent=7371"}],"wp:term":[{"taxonomy":"category","embeddable":true,"href":"https:\/\/www.welovecycling.com\/es\/wp-json\/wp\/v2\/categories?post=7371"},{"taxonomy":"post_tag","embeddable":true,"href":"https:\/\/www.welovecycling.com\/es\/wp-json\/wp\/v2\/tags?post=7371"},{"taxonomy":"global-categories","embeddable":true,"href":"https:\/\/www.welovecycling.com\/es\/wp-json\/wp\/v2\/global-categories?post=7371"}],"curies":[{"name":"wp","href":"https:\/\/api.w.org\/{rel}","templated":true}]}}