{"id":7364,"date":"2021-03-29T11:29:02","date_gmt":"2021-03-29T09:29:02","guid":{"rendered":"https:\/\/www.welovecycling.com\/es\/?p=7364"},"modified":"2021-03-29T11:29:02","modified_gmt":"2021-03-29T09:29:02","slug":"una-volta-de-records-y-retornos","status":"publish","type":"post","link":"https:\/\/www.welovecycling.com\/es\/2021\/03\/29\/una-volta-de-records-y-retornos\/","title":{"rendered":"Una Volta de r\u00e9cords y retornos"},"content":{"rendered":"<p><strong>Hasta la edici\u00f3n centenaria de la Volta nadie hab\u00eda subido tan r\u00e1pido Vallter 2000 y Port Ain\u00e9, dos de los puertos que se han convertido habituales en la \u00faltima d\u00e9cada, tampoco ning\u00fan equipo hab\u00eda dominado la clasificaci\u00f3n general como lo hizo Ineos, copando el podio, ni un ciclista de 41 a\u00f1os, como Alejandro Valverde, hab\u00eda acabado cuarto de la general.<\/strong><\/p>\n<p><!--more--><\/p>\n<p>La <strong>Volta del Centenario<\/strong>, que tuvo que aplazar la celebraci\u00f3n hasta este 2021 por la cancelaci\u00f3n de 2020, ha dejado cosas importantes en la rec\u00e1mara de lo que puede ser esta temporada reci\u00e9n empezada, solo hay que mirar a los n\u00fameros.<\/p>\n<h2><strong>R\u00e9cords en Vallter 2000 y Port Ain\u00e9<\/strong><\/h2>\n<p>Los primeros son los dos r\u00e9cords en las que fueron las dos etapas claves para la general final junto a la crono de Ba\u00f1olas. <a href=\"https:\/\/www.voltacatalunya.cat\/es\/etapa-3\"><strong>Vallter 2000<\/strong><\/a> es un puerto relativamente corto, 11 kil\u00f3metros, pero con una media mantenida de m\u00e1s del 7%. All\u00ed Adam Yates bati\u00f3 su r\u00e9cord del 2019 por 44 segundos. 30:53 en esta ocasi\u00f3n por 31:57 en 2019 empatado con Bernal, Dan Martin y Nairo Quintana, y muy por debajo de los 34 minutos de Van Garderen y Bardet en 2014 o los 32:45 de Quintana en 2013, que son los \u00fanicos registros que hay de las \u00faltimas temporadas.<\/p>\n<figure id=\"attachment_7368\" aria-describedby=\"caption-attachment-7368\" style=\"width: 1000px\" class=\"wp-caption aligncenter\"><a href=\"https:\/\/d2p6e6u75xmxt8.cloudfront.net\/6\/2021\/03\/Yates-y-Kuss.jpg\"><img loading=\"lazy\" decoding=\"async\" class=\"size-full wp-image-7368\" src=\"https:\/\/d2p6e6u75xmxt8.cloudfront.net\/6\/2021\/03\/Yates-y-Kuss.jpg\" alt=\"Yates y Kuss\" width=\"1000\" height=\"687\" srcset=\"https:\/\/d2p6e6u75xmxt8.cloudfront.net\/6\/2021\/03\/Yates-y-Kuss.jpg 1000w, https:\/\/d2p6e6u75xmxt8.cloudfront.net\/6\/2021\/03\/Yates-y-Kuss-300x206.jpg 300w, https:\/\/d2p6e6u75xmxt8.cloudfront.net\/6\/2021\/03\/Yates-y-Kuss-768x528.jpg 768w\" sizes=\"auto, (max-width: 1000px) 100vw, 1000px\" \/><\/a><figcaption id=\"caption-attachment-7368\" class=\"wp-caption-text\">Adam Yates y Kuss en Vallter 2000. Foto La Volta<\/figcaption><\/figure>\n<p>La ascensi\u00f3n de la tercera etapa de La Volta no solo sirvi\u00f3 a Adam Yates para reeditar su triunfo de 2019, sino tambi\u00e9n para vestirse de l\u00edder, desplazar a Joao Almeida y para que sus dos compa\u00f1eros de Ineos, Porte y Thomas, escalaran posiciones en la general. Y produjo los dos primeros &#8216;retornos&#8217; de esta Volta. Alejandro Valverde, despu\u00e9s de un complicado 2020, acab\u00f3 tercero y atacando desde lejos. Mejor fue lo de Johan Esteban Chaves, que saliendo desde el grupo estuvo a un pu\u00f1ado de segundos de alcanzar a Yates. El colombiano llevaba sin brillar desde el Giro de 2019.<\/p>\n<p>Al d\u00eda siguiente era la cuarta etapa con el encadenado Toses, Cant\u00f3 y<a href=\"https:\/\/www.voltacatalunya.cat\/es\/etapa-4\"> Port Ain\u00e9<\/a>.\u00a0 Esta vez un puerto final con m\u00e1s recorrido, casi 20 kil\u00f3metros, y un desnivel medio del 6,6%. Un lugar ideal para arrancar desde lejos como hizo Esteban Chaves, que aguant\u00f3 siete kil\u00f3metros el dominio del Team Ineos con Rohan Dennis, Castroviejo y Carapaz ejerciendo como gregarios de lujo. Los n\u00fameros de Chaves, un minuto mejor que Nairo Quintana en 2016 y dos m\u00e1s r\u00e1pido que Dan Martin en 2013.<\/p>\n<h2><strong>Ineos, Valverde, Sagan y De Gendt<\/strong><\/h2>\n<p>Si algo dej\u00f3 claro la cuarta etapa, adem\u00e1s de la recuperaci\u00f3n para los puestos de privilegio de Esteban Chaves, es que el Ineos ha recuperado los niveles de dominio de carrera de 2019. En la contrarreloj de Ba\u00f1olas logr\u00f3 meter a cuatro corredores, Dennis, Adam Yates, Porte y Thomas, entre los 10 primeros. Con Castroviejo en el puesto 15. Y al d\u00eda siguiente en Vallter 2000 gan\u00f3 con Yates y meti\u00f3 a otros dos, Porte y Thomas, entre los 10 mejores de la escalada, con Carapaz ejerciendo como ariete.<\/p>\n<p>Quiz\u00e1s el mayor dominio los exhibieron en la etapa reina de Port Ain\u00e9. El INEOS control\u00f3 de principio a fin. En la \u00faltima subida el ritmo de Dennis y Castroviejo sirvi\u00f3 para seleccionar el grupo de favoritos, el de Carapaz para controlar y absorber los ataques de Kruijswijk y Enric M\u00e1s. Y todav\u00eda estaban Porte y Geraint Thomas en la rec\u00e1mara para acercar a Adam Yates a Chaves y soltar a Joao Almeida, el \u00fanico que les discut\u00eda las tres primeras plazas de la general.<\/p>\n<figure id=\"attachment_7369\" aria-describedby=\"caption-attachment-7369\" style=\"width: 1000px\" class=\"wp-caption aligncenter\"><a href=\"https:\/\/d2p6e6u75xmxt8.cloudfront.net\/6\/2021\/03\/Alejandro-Valverde.jpg\"><img loading=\"lazy\" decoding=\"async\" class=\"size-full wp-image-7369\" src=\"https:\/\/d2p6e6u75xmxt8.cloudfront.net\/6\/2021\/03\/Alejandro-Valverde.jpg\" alt=\"Alejandro Valverde\" width=\"1000\" height=\"777\" srcset=\"https:\/\/d2p6e6u75xmxt8.cloudfront.net\/6\/2021\/03\/Alejandro-Valverde.jpg 1000w, https:\/\/d2p6e6u75xmxt8.cloudfront.net\/6\/2021\/03\/Alejandro-Valverde-300x233.jpg 300w, https:\/\/d2p6e6u75xmxt8.cloudfront.net\/6\/2021\/03\/Alejandro-Valverde-768x597.jpg 768w\" sizes=\"auto, (max-width: 1000px) 100vw, 1000px\" \/><\/a><figcaption id=\"caption-attachment-7369\" class=\"wp-caption-text\">Alejandro Valverde, Meta de Vallter 2000. Foto La Volta<\/figcaption><\/figure>\n<p>En las tres etapas siguientes de La Volta no tuvieron problemas para mantener a <strong>Yates, Porte y Thomas<\/strong> como los tres mejores de la carrera pese a los intentos de Movistar y <strong>Alejandro Valverde<\/strong> en Montjuic de ara\u00f1ar unos segundos para entrar en el tercer caj\u00f3n del podio. El murciano, que el 25 de abril cumple 41 a\u00f1os, fue la mejor noticia de un Movistar que volvi\u00f3 a dejarse ver despu\u00e9s de un inicio de temporada m\u00e1s deslucido de lo habitual y a la espera del debut de Miguel \u00c1ngel L\u00f3pez.<\/p>\n<p>La carrera ech\u00f3 en falta una versi\u00f3n m\u00e1s potente del antagonista natural del <strong>INEOS<\/strong>, el <strong>Jumbo Visma<\/strong>. Con Roglic descansando despu\u00e9s de Par\u00eds Niza y Van Aert enfrascado en las cl\u00e1sicas de adoquines, a los holandeses les falta un l\u00edder s\u00f3lido que podr\u00eda haber sido Dumoulin, de baja voluntaria indefinida. Ni\u00a0 Kruijswijk, que acab\u00f3 desfondado, ni Kuss, casi siempre inconsistente, fueron un problema para el INEOS.<\/p>\n<p>A la pen\u00faltima etapa en Matar\u00f3 esper\u00f3 <a href=\"https:\/\/www.welovecycling.com\/es\/2020\/08\/28\/sagan-maillot-verde-tour\/\" target=\"_blank\" rel=\"noopener\"><strong>Peter Sagan<\/strong><\/a> para volver a ganar. 2020 tampoco fue su mejor a\u00f1o, solo una victoria en el Giro, y el par\u00f3n por el positivo por Covid al inicio de la temporada hac\u00eda duda de sus prestaciones. En Mil\u00e1n Sanremo ya avis\u00f3 de que estaba en forma y en el \u00fanico sprint masivo de toda la Volta el eslovaco super\u00f3 a Impey, un especialista en llegadas picando hacia arriba.<\/p>\n<p>Para el \u00faltimo d\u00eda de La Volta en el circuito habitual de Montjuic quedaba la exhibici\u00f3n de <strong>Thomas De Gendt<\/strong>, que tambi\u00e9n se hab\u00eda pasado todo 2020 sin levantar los brazos. De hecho su \u00faltimo triunfo databa del Tour 2019. Lo hizo a su estilo m\u00e1s personal, acabando como \u00fanico superviviente de una escapada masiva lejana a la que fue soltando subida a subida. Los datos de su strava en la subida a Montjuic no dejan duda, cada una de las seis ascensiones hizo una media de entre 401 y 429 vatios. Motor diesel de largo recorrido.<\/p>\n","protected":false},"excerpt":{"rendered":"<p>Hasta la edici\u00f3n centenaria de la Volta nadie hab\u00eda subido tan r\u00e1pido Vallter 2000 y Port Ain\u00e9, dos de los [&hellip;]<\/p>\n","protected":false},"author":29,"featured_media":7367,"comment_status":"open","ping_status":"open","sticky":false,"template":"","format":"standard","meta":{"footnotes":""},"categories":[7],"tags":[2109,2110,2111],"global-categories":[1164],"class_list":["post-7364","post","type-post","status-publish","format-standard","has-post-thumbnail","hentry","category-carretera","tag-volta","tag-volta-2021","tag-volta-del-centenario","global-categories-cycling"],"yoast_head":"<!-- This site is optimized with the Yoast SEO Premium plugin v25.3 (Yoast SEO v25.9) - https:\/\/yoast.com\/wordpress\/plugins\/seo\/ -->\n<title>Una Volta de r\u00e9cords y retornos - \u0160koda We Love Cycling - Spain<\/title>\n<meta name=\"description\" content=\"Una Volta de r\u00e9cords y retornos. La Volta del Centenario supuso los r\u00e9cords de Port Ain\u00e9 y Vallter 2000 y el retorno a la victoria de Sagan.\" \/>\n<meta name=\"robots\" content=\"index, follow, max-snippet:-1, max-image-preview:large, max-video-preview:-1\" \/>\n<link rel=\"canonical\" href=\"https:\/\/www.welovecycling.com\/es\/2021\/03\/29\/una-volta-de-records-y-retornos\/\" \/>\n<meta property=\"og:locale\" content=\"es_ES\" \/>\n<meta property=\"og:type\" content=\"article\" \/>\n<meta property=\"og:title\" content=\"Una Volta de r\u00e9cords y retornos\" \/>\n<meta property=\"og:description\" content=\"Una Volta de r\u00e9cords y retornos. La Volta del Centenario supuso los r\u00e9cords de Port Ain\u00e9 y Vallter 2000 y el retorno a la victoria de Sagan.\" \/>\n<meta property=\"og:url\" content=\"https:\/\/www.welovecycling.com\/es\/2021\/03\/29\/una-volta-de-records-y-retornos\/\" \/>\n<meta property=\"og:site_name\" content=\"\u0160koda We Love Cycling - Spain\" \/>\n<meta property=\"article:published_time\" content=\"2021-03-29T09:29:02+00:00\" \/>\n<meta property=\"og:image\" content=\"https:\/\/d2p6e6u75xmxt8.cloudfront.net\/6\/2021\/03\/La-Volta-2021.jpg\" \/>\n\t<meta property=\"og:image:width\" content=\"1000\" \/>\n\t<meta property=\"og:image:height\" content=\"665\" \/>\n\t<meta property=\"og:image:type\" content=\"image\/jpeg\" \/>\n<meta name=\"author\" content=\"We Love Cycling Spain\" \/>\n<meta name=\"twitter:card\" content=\"summary_large_image\" \/>\n<meta name=\"twitter:title\" content=\"Una Volta de r\u00e9cords y retornos\" \/>\n<meta name=\"twitter:description\" content=\"Una Volta de r\u00e9cords y retornos. La Volta del Centenario supuso los r\u00e9cords de Port Ain\u00e9 y Vallter 2000 y el retorno a la victoria de Sagan.\" \/>\n<meta name=\"twitter:label1\" content=\"Written by\" \/>\n\t<meta name=\"twitter:data1\" content=\"Luis Ortega @Ciclored\" \/>\n\t<meta name=\"twitter:label2\" content=\"Est. reading time\" \/>\n\t<meta name=\"twitter:data2\" content=\"5 minutes\" \/>\n<script type=\"application\/ld+json\" class=\"yoast-schema-graph\">{\"@context\":\"https:\/\/schema.org\",\"@graph\":[{\"@type\":\"WebPage\",\"@id\":\"https:\/\/www.welovecycling.com\/es\/2021\/03\/29\/una-volta-de-records-y-retornos\/\",\"url\":\"https:\/\/www.welovecycling.com\/es\/2021\/03\/29\/una-volta-de-records-y-retornos\/\",\"name\":\"Una Volta de r\u00e9cords y retornos - \u0160koda We Love Cycling - Spain\",\"isPartOf\":{\"@id\":\"https:\/\/www.welovecycling.com\/es\/#website\"},\"primaryImageOfPage\":{\"@id\":\"https:\/\/www.welovecycling.com\/es\/2021\/03\/29\/una-volta-de-records-y-retornos\/#primaryimage\"},\"image\":{\"@id\":\"https:\/\/www.welovecycling.com\/es\/2021\/03\/29\/una-volta-de-records-y-retornos\/#primaryimage\"},\"thumbnailUrl\":\"https:\/\/d2p6e6u75xmxt8.cloudfront.net\/6\/2021\/03\/La-Volta-2021.jpg\",\"datePublished\":\"2021-03-29T09:29:02+00:00\",\"author\":{\"@id\":\"https:\/\/www.welovecycling.com\/es\/#\/schema\/person\/deb61715b5812698ee79fb96f343ccd4\"},\"description\":\"Una Volta de r\u00e9cords y retornos. La Volta del Centenario supuso los r\u00e9cords de Port Ain\u00e9 y Vallter 2000 y el retorno a la victoria de Sagan.\",\"breadcrumb\":{\"@id\":\"https:\/\/www.welovecycling.com\/es\/2021\/03\/29\/una-volta-de-records-y-retornos\/#breadcrumb\"},\"inLanguage\":\"es-ES\",\"potentialAction\":[{\"@type\":\"ReadAction\",\"target\":[\"https:\/\/www.welovecycling.com\/es\/2021\/03\/29\/una-volta-de-records-y-retornos\/\"]}]},{\"@type\":\"ImageObject\",\"inLanguage\":\"es-ES\",\"@id\":\"https:\/\/www.welovecycling.com\/es\/2021\/03\/29\/una-volta-de-records-y-retornos\/#primaryimage\",\"url\":\"https:\/\/d2p6e6u75xmxt8.cloudfront.net\/6\/2021\/03\/La-Volta-2021.jpg\",\"contentUrl\":\"https:\/\/d2p6e6u75xmxt8.cloudfront.net\/6\/2021\/03\/La-Volta-2021.jpg\",\"width\":1000,\"height\":665},{\"@type\":\"BreadcrumbList\",\"@id\":\"https:\/\/www.welovecycling.com\/es\/2021\/03\/29\/una-volta-de-records-y-retornos\/#breadcrumb\",\"itemListElement\":[{\"@type\":\"ListItem\",\"position\":1,\"name\":\"Home\",\"item\":\"https:\/\/www.welovecycling.com\/es\/\"},{\"@type\":\"ListItem\",\"position\":2,\"name\":\"Una Volta de r\u00e9cords y retornos\"}]},{\"@type\":\"WebSite\",\"@id\":\"https:\/\/www.welovecycling.com\/es\/#website\",\"url\":\"https:\/\/www.welovecycling.com\/es\/\",\"name\":\"\u0160koda We Love Cycling - Spain\",\"description\":\"\u0160koda WeLoveCycling Spain\",\"potentialAction\":[{\"@type\":\"SearchAction\",\"target\":{\"@type\":\"EntryPoint\",\"urlTemplate\":\"https:\/\/www.welovecycling.com\/es\/?s={search_term_string}\"},\"query-input\":{\"@type\":\"PropertyValueSpecification\",\"valueRequired\":true,\"valueName\":\"search_term_string\"}}],\"inLanguage\":\"es-ES\"},{\"@type\":\"Person\",\"@id\":\"https:\/\/www.welovecycling.com\/es\/#\/schema\/person\/deb61715b5812698ee79fb96f343ccd4\",\"name\":\"We Love Cycling Spain\",\"image\":{\"@type\":\"ImageObject\",\"inLanguage\":\"es-ES\",\"@id\":\"https:\/\/www.welovecycling.com\/es\/#\/schema\/person\/image\/\",\"url\":\"https:\/\/secure.gravatar.com\/avatar\/c824b04e6df0e37a03219d0b6481672889df542894588964102459e46513159c?s=96&d=mm&r=g\",\"contentUrl\":\"https:\/\/secure.gravatar.com\/avatar\/c824b04e6df0e37a03219d0b6481672889df542894588964102459e46513159c?s=96&d=mm&r=g\",\"caption\":\"We Love Cycling Spain\"},\"url\":\"https:\/\/www.welovecycling.com\/es\/author\/amunoz\/\"}]}<\/script>\n<!-- \/ Yoast SEO Premium plugin. -->","yoast_head_json":{"title":"Una Volta de r\u00e9cords y retornos - \u0160koda We Love Cycling - Spain","description":"Una Volta de r\u00e9cords y retornos. La Volta del Centenario supuso los r\u00e9cords de Port Ain\u00e9 y Vallter 2000 y el retorno a la victoria de Sagan.","robots":{"index":"index","follow":"follow","max-snippet":"max-snippet:-1","max-image-preview":"max-image-preview:large","max-video-preview":"max-video-preview:-1"},"canonical":"https:\/\/www.welovecycling.com\/es\/2021\/03\/29\/una-volta-de-records-y-retornos\/","og_locale":"es_ES","og_type":"article","og_title":"Una Volta de r\u00e9cords y retornos","og_description":"Una Volta de r\u00e9cords y retornos. La Volta del Centenario supuso los r\u00e9cords de Port Ain\u00e9 y Vallter 2000 y el retorno a la victoria de Sagan.","og_url":"https:\/\/www.welovecycling.com\/es\/2021\/03\/29\/una-volta-de-records-y-retornos\/","og_site_name":"\u0160koda We Love Cycling - Spain","article_published_time":"2021-03-29T09:29:02+00:00","og_image":[{"width":1000,"height":665,"url":"https:\/\/d2p6e6u75xmxt8.cloudfront.net\/6\/2021\/03\/La-Volta-2021.jpg","type":"image\/jpeg"}],"author":"We Love Cycling Spain","twitter_card":"summary_large_image","twitter_title":"Una Volta de r\u00e9cords y retornos","twitter_description":"Una Volta de r\u00e9cords y retornos. La Volta del Centenario supuso los r\u00e9cords de Port Ain\u00e9 y Vallter 2000 y el retorno a la victoria de Sagan.","twitter_misc":{"Written by":"Luis Ortega @Ciclored","Est. reading time":"5 minutes"},"schema":{"@context":"https:\/\/schema.org","@graph":[{"@type":"WebPage","@id":"https:\/\/www.welovecycling.com\/es\/2021\/03\/29\/una-volta-de-records-y-retornos\/","url":"https:\/\/www.welovecycling.com\/es\/2021\/03\/29\/una-volta-de-records-y-retornos\/","name":"Una Volta de r\u00e9cords y retornos - \u0160koda We Love Cycling - Spain","isPartOf":{"@id":"https:\/\/www.welovecycling.com\/es\/#website"},"primaryImageOfPage":{"@id":"https:\/\/www.welovecycling.com\/es\/2021\/03\/29\/una-volta-de-records-y-retornos\/#primaryimage"},"image":{"@id":"https:\/\/www.welovecycling.com\/es\/2021\/03\/29\/una-volta-de-records-y-retornos\/#primaryimage"},"thumbnailUrl":"https:\/\/d2p6e6u75xmxt8.cloudfront.net\/6\/2021\/03\/La-Volta-2021.jpg","datePublished":"2021-03-29T09:29:02+00:00","author":{"@id":"https:\/\/www.welovecycling.com\/es\/#\/schema\/person\/deb61715b5812698ee79fb96f343ccd4"},"description":"Una Volta de r\u00e9cords y retornos. La Volta del Centenario supuso los r\u00e9cords de Port Ain\u00e9 y Vallter 2000 y el retorno a la victoria de Sagan.","breadcrumb":{"@id":"https:\/\/www.welovecycling.com\/es\/2021\/03\/29\/una-volta-de-records-y-retornos\/#breadcrumb"},"inLanguage":"es-ES","potentialAction":[{"@type":"ReadAction","target":["https:\/\/www.welovecycling.com\/es\/2021\/03\/29\/una-volta-de-records-y-retornos\/"]}]},{"@type":"ImageObject","inLanguage":"es-ES","@id":"https:\/\/www.welovecycling.com\/es\/2021\/03\/29\/una-volta-de-records-y-retornos\/#primaryimage","url":"https:\/\/d2p6e6u75xmxt8.cloudfront.net\/6\/2021\/03\/La-Volta-2021.jpg","contentUrl":"https:\/\/d2p6e6u75xmxt8.cloudfront.net\/6\/2021\/03\/La-Volta-2021.jpg","width":1000,"height":665},{"@type":"BreadcrumbList","@id":"https:\/\/www.welovecycling.com\/es\/2021\/03\/29\/una-volta-de-records-y-retornos\/#breadcrumb","itemListElement":[{"@type":"ListItem","position":1,"name":"Home","item":"https:\/\/www.welovecycling.com\/es\/"},{"@type":"ListItem","position":2,"name":"Una Volta de r\u00e9cords y retornos"}]},{"@type":"WebSite","@id":"https:\/\/www.welovecycling.com\/es\/#website","url":"https:\/\/www.welovecycling.com\/es\/","name":"\u0160koda We Love Cycling - Spain","description":"\u0160koda WeLoveCycling Spain","potentialAction":[{"@type":"SearchAction","target":{"@type":"EntryPoint","urlTemplate":"https:\/\/www.welovecycling.com\/es\/?s={search_term_string}"},"query-input":{"@type":"PropertyValueSpecification","valueRequired":true,"valueName":"search_term_string"}}],"inLanguage":"es-ES"},{"@type":"Person","@id":"https:\/\/www.welovecycling.com\/es\/#\/schema\/person\/deb61715b5812698ee79fb96f343ccd4","name":"We Love Cycling Spain","image":{"@type":"ImageObject","inLanguage":"es-ES","@id":"https:\/\/www.welovecycling.com\/es\/#\/schema\/person\/image\/","url":"https:\/\/secure.gravatar.com\/avatar\/c824b04e6df0e37a03219d0b6481672889df542894588964102459e46513159c?s=96&d=mm&r=g","contentUrl":"https:\/\/secure.gravatar.com\/avatar\/c824b04e6df0e37a03219d0b6481672889df542894588964102459e46513159c?s=96&d=mm&r=g","caption":"We Love Cycling Spain"},"url":"https:\/\/www.welovecycling.com\/es\/author\/amunoz\/"}]}},"_links":{"self":[{"href":"https:\/\/www.welovecycling.com\/es\/wp-json\/wp\/v2\/posts\/7364","targetHints":{"allow":["GET"]}}],"collection":[{"href":"https:\/\/www.welovecycling.com\/es\/wp-json\/wp\/v2\/posts"}],"about":[{"href":"https:\/\/www.welovecycling.com\/es\/wp-json\/wp\/v2\/types\/post"}],"author":[{"embeddable":true,"href":"https:\/\/www.welovecycling.com\/es\/wp-json\/wp\/v2\/users\/29"}],"replies":[{"embeddable":true,"href":"https:\/\/www.welovecycling.com\/es\/wp-json\/wp\/v2\/comments?post=7364"}],"version-history":[{"count":2,"href":"https:\/\/www.welovecycling.com\/es\/wp-json\/wp\/v2\/posts\/7364\/revisions"}],"predecessor-version":[{"id":7370,"href":"https:\/\/www.welovecycling.com\/es\/wp-json\/wp\/v2\/posts\/7364\/revisions\/7370"}],"wp:featuredmedia":[{"embeddable":true,"href":"https:\/\/www.welovecycling.com\/es\/wp-json\/wp\/v2\/media\/7367"}],"wp:attachment":[{"href":"https:\/\/www.welovecycling.com\/es\/wp-json\/wp\/v2\/media?parent=7364"}],"wp:term":[{"taxonomy":"category","embeddable":true,"href":"https:\/\/www.welovecycling.com\/es\/wp-json\/wp\/v2\/categories?post=7364"},{"taxonomy":"post_tag","embeddable":true,"href":"https:\/\/www.welovecycling.com\/es\/wp-json\/wp\/v2\/tags?post=7364"},{"taxonomy":"global-categories","embeddable":true,"href":"https:\/\/www.welovecycling.com\/es\/wp-json\/wp\/v2\/global-categories?post=7364"}],"curies":[{"name":"wp","href":"https:\/\/api.w.org\/{rel}","templated":true}]}}