{"id":7344,"date":"2021-03-23T18:35:07","date_gmt":"2021-03-23T16:35:07","guid":{"rendered":"https:\/\/www.welovecycling.com\/es\/?p=7344"},"modified":"2021-03-23T18:35:07","modified_gmt":"2021-03-23T16:35:07","slug":"cadena-de-bicicleta","status":"publish","type":"post","link":"https:\/\/www.welovecycling.com\/es\/2021\/03\/23\/cadena-de-bicicleta\/","title":{"rendered":"\u00bfC\u00faanto deber\u00edas gastar en una cadena de bicicleta?"},"content":{"rendered":"<p><strong>La cadena de bicicleta suele ser una tentaci\u00f3n para &#8220;cambiar&#8221; por una marca m\u00e1s cara, ya que es uno de los componentes m\u00e1s baratos. Pero, \u00bfpor qu\u00e9 pagar m\u00e1s dinero? Todo ciclista deber\u00eda preguntarse: \u00bfqu\u00e9 sentido tiene?<\/strong><\/p>\n<p><!--more--><\/p>\n<h2><strong>Las cadenas caras son bonitas<\/strong><\/h2>\n<p>Cuanto m\u00e1s caro es algo, por lo general, m\u00e1s bonito es. El precio de las cadenas oscila entre unos pocos euros y m\u00e1s de cien. Incluso se puede comprar una cadena de oro, pero \u00bfmerece la pena?<\/p>\n<lite-youtube videoid=1kt76ASlC_c params=\"enablejsapi=1\" style=\"background-image: url('https:\/\/i.ytimg.com\/vi_webp\/1kt76ASlC_c\/maxresdefault.webp');\"><\/lite-youtube>\n<p>GCN se\u00f1ala que cualquier mejora en el rendimiento que puedas obtener del material quedar\u00eda anulada si simplemente no has lavado la bicicleta. Y aunque las cadenas de nitruro de titanio de KCM son m\u00e1s ligeras, algunos resultados sugieren que pueden hacerte ligeramente m\u00e1s lento.<\/p>\n<p>Pero, \u00bfa qui\u00e9n le importa el peso de la cadena, aunque le haga m\u00e1s lento? Rides of Japan le recomienda que se olvide de los datos de rendimiento por un momento: hay otras razones para pagar m\u00e1s por una cadena. \u00bfY si lo que busca es una conducci\u00f3n m\u00e1s silenciosa?<\/p>\n<lite-youtube videoid=zORIQfwHDl4 params=\"enablejsapi=1\" style=\"background-image: url('https:\/\/i.ytimg.com\/vi_webp\/zORIQfwHDl4\/maxresdefault.webp');\"><\/lite-youtube>\n<h2><strong>El desgaste es m\u00e1s importante que el peso<\/strong><\/h2>\n<p>En el siguiente v\u00eddeo, <a href=\"https:\/\/www.ceramicspeed.com\/en\/\">CeramicSpeed<\/a> explica que las cadenas causan la mayor cantidad de arrastre cuando se desgastan &#8211; y dan algunos otros consejos valiosos sobre el cuidado de la cadena. Merece la pena tomarse el tiempo necesario para entender qu\u00e9 es lo que hace que una cadena sea m\u00e1s r\u00e1pida antes de desembolsar el dinero que tanto cuesta ganar.<\/p>\n<lite-youtube videoid=MvqYrsqWir0 params=\"enablejsapi=1\" style=\"background-image: url('https:\/\/i.ytimg.com\/vi_webp\/MvqYrsqWir0\/maxresdefault.webp');\"><\/lite-youtube>\n<p>No importa lo cara que sea la cadena: ninguna cadena se cuida sola. Hay que <a href=\"https:\/\/www.welovecycling.com\/es\/2020\/05\/21\/mantenimiento-cadena-bicicleta\/\">limpiar la cadena<\/a> con regularidad y lubricarla adecuadamente. Mejor a\u00fan: hazte un sistema de limpieza de cadenas casero como el de Oz Cycle en el siguiente v\u00eddeo.<\/p>\n<lite-youtube videoid=9x8JTUa_hZU params=\"enablejsapi=1\" style=\"background-image: url('https:\/\/i.ytimg.com\/vi_webp\/9x8JTUa_hZU\/maxresdefault.webp');\"><\/lite-youtube>\n<h2><strong>Compra barato y compra dos<\/strong><\/h2>\n<p>Mi consejo es que compres la cadena m\u00e1s cara que puedas permitirte al comprar 3 de ellas. Una para ponerla en tu bici, otra para que se quede desengrasada en productos qu\u00edmicos y otra para colgarla para que se seque. R\u00f3talas con regularidad para evitar que la suciedad desgaste tu cadena &#8211; y que tu cadena desgaste tu casete. Este v\u00eddeo explica por qu\u00e9.<\/p>\n<lite-youtube videoid=qinJjb8_nEs params=\"enablejsapi=1\" style=\"background-image: url('https:\/\/i.ytimg.com\/vi_webp\/qinJjb8_nEs\/maxresdefault.webp');\"><\/lite-youtube>\n<p>\u00a1Podr\u00edas ahorrar hasta 30 vatios de potencia! Limpiando regularmente las cadenas de tu bicicleta en rotaci\u00f3n, ahorrar\u00e1s en el desgaste de tu casete trasero y de los platos. Este sistema alarga la vida de tu cadena de transmisi\u00f3n, te ahorra dinero y, lo m\u00e1s importante de todo, mejora la eficiencia de tu paseo.<\/p>\n","protected":false},"excerpt":{"rendered":"<p>La cadena de bicicleta suele ser una tentaci\u00f3n para &#8220;cambiar&#8221; por una marca m\u00e1s cara, ya que es uno de [&hellip;]<\/p>\n","protected":false},"author":29,"featured_media":7352,"comment_status":"open","ping_status":"open","sticky":false,"template":"","format":"standard","meta":{"footnotes":""},"categories":[7,9],"tags":[],"global-categories":[],"class_list":["post-7344","post","type-post","status-publish","format-standard","has-post-thumbnail","hentry","category-carretera","category-mtb-aventura"],"yoast_head":"<!-- This site is optimized with the Yoast SEO Premium plugin v25.3 (Yoast SEO v25.9) - https:\/\/yoast.com\/wordpress\/plugins\/seo\/ -->\n<title>\u00bfC\u00faanto deber\u00edas gastar en una cadena de bicicleta?<\/title>\n<meta name=\"description\" content=\"\u00bfC\u00faanto deber\u00edas gastar en una cadena de bicicleta? No siempre la cadena m\u00e1s cara es la m\u00e1s adecuada para tu bicicleta.\" \/>\n<meta name=\"robots\" content=\"index, follow, max-snippet:-1, max-image-preview:large, max-video-preview:-1\" \/>\n<link rel=\"canonical\" href=\"https:\/\/www.welovecycling.com\/es\/2021\/03\/23\/cadena-de-bicicleta\/\" \/>\n<meta property=\"og:locale\" content=\"es_ES\" \/>\n<meta property=\"og:type\" content=\"article\" \/>\n<meta property=\"og:title\" content=\"\u00bfC\u00faanto deber\u00edas gastar en una cadena de bicicleta?\" \/>\n<meta property=\"og:description\" content=\"\u00bfC\u00faanto deber\u00edas gastar en una cadena de bicicleta? No siempre la cadena m\u00e1s cara es la m\u00e1s adecuada para tu bicicleta.\" \/>\n<meta property=\"og:url\" content=\"https:\/\/www.welovecycling.com\/es\/2021\/03\/23\/cadena-de-bicicleta\/\" \/>\n<meta property=\"og:site_name\" content=\"\u0160koda We Love Cycling - Spain\" \/>\n<meta property=\"article:published_time\" content=\"2021-03-23T16:35:07+00:00\" \/>\n<meta property=\"og:image\" content=\"https:\/\/d2p6e6u75xmxt8.cloudfront.net\/6\/2021\/03\/Bike-chain-profimedia-0544285493-CVR.jpg\" \/>\n\t<meta property=\"og:image:width\" content=\"1366\" \/>\n\t<meta property=\"og:image:height\" content=\"600\" \/>\n\t<meta property=\"og:image:type\" content=\"image\/jpeg\" \/>\n<meta name=\"author\" content=\"We Love Cycling Spain\" \/>\n<meta name=\"twitter:card\" content=\"summary_large_image\" \/>\n<meta name=\"twitter:title\" content=\"\u00bfC\u00faanto deber\u00edas gastar en una cadena de bicicleta?\" \/>\n<meta name=\"twitter:description\" content=\"\u00bfC\u00faanto deber\u00edas gastar en una cadena de bicicleta? No siempre la cadena m\u00e1s cara es la m\u00e1s adecuada para tu bicicleta.\" \/>\n<meta name=\"twitter:label1\" content=\"Written by\" \/>\n\t<meta name=\"twitter:data1\" content=\"Christopher Ashley\" \/>\n\t<meta name=\"twitter:label2\" content=\"Est. reading time\" \/>\n\t<meta name=\"twitter:data2\" content=\"5\" \/>\n<script type=\"application\/ld+json\" class=\"yoast-schema-graph\">{\"@context\":\"https:\/\/schema.org\",\"@graph\":[{\"@type\":\"WebPage\",\"@id\":\"https:\/\/www.welovecycling.com\/es\/2021\/03\/23\/cadena-de-bicicleta\/\",\"url\":\"https:\/\/www.welovecycling.com\/es\/2021\/03\/23\/cadena-de-bicicleta\/\",\"name\":\"\u00bfC\u00faanto deber\u00edas gastar en una cadena de bicicleta?\",\"isPartOf\":{\"@id\":\"https:\/\/www.welovecycling.com\/es\/#website\"},\"primaryImageOfPage\":{\"@id\":\"https:\/\/www.welovecycling.com\/es\/2021\/03\/23\/cadena-de-bicicleta\/#primaryimage\"},\"image\":{\"@id\":\"https:\/\/www.welovecycling.com\/es\/2021\/03\/23\/cadena-de-bicicleta\/#primaryimage\"},\"thumbnailUrl\":\"https:\/\/d2p6e6u75xmxt8.cloudfront.net\/6\/2021\/03\/Bike-chain-profimedia-0544285493-CVR.jpg\",\"datePublished\":\"2021-03-23T16:35:07+00:00\",\"author\":{\"@id\":\"https:\/\/www.welovecycling.com\/es\/#\/schema\/person\/deb61715b5812698ee79fb96f343ccd4\"},\"description\":\"\u00bfC\u00faanto deber\u00edas gastar en una cadena de bicicleta? No siempre la cadena m\u00e1s cara es la m\u00e1s adecuada para tu bicicleta.\",\"breadcrumb\":{\"@id\":\"https:\/\/www.welovecycling.com\/es\/2021\/03\/23\/cadena-de-bicicleta\/#breadcrumb\"},\"inLanguage\":\"es-ES\",\"potentialAction\":[{\"@type\":\"ReadAction\",\"target\":[\"https:\/\/www.welovecycling.com\/es\/2021\/03\/23\/cadena-de-bicicleta\/\"]}]},{\"@type\":\"ImageObject\",\"inLanguage\":\"es-ES\",\"@id\":\"https:\/\/www.welovecycling.com\/es\/2021\/03\/23\/cadena-de-bicicleta\/#primaryimage\",\"url\":\"https:\/\/d2p6e6u75xmxt8.cloudfront.net\/6\/2021\/03\/Bike-chain-profimedia-0544285493-CVR.jpg\",\"contentUrl\":\"https:\/\/d2p6e6u75xmxt8.cloudfront.net\/6\/2021\/03\/Bike-chain-profimedia-0544285493-CVR.jpg\",\"width\":1366,\"height\":600,\"caption\":\"Bike Chain\"},{\"@type\":\"BreadcrumbList\",\"@id\":\"https:\/\/www.welovecycling.com\/es\/2021\/03\/23\/cadena-de-bicicleta\/#breadcrumb\",\"itemListElement\":[{\"@type\":\"ListItem\",\"position\":1,\"name\":\"Home\",\"item\":\"https:\/\/www.welovecycling.com\/es\/\"},{\"@type\":\"ListItem\",\"position\":2,\"name\":\"\u00bfC\u00faanto deber\u00edas gastar en una cadena de bicicleta?\"}]},{\"@type\":\"WebSite\",\"@id\":\"https:\/\/www.welovecycling.com\/es\/#website\",\"url\":\"https:\/\/www.welovecycling.com\/es\/\",\"name\":\"\u0160koda We Love Cycling - Spain\",\"description\":\"\u0160koda WeLoveCycling Spain\",\"potentialAction\":[{\"@type\":\"SearchAction\",\"target\":{\"@type\":\"EntryPoint\",\"urlTemplate\":\"https:\/\/www.welovecycling.com\/es\/?s={search_term_string}\"},\"query-input\":{\"@type\":\"PropertyValueSpecification\",\"valueRequired\":true,\"valueName\":\"search_term_string\"}}],\"inLanguage\":\"es-ES\"},{\"@type\":\"Person\",\"@id\":\"https:\/\/www.welovecycling.com\/es\/#\/schema\/person\/deb61715b5812698ee79fb96f343ccd4\",\"name\":\"We Love Cycling Spain\",\"image\":{\"@type\":\"ImageObject\",\"inLanguage\":\"es-ES\",\"@id\":\"https:\/\/www.welovecycling.com\/es\/#\/schema\/person\/image\/\",\"url\":\"https:\/\/secure.gravatar.com\/avatar\/c824b04e6df0e37a03219d0b6481672889df542894588964102459e46513159c?s=96&d=mm&r=g\",\"contentUrl\":\"https:\/\/secure.gravatar.com\/avatar\/c824b04e6df0e37a03219d0b6481672889df542894588964102459e46513159c?s=96&d=mm&r=g\",\"caption\":\"We Love Cycling Spain\"},\"url\":\"https:\/\/www.welovecycling.com\/es\/author\/amunoz\/\"}]}<\/script>\n<!-- \/ Yoast SEO Premium plugin. -->","yoast_head_json":{"title":"\u00bfC\u00faanto deber\u00edas gastar en una cadena de bicicleta?","description":"\u00bfC\u00faanto deber\u00edas gastar en una cadena de bicicleta? No siempre la cadena m\u00e1s cara es la m\u00e1s adecuada para tu bicicleta.","robots":{"index":"index","follow":"follow","max-snippet":"max-snippet:-1","max-image-preview":"max-image-preview:large","max-video-preview":"max-video-preview:-1"},"canonical":"https:\/\/www.welovecycling.com\/es\/2021\/03\/23\/cadena-de-bicicleta\/","og_locale":"es_ES","og_type":"article","og_title":"\u00bfC\u00faanto deber\u00edas gastar en una cadena de bicicleta?","og_description":"\u00bfC\u00faanto deber\u00edas gastar en una cadena de bicicleta? No siempre la cadena m\u00e1s cara es la m\u00e1s adecuada para tu bicicleta.","og_url":"https:\/\/www.welovecycling.com\/es\/2021\/03\/23\/cadena-de-bicicleta\/","og_site_name":"\u0160koda We Love Cycling - Spain","article_published_time":"2021-03-23T16:35:07+00:00","og_image":[{"width":1366,"height":600,"url":"https:\/\/d2p6e6u75xmxt8.cloudfront.net\/6\/2021\/03\/Bike-chain-profimedia-0544285493-CVR.jpg","type":"image\/jpeg"}],"author":"We Love Cycling Spain","twitter_card":"summary_large_image","twitter_title":"\u00bfC\u00faanto deber\u00edas gastar en una cadena de bicicleta?","twitter_description":"\u00bfC\u00faanto deber\u00edas gastar en una cadena de bicicleta? No siempre la cadena m\u00e1s cara es la m\u00e1s adecuada para tu bicicleta.","twitter_misc":{"Written by":"Christopher Ashley","Est. reading time":"5"},"schema":{"@context":"https:\/\/schema.org","@graph":[{"@type":"WebPage","@id":"https:\/\/www.welovecycling.com\/es\/2021\/03\/23\/cadena-de-bicicleta\/","url":"https:\/\/www.welovecycling.com\/es\/2021\/03\/23\/cadena-de-bicicleta\/","name":"\u00bfC\u00faanto deber\u00edas gastar en una cadena de bicicleta?","isPartOf":{"@id":"https:\/\/www.welovecycling.com\/es\/#website"},"primaryImageOfPage":{"@id":"https:\/\/www.welovecycling.com\/es\/2021\/03\/23\/cadena-de-bicicleta\/#primaryimage"},"image":{"@id":"https:\/\/www.welovecycling.com\/es\/2021\/03\/23\/cadena-de-bicicleta\/#primaryimage"},"thumbnailUrl":"https:\/\/d2p6e6u75xmxt8.cloudfront.net\/6\/2021\/03\/Bike-chain-profimedia-0544285493-CVR.jpg","datePublished":"2021-03-23T16:35:07+00:00","author":{"@id":"https:\/\/www.welovecycling.com\/es\/#\/schema\/person\/deb61715b5812698ee79fb96f343ccd4"},"description":"\u00bfC\u00faanto deber\u00edas gastar en una cadena de bicicleta? No siempre la cadena m\u00e1s cara es la m\u00e1s adecuada para tu bicicleta.","breadcrumb":{"@id":"https:\/\/www.welovecycling.com\/es\/2021\/03\/23\/cadena-de-bicicleta\/#breadcrumb"},"inLanguage":"es-ES","potentialAction":[{"@type":"ReadAction","target":["https:\/\/www.welovecycling.com\/es\/2021\/03\/23\/cadena-de-bicicleta\/"]}]},{"@type":"ImageObject","inLanguage":"es-ES","@id":"https:\/\/www.welovecycling.com\/es\/2021\/03\/23\/cadena-de-bicicleta\/#primaryimage","url":"https:\/\/d2p6e6u75xmxt8.cloudfront.net\/6\/2021\/03\/Bike-chain-profimedia-0544285493-CVR.jpg","contentUrl":"https:\/\/d2p6e6u75xmxt8.cloudfront.net\/6\/2021\/03\/Bike-chain-profimedia-0544285493-CVR.jpg","width":1366,"height":600,"caption":"Bike Chain"},{"@type":"BreadcrumbList","@id":"https:\/\/www.welovecycling.com\/es\/2021\/03\/23\/cadena-de-bicicleta\/#breadcrumb","itemListElement":[{"@type":"ListItem","position":1,"name":"Home","item":"https:\/\/www.welovecycling.com\/es\/"},{"@type":"ListItem","position":2,"name":"\u00bfC\u00faanto deber\u00edas gastar en una cadena de bicicleta?"}]},{"@type":"WebSite","@id":"https:\/\/www.welovecycling.com\/es\/#website","url":"https:\/\/www.welovecycling.com\/es\/","name":"\u0160koda We Love Cycling - Spain","description":"\u0160koda WeLoveCycling Spain","potentialAction":[{"@type":"SearchAction","target":{"@type":"EntryPoint","urlTemplate":"https:\/\/www.welovecycling.com\/es\/?s={search_term_string}"},"query-input":{"@type":"PropertyValueSpecification","valueRequired":true,"valueName":"search_term_string"}}],"inLanguage":"es-ES"},{"@type":"Person","@id":"https:\/\/www.welovecycling.com\/es\/#\/schema\/person\/deb61715b5812698ee79fb96f343ccd4","name":"We Love Cycling Spain","image":{"@type":"ImageObject","inLanguage":"es-ES","@id":"https:\/\/www.welovecycling.com\/es\/#\/schema\/person\/image\/","url":"https:\/\/secure.gravatar.com\/avatar\/c824b04e6df0e37a03219d0b6481672889df542894588964102459e46513159c?s=96&d=mm&r=g","contentUrl":"https:\/\/secure.gravatar.com\/avatar\/c824b04e6df0e37a03219d0b6481672889df542894588964102459e46513159c?s=96&d=mm&r=g","caption":"We Love Cycling Spain"},"url":"https:\/\/www.welovecycling.com\/es\/author\/amunoz\/"}]}},"_links":{"self":[{"href":"https:\/\/www.welovecycling.com\/es\/wp-json\/wp\/v2\/posts\/7344","targetHints":{"allow":["GET"]}}],"collection":[{"href":"https:\/\/www.welovecycling.com\/es\/wp-json\/wp\/v2\/posts"}],"about":[{"href":"https:\/\/www.welovecycling.com\/es\/wp-json\/wp\/v2\/types\/post"}],"author":[{"embeddable":true,"href":"https:\/\/www.welovecycling.com\/es\/wp-json\/wp\/v2\/users\/29"}],"replies":[{"embeddable":true,"href":"https:\/\/www.welovecycling.com\/es\/wp-json\/wp\/v2\/comments?post=7344"}],"version-history":[{"count":2,"href":"https:\/\/www.welovecycling.com\/es\/wp-json\/wp\/v2\/posts\/7344\/revisions"}],"predecessor-version":[{"id":7359,"href":"https:\/\/www.welovecycling.com\/es\/wp-json\/wp\/v2\/posts\/7344\/revisions\/7359"}],"wp:featuredmedia":[{"embeddable":true,"href":"https:\/\/www.welovecycling.com\/es\/wp-json\/wp\/v2\/media\/7352"}],"wp:attachment":[{"href":"https:\/\/www.welovecycling.com\/es\/wp-json\/wp\/v2\/media?parent=7344"}],"wp:term":[{"taxonomy":"category","embeddable":true,"href":"https:\/\/www.welovecycling.com\/es\/wp-json\/wp\/v2\/categories?post=7344"},{"taxonomy":"post_tag","embeddable":true,"href":"https:\/\/www.welovecycling.com\/es\/wp-json\/wp\/v2\/tags?post=7344"},{"taxonomy":"global-categories","embeddable":true,"href":"https:\/\/www.welovecycling.com\/es\/wp-json\/wp\/v2\/global-categories?post=7344"}],"curies":[{"name":"wp","href":"https:\/\/api.w.org\/{rel}","templated":true}]}}