{"id":7337,"date":"2021-03-19T10:19:18","date_gmt":"2021-03-19T08:19:18","guid":{"rendered":"https:\/\/www.welovecycling.com\/es\/?p=7337"},"modified":"2021-03-19T10:19:18","modified_gmt":"2021-03-19T08:19:18","slug":"reciclar-un-cuadro-de-carbono","status":"publish","type":"post","link":"https:\/\/www.welovecycling.com\/es\/2021\/03\/19\/reciclar-un-cuadro-de-carbono\/","title":{"rendered":"\u00bfSe pueden reciclar un cuadro de carbono?"},"content":{"rendered":"<p><strong>Los cuadros de fibra de carbono se hicieron realmente asequibles, pero surgi\u00f3 la cuesti\u00f3n de qu\u00e9 hacer con ellos al final de su vida \u00fatil. Porque, \u00bfSe puede reciclar un cuadro de carbono? La soluci\u00f3n est\u00e1 cerca.<\/strong><\/p>\n<p><!--more--><\/p>\n<p>La fibra de carbono result\u00f3 ser un material milagroso. Es ultraligera, r\u00edgida y s\u00faper resistente, y cuando se trata de la construcci\u00f3n de cuadros de bicicleta, es algo dif\u00edcil de superar. Todo el mundo quiere fibra de carbono. Este material de la era espacial, que anta\u00f1o se fabricaba exclusivamente para los profesionales, se ha convertido en un material muy solicitado por millones de ciclistas desde que su precio baj\u00f3 al aumentar considerablemente el n\u00famero de fabricantes de fibra de carbono. La fibra de carbono tambi\u00e9n es f\u00e1cil de moldear en las formas deseadas. Adem\u00e1s, dura para siempre, a menos que algo la destroce.<\/p>\n<p>https:\/\/www.instagram.com\/p\/CLcGpQwh75K\/?utm_source=ig_web_copy_link<\/p>\n<h2><strong>Un problema global<\/strong><\/h2>\n<p>La \u00faltima cualidad citada, sin embargo, se convirti\u00f3 en un problema global. Como la fibra de carbono no es biodegradable ni fotodegradable, puede durar para siempre. Aunque el cuadro de la bicicleta no se deteriora a lo largo de su vida \u00fatil, tampoco se descompone cuando se desecha.<\/p>\n<p>Las fotograf\u00edas de cuadros de bicicleta de fibra de carbono sin reciclar y apilados en los vertederos dieron la vuelta al mundo, haciendo que los ciclistas concienciados con el medio ambiente se lo pensaran dos veces antes de deshacerse de sus viejas bicicletas de fibra de carbono, as\u00ed como de otras piezas como ruedas, bielas, manillares y tijas.<\/p>\n<p>El problema es que, a diferencia de las bicicletas de acero o aluminio, el reciclaje de piezas de fibra de carbono no es un negocio rentable. A primera vista, parece que la fibra de carbono podr\u00eda quedarse con nosotros para la eternidad.<\/p>\n<p>Sin embargo, no es casi nada si se compara con los modernos aviones. Por ejemplo, la construcci\u00f3n de un avi\u00f3n Boeing Dreamliner consume <a href=\"https:\/\/www.sciencedirect.com\/topics\/engineering\/boeing-787-dreamliner\">23 toneladas de fibra de carbono<\/a> en un a\u00f1o. Por eso, la industria aeron\u00e1utica fue la primera en introducir un programa de reciclaje de fibra de carbono para evitar que \u00e9sta se desperdicie un d\u00eda despu\u00e9s de que los aviones Dreamliner cumplan su cometido.<\/p>\n<div class=\"embed-controller-wrapper\">\n<blockquote class=\"twitter-tweet\" data-width=\"500\" data-dnt=\"true\">\n<p lang=\"en\" dir=\"ltr\">Imagine a day when your <a href=\"https:\/\/twitter.com\/hashtag\/airplane?src=hash&amp;ref_src=twsrc%5Etfw\">#airplane<\/a> is powered by recycled GHG emissions and your <a href=\"https:\/\/twitter.com\/hashtag\/yogapants?src=hash&amp;ref_src=twsrc%5Etfw\">#yogapants<\/a> started life as pollution from a steel mill.<\/p>\n<p>We call these products <a href=\"https:\/\/twitter.com\/hashtag\/CarbonSmart?src=hash&amp;ref_src=twsrc%5Etfw\">#CarbonSmart<\/a> as a reflection of buyers making a choice regarding where their carbon comes from. <a href=\"https:\/\/t.co\/URntqpnv13\">https:\/\/t.co\/URntqpnv13<\/a> <a href=\"https:\/\/t.co\/840rjtjaG3\">pic.twitter.com\/840rjtjaG3<\/a><\/p>\n<p>&mdash; LanzaTech (@LanzaTech) <a href=\"https:\/\/twitter.com\/LanzaTech\/status\/1362859683397173249?ref_src=twsrc%5Etfw\">February 19, 2021<\/a><\/p><\/blockquote>\n<p><script async data-src=\"https:\/\/platform.twitter.com\/widgets.js\" charset=\"utf-8\"><\/script><\/div>\n<h2><strong>Deterioro de las fibras de carbono<\/strong><\/h2>\n<p>El problema del reciclaje de los cuadros de carbono es la estructura del material como tal. La resistencia del material viene dada por el uso de fibras largas. Una vez que se aplastan o cortan, lo que ha sido un paso inevitable en el proceso de reciclaje hasta ahora, el material pierde sus beneficios naturales y se vuelve in\u00fatil. Al cortar el material se pierden dos atributos b\u00e1sicos: la resistencia y la rigidez.<\/p>\n<p>Para empeorar las cosas, la recuperaci\u00f3n de la fibra de carbono pura requer\u00eda eliminar las resinas que funcionan como elementos de uni\u00f3n que mantienen la forma de las fibras. Los altos costes eran otro de los problemas a los que nos enfrent\u00e1bamos en el proceso de reciclaje de la fibra de carbono. Mientras que el reciclaje del aluminio o el acero resultaba razonable porque pod\u00edamos obtener material de la misma o casi la misma calidad por menos dinero, con la fibra de carbono pag\u00e1bamos mucho m\u00e1s dinero para obtener un material de un valor disminuido. Una vez cortada la fibra de carbono, nunca podr\u00edamos utilizarla para construir fuselajes, m\u00e1stiles o armazones resistentes.<\/p>\n<h2><strong>M\u00e1s que botellas de agua<\/strong><\/h2>\n<p>Sin embargo, \u00bfexiste la posibilidad de aprovechar la fibra de carbono de segunda mano? Hace unos a\u00f1os, los expertos de la industria de la bicicleta sugirieron la producci\u00f3n de equipos como bombas de aire o botellas de agua. En otros sectores, las ideas inclu\u00edan el dise\u00f1o de fundas para ordenadores port\u00e1tiles o tel\u00e9fonos m\u00f3viles.<\/p>\n<div class=\"embed-controller-wrapper\">\n<blockquote class=\"twitter-tweet\" data-width=\"500\" data-dnt=\"true\">\n<p lang=\"en\" dir=\"ltr\">\u267a  Going towards a more <a href=\"https:\/\/twitter.com\/hashtag\/sustainable?src=hash&amp;ref_src=twsrc%5Etfw\">#sustainable<\/a> future is not only necessary for the planet, it&#39;s starting to become a customer-demand. You can meet this need by better <a href=\"https:\/\/twitter.com\/hashtag\/recycling?src=hash&amp;ref_src=twsrc%5Etfw\">#recycling<\/a> your <a href=\"https:\/\/twitter.com\/hashtag\/carbon?src=hash&amp;ref_src=twsrc%5Etfw\">#carbon<\/a> fiber composites. Here&#39;s how \ud83d\udc49   <a href=\"https:\/\/t.co\/XnwifNdgsr\">https:\/\/t.co\/XnwifNdgsr<\/a> ft. <a href=\"https:\/\/twitter.com\/TPACNL?ref_src=twsrc%5Etfw\">@TPACNL<\/a> <a href=\"https:\/\/twitter.com\/VartegaCFR?ref_src=twsrc%5Etfw\">@VartegaCFR<\/a> <a href=\"https:\/\/twitter.com\/Mallinda_Inc?ref_src=twsrc%5Etfw\">@Mallinda_Inc<\/a><\/p>\n<p>&mdash; StartUs Insights (@StartUsInsights) <a href=\"https:\/\/twitter.com\/StartUsInsights\/status\/1329121441611018240?ref_src=twsrc%5Etfw\">November 18, 2020<\/a><\/p><\/blockquote>\n<p><script async data-src=\"https:\/\/platform.twitter.com\/widgets.js\" charset=\"utf-8\"><\/script><\/div>\n<p>La empresa Vartega, con sede en Colorado (Estados Unidos), anunci\u00f3 que la fibra de carbono reciclada de sus plantas tiene una resistencia comparable a la del material virgen. El fabricante de bicicletas Alchemy utiliza la fibra de carbono reciclada para construir prototipos de bicicletas cuando crea nuevos dise\u00f1os de bicicletas. Aunque el car\u00e1cter de la fibra de carbono se altera mientras se recicla y se vuelve insuficiente para su uso en la industria aeron\u00e1utica, sigue siendo estupenda para equipos deportivos, como palas o raquetas de tenis.<\/p>\n<p>En Norteam\u00e9rica, muchas empresas de bicicletas han invertido en encontrar una forma de reciclar\u00a0 cuadros de carbono. Por ejemplo, Norco, de la ciudad canadiense de Vancouver, hab\u00eda almacenado cuadros y otros componentes durante m\u00e1s de cinco a\u00f1os antes de descubrir una empresa capaz de reciclarlos. Una historia similar se repiti\u00f3 en empresas como Cannondale o<a href=\"https:\/\/www.welovecycling.com\/es\/2018\/08\/02\/la-specialized-de-peter-sagan\/\"> Specialized.<\/a><\/p>\n<p>&#8220;Miles de bicicletas de fibra de carbono acaban en los vertederos cada a\u00f1o, y queremos cambiar eso ayudando a establecer un flujo de recuperaci\u00f3n de la fibra de carbono&#8221;, afirma la <a href=\"https:\/\/www.specialized.com\/us\/en\/carbon-fiber-recycling-program\">empresa en su p\u00e1gina web<\/a>. Bas\u00e1ndose en los actuales programas de reciclaje de fibra de carbono utilizados por la industria aeroespacial, los cuadros se cortan en secciones m\u00e1s peque\u00f1as y el epoxi que mantiene la forma de las fibras se quema en un entorno sin ox\u00edgeno. El proceso da lugar a fibras m\u00e1s cortas con propiedades similares a las del material virgen, que pueden utilizarse en muchos productos diferentes.<\/p>\n","protected":false},"excerpt":{"rendered":"<p>Los cuadros de fibra de carbono se hicieron realmente asequibles, pero surgi\u00f3 la cuesti\u00f3n de qu\u00e9 hacer con ellos al [&hellip;]<\/p>\n","protected":false},"author":29,"featured_media":7341,"comment_status":"open","ping_status":"open","sticky":false,"template":"","format":"standard","meta":{"footnotes":""},"categories":[7,9],"tags":[],"global-categories":[],"class_list":["post-7337","post","type-post","status-publish","format-standard","has-post-thumbnail","hentry","category-carretera","category-mtb-aventura"],"yoast_head":"<!-- This site is optimized with the Yoast SEO Premium plugin v25.3 (Yoast SEO v25.9) - https:\/\/yoast.com\/wordpress\/plugins\/seo\/ -->\n<title>\u00bfSe pueden reciclar un cuadro de carbono?<\/title>\n<meta name=\"description\" content=\"\u00bfSe puede reciclar un cuadro de carbono? Lo que antes era un problema ambiental se est\u00e1 convirtiendo en una soluci\u00f3n. Te lo explicamos.\" \/>\n<meta name=\"robots\" content=\"index, follow, max-snippet:-1, max-image-preview:large, max-video-preview:-1\" \/>\n<link rel=\"canonical\" href=\"https:\/\/www.welovecycling.com\/es\/2021\/03\/19\/reciclar-un-cuadro-de-carbono\/\" \/>\n<meta property=\"og:locale\" content=\"es_ES\" \/>\n<meta property=\"og:type\" content=\"article\" \/>\n<meta property=\"og:title\" content=\"\u00bfSe puede reciclar un cuadro de carbono?\" \/>\n<meta property=\"og:description\" content=\"\u00bfSe puede reciclar un cuadro de carbono? Lo que antes era un problema ambiental se est\u00e1 convirtiendo en una soluci\u00f3n. Te lo explicamos.\" \/>\n<meta property=\"og:url\" content=\"https:\/\/www.welovecycling.com\/es\/2021\/03\/19\/reciclar-un-cuadro-de-carbono\/\" \/>\n<meta property=\"og:site_name\" content=\"\u0160koda We Love Cycling - Spain\" \/>\n<meta property=\"article:published_time\" content=\"2021-03-19T08:19:18+00:00\" \/>\n<meta property=\"og:image\" content=\"https:\/\/d2p6e6u75xmxt8.cloudfront.net\/6\/2021\/03\/Carbon-bikes-profimedia-0578364392-CVR.jpg\" \/>\n\t<meta property=\"og:image:width\" content=\"1366\" \/>\n\t<meta property=\"og:image:height\" content=\"600\" \/>\n\t<meta property=\"og:image:type\" content=\"image\/jpeg\" \/>\n<meta name=\"author\" content=\"We Love Cycling Spain\" \/>\n<meta name=\"twitter:card\" content=\"summary_large_image\" \/>\n<meta name=\"twitter:title\" content=\"\u00bfSe puede reciclar un cuadro de carbono?\" \/>\n<meta name=\"twitter:description\" content=\"\u00bfSe puede reciclar un cuadro de carbono? Lo que antes era un problema ambiental se est\u00e1 convirtiendo en una soluci\u00f3n. Te lo explicamos.\" \/>\n<meta name=\"twitter:label1\" content=\"Written by\" \/>\n\t<meta name=\"twitter:data1\" content=\"Adam Marsal\" \/>\n\t<meta name=\"twitter:label2\" content=\"Est. reading time\" \/>\n\t<meta name=\"twitter:data2\" content=\"5\" \/>\n<script type=\"application\/ld+json\" class=\"yoast-schema-graph\">{\"@context\":\"https:\/\/schema.org\",\"@graph\":[{\"@type\":\"WebPage\",\"@id\":\"https:\/\/www.welovecycling.com\/es\/2021\/03\/19\/reciclar-un-cuadro-de-carbono\/\",\"url\":\"https:\/\/www.welovecycling.com\/es\/2021\/03\/19\/reciclar-un-cuadro-de-carbono\/\",\"name\":\"\u00bfSe pueden reciclar un cuadro de carbono?\",\"isPartOf\":{\"@id\":\"https:\/\/www.welovecycling.com\/es\/#website\"},\"primaryImageOfPage\":{\"@id\":\"https:\/\/www.welovecycling.com\/es\/2021\/03\/19\/reciclar-un-cuadro-de-carbono\/#primaryimage\"},\"image\":{\"@id\":\"https:\/\/www.welovecycling.com\/es\/2021\/03\/19\/reciclar-un-cuadro-de-carbono\/#primaryimage\"},\"thumbnailUrl\":\"https:\/\/d2p6e6u75xmxt8.cloudfront.net\/6\/2021\/03\/Carbon-bikes-profimedia-0578364392-CVR.jpg\",\"datePublished\":\"2021-03-19T08:19:18+00:00\",\"author\":{\"@id\":\"https:\/\/www.welovecycling.com\/es\/#\/schema\/person\/deb61715b5812698ee79fb96f343ccd4\"},\"description\":\"\u00bfSe puede reciclar un cuadro de carbono? Lo que antes era un problema ambiental se est\u00e1 convirtiendo en una soluci\u00f3n. Te lo explicamos.\",\"breadcrumb\":{\"@id\":\"https:\/\/www.welovecycling.com\/es\/2021\/03\/19\/reciclar-un-cuadro-de-carbono\/#breadcrumb\"},\"inLanguage\":\"es-ES\",\"potentialAction\":[{\"@type\":\"ReadAction\",\"target\":[\"https:\/\/www.welovecycling.com\/es\/2021\/03\/19\/reciclar-un-cuadro-de-carbono\/\"]}]},{\"@type\":\"ImageObject\",\"inLanguage\":\"es-ES\",\"@id\":\"https:\/\/www.welovecycling.com\/es\/2021\/03\/19\/reciclar-un-cuadro-de-carbono\/#primaryimage\",\"url\":\"https:\/\/d2p6e6u75xmxt8.cloudfront.net\/6\/2021\/03\/Carbon-bikes-profimedia-0578364392-CVR.jpg\",\"contentUrl\":\"https:\/\/d2p6e6u75xmxt8.cloudfront.net\/6\/2021\/03\/Carbon-bikes-profimedia-0578364392-CVR.jpg\",\"width\":1366,\"height\":600,\"caption\":\"Carbon-fibre bikes\"},{\"@type\":\"BreadcrumbList\",\"@id\":\"https:\/\/www.welovecycling.com\/es\/2021\/03\/19\/reciclar-un-cuadro-de-carbono\/#breadcrumb\",\"itemListElement\":[{\"@type\":\"ListItem\",\"position\":1,\"name\":\"Home\",\"item\":\"https:\/\/www.welovecycling.com\/es\/\"},{\"@type\":\"ListItem\",\"position\":2,\"name\":\"\u00bfSe pueden reciclar un cuadro de carbono?\"}]},{\"@type\":\"WebSite\",\"@id\":\"https:\/\/www.welovecycling.com\/es\/#website\",\"url\":\"https:\/\/www.welovecycling.com\/es\/\",\"name\":\"\u0160koda We Love Cycling - Spain\",\"description\":\"\u0160koda WeLoveCycling Spain\",\"potentialAction\":[{\"@type\":\"SearchAction\",\"target\":{\"@type\":\"EntryPoint\",\"urlTemplate\":\"https:\/\/www.welovecycling.com\/es\/?s={search_term_string}\"},\"query-input\":{\"@type\":\"PropertyValueSpecification\",\"valueRequired\":true,\"valueName\":\"search_term_string\"}}],\"inLanguage\":\"es-ES\"},{\"@type\":\"Person\",\"@id\":\"https:\/\/www.welovecycling.com\/es\/#\/schema\/person\/deb61715b5812698ee79fb96f343ccd4\",\"name\":\"We Love Cycling Spain\",\"image\":{\"@type\":\"ImageObject\",\"inLanguage\":\"es-ES\",\"@id\":\"https:\/\/www.welovecycling.com\/es\/#\/schema\/person\/image\/\",\"url\":\"https:\/\/secure.gravatar.com\/avatar\/c824b04e6df0e37a03219d0b6481672889df542894588964102459e46513159c?s=96&d=mm&r=g\",\"contentUrl\":\"https:\/\/secure.gravatar.com\/avatar\/c824b04e6df0e37a03219d0b6481672889df542894588964102459e46513159c?s=96&d=mm&r=g\",\"caption\":\"We Love Cycling Spain\"},\"url\":\"https:\/\/www.welovecycling.com\/es\/author\/amunoz\/\"}]}<\/script>\n<!-- \/ Yoast SEO Premium plugin. -->","yoast_head_json":{"title":"\u00bfSe pueden reciclar un cuadro de carbono?","description":"\u00bfSe puede reciclar un cuadro de carbono? Lo que antes era un problema ambiental se est\u00e1 convirtiendo en una soluci\u00f3n. Te lo explicamos.","robots":{"index":"index","follow":"follow","max-snippet":"max-snippet:-1","max-image-preview":"max-image-preview:large","max-video-preview":"max-video-preview:-1"},"canonical":"https:\/\/www.welovecycling.com\/es\/2021\/03\/19\/reciclar-un-cuadro-de-carbono\/","og_locale":"es_ES","og_type":"article","og_title":"\u00bfSe puede reciclar un cuadro de carbono?","og_description":"\u00bfSe puede reciclar un cuadro de carbono? Lo que antes era un problema ambiental se est\u00e1 convirtiendo en una soluci\u00f3n. Te lo explicamos.","og_url":"https:\/\/www.welovecycling.com\/es\/2021\/03\/19\/reciclar-un-cuadro-de-carbono\/","og_site_name":"\u0160koda We Love Cycling - Spain","article_published_time":"2021-03-19T08:19:18+00:00","og_image":[{"width":1366,"height":600,"url":"https:\/\/d2p6e6u75xmxt8.cloudfront.net\/6\/2021\/03\/Carbon-bikes-profimedia-0578364392-CVR.jpg","type":"image\/jpeg"}],"author":"We Love Cycling Spain","twitter_card":"summary_large_image","twitter_title":"\u00bfSe puede reciclar un cuadro de carbono?","twitter_description":"\u00bfSe puede reciclar un cuadro de carbono? Lo que antes era un problema ambiental se est\u00e1 convirtiendo en una soluci\u00f3n. Te lo explicamos.","twitter_misc":{"Written by":"Adam Marsal","Est. reading time":"5"},"schema":{"@context":"https:\/\/schema.org","@graph":[{"@type":"WebPage","@id":"https:\/\/www.welovecycling.com\/es\/2021\/03\/19\/reciclar-un-cuadro-de-carbono\/","url":"https:\/\/www.welovecycling.com\/es\/2021\/03\/19\/reciclar-un-cuadro-de-carbono\/","name":"\u00bfSe pueden reciclar un cuadro de carbono?","isPartOf":{"@id":"https:\/\/www.welovecycling.com\/es\/#website"},"primaryImageOfPage":{"@id":"https:\/\/www.welovecycling.com\/es\/2021\/03\/19\/reciclar-un-cuadro-de-carbono\/#primaryimage"},"image":{"@id":"https:\/\/www.welovecycling.com\/es\/2021\/03\/19\/reciclar-un-cuadro-de-carbono\/#primaryimage"},"thumbnailUrl":"https:\/\/d2p6e6u75xmxt8.cloudfront.net\/6\/2021\/03\/Carbon-bikes-profimedia-0578364392-CVR.jpg","datePublished":"2021-03-19T08:19:18+00:00","author":{"@id":"https:\/\/www.welovecycling.com\/es\/#\/schema\/person\/deb61715b5812698ee79fb96f343ccd4"},"description":"\u00bfSe puede reciclar un cuadro de carbono? Lo que antes era un problema ambiental se est\u00e1 convirtiendo en una soluci\u00f3n. Te lo explicamos.","breadcrumb":{"@id":"https:\/\/www.welovecycling.com\/es\/2021\/03\/19\/reciclar-un-cuadro-de-carbono\/#breadcrumb"},"inLanguage":"es-ES","potentialAction":[{"@type":"ReadAction","target":["https:\/\/www.welovecycling.com\/es\/2021\/03\/19\/reciclar-un-cuadro-de-carbono\/"]}]},{"@type":"ImageObject","inLanguage":"es-ES","@id":"https:\/\/www.welovecycling.com\/es\/2021\/03\/19\/reciclar-un-cuadro-de-carbono\/#primaryimage","url":"https:\/\/d2p6e6u75xmxt8.cloudfront.net\/6\/2021\/03\/Carbon-bikes-profimedia-0578364392-CVR.jpg","contentUrl":"https:\/\/d2p6e6u75xmxt8.cloudfront.net\/6\/2021\/03\/Carbon-bikes-profimedia-0578364392-CVR.jpg","width":1366,"height":600,"caption":"Carbon-fibre bikes"},{"@type":"BreadcrumbList","@id":"https:\/\/www.welovecycling.com\/es\/2021\/03\/19\/reciclar-un-cuadro-de-carbono\/#breadcrumb","itemListElement":[{"@type":"ListItem","position":1,"name":"Home","item":"https:\/\/www.welovecycling.com\/es\/"},{"@type":"ListItem","position":2,"name":"\u00bfSe pueden reciclar un cuadro de carbono?"}]},{"@type":"WebSite","@id":"https:\/\/www.welovecycling.com\/es\/#website","url":"https:\/\/www.welovecycling.com\/es\/","name":"\u0160koda We Love Cycling - Spain","description":"\u0160koda WeLoveCycling Spain","potentialAction":[{"@type":"SearchAction","target":{"@type":"EntryPoint","urlTemplate":"https:\/\/www.welovecycling.com\/es\/?s={search_term_string}"},"query-input":{"@type":"PropertyValueSpecification","valueRequired":true,"valueName":"search_term_string"}}],"inLanguage":"es-ES"},{"@type":"Person","@id":"https:\/\/www.welovecycling.com\/es\/#\/schema\/person\/deb61715b5812698ee79fb96f343ccd4","name":"We Love Cycling Spain","image":{"@type":"ImageObject","inLanguage":"es-ES","@id":"https:\/\/www.welovecycling.com\/es\/#\/schema\/person\/image\/","url":"https:\/\/secure.gravatar.com\/avatar\/c824b04e6df0e37a03219d0b6481672889df542894588964102459e46513159c?s=96&d=mm&r=g","contentUrl":"https:\/\/secure.gravatar.com\/avatar\/c824b04e6df0e37a03219d0b6481672889df542894588964102459e46513159c?s=96&d=mm&r=g","caption":"We Love Cycling Spain"},"url":"https:\/\/www.welovecycling.com\/es\/author\/amunoz\/"}]}},"_links":{"self":[{"href":"https:\/\/www.welovecycling.com\/es\/wp-json\/wp\/v2\/posts\/7337","targetHints":{"allow":["GET"]}}],"collection":[{"href":"https:\/\/www.welovecycling.com\/es\/wp-json\/wp\/v2\/posts"}],"about":[{"href":"https:\/\/www.welovecycling.com\/es\/wp-json\/wp\/v2\/types\/post"}],"author":[{"embeddable":true,"href":"https:\/\/www.welovecycling.com\/es\/wp-json\/wp\/v2\/users\/29"}],"replies":[{"embeddable":true,"href":"https:\/\/www.welovecycling.com\/es\/wp-json\/wp\/v2\/comments?post=7337"}],"version-history":[{"count":2,"href":"https:\/\/www.welovecycling.com\/es\/wp-json\/wp\/v2\/posts\/7337\/revisions"}],"predecessor-version":[{"id":7343,"href":"https:\/\/www.welovecycling.com\/es\/wp-json\/wp\/v2\/posts\/7337\/revisions\/7343"}],"wp:featuredmedia":[{"embeddable":true,"href":"https:\/\/www.welovecycling.com\/es\/wp-json\/wp\/v2\/media\/7341"}],"wp:attachment":[{"href":"https:\/\/www.welovecycling.com\/es\/wp-json\/wp\/v2\/media?parent=7337"}],"wp:term":[{"taxonomy":"category","embeddable":true,"href":"https:\/\/www.welovecycling.com\/es\/wp-json\/wp\/v2\/categories?post=7337"},{"taxonomy":"post_tag","embeddable":true,"href":"https:\/\/www.welovecycling.com\/es\/wp-json\/wp\/v2\/tags?post=7337"},{"taxonomy":"global-categories","embeddable":true,"href":"https:\/\/www.welovecycling.com\/es\/wp-json\/wp\/v2\/global-categories?post=7337"}],"curies":[{"name":"wp","href":"https:\/\/api.w.org\/{rel}","templated":true}]}}