{"id":7332,"date":"2021-03-15T23:53:01","date_gmt":"2021-03-15T21:53:01","guid":{"rendered":"https:\/\/www.welovecycling.com\/es\/?p=7332"},"modified":"2021-03-15T23:54:25","modified_gmt":"2021-03-15T21:54:25","slug":"carrera-ciclista-de-orientacion","status":"publish","type":"post","link":"https:\/\/www.welovecycling.com\/es\/2021\/03\/15\/carrera-ciclista-de-orientacion\/","title":{"rendered":"Una carrera ciclista de orientaci\u00f3n \u2013 \u00bfSabr\u00edas retornar?"},"content":{"rendered":"<p><strong>Algunos ciclistas se enorgullecen de su impecable sentido de la orientaci\u00f3n y de no depender del GPS ni de las rutas de Strava. Pero, \u00bfpueden dos influencers del ciclismo, amantes del GPS y de Strava, Cameron Jeffers y Keira McVitty, encontrar el camino de vuelta a un punto de partida despu\u00e9s de que les vendaran los ojos y les alejaran 100 millas de \u00e9l? Echa un vistazo a nuestro nuevo v\u00eddeo sobre una carrera ciclista de orientaci\u00f3n y desc\u00fabrelo.<\/strong><\/p>\n<p><!--more--><\/p>\n<p>Keira McVitty es una aficionada al ciclismo que nos ayud\u00f3 a realizar una serie de entrevistas \u00fanicas en el Tour de Francia del a\u00f1o pasado con titanes del deporte de la talla de <a href=\"https:\/\/www.welovecycling.com\/es\/2020\/06\/12\/andy-schleck\/\">Andy Schleck.<\/a> Cameron Jeffers, influencer del ciclismo y \u00e1vido blogger, es ya una especie de elemento b\u00e1sico en We Love Cycling, colaborando en m\u00faltiples proyectos con nosotros y ayud\u00e1ndonos a crear contenidos incre\u00edbles, como la subida a un <a href=\"https:\/\/www.welovecycling.com\/es\/2020\/09\/20\/coche-electrico-skoda-enyaq-iv-galibier\/\">pico ic\u00f3nico del Tour<\/a> y el ciclismo invernal en Mallorca. Juntos, se enfrentaron a un duro reto: subirse a sus bicicletas y encontrar el camino de vuelta al lugar donde comenz\u00f3 la prueba, encontr\u00e1ndose en un lugar misterioso a bastantes kil\u00f3metros de distancia.<\/p>\n<p>https:\/\/www.instagram.com\/p\/CMcCIE3qCA8\/?utm_source=ig_web_copy_link<\/p>\n<p>Una ma\u00f1ana nublada, se reunieron en la pintoresca plaza del mercado de St. Neots, una peque\u00f1a ciudad del sur de Inglaterra. Despu\u00e9s de recibir informaci\u00f3n, Cameron y Keira se subieron al asiento trasero del \u0160koda OCTAVIA, donde se les vendaron los ojos y se les condujo en un radio acordado de 100 millas (161 km).<\/p>\n<p>Como Keira le coment\u00f3 en broma a Cameron antes de subir al coche, ella es probablemente &#8220;la peor en las direcciones de todos los que podr\u00edas haber elegido&#8221;, as\u00ed que los \u00e1nimos estaban altos pero tambi\u00e9n bastante nerviosos. Cuando por fin llegaron a su misterioso lugar de entrega, apareci\u00f3 la primera (y quiz\u00e1 \u00fanica) se\u00f1al de suerte en su viaje: un aviso en un poste de electricidad que indicaba la ubicaci\u00f3n general en la que se encontraban. \u00bfPero ser\u00e1 suficiente para seguir el camino correcto en esta carrera ciclista de orientaci\u00f3n? Para garantizar la seguridad de todos los participantes, el \u0160koda OCTAVIA sigui\u00f3 a los dos ciclistas todo el tiempo como veh\u00edculo de apoyo, avituallamiento y asistencia.<\/p>\n<p>En total, el reto dur\u00f3 m\u00e1s de siete horas. Entonces, \u00bflo lograron o tuvieron que admitir su derrota? Encuentra todas las respuestas en nuestro v\u00eddeo.<\/p>\n<div class=\"embed-controller-wrapper\">\n<div class=\"embed-wrapper\"><iframe title=\"The Blind Racing Challenge: Find the Way or Be Lost Forever\" width=\"500\" height=\"281\" data-src=\"https:\/\/www.youtube.com\/embed\/QmLv_818SKY?feature=oembed\" frameborder=\"0\" allow=\"accelerometer; autoplay; clipboard-write; encrypted-media; gyroscope; picture-in-picture; web-share\" referrerpolicy=\"strict-origin-when-cross-origin\" allowfullscreen><\/iframe><\/div>\n<\/div>\n","protected":false},"excerpt":{"rendered":"<p>Algunos ciclistas se enorgullecen de su impecable sentido de la orientaci\u00f3n y de no depender del GPS ni de las [&hellip;]<\/p>\n","protected":false},"author":29,"featured_media":7334,"comment_status":"open","ping_status":"open","sticky":false,"template":"","format":"standard","meta":{"footnotes":""},"categories":[7],"tags":[],"global-categories":[],"class_list":["post-7332","post","type-post","status-publish","format-standard","has-post-thumbnail","hentry","category-carretera"],"yoast_head":"<!-- This site is optimized with the Yoast SEO Premium plugin v25.3 (Yoast SEO v25.9) - https:\/\/yoast.com\/wordpress\/plugins\/seo\/ -->\n<title>Una carrera ciclista de orientaci\u00f3n \u2013 \u00bfSabr\u00edas retornar?<\/title>\n<meta name=\"description\" content=\"Carrera ciclista de orientaci\u00f3n \u00bfSabr\u00edas retornar si te llevaran con los ojos cerrados a un lugar desconocido? Aqu\u00ed tienes la soluci\u00f3n\" \/>\n<meta name=\"robots\" content=\"index, follow, max-snippet:-1, max-image-preview:large, max-video-preview:-1\" \/>\n<link rel=\"canonical\" href=\"https:\/\/www.welovecycling.com\/es\/2021\/03\/15\/carrera-ciclista-de-orientacion\/\" \/>\n<meta property=\"og:locale\" content=\"es_ES\" \/>\n<meta property=\"og:type\" content=\"article\" \/>\n<meta property=\"og:title\" content=\"Carrera ciclista de orientaci\u00f3n \u00bfSabr\u00edas retornar si te llevaran con los ojos cerrados a un lugar desconocido?\" \/>\n<meta property=\"og:description\" content=\"Carrera ciclista de orientaci\u00f3n \u00bfSabr\u00edas retornar si te llevaran con los ojos cerrados a un lugar desconocido? Aqu\u00ed tienes la soluci\u00f3n\" \/>\n<meta property=\"og:url\" content=\"https:\/\/www.welovecycling.com\/es\/2021\/03\/15\/carrera-ciclista-de-orientacion\/\" \/>\n<meta property=\"og:site_name\" content=\"\u0160koda We Love Cycling - Spain\" \/>\n<meta property=\"article:published_time\" content=\"2021-03-15T21:53:01+00:00\" \/>\n<meta property=\"article:modified_time\" content=\"2021-03-15T21:54:25+00:00\" \/>\n<meta property=\"og:image\" content=\"https:\/\/d2p6e6u75xmxt8.cloudfront.net\/6\/2021\/03\/WLC_CyclingBlind_Cover.jpg\" \/>\n\t<meta property=\"og:image:width\" content=\"1366\" \/>\n\t<meta property=\"og:image:height\" content=\"600\" \/>\n\t<meta property=\"og:image:type\" content=\"image\/jpeg\" \/>\n<meta name=\"author\" content=\"We Love Cycling Spain\" \/>\n<meta name=\"twitter:card\" content=\"summary_large_image\" \/>\n<meta name=\"twitter:title\" content=\"Carrera ciclista de orientaci\u00f3n \u00bfSabr\u00edas retornar si te llevaran con los ojos cerrados a un lugar desconocido?\" \/>\n<meta name=\"twitter:description\" content=\"Carrera ciclista de orientaci\u00f3n \u00bfSabr\u00edas retornar si te llevaran con los ojos cerrados a un lugar desconocido? Aqu\u00ed tienes la soluci\u00f3n\" \/>\n<meta name=\"twitter:label1\" content=\"Written by\" \/>\n\t<meta name=\"twitter:data1\" content=\"Frantiska Blazkova\" \/>\n\t<meta name=\"twitter:label2\" content=\"Est. reading time\" \/>\n\t<meta name=\"twitter:data2\" content=\"5\" \/>\n<script type=\"application\/ld+json\" class=\"yoast-schema-graph\">{\"@context\":\"https:\/\/schema.org\",\"@graph\":[{\"@type\":\"WebPage\",\"@id\":\"https:\/\/www.welovecycling.com\/es\/2021\/03\/15\/carrera-ciclista-de-orientacion\/\",\"url\":\"https:\/\/www.welovecycling.com\/es\/2021\/03\/15\/carrera-ciclista-de-orientacion\/\",\"name\":\"Una carrera ciclista de orientaci\u00f3n \u2013 \u00bfSabr\u00edas retornar?\",\"isPartOf\":{\"@id\":\"https:\/\/www.welovecycling.com\/es\/#website\"},\"primaryImageOfPage\":{\"@id\":\"https:\/\/www.welovecycling.com\/es\/2021\/03\/15\/carrera-ciclista-de-orientacion\/#primaryimage\"},\"image\":{\"@id\":\"https:\/\/www.welovecycling.com\/es\/2021\/03\/15\/carrera-ciclista-de-orientacion\/#primaryimage\"},\"thumbnailUrl\":\"https:\/\/d2p6e6u75xmxt8.cloudfront.net\/6\/2021\/03\/WLC_CyclingBlind_Cover.jpg\",\"datePublished\":\"2021-03-15T21:53:01+00:00\",\"dateModified\":\"2021-03-15T21:54:25+00:00\",\"author\":{\"@id\":\"https:\/\/www.welovecycling.com\/es\/#\/schema\/person\/deb61715b5812698ee79fb96f343ccd4\"},\"description\":\"Carrera ciclista de orientaci\u00f3n \u00bfSabr\u00edas retornar si te llevaran con los ojos cerrados a un lugar desconocido? Aqu\u00ed tienes la soluci\u00f3n\",\"breadcrumb\":{\"@id\":\"https:\/\/www.welovecycling.com\/es\/2021\/03\/15\/carrera-ciclista-de-orientacion\/#breadcrumb\"},\"inLanguage\":\"es-ES\",\"potentialAction\":[{\"@type\":\"ReadAction\",\"target\":[\"https:\/\/www.welovecycling.com\/es\/2021\/03\/15\/carrera-ciclista-de-orientacion\/\"]}]},{\"@type\":\"ImageObject\",\"inLanguage\":\"es-ES\",\"@id\":\"https:\/\/www.welovecycling.com\/es\/2021\/03\/15\/carrera-ciclista-de-orientacion\/#primaryimage\",\"url\":\"https:\/\/d2p6e6u75xmxt8.cloudfront.net\/6\/2021\/03\/WLC_CyclingBlind_Cover.jpg\",\"contentUrl\":\"https:\/\/d2p6e6u75xmxt8.cloudfront.net\/6\/2021\/03\/WLC_CyclingBlind_Cover.jpg\",\"width\":1366,\"height\":600,\"caption\":\"Blind Cycling Challenge\"},{\"@type\":\"BreadcrumbList\",\"@id\":\"https:\/\/www.welovecycling.com\/es\/2021\/03\/15\/carrera-ciclista-de-orientacion\/#breadcrumb\",\"itemListElement\":[{\"@type\":\"ListItem\",\"position\":1,\"name\":\"Home\",\"item\":\"https:\/\/www.welovecycling.com\/es\/\"},{\"@type\":\"ListItem\",\"position\":2,\"name\":\"Una carrera ciclista de orientaci\u00f3n \u2013 \u00bfSabr\u00edas retornar?\"}]},{\"@type\":\"WebSite\",\"@id\":\"https:\/\/www.welovecycling.com\/es\/#website\",\"url\":\"https:\/\/www.welovecycling.com\/es\/\",\"name\":\"\u0160koda We Love Cycling - Spain\",\"description\":\"\u0160koda WeLoveCycling Spain\",\"potentialAction\":[{\"@type\":\"SearchAction\",\"target\":{\"@type\":\"EntryPoint\",\"urlTemplate\":\"https:\/\/www.welovecycling.com\/es\/?s={search_term_string}\"},\"query-input\":{\"@type\":\"PropertyValueSpecification\",\"valueRequired\":true,\"valueName\":\"search_term_string\"}}],\"inLanguage\":\"es-ES\"},{\"@type\":\"Person\",\"@id\":\"https:\/\/www.welovecycling.com\/es\/#\/schema\/person\/deb61715b5812698ee79fb96f343ccd4\",\"name\":\"We Love Cycling Spain\",\"image\":{\"@type\":\"ImageObject\",\"inLanguage\":\"es-ES\",\"@id\":\"https:\/\/www.welovecycling.com\/es\/#\/schema\/person\/image\/\",\"url\":\"https:\/\/secure.gravatar.com\/avatar\/c824b04e6df0e37a03219d0b6481672889df542894588964102459e46513159c?s=96&d=mm&r=g\",\"contentUrl\":\"https:\/\/secure.gravatar.com\/avatar\/c824b04e6df0e37a03219d0b6481672889df542894588964102459e46513159c?s=96&d=mm&r=g\",\"caption\":\"We Love Cycling Spain\"},\"url\":\"https:\/\/www.welovecycling.com\/es\/author\/amunoz\/\"}]}<\/script>\n<!-- \/ Yoast SEO Premium plugin. -->","yoast_head_json":{"title":"Una carrera ciclista de orientaci\u00f3n \u2013 \u00bfSabr\u00edas retornar?","description":"Carrera ciclista de orientaci\u00f3n \u00bfSabr\u00edas retornar si te llevaran con los ojos cerrados a un lugar desconocido? Aqu\u00ed tienes la soluci\u00f3n","robots":{"index":"index","follow":"follow","max-snippet":"max-snippet:-1","max-image-preview":"max-image-preview:large","max-video-preview":"max-video-preview:-1"},"canonical":"https:\/\/www.welovecycling.com\/es\/2021\/03\/15\/carrera-ciclista-de-orientacion\/","og_locale":"es_ES","og_type":"article","og_title":"Carrera ciclista de orientaci\u00f3n \u00bfSabr\u00edas retornar si te llevaran con los ojos cerrados a un lugar desconocido?","og_description":"Carrera ciclista de orientaci\u00f3n \u00bfSabr\u00edas retornar si te llevaran con los ojos cerrados a un lugar desconocido? Aqu\u00ed tienes la soluci\u00f3n","og_url":"https:\/\/www.welovecycling.com\/es\/2021\/03\/15\/carrera-ciclista-de-orientacion\/","og_site_name":"\u0160koda We Love Cycling - Spain","article_published_time":"2021-03-15T21:53:01+00:00","article_modified_time":"2021-03-15T21:54:25+00:00","og_image":[{"width":1366,"height":600,"url":"https:\/\/d2p6e6u75xmxt8.cloudfront.net\/6\/2021\/03\/WLC_CyclingBlind_Cover.jpg","type":"image\/jpeg"}],"author":"We Love Cycling Spain","twitter_card":"summary_large_image","twitter_title":"Carrera ciclista de orientaci\u00f3n \u00bfSabr\u00edas retornar si te llevaran con los ojos cerrados a un lugar desconocido?","twitter_description":"Carrera ciclista de orientaci\u00f3n \u00bfSabr\u00edas retornar si te llevaran con los ojos cerrados a un lugar desconocido? Aqu\u00ed tienes la soluci\u00f3n","twitter_misc":{"Written by":"Frantiska Blazkova","Est. reading time":"5"},"schema":{"@context":"https:\/\/schema.org","@graph":[{"@type":"WebPage","@id":"https:\/\/www.welovecycling.com\/es\/2021\/03\/15\/carrera-ciclista-de-orientacion\/","url":"https:\/\/www.welovecycling.com\/es\/2021\/03\/15\/carrera-ciclista-de-orientacion\/","name":"Una carrera ciclista de orientaci\u00f3n \u2013 \u00bfSabr\u00edas retornar?","isPartOf":{"@id":"https:\/\/www.welovecycling.com\/es\/#website"},"primaryImageOfPage":{"@id":"https:\/\/www.welovecycling.com\/es\/2021\/03\/15\/carrera-ciclista-de-orientacion\/#primaryimage"},"image":{"@id":"https:\/\/www.welovecycling.com\/es\/2021\/03\/15\/carrera-ciclista-de-orientacion\/#primaryimage"},"thumbnailUrl":"https:\/\/d2p6e6u75xmxt8.cloudfront.net\/6\/2021\/03\/WLC_CyclingBlind_Cover.jpg","datePublished":"2021-03-15T21:53:01+00:00","dateModified":"2021-03-15T21:54:25+00:00","author":{"@id":"https:\/\/www.welovecycling.com\/es\/#\/schema\/person\/deb61715b5812698ee79fb96f343ccd4"},"description":"Carrera ciclista de orientaci\u00f3n \u00bfSabr\u00edas retornar si te llevaran con los ojos cerrados a un lugar desconocido? Aqu\u00ed tienes la soluci\u00f3n","breadcrumb":{"@id":"https:\/\/www.welovecycling.com\/es\/2021\/03\/15\/carrera-ciclista-de-orientacion\/#breadcrumb"},"inLanguage":"es-ES","potentialAction":[{"@type":"ReadAction","target":["https:\/\/www.welovecycling.com\/es\/2021\/03\/15\/carrera-ciclista-de-orientacion\/"]}]},{"@type":"ImageObject","inLanguage":"es-ES","@id":"https:\/\/www.welovecycling.com\/es\/2021\/03\/15\/carrera-ciclista-de-orientacion\/#primaryimage","url":"https:\/\/d2p6e6u75xmxt8.cloudfront.net\/6\/2021\/03\/WLC_CyclingBlind_Cover.jpg","contentUrl":"https:\/\/d2p6e6u75xmxt8.cloudfront.net\/6\/2021\/03\/WLC_CyclingBlind_Cover.jpg","width":1366,"height":600,"caption":"Blind Cycling Challenge"},{"@type":"BreadcrumbList","@id":"https:\/\/www.welovecycling.com\/es\/2021\/03\/15\/carrera-ciclista-de-orientacion\/#breadcrumb","itemListElement":[{"@type":"ListItem","position":1,"name":"Home","item":"https:\/\/www.welovecycling.com\/es\/"},{"@type":"ListItem","position":2,"name":"Una carrera ciclista de orientaci\u00f3n \u2013 \u00bfSabr\u00edas retornar?"}]},{"@type":"WebSite","@id":"https:\/\/www.welovecycling.com\/es\/#website","url":"https:\/\/www.welovecycling.com\/es\/","name":"\u0160koda We Love Cycling - Spain","description":"\u0160koda WeLoveCycling Spain","potentialAction":[{"@type":"SearchAction","target":{"@type":"EntryPoint","urlTemplate":"https:\/\/www.welovecycling.com\/es\/?s={search_term_string}"},"query-input":{"@type":"PropertyValueSpecification","valueRequired":true,"valueName":"search_term_string"}}],"inLanguage":"es-ES"},{"@type":"Person","@id":"https:\/\/www.welovecycling.com\/es\/#\/schema\/person\/deb61715b5812698ee79fb96f343ccd4","name":"We Love Cycling Spain","image":{"@type":"ImageObject","inLanguage":"es-ES","@id":"https:\/\/www.welovecycling.com\/es\/#\/schema\/person\/image\/","url":"https:\/\/secure.gravatar.com\/avatar\/c824b04e6df0e37a03219d0b6481672889df542894588964102459e46513159c?s=96&d=mm&r=g","contentUrl":"https:\/\/secure.gravatar.com\/avatar\/c824b04e6df0e37a03219d0b6481672889df542894588964102459e46513159c?s=96&d=mm&r=g","caption":"We Love Cycling Spain"},"url":"https:\/\/www.welovecycling.com\/es\/author\/amunoz\/"}]}},"_links":{"self":[{"href":"https:\/\/www.welovecycling.com\/es\/wp-json\/wp\/v2\/posts\/7332","targetHints":{"allow":["GET"]}}],"collection":[{"href":"https:\/\/www.welovecycling.com\/es\/wp-json\/wp\/v2\/posts"}],"about":[{"href":"https:\/\/www.welovecycling.com\/es\/wp-json\/wp\/v2\/types\/post"}],"author":[{"embeddable":true,"href":"https:\/\/www.welovecycling.com\/es\/wp-json\/wp\/v2\/users\/29"}],"replies":[{"embeddable":true,"href":"https:\/\/www.welovecycling.com\/es\/wp-json\/wp\/v2\/comments?post=7332"}],"version-history":[{"count":2,"href":"https:\/\/www.welovecycling.com\/es\/wp-json\/wp\/v2\/posts\/7332\/revisions"}],"predecessor-version":[{"id":7336,"href":"https:\/\/www.welovecycling.com\/es\/wp-json\/wp\/v2\/posts\/7332\/revisions\/7336"}],"wp:featuredmedia":[{"embeddable":true,"href":"https:\/\/www.welovecycling.com\/es\/wp-json\/wp\/v2\/media\/7334"}],"wp:attachment":[{"href":"https:\/\/www.welovecycling.com\/es\/wp-json\/wp\/v2\/media?parent=7332"}],"wp:term":[{"taxonomy":"category","embeddable":true,"href":"https:\/\/www.welovecycling.com\/es\/wp-json\/wp\/v2\/categories?post=7332"},{"taxonomy":"post_tag","embeddable":true,"href":"https:\/\/www.welovecycling.com\/es\/wp-json\/wp\/v2\/tags?post=7332"},{"taxonomy":"global-categories","embeddable":true,"href":"https:\/\/www.welovecycling.com\/es\/wp-json\/wp\/v2\/global-categories?post=7332"}],"curies":[{"name":"wp","href":"https:\/\/api.w.org\/{rel}","templated":true}]}}