{"id":7320,"date":"2021-03-11T12:42:03","date_gmt":"2021-03-11T10:42:03","guid":{"rendered":"https:\/\/www.welovecycling.com\/es\/?p=7320"},"modified":"2021-03-11T12:42:03","modified_gmt":"2021-03-11T10:42:03","slug":"errores-de-entrenamiento-ciclista-inicio-de-temporada","status":"publish","type":"post","link":"https:\/\/www.welovecycling.com\/es\/2021\/03\/11\/errores-de-entrenamiento-ciclista-inicio-de-temporada\/","title":{"rendered":"Errores de entrenamiento ciclista de inicio de temporada \u2013 Comparaciones"},"content":{"rendered":"<p><strong>Dicen que la comparaci\u00f3n es la muerte de la alegr\u00eda. Si has empezado la temporada mirando los vatios y las velocidades medias del a\u00f1o pasado, ya sabes lo que quieren decir. Querer batir tus antiguos r\u00e9cords es una buena motivaci\u00f3n, pero hay que aplicarla correctamente. Veamos c\u00f3mo evitar estos errores de entrenamiento ciclista de principio de temporada en el ciclismo.<\/strong><\/p>\n<h2><!--more--><strong>Se realista sobre tu estado de forma actual<\/strong><\/h2>\n<figure id=\"attachment_7321\" aria-describedby=\"caption-attachment-7321\" style=\"width: 1024px\" class=\"wp-caption alignnone\"><a href=\"https:\/\/d2p6e6u75xmxt8.cloudfront.net\/2\/2021\/03\/Two-cyclists-profimedia-0594649314.jpg\"><img loading=\"lazy\" decoding=\"async\" class=\"wp-image-7321 size-large\" src=\"https:\/\/d2p6e6u75xmxt8.cloudfront.net\/6\/2021\/03\/Two-cyclists-profimedia-0594649314-1024x768.jpg\" alt=\"Road cycling\" width=\"1024\" height=\"768\" srcset=\"https:\/\/d2p6e6u75xmxt8.cloudfront.net\/6\/2021\/03\/Two-cyclists-profimedia-0594649314-1024x768.jpg 1024w, https:\/\/d2p6e6u75xmxt8.cloudfront.net\/6\/2021\/03\/Two-cyclists-profimedia-0594649314-300x225.jpg 300w, https:\/\/d2p6e6u75xmxt8.cloudfront.net\/6\/2021\/03\/Two-cyclists-profimedia-0594649314-768x576.jpg 768w, https:\/\/d2p6e6u75xmxt8.cloudfront.net\/6\/2021\/03\/Two-cyclists-profimedia-0594649314.jpg 1250w\" sizes=\"auto, (max-width: 1024px) 100vw, 1024px\" \/><\/a><figcaption id=\"caption-attachment-7321\" class=\"wp-caption-text\">Se honesto contigo mismo. \u00a9 Profimedia<\/figcaption><\/figure>\n<p>&nbsp;<\/p>\n<p>Hay muchas cosas que puedes medir como ciclista, y todos tenemos nuestra m\u00e9trica favorita que intentamos mejorar constantemente. Puede ser divertido hacer un seguimiento de tu potencia, frecuencia card\u00edaca, tiempo de recorrido, relaci\u00f3n <a href=\"https:\/\/www.welovecycling.com\/es\/2020\/03\/15\/relacion-peso-potencia\/\">peso-potencia<\/a>, n\u00famero de kil\u00f3metros al mes. El problema es que es muy f\u00e1cil centrarse en el pasado, en las estad\u00edsticas de la temporada pasada. Y eso desv\u00eda la atenci\u00f3n de c\u00f3mo est\u00e1n las cosas y de lo que hay que hacer para llegar a tu nueva marca personal.<\/p>\n<p><strong>Soluci\u00f3n: <\/strong>Echa un vistazo honesto a tu estado de forma al comienzo de una nueva temporada. Es normal que empieces la temporada en un <a href=\"https:\/\/www.welovecycling.com\/wide\/2017\/04\/24\/happen-body-really-started-cycling-spring\/\">lugar diferente<\/a> al que terminaste la anterior. Tal vez hayas conseguido resolver algunas viejas lesiones y dolores y te hayas fortalecido en la pretemporada, pero es probable que no hayas pasado la misma cantidad de tiempo en el sill\u00edn. Esto significa que necesitar\u00e1s algo de tiempo para recuperar tu<a href=\"https:\/\/www.welovecycling.com\/es\/2020\/07\/02\/retomar-entrenamientos-ciclistas\/\"> resistencia<\/a> y potencia. Tenlo en cuenta y trabaja en tus kil\u00f3metros de base, incluye gradualmente la intensidad y observa c\u00f3mo los n\u00fameros mejoran cada semana. Este enfoque va a dar mejores resultados y te va a motivar m\u00e1s que tratar de igualar los n\u00fameros de la temporada pasada de inmediato y corregir errores de entrenamiento ciclista.<\/p>\n<h2><strong>No copies a otros ciclistas<\/strong><\/h2>\n<figure id=\"attachment_7322\" aria-describedby=\"caption-attachment-7322\" style=\"width: 1024px\" class=\"wp-caption alignnone\"><a href=\"https:\/\/d2p6e6u75xmxt8.cloudfront.net\/2\/2021\/03\/Cyclists-pexels-nishant-aneja-2373200.jpg\"><img loading=\"lazy\" decoding=\"async\" class=\"wp-image-7322 size-large\" src=\"https:\/\/d2p6e6u75xmxt8.cloudfront.net\/6\/2021\/03\/Cyclists-pexels-nishant-aneja-2373200-1024x725.jpg\" alt=\"Cyclists\" width=\"1024\" height=\"725\" srcset=\"https:\/\/d2p6e6u75xmxt8.cloudfront.net\/6\/2021\/03\/Cyclists-pexels-nishant-aneja-2373200-1024x725.jpg 1024w, https:\/\/d2p6e6u75xmxt8.cloudfront.net\/6\/2021\/03\/Cyclists-pexels-nishant-aneja-2373200-300x212.jpg 300w, https:\/\/d2p6e6u75xmxt8.cloudfront.net\/6\/2021\/03\/Cyclists-pexels-nishant-aneja-2373200-768x544.jpg 768w, https:\/\/d2p6e6u75xmxt8.cloudfront.net\/6\/2021\/03\/Cyclists-pexels-nishant-aneja-2373200.jpg 1280w\" sizes=\"auto, (max-width: 1024px) 100vw, 1024px\" \/><\/a><figcaption id=\"caption-attachment-7322\" class=\"wp-caption-text\">El ciclismo es m\u00e1s divertido en grupo, as\u00ed que si puedes convencer a algunos amigos para que te acompa\u00f1en en el plan de entrenamiento, tendr\u00e1s m\u00e1s posibilidades de \u00e9xito y mucha m\u00e1s diversi\u00f3n \u00a9 Profimedia<\/figcaption><\/figure>\n<p>A algunos ciclistas les gusta compararse con sus propias estad\u00edsticas, mientras que otros no pueden dejar de medirse con otros ciclistas. Pueden ser tus compa\u00f1eros de entrenamiento, tus amigos, los miembros de tu equipo de ciclismo o tus rivales en las carreras locales. Cada vez que oyes hablar de lo que hacen, es demasiado f\u00e1cil pensar que t\u00fa tambi\u00e9n deber\u00edas hacerlo. Es f\u00e1cil dudar de uno mismo y saltarse algunos elementos importantes del entrenamiento. Cada ciclista tiene que centrarse en algo diferente en su entrenamiento para mejorar. Precisamente por eso, mirar a los dem\u00e1s y ajustarse en base a lo que ellos hacen no te ayudar\u00e1 la mayor\u00eda de las veces.<\/p>\n<p><strong>Soluci\u00f3n<\/strong>: Tener un plan de entrenamiento. Es el mejor seguro para no perder el rumbo de tu entrenamiento. Si nunca has tenido uno, prueba nuestro plan de entrenamiento para <a href=\"https:\/\/www.welovecycling.com\/wide\/2019\/06\/04\/beginner-50k-training-plan-week-1\/\">principiantes de 50k<\/a>. Y si tienes algo de experiencia, puedes consultar nuestra<a href=\"https:\/\/www.welovecycling.com\/es\/2019\/10\/07\/plan-entrenamiento-ciclista-objetivos\/\"> gu\u00eda sobre c\u00f3mo construir tu propio plan<\/a> de entrenamiento de ciclismo. El siguiente art\u00edculo de esta serie tambi\u00e9n te ayudar\u00e1 a evitar algunos errores comunes de los planes de entrenamiento de principios de temporada.<\/p>\n<p>Otra cosa que puedes hacer es conseguir un entrenador. Un entrenador puede ayudarte a mantener el rumbo de tu entrenamiento, a centrarte en lo que es importante y a evitar errores de entrenamiento ciclista. Puede discutir esas cosas nuevas y geniales que ves que tus amigos y competidores est\u00e1n probando porque un buen entrenador tambi\u00e9n te ayudar\u00e1 a identificar con qui\u00e9n debes compararte.<\/p>\n","protected":false},"excerpt":{"rendered":"<p>Dicen que la comparaci\u00f3n es la muerte de la alegr\u00eda. Si has empezado la temporada mirando los vatios y las [&hellip;]<\/p>\n","protected":false},"author":29,"featured_media":7324,"comment_status":"open","ping_status":"open","sticky":false,"template":"","format":"standard","meta":{"footnotes":""},"categories":[7,9],"tags":[],"global-categories":[],"class_list":["post-7320","post","type-post","status-publish","format-standard","has-post-thumbnail","hentry","category-carretera","category-mtb-aventura"],"yoast_head":"<!-- This site is optimized with the Yoast SEO Premium plugin v25.3 (Yoast SEO v25.9) - https:\/\/yoast.com\/wordpress\/plugins\/seo\/ -->\n<title>Errores de entrenamiento ciclista de inicio de temporada \u2013 Comparaciones<\/title>\n<meta name=\"description\" content=\"Errores de entrenamiento ciclista de inicio de temporada. Compararse demasiado con lo que hiciste otros a\u00f1os y con otros ciclistas.\" \/>\n<meta name=\"robots\" content=\"index, follow, max-snippet:-1, max-image-preview:large, max-video-preview:-1\" \/>\n<link rel=\"canonical\" href=\"https:\/\/www.welovecycling.com\/es\/2021\/03\/11\/errores-de-entrenamiento-ciclista-inicio-de-temporada\/\" \/>\n<meta property=\"og:locale\" content=\"es_ES\" \/>\n<meta property=\"og:type\" content=\"article\" \/>\n<meta property=\"og:title\" content=\"Errores de entrenamiento ciclista de inicio de temporada\" \/>\n<meta property=\"og:description\" content=\"Errores de entrenamiento ciclista de inicio de temporada. Compararse demasiado con lo que hiciste otros a\u00f1os y con otros ciclistas.\" \/>\n<meta property=\"og:url\" content=\"https:\/\/www.welovecycling.com\/es\/2021\/03\/11\/errores-de-entrenamiento-ciclista-inicio-de-temporada\/\" \/>\n<meta property=\"og:site_name\" content=\"\u0160koda We Love Cycling - Spain\" \/>\n<meta property=\"article:published_time\" content=\"2021-03-11T10:42:03+00:00\" \/>\n<meta property=\"og:image\" content=\"https:\/\/d2p6e6u75xmxt8.cloudfront.net\/6\/2021\/03\/Cyclists-friends-road-pexels-pavel-danilyuk-5807629-CVR.jpg\" \/>\n\t<meta property=\"og:image:width\" content=\"1366\" \/>\n\t<meta property=\"og:image:height\" content=\"600\" \/>\n\t<meta property=\"og:image:type\" content=\"image\/jpeg\" \/>\n<meta name=\"author\" content=\"We Love Cycling Spain\" \/>\n<meta name=\"twitter:card\" content=\"summary_large_image\" \/>\n<meta name=\"twitter:title\" content=\"Errores de entrenamiento ciclista de inicio de temporada\" \/>\n<meta name=\"twitter:description\" content=\"Errores de entrenamiento ciclista de inicio de temporada. Compararse demasiado con lo que hiciste otros a\u00f1os y con otros ciclistas.\" \/>\n<meta name=\"twitter:label1\" content=\"Written by\" \/>\n\t<meta name=\"twitter:data1\" content=\"Jiri Kaloc\" \/>\n\t<meta name=\"twitter:label2\" content=\"Est. reading time\" \/>\n\t<meta name=\"twitter:data2\" content=\"6\" \/>\n<script type=\"application\/ld+json\" class=\"yoast-schema-graph\">{\"@context\":\"https:\/\/schema.org\",\"@graph\":[{\"@type\":\"WebPage\",\"@id\":\"https:\/\/www.welovecycling.com\/es\/2021\/03\/11\/errores-de-entrenamiento-ciclista-inicio-de-temporada\/\",\"url\":\"https:\/\/www.welovecycling.com\/es\/2021\/03\/11\/errores-de-entrenamiento-ciclista-inicio-de-temporada\/\",\"name\":\"Errores de entrenamiento ciclista de inicio de temporada \u2013 Comparaciones\",\"isPartOf\":{\"@id\":\"https:\/\/www.welovecycling.com\/es\/#website\"},\"primaryImageOfPage\":{\"@id\":\"https:\/\/www.welovecycling.com\/es\/2021\/03\/11\/errores-de-entrenamiento-ciclista-inicio-de-temporada\/#primaryimage\"},\"image\":{\"@id\":\"https:\/\/www.welovecycling.com\/es\/2021\/03\/11\/errores-de-entrenamiento-ciclista-inicio-de-temporada\/#primaryimage\"},\"thumbnailUrl\":\"https:\/\/d2p6e6u75xmxt8.cloudfront.net\/6\/2021\/03\/Cyclists-friends-road-pexels-pavel-danilyuk-5807629-CVR.jpg\",\"datePublished\":\"2021-03-11T10:42:03+00:00\",\"author\":{\"@id\":\"https:\/\/www.welovecycling.com\/es\/#\/schema\/person\/deb61715b5812698ee79fb96f343ccd4\"},\"description\":\"Errores de entrenamiento ciclista de inicio de temporada. Compararse demasiado con lo que hiciste otros a\u00f1os y con otros ciclistas.\",\"breadcrumb\":{\"@id\":\"https:\/\/www.welovecycling.com\/es\/2021\/03\/11\/errores-de-entrenamiento-ciclista-inicio-de-temporada\/#breadcrumb\"},\"inLanguage\":\"es-ES\",\"potentialAction\":[{\"@type\":\"ReadAction\",\"target\":[\"https:\/\/www.welovecycling.com\/es\/2021\/03\/11\/errores-de-entrenamiento-ciclista-inicio-de-temporada\/\"]}]},{\"@type\":\"ImageObject\",\"inLanguage\":\"es-ES\",\"@id\":\"https:\/\/www.welovecycling.com\/es\/2021\/03\/11\/errores-de-entrenamiento-ciclista-inicio-de-temporada\/#primaryimage\",\"url\":\"https:\/\/d2p6e6u75xmxt8.cloudfront.net\/6\/2021\/03\/Cyclists-friends-road-pexels-pavel-danilyuk-5807629-CVR.jpg\",\"contentUrl\":\"https:\/\/d2p6e6u75xmxt8.cloudfront.net\/6\/2021\/03\/Cyclists-friends-road-pexels-pavel-danilyuk-5807629-CVR.jpg\",\"width\":1366,\"height\":600,\"caption\":\"Three cyclists\"},{\"@type\":\"BreadcrumbList\",\"@id\":\"https:\/\/www.welovecycling.com\/es\/2021\/03\/11\/errores-de-entrenamiento-ciclista-inicio-de-temporada\/#breadcrumb\",\"itemListElement\":[{\"@type\":\"ListItem\",\"position\":1,\"name\":\"Home\",\"item\":\"https:\/\/www.welovecycling.com\/es\/\"},{\"@type\":\"ListItem\",\"position\":2,\"name\":\"Errores de entrenamiento ciclista de inicio de temporada \u2013 Comparaciones\"}]},{\"@type\":\"WebSite\",\"@id\":\"https:\/\/www.welovecycling.com\/es\/#website\",\"url\":\"https:\/\/www.welovecycling.com\/es\/\",\"name\":\"\u0160koda We Love Cycling - Spain\",\"description\":\"\u0160koda WeLoveCycling Spain\",\"potentialAction\":[{\"@type\":\"SearchAction\",\"target\":{\"@type\":\"EntryPoint\",\"urlTemplate\":\"https:\/\/www.welovecycling.com\/es\/?s={search_term_string}\"},\"query-input\":{\"@type\":\"PropertyValueSpecification\",\"valueRequired\":true,\"valueName\":\"search_term_string\"}}],\"inLanguage\":\"es-ES\"},{\"@type\":\"Person\",\"@id\":\"https:\/\/www.welovecycling.com\/es\/#\/schema\/person\/deb61715b5812698ee79fb96f343ccd4\",\"name\":\"We Love Cycling Spain\",\"image\":{\"@type\":\"ImageObject\",\"inLanguage\":\"es-ES\",\"@id\":\"https:\/\/www.welovecycling.com\/es\/#\/schema\/person\/image\/\",\"url\":\"https:\/\/secure.gravatar.com\/avatar\/c824b04e6df0e37a03219d0b6481672889df542894588964102459e46513159c?s=96&d=mm&r=g\",\"contentUrl\":\"https:\/\/secure.gravatar.com\/avatar\/c824b04e6df0e37a03219d0b6481672889df542894588964102459e46513159c?s=96&d=mm&r=g\",\"caption\":\"We Love Cycling Spain\"},\"url\":\"https:\/\/www.welovecycling.com\/es\/author\/amunoz\/\"}]}<\/script>\n<!-- \/ Yoast SEO Premium plugin. -->","yoast_head_json":{"title":"Errores de entrenamiento ciclista de inicio de temporada \u2013 Comparaciones","description":"Errores de entrenamiento ciclista de inicio de temporada. Compararse demasiado con lo que hiciste otros a\u00f1os y con otros ciclistas.","robots":{"index":"index","follow":"follow","max-snippet":"max-snippet:-1","max-image-preview":"max-image-preview:large","max-video-preview":"max-video-preview:-1"},"canonical":"https:\/\/www.welovecycling.com\/es\/2021\/03\/11\/errores-de-entrenamiento-ciclista-inicio-de-temporada\/","og_locale":"es_ES","og_type":"article","og_title":"Errores de entrenamiento ciclista de inicio de temporada","og_description":"Errores de entrenamiento ciclista de inicio de temporada. Compararse demasiado con lo que hiciste otros a\u00f1os y con otros ciclistas.","og_url":"https:\/\/www.welovecycling.com\/es\/2021\/03\/11\/errores-de-entrenamiento-ciclista-inicio-de-temporada\/","og_site_name":"\u0160koda We Love Cycling - Spain","article_published_time":"2021-03-11T10:42:03+00:00","og_image":[{"width":1366,"height":600,"url":"https:\/\/d2p6e6u75xmxt8.cloudfront.net\/6\/2021\/03\/Cyclists-friends-road-pexels-pavel-danilyuk-5807629-CVR.jpg","type":"image\/jpeg"}],"author":"We Love Cycling Spain","twitter_card":"summary_large_image","twitter_title":"Errores de entrenamiento ciclista de inicio de temporada","twitter_description":"Errores de entrenamiento ciclista de inicio de temporada. Compararse demasiado con lo que hiciste otros a\u00f1os y con otros ciclistas.","twitter_misc":{"Written by":"Jiri Kaloc","Est. reading time":"6"},"schema":{"@context":"https:\/\/schema.org","@graph":[{"@type":"WebPage","@id":"https:\/\/www.welovecycling.com\/es\/2021\/03\/11\/errores-de-entrenamiento-ciclista-inicio-de-temporada\/","url":"https:\/\/www.welovecycling.com\/es\/2021\/03\/11\/errores-de-entrenamiento-ciclista-inicio-de-temporada\/","name":"Errores de entrenamiento ciclista de inicio de temporada \u2013 Comparaciones","isPartOf":{"@id":"https:\/\/www.welovecycling.com\/es\/#website"},"primaryImageOfPage":{"@id":"https:\/\/www.welovecycling.com\/es\/2021\/03\/11\/errores-de-entrenamiento-ciclista-inicio-de-temporada\/#primaryimage"},"image":{"@id":"https:\/\/www.welovecycling.com\/es\/2021\/03\/11\/errores-de-entrenamiento-ciclista-inicio-de-temporada\/#primaryimage"},"thumbnailUrl":"https:\/\/d2p6e6u75xmxt8.cloudfront.net\/6\/2021\/03\/Cyclists-friends-road-pexels-pavel-danilyuk-5807629-CVR.jpg","datePublished":"2021-03-11T10:42:03+00:00","author":{"@id":"https:\/\/www.welovecycling.com\/es\/#\/schema\/person\/deb61715b5812698ee79fb96f343ccd4"},"description":"Errores de entrenamiento ciclista de inicio de temporada. Compararse demasiado con lo que hiciste otros a\u00f1os y con otros ciclistas.","breadcrumb":{"@id":"https:\/\/www.welovecycling.com\/es\/2021\/03\/11\/errores-de-entrenamiento-ciclista-inicio-de-temporada\/#breadcrumb"},"inLanguage":"es-ES","potentialAction":[{"@type":"ReadAction","target":["https:\/\/www.welovecycling.com\/es\/2021\/03\/11\/errores-de-entrenamiento-ciclista-inicio-de-temporada\/"]}]},{"@type":"ImageObject","inLanguage":"es-ES","@id":"https:\/\/www.welovecycling.com\/es\/2021\/03\/11\/errores-de-entrenamiento-ciclista-inicio-de-temporada\/#primaryimage","url":"https:\/\/d2p6e6u75xmxt8.cloudfront.net\/6\/2021\/03\/Cyclists-friends-road-pexels-pavel-danilyuk-5807629-CVR.jpg","contentUrl":"https:\/\/d2p6e6u75xmxt8.cloudfront.net\/6\/2021\/03\/Cyclists-friends-road-pexels-pavel-danilyuk-5807629-CVR.jpg","width":1366,"height":600,"caption":"Three cyclists"},{"@type":"BreadcrumbList","@id":"https:\/\/www.welovecycling.com\/es\/2021\/03\/11\/errores-de-entrenamiento-ciclista-inicio-de-temporada\/#breadcrumb","itemListElement":[{"@type":"ListItem","position":1,"name":"Home","item":"https:\/\/www.welovecycling.com\/es\/"},{"@type":"ListItem","position":2,"name":"Errores de entrenamiento ciclista de inicio de temporada \u2013 Comparaciones"}]},{"@type":"WebSite","@id":"https:\/\/www.welovecycling.com\/es\/#website","url":"https:\/\/www.welovecycling.com\/es\/","name":"\u0160koda We Love Cycling - Spain","description":"\u0160koda WeLoveCycling Spain","potentialAction":[{"@type":"SearchAction","target":{"@type":"EntryPoint","urlTemplate":"https:\/\/www.welovecycling.com\/es\/?s={search_term_string}"},"query-input":{"@type":"PropertyValueSpecification","valueRequired":true,"valueName":"search_term_string"}}],"inLanguage":"es-ES"},{"@type":"Person","@id":"https:\/\/www.welovecycling.com\/es\/#\/schema\/person\/deb61715b5812698ee79fb96f343ccd4","name":"We Love Cycling Spain","image":{"@type":"ImageObject","inLanguage":"es-ES","@id":"https:\/\/www.welovecycling.com\/es\/#\/schema\/person\/image\/","url":"https:\/\/secure.gravatar.com\/avatar\/c824b04e6df0e37a03219d0b6481672889df542894588964102459e46513159c?s=96&d=mm&r=g","contentUrl":"https:\/\/secure.gravatar.com\/avatar\/c824b04e6df0e37a03219d0b6481672889df542894588964102459e46513159c?s=96&d=mm&r=g","caption":"We Love Cycling Spain"},"url":"https:\/\/www.welovecycling.com\/es\/author\/amunoz\/"}]}},"_links":{"self":[{"href":"https:\/\/www.welovecycling.com\/es\/wp-json\/wp\/v2\/posts\/7320","targetHints":{"allow":["GET"]}}],"collection":[{"href":"https:\/\/www.welovecycling.com\/es\/wp-json\/wp\/v2\/posts"}],"about":[{"href":"https:\/\/www.welovecycling.com\/es\/wp-json\/wp\/v2\/types\/post"}],"author":[{"embeddable":true,"href":"https:\/\/www.welovecycling.com\/es\/wp-json\/wp\/v2\/users\/29"}],"replies":[{"embeddable":true,"href":"https:\/\/www.welovecycling.com\/es\/wp-json\/wp\/v2\/comments?post=7320"}],"version-history":[{"count":2,"href":"https:\/\/www.welovecycling.com\/es\/wp-json\/wp\/v2\/posts\/7320\/revisions"}],"predecessor-version":[{"id":7325,"href":"https:\/\/www.welovecycling.com\/es\/wp-json\/wp\/v2\/posts\/7320\/revisions\/7325"}],"wp:featuredmedia":[{"embeddable":true,"href":"https:\/\/www.welovecycling.com\/es\/wp-json\/wp\/v2\/media\/7324"}],"wp:attachment":[{"href":"https:\/\/www.welovecycling.com\/es\/wp-json\/wp\/v2\/media?parent=7320"}],"wp:term":[{"taxonomy":"category","embeddable":true,"href":"https:\/\/www.welovecycling.com\/es\/wp-json\/wp\/v2\/categories?post=7320"},{"taxonomy":"post_tag","embeddable":true,"href":"https:\/\/www.welovecycling.com\/es\/wp-json\/wp\/v2\/tags?post=7320"},{"taxonomy":"global-categories","embeddable":true,"href":"https:\/\/www.welovecycling.com\/es\/wp-json\/wp\/v2\/global-categories?post=7320"}],"curies":[{"name":"wp","href":"https:\/\/api.w.org\/{rel}","templated":true}]}}