{"id":7311,"date":"2021-03-08T20:39:18","date_gmt":"2021-03-08T18:39:18","guid":{"rendered":"https:\/\/www.welovecycling.com\/es\/?p=7311"},"modified":"2021-03-06T22:16:37","modified_gmt":"2021-03-06T20:16:37","slug":"fotos-videos-rutas-ciclistas","status":"publish","type":"post","link":"https:\/\/www.welovecycling.com\/es\/2021\/03\/08\/fotos-videos-rutas-ciclistas\/","title":{"rendered":"C\u00f3mo hacer fotos y v\u00eddeos de tus rutas ciclistas"},"content":{"rendered":"<p><strong>Me encanta capturar con fotos y v\u00eddeos mis rutas ciclistas. A veces lo hago por trabajo y otras por diversi\u00f3n, pero nunca salgo de casa sin un medio para grabar mi aventura. Cargar con un peso extra me impedir\u00eda divertirme en la bicicleta, as\u00ed que se me ocurrieron algunas soluciones estupendas para viajar con poco peso sin comprometer la calidad del v\u00eddeo.<\/strong><\/p>\n<p><!--more--><\/p>\n<p>Viajar y <a href=\"https:\/\/www.welovecycling.com\/es\/2021\/01\/31\/equipaje-basico-para-rutas-bikepacking\/\">viajar en bicicleta<\/a> es una cuesti\u00f3n de ligereza, as\u00ed que cuando se trata de fotografiar y grabar sobre la marcha mis rutas ciclistas, siempre me pregunto primero qu\u00e9 v\u00eddeo voy a hacer para ayudarme a elegir el equipo adecuado para la tarea. A medida que la tecnolog\u00eda avanza, hay cada vez m\u00e1s opciones ligeras que hay que tener en cuenta, por lo que puede ser bastante abrumador. Resumir\u00e9 las distintas opciones y luego repasar\u00e9 los diferentes equipos que llevo en mis aventuras.<\/p>\n<p><strong>C\u00e1maras de acci\u00f3n:<\/strong> los modelos m\u00e1s recientes de estos peque\u00f1os compa\u00f1eros de viaje vienen con una serie de funciones incre\u00edbles, y la calidad de v\u00eddeo es extraordinaria. GoPro o DJI han conseguido dotar a sus c\u00e1maras de acci\u00f3n de una calidad de v\u00eddeo de 4k y 60 fps (<a href=\"https:\/\/gopro.com\/\">la Gopro 9<\/a> tiene incluso 5k), estabilizaci\u00f3n de imagen en el cuerpo y una enorme variedad de soportes que se pueden pegar, atornillar o sujetar a pr\u00e1cticamente cualquier cosa, lo que las convierte en la mejor opci\u00f3n para grabar v\u00eddeos con manos libres y \u00e1ngulos inusuales. Son muy robustas y resistentes al agua, por lo que no tendr\u00e1s que preocuparte por las condiciones meteorol\u00f3gicas en tus viajes<\/p>\n<div id='gallery-1' class='gallery galleryid-7311 gallery-columns-2 gallery-size-large'><figure class='gallery-item'>\n\t\t\t<div class='gallery-icon landscape'>\n\t\t\t\t<a href='https:\/\/d2p6e6u75xmxt8.cloudfront.net\/6\/2021\/03\/GoPro.jpg'><img loading=\"lazy\" decoding=\"async\" width=\"1012\" height=\"722\" src=\"https:\/\/d2p6e6u75xmxt8.cloudfront.net\/6\/2021\/03\/GoPro.jpg\" class=\"attachment-large size-large\" alt=\"\" srcset=\"https:\/\/d2p6e6u75xmxt8.cloudfront.net\/6\/2021\/03\/GoPro.jpg 1012w, https:\/\/d2p6e6u75xmxt8.cloudfront.net\/6\/2021\/03\/GoPro-300x214.jpg 300w, https:\/\/d2p6e6u75xmxt8.cloudfront.net\/6\/2021\/03\/GoPro-768x548.jpg 768w\" sizes=\"auto, (max-width: 1012px) 100vw, 1012px\" \/><\/a>\n\t\t\t<\/div><\/figure><figure class='gallery-item'>\n\t\t\t<div class='gallery-icon landscape'>\n\t\t\t\t<a href='https:\/\/d2p6e6u75xmxt8.cloudfront.net\/6\/2021\/03\/Osmo_1.jpg'><img loading=\"lazy\" decoding=\"async\" width=\"1022\" height=\"681\" src=\"https:\/\/d2p6e6u75xmxt8.cloudfront.net\/6\/2021\/03\/Osmo_1.jpg\" class=\"attachment-large size-large\" alt=\"\" srcset=\"https:\/\/d2p6e6u75xmxt8.cloudfront.net\/6\/2021\/03\/Osmo_1.jpg 1022w, https:\/\/d2p6e6u75xmxt8.cloudfront.net\/6\/2021\/03\/Osmo_1-300x200.jpg 300w, https:\/\/d2p6e6u75xmxt8.cloudfront.net\/6\/2021\/03\/Osmo_1-768x512.jpg 768w, https:\/\/d2p6e6u75xmxt8.cloudfront.net\/6\/2021\/03\/Osmo_1-272x182.jpg 272w\" sizes=\"auto, (max-width: 1022px) 100vw, 1022px\" \/><\/a>\n\t\t\t<\/div><\/figure>\n\t\t<\/div>\n\n<p><em>Las dos c\u00e1maras de acci\u00f3n DJI Osmo u GoPro<\/em><\/p>\n<p><strong>C\u00e1mara del m\u00f3vil <\/strong>&#8211; Las c\u00e1maras de nuestros tel\u00e9fonos mejoran cada a\u00f1o. Hoy en d\u00eda es casi imposible tener un tel\u00e9fono sin c\u00e1mara. Los nuevos tel\u00e9fonos (en el momento en que sali\u00f3 este art\u00edculo) pueden incluso grabar en 8k, a 60fps y tienen una variedad de lentes que van desde el ultra gran angular hasta el teleobjetivo, lo cual es una locura, teniendo en cuenta que lo llevas en el bolsillo. La estabilizaci\u00f3n de la imagen en los tel\u00e9fonos es bastante decente, pero para sacar el m\u00e1ximo provecho de sus tomas, yo sugerir\u00eda conseguir un gimbal (palo selfie). La mayor ventaja de fotografiar con un tel\u00e9fono es que probablemente ya tienes uno, as\u00ed que puedes empezar de inmediato. Yo personalmente tengo un iPhone 11. Los contras son que la calidad de imagen a\u00fan no es magn\u00edfica, especialmente cuando la luz no es buena, y que hay un espacio de almacenamiento limitado en la mayor\u00eda de los tel\u00e9fonos m\u00e1s nuevos, ya que no hay ranuras micro-SD. Una gran alternativa para esto es el <a href=\"https:\/\/www.dji.com\/cz\/osmo-pocket\">DJI Osmo Pocket<\/a>, que ofrece un card\u00e1n incorporado, una gran calidad de v\u00eddeo y una ranura para tarjetas micro-SD.<a href=\"https:\/\/d2p6e6u75xmxt8.cloudfront.net\/6\/2021\/03\/pexels-pok-rie-4334162.jpg\"><img loading=\"lazy\" decoding=\"async\" class=\"wp-image-7312 size-full\" src=\"https:\/\/d2p6e6u75xmxt8.cloudfront.net\/6\/2021\/03\/pexels-pok-rie-4334162.jpg\" alt=\"Phone and DJI\" width=\"1022\" height=\"678\" srcset=\"https:\/\/d2p6e6u75xmxt8.cloudfront.net\/6\/2021\/03\/pexels-pok-rie-4334162.jpg 1022w, https:\/\/d2p6e6u75xmxt8.cloudfront.net\/6\/2021\/03\/pexels-pok-rie-4334162-300x199.jpg 300w, https:\/\/d2p6e6u75xmxt8.cloudfront.net\/6\/2021\/03\/pexels-pok-rie-4334162-768x509.jpg 768w\" sizes=\"auto, (max-width: 1022px) 100vw, 1022px\" \/><\/a><\/p>\n<p>Un tel\u00e9fono y la\u00a0 DJI Osmo Pocket.&nbsp;<\/p>\n<p><strong>C\u00e1maras DSLR\/Sin espejo\/C\u00e1maras digitales compactas &#8211; <\/strong>Sin entrar en el detalle de c\u00f3mo se comparan estas dos, prefiero las c\u00e1maras sin espejo por su portabilidad. Son m\u00e1s peque\u00f1as y ligeras que las DSLR y ofrecen una calidad de v\u00eddeo incre\u00edble. Los \u00faltimos a\u00f1os han sido enormes para las c\u00e1maras sin espejo, con <a href=\"https:\/\/www.sony.com\/electronics\/interchangeable-lens-camera-products\/t\/interchangeable-lens-cameras\">Sony<\/a> y <a href=\"https:\/\/shop.panasonic.com\/cameras-and-camcorders\/cameras\">Panasonic<\/a> llevando el juego al siguiente nivel. La mayor ventaja de las c\u00e1maras es la calidad de imagen, ya que el cielo es el l\u00edmite hoy en d\u00eda, y los objetivos intercambiables ofrecen una gran flexibilidad. Las c\u00e1maras de apuntar y disparar (o digitales compactas) tambi\u00e9n son incre\u00edbles por su portabilidad, pero no tienen objetivos intercambiables, lo cual es un gran problema para m\u00ed.<strong><\/p>\n<p><\/strong><\/p>\n<div id='gallery-2' class='gallery galleryid-7311 gallery-columns-2 gallery-size-large'><figure class='gallery-item'>\n\t\t\t<div class='gallery-icon landscape'>\n\t\t\t\t<a href='https:\/\/d2p6e6u75xmxt8.cloudfront.net\/6\/2021\/03\/pexels-aayush-aggarwal-4278673-1.jpg'><img loading=\"lazy\" decoding=\"async\" width=\"1022\" height=\"681\" src=\"https:\/\/d2p6e6u75xmxt8.cloudfront.net\/6\/2021\/03\/pexels-aayush-aggarwal-4278673-1.jpg\" class=\"attachment-large size-large\" alt=\"\" srcset=\"https:\/\/d2p6e6u75xmxt8.cloudfront.net\/6\/2021\/03\/pexels-aayush-aggarwal-4278673-1.jpg 1022w, https:\/\/d2p6e6u75xmxt8.cloudfront.net\/6\/2021\/03\/pexels-aayush-aggarwal-4278673-1-300x200.jpg 300w, https:\/\/d2p6e6u75xmxt8.cloudfront.net\/6\/2021\/03\/pexels-aayush-aggarwal-4278673-1-768x512.jpg 768w, https:\/\/d2p6e6u75xmxt8.cloudfront.net\/6\/2021\/03\/pexels-aayush-aggarwal-4278673-1-272x182.jpg 272w\" sizes=\"auto, (max-width: 1022px) 100vw, 1022px\" \/><\/a>\n\t\t\t<\/div><\/figure><figure class='gallery-item'>\n\t\t\t<div class='gallery-icon landscape'>\n\t\t\t\t<a href='https:\/\/d2p6e6u75xmxt8.cloudfront.net\/6\/2021\/03\/amjith-s-LSaV-EMVjWQ-unsplash.jpg'><img loading=\"lazy\" decoding=\"async\" width=\"1022\" height=\"575\" src=\"https:\/\/d2p6e6u75xmxt8.cloudfront.net\/6\/2021\/03\/amjith-s-LSaV-EMVjWQ-unsplash.jpg\" class=\"attachment-large size-large\" alt=\"\" srcset=\"https:\/\/d2p6e6u75xmxt8.cloudfront.net\/6\/2021\/03\/amjith-s-LSaV-EMVjWQ-unsplash.jpg 1022w, https:\/\/d2p6e6u75xmxt8.cloudfront.net\/6\/2021\/03\/amjith-s-LSaV-EMVjWQ-unsplash-300x169.jpg 300w, https:\/\/d2p6e6u75xmxt8.cloudfront.net\/6\/2021\/03\/amjith-s-LSaV-EMVjWQ-unsplash-768x432.jpg 768w\" sizes=\"auto, (max-width: 1022px) 100vw, 1022px\" \/><\/a>\n\t\t\t<\/div><\/figure>\n\t\t<\/div>\n\n<p>(<em>Sony Alpha series y Panasonic Lumix series unas grandes c\u00e1maras digitales)<\/em><\/p>\n<p><strong>Objetivos <\/strong>&#8211; Los objetivos son una lata de gusanos en s\u00ed mismos. En mi experiencia, siempre se necesita el objetivo que no se ha tra\u00eddo, pero llevar varios es un dolor. Yo suelo quedarme con uno solo que tenga el mayor rango focal (el objetivo perezoso). Pero siempre existe la opci\u00f3n de llevarlos todos, sacrificando un poco la ligereza de tu configuraci\u00f3n, y tener una hermosa gama de tomas desde el gran angular hasta el teleobjetivo.<\/p>\n<figure id=\"attachment_7313\" aria-describedby=\"caption-attachment-7313\" style=\"width: 1022px\" class=\"wp-caption alignnone\"><a href=\"https:\/\/d2p6e6u75xmxt8.cloudfront.net\/6\/2021\/03\/Filippo-1.jpg\"><img loading=\"lazy\" decoding=\"async\" class=\"wp-image-7313 size-full\" src=\"https:\/\/d2p6e6u75xmxt8.cloudfront.net\/6\/2021\/03\/Filippo-1.jpg\" alt=\"Man with a camera\" width=\"1022\" height=\"749\" srcset=\"https:\/\/d2p6e6u75xmxt8.cloudfront.net\/6\/2021\/03\/Filippo-1.jpg 1022w, https:\/\/d2p6e6u75xmxt8.cloudfront.net\/6\/2021\/03\/Filippo-1-300x220.jpg 300w, https:\/\/d2p6e6u75xmxt8.cloudfront.net\/6\/2021\/03\/Filippo-1-768x563.jpg 768w\" sizes=\"auto, (max-width: 1022px) 100vw, 1022px\" \/><\/a><figcaption id=\"caption-attachment-7313\" class=\"wp-caption-text\">Canon 24-70mm montado con una Lumix GX9\u00a0 &#8211; el rango focal lo convierte en un gran objetivo polivalente.<\/figcaption><\/figure>\n<p><strong><br \/>\nGimbals \/ Tripodes \/ Palos de Selfie <\/strong>&#8211; La estabilizaci\u00f3n en el cuerpo de las c\u00e1maras actuales, los tel\u00e9fonos y las c\u00e1maras de acci\u00f3n es incre\u00edble, pero nunca hay suficiente estabilizaci\u00f3n si quieres rodar esa pel\u00edcula cinematogr\u00e1fica en bicicleta. Es entonces cuando entran en juego las Steadicams y los cardanes. Los cardanes son electr\u00f3nicos y los Steadicams mec\u00e1nicos. Yo me quedo con la Steadicam la mayor parte del tiempo en mis viajes porque no es tan vulnerable a la lluvia como los cardanes, y no tienes que cargarla, as\u00ed que puedes dejar un cable m\u00e1s en casa.<\/p>\n<p>Los tr\u00edpodes son incre\u00edbles cuando viajas solo y quieres hacerte algunas fotos con la c\u00e1mara. El minimalismo es la clave aqu\u00ed, ya que los tr\u00edpodes son muy voluminosos. Yo recomendar\u00eda generalmente ir con el <a href=\"https:\/\/joby.com\/global\/gorillapod\/\">Joby Gorillapod.<\/a> Puedes elegir el tama\u00f1o adecuado para la c\u00e1mara que lleves contigo, ya sea una GoPro o una DSLR de tama\u00f1o completo, y puedes acoplarlo literalmente a cualquier cosa.\u00a0Cuando s\u00f3lo uso un tel\u00e9fono, tengo un <a href=\"http:\/\/www.baseus.com\/product-474.html?lang=en-us\">palo de selfie<\/a> que tambi\u00e9n funciona como tr\u00edpode.<\/p>\n<figure id=\"attachment_7314\" aria-describedby=\"caption-attachment-7314\" style=\"width: 960px\" class=\"wp-caption alignnone\"><a href=\"https:\/\/d2p6e6u75xmxt8.cloudfront.net\/6\/2021\/03\/Gorillapod.jpg\"><img loading=\"lazy\" decoding=\"async\" class=\"size-full wp-image-7314\" src=\"https:\/\/d2p6e6u75xmxt8.cloudfront.net\/6\/2021\/03\/Gorillapod.jpg\" alt=\"Joby Gorillapod\" width=\"960\" height=\"821\" srcset=\"https:\/\/d2p6e6u75xmxt8.cloudfront.net\/6\/2021\/03\/Gorillapod.jpg 960w, https:\/\/d2p6e6u75xmxt8.cloudfront.net\/6\/2021\/03\/Gorillapod-300x257.jpg 300w, https:\/\/d2p6e6u75xmxt8.cloudfront.net\/6\/2021\/03\/Gorillapod-768x657.jpg 768w\" sizes=\"auto, (max-width: 960px) 100vw, 960px\" \/><\/a><figcaption id=\"caption-attachment-7314\" class=\"wp-caption-text\">Joby Gorillapod &#8211; como puedes ver, tiene una flexibilidad incre\u00edble.<\/figcaption><\/figure>\n<p><strong><br \/>\nDrones <\/strong>&#8211; Los drones llevan la experiencia cinematogr\u00e1fica al siguiente nivel. Es incre\u00edble la calidad que encierran estas peque\u00f1as c\u00e1maras voladoras. DJI es la empresa l\u00edder en este \u00e1mbito con su <a href=\"https:\/\/www.dji.com\/cz\/mavic-air-2\">Mavic Air 2<\/a>, <a href=\"https:\/\/www.dji.com\/cz\/mavic-mini\">Mavic Mini<\/a> o incluso <a href=\"https:\/\/www.dji.com\/cz\/mavic-2\">Mavic 2<\/a>, todos ellos supercompactos y con una calidad de v\u00eddeo y unas caracter\u00edsticas incre\u00edbles. Incluso hay drones m\u00e1s peque\u00f1os que pr\u00e1cticamente caben en el bolsillo.<\/p>\n<p><a href=\"https:\/\/d2p6e6u75xmxt8.cloudfront.net\/2\/2021\/03\/Drone.jpg\"><img loading=\"lazy\" decoding=\"async\" class=\"alignnone size-large wp-image-7315\" src=\"https:\/\/d2p6e6u75xmxt8.cloudfront.net\/6\/2021\/03\/Drone-1024x683.jpg\" alt=\"DJI Drone\" width=\"1024\" height=\"683\" srcset=\"https:\/\/d2p6e6u75xmxt8.cloudfront.net\/6\/2021\/03\/Drone-1024x683.jpg 1024w, https:\/\/d2p6e6u75xmxt8.cloudfront.net\/6\/2021\/03\/Drone-300x200.jpg 300w, https:\/\/d2p6e6u75xmxt8.cloudfront.net\/6\/2021\/03\/Drone-768x512.jpg 768w, https:\/\/d2p6e6u75xmxt8.cloudfront.net\/6\/2021\/03\/Drone-272x182.jpg 272w, https:\/\/d2p6e6u75xmxt8.cloudfront.net\/6\/2021\/03\/Drone.jpg 1200w\" sizes=\"auto, (max-width: 1024px) 100vw, 1024px\" \/><\/a><\/p>\n<p><strong>Micr\u00f3fonos <\/strong>&#8211; Para el iPhone, hay una gran variedad de micr\u00f3fonos de ca\u00f1\u00f3n &#8211; Yo tengo el <a href=\"https:\/\/rode.com\/microphones\/videomicmel\">VideoMic Me-L<\/a>. Para c\u00e1maras m\u00e1s grandes, tengo el <a href=\"http:\/\/www.rode.com\/microphones\/videomic\">Rode VideoMic<\/a>, y si quieres tener audio externo junto con una gran locuci\u00f3n, entonces la mejor opci\u00f3n es un<a href=\"http:\/\/www.rode.com\/microphones\/lavalier\"> micr\u00f3fono de solapa<\/a> con <a href=\"https:\/\/zoomcorp.com\/en\/de\/handheld-recorders\/\">grabador<\/a> de mano.<\/p>\n<div id='gallery-3' class='gallery galleryid-7311 gallery-columns-3 gallery-size-large'><figure class='gallery-item'>\n\t\t\t<div class='gallery-icon landscape'>\n\t\t\t\t<a href='https:\/\/d2p6e6u75xmxt8.cloudfront.net\/6\/2021\/03\/1-scaled.jpg'><img loading=\"lazy\" decoding=\"async\" width=\"1024\" height=\"683\" src=\"https:\/\/d2p6e6u75xmxt8.cloudfront.net\/6\/2021\/03\/1-scaled-1024x683.jpg\" class=\"attachment-large size-large\" alt=\"\" srcset=\"https:\/\/d2p6e6u75xmxt8.cloudfront.net\/6\/2021\/03\/1-scaled-1024x683.jpg 1024w, https:\/\/d2p6e6u75xmxt8.cloudfront.net\/6\/2021\/03\/1-scaled-300x200.jpg 300w, https:\/\/d2p6e6u75xmxt8.cloudfront.net\/6\/2021\/03\/1-scaled-768x512.jpg 768w, https:\/\/d2p6e6u75xmxt8.cloudfront.net\/6\/2021\/03\/1-scaled-1536x1024.jpg 1536w, https:\/\/d2p6e6u75xmxt8.cloudfront.net\/6\/2021\/03\/1-scaled-2048x1366.jpg 2048w, https:\/\/d2p6e6u75xmxt8.cloudfront.net\/6\/2021\/03\/1-scaled-1920x1280.jpg 1920w, https:\/\/d2p6e6u75xmxt8.cloudfront.net\/6\/2021\/03\/1-scaled-272x182.jpg 272w, https:\/\/d2p6e6u75xmxt8.cloudfront.net\/6\/2021\/03\/1-scaled-1920x1280.jpg 1920w\" sizes=\"auto, (max-width: 1024px) 100vw, 1024px\" \/><\/a>\n\t\t\t<\/div><\/figure><figure class='gallery-item'>\n\t\t\t<div class='gallery-icon landscape'>\n\t\t\t\t<a href='https:\/\/d2p6e6u75xmxt8.cloudfront.net\/6\/2021\/03\/2.jpg'><img loading=\"lazy\" decoding=\"async\" width=\"1024\" height=\"575\" src=\"https:\/\/d2p6e6u75xmxt8.cloudfront.net\/6\/2021\/03\/2-1024x575.jpg\" class=\"attachment-large size-large\" alt=\"\" srcset=\"https:\/\/d2p6e6u75xmxt8.cloudfront.net\/6\/2021\/03\/2-1024x575.jpg 1024w, https:\/\/d2p6e6u75xmxt8.cloudfront.net\/6\/2021\/03\/2-300x168.jpg 300w, https:\/\/d2p6e6u75xmxt8.cloudfront.net\/6\/2021\/03\/2-768x431.jpg 768w, https:\/\/d2p6e6u75xmxt8.cloudfront.net\/6\/2021\/03\/2-1536x862.jpg 1536w, https:\/\/d2p6e6u75xmxt8.cloudfront.net\/6\/2021\/03\/2.jpg 1920w\" sizes=\"auto, (max-width: 1024px) 100vw, 1024px\" \/><\/a>\n\t\t\t<\/div><\/figure><figure class='gallery-item'>\n\t\t\t<div class='gallery-icon landscape'>\n\t\t\t\t<a href='https:\/\/d2p6e6u75xmxt8.cloudfront.net\/6\/2021\/03\/3.jpg'><img loading=\"lazy\" decoding=\"async\" width=\"1022\" height=\"681\" src=\"https:\/\/d2p6e6u75xmxt8.cloudfront.net\/6\/2021\/03\/3.jpg\" class=\"attachment-large size-large\" alt=\"\" srcset=\"https:\/\/d2p6e6u75xmxt8.cloudfront.net\/6\/2021\/03\/3.jpg 1022w, https:\/\/d2p6e6u75xmxt8.cloudfront.net\/6\/2021\/03\/3-300x200.jpg 300w, https:\/\/d2p6e6u75xmxt8.cloudfront.net\/6\/2021\/03\/3-768x512.jpg 768w, https:\/\/d2p6e6u75xmxt8.cloudfront.net\/6\/2021\/03\/3-272x182.jpg 272w\" sizes=\"auto, (max-width: 1022px) 100vw, 1022px\" \/><\/a>\n\t\t\t<\/div><\/figure>\n\t\t<\/div>\n\n<p><strong>Almacenacimiento y accesorios <\/strong>&#8211; No importa cu\u00e1l sea tu configuraci\u00f3n de v\u00eddeo, aseg\u00farate de llevar suficientes bater\u00edas o un banco de energ\u00eda fuerte, y un mont\u00f3n de tarjetas SD.<\/p>\n","protected":false},"excerpt":{"rendered":"<p>Me encanta capturar con fotos y v\u00eddeos mis rutas ciclistas. A veces lo hago por trabajo y otras por diversi\u00f3n, [&hellip;]<\/p>\n","protected":false},"author":29,"featured_media":7317,"comment_status":"open","ping_status":"open","sticky":false,"template":"","format":"standard","meta":{"footnotes":""},"categories":[9],"tags":[],"global-categories":[],"class_list":["post-7311","post","type-post","status-publish","format-standard","has-post-thumbnail","hentry","category-mtb-aventura"],"yoast_head":"<!-- This site is optimized with the Yoast SEO Premium plugin v25.3 (Yoast SEO v25.9) - https:\/\/yoast.com\/wordpress\/plugins\/seo\/ -->\n<title>C\u00f3mo hacer fotos y v\u00eddeos de tus rutas ciclistas - \u0160koda We Love Cycling - Spain<\/title>\n<meta name=\"description\" content=\"C\u00f3mo hacer fotos y v\u00eddeos de tus rutas ciclistas. C\u00e1maras, gopro, drones, c\u00e1maras de tel\u00e9fono, micr\u00f3fonos... todo lo que necesitas.\" \/>\n<meta name=\"robots\" content=\"index, follow, max-snippet:-1, max-image-preview:large, max-video-preview:-1\" \/>\n<link rel=\"canonical\" href=\"https:\/\/www.welovecycling.com\/es\/2021\/03\/08\/fotos-videos-rutas-ciclistas\/\" \/>\n<meta property=\"og:locale\" content=\"es_ES\" \/>\n<meta property=\"og:type\" content=\"article\" \/>\n<meta property=\"og:title\" content=\"C\u00f3mo hacer fotos y v\u00eddeos de tus rutas ciclistas\" \/>\n<meta property=\"og:description\" content=\"C\u00f3mo hacer fotos y v\u00eddeos de tus rutas ciclistas. C\u00e1maras, gopro, drones, c\u00e1maras de tel\u00e9fono, micr\u00f3fonos... todo lo que necesitas.\" \/>\n<meta property=\"og:url\" content=\"https:\/\/www.welovecycling.com\/es\/2021\/03\/08\/fotos-videos-rutas-ciclistas\/\" \/>\n<meta property=\"og:site_name\" content=\"\u0160koda We Love Cycling - Spain\" \/>\n<meta property=\"article:published_time\" content=\"2021-03-08T18:39:18+00:00\" \/>\n<meta property=\"og:image\" content=\"https:\/\/d2p6e6u75xmxt8.cloudfront.net\/6\/2021\/03\/BIKO-crew-CVR.jpg\" \/>\n\t<meta property=\"og:image:width\" content=\"1366\" \/>\n\t<meta property=\"og:image:height\" content=\"600\" \/>\n\t<meta property=\"og:image:type\" content=\"image\/jpeg\" \/>\n<meta name=\"author\" content=\"We Love Cycling Spain\" \/>\n<meta name=\"twitter:card\" content=\"summary_large_image\" \/>\n<meta name=\"twitter:title\" content=\"C\u00f3mo hacer fotos y v\u00eddeos de tus rutas ciclistas\" \/>\n<meta name=\"twitter:description\" content=\"C\u00f3mo hacer fotos y v\u00eddeos de tus rutas ciclistas. C\u00e1maras, gopro, drones, c\u00e1maras de tel\u00e9fono, micr\u00f3fonos... todo lo que necesitas.\" \/>\n<meta name=\"twitter:label1\" content=\"Written by\" \/>\n\t<meta name=\"twitter:data1\" content=\"Filippo Mari\" \/>\n\t<meta name=\"twitter:label2\" content=\"Est. reading time\" \/>\n\t<meta name=\"twitter:data2\" content=\"7\" \/>\n<script type=\"application\/ld+json\" class=\"yoast-schema-graph\">{\"@context\":\"https:\/\/schema.org\",\"@graph\":[{\"@type\":\"WebPage\",\"@id\":\"https:\/\/www.welovecycling.com\/es\/2021\/03\/08\/fotos-videos-rutas-ciclistas\/\",\"url\":\"https:\/\/www.welovecycling.com\/es\/2021\/03\/08\/fotos-videos-rutas-ciclistas\/\",\"name\":\"C\u00f3mo hacer fotos y v\u00eddeos de tus rutas ciclistas - \u0160koda We Love Cycling - Spain\",\"isPartOf\":{\"@id\":\"https:\/\/www.welovecycling.com\/es\/#website\"},\"primaryImageOfPage\":{\"@id\":\"https:\/\/www.welovecycling.com\/es\/2021\/03\/08\/fotos-videos-rutas-ciclistas\/#primaryimage\"},\"image\":{\"@id\":\"https:\/\/www.welovecycling.com\/es\/2021\/03\/08\/fotos-videos-rutas-ciclistas\/#primaryimage\"},\"thumbnailUrl\":\"https:\/\/d2p6e6u75xmxt8.cloudfront.net\/6\/2021\/03\/BIKO-crew-CVR.jpg\",\"datePublished\":\"2021-03-08T18:39:18+00:00\",\"author\":{\"@id\":\"https:\/\/www.welovecycling.com\/es\/#\/schema\/person\/deb61715b5812698ee79fb96f343ccd4\"},\"description\":\"C\u00f3mo hacer fotos y v\u00eddeos de tus rutas ciclistas. C\u00e1maras, gopro, drones, c\u00e1maras de tel\u00e9fono, micr\u00f3fonos... todo lo que necesitas.\",\"breadcrumb\":{\"@id\":\"https:\/\/www.welovecycling.com\/es\/2021\/03\/08\/fotos-videos-rutas-ciclistas\/#breadcrumb\"},\"inLanguage\":\"es-ES\",\"potentialAction\":[{\"@type\":\"ReadAction\",\"target\":[\"https:\/\/www.welovecycling.com\/es\/2021\/03\/08\/fotos-videos-rutas-ciclistas\/\"]}]},{\"@type\":\"ImageObject\",\"inLanguage\":\"es-ES\",\"@id\":\"https:\/\/www.welovecycling.com\/es\/2021\/03\/08\/fotos-videos-rutas-ciclistas\/#primaryimage\",\"url\":\"https:\/\/d2p6e6u75xmxt8.cloudfront.net\/6\/2021\/03\/BIKO-crew-CVR.jpg\",\"contentUrl\":\"https:\/\/d2p6e6u75xmxt8.cloudfront.net\/6\/2021\/03\/BIKO-crew-CVR.jpg\",\"width\":1366,\"height\":600,\"caption\":\"BIKO crew\"},{\"@type\":\"BreadcrumbList\",\"@id\":\"https:\/\/www.welovecycling.com\/es\/2021\/03\/08\/fotos-videos-rutas-ciclistas\/#breadcrumb\",\"itemListElement\":[{\"@type\":\"ListItem\",\"position\":1,\"name\":\"Home\",\"item\":\"https:\/\/www.welovecycling.com\/es\/\"},{\"@type\":\"ListItem\",\"position\":2,\"name\":\"C\u00f3mo hacer fotos y v\u00eddeos de tus rutas ciclistas\"}]},{\"@type\":\"WebSite\",\"@id\":\"https:\/\/www.welovecycling.com\/es\/#website\",\"url\":\"https:\/\/www.welovecycling.com\/es\/\",\"name\":\"\u0160koda We Love Cycling - Spain\",\"description\":\"\u0160koda WeLoveCycling Spain\",\"potentialAction\":[{\"@type\":\"SearchAction\",\"target\":{\"@type\":\"EntryPoint\",\"urlTemplate\":\"https:\/\/www.welovecycling.com\/es\/?s={search_term_string}\"},\"query-input\":{\"@type\":\"PropertyValueSpecification\",\"valueRequired\":true,\"valueName\":\"search_term_string\"}}],\"inLanguage\":\"es-ES\"},{\"@type\":\"Person\",\"@id\":\"https:\/\/www.welovecycling.com\/es\/#\/schema\/person\/deb61715b5812698ee79fb96f343ccd4\",\"name\":\"We Love Cycling Spain\",\"image\":{\"@type\":\"ImageObject\",\"inLanguage\":\"es-ES\",\"@id\":\"https:\/\/www.welovecycling.com\/es\/#\/schema\/person\/image\/\",\"url\":\"https:\/\/secure.gravatar.com\/avatar\/c824b04e6df0e37a03219d0b6481672889df542894588964102459e46513159c?s=96&d=mm&r=g\",\"contentUrl\":\"https:\/\/secure.gravatar.com\/avatar\/c824b04e6df0e37a03219d0b6481672889df542894588964102459e46513159c?s=96&d=mm&r=g\",\"caption\":\"We Love Cycling Spain\"},\"url\":\"https:\/\/www.welovecycling.com\/es\/author\/amunoz\/\"}]}<\/script>\n<!-- \/ Yoast SEO Premium plugin. -->","yoast_head_json":{"title":"C\u00f3mo hacer fotos y v\u00eddeos de tus rutas ciclistas - \u0160koda We Love Cycling - Spain","description":"C\u00f3mo hacer fotos y v\u00eddeos de tus rutas ciclistas. C\u00e1maras, gopro, drones, c\u00e1maras de tel\u00e9fono, micr\u00f3fonos... todo lo que necesitas.","robots":{"index":"index","follow":"follow","max-snippet":"max-snippet:-1","max-image-preview":"max-image-preview:large","max-video-preview":"max-video-preview:-1"},"canonical":"https:\/\/www.welovecycling.com\/es\/2021\/03\/08\/fotos-videos-rutas-ciclistas\/","og_locale":"es_ES","og_type":"article","og_title":"C\u00f3mo hacer fotos y v\u00eddeos de tus rutas ciclistas","og_description":"C\u00f3mo hacer fotos y v\u00eddeos de tus rutas ciclistas. C\u00e1maras, gopro, drones, c\u00e1maras de tel\u00e9fono, micr\u00f3fonos... todo lo que necesitas.","og_url":"https:\/\/www.welovecycling.com\/es\/2021\/03\/08\/fotos-videos-rutas-ciclistas\/","og_site_name":"\u0160koda We Love Cycling - Spain","article_published_time":"2021-03-08T18:39:18+00:00","og_image":[{"width":1366,"height":600,"url":"https:\/\/d2p6e6u75xmxt8.cloudfront.net\/6\/2021\/03\/BIKO-crew-CVR.jpg","type":"image\/jpeg"}],"author":"We Love Cycling Spain","twitter_card":"summary_large_image","twitter_title":"C\u00f3mo hacer fotos y v\u00eddeos de tus rutas ciclistas","twitter_description":"C\u00f3mo hacer fotos y v\u00eddeos de tus rutas ciclistas. C\u00e1maras, gopro, drones, c\u00e1maras de tel\u00e9fono, micr\u00f3fonos... todo lo que necesitas.","twitter_misc":{"Written by":"Filippo Mari","Est. reading time":"7"},"schema":{"@context":"https:\/\/schema.org","@graph":[{"@type":"WebPage","@id":"https:\/\/www.welovecycling.com\/es\/2021\/03\/08\/fotos-videos-rutas-ciclistas\/","url":"https:\/\/www.welovecycling.com\/es\/2021\/03\/08\/fotos-videos-rutas-ciclistas\/","name":"C\u00f3mo hacer fotos y v\u00eddeos de tus rutas ciclistas - \u0160koda We Love Cycling - Spain","isPartOf":{"@id":"https:\/\/www.welovecycling.com\/es\/#website"},"primaryImageOfPage":{"@id":"https:\/\/www.welovecycling.com\/es\/2021\/03\/08\/fotos-videos-rutas-ciclistas\/#primaryimage"},"image":{"@id":"https:\/\/www.welovecycling.com\/es\/2021\/03\/08\/fotos-videos-rutas-ciclistas\/#primaryimage"},"thumbnailUrl":"https:\/\/d2p6e6u75xmxt8.cloudfront.net\/6\/2021\/03\/BIKO-crew-CVR.jpg","datePublished":"2021-03-08T18:39:18+00:00","author":{"@id":"https:\/\/www.welovecycling.com\/es\/#\/schema\/person\/deb61715b5812698ee79fb96f343ccd4"},"description":"C\u00f3mo hacer fotos y v\u00eddeos de tus rutas ciclistas. C\u00e1maras, gopro, drones, c\u00e1maras de tel\u00e9fono, micr\u00f3fonos... todo lo que necesitas.","breadcrumb":{"@id":"https:\/\/www.welovecycling.com\/es\/2021\/03\/08\/fotos-videos-rutas-ciclistas\/#breadcrumb"},"inLanguage":"es-ES","potentialAction":[{"@type":"ReadAction","target":["https:\/\/www.welovecycling.com\/es\/2021\/03\/08\/fotos-videos-rutas-ciclistas\/"]}]},{"@type":"ImageObject","inLanguage":"es-ES","@id":"https:\/\/www.welovecycling.com\/es\/2021\/03\/08\/fotos-videos-rutas-ciclistas\/#primaryimage","url":"https:\/\/d2p6e6u75xmxt8.cloudfront.net\/6\/2021\/03\/BIKO-crew-CVR.jpg","contentUrl":"https:\/\/d2p6e6u75xmxt8.cloudfront.net\/6\/2021\/03\/BIKO-crew-CVR.jpg","width":1366,"height":600,"caption":"BIKO crew"},{"@type":"BreadcrumbList","@id":"https:\/\/www.welovecycling.com\/es\/2021\/03\/08\/fotos-videos-rutas-ciclistas\/#breadcrumb","itemListElement":[{"@type":"ListItem","position":1,"name":"Home","item":"https:\/\/www.welovecycling.com\/es\/"},{"@type":"ListItem","position":2,"name":"C\u00f3mo hacer fotos y v\u00eddeos de tus rutas ciclistas"}]},{"@type":"WebSite","@id":"https:\/\/www.welovecycling.com\/es\/#website","url":"https:\/\/www.welovecycling.com\/es\/","name":"\u0160koda We Love Cycling - Spain","description":"\u0160koda WeLoveCycling Spain","potentialAction":[{"@type":"SearchAction","target":{"@type":"EntryPoint","urlTemplate":"https:\/\/www.welovecycling.com\/es\/?s={search_term_string}"},"query-input":{"@type":"PropertyValueSpecification","valueRequired":true,"valueName":"search_term_string"}}],"inLanguage":"es-ES"},{"@type":"Person","@id":"https:\/\/www.welovecycling.com\/es\/#\/schema\/person\/deb61715b5812698ee79fb96f343ccd4","name":"We Love Cycling Spain","image":{"@type":"ImageObject","inLanguage":"es-ES","@id":"https:\/\/www.welovecycling.com\/es\/#\/schema\/person\/image\/","url":"https:\/\/secure.gravatar.com\/avatar\/c824b04e6df0e37a03219d0b6481672889df542894588964102459e46513159c?s=96&d=mm&r=g","contentUrl":"https:\/\/secure.gravatar.com\/avatar\/c824b04e6df0e37a03219d0b6481672889df542894588964102459e46513159c?s=96&d=mm&r=g","caption":"We Love Cycling Spain"},"url":"https:\/\/www.welovecycling.com\/es\/author\/amunoz\/"}]}},"_links":{"self":[{"href":"https:\/\/www.welovecycling.com\/es\/wp-json\/wp\/v2\/posts\/7311","targetHints":{"allow":["GET"]}}],"collection":[{"href":"https:\/\/www.welovecycling.com\/es\/wp-json\/wp\/v2\/posts"}],"about":[{"href":"https:\/\/www.welovecycling.com\/es\/wp-json\/wp\/v2\/types\/post"}],"author":[{"embeddable":true,"href":"https:\/\/www.welovecycling.com\/es\/wp-json\/wp\/v2\/users\/29"}],"replies":[{"embeddable":true,"href":"https:\/\/www.welovecycling.com\/es\/wp-json\/wp\/v2\/comments?post=7311"}],"version-history":[{"count":2,"href":"https:\/\/www.welovecycling.com\/es\/wp-json\/wp\/v2\/posts\/7311\/revisions"}],"predecessor-version":[{"id":7318,"href":"https:\/\/www.welovecycling.com\/es\/wp-json\/wp\/v2\/posts\/7311\/revisions\/7318"}],"wp:featuredmedia":[{"embeddable":true,"href":"https:\/\/www.welovecycling.com\/es\/wp-json\/wp\/v2\/media\/7317"}],"wp:attachment":[{"href":"https:\/\/www.welovecycling.com\/es\/wp-json\/wp\/v2\/media?parent=7311"}],"wp:term":[{"taxonomy":"category","embeddable":true,"href":"https:\/\/www.welovecycling.com\/es\/wp-json\/wp\/v2\/categories?post=7311"},{"taxonomy":"post_tag","embeddable":true,"href":"https:\/\/www.welovecycling.com\/es\/wp-json\/wp\/v2\/tags?post=7311"},{"taxonomy":"global-categories","embeddable":true,"href":"https:\/\/www.welovecycling.com\/es\/wp-json\/wp\/v2\/global-categories?post=7311"}],"curies":[{"name":"wp","href":"https:\/\/api.w.org\/{rel}","templated":true}]}}