{"id":7298,"date":"2021-03-06T17:29:51","date_gmt":"2021-03-06T15:29:51","guid":{"rendered":"https:\/\/www.welovecycling.com\/es\/?p=7298"},"modified":"2021-03-04T21:01:30","modified_gmt":"2021-03-04T19:01:30","slug":"test-skoda-karoq-sportline-pedaleando-hacia-la-libertad","status":"publish","type":"post","link":"https:\/\/www.welovecycling.com\/es\/2021\/03\/06\/test-skoda-karoq-sportline-pedaleando-hacia-la-libertad\/","title":{"rendered":"Test \u0160koda KAROQ SPORTLINE: Pedaleando hacia la libertad"},"content":{"rendered":"<p><strong>En poco m\u00e1s de cinco minutos todas nuestras bicicletas est\u00e1n montadas en el techo. Adem\u00e1s de las bicicletas, no necesitaremos mucho m\u00e1s: cascos, ropa de ciclismo, una muda de ropa, comida y una tienda de campa\u00f1a en la que pasaremos la noche. Para llegar a las monta\u00f1as, necesitamos un coche m\u00e1s grande pero no demasiado grande; todoterreno pero no del todo todo. As\u00ed, la elecci\u00f3n obvia recay\u00f3 en el \u0160koda KAROQ SPORTLINE.<\/strong><\/p>\n<div class=\"sa-bnr\"><!--more--><\/div>\n<p>Al fin y al cabo, cuatro personas significan un s\u00f3lido mont\u00f3n de equipaje, pero el maletero del \u0160koda KAROQ SPORTLINE puede acomodarlo sin esfuerzo. Despu\u00e9s de la semana de trabajo, todos estamos deseando rodar por las colinas, lugares llenos de senderos y, sobre todo, unos d\u00edas de libertad y desconexi\u00f3n.<\/p>\n<p><a href=\"https:\/\/youtu.be\/nMUqrTOk8Vo\">https:\/\/youtu.be\/nMUqrTOk8Vo<\/a><\/p>\n<figure id=\"attachment_182047\" class=\"wp-caption alignnone\" aria-describedby=\"caption-attachment-182047\">\n<div class=\"mceTemp\"><\/div><figcaption id=\"caption-attachment-182047\" class=\"wp-caption-text\"><\/figcaption><\/figure>\n<h2><strong>Viernes tarde<\/strong><\/h2>\n<p>Es una agradable y soleada tarde de viernes y ninguno de nosotros puede evitar la emoci\u00f3n por la aventura que nos espera. Hacemos estos peque\u00f1os viajes con regularidad. Nos dan la oportunidad de reconectar, respirar libremente durante un rato y sumergirnos en la insustituible sensaci\u00f3n de pedalear en la monta\u00f1a. Sin trabajo, sin preocupaciones, s\u00f3lo nosotros cuatro rodeados de naturaleza.<\/p>\n<p>Anna, que conducir\u00e1, fija nuestro destino en la gran pantalla del salpicadero. A una hora de Praga, llegaremos a una zona monta\u00f1osa de Chequia a la que siempre me ha gustado volver. No soy la \u00fanica: Sofie y David son ciclistas apasionados y, al igual que yo, est\u00e1n ansiosos porque lleguen los senderos de las tierras altas que elegimos este fin de semana. Anna, en cambio, es m\u00e1s bien una entusiasta de los coches y encuentra en el \u0160koda KAROQ el compa\u00f1ero perfecto para llevarnos con seguridad a un fin de semana de pura alegr\u00eda.<\/p>\n<p>&nbsp;<\/p>\n<p><iframe id=\"instagram-embed-0\" class=\"instagram-media instagram-media-rendered\" src=\"https:\/\/www.instagram.com\/p\/CL_2bEAqJ5U\/embed\/captioned\/?cr=1&amp;v=13&amp;wp=500&amp;rd=https%3A%2F%2Fwww.welovecycling.com&amp;rp=%2Fwide%2F2021%2F03%2F04%2Fskoda-karoq-sportline-test-drive-the-car-that-gave-us-freedom%2F#%7B%22ci%22%3A0%2C%22os%22%3A3778.710000013234%7D\" height=\"913\" frameborder=\"0\" scrolling=\"no\" allowfullscreen=\"allowfullscreen\" data-instgrm-payload-id=\"instagram-media-payload-0\"><\/iframe><\/p>\n<p>&nbsp;<\/p>\n<p>El paisaje pasa por detr\u00e1s de las ventanillas y, de vez en cuando, comprobamos las bicicletas sujetas a la baca. Tenemos una gran visi\u00f3n de ellas durante todo el trayecto gracias al magn\u00edfico techo de cristal.<\/p>\n<p>Salimos de la autopista hacia una carretera comarcal con muchas curvas y Anna est\u00e1 visiblemente emocionada por llevar el volante deportivo. Hasta ese momento nos las arregl\u00e1bamos con un coche normal, pero la carretera de asfalto se acaba y nos esperan los \u00faltimos seis kil\u00f3metros por caminos de tierra. Al principio, es s\u00f3lo grava, pero incluso eso da paso gradualmente a grandes piedras planas con mechones de hierba h\u00fameda que crecen a trav\u00e9s, cubriendo grietas profundas. Los grandes neum\u00e1ticos del <strong>\u0160koda KAROQ SPORTLINE<\/strong> ruedan f\u00e1cilmente sobre ellas.<\/p>\n<p>Finalmente, Anna detiene el coche. Ya hemos llegado.<\/p>\n<h2><strong>Viernes noche<\/strong><\/h2>\n<p>Primer paso: montar el campamento. Buscamos el mejor lugar para montar la tienda. David busca un lugar bonito y llano: despu\u00e9s de todo el recorrido que hemos planeado, es imprescindible dormir bien. David y yo nos tumbamos en el suelo y probamos. Todo va bien. Nuestro fuerte est\u00e1 construido, el campamento base est\u00e1 listo. Es hora de hacer una hoguera.<\/p>\n<p>La noche se desarrolla poni\u00e9ndonos al d\u00eda. Todos vivimos en la misma ciudad, pero la vida cotidiana hace que encontrar una cita para quedar sea un poco m\u00e1s dif\u00edcil que cuando \u00e9ramos ni\u00f1os en el mismo colegio. Por otro lado, compartir todas las noticias a granel tiene su magia. Nos vamos a dormir sobre la medianoche.<\/p>\n<figure id=\"attachment_182052\" class=\"wp-caption alignnone\" aria-describedby=\"caption-attachment-182052\">\n<p><figure id=\"attachment_182052\" aria-describedby=\"caption-attachment-182052\" style=\"width: 1024px\" class=\"wp-caption alignnone\"><a class=\"colorbox-initialized cboxElement\" href=\"https:\/\/d2p6e6u75xmxt8.cloudfront.net\/2\/2021\/03\/KAROQ_6.jpg\"><img loading=\"lazy\" decoding=\"async\" class=\"loading wp-image-182052 size-large\" src=\"https:\/\/d2p6e6u75xmxt8.cloudfront.net\/2\/2021\/03\/KAROQ_6-1024x683.jpg\" sizes=\"auto, (max-width: 1024px) 100vw, 1024px\" srcset=\"https:\/\/d2p6e6u75xmxt8.cloudfront.net\/2\/2021\/03\/KAROQ_6-1024x683.jpg 1024w, https:\/\/d2p6e6u75xmxt8.cloudfront.net\/2\/2021\/03\/KAROQ_6-300x200.jpg 300w, https:\/\/d2p6e6u75xmxt8.cloudfront.net\/2\/2021\/03\/KAROQ_6-768x512.jpg 768w, https:\/\/d2p6e6u75xmxt8.cloudfront.net\/2\/2021\/03\/KAROQ_6-272x182.jpg 272w, https:\/\/d2p6e6u75xmxt8.cloudfront.net\/2\/2021\/03\/KAROQ_6.jpg 1368w\" alt=\"Camping\" width=\"1024\" height=\"683\" data-was-processed=\"true\" \/><\/a><figcaption id=\"caption-attachment-182052\" class=\"wp-caption-text\">Tenemos que ponernos al d\u00eda. \u00a9 Jakub Frey<\/figcaption><\/figure><figcaption id=\"caption-attachment-182052\" class=\"wp-caption-text\"><\/figcaption><\/figure>\n<h2><strong><br \/>\nS\u00e1bado por la ma\u00f1ana<\/strong><\/h2>\n<p>Un fant\u00e1stico olor a caf\u00e9 reci\u00e9n hecho me saca del sue\u00f1o. Sofie es la primera en despertarse y, como se\u00f1ala, &#8220;no me har\u00e1s ir a ning\u00fan sitio hasta que me haya tomado mis dos tazas de caf\u00e9&#8221;. Por suerte, hemos tra\u00eddo una gran moka que satisface las necesidades de caf\u00e9 de los cuatro. Los copos de avena, los frutos secos, la miel y algunas frutas deber\u00edan alimentarnos lo suficiente.<\/p>\n<p>Mientras nos ponemos la ropa de ciclista y recogemos algunas provisiones y herramientas, Anna se pone las zapatillas de andar y prepara su propia mochila. Como ya he dicho, Anna no es muy aficionada al ciclismo, pero s\u00ed disfruta con una buena caminata. No puedo evitar bromear con ella sobre sus planes de peregrinaci\u00f3n. La \u00fanica respuesta que obtengo es la espalda de Anna y un breve saludo de despedida.<\/p>\n<p>Los dem\u00e1s nos subimos a las bicicletas. La zona no es lugar para un rutero y nuestro jadeo durante un par de kil\u00f3metros es una prueba s\u00f3lida. Esta parte del camino es bastante empinada, pero el conocimiento de una recompensa por delante nos mantiene pedaleando. La primera parada del d\u00eda es en una torre mirador con vistas a las colinas. Me ofrezco a vigilar las bicicletas, ya que he subido a la torre muchas veces. Adem\u00e1s, necesito unos minutos para recuperar el aliento, pero no lo digo.<\/p>\n<figure id=\"attachment_182046\" class=\"wp-caption alignnone\" aria-describedby=\"caption-attachment-182046\">\n<p><figure id=\"attachment_182046\" aria-describedby=\"caption-attachment-182046\" style=\"width: 1024px\" class=\"wp-caption alignnone\"><a class=\"colorbox-initialized cboxElement\" href=\"https:\/\/d2p6e6u75xmxt8.cloudfront.net\/2\/2021\/03\/KAROQ_4.jpg\"><img loading=\"lazy\" decoding=\"async\" class=\"loading wp-image-182046 size-large\" src=\"https:\/\/d2p6e6u75xmxt8.cloudfront.net\/2\/2021\/03\/KAROQ_4-1024x683.jpg\" sizes=\"auto, (max-width: 1024px) 100vw, 1024px\" srcset=\"https:\/\/d2p6e6u75xmxt8.cloudfront.net\/2\/2021\/03\/KAROQ_4-1024x683.jpg 1024w, https:\/\/d2p6e6u75xmxt8.cloudfront.net\/2\/2021\/03\/KAROQ_4-300x200.jpg 300w, https:\/\/d2p6e6u75xmxt8.cloudfront.net\/2\/2021\/03\/KAROQ_4-768x512.jpg 768w, https:\/\/d2p6e6u75xmxt8.cloudfront.net\/2\/2021\/03\/KAROQ_4-272x182.jpg 272w, https:\/\/d2p6e6u75xmxt8.cloudfront.net\/2\/2021\/03\/KAROQ_4.jpg 1368w\" alt=\"MTB\" width=\"1024\" height=\"683\" data-was-processed=\"true\" \/><\/a><figcaption id=\"caption-attachment-182046\" class=\"wp-caption-text\">Tiempo para rodar por caminos.<\/figcaption><\/figure><figcaption id=\"caption-attachment-182046\" class=\"wp-caption-text\"><\/figcaption><\/figure>\n<div id=\"gallery-2\" class=\"gallery galleryid-182041 gallery-columns-3 gallery-size-large\">\n<figure class=\"gallery-item\">\n<div class=\"gallery-icon landscape\"><a class=\"colorbox-initialized cboxElement\" href=\"https:\/\/d2p6e6u75xmxt8.cloudfront.net\/2\/2021\/03\/KAROQ_7.jpg\"><img loading=\"lazy\" decoding=\"async\" class=\"attachment-large size-large istretcher-finished loading\" src=\"https:\/\/d2p6e6u75xmxt8.cloudfront.net\/2\/2021\/03\/KAROQ_7-1024x683.jpg\" sizes=\"auto, (max-width: 1024px) 100vw, 1024px\" srcset=\"https:\/\/d2p6e6u75xmxt8.cloudfront.net\/2\/2021\/03\/KAROQ_7-1024x683.jpg 1024w, https:\/\/d2p6e6u75xmxt8.cloudfront.net\/2\/2021\/03\/KAROQ_7-300x200.jpg 300w, https:\/\/d2p6e6u75xmxt8.cloudfront.net\/2\/2021\/03\/KAROQ_7-768x512.jpg 768w, https:\/\/d2p6e6u75xmxt8.cloudfront.net\/2\/2021\/03\/KAROQ_7-272x182.jpg 272w, https:\/\/d2p6e6u75xmxt8.cloudfront.net\/2\/2021\/03\/KAROQ_7.jpg 1368w\" alt=\"\" width=\"1024\" height=\"683\" aria-describedby=\"gallery-2-182064\" data-was-processed=\"true\" \/><\/a><\/div>\n<\/figure>\n<figure class=\"gallery-item\">\n<div class=\"gallery-icon landscape\"><a class=\"colorbox-initialized cboxElement\" href=\"https:\/\/d2p6e6u75xmxt8.cloudfront.net\/2\/2021\/03\/KAROQ_8.jpg\"><img loading=\"lazy\" decoding=\"async\" class=\"attachment-large size-large istretcher-finished loading\" src=\"https:\/\/d2p6e6u75xmxt8.cloudfront.net\/2\/2021\/03\/KAROQ_8-1024x683.jpg\" sizes=\"auto, (max-width: 1024px) 100vw, 1024px\" srcset=\"https:\/\/d2p6e6u75xmxt8.cloudfront.net\/2\/2021\/03\/KAROQ_8-1024x683.jpg 1024w, https:\/\/d2p6e6u75xmxt8.cloudfront.net\/2\/2021\/03\/KAROQ_8-300x200.jpg 300w, https:\/\/d2p6e6u75xmxt8.cloudfront.net\/2\/2021\/03\/KAROQ_8-768x512.jpg 768w, https:\/\/d2p6e6u75xmxt8.cloudfront.net\/2\/2021\/03\/KAROQ_8-272x182.jpg 272w, https:\/\/d2p6e6u75xmxt8.cloudfront.net\/2\/2021\/03\/KAROQ_8.jpg 1368w\" alt=\"\u0160koda KAROQ\" width=\"1024\" height=\"683\" aria-describedby=\"gallery-2-182067\" data-was-processed=\"true\" \/><\/a><\/div>\n<\/figure>\n<figure class=\"gallery-item\">\n<div class=\"gallery-icon landscape\"><a class=\"colorbox-initialized cboxElement\" href=\"https:\/\/d2p6e6u75xmxt8.cloudfront.net\/2\/2021\/03\/KAROQ_2.jpg\"><img loading=\"lazy\" decoding=\"async\" class=\"attachment-large size-large istretcher-finished loading\" src=\"https:\/\/d2p6e6u75xmxt8.cloudfront.net\/2\/2021\/03\/KAROQ_2.jpg\" sizes=\"auto, (max-width: 1022px) 100vw, 1022px\" srcset=\"https:\/\/d2p6e6u75xmxt8.cloudfront.net\/2\/2021\/03\/KAROQ_2.jpg 1022w, https:\/\/d2p6e6u75xmxt8.cloudfront.net\/2\/2021\/03\/KAROQ_2-300x200.jpg 300w, https:\/\/d2p6e6u75xmxt8.cloudfront.net\/2\/2021\/03\/KAROQ_2-768x512.jpg 768w, https:\/\/d2p6e6u75xmxt8.cloudfront.net\/2\/2021\/03\/KAROQ_2-272x182.jpg 272w\" alt=\"\u0160koda KAROQ SPORTLINE\" width=\"1022\" height=\"681\" aria-describedby=\"gallery-2-182044\" data-was-processed=\"true\" \/><\/a><\/div>\n<\/figure>\n<\/div>\n<h2><strong>S\u00e1bado noche<\/strong><\/h2>\n<p>La segunda etapa se centrar\u00e1 sobre todo en el equilibrio. Unos cuantos saltos y rocas en nuestro camino: algo con lo que todos nos deleitamos. Dise\u00f1amos la ruta en forma de sistema de recompensa y nos lleva a un punto de encuentro previamente acordado con Anna, que tom\u00f3 una ruta de senderismo m\u00e1s corta. El grupo se aviva para la siguiente aventura, saluda a Anna que desaparece en el bosque y nos dirigimos a la siguiente etapa de nuestro viaje: un sendero que sacar\u00e1 lo mejor de nosotros.<\/p>\n<p>Las partes estrechas del sendero se abren un poco y nos tranquilizan falsamente s\u00f3lo para hacernos subir una empinada cuesta. Pero las impresionantes vistas panor\u00e1micas merecen la pena. No se habla mucho por el momento: tendremos tiempo para charlar en el coche. Al cabo de una hora, la vista del <strong>\u0160koda KAROQ SPORTLINE<\/strong> y la sonriente Anna apoyada en el coche nos hacen saber que nuestro viaje ha terminado. Le pregunto por su excursi\u00f3n.<\/p>\n<p>Espl\u00e9ndido. Me vendr\u00eda bien un poco de tiempo sin tu interminable charla&#8221;, comenta Anna en broma.<\/p>\n<figure id=\"attachment_182045\" class=\"wp-caption alignnone\" aria-describedby=\"caption-attachment-182045\">\n<p><figure id=\"attachment_182045\" aria-describedby=\"caption-attachment-182045\" style=\"width: 1022px\" class=\"wp-caption alignnone\"><a class=\"colorbox-initialized cboxElement\" href=\"https:\/\/d2p6e6u75xmxt8.cloudfront.net\/2\/2021\/03\/KAROQ_3.jpg\"><img loading=\"lazy\" decoding=\"async\" class=\"loading wp-image-182045 size-full\" src=\"https:\/\/d2p6e6u75xmxt8.cloudfront.net\/2\/2021\/03\/KAROQ_3.jpg\" sizes=\"auto, (max-width: 1022px) 100vw, 1022px\" srcset=\"https:\/\/d2p6e6u75xmxt8.cloudfront.net\/2\/2021\/03\/KAROQ_3.jpg 1022w, https:\/\/d2p6e6u75xmxt8.cloudfront.net\/2\/2021\/03\/KAROQ_3-300x200.jpg 300w, https:\/\/d2p6e6u75xmxt8.cloudfront.net\/2\/2021\/03\/KAROQ_3-768x512.jpg 768w, https:\/\/d2p6e6u75xmxt8.cloudfront.net\/2\/2021\/03\/KAROQ_3-272x182.jpg 272w\" alt=\"MTB trip\" width=\"1022\" height=\"681\" data-was-processed=\"true\" \/><\/a><figcaption id=\"caption-attachment-182045\" class=\"wp-caption-text\">Montamos la bicis en un par de minutos. \u00a9 Jakub Frey<\/figcaption><\/figure><figcaption id=\"caption-attachment-182045\" class=\"wp-caption-text\"><\/figcaption><\/figure>\n<h2><strong>S\u00e1bado tarde<\/strong><\/h2>\n<p>Es hora de recoger nuestro vivac. Comprobamos la zona a fondo: todos valoramos la naturaleza y despreciamos la basura. Sofie, David y yo nos embarcamos en un \u00faltimo paseo r\u00e1pido por el bosque antes de que Anna nos recoja, montamos las bicis y fijamos &#8220;Home&#8221; como destino final del GPS.<\/p>\n<p>De vuelta a casa, todos cargamos nuestros smartphones para avisar a nuestras familias de que estamos bien. Hay cuatro puertos USB, as\u00ed que no nos peleamos y hacemos cola para el cargador: hay suficiente jugo para todos.<\/p>\n<p>Estamos un poco cansados, por lo que el Control de Crucero Adaptativo (ACC) predictivo de KAROQ resulta muy \u00fatil. Suena muy t\u00e9cnico, pero resulta \u00fatil, ya que el sistema puede leer los datos de navegaci\u00f3n y ajustar nuestra velocidad cada vez que nos acercamos a una curva cerrada, una rotonda o un l\u00edmite de velocidad. La <a href=\"https:\/\/www.welovecycling.com\/wide\/safety\/\">sensaci\u00f3n de seguridad<\/a> se refuerza al saber que el \u0160koda KAROQ SPORTLINE est\u00e1 en conexi\u00f3n permanente con el mundo exterior. En caso de aver\u00eda, el propio veh\u00edculo se pondr\u00eda en contacto con un servicio de reparaci\u00f3n, y con los servicios de emergencia en caso de accidente.<\/p>\n<figure id=\"attachment_182047\" aria-describedby=\"caption-attachment-182047\" style=\"width: 1024px\" class=\"wp-caption alignnone\"><a class=\"colorbox-initialized cboxElement\" href=\"https:\/\/d2p6e6u75xmxt8.cloudfront.net\/2\/2021\/03\/KAROQ_5.jpg\"><img loading=\"lazy\" decoding=\"async\" class=\"loading wp-image-182047 size-large\" src=\"https:\/\/d2p6e6u75xmxt8.cloudfront.net\/2\/2021\/03\/KAROQ_5-1024x683.jpg\" sizes=\"auto, (max-width: 1024px) 100vw, 1024px\" srcset=\"https:\/\/d2p6e6u75xmxt8.cloudfront.net\/2\/2021\/03\/KAROQ_5-1024x683.jpg 1024w, https:\/\/d2p6e6u75xmxt8.cloudfront.net\/2\/2021\/03\/KAROQ_5-300x200.jpg 300w, https:\/\/d2p6e6u75xmxt8.cloudfront.net\/2\/2021\/03\/KAROQ_5-768x512.jpg 768w, https:\/\/d2p6e6u75xmxt8.cloudfront.net\/2\/2021\/03\/KAROQ_5-272x182.jpg 272w, https:\/\/d2p6e6u75xmxt8.cloudfront.net\/2\/2021\/03\/KAROQ_5.jpg 1368w\" alt=\"\u0160koda KAROQ\" width=\"1024\" height=\"683\" data-was-processed=\"true\" \/><\/a><figcaption id=\"caption-attachment-182047\" class=\"wp-caption-text\">El \u0160koda KAROQ est\u00e1 en permanente conexi\u00f3n con el mundo exterior. En caso de aver\u00eda, el propio veh\u00edculo se pondr\u00eda en contacto con un servicio de reparaci\u00f3n, y con los servicios de emergencia en caso de accidente \u00a9 Jakub Frey<\/figcaption><\/figure>\n<p>De vuelta a Praga, todos coincidimos en que este viaje era algo que necesit\u00e1bamos desesperadamente. \u00a1Hasta pronto!<\/p>\n","protected":false},"excerpt":{"rendered":"<p>En poco m\u00e1s de cinco minutos todas nuestras bicicletas est\u00e1n montadas en el techo. Adem\u00e1s de las bicicletas, no necesitaremos [&hellip;]<\/p>\n","protected":false},"author":29,"featured_media":7299,"comment_status":"open","ping_status":"open","sticky":false,"template":"","format":"standard","meta":{"footnotes":""},"categories":[8,9,968],"tags":[2107],"global-categories":[],"class_list":["post-7298","post","type-post","status-publish","format-standard","has-post-thumbnail","hentry","category-life-style","category-mtb-aventura","category-seguridad","tag-skoda-karoq-sportline"],"yoast_head":"<!-- This site is optimized with the Yoast SEO Premium plugin v25.3 (Yoast SEO v25.9) - https:\/\/yoast.com\/wordpress\/plugins\/seo\/ -->\n<title>Test \u0160koda KAROQ SPORTLINE: Pedaleando hacia la libertad -<\/title>\n<meta name=\"description\" content=\"Test \u0160koda KAROQ SPORTLINE: Pedaleando hacia la libertad. Prueba del \u0160koda KAROQ SPORTLINE para un fin de semana de BTT.\" \/>\n<meta name=\"robots\" content=\"index, follow, max-snippet:-1, max-image-preview:large, max-video-preview:-1\" \/>\n<link rel=\"canonical\" href=\"https:\/\/www.welovecycling.com\/es\/2021\/03\/06\/test-skoda-karoq-sportline-pedaleando-hacia-la-libertad\/\" \/>\n<meta property=\"og:locale\" content=\"es_ES\" \/>\n<meta property=\"og:type\" content=\"article\" \/>\n<meta property=\"og:title\" content=\"Test \u0160koda KAROQ SPORTLINE: Pedaleando hacia la libertad.\" \/>\n<meta property=\"og:description\" content=\"Test \u0160koda KAROQ SPORTLINE: Pedaleando hacia la libertad. Prueba del \u0160koda KAROQ SPORTLINE para un fin de semana de BTT.\" \/>\n<meta property=\"og:url\" content=\"https:\/\/www.welovecycling.com\/es\/2021\/03\/06\/test-skoda-karoq-sportline-pedaleando-hacia-la-libertad\/\" \/>\n<meta property=\"og:site_name\" content=\"\u0160koda We Love Cycling - Spain\" \/>\n<meta property=\"article:published_time\" content=\"2021-03-06T15:29:51+00:00\" \/>\n<meta property=\"og:image\" content=\"https:\/\/d2p6e6u75xmxt8.cloudfront.net\/6\/2021\/03\/KAROQ_CVR.jpg\" \/>\n\t<meta property=\"og:image:width\" content=\"1366\" \/>\n\t<meta property=\"og:image:height\" content=\"600\" \/>\n\t<meta property=\"og:image:type\" content=\"image\/jpeg\" \/>\n<meta name=\"author\" content=\"We Love Cycling Spain\" \/>\n<meta name=\"twitter:card\" content=\"summary_large_image\" \/>\n<meta name=\"twitter:title\" content=\"Test \u0160koda KAROQ SPORTLINE: Pedaleando hacia la libertad\" \/>\n<meta name=\"twitter:description\" content=\"Test \u0160koda KAROQ SPORTLINE: Pedaleando hacia la libertad. Prueba del \u0160koda KAROQ SPORTLINE para un fin de semana de BTT.\" \/>\n<meta name=\"twitter:label1\" content=\"Written by\" \/>\n\t<meta name=\"twitter:data1\" content=\"We Love Cycling Spain\" \/>\n\t<meta name=\"twitter:label2\" content=\"Est. reading time\" \/>\n\t<meta name=\"twitter:data2\" content=\"2\" \/>\n<script type=\"application\/ld+json\" class=\"yoast-schema-graph\">{\"@context\":\"https:\/\/schema.org\",\"@graph\":[{\"@type\":\"WebPage\",\"@id\":\"https:\/\/www.welovecycling.com\/es\/2021\/03\/06\/test-skoda-karoq-sportline-pedaleando-hacia-la-libertad\/\",\"url\":\"https:\/\/www.welovecycling.com\/es\/2021\/03\/06\/test-skoda-karoq-sportline-pedaleando-hacia-la-libertad\/\",\"name\":\"Test \u0160koda KAROQ SPORTLINE: Pedaleando hacia la libertad -\",\"isPartOf\":{\"@id\":\"https:\/\/www.welovecycling.com\/es\/#website\"},\"primaryImageOfPage\":{\"@id\":\"https:\/\/www.welovecycling.com\/es\/2021\/03\/06\/test-skoda-karoq-sportline-pedaleando-hacia-la-libertad\/#primaryimage\"},\"image\":{\"@id\":\"https:\/\/www.welovecycling.com\/es\/2021\/03\/06\/test-skoda-karoq-sportline-pedaleando-hacia-la-libertad\/#primaryimage\"},\"thumbnailUrl\":\"https:\/\/d2p6e6u75xmxt8.cloudfront.net\/6\/2021\/03\/KAROQ_CVR.jpg\",\"datePublished\":\"2021-03-06T15:29:51+00:00\",\"author\":{\"@id\":\"https:\/\/www.welovecycling.com\/es\/#\/schema\/person\/deb61715b5812698ee79fb96f343ccd4\"},\"description\":\"Test \u0160koda KAROQ SPORTLINE: Pedaleando hacia la libertad. Prueba del \u0160koda KAROQ SPORTLINE para un fin de semana de BTT.\",\"breadcrumb\":{\"@id\":\"https:\/\/www.welovecycling.com\/es\/2021\/03\/06\/test-skoda-karoq-sportline-pedaleando-hacia-la-libertad\/#breadcrumb\"},\"inLanguage\":\"es-ES\",\"potentialAction\":[{\"@type\":\"ReadAction\",\"target\":[\"https:\/\/www.welovecycling.com\/es\/2021\/03\/06\/test-skoda-karoq-sportline-pedaleando-hacia-la-libertad\/\"]}]},{\"@type\":\"ImageObject\",\"inLanguage\":\"es-ES\",\"@id\":\"https:\/\/www.welovecycling.com\/es\/2021\/03\/06\/test-skoda-karoq-sportline-pedaleando-hacia-la-libertad\/#primaryimage\",\"url\":\"https:\/\/d2p6e6u75xmxt8.cloudfront.net\/6\/2021\/03\/KAROQ_CVR.jpg\",\"contentUrl\":\"https:\/\/d2p6e6u75xmxt8.cloudfront.net\/6\/2021\/03\/KAROQ_CVR.jpg\",\"width\":1366,\"height\":600,\"caption\":\"\u0160koda KAROQ SPORTLINER\"},{\"@type\":\"BreadcrumbList\",\"@id\":\"https:\/\/www.welovecycling.com\/es\/2021\/03\/06\/test-skoda-karoq-sportline-pedaleando-hacia-la-libertad\/#breadcrumb\",\"itemListElement\":[{\"@type\":\"ListItem\",\"position\":1,\"name\":\"Home\",\"item\":\"https:\/\/www.welovecycling.com\/es\/\"},{\"@type\":\"ListItem\",\"position\":2,\"name\":\"Test \u0160koda KAROQ SPORTLINE: Pedaleando hacia la libertad\"}]},{\"@type\":\"WebSite\",\"@id\":\"https:\/\/www.welovecycling.com\/es\/#website\",\"url\":\"https:\/\/www.welovecycling.com\/es\/\",\"name\":\"\u0160koda We Love Cycling - Spain\",\"description\":\"\u0160koda WeLoveCycling Spain\",\"potentialAction\":[{\"@type\":\"SearchAction\",\"target\":{\"@type\":\"EntryPoint\",\"urlTemplate\":\"https:\/\/www.welovecycling.com\/es\/?s={search_term_string}\"},\"query-input\":{\"@type\":\"PropertyValueSpecification\",\"valueRequired\":true,\"valueName\":\"search_term_string\"}}],\"inLanguage\":\"es-ES\"},{\"@type\":\"Person\",\"@id\":\"https:\/\/www.welovecycling.com\/es\/#\/schema\/person\/deb61715b5812698ee79fb96f343ccd4\",\"name\":\"We Love Cycling Spain\",\"image\":{\"@type\":\"ImageObject\",\"inLanguage\":\"es-ES\",\"@id\":\"https:\/\/www.welovecycling.com\/es\/#\/schema\/person\/image\/\",\"url\":\"https:\/\/secure.gravatar.com\/avatar\/c824b04e6df0e37a03219d0b6481672889df542894588964102459e46513159c?s=96&d=mm&r=g\",\"contentUrl\":\"https:\/\/secure.gravatar.com\/avatar\/c824b04e6df0e37a03219d0b6481672889df542894588964102459e46513159c?s=96&d=mm&r=g\",\"caption\":\"We Love Cycling Spain\"},\"url\":\"https:\/\/www.welovecycling.com\/es\/author\/amunoz\/\"}]}<\/script>\n<!-- \/ Yoast SEO Premium plugin. -->","yoast_head_json":{"title":"Test \u0160koda KAROQ SPORTLINE: Pedaleando hacia la libertad -","description":"Test \u0160koda KAROQ SPORTLINE: Pedaleando hacia la libertad. Prueba del \u0160koda KAROQ SPORTLINE para un fin de semana de BTT.","robots":{"index":"index","follow":"follow","max-snippet":"max-snippet:-1","max-image-preview":"max-image-preview:large","max-video-preview":"max-video-preview:-1"},"canonical":"https:\/\/www.welovecycling.com\/es\/2021\/03\/06\/test-skoda-karoq-sportline-pedaleando-hacia-la-libertad\/","og_locale":"es_ES","og_type":"article","og_title":"Test \u0160koda KAROQ SPORTLINE: Pedaleando hacia la libertad.","og_description":"Test \u0160koda KAROQ SPORTLINE: Pedaleando hacia la libertad. Prueba del \u0160koda KAROQ SPORTLINE para un fin de semana de BTT.","og_url":"https:\/\/www.welovecycling.com\/es\/2021\/03\/06\/test-skoda-karoq-sportline-pedaleando-hacia-la-libertad\/","og_site_name":"\u0160koda We Love Cycling - Spain","article_published_time":"2021-03-06T15:29:51+00:00","og_image":[{"width":1366,"height":600,"url":"https:\/\/d2p6e6u75xmxt8.cloudfront.net\/6\/2021\/03\/KAROQ_CVR.jpg","type":"image\/jpeg"}],"author":"We Love Cycling Spain","twitter_card":"summary_large_image","twitter_title":"Test \u0160koda KAROQ SPORTLINE: Pedaleando hacia la libertad","twitter_description":"Test \u0160koda KAROQ SPORTLINE: Pedaleando hacia la libertad. Prueba del \u0160koda KAROQ SPORTLINE para un fin de semana de BTT.","twitter_misc":{"Written by":"We Love Cycling Spain","Est. reading time":"2"},"schema":{"@context":"https:\/\/schema.org","@graph":[{"@type":"WebPage","@id":"https:\/\/www.welovecycling.com\/es\/2021\/03\/06\/test-skoda-karoq-sportline-pedaleando-hacia-la-libertad\/","url":"https:\/\/www.welovecycling.com\/es\/2021\/03\/06\/test-skoda-karoq-sportline-pedaleando-hacia-la-libertad\/","name":"Test \u0160koda KAROQ SPORTLINE: Pedaleando hacia la libertad -","isPartOf":{"@id":"https:\/\/www.welovecycling.com\/es\/#website"},"primaryImageOfPage":{"@id":"https:\/\/www.welovecycling.com\/es\/2021\/03\/06\/test-skoda-karoq-sportline-pedaleando-hacia-la-libertad\/#primaryimage"},"image":{"@id":"https:\/\/www.welovecycling.com\/es\/2021\/03\/06\/test-skoda-karoq-sportline-pedaleando-hacia-la-libertad\/#primaryimage"},"thumbnailUrl":"https:\/\/d2p6e6u75xmxt8.cloudfront.net\/6\/2021\/03\/KAROQ_CVR.jpg","datePublished":"2021-03-06T15:29:51+00:00","author":{"@id":"https:\/\/www.welovecycling.com\/es\/#\/schema\/person\/deb61715b5812698ee79fb96f343ccd4"},"description":"Test \u0160koda KAROQ SPORTLINE: Pedaleando hacia la libertad. Prueba del \u0160koda KAROQ SPORTLINE para un fin de semana de BTT.","breadcrumb":{"@id":"https:\/\/www.welovecycling.com\/es\/2021\/03\/06\/test-skoda-karoq-sportline-pedaleando-hacia-la-libertad\/#breadcrumb"},"inLanguage":"es-ES","potentialAction":[{"@type":"ReadAction","target":["https:\/\/www.welovecycling.com\/es\/2021\/03\/06\/test-skoda-karoq-sportline-pedaleando-hacia-la-libertad\/"]}]},{"@type":"ImageObject","inLanguage":"es-ES","@id":"https:\/\/www.welovecycling.com\/es\/2021\/03\/06\/test-skoda-karoq-sportline-pedaleando-hacia-la-libertad\/#primaryimage","url":"https:\/\/d2p6e6u75xmxt8.cloudfront.net\/6\/2021\/03\/KAROQ_CVR.jpg","contentUrl":"https:\/\/d2p6e6u75xmxt8.cloudfront.net\/6\/2021\/03\/KAROQ_CVR.jpg","width":1366,"height":600,"caption":"\u0160koda KAROQ SPORTLINER"},{"@type":"BreadcrumbList","@id":"https:\/\/www.welovecycling.com\/es\/2021\/03\/06\/test-skoda-karoq-sportline-pedaleando-hacia-la-libertad\/#breadcrumb","itemListElement":[{"@type":"ListItem","position":1,"name":"Home","item":"https:\/\/www.welovecycling.com\/es\/"},{"@type":"ListItem","position":2,"name":"Test \u0160koda KAROQ SPORTLINE: Pedaleando hacia la libertad"}]},{"@type":"WebSite","@id":"https:\/\/www.welovecycling.com\/es\/#website","url":"https:\/\/www.welovecycling.com\/es\/","name":"\u0160koda We Love Cycling - Spain","description":"\u0160koda WeLoveCycling Spain","potentialAction":[{"@type":"SearchAction","target":{"@type":"EntryPoint","urlTemplate":"https:\/\/www.welovecycling.com\/es\/?s={search_term_string}"},"query-input":{"@type":"PropertyValueSpecification","valueRequired":true,"valueName":"search_term_string"}}],"inLanguage":"es-ES"},{"@type":"Person","@id":"https:\/\/www.welovecycling.com\/es\/#\/schema\/person\/deb61715b5812698ee79fb96f343ccd4","name":"We Love Cycling Spain","image":{"@type":"ImageObject","inLanguage":"es-ES","@id":"https:\/\/www.welovecycling.com\/es\/#\/schema\/person\/image\/","url":"https:\/\/secure.gravatar.com\/avatar\/c824b04e6df0e37a03219d0b6481672889df542894588964102459e46513159c?s=96&d=mm&r=g","contentUrl":"https:\/\/secure.gravatar.com\/avatar\/c824b04e6df0e37a03219d0b6481672889df542894588964102459e46513159c?s=96&d=mm&r=g","caption":"We Love Cycling Spain"},"url":"https:\/\/www.welovecycling.com\/es\/author\/amunoz\/"}]}},"_links":{"self":[{"href":"https:\/\/www.welovecycling.com\/es\/wp-json\/wp\/v2\/posts\/7298","targetHints":{"allow":["GET"]}}],"collection":[{"href":"https:\/\/www.welovecycling.com\/es\/wp-json\/wp\/v2\/posts"}],"about":[{"href":"https:\/\/www.welovecycling.com\/es\/wp-json\/wp\/v2\/types\/post"}],"author":[{"embeddable":true,"href":"https:\/\/www.welovecycling.com\/es\/wp-json\/wp\/v2\/users\/29"}],"replies":[{"embeddable":true,"href":"https:\/\/www.welovecycling.com\/es\/wp-json\/wp\/v2\/comments?post=7298"}],"version-history":[{"count":2,"href":"https:\/\/www.welovecycling.com\/es\/wp-json\/wp\/v2\/posts\/7298\/revisions"}],"predecessor-version":[{"id":7302,"href":"https:\/\/www.welovecycling.com\/es\/wp-json\/wp\/v2\/posts\/7298\/revisions\/7302"}],"wp:featuredmedia":[{"embeddable":true,"href":"https:\/\/www.welovecycling.com\/es\/wp-json\/wp\/v2\/media\/7299"}],"wp:attachment":[{"href":"https:\/\/www.welovecycling.com\/es\/wp-json\/wp\/v2\/media?parent=7298"}],"wp:term":[{"taxonomy":"category","embeddable":true,"href":"https:\/\/www.welovecycling.com\/es\/wp-json\/wp\/v2\/categories?post=7298"},{"taxonomy":"post_tag","embeddable":true,"href":"https:\/\/www.welovecycling.com\/es\/wp-json\/wp\/v2\/tags?post=7298"},{"taxonomy":"global-categories","embeddable":true,"href":"https:\/\/www.welovecycling.com\/es\/wp-json\/wp\/v2\/global-categories?post=7298"}],"curies":[{"name":"wp","href":"https:\/\/api.w.org\/{rel}","templated":true}]}}