{"id":7291,"date":"2021-03-05T16:55:23","date_gmt":"2021-03-05T14:55:23","guid":{"rendered":"https:\/\/www.welovecycling.com\/es\/?p=7291"},"modified":"2021-03-03T22:56:30","modified_gmt":"2021-03-03T20:56:30","slug":"carreras-uci-world-tour-femeninas-2021-de-strade-a-la-vuelta","status":"publish","type":"post","link":"https:\/\/www.welovecycling.com\/es\/2021\/03\/05\/carreras-uci-world-tour-femeninas-2021-de-strade-a-la-vuelta\/","title":{"rendered":"Carreras UCI World Tour femeninas 2021. De Strade a La Vuelta"},"content":{"rendered":"<p><strong>Pese a que la temporada femenina ya ha empezado, lo hizo la semana pasada con la Omloop Het Nieuwsblad, el calendario de carreras UCI World Tour femeninas 2021 no arranca hasta este fin de semana con la Strade Bianche y se prolongar\u00e1 hasta el mes de octubre con el Tour de Guanxi, en China. En total 19 pruebas con alguna novedades que os vamos a desvelar.<\/strong><\/p>\n<p><!--more--><br \/>\nEn 2021 la temporada femenina, al igual que la masculina, ha empezado m\u00e1s tarde. Enero no hubo competici\u00f3n con la suspensi\u00f3n de las carreras de Australia y febrero, sin Vuelta CV, Setmana Valencia y Vuelta a Castell\u00f3n ha sido pr\u00e1cticamente en blanco hasta el \u00faltimo fin de semana en el que se disputaron Omloop, con victoria de Anna Van der Breggen y Le Samyn, con triunfo de Kopecky. Las dos, entre las habituales en cualquier podio de una cl\u00e1sica.<\/p>\n<p>Para este 2021 la principal novedad es el movimiento de <a href=\"https:\/\/www.welovecycling.com\/es\/2020\/07\/26\/durango-emakumeen-saria\/\">Van Vleuten,<\/a> que deja Scott para fichar por un Movistar renovado y que en este inicio de temporada ya lleva dos segundos puestos y curiosamente ninguno de la holandesa. Ane Santesteban tambi\u00e9n ha cambiado de equipo y correr\u00e1 en el <a href=\"https:\/\/www.greenedgecycling.com\/women-team\/\">BikeExchange<\/a> (antiguo Mitchelton Scott). Tambi\u00e9n ha cambiado de aires Marian Vos, que ha recalado en el reci\u00e9n creado Jumbo Visma Women, mientras que el equipo de la campeona del Mundo, Anna Van der Breggen, cambia de nombre y pasa a denominarse <a href=\"https:\/\/www.teamsdworx.com\/nl\">SD Worx.<\/a><\/p>\n<h3><strong>STRADE BIANCHE (6 DE MARZO)<\/strong><\/h3>\n<p>Las colinas y el<a href=\"https:\/\/www.strade-bianche.it\/percorso-donne\/\"> sterrato de la Toscana<\/a> van a ser el primer escenario del duelo Anna Van der Breggen frente a Anemiek Van Vleuten. Entre las dos holandesas se han repartido las tres \u00faltimas ediciones de la carrera. 136 kil\u00f3metros con 8 tramos de sterrato para sumar los primeros puntos Pro Tour. Entre las favoritas Mavi Garc\u00eda, despu\u00e9s de su exhibici\u00f3n de 2020, la polaca Niewiadoma, con cuatro podios en los \u00faltimos a\u00f1os y la italiana Longo Borghini, que es un seguro cuando corre en casa.<\/p>\n<div class=\"embed-controller-wrapper\">\n<div class=\"embed-wrapper\"><iframe title=\"Strade Bianche | Women\u2019s Highlights | inCycle\" width=\"500\" height=\"281\" data-src=\"https:\/\/www.youtube.com\/embed\/ezoi4h-JPwg?start=4&#038;feature=oembed&#038;t=4&#038;enablejsapi=1\" frameborder=\"0\" allow=\"accelerometer; autoplay; clipboard-write; encrypted-media; gyroscope; picture-in-picture; web-share\" referrerpolicy=\"strict-origin-when-cross-origin\" allowfullscreen><\/iframe><\/div>\n<\/div>\n<p>&nbsp;<\/p>\n<h3><strong>TOUR DE FLANDES (4 DE ABRIL)<\/strong><\/h3>\n<p>La cita con los adoquines de <a href=\"https:\/\/www.rondevanvlaanderen.be\/nl\/rvv\/elite-vrouwen\">Flandes<\/a> suele ser de las m\u00e1s esperadas del ciclismo femenino. No en vano lleva disput\u00e1ndose desde 2004. Con 150 kil\u00f3metros de recorrido y tres pasos por Oude Kwaremont suele ser este muro y el Paterberg los decisivos para la victoria en Oudenaarde. En 2020 ya vimos que el marcaje Van der Breggen &#8211; Van Vleuten dej\u00f3 el triunfo en las piernas de Chantal Blaak. Bastianelli, Noosgard, Utrupp Ludwig, Kopecki y Amy Pieters esperar\u00e1n su turno.<\/p>\n<h3><strong>PARIS ROUBAIX (11 DE ABRIL)<\/strong><\/h3>\n<p>La gran novedad de la temporada 2021 es la Paris Roubaix femenina. Se tendr\u00eda que haber disputado en 2020 por primera vez, pero la doble suspensi\u00f3n de abril y octubre (al igual que la masculina) no lo hizo posible. Hasta ahora los adoquines m\u00e1s complicados del mundo estaban vetados para las chicas. La primera Par\u00eds Roubaix femenina tendr\u00e1 116 kil\u00f3metros con 29,2 de ellos de adoquines divididos en 17 sectores. No pasar\u00e1n por el Bosque de Arenberg, pero si por los otros dos cinco estrellas, Camphin en Pevele y Carrefour d&#8217;Arbre. Las afortunadas de debutar en el Infierno del Norte ser\u00e1n <a href=\"https:\/\/www.paris-roubaix.fr\/en\/the-race\/paris-roubaix-femmes\">24 equipos,<\/a> entre ellos el Movistar espa\u00f1ol.<\/p>\n<p><img loading=\"lazy\" decoding=\"async\" class=\"alignnone\" src=\"https:\/\/img.aso.fr\/core_app\/img-cycling-prf-jpg\/3f5f6\/0001\/0:0,1999:690-1200-0-70\/ae613\" alt=\"Las chicas de la FDJ en Roubaix\" width=\"1200\" height=\"414\" \/><\/p>\n<h3><strong>LIEJA BASTOGNE LIEJA (25 DE ABRIL)<\/strong><\/h3>\n<p>Es la gran cl\u00e1sica en la que tienen oportunidad de brillar las escaladoras y viene justo despu\u00e9s de las otras dos carreras de las Ardenas, Amstel Gold Race y Flecha Valona. Para este <a href=\"https:\/\/www.liege-bastogne-liege-femmes.be\/fr\/etape-1\">2021 el recorrido<\/a> repite la edici\u00f3n de 2020 con 143 kil\u00f3metros y m\u00e1s de 2.500 metros de desnivel. La parte clave volver\u00e1n a ser las cotas de La Redoute, Les Forges y Roche Aux Faucons antes del descenso a la l\u00ednea de meta llana de Lieja. De sus cuatro ediciones en 2020 fue la \u00fanica que no ganaron Van Vleuten o Van der Breggen y se la qued\u00f3 Deignan.<\/p>\n<h3><strong>VUELTA A BURGOS (20\/23 DE MAYO)<\/strong><\/h3>\n<p>Una vez suspendida la Itzulia femenina, la primera carrera por etapas World Tour se disputar\u00e1 en Espa\u00f1a.<a href=\"https:\/\/www.vueltaburgos.com\/feminas\/\"> La Vuelta a Burgos<\/a> adem\u00e1s da el salto al m\u00e1ximo escalaf\u00f3n . Ser\u00e1n cuatro etapas que todav\u00eda no est\u00e1n anunciadas por la organizaci\u00f3n pero que aseguran espect\u00e1culo por los repechos y los puertos burgaleses.<\/p>\n<p><img loading=\"lazy\" decoding=\"async\" class=\"alignnone size-extra-large\" src=\"https:\/\/www.vueltaburgos.com\/feminas\/wp-content\/uploads\/2019\/05\/DanielP.jpeg\" width=\"1055\" height=\"704\" \/><\/p>\n<h3><strong>GIRO DE ITALIA (2\/11 DE JULIO)<\/strong><\/h3>\n<p>Despu\u00e9s de <a href=\"https:\/\/www.lacoursebyletourdefrance.com\/en\/\">La Course del Tour de Francia<\/a> (27 de junio), el verano vendr\u00e1 marcado una vez m\u00e1s por el <a href=\"https:\/\/www.girorosa.com\/page\/default.asp?i_menuID=58014\">Giro Rosa,<\/a> la competici\u00f3n por etapas m\u00e1s dura del ciclismo femenino.\u00a0 Del 2 al 11 de julio volver\u00e1 a tener un recorrido con puertos y emboscadas propias de las carreteras italianas, aunque todav\u00eda no est\u00e1 definido por la organizaci\u00f3n. En 2020 nos dejaron una prueba espectacular con emoci\u00f3n en casi todas las etapas y la victoria final de Anna Van der Breggen despu\u00e9s de la ca\u00edda de Annemiek Van Vleuten. Entre ambas han ganado 5 de las \u00faltimas seis ediciones.<\/p>\n<lite-youtube videoid=9_Wdtb0an70 params=\"enablejsapi=1\" style=\"background-image: url('https:\/\/i.ytimg.com\/vi_webp\/9_Wdtb0an70\/maxresdefault.webp');\"><\/lite-youtube>\n<p>&nbsp;<\/p>\n<h3><strong>DESAFIO CERATIZIT LA VUELTA (3\/5 DE SEPTIEMBRE)<\/strong><\/h3>\n<p>Tas las vueltas por etapas de Noruega y Holanda y la Cl\u00e1sica de San Sebasti\u00e1n la temporada World Tour Femenina se dar\u00e1 pr\u00e1cticamente por finalizada con el<a href=\"https:\/\/www.challengebylavuelta.com\/es\"> Desaf\u00edo Ceratizit La Vuelta<\/a>. Volver\u00e1n a ser tres etapas, del 3 al 5 de septiembre, coincidiendo con el final de la carrera masculina. Eso s\u00ed, en este 2021 es en Santiago de Compostela y no en Madrid como en ediciones precedentes.<\/p>\n","protected":false},"excerpt":{"rendered":"<p>Pese a que la temporada femenina ya ha empezado, lo hizo la semana pasada con la Omloop Het Nieuwsblad, el [&hellip;]<\/p>\n","protected":false},"author":29,"featured_media":6429,"comment_status":"open","ping_status":"open","sticky":false,"template":"","format":"standard","meta":{"footnotes":""},"categories":[7],"tags":[],"global-categories":[1164],"class_list":["post-7291","post","type-post","status-publish","format-standard","has-post-thumbnail","hentry","category-carretera","global-categories-cycling"],"yoast_head":"<!-- This site is optimized with the Yoast SEO Premium plugin v25.3 (Yoast SEO v25.9) - https:\/\/yoast.com\/wordpress\/plugins\/seo\/ -->\n<title>Carreras UCI World Tour femeninas 2021. De Strade a La Vuelta -<\/title>\n<meta name=\"description\" content=\"Carreras UCI World Tour femeninas 2021. Calendario de carreras de 2021. De Strade a Flandes, Roubaix o La Vuelta.\" \/>\n<meta name=\"robots\" content=\"index, follow, max-snippet:-1, max-image-preview:large, max-video-preview:-1\" \/>\n<link rel=\"canonical\" href=\"https:\/\/www.welovecycling.com\/es\/2021\/03\/05\/carreras-uci-world-tour-femeninas-2021-de-strade-a-la-vuelta\/\" \/>\n<meta property=\"og:locale\" content=\"es_ES\" \/>\n<meta property=\"og:type\" content=\"article\" \/>\n<meta property=\"og:title\" content=\"Carreras UCI World Tour femeninas 2021. De Strade a La Vuelta\" \/>\n<meta property=\"og:description\" content=\"Carreras UCI World Tour femeninas 2021. Calendario de carreras de 2021. De Strade a Flandes, Roubaix o La Vuelta.\" \/>\n<meta property=\"og:url\" content=\"https:\/\/www.welovecycling.com\/es\/2021\/03\/05\/carreras-uci-world-tour-femeninas-2021-de-strade-a-la-vuelta\/\" \/>\n<meta property=\"og:site_name\" content=\"\u0160koda We Love Cycling - Spain\" \/>\n<meta property=\"article:published_time\" content=\"2021-03-05T14:55:23+00:00\" \/>\n<meta property=\"og:image\" content=\"https:\/\/d2p6e6u75xmxt8.cloudfront.net\/6\/2020\/07\/Mavi-Garcia.jpg\" \/>\n\t<meta property=\"og:image:width\" content=\"1024\" \/>\n\t<meta property=\"og:image:height\" content=\"844\" \/>\n\t<meta property=\"og:image:type\" content=\"image\/jpeg\" \/>\n<meta name=\"author\" content=\"We Love Cycling Spain\" \/>\n<meta name=\"twitter:card\" content=\"summary_large_image\" \/>\n<meta name=\"twitter:title\" content=\"Carreras UCI World Tour femeninas 2021. De Strade a La Vuelta\" \/>\n<meta name=\"twitter:description\" content=\"Carreras UCI World Tour femeninas 2021. Calendario de carreras de 2021. De Strade a Flandes, Roubaix o La Vuelta.\" \/>\n<meta name=\"twitter:label1\" content=\"Written by\" \/>\n\t<meta name=\"twitter:data1\" content=\"Luis Ortega @ciclored\" \/>\n\t<meta name=\"twitter:label2\" content=\"Est. reading time\" \/>\n\t<meta name=\"twitter:data2\" content=\"5 minutes\" \/>\n<script type=\"application\/ld+json\" class=\"yoast-schema-graph\">{\"@context\":\"https:\/\/schema.org\",\"@graph\":[{\"@type\":\"WebPage\",\"@id\":\"https:\/\/www.welovecycling.com\/es\/2021\/03\/05\/carreras-uci-world-tour-femeninas-2021-de-strade-a-la-vuelta\/\",\"url\":\"https:\/\/www.welovecycling.com\/es\/2021\/03\/05\/carreras-uci-world-tour-femeninas-2021-de-strade-a-la-vuelta\/\",\"name\":\"Carreras UCI World Tour femeninas 2021. De Strade a La Vuelta -\",\"isPartOf\":{\"@id\":\"https:\/\/www.welovecycling.com\/es\/#website\"},\"primaryImageOfPage\":{\"@id\":\"https:\/\/www.welovecycling.com\/es\/2021\/03\/05\/carreras-uci-world-tour-femeninas-2021-de-strade-a-la-vuelta\/#primaryimage\"},\"image\":{\"@id\":\"https:\/\/www.welovecycling.com\/es\/2021\/03\/05\/carreras-uci-world-tour-femeninas-2021-de-strade-a-la-vuelta\/#primaryimage\"},\"thumbnailUrl\":\"https:\/\/d2p6e6u75xmxt8.cloudfront.net\/6\/2020\/07\/Mavi-Garcia.jpg\",\"datePublished\":\"2021-03-05T14:55:23+00:00\",\"author\":{\"@id\":\"https:\/\/www.welovecycling.com\/es\/#\/schema\/person\/deb61715b5812698ee79fb96f343ccd4\"},\"description\":\"Carreras UCI World Tour femeninas 2021. Calendario de carreras de 2021. De Strade a Flandes, Roubaix o La Vuelta.\",\"breadcrumb\":{\"@id\":\"https:\/\/www.welovecycling.com\/es\/2021\/03\/05\/carreras-uci-world-tour-femeninas-2021-de-strade-a-la-vuelta\/#breadcrumb\"},\"inLanguage\":\"es-ES\",\"potentialAction\":[{\"@type\":\"ReadAction\",\"target\":[\"https:\/\/www.welovecycling.com\/es\/2021\/03\/05\/carreras-uci-world-tour-femeninas-2021-de-strade-a-la-vuelta\/\"]}]},{\"@type\":\"ImageObject\",\"inLanguage\":\"es-ES\",\"@id\":\"https:\/\/www.welovecycling.com\/es\/2021\/03\/05\/carreras-uci-world-tour-femeninas-2021-de-strade-a-la-vuelta\/#primaryimage\",\"url\":\"https:\/\/d2p6e6u75xmxt8.cloudfront.net\/6\/2020\/07\/Mavi-Garcia.jpg\",\"contentUrl\":\"https:\/\/d2p6e6u75xmxt8.cloudfront.net\/6\/2020\/07\/Mavi-Garcia.jpg\",\"width\":1024,\"height\":844},{\"@type\":\"BreadcrumbList\",\"@id\":\"https:\/\/www.welovecycling.com\/es\/2021\/03\/05\/carreras-uci-world-tour-femeninas-2021-de-strade-a-la-vuelta\/#breadcrumb\",\"itemListElement\":[{\"@type\":\"ListItem\",\"position\":1,\"name\":\"Home\",\"item\":\"https:\/\/www.welovecycling.com\/es\/\"},{\"@type\":\"ListItem\",\"position\":2,\"name\":\"Carreras UCI World Tour femeninas 2021. De Strade a La Vuelta\"}]},{\"@type\":\"WebSite\",\"@id\":\"https:\/\/www.welovecycling.com\/es\/#website\",\"url\":\"https:\/\/www.welovecycling.com\/es\/\",\"name\":\"\u0160koda We Love Cycling - Spain\",\"description\":\"\u0160koda WeLoveCycling Spain\",\"potentialAction\":[{\"@type\":\"SearchAction\",\"target\":{\"@type\":\"EntryPoint\",\"urlTemplate\":\"https:\/\/www.welovecycling.com\/es\/?s={search_term_string}\"},\"query-input\":{\"@type\":\"PropertyValueSpecification\",\"valueRequired\":true,\"valueName\":\"search_term_string\"}}],\"inLanguage\":\"es-ES\"},{\"@type\":\"Person\",\"@id\":\"https:\/\/www.welovecycling.com\/es\/#\/schema\/person\/deb61715b5812698ee79fb96f343ccd4\",\"name\":\"We Love Cycling Spain\",\"image\":{\"@type\":\"ImageObject\",\"inLanguage\":\"es-ES\",\"@id\":\"https:\/\/www.welovecycling.com\/es\/#\/schema\/person\/image\/\",\"url\":\"https:\/\/secure.gravatar.com\/avatar\/c824b04e6df0e37a03219d0b6481672889df542894588964102459e46513159c?s=96&d=mm&r=g\",\"contentUrl\":\"https:\/\/secure.gravatar.com\/avatar\/c824b04e6df0e37a03219d0b6481672889df542894588964102459e46513159c?s=96&d=mm&r=g\",\"caption\":\"We Love Cycling Spain\"},\"url\":\"https:\/\/www.welovecycling.com\/es\/author\/amunoz\/\"}]}<\/script>\n<!-- \/ Yoast SEO Premium plugin. -->","yoast_head_json":{"title":"Carreras UCI World Tour femeninas 2021. De Strade a La Vuelta -","description":"Carreras UCI World Tour femeninas 2021. Calendario de carreras de 2021. De Strade a Flandes, Roubaix o La Vuelta.","robots":{"index":"index","follow":"follow","max-snippet":"max-snippet:-1","max-image-preview":"max-image-preview:large","max-video-preview":"max-video-preview:-1"},"canonical":"https:\/\/www.welovecycling.com\/es\/2021\/03\/05\/carreras-uci-world-tour-femeninas-2021-de-strade-a-la-vuelta\/","og_locale":"es_ES","og_type":"article","og_title":"Carreras UCI World Tour femeninas 2021. De Strade a La Vuelta","og_description":"Carreras UCI World Tour femeninas 2021. Calendario de carreras de 2021. De Strade a Flandes, Roubaix o La Vuelta.","og_url":"https:\/\/www.welovecycling.com\/es\/2021\/03\/05\/carreras-uci-world-tour-femeninas-2021-de-strade-a-la-vuelta\/","og_site_name":"\u0160koda We Love Cycling - Spain","article_published_time":"2021-03-05T14:55:23+00:00","og_image":[{"width":1024,"height":844,"url":"https:\/\/d2p6e6u75xmxt8.cloudfront.net\/6\/2020\/07\/Mavi-Garcia.jpg","type":"image\/jpeg"}],"author":"We Love Cycling Spain","twitter_card":"summary_large_image","twitter_title":"Carreras UCI World Tour femeninas 2021. De Strade a La Vuelta","twitter_description":"Carreras UCI World Tour femeninas 2021. Calendario de carreras de 2021. De Strade a Flandes, Roubaix o La Vuelta.","twitter_misc":{"Written by":"Luis Ortega @ciclored","Est. reading time":"5 minutes"},"schema":{"@context":"https:\/\/schema.org","@graph":[{"@type":"WebPage","@id":"https:\/\/www.welovecycling.com\/es\/2021\/03\/05\/carreras-uci-world-tour-femeninas-2021-de-strade-a-la-vuelta\/","url":"https:\/\/www.welovecycling.com\/es\/2021\/03\/05\/carreras-uci-world-tour-femeninas-2021-de-strade-a-la-vuelta\/","name":"Carreras UCI World Tour femeninas 2021. De Strade a La Vuelta -","isPartOf":{"@id":"https:\/\/www.welovecycling.com\/es\/#website"},"primaryImageOfPage":{"@id":"https:\/\/www.welovecycling.com\/es\/2021\/03\/05\/carreras-uci-world-tour-femeninas-2021-de-strade-a-la-vuelta\/#primaryimage"},"image":{"@id":"https:\/\/www.welovecycling.com\/es\/2021\/03\/05\/carreras-uci-world-tour-femeninas-2021-de-strade-a-la-vuelta\/#primaryimage"},"thumbnailUrl":"https:\/\/d2p6e6u75xmxt8.cloudfront.net\/6\/2020\/07\/Mavi-Garcia.jpg","datePublished":"2021-03-05T14:55:23+00:00","author":{"@id":"https:\/\/www.welovecycling.com\/es\/#\/schema\/person\/deb61715b5812698ee79fb96f343ccd4"},"description":"Carreras UCI World Tour femeninas 2021. Calendario de carreras de 2021. De Strade a Flandes, Roubaix o La Vuelta.","breadcrumb":{"@id":"https:\/\/www.welovecycling.com\/es\/2021\/03\/05\/carreras-uci-world-tour-femeninas-2021-de-strade-a-la-vuelta\/#breadcrumb"},"inLanguage":"es-ES","potentialAction":[{"@type":"ReadAction","target":["https:\/\/www.welovecycling.com\/es\/2021\/03\/05\/carreras-uci-world-tour-femeninas-2021-de-strade-a-la-vuelta\/"]}]},{"@type":"ImageObject","inLanguage":"es-ES","@id":"https:\/\/www.welovecycling.com\/es\/2021\/03\/05\/carreras-uci-world-tour-femeninas-2021-de-strade-a-la-vuelta\/#primaryimage","url":"https:\/\/d2p6e6u75xmxt8.cloudfront.net\/6\/2020\/07\/Mavi-Garcia.jpg","contentUrl":"https:\/\/d2p6e6u75xmxt8.cloudfront.net\/6\/2020\/07\/Mavi-Garcia.jpg","width":1024,"height":844},{"@type":"BreadcrumbList","@id":"https:\/\/www.welovecycling.com\/es\/2021\/03\/05\/carreras-uci-world-tour-femeninas-2021-de-strade-a-la-vuelta\/#breadcrumb","itemListElement":[{"@type":"ListItem","position":1,"name":"Home","item":"https:\/\/www.welovecycling.com\/es\/"},{"@type":"ListItem","position":2,"name":"Carreras UCI World Tour femeninas 2021. De Strade a La Vuelta"}]},{"@type":"WebSite","@id":"https:\/\/www.welovecycling.com\/es\/#website","url":"https:\/\/www.welovecycling.com\/es\/","name":"\u0160koda We Love Cycling - Spain","description":"\u0160koda WeLoveCycling Spain","potentialAction":[{"@type":"SearchAction","target":{"@type":"EntryPoint","urlTemplate":"https:\/\/www.welovecycling.com\/es\/?s={search_term_string}"},"query-input":{"@type":"PropertyValueSpecification","valueRequired":true,"valueName":"search_term_string"}}],"inLanguage":"es-ES"},{"@type":"Person","@id":"https:\/\/www.welovecycling.com\/es\/#\/schema\/person\/deb61715b5812698ee79fb96f343ccd4","name":"We Love Cycling Spain","image":{"@type":"ImageObject","inLanguage":"es-ES","@id":"https:\/\/www.welovecycling.com\/es\/#\/schema\/person\/image\/","url":"https:\/\/secure.gravatar.com\/avatar\/c824b04e6df0e37a03219d0b6481672889df542894588964102459e46513159c?s=96&d=mm&r=g","contentUrl":"https:\/\/secure.gravatar.com\/avatar\/c824b04e6df0e37a03219d0b6481672889df542894588964102459e46513159c?s=96&d=mm&r=g","caption":"We Love Cycling Spain"},"url":"https:\/\/www.welovecycling.com\/es\/author\/amunoz\/"}]}},"_links":{"self":[{"href":"https:\/\/www.welovecycling.com\/es\/wp-json\/wp\/v2\/posts\/7291","targetHints":{"allow":["GET"]}}],"collection":[{"href":"https:\/\/www.welovecycling.com\/es\/wp-json\/wp\/v2\/posts"}],"about":[{"href":"https:\/\/www.welovecycling.com\/es\/wp-json\/wp\/v2\/types\/post"}],"author":[{"embeddable":true,"href":"https:\/\/www.welovecycling.com\/es\/wp-json\/wp\/v2\/users\/29"}],"replies":[{"embeddable":true,"href":"https:\/\/www.welovecycling.com\/es\/wp-json\/wp\/v2\/comments?post=7291"}],"version-history":[{"count":2,"href":"https:\/\/www.welovecycling.com\/es\/wp-json\/wp\/v2\/posts\/7291\/revisions"}],"predecessor-version":[{"id":7296,"href":"https:\/\/www.welovecycling.com\/es\/wp-json\/wp\/v2\/posts\/7291\/revisions\/7296"}],"wp:featuredmedia":[{"embeddable":true,"href":"https:\/\/www.welovecycling.com\/es\/wp-json\/wp\/v2\/media\/6429"}],"wp:attachment":[{"href":"https:\/\/www.welovecycling.com\/es\/wp-json\/wp\/v2\/media?parent=7291"}],"wp:term":[{"taxonomy":"category","embeddable":true,"href":"https:\/\/www.welovecycling.com\/es\/wp-json\/wp\/v2\/categories?post=7291"},{"taxonomy":"post_tag","embeddable":true,"href":"https:\/\/www.welovecycling.com\/es\/wp-json\/wp\/v2\/tags?post=7291"},{"taxonomy":"global-categories","embeddable":true,"href":"https:\/\/www.welovecycling.com\/es\/wp-json\/wp\/v2\/global-categories?post=7291"}],"curies":[{"name":"wp","href":"https:\/\/api.w.org\/{rel}","templated":true}]}}