{"id":7271,"date":"2021-02-24T21:19:20","date_gmt":"2021-02-24T19:19:20","guid":{"rendered":"https:\/\/www.welovecycling.com\/es\/?p=7271"},"modified":"2021-02-24T21:19:20","modified_gmt":"2021-02-24T19:19:20","slug":"las-montanas-del-giro-de-italia-2021","status":"publish","type":"post","link":"https:\/\/www.welovecycling.com\/es\/2021\/02\/24\/las-montanas-del-giro-de-italia-2021\/","title":{"rendered":"Las monta\u00f1as del Giro de Italia 2021"},"content":{"rendered":"<p><strong>Si hay algo que nos gusta de la carrera italiana son su puertos. Las monta\u00f1as del Giro de Italia 2021, que se acaba de presentar, pasan en esta edici\u00f3n por Apeninos, Dolomitas y Alpes. Algunas de ellas reconocidas y con nombres ya \u00e9picos, Pordoi, Marmolada o Zoncolan, y otras duras, exigentes y desconocidas que aseguran espect\u00e1culo en el mes &#8216;rosa&#8217; de mayo.<\/strong><\/p>\n<p><!--more--><\/p>\n<p>El Giro 2021, a priori, no parece el m\u00e1s monta\u00f1oso de los \u00faltimos a\u00f1os. Arranca con una crono en Turin y acaba con otra en Mil\u00e1n (igual que La Vuelta a Espa\u00f1a). En mitad, adem\u00e1s de media docena de etapas llanas, hay mucha &#8216;miga&#8217; monta\u00f1osa, terreno para emboscadas y alg\u00fan tramo de <a href=\"https:\/\/www.giroditalia.it\/es\/tappe\/tappa-11-del-giro-ditalia-2021-perugia-montalcino-brunello-di-montalcino-wine-stage\/\" target=\"_blank\" rel=\"noopener noreferrer\">sterrato<\/a>. Pero vamos a ir a los puertos y a las &#8216;tappone&#8217; que han dise\u00f1ado los italianos para esta edici\u00f3n.<\/p>\n<p>La etapas de alta monta\u00f1a del Giro de Italia 2021 se concentran en la \u00faltima parte de la carrera, con el Zoncolan, la etapa de Dolomitas en Cortina d Ampezzo, la transici\u00f3n por Trento al duro e in\u00e9dito Sega di Ala y la traca final en los Alpes y el Valle de Aosta con el paso a Suiza. Pero en las dos primeras semanas est\u00e1n las etapas que cruzan los Apeninos del centro de Italia. Esto supone terreno quebrado y sin un cent\u00edmetro llano, ideal para romper la carrera. As\u00ed que habr\u00e1 que prestar atenci\u00f3n a la etapa <a href=\"https:\/\/www.giroditalia.it\/es\/tappe\/tappa-6-del-giro-ditalia-2021-grotte-di-frasassi-ascoli-piceno-san-giacomo\/\" target=\"_blank\" rel=\"noopener noreferrer\">sexta<\/a>, primer final en alto en San Giacomo y con 3.400 metros de desnivel y a la <a href=\"https:\/\/www.giroditalia.it\/es\/tappe\/tappa-9-del-giro-ditalia-2021-castel-di-sangro-campo-felice-rocca-di-cambio\/\" target=\"_blank\" rel=\"noopener noreferrer\">novena<\/a> con final en el sterrato de Campo Felice y otros 3.400 metros de desnivel. Como no, la etapa del <a href=\"https:\/\/www.giroditalia.it\/es\/tappe\/tappa-11-del-giro-ditalia-2021-perugia-montalcino-brunello-di-montalcino-wine-stage\/\" target=\"_blank\" rel=\"noopener noreferrer\">sterrato con final en Montalcino<\/a> y 4 tramos de tierra, uno de ellos la subida infernal al Passo de Lume Spento, con 13,5 kil\u00f3metros de tierra. Y al dia siguiente otros 3.700 metros de desnivel por los Apeninos camino de <a href=\"https:\/\/www.giroditalia.it\/es\/tappe\/tappa-12-del-giro-ditalia-2021-siena-bagno-di-romagna\/\" target=\"_blank\" rel=\"noopener noreferrer\">Bagno di Romagna<\/a> y cuatro puertos de monta\u00f1a.<\/p>\n<h2><strong>Etapa 16. Sacile &#8211; Cortina d&#8217;Ampezzo (212 km y 5.700 metros de desnivel)<\/strong><\/h2>\n<p>Ser\u00e1 un lunes 24 de mayo para pedirse libre en el trabajo. La aut\u00e9ntica etapa reina del Giro de Italia en el coraz\u00f3n de los Dolomitas con 212 kil\u00f3metros y 5.700 metros de desnivel (en el Tour rara vez alguna llega a 5.000 metros). Una aut\u00e9ntica brutalidad con tres puertos muy conocidos.<\/p>\n<p>La subida a<a href=\"https:\/\/www.altimetrias.net\/aspbk\/verPuertoW.mobi.asp?id=24\" target=\"_blank\" rel=\"noopener noreferrer\"> La Marmolada (Passo Fedaia)<\/a> es de las habituales del Giro y siempre ha marcado diferencias. Desde Caprile es un puerto largo, 14 kil\u00f3metros, con una media del 7,4%, pero lo m\u00e1s exigente son los cinco kil\u00f3metros finales al 11% de media con la recta de Malga Ciapella, que se acaba haciendo infinita. All\u00ed se visti\u00f3 por primera vez Pantani de rosa en el 98.<\/p>\n<p>Despu\u00e9s el m\u00edtico<a href=\"https:\/\/www.1001puertos.com\/2012\/10\/passo-pordoi-pordoijoch-por-canazei.html?m=0\" target=\"_blank\" rel=\"noopener noreferrer\"> Pordoi,<\/a> que adem\u00e1s ser\u00e1 la Cima Coppi (2.239 metros de altitud). Y es que precisamente Fausto Coppi hizo all\u00ed historia al ganar su primera Giro. Son 13 kil\u00f3metros muy constantes, al 6%. Y para acabar el <a href=\"https:\/\/www.maratona.it\/pics\/Salita_2016_Giau.jpg\" target=\"_blank\" rel=\"noopener noreferrer\">Passo Giau<\/a>, el m\u00e1s desconocido de los tres pero con unos n\u00fameros que hace que te duelan las piernas. 9,9 kil\u00f3metros al 9,3% y lo peor, sin ning\u00fan descansillo. All\u00ed puso contra las cuerdas Ricco a Contador en el Giro del 2008. Qui\u00e9n hay disputado la <a href=\"https:\/\/www.welovecycling.com\/es\/2019\/07\/22\/maratona-de-los-dolomitas\/\" target=\"_blank\" rel=\"noopener noreferrer\">Maratona de los Dolomitas<\/a> lo conoce a la perfecci\u00f3n.<\/p>\n<p><img loading=\"lazy\" decoding=\"async\" class=\"alignnone size-extra-large\" src=\"https:\/\/static2.giroditalia.it\/wp-content\/uploads\/2021\/02\/T16_CortinaAmpezzo_alt_1280x852.jpg?v=20210224155456\" width=\"1280\" height=\"852\" \/><\/p>\n<h2><strong>Etapa 21. Verbania &#8211; Alpe Motta (164 km y 4.200 metros de desnivel)<\/strong><\/h2>\n<p>La pen\u00faltima etapa del Giro acaba en alto en el in\u00e9dito Alpe Motta, atraviesa los Alpes y despu\u00e9s de pasar por Suiza para acumular 164 kil\u00f3metros y 4.200 metros de desnivel. Por el camino hay dos puertos muy diferentes.<\/p>\n<p>Primero en largo <a href=\"http:\/\/www.cyclingcols.com\/profiles\/SanBernardinoS.gif\" target=\"_blank\" rel=\"noopener noreferrer\">Passo de San Bernadino,<\/a> que si lo medimos desde Bellinzona (que es desde donde la carretera empieza a picar) salen 48 kil\u00f3metros al 4% de media. Eso s\u00ed, los \u00faltimos 23 kil\u00f3metros tienen una media del 6,4% con tramos al 10. Un puerto ideal para romper la carrera antes del <a href=\"https:\/\/www.cronoescalada.com\/index.php\/puertos\/view\/11706\/master30\">Passo d Spluga<\/a>, que pese a ser 9 kil\u00f3metros al 7% esconde muchos tramos al 15%.<\/p>\n<p><img loading=\"lazy\" decoding=\"async\" class=\"alignnone size-extra-large\" src=\"https:\/\/static2.giroditalia.it\/wp-content\/uploads\/2021\/02\/T20_Madesimo_alt_1280x852.jpg?v=20210224155310\" width=\"1280\" height=\"852\" \/><\/p>\n<h2><strong>Etapa 14. Citadella &#8211; Monte Zoncolan (205 km y 3.700 metros de desnivel)<\/strong><\/h2>\n<p>Al final de la segunda semana del Giro, el s\u00e1bado 22 de mayo, llega la monta\u00f1a mas dura de Giro 2021. El <a href=\"https:\/\/1.bp.blogspot.com\/-UmYX8mAdpvs\/X3ihXFxoLZI\/AAAAAAACUPI\/YKXmM7LWZew9rclfVydnoBe2Prodg57hgCPcBGAsYHg\/s16000\/ZoncolanE.gif\" target=\"_blank\" rel=\"noopener noreferrer\">Monte Zoncolan<\/a>, pero esta vez no se sube por su lado m\u00e1s exigente y habitual en las \u00faltimas ediciones, el de Ovaro, sino por Sutrio, que es la vertiente por la que venci\u00f3 Gilberto Simoni en el Giro de 2003, aquel que domin\u00f3 frente a Garzelli.<\/p>\n<p>Esta subida al Zoncolan tiene 13 kil\u00f3metros al 9% de media. Lo m\u00e1s exigente viene despu\u00e9s del descansillo a falta de tres para el final. A partir de ah\u00ed todo es a m\u00e1s del 11%, incluso con alguna pared al 23%.<\/p>\n<p><img loading=\"lazy\" decoding=\"async\" class=\"alignnone size-extra-large\" src=\"https:\/\/static2.giroditalia.it\/wp-content\/uploads\/2021\/02\/T14_Zoncolan_alt_1280x852.jpg?v=20210224155446\" width=\"1280\" height=\"852\" \/><\/p>\n<h2><strong>Etapa 17. Canazei &#8211;\u00a0 Sega di Ala (194 km y 3.700 metros de desnivel)<\/strong><\/h2>\n<p>Despu\u00e9s del \u00faltimo d\u00eda de descanso, el mi\u00e9rcoles 26 de mayo la carrera descender\u00e1 desde los Dolomitas hacia Trento y el Lago di Garda y en los 60 kil\u00f3metros finales les aguardan dos puertos de exigencia m\u00e1xima. Primero el <a href=\"https:\/\/www.climbbybike.com\/profile\/Passo-di-San-Valentino\/3091\" target=\"_blank\" rel=\"noopener noreferrer\">Passo de San Valentin<\/a>o desde su vertiente de Avio, 17 kil\u00f3metros al 7,7 % y con un tramo inicial dur\u00edsimo del m\u00e1s de 7% por encima del 10%.<\/p>\n<p>Despu\u00e9s el in\u00e9dito<a href=\"https:\/\/www.cronoescalada.com\/index.php\/puertos\/view\/290\" target=\"_blank\" rel=\"noopener noreferrer\"> Sega di Ala,<\/a> con vistas al Lago di Garda. Por la vertiente que se asciende, la de Sdruzzin\u00e0, son 11 kil\u00f3metros al 9,7% y con un tramo central a m\u00e1s de 12% y m\u00e1s de una rampa al 15 y 17%.<\/p>\n<p><img loading=\"lazy\" decoding=\"async\" class=\"alignnone size-extra-large\" src=\"https:\/\/static2.giroditalia.it\/wp-content\/uploads\/2021\/02\/T17_SegaAla_alt_1280x852-1.jpg?v=20210224163241\" width=\"1280\" height=\"852\" \/><\/p>\n<h2><strong>Etapa 19. Abbiategrasso &#8211;\u00a0 Alpe di Mera (178 km y 3.400 metros de desnivel)<\/strong><\/h2>\n<p>Antes de la \u00faltima etapa de monta\u00f1a en el Valle de Aosta la carrera atraviesa el Piamonte por el Lago Maggiore, para finalizar en el duro Alpe di Mera despu\u00e9s de haber superado Mottarone y Colma di Varallo.<\/p>\n<p>La llegada de <a href=\"https:\/\/www.cyclingcols.com\/col\/Mera\" target=\"_blank\" rel=\"noopener noreferrer\">Alpe di Mera<\/a> es una ascensi\u00f3n de 10 kil\u00f3metros al 8,7% pero que van in crescendo. Lo m\u00e1s duro est\u00e1 en los cinco kil\u00f3metros finales, siempre por encima del 10% y sin ning\u00fan descanso.<img loading=\"lazy\" decoding=\"async\" class=\"alignnone size-extra-large\" src=\"https:\/\/static2.giroditalia.it\/wp-content\/uploads\/2021\/02\/T19_AlpeMera_alt_1280x852.jpg?v=20210224155257\" width=\"1280\" height=\"852\" \/><\/p>\n","protected":false},"excerpt":{"rendered":"<p>Si hay algo que nos gusta de la carrera italiana son su puertos. Las monta\u00f1as del Giro de Italia 2021, [&hellip;]<\/p>\n","protected":false},"author":29,"featured_media":7273,"comment_status":"open","ping_status":"open","sticky":false,"template":"","format":"standard","meta":{"footnotes":""},"categories":[7],"tags":[2106,2103,2102,2104,2105],"global-categories":[1164],"class_list":["post-7271","post","type-post","status-publish","format-standard","has-post-thumbnail","hentry","category-carretera","tag-dolomitas","tag-etapas-giro-2021","tag-giro-2021","tag-montanas-giro-2021","tag-zoncolan","global-categories-cycling"],"yoast_head":"<!-- This site is optimized with the Yoast SEO Premium plugin v25.3 (Yoast SEO v25.9) - https:\/\/yoast.com\/wordpress\/plugins\/seo\/ -->\n<title>Las monta\u00f1as del Giro de Italia 2021 - \u0160koda We Love Cycling - Spain<\/title>\n<meta name=\"description\" content=\"Las monta\u00f1as del Giro de Italia 2021. Los puertos y las etapas mas monta\u00f1osas y decisivas del Giro de Italia de 2021.\" \/>\n<meta name=\"robots\" content=\"index, follow, max-snippet:-1, max-image-preview:large, max-video-preview:-1\" \/>\n<link rel=\"canonical\" href=\"https:\/\/www.welovecycling.com\/es\/2021\/02\/24\/las-montanas-del-giro-de-italia-2021\/\" \/>\n<meta property=\"og:locale\" content=\"es_ES\" \/>\n<meta property=\"og:type\" content=\"article\" \/>\n<meta property=\"og:title\" content=\"Las monta\u00f1as del Giro de Italia 2021\" \/>\n<meta property=\"og:description\" content=\"Las monta\u00f1as del Giro de Italia 2021. Los puertos y las etapas mas monta\u00f1osas y decisivas del Giro de Italia de 2021.\" \/>\n<meta property=\"og:url\" content=\"https:\/\/www.welovecycling.com\/es\/2021\/02\/24\/las-montanas-del-giro-de-italia-2021\/\" \/>\n<meta property=\"og:site_name\" content=\"\u0160koda We Love Cycling - Spain\" \/>\n<meta property=\"article:published_time\" content=\"2021-02-24T19:19:20+00:00\" \/>\n<meta property=\"og:image\" content=\"https:\/\/d2p6e6u75xmxt8.cloudfront.net\/6\/2021\/02\/MARATONA-2018-4.JPG.jpg\" \/>\n\t<meta property=\"og:image:width\" content=\"1024\" \/>\n\t<meta property=\"og:image:height\" content=\"721\" \/>\n\t<meta property=\"og:image:type\" content=\"image\/jpeg\" \/>\n<meta name=\"author\" content=\"We Love Cycling Spain\" \/>\n<meta name=\"twitter:card\" content=\"summary_large_image\" \/>\n<meta name=\"twitter:title\" content=\"Las monta\u00f1as del Giro de Italia 2021\" \/>\n<meta name=\"twitter:description\" content=\"Las monta\u00f1as del Giro de Italia 2021. Los puertos y las etapas mas monta\u00f1osas y decisivas del Giro de Italia de 2021.\" \/>\n<meta name=\"twitter:label1\" content=\"Written by\" \/>\n\t<meta name=\"twitter:data1\" content=\"Luis @Ciclored\" \/>\n\t<meta name=\"twitter:label2\" content=\"Est. reading time\" \/>\n\t<meta name=\"twitter:data2\" content=\"5 minutes\" \/>\n<script type=\"application\/ld+json\" class=\"yoast-schema-graph\">{\"@context\":\"https:\/\/schema.org\",\"@graph\":[{\"@type\":\"WebPage\",\"@id\":\"https:\/\/www.welovecycling.com\/es\/2021\/02\/24\/las-montanas-del-giro-de-italia-2021\/\",\"url\":\"https:\/\/www.welovecycling.com\/es\/2021\/02\/24\/las-montanas-del-giro-de-italia-2021\/\",\"name\":\"Las monta\u00f1as del Giro de Italia 2021 - \u0160koda We Love Cycling - Spain\",\"isPartOf\":{\"@id\":\"https:\/\/www.welovecycling.com\/es\/#website\"},\"primaryImageOfPage\":{\"@id\":\"https:\/\/www.welovecycling.com\/es\/2021\/02\/24\/las-montanas-del-giro-de-italia-2021\/#primaryimage\"},\"image\":{\"@id\":\"https:\/\/www.welovecycling.com\/es\/2021\/02\/24\/las-montanas-del-giro-de-italia-2021\/#primaryimage\"},\"thumbnailUrl\":\"https:\/\/d2p6e6u75xmxt8.cloudfront.net\/6\/2021\/02\/MARATONA-2018-4.JPG.jpg\",\"datePublished\":\"2021-02-24T19:19:20+00:00\",\"author\":{\"@id\":\"https:\/\/www.welovecycling.com\/es\/#\/schema\/person\/deb61715b5812698ee79fb96f343ccd4\"},\"description\":\"Las monta\u00f1as del Giro de Italia 2021. Los puertos y las etapas mas monta\u00f1osas y decisivas del Giro de Italia de 2021.\",\"breadcrumb\":{\"@id\":\"https:\/\/www.welovecycling.com\/es\/2021\/02\/24\/las-montanas-del-giro-de-italia-2021\/#breadcrumb\"},\"inLanguage\":\"es-ES\",\"potentialAction\":[{\"@type\":\"ReadAction\",\"target\":[\"https:\/\/www.welovecycling.com\/es\/2021\/02\/24\/las-montanas-del-giro-de-italia-2021\/\"]}]},{\"@type\":\"ImageObject\",\"inLanguage\":\"es-ES\",\"@id\":\"https:\/\/www.welovecycling.com\/es\/2021\/02\/24\/las-montanas-del-giro-de-italia-2021\/#primaryimage\",\"url\":\"https:\/\/d2p6e6u75xmxt8.cloudfront.net\/6\/2021\/02\/MARATONA-2018-4.JPG.jpg\",\"contentUrl\":\"https:\/\/d2p6e6u75xmxt8.cloudfront.net\/6\/2021\/02\/MARATONA-2018-4.JPG.jpg\",\"width\":1024,\"height\":721},{\"@type\":\"BreadcrumbList\",\"@id\":\"https:\/\/www.welovecycling.com\/es\/2021\/02\/24\/las-montanas-del-giro-de-italia-2021\/#breadcrumb\",\"itemListElement\":[{\"@type\":\"ListItem\",\"position\":1,\"name\":\"Home\",\"item\":\"https:\/\/www.welovecycling.com\/es\/\"},{\"@type\":\"ListItem\",\"position\":2,\"name\":\"Las monta\u00f1as del Giro de Italia 2021\"}]},{\"@type\":\"WebSite\",\"@id\":\"https:\/\/www.welovecycling.com\/es\/#website\",\"url\":\"https:\/\/www.welovecycling.com\/es\/\",\"name\":\"\u0160koda We Love Cycling - Spain\",\"description\":\"\u0160koda WeLoveCycling Spain\",\"potentialAction\":[{\"@type\":\"SearchAction\",\"target\":{\"@type\":\"EntryPoint\",\"urlTemplate\":\"https:\/\/www.welovecycling.com\/es\/?s={search_term_string}\"},\"query-input\":{\"@type\":\"PropertyValueSpecification\",\"valueRequired\":true,\"valueName\":\"search_term_string\"}}],\"inLanguage\":\"es-ES\"},{\"@type\":\"Person\",\"@id\":\"https:\/\/www.welovecycling.com\/es\/#\/schema\/person\/deb61715b5812698ee79fb96f343ccd4\",\"name\":\"We Love Cycling Spain\",\"image\":{\"@type\":\"ImageObject\",\"inLanguage\":\"es-ES\",\"@id\":\"https:\/\/www.welovecycling.com\/es\/#\/schema\/person\/image\/\",\"url\":\"https:\/\/secure.gravatar.com\/avatar\/c824b04e6df0e37a03219d0b6481672889df542894588964102459e46513159c?s=96&d=mm&r=g\",\"contentUrl\":\"https:\/\/secure.gravatar.com\/avatar\/c824b04e6df0e37a03219d0b6481672889df542894588964102459e46513159c?s=96&d=mm&r=g\",\"caption\":\"We Love Cycling Spain\"},\"url\":\"https:\/\/www.welovecycling.com\/es\/author\/amunoz\/\"}]}<\/script>\n<!-- \/ Yoast SEO Premium plugin. -->","yoast_head_json":{"title":"Las monta\u00f1as del Giro de Italia 2021 - \u0160koda We Love Cycling - Spain","description":"Las monta\u00f1as del Giro de Italia 2021. Los puertos y las etapas mas monta\u00f1osas y decisivas del Giro de Italia de 2021.","robots":{"index":"index","follow":"follow","max-snippet":"max-snippet:-1","max-image-preview":"max-image-preview:large","max-video-preview":"max-video-preview:-1"},"canonical":"https:\/\/www.welovecycling.com\/es\/2021\/02\/24\/las-montanas-del-giro-de-italia-2021\/","og_locale":"es_ES","og_type":"article","og_title":"Las monta\u00f1as del Giro de Italia 2021","og_description":"Las monta\u00f1as del Giro de Italia 2021. Los puertos y las etapas mas monta\u00f1osas y decisivas del Giro de Italia de 2021.","og_url":"https:\/\/www.welovecycling.com\/es\/2021\/02\/24\/las-montanas-del-giro-de-italia-2021\/","og_site_name":"\u0160koda We Love Cycling - Spain","article_published_time":"2021-02-24T19:19:20+00:00","og_image":[{"width":1024,"height":721,"url":"https:\/\/d2p6e6u75xmxt8.cloudfront.net\/6\/2021\/02\/MARATONA-2018-4.JPG.jpg","type":"image\/jpeg"}],"author":"We Love Cycling Spain","twitter_card":"summary_large_image","twitter_title":"Las monta\u00f1as del Giro de Italia 2021","twitter_description":"Las monta\u00f1as del Giro de Italia 2021. Los puertos y las etapas mas monta\u00f1osas y decisivas del Giro de Italia de 2021.","twitter_misc":{"Written by":"Luis @Ciclored","Est. reading time":"5 minutes"},"schema":{"@context":"https:\/\/schema.org","@graph":[{"@type":"WebPage","@id":"https:\/\/www.welovecycling.com\/es\/2021\/02\/24\/las-montanas-del-giro-de-italia-2021\/","url":"https:\/\/www.welovecycling.com\/es\/2021\/02\/24\/las-montanas-del-giro-de-italia-2021\/","name":"Las monta\u00f1as del Giro de Italia 2021 - \u0160koda We Love Cycling - Spain","isPartOf":{"@id":"https:\/\/www.welovecycling.com\/es\/#website"},"primaryImageOfPage":{"@id":"https:\/\/www.welovecycling.com\/es\/2021\/02\/24\/las-montanas-del-giro-de-italia-2021\/#primaryimage"},"image":{"@id":"https:\/\/www.welovecycling.com\/es\/2021\/02\/24\/las-montanas-del-giro-de-italia-2021\/#primaryimage"},"thumbnailUrl":"https:\/\/d2p6e6u75xmxt8.cloudfront.net\/6\/2021\/02\/MARATONA-2018-4.JPG.jpg","datePublished":"2021-02-24T19:19:20+00:00","author":{"@id":"https:\/\/www.welovecycling.com\/es\/#\/schema\/person\/deb61715b5812698ee79fb96f343ccd4"},"description":"Las monta\u00f1as del Giro de Italia 2021. Los puertos y las etapas mas monta\u00f1osas y decisivas del Giro de Italia de 2021.","breadcrumb":{"@id":"https:\/\/www.welovecycling.com\/es\/2021\/02\/24\/las-montanas-del-giro-de-italia-2021\/#breadcrumb"},"inLanguage":"es-ES","potentialAction":[{"@type":"ReadAction","target":["https:\/\/www.welovecycling.com\/es\/2021\/02\/24\/las-montanas-del-giro-de-italia-2021\/"]}]},{"@type":"ImageObject","inLanguage":"es-ES","@id":"https:\/\/www.welovecycling.com\/es\/2021\/02\/24\/las-montanas-del-giro-de-italia-2021\/#primaryimage","url":"https:\/\/d2p6e6u75xmxt8.cloudfront.net\/6\/2021\/02\/MARATONA-2018-4.JPG.jpg","contentUrl":"https:\/\/d2p6e6u75xmxt8.cloudfront.net\/6\/2021\/02\/MARATONA-2018-4.JPG.jpg","width":1024,"height":721},{"@type":"BreadcrumbList","@id":"https:\/\/www.welovecycling.com\/es\/2021\/02\/24\/las-montanas-del-giro-de-italia-2021\/#breadcrumb","itemListElement":[{"@type":"ListItem","position":1,"name":"Home","item":"https:\/\/www.welovecycling.com\/es\/"},{"@type":"ListItem","position":2,"name":"Las monta\u00f1as del Giro de Italia 2021"}]},{"@type":"WebSite","@id":"https:\/\/www.welovecycling.com\/es\/#website","url":"https:\/\/www.welovecycling.com\/es\/","name":"\u0160koda We Love Cycling - Spain","description":"\u0160koda WeLoveCycling Spain","potentialAction":[{"@type":"SearchAction","target":{"@type":"EntryPoint","urlTemplate":"https:\/\/www.welovecycling.com\/es\/?s={search_term_string}"},"query-input":{"@type":"PropertyValueSpecification","valueRequired":true,"valueName":"search_term_string"}}],"inLanguage":"es-ES"},{"@type":"Person","@id":"https:\/\/www.welovecycling.com\/es\/#\/schema\/person\/deb61715b5812698ee79fb96f343ccd4","name":"We Love Cycling Spain","image":{"@type":"ImageObject","inLanguage":"es-ES","@id":"https:\/\/www.welovecycling.com\/es\/#\/schema\/person\/image\/","url":"https:\/\/secure.gravatar.com\/avatar\/c824b04e6df0e37a03219d0b6481672889df542894588964102459e46513159c?s=96&d=mm&r=g","contentUrl":"https:\/\/secure.gravatar.com\/avatar\/c824b04e6df0e37a03219d0b6481672889df542894588964102459e46513159c?s=96&d=mm&r=g","caption":"We Love Cycling Spain"},"url":"https:\/\/www.welovecycling.com\/es\/author\/amunoz\/"}]}},"_links":{"self":[{"href":"https:\/\/www.welovecycling.com\/es\/wp-json\/wp\/v2\/posts\/7271","targetHints":{"allow":["GET"]}}],"collection":[{"href":"https:\/\/www.welovecycling.com\/es\/wp-json\/wp\/v2\/posts"}],"about":[{"href":"https:\/\/www.welovecycling.com\/es\/wp-json\/wp\/v2\/types\/post"}],"author":[{"embeddable":true,"href":"https:\/\/www.welovecycling.com\/es\/wp-json\/wp\/v2\/users\/29"}],"replies":[{"embeddable":true,"href":"https:\/\/www.welovecycling.com\/es\/wp-json\/wp\/v2\/comments?post=7271"}],"version-history":[{"count":2,"href":"https:\/\/www.welovecycling.com\/es\/wp-json\/wp\/v2\/posts\/7271\/revisions"}],"predecessor-version":[{"id":7274,"href":"https:\/\/www.welovecycling.com\/es\/wp-json\/wp\/v2\/posts\/7271\/revisions\/7274"}],"wp:featuredmedia":[{"embeddable":true,"href":"https:\/\/www.welovecycling.com\/es\/wp-json\/wp\/v2\/media\/7273"}],"wp:attachment":[{"href":"https:\/\/www.welovecycling.com\/es\/wp-json\/wp\/v2\/media?parent=7271"}],"wp:term":[{"taxonomy":"category","embeddable":true,"href":"https:\/\/www.welovecycling.com\/es\/wp-json\/wp\/v2\/categories?post=7271"},{"taxonomy":"post_tag","embeddable":true,"href":"https:\/\/www.welovecycling.com\/es\/wp-json\/wp\/v2\/tags?post=7271"},{"taxonomy":"global-categories","embeddable":true,"href":"https:\/\/www.welovecycling.com\/es\/wp-json\/wp\/v2\/global-categories?post=7271"}],"curies":[{"name":"wp","href":"https:\/\/api.w.org\/{rel}","templated":true}]}}