{"id":7260,"date":"2021-02-22T19:12:57","date_gmt":"2021-02-22T17:12:57","guid":{"rendered":"https:\/\/www.welovecycling.com\/es\/?p=7260"},"modified":"2021-02-22T19:12:57","modified_gmt":"2021-02-22T17:12:57","slug":"ventajas-y-desventajas-de-las-ebike","status":"publish","type":"post","link":"https:\/\/www.welovecycling.com\/es\/2021\/02\/22\/ventajas-y-desventajas-de-las-ebike\/","title":{"rendered":"Ventajas y desventajas de las ebike"},"content":{"rendered":"<p><strong>Nadie duda que las ebike han llegado para quedarse. En 2019 el crecimiento de <a href=\"https:\/\/www.tradebike.es\/bikecracia\/20200714\/ventas-e-bikes-crecieron-23-europa-durante-2019.aspx\">ventas fue del 23%<\/a> con respecto al a\u00f1o anterior y en el pasado 2020 ha seguido aumentando. Ahora, con las consecuencias de la pandemia, a\u00fan m\u00e1s. Pero al plantearte comprar una bicicleta el\u00e9ctrica debes tener varios aspectos en cuenta, porque como en todo, hay ventajas y desventajas de conducir una ebike.<\/strong><br \/>\n<!--more--><br \/>\nLo primero para adentrarte en el mercado de las ebike es tener clara la utilidad que le pretendes dar la bici. Desde personas que viven en grandes ciudades y quieren a trabajar de una forma r\u00e1pida y sin sudar, a familias de \u00e1mbitos rurales que se quieren <strong>desplazar sin contaminar,<\/strong> ciclistas de MTB que no quieren sufrir subiendo cuestas, o usuarios que empiezan en esto de la bicicleta y prefieren tener un margen de seguridad por si se quedan sin fuerzas.<\/p>\n<p>Ahora mismo los nuevos modelos de ebikes, m\u00e1s ligeras, con bater\u00edas m\u00e1s duraderas, <a href=\"https:\/\/www.welovecycling.com\/es\/2021\/02\/20\/ebike-2026\/\">motores m\u00e1s avanzados<\/a> y con apariencia menos aparatosa, son capaces de llegar a casi todos los sectores del mercado ciclista, por eso no vamos a descartar ninguno.<\/p>\n<h3><strong>Bicicleta el\u00e9ctricas para carretera<\/strong><\/h3>\n<p>Las nuevas ebikes de carretera ya han conseguido solucionar uno de los problemas de los que adolec\u00edan los primeros modelos, que no se asemejaban a una bicicleta de carretera. Ahora mismo, salvo alg\u00fan detalle, como el eje de pedalier m\u00e1s ancho, <strong>no es f\u00e1cil diferenciar una ebike de carretera de una que no lo es<\/strong>. Eso s\u00ed, la normativa solo permite ayudar al pedaleo hasta que se alcanzan los 25 km\/h, lo que las hace muy \u00fatiles en subida y no tanto en el llano.<\/p>\n<p><img loading=\"lazy\" decoding=\"async\" class=\"alignnone\" src=\"https:\/\/www.orbea.com\/img\/products\/product\/zoom\/L343TTCC-YR-SIDE-GAIN_M10i_M_VEH_NEG_2409.jpg\" alt=\"\" width=\"1620\" height=\"1400\" \/>La gran ventaja de las ebikes de carretera es que permite a <strong>m\u00e1s usuarios afrontar un deporte que es duro<\/strong> de por s\u00ed y\u00a0 llegar hasta los lugares que ven a sus \u00eddolos ciclistas. Una bicicleta de carretera el\u00e9ctrica permite a un ciclista poco entrenado hacer etapas de larga distancia y subir puertos de grandes desniveles. Y con un triple beneficio, le ayuda a hacer deporte sin miedo a quedarse tirado, a socializar con otros ciclistas aunque su nivel sea superior y a engancharse a una actividad para la que requerir\u00eda horas de entrenamiento de las que no dispone.<\/p>\n<p>Entre los <strong>problemas, sobre todo los t\u00e9cnicos<\/strong>. Pese a que las bater\u00edas han evolucionado y cada vez duran m\u00e1s, conviene ir economizando el gasto para no quedarse &#8216;vac\u00edo&#8217; a mitad de la ruta, lo que supondr\u00eda arrastrar una bicicleta de m\u00e1s de 12 kilos. La velocidad de carga de las bater\u00edas tampoco es r\u00e1pida, por lo que pararse a mitad de camino a recargar no es una soluci\u00f3n y si no hay estaciones de carga (por ahora son muy escasas) tambi\u00e9n debes llevar el adaptador.\u00a0 Tambi\u00e9n el<strong> precio<\/strong>, porque rara vez bajan de 3.000 euros, aunque con el paso del tiempo se har\u00e1n m\u00e1s asequibles.<\/p>\n<h3><strong>Bicicleta el\u00e9ctricas para MTB<\/strong><\/h3>\n<p>Las bicicletas el\u00e9ctricas MTB fueron las primeras en aparecer y ya ocupan una cuota de mercado muy alta, sobre todo entre el sector m\u00e1s &#8216;heavy&#8217;. <strong>Downhill y Enduro<\/strong> son el sector donde las ebikes est\u00e1n alcanzando unos niveles de compra muy altos. La raz\u00f3n y la gran ventaja son sencillas, disminuyen las exigencias t\u00e9cnicas y f\u00edsicas de los ciclistas y hacen las rutas m\u00e1s accesibles. Y es que el motor no solo &#8216;echa&#8217; una mano para <strong>superar traileras y senderos complicados<\/strong> en subida, sino que con su peso facilitar muchas de las bajadas.<\/p>\n<p>Pero la bicicleta de MTB el\u00e9ctrica tambi\u00e9n ha dado el salto a los modelos m\u00e1s <strong>&#8216;maratonianos&#8217; e incluso al cicloturismo de alforjas<\/strong>, y permiten pasar m\u00e1s tiempo encima de la bici sin tener que bajarse al llegar a terrenos quebrados.<a href=\"https:\/\/d2p6e6u75xmxt8.cloudfront.net\/6\/2018\/01\/Ebike-Unibike-2017-33.jpg\"><img loading=\"lazy\" decoding=\"async\" class=\"aligncenter size-large wp-image-2203\" src=\"https:\/\/d2p6e6u75xmxt8.cloudfront.net\/6\/2018\/01\/Ebike-Unibike-2017-33-1024x768.jpg\" alt=\"\" width=\"1024\" height=\"768\" srcset=\"https:\/\/d2p6e6u75xmxt8.cloudfront.net\/6\/2018\/01\/Ebike-Unibike-2017-33-1024x768.jpg 1024w, https:\/\/d2p6e6u75xmxt8.cloudfront.net\/6\/2018\/01\/Ebike-Unibike-2017-33-300x225.jpg 300w, https:\/\/d2p6e6u75xmxt8.cloudfront.net\/6\/2018\/01\/Ebike-Unibike-2017-33-768x576.jpg 768w, https:\/\/d2p6e6u75xmxt8.cloudfront.net\/6\/2018\/01\/Ebike-Unibike-2017-33.jpg 1280w\" sizes=\"auto, (max-width: 1024px) 100vw, 1024px\" \/><\/a><\/p>\n<p>El gran inconveniente de las ebike, sobre todo en Enduro y Downhill, son los <strong>problemas mec\u00e1nicos<\/strong> que acarrean motivados por una conducci\u00f3n extrema. Algunos golpes, pese a que las partes del motor y las bater\u00edas est\u00e1n protegidas, son inevitables y acaban dejando en off el pedaleo asistido. Adem\u00e1s de suponer un mantenimiento m\u00e1s costoso.<\/p>\n<h3><strong>Bicicleta el\u00e9ctricas para ciudad\/rural<\/strong><\/h3>\n<p>El gran impulso de las ebikes para el transporte urbano vino desde las administraciones. Los servicios de a<strong>lquiler de bicicletas el\u00e9ctricas<\/strong> en las grandes y medianas ciudades espa\u00f1olas han ayudado a convertirlas en un medio de desplazamiento m\u00e1s, aunque con desigual \u00e9xito dependiendo de la urbe.<\/p>\n<p><a href=\"https:\/\/d2p6e6u75xmxt8.cloudfront.net\/6\/2020\/12\/Calamus-profimedia-0475729517.jpg\"><img loading=\"lazy\" decoding=\"async\" class=\"size-large wp-image-6991\" src=\"https:\/\/d2p6e6u75xmxt8.cloudfront.net\/6\/2020\/12\/Calamus-profimedia-0475729517-1024x682.jpg\" alt=\"\" width=\"1024\" height=\"682\" srcset=\"https:\/\/d2p6e6u75xmxt8.cloudfront.net\/6\/2020\/12\/Calamus-profimedia-0475729517-1024x682.jpg 1024w, https:\/\/d2p6e6u75xmxt8.cloudfront.net\/6\/2020\/12\/Calamus-profimedia-0475729517-300x200.jpg 300w, https:\/\/d2p6e6u75xmxt8.cloudfront.net\/6\/2020\/12\/Calamus-profimedia-0475729517-768x511.jpg 768w, https:\/\/d2p6e6u75xmxt8.cloudfront.net\/6\/2020\/12\/Calamus-profimedia-0475729517-272x182.jpg 272w, https:\/\/d2p6e6u75xmxt8.cloudfront.net\/6\/2020\/12\/Calamus-profimedia-0475729517.jpg 1250w\" sizes=\"auto, (max-width: 1024px) 100vw, 1024px\" \/><\/a><\/p>\n<p>La gran utilidad de una ebike para la ciudad, sobre todo si es de alquiler, es que solo la empleas en el tiempo que la necesitas y te permite desplazarte de forma r\u00e1pida sin sudar. En el caso de que la quieras comprar cuentas con esas ventajas, pero tambi\u00e9n con el inconveniente del aparcamiento (dejarla en la calle es un riesgo) y hay<strong> pocos parking cerrados para bicicletas<\/strong> y acarrearla por escaleras y ascensores no es sencillo por su peso.<\/p>\n<p>En el caso de los<strong> municipios peque\u00f1os y \u00e1mbitos rurales<\/strong> solo existe la opci\u00f3n de comprar una ebike. La gran ventaja es que se pueden cubrir grandes distancias, incluso ir entre pueblos, y utilizarla para transportar peque\u00f1os objetos con las alforjas.<\/p>\n","protected":false},"excerpt":{"rendered":"<p>Nadie duda que las ebike han llegado para quedarse. En 2019 el crecimiento de ventas fue del 23% con respecto [&hellip;]<\/p>\n","protected":false},"author":29,"featured_media":2204,"comment_status":"open","ping_status":"open","sticky":false,"template":"","format":"standard","meta":{"footnotes":""},"categories":[7,9,6],"tags":[],"global-categories":[1164],"class_list":["post-7260","post","type-post","status-publish","format-standard","has-post-thumbnail","hentry","category-carretera","category-mtb-aventura","category-urban","global-categories-cycling"],"yoast_head":"<!-- This site is optimized with the Yoast SEO Premium plugin v25.3 (Yoast SEO v25.9) - https:\/\/yoast.com\/wordpress\/plugins\/seo\/ -->\n<title>Ventajas y desventajas de las ebike - \u0160koda We Love Cycling - Spain<\/title>\n<meta name=\"description\" content=\"Ventajas y desventajas de la ebike. Te ayudamos a elegir la bicicleta el\u00e9ctrica que necesitas tanto para MTB, carretera o urbana.\" \/>\n<meta name=\"robots\" content=\"index, follow, max-snippet:-1, max-image-preview:large, max-video-preview:-1\" \/>\n<link rel=\"canonical\" href=\"https:\/\/www.welovecycling.com\/es\/2021\/02\/22\/ventajas-y-desventajas-de-las-ebike\/\" \/>\n<meta property=\"og:locale\" content=\"es_ES\" \/>\n<meta property=\"og:type\" content=\"article\" \/>\n<meta property=\"og:title\" content=\"Ventajas y desventajas de las ebike\" \/>\n<meta property=\"og:description\" content=\"Ventajas y desventajas de la ebike. Te ayudamos a elegir la bicicleta el\u00e9ctrica que necesitas tanto para MTB, carretera o urbana.\" \/>\n<meta property=\"og:url\" content=\"https:\/\/www.welovecycling.com\/es\/2021\/02\/22\/ventajas-y-desventajas-de-las-ebike\/\" \/>\n<meta property=\"og:site_name\" content=\"\u0160koda We Love Cycling - Spain\" \/>\n<meta property=\"article:published_time\" content=\"2021-02-22T17:12:57+00:00\" \/>\n<meta property=\"og:image\" content=\"https:\/\/d2p6e6u75xmxt8.cloudfront.net\/6\/2018\/01\/Ebike-Unibike-2017-30-e1614013814798.jpg\" \/>\n\t<meta property=\"og:image:width\" content=\"1280\" \/>\n\t<meta property=\"og:image:height\" content=\"729\" \/>\n\t<meta property=\"og:image:type\" content=\"image\/jpeg\" \/>\n<meta name=\"author\" content=\"We Love Cycling Spain\" \/>\n<meta name=\"twitter:card\" content=\"summary_large_image\" \/>\n<meta name=\"twitter:label1\" content=\"Written by\" \/>\n\t<meta name=\"twitter:data1\" content=\"Luis Ortega @ciclored\" \/>\n\t<meta name=\"twitter:label2\" content=\"Est. reading time\" \/>\n\t<meta name=\"twitter:data2\" content=\"4 minutes\" \/>\n<script type=\"application\/ld+json\" class=\"yoast-schema-graph\">{\"@context\":\"https:\/\/schema.org\",\"@graph\":[{\"@type\":\"WebPage\",\"@id\":\"https:\/\/www.welovecycling.com\/es\/2021\/02\/22\/ventajas-y-desventajas-de-las-ebike\/\",\"url\":\"https:\/\/www.welovecycling.com\/es\/2021\/02\/22\/ventajas-y-desventajas-de-las-ebike\/\",\"name\":\"Ventajas y desventajas de las ebike - \u0160koda We Love Cycling - Spain\",\"isPartOf\":{\"@id\":\"https:\/\/www.welovecycling.com\/es\/#website\"},\"primaryImageOfPage\":{\"@id\":\"https:\/\/www.welovecycling.com\/es\/2021\/02\/22\/ventajas-y-desventajas-de-las-ebike\/#primaryimage\"},\"image\":{\"@id\":\"https:\/\/www.welovecycling.com\/es\/2021\/02\/22\/ventajas-y-desventajas-de-las-ebike\/#primaryimage\"},\"thumbnailUrl\":\"https:\/\/d2p6e6u75xmxt8.cloudfront.net\/6\/2018\/01\/Ebike-Unibike-2017-30-e1614013814798.jpg\",\"datePublished\":\"2021-02-22T17:12:57+00:00\",\"author\":{\"@id\":\"https:\/\/www.welovecycling.com\/es\/#\/schema\/person\/deb61715b5812698ee79fb96f343ccd4\"},\"description\":\"Ventajas y desventajas de la ebike. Te ayudamos a elegir la bicicleta el\u00e9ctrica que necesitas tanto para MTB, carretera o urbana.\",\"breadcrumb\":{\"@id\":\"https:\/\/www.welovecycling.com\/es\/2021\/02\/22\/ventajas-y-desventajas-de-las-ebike\/#breadcrumb\"},\"inLanguage\":\"es-ES\",\"potentialAction\":[{\"@type\":\"ReadAction\",\"target\":[\"https:\/\/www.welovecycling.com\/es\/2021\/02\/22\/ventajas-y-desventajas-de-las-ebike\/\"]}]},{\"@type\":\"ImageObject\",\"inLanguage\":\"es-ES\",\"@id\":\"https:\/\/www.welovecycling.com\/es\/2021\/02\/22\/ventajas-y-desventajas-de-las-ebike\/#primaryimage\",\"url\":\"https:\/\/d2p6e6u75xmxt8.cloudfront.net\/6\/2018\/01\/Ebike-Unibike-2017-30-e1614013814798.jpg\",\"contentUrl\":\"https:\/\/d2p6e6u75xmxt8.cloudfront.net\/6\/2018\/01\/Ebike-Unibike-2017-30-e1614013814798.jpg\",\"width\":1280,\"height\":729},{\"@type\":\"BreadcrumbList\",\"@id\":\"https:\/\/www.welovecycling.com\/es\/2021\/02\/22\/ventajas-y-desventajas-de-las-ebike\/#breadcrumb\",\"itemListElement\":[{\"@type\":\"ListItem\",\"position\":1,\"name\":\"Home\",\"item\":\"https:\/\/www.welovecycling.com\/es\/\"},{\"@type\":\"ListItem\",\"position\":2,\"name\":\"Ventajas y desventajas de las ebike\"}]},{\"@type\":\"WebSite\",\"@id\":\"https:\/\/www.welovecycling.com\/es\/#website\",\"url\":\"https:\/\/www.welovecycling.com\/es\/\",\"name\":\"\u0160koda We Love Cycling - Spain\",\"description\":\"\u0160koda WeLoveCycling Spain\",\"potentialAction\":[{\"@type\":\"SearchAction\",\"target\":{\"@type\":\"EntryPoint\",\"urlTemplate\":\"https:\/\/www.welovecycling.com\/es\/?s={search_term_string}\"},\"query-input\":{\"@type\":\"PropertyValueSpecification\",\"valueRequired\":true,\"valueName\":\"search_term_string\"}}],\"inLanguage\":\"es-ES\"},{\"@type\":\"Person\",\"@id\":\"https:\/\/www.welovecycling.com\/es\/#\/schema\/person\/deb61715b5812698ee79fb96f343ccd4\",\"name\":\"We Love Cycling Spain\",\"image\":{\"@type\":\"ImageObject\",\"inLanguage\":\"es-ES\",\"@id\":\"https:\/\/www.welovecycling.com\/es\/#\/schema\/person\/image\/\",\"url\":\"https:\/\/secure.gravatar.com\/avatar\/c824b04e6df0e37a03219d0b6481672889df542894588964102459e46513159c?s=96&d=mm&r=g\",\"contentUrl\":\"https:\/\/secure.gravatar.com\/avatar\/c824b04e6df0e37a03219d0b6481672889df542894588964102459e46513159c?s=96&d=mm&r=g\",\"caption\":\"We Love Cycling Spain\"},\"url\":\"https:\/\/www.welovecycling.com\/es\/author\/amunoz\/\"}]}<\/script>\n<!-- \/ Yoast SEO Premium plugin. -->","yoast_head_json":{"title":"Ventajas y desventajas de las ebike - \u0160koda We Love Cycling - Spain","description":"Ventajas y desventajas de la ebike. Te ayudamos a elegir la bicicleta el\u00e9ctrica que necesitas tanto para MTB, carretera o urbana.","robots":{"index":"index","follow":"follow","max-snippet":"max-snippet:-1","max-image-preview":"max-image-preview:large","max-video-preview":"max-video-preview:-1"},"canonical":"https:\/\/www.welovecycling.com\/es\/2021\/02\/22\/ventajas-y-desventajas-de-las-ebike\/","og_locale":"es_ES","og_type":"article","og_title":"Ventajas y desventajas de las ebike","og_description":"Ventajas y desventajas de la ebike. Te ayudamos a elegir la bicicleta el\u00e9ctrica que necesitas tanto para MTB, carretera o urbana.","og_url":"https:\/\/www.welovecycling.com\/es\/2021\/02\/22\/ventajas-y-desventajas-de-las-ebike\/","og_site_name":"\u0160koda We Love Cycling - Spain","article_published_time":"2021-02-22T17:12:57+00:00","og_image":[{"width":1280,"height":729,"url":"https:\/\/d2p6e6u75xmxt8.cloudfront.net\/6\/2018\/01\/Ebike-Unibike-2017-30-e1614013814798.jpg","type":"image\/jpeg"}],"author":"We Love Cycling Spain","twitter_card":"summary_large_image","twitter_misc":{"Written by":"Luis Ortega @ciclored","Est. reading time":"4 minutes"},"schema":{"@context":"https:\/\/schema.org","@graph":[{"@type":"WebPage","@id":"https:\/\/www.welovecycling.com\/es\/2021\/02\/22\/ventajas-y-desventajas-de-las-ebike\/","url":"https:\/\/www.welovecycling.com\/es\/2021\/02\/22\/ventajas-y-desventajas-de-las-ebike\/","name":"Ventajas y desventajas de las ebike - \u0160koda We Love Cycling - Spain","isPartOf":{"@id":"https:\/\/www.welovecycling.com\/es\/#website"},"primaryImageOfPage":{"@id":"https:\/\/www.welovecycling.com\/es\/2021\/02\/22\/ventajas-y-desventajas-de-las-ebike\/#primaryimage"},"image":{"@id":"https:\/\/www.welovecycling.com\/es\/2021\/02\/22\/ventajas-y-desventajas-de-las-ebike\/#primaryimage"},"thumbnailUrl":"https:\/\/d2p6e6u75xmxt8.cloudfront.net\/6\/2018\/01\/Ebike-Unibike-2017-30-e1614013814798.jpg","datePublished":"2021-02-22T17:12:57+00:00","author":{"@id":"https:\/\/www.welovecycling.com\/es\/#\/schema\/person\/deb61715b5812698ee79fb96f343ccd4"},"description":"Ventajas y desventajas de la ebike. Te ayudamos a elegir la bicicleta el\u00e9ctrica que necesitas tanto para MTB, carretera o urbana.","breadcrumb":{"@id":"https:\/\/www.welovecycling.com\/es\/2021\/02\/22\/ventajas-y-desventajas-de-las-ebike\/#breadcrumb"},"inLanguage":"es-ES","potentialAction":[{"@type":"ReadAction","target":["https:\/\/www.welovecycling.com\/es\/2021\/02\/22\/ventajas-y-desventajas-de-las-ebike\/"]}]},{"@type":"ImageObject","inLanguage":"es-ES","@id":"https:\/\/www.welovecycling.com\/es\/2021\/02\/22\/ventajas-y-desventajas-de-las-ebike\/#primaryimage","url":"https:\/\/d2p6e6u75xmxt8.cloudfront.net\/6\/2018\/01\/Ebike-Unibike-2017-30-e1614013814798.jpg","contentUrl":"https:\/\/d2p6e6u75xmxt8.cloudfront.net\/6\/2018\/01\/Ebike-Unibike-2017-30-e1614013814798.jpg","width":1280,"height":729},{"@type":"BreadcrumbList","@id":"https:\/\/www.welovecycling.com\/es\/2021\/02\/22\/ventajas-y-desventajas-de-las-ebike\/#breadcrumb","itemListElement":[{"@type":"ListItem","position":1,"name":"Home","item":"https:\/\/www.welovecycling.com\/es\/"},{"@type":"ListItem","position":2,"name":"Ventajas y desventajas de las ebike"}]},{"@type":"WebSite","@id":"https:\/\/www.welovecycling.com\/es\/#website","url":"https:\/\/www.welovecycling.com\/es\/","name":"\u0160koda We Love Cycling - Spain","description":"\u0160koda WeLoveCycling Spain","potentialAction":[{"@type":"SearchAction","target":{"@type":"EntryPoint","urlTemplate":"https:\/\/www.welovecycling.com\/es\/?s={search_term_string}"},"query-input":{"@type":"PropertyValueSpecification","valueRequired":true,"valueName":"search_term_string"}}],"inLanguage":"es-ES"},{"@type":"Person","@id":"https:\/\/www.welovecycling.com\/es\/#\/schema\/person\/deb61715b5812698ee79fb96f343ccd4","name":"We Love Cycling Spain","image":{"@type":"ImageObject","inLanguage":"es-ES","@id":"https:\/\/www.welovecycling.com\/es\/#\/schema\/person\/image\/","url":"https:\/\/secure.gravatar.com\/avatar\/c824b04e6df0e37a03219d0b6481672889df542894588964102459e46513159c?s=96&d=mm&r=g","contentUrl":"https:\/\/secure.gravatar.com\/avatar\/c824b04e6df0e37a03219d0b6481672889df542894588964102459e46513159c?s=96&d=mm&r=g","caption":"We Love Cycling Spain"},"url":"https:\/\/www.welovecycling.com\/es\/author\/amunoz\/"}]}},"_links":{"self":[{"href":"https:\/\/www.welovecycling.com\/es\/wp-json\/wp\/v2\/posts\/7260","targetHints":{"allow":["GET"]}}],"collection":[{"href":"https:\/\/www.welovecycling.com\/es\/wp-json\/wp\/v2\/posts"}],"about":[{"href":"https:\/\/www.welovecycling.com\/es\/wp-json\/wp\/v2\/types\/post"}],"author":[{"embeddable":true,"href":"https:\/\/www.welovecycling.com\/es\/wp-json\/wp\/v2\/users\/29"}],"replies":[{"embeddable":true,"href":"https:\/\/www.welovecycling.com\/es\/wp-json\/wp\/v2\/comments?post=7260"}],"version-history":[{"count":2,"href":"https:\/\/www.welovecycling.com\/es\/wp-json\/wp\/v2\/posts\/7260\/revisions"}],"predecessor-version":[{"id":7262,"href":"https:\/\/www.welovecycling.com\/es\/wp-json\/wp\/v2\/posts\/7260\/revisions\/7262"}],"wp:featuredmedia":[{"embeddable":true,"href":"https:\/\/www.welovecycling.com\/es\/wp-json\/wp\/v2\/media\/2204"}],"wp:attachment":[{"href":"https:\/\/www.welovecycling.com\/es\/wp-json\/wp\/v2\/media?parent=7260"}],"wp:term":[{"taxonomy":"category","embeddable":true,"href":"https:\/\/www.welovecycling.com\/es\/wp-json\/wp\/v2\/categories?post=7260"},{"taxonomy":"post_tag","embeddable":true,"href":"https:\/\/www.welovecycling.com\/es\/wp-json\/wp\/v2\/tags?post=7260"},{"taxonomy":"global-categories","embeddable":true,"href":"https:\/\/www.welovecycling.com\/es\/wp-json\/wp\/v2\/global-categories?post=7260"}],"curies":[{"name":"wp","href":"https:\/\/api.w.org\/{rel}","templated":true}]}}