{"id":7248,"date":"2021-02-23T20:50:23","date_gmt":"2021-02-23T18:50:23","guid":{"rendered":"https:\/\/www.welovecycling.com\/es\/?p=7248"},"modified":"2021-02-19T21:10:36","modified_gmt":"2021-02-19T19:10:36","slug":"andy-schleck-consejos-ayudar-a-tu-hijo-ser-ciclista-profesional","status":"publish","type":"post","link":"https:\/\/www.welovecycling.com\/es\/2021\/02\/23\/andy-schleck-consejos-ayudar-a-tu-hijo-ser-ciclista-profesional\/","title":{"rendered":"Andy Schleck: Consejos para ayudar a tu hijo a ser ciclista profesional"},"content":{"rendered":"<p><strong>\u00bfQuieres saber c\u00f3mo el ganador del Tour de Francia <a href=\"https:\/\/www.welovecycling.com\/es\/2020\/06\/12\/andy-schleck\/\">Andy Schleck<\/a> inspira a sus hijos para que disfruten del deporte? Hemos hablado con \u00e9l sobre el tema de la introducci\u00f3n de los ni\u00f1os en el deporte profesional y de los consejos de un padre para ayudar a su hijo a ser ciclista profesional. Nos cont\u00f3 a qu\u00e9 edad hay que introducir a un entrenador, empezar a competir, cu\u00e1ndo hay que comprar una bicicleta de carbono y mucho m\u00e1s.<\/strong><\/p>\n<p><!--more--><\/p>\n<p>&#8220;Si hablamos de ni\u00f1os menores de 10 a\u00f1os, yo tendr\u00eda mucho cuidado. Un d\u00eda quieren ser astronautas, luego son basureros, m\u00e9dicos, polic\u00edas, futbolistas profesionales y, a veces, tambi\u00e9n ciclistas profesionales. Creo que es muy importante no presionar demasiado a tus hijos cuando son muy j\u00f3venes&#8221;, empieza Andy cuando se le pregunta sobre c\u00f3mo ayudar a un ni\u00f1o a convertirse en profesional.<\/p>\n<h2><strong>No hay suficiente dinero en el mundo para hacerte ganar el Tour de Francia<\/strong><\/h2>\n<p>&#8220;En primer lugar, hay que darse cuenta de que el ciclismo es un deporte extremadamente intenso y duro. Si no tienes la motivaci\u00f3n interior o pierdes la pasi\u00f3n por el deporte, sencillamente no puedes triunfar en \u00e9l profesionalmente. No hay suficiente dinero en el mundo para pagar a alguien por entrenar lo suficiente para ganar el Tour. Es demasiado duro y supone un compromiso personal demasiado grande para hacerlo s\u00f3lo por dinero. Tiene que haber pasi\u00f3n&#8221;, dijo Andy para ilustrar que poner demasiada presi\u00f3n en una mente y un cuerpo j\u00f3venes no es una buena receta para el \u00e9xito del ciclismo profesional en el futuro.<\/p>\n<figure id=\"attachment_7250\" aria-describedby=\"caption-attachment-7250\" style=\"width: 1024px\" class=\"wp-caption alignnone\"><a href=\"https:\/\/d2p6e6u75xmxt8.cloudfront.net\/2\/2021\/02\/profimedia-0294313686.jpg\"><img loading=\"lazy\" decoding=\"async\" class=\"wp-image-7250 size-large\" src=\"https:\/\/d2p6e6u75xmxt8.cloudfront.net\/6\/2021\/02\/profimedia-0294313686-1024x696.jpg\" alt=\"Andy Schleck\" width=\"1024\" height=\"696\" srcset=\"https:\/\/d2p6e6u75xmxt8.cloudfront.net\/6\/2021\/02\/profimedia-0294313686-1024x696.jpg 1024w, https:\/\/d2p6e6u75xmxt8.cloudfront.net\/6\/2021\/02\/profimedia-0294313686-300x204.jpg 300w, https:\/\/d2p6e6u75xmxt8.cloudfront.net\/6\/2021\/02\/profimedia-0294313686-768x522.jpg 768w, https:\/\/d2p6e6u75xmxt8.cloudfront.net\/6\/2021\/02\/profimedia-0294313686.jpg 1250w\" sizes=\"auto, (max-width: 1024px) 100vw, 1024px\" \/><\/a><figcaption id=\"caption-attachment-7250\" class=\"wp-caption-text\">Con el Secretario de Estado de EEUU John Kerry antes de rodar en bici por Luxemburgo. \u00a9 Profimedia<\/figcaption><\/figure>\n<h2><strong><br \/>\nLo primero debe ser la pasi\u00f3n<\/strong><\/h2>\n<p>&#8220;Nadie quiere ser ciclista profesional s\u00f3lo por participar. Todos los que tienen la ambici\u00f3n de convertirse en atletas profesionales quieren ser los mejores. Y para ello se necesita todo lo que se tiene. S\u00f3lo tienes una ventana de tiempo limitada, tal vez de 10 a 15 a\u00f1os, para soportar toda esta presi\u00f3n y dolor para estar realmente en la cima. Por lo tanto, si eres joven, s\u00f3lo tienes que dedicarte a la pasi\u00f3n y a la diversi\u00f3n. S\u00f3lo a la edad de 16 a 18 a\u00f1os puedes empezar a centrarte en convertirte en profesional. Si te levantas a los 15 a\u00f1os pensando: &#8216;Quiero ganar el Tour de Francia porque podr\u00e9 ganar un mill\u00f3n al a\u00f1o&#8217;, te garantizo que no tendr\u00e1s \u00e9xito con esa motivaci\u00f3n&#8221;, explica Andy, que explica por qu\u00e9 la pasi\u00f3n por el ciclismo debe estar en el centro de tus esfuerzos a la hora de ayudar como padre.<\/p>\n<h2><strong>\u00bfC\u00f3mo hizo Andy para que a sus hijos les gustase el deporte?<\/strong><\/h2>\n<p>&#8220;Tengo dos hijos. Entonces, \u00bfc\u00f3mo les entusiasmo para que les guste el ciclismo? Sencillamente, no lo hago. Creo que a los ni\u00f1os les gusta algo o no les gusta. A los ni\u00f1os les gusta seguir los pasos de sus padres y yo tambi\u00e9n lo hice. Mi padre era un ciclista profesional. Viv\u00ed el ciclismo toda mi vida. Fui con mis padres al Tour de Francia para verlo en directo cuando compet\u00edan Marco Pantani y Jan Ullrich. Pero no creo que fueran mis padres los que me entusiasmaran. Yo mismo me emocionaba porque disfrutaba de la competici\u00f3n. Mi padre nunca me gritaba desde el borde de la carretera, siempre me animaba y me daba comentarios positivos&#8221;, respondi\u00f3 Andy.<\/p>\n<p>&#8220;Creo que si quieres hacer algo como padre, puedes explicar, animar e intentar mostrar la belleza del deporte a tus hijos en lugar de centrarte en hacerles correr y ganar&#8221;, resumi\u00f3 Andy.<\/p>\n<figure id=\"attachment_7252\" aria-describedby=\"caption-attachment-7252\" style=\"width: 832px\" class=\"wp-caption alignnone\"><a href=\"https:\/\/d2p6e6u75xmxt8.cloudfront.net\/6\/2021\/02\/profimedia-0340724638-1.jpg\"><img loading=\"lazy\" decoding=\"async\" class=\"wp-image-7252 size-full\" src=\"https:\/\/d2p6e6u75xmxt8.cloudfront.net\/6\/2021\/02\/profimedia-0340724638-1.jpg\" alt=\"Andy Schleck\" width=\"832\" height=\"863\" srcset=\"https:\/\/d2p6e6u75xmxt8.cloudfront.net\/6\/2021\/02\/profimedia-0340724638-1.jpg 832w, https:\/\/d2p6e6u75xmxt8.cloudfront.net\/6\/2021\/02\/profimedia-0340724638-1-289x300.jpg 289w, https:\/\/d2p6e6u75xmxt8.cloudfront.net\/6\/2021\/02\/profimedia-0340724638-1-768x797.jpg 768w\" sizes=\"auto, (max-width: 832px) 100vw, 832px\" \/><\/a><figcaption id=\"caption-attachment-7252\" class=\"wp-caption-text\">Explica, anima e intenta ense\u00f1ar a tus hijos lo bello del deporte. \u00a9 Profimedia<\/figcaption><\/figure>\n<h2><strong><br \/>\n\u00bfLos hijos de Andy Schleck ser\u00e1n ciclistas profesionales?<\/strong><\/h2>\n<p>&#8220;Mis hijos tienen 3,5 a\u00f1os y 6,5 a\u00f1os. El m\u00e1s peque\u00f1o se pasa el d\u00eda corriendo por la casa&#8221;, dice Andy entre risas. &#8220;Mi hijo mayor juega al f\u00fatbol. Le encanta hacerlo porque est\u00e1 con sus amigos. A veces tambi\u00e9n monta en bicicleta conmigo. Hacemos vueltas de 25 a 30 km y paramos para hacer un picnic entre medias. Nos divertimos. Creo que mi hijo mayor est\u00e1 expuesto a que mucha gente a mi alrededor hable de mi carrera y dem\u00e1s. As\u00ed que no quiero a\u00f1adir m\u00e1s sobre eso. Realmente espero que elija su propio camino y, hasta ahora, creo que lo hace&#8221;, dice Andy.<\/p>\n<p>&#8220;Si le pregunto: &#8216;\u00bfQu\u00e9 quieres hacer?&#8217;, me dice: &#8216;Quiero jugar en el Barcelona alg\u00fan d\u00eda&#8217;. Si le pregunto si quiere ganar la Liga de Campeones o el Tour de Francia, me dice: &#8216;no, no pap\u00e1, quiero ganar la Liga de Campeones'&#8221;, r\u00ede Andy.<\/p>\n<p>&#8220;Pero me siento muy afortunado de que le guste el deporte, porque creo que es muy importante que los ni\u00f1os hagan deporte. La escuela no lo es todo. La actividad f\u00edsica fue una parte importante de mi educaci\u00f3n y creo que deber\u00eda ser una parte de la de todos. Te ayuda a mantenerte sano y puedes aprender mucho sobre ti mismo en el deporte&#8221;, dice Andy.<\/p>\n<h2><strong>Que sea divertido no significa que no haya que hacerlo en serio<\/strong><\/h2>\n<p>Andy subraya que hay que dejar que los ni\u00f1os elijan el deporte que les gusta y que los padres est\u00e9n ah\u00ed para apoyarlos y asegurarse de que la pasi\u00f3n por el deporte crece. Pero en su opini\u00f3n, es posible divertirse y tomarse el deporte en serio.<\/p>\n<figure id=\"attachment_7253\" aria-describedby=\"caption-attachment-7253\" style=\"width: 1024px\" class=\"wp-caption alignnone\"><a href=\"https:\/\/d2p6e6u75xmxt8.cloudfront.net\/2\/2021\/02\/Andy-Schleck-profimedia-0238089711.jpg\"><img loading=\"lazy\" decoding=\"async\" class=\"wp-image-7253 size-large\" src=\"https:\/\/d2p6e6u75xmxt8.cloudfront.net\/6\/2021\/02\/Andy-Schleck-profimedia-0238089711-1024x747.jpg\" alt=\"Andy Schleck\" width=\"1024\" height=\"747\" srcset=\"https:\/\/d2p6e6u75xmxt8.cloudfront.net\/6\/2021\/02\/Andy-Schleck-profimedia-0238089711-1024x747.jpg 1024w, https:\/\/d2p6e6u75xmxt8.cloudfront.net\/6\/2021\/02\/Andy-Schleck-profimedia-0238089711-300x219.jpg 300w, https:\/\/d2p6e6u75xmxt8.cloudfront.net\/6\/2021\/02\/Andy-Schleck-profimedia-0238089711-768x560.jpg 768w, https:\/\/d2p6e6u75xmxt8.cloudfront.net\/6\/2021\/02\/Andy-Schleck-profimedia-0238089711.jpg 1250w\" sizes=\"auto, (max-width: 1024px) 100vw, 1024px\" \/><\/a><figcaption id=\"caption-attachment-7253\" class=\"wp-caption-text\">Andy durante la Flecha Valona. \u00a9 Profimedia<\/figcaption><\/figure>\n<h2><strong><br \/>\n\u00bfCuando deben tener entrenador o apuntarse a un equipo?<\/strong><\/h2>\n<p>A la pregunta de cu\u00e1ndo hay que tener un entrenador de ciclismo, por ejemplo, respondi\u00f3 &#8220;Puedes tener un entrenador a los 12 a\u00f1os si quieres. Un entrenador puede darte consejos y guiarte. No puede hacer ning\u00fan da\u00f1o, a menos que el entrenador le pida demasiado a tu hijo. Pero s\u00f3lo entre los 15 y los 18 a\u00f1os es importante tener un buen entrenador si tienes aspiraciones de convertirte en profesional&#8221;.<\/p>\n<p>Andy tambi\u00e9n recomend\u00f3 unirse a un club de ciclismo: &#8220;Cuanto antes puedas unirte, mejor. Tienes compa\u00f1eros de equipo que pueden convertirse en amigos, puedes compartir tu pasi\u00f3n, y formar parte de un club simplemente duplica la alegr\u00eda que obtienes del ciclismo&#8221;.<\/p>\n<p><strong style=\"color: inherit; font-family: inherit; font-size: 1.8em;\">\u00bfCuando se empieza a competir para ser ciclista profesional?<\/strong><\/p>\n<p>&#8220;Si ves una carrera y te parece divertida, ap\u00fantate y hazlo. No importa la edad de tu hijo. Pero no lo conviertas en una obsesi\u00f3n por ganar. Puede ser \u00fatil adquirir experiencia en las carreras a una edad temprana. Aprendes a manejar la bicicleta y a comportarte en un pelot\u00f3n. Aprendes lo que se siente al pedalear con cierta presi\u00f3n. Y sabes lo que significa empezar y terminar una carrera. La satisfacci\u00f3n de terminar bien una carrera. Pero s\u00f3lo empieza a ser importante a partir de los 15 o 16 a\u00f1os. Incluso entonces, hay que tener cuidado&#8221;, advierte Andy.<\/p>\n<p>&#8220;He visto a j\u00f3venes ciclistas ganar todas las carreras de la Copa del Mundo Junior y cuando tienen 20 a\u00f1os, ya no se les ve. Y eso es probablemente porque estaban bajo demasiada presi\u00f3n demasiado pronto. As\u00ed que creo que hay que ponerse serio entre los 15 y los 16 a\u00f1os, pero hacerlo bien, sin demasiada presi\u00f3n&#8221;, aconseja Andy.<\/p>\n<h2><strong>\u00bfQu\u00e9 importancia tiene la bici y el equipamiento?<\/strong><\/h2>\n<p>&#8220;En toda mi vida, no he o\u00eddo un solo ejemplo de alguien que no haya conseguido ser un ciclista profesional porque el padre no pod\u00eda permitirse unas ruedas de carbono&#8221;, se r\u00ede Andy. &#8220;El equipamiento no es ni siquiera secundario. Est\u00e1 muy abajo en las prioridades. Dar apoyo mental y emocional es la mayor herramienta que tienes como padre. El talento puede venir despu\u00e9s. Yo me convert\u00ed en ciclista profesional a los 19 a\u00f1os. Jens Voigt se convirti\u00f3 en profesional a los 27 o 28 a\u00f1os. Y no creo que se nazca con talento. Creo que el talento surge de la pasi\u00f3n y el inter\u00e9s por algo&#8221;, contin\u00faa Andy.<\/p>\n<p>&#8220;Si ves que tu hijo ama de verdad el ciclismo y est\u00e1 desarrollando una pasi\u00f3n por \u00e9l, simplemente ap\u00f3yalo. Intenta proporcionarle alguna estructura con un buen entrenador si puedes, pero el apoyo mental es lo m\u00e1s importante. Por supuesto, el ni\u00f1o necesita una bicicleta. Pero no necesita un cambio Di2. Si tu hijo no tiene \u00e9xito con un cuadro de acero, tener un cuadro de carbono tampoco le ayudar\u00e1. Si tu hijo es lo suficientemente bueno como para que el equipamiento de alto nivel marque la diferencia, puedes estar seguro de que los patrocinadores lo pagar\u00e1n&#8221;, concluye Andy.<\/p>\n","protected":false},"excerpt":{"rendered":"<p>\u00bfQuieres saber c\u00f3mo el ganador del Tour de Francia Andy Schleck inspira a sus hijos para que disfruten del deporte? [&hellip;]<\/p>\n","protected":false},"author":29,"featured_media":7026,"comment_status":"open","ping_status":"open","sticky":false,"template":"","format":"standard","meta":{"footnotes":""},"categories":[7],"tags":[],"global-categories":[],"class_list":["post-7248","post","type-post","status-publish","format-standard","has-post-thumbnail","hentry","category-carretera"],"yoast_head":"<!-- This site is optimized with the Yoast SEO Premium plugin v25.3 (Yoast SEO v25.9) - https:\/\/yoast.com\/wordpress\/plugins\/seo\/ -->\n<title>Andy Schleck: Consejos para ayudar a tu hijo a ser ciclista profesional - \u0160koda We Love Cycling - Spain<\/title>\n<meta name=\"description\" content=\"Andy Schleck: Consejos para ayudar a tu hijo a ser ciclista profesional. Como introducir a tus hijos en el ciclismo sin agobiarles.\" \/>\n<meta name=\"robots\" content=\"index, follow, max-snippet:-1, max-image-preview:large, max-video-preview:-1\" \/>\n<link rel=\"canonical\" href=\"https:\/\/www.welovecycling.com\/es\/2021\/02\/23\/andy-schleck-consejos-ayudar-a-tu-hijo-ser-ciclista-profesional\/\" \/>\n<meta property=\"og:locale\" content=\"es_ES\" \/>\n<meta property=\"og:type\" content=\"article\" \/>\n<meta property=\"og:title\" content=\"Andy Schleck: Consejos para ayudar a tu hijo a ser ciclista profesional\" \/>\n<meta property=\"og:description\" content=\"Andy Schleck: Consejos para ayudar a tu hijo a ser ciclista profesional. Como introducir a tus hijos en el ciclismo sin agobiarles.\" \/>\n<meta property=\"og:url\" content=\"https:\/\/www.welovecycling.com\/es\/2021\/02\/23\/andy-schleck-consejos-ayudar-a-tu-hijo-ser-ciclista-profesional\/\" \/>\n<meta property=\"og:site_name\" content=\"\u0160koda We Love Cycling - Spain\" \/>\n<meta property=\"article:published_time\" content=\"2021-02-23T18:50:23+00:00\" \/>\n<meta property=\"og:image\" content=\"https:\/\/d2p6e6u75xmxt8.cloudfront.net\/6\/2020\/12\/Andy-Schleck-CVR.jpg\" \/>\n\t<meta property=\"og:image:width\" content=\"1366\" \/>\n\t<meta property=\"og:image:height\" content=\"600\" \/>\n\t<meta property=\"og:image:type\" content=\"image\/jpeg\" \/>\n<meta name=\"author\" content=\"We Love Cycling Spain\" \/>\n<meta name=\"twitter:card\" content=\"summary_large_image\" \/>\n<meta name=\"twitter:title\" content=\"Andy Schleck: Consejos para ayudar a tu hijo a ser ciclista profesional\" \/>\n<meta name=\"twitter:description\" content=\"Andy Schleck: Consejos para ayudar a tu hijo a ser ciclista profesional. Como introducir a tus hijos en el ciclismo sin agobiarles.\" \/>\n<meta name=\"twitter:label1\" content=\"Written by\" \/>\n\t<meta name=\"twitter:data1\" content=\"Jiri Kaloc\" \/>\n\t<meta name=\"twitter:label2\" content=\"Est. reading time\" \/>\n\t<meta name=\"twitter:data2\" content=\"7\" \/>\n<script type=\"application\/ld+json\" class=\"yoast-schema-graph\">{\"@context\":\"https:\/\/schema.org\",\"@graph\":[{\"@type\":\"WebPage\",\"@id\":\"https:\/\/www.welovecycling.com\/es\/2021\/02\/23\/andy-schleck-consejos-ayudar-a-tu-hijo-ser-ciclista-profesional\/\",\"url\":\"https:\/\/www.welovecycling.com\/es\/2021\/02\/23\/andy-schleck-consejos-ayudar-a-tu-hijo-ser-ciclista-profesional\/\",\"name\":\"Andy Schleck: Consejos para ayudar a tu hijo a ser ciclista profesional - \u0160koda We Love Cycling - Spain\",\"isPartOf\":{\"@id\":\"https:\/\/www.welovecycling.com\/es\/#website\"},\"primaryImageOfPage\":{\"@id\":\"https:\/\/www.welovecycling.com\/es\/2021\/02\/23\/andy-schleck-consejos-ayudar-a-tu-hijo-ser-ciclista-profesional\/#primaryimage\"},\"image\":{\"@id\":\"https:\/\/www.welovecycling.com\/es\/2021\/02\/23\/andy-schleck-consejos-ayudar-a-tu-hijo-ser-ciclista-profesional\/#primaryimage\"},\"thumbnailUrl\":\"https:\/\/d2p6e6u75xmxt8.cloudfront.net\/6\/2020\/12\/Andy-Schleck-CVR.jpg\",\"datePublished\":\"2021-02-23T18:50:23+00:00\",\"author\":{\"@id\":\"https:\/\/www.welovecycling.com\/es\/#\/schema\/person\/deb61715b5812698ee79fb96f343ccd4\"},\"description\":\"Andy Schleck: Consejos para ayudar a tu hijo a ser ciclista profesional. Como introducir a tus hijos en el ciclismo sin agobiarles.\",\"breadcrumb\":{\"@id\":\"https:\/\/www.welovecycling.com\/es\/2021\/02\/23\/andy-schleck-consejos-ayudar-a-tu-hijo-ser-ciclista-profesional\/#breadcrumb\"},\"inLanguage\":\"es-ES\",\"potentialAction\":[{\"@type\":\"ReadAction\",\"target\":[\"https:\/\/www.welovecycling.com\/es\/2021\/02\/23\/andy-schleck-consejos-ayudar-a-tu-hijo-ser-ciclista-profesional\/\"]}]},{\"@type\":\"ImageObject\",\"inLanguage\":\"es-ES\",\"@id\":\"https:\/\/www.welovecycling.com\/es\/2021\/02\/23\/andy-schleck-consejos-ayudar-a-tu-hijo-ser-ciclista-profesional\/#primaryimage\",\"url\":\"https:\/\/d2p6e6u75xmxt8.cloudfront.net\/6\/2020\/12\/Andy-Schleck-CVR.jpg\",\"contentUrl\":\"https:\/\/d2p6e6u75xmxt8.cloudfront.net\/6\/2020\/12\/Andy-Schleck-CVR.jpg\",\"width\":1366,\"height\":600,\"caption\":\"Andy Schleck\"},{\"@type\":\"BreadcrumbList\",\"@id\":\"https:\/\/www.welovecycling.com\/es\/2021\/02\/23\/andy-schleck-consejos-ayudar-a-tu-hijo-ser-ciclista-profesional\/#breadcrumb\",\"itemListElement\":[{\"@type\":\"ListItem\",\"position\":1,\"name\":\"Home\",\"item\":\"https:\/\/www.welovecycling.com\/es\/\"},{\"@type\":\"ListItem\",\"position\":2,\"name\":\"Andy Schleck: Consejos para ayudar a tu hijo a ser ciclista profesional\"}]},{\"@type\":\"WebSite\",\"@id\":\"https:\/\/www.welovecycling.com\/es\/#website\",\"url\":\"https:\/\/www.welovecycling.com\/es\/\",\"name\":\"\u0160koda We Love Cycling - Spain\",\"description\":\"\u0160koda WeLoveCycling Spain\",\"potentialAction\":[{\"@type\":\"SearchAction\",\"target\":{\"@type\":\"EntryPoint\",\"urlTemplate\":\"https:\/\/www.welovecycling.com\/es\/?s={search_term_string}\"},\"query-input\":{\"@type\":\"PropertyValueSpecification\",\"valueRequired\":true,\"valueName\":\"search_term_string\"}}],\"inLanguage\":\"es-ES\"},{\"@type\":\"Person\",\"@id\":\"https:\/\/www.welovecycling.com\/es\/#\/schema\/person\/deb61715b5812698ee79fb96f343ccd4\",\"name\":\"We Love Cycling Spain\",\"image\":{\"@type\":\"ImageObject\",\"inLanguage\":\"es-ES\",\"@id\":\"https:\/\/www.welovecycling.com\/es\/#\/schema\/person\/image\/\",\"url\":\"https:\/\/secure.gravatar.com\/avatar\/c824b04e6df0e37a03219d0b6481672889df542894588964102459e46513159c?s=96&d=mm&r=g\",\"contentUrl\":\"https:\/\/secure.gravatar.com\/avatar\/c824b04e6df0e37a03219d0b6481672889df542894588964102459e46513159c?s=96&d=mm&r=g\",\"caption\":\"We Love Cycling Spain\"},\"url\":\"https:\/\/www.welovecycling.com\/es\/author\/amunoz\/\"}]}<\/script>\n<!-- \/ Yoast SEO Premium plugin. -->","yoast_head_json":{"title":"Andy Schleck: Consejos para ayudar a tu hijo a ser ciclista profesional - \u0160koda We Love Cycling - Spain","description":"Andy Schleck: Consejos para ayudar a tu hijo a ser ciclista profesional. Como introducir a tus hijos en el ciclismo sin agobiarles.","robots":{"index":"index","follow":"follow","max-snippet":"max-snippet:-1","max-image-preview":"max-image-preview:large","max-video-preview":"max-video-preview:-1"},"canonical":"https:\/\/www.welovecycling.com\/es\/2021\/02\/23\/andy-schleck-consejos-ayudar-a-tu-hijo-ser-ciclista-profesional\/","og_locale":"es_ES","og_type":"article","og_title":"Andy Schleck: Consejos para ayudar a tu hijo a ser ciclista profesional","og_description":"Andy Schleck: Consejos para ayudar a tu hijo a ser ciclista profesional. Como introducir a tus hijos en el ciclismo sin agobiarles.","og_url":"https:\/\/www.welovecycling.com\/es\/2021\/02\/23\/andy-schleck-consejos-ayudar-a-tu-hijo-ser-ciclista-profesional\/","og_site_name":"\u0160koda We Love Cycling - Spain","article_published_time":"2021-02-23T18:50:23+00:00","og_image":[{"width":1366,"height":600,"url":"https:\/\/d2p6e6u75xmxt8.cloudfront.net\/6\/2020\/12\/Andy-Schleck-CVR.jpg","type":"image\/jpeg"}],"author":"We Love Cycling Spain","twitter_card":"summary_large_image","twitter_title":"Andy Schleck: Consejos para ayudar a tu hijo a ser ciclista profesional","twitter_description":"Andy Schleck: Consejos para ayudar a tu hijo a ser ciclista profesional. Como introducir a tus hijos en el ciclismo sin agobiarles.","twitter_misc":{"Written by":"Jiri Kaloc","Est. reading time":"7"},"schema":{"@context":"https:\/\/schema.org","@graph":[{"@type":"WebPage","@id":"https:\/\/www.welovecycling.com\/es\/2021\/02\/23\/andy-schleck-consejos-ayudar-a-tu-hijo-ser-ciclista-profesional\/","url":"https:\/\/www.welovecycling.com\/es\/2021\/02\/23\/andy-schleck-consejos-ayudar-a-tu-hijo-ser-ciclista-profesional\/","name":"Andy Schleck: Consejos para ayudar a tu hijo a ser ciclista profesional - \u0160koda We Love Cycling - Spain","isPartOf":{"@id":"https:\/\/www.welovecycling.com\/es\/#website"},"primaryImageOfPage":{"@id":"https:\/\/www.welovecycling.com\/es\/2021\/02\/23\/andy-schleck-consejos-ayudar-a-tu-hijo-ser-ciclista-profesional\/#primaryimage"},"image":{"@id":"https:\/\/www.welovecycling.com\/es\/2021\/02\/23\/andy-schleck-consejos-ayudar-a-tu-hijo-ser-ciclista-profesional\/#primaryimage"},"thumbnailUrl":"https:\/\/d2p6e6u75xmxt8.cloudfront.net\/6\/2020\/12\/Andy-Schleck-CVR.jpg","datePublished":"2021-02-23T18:50:23+00:00","author":{"@id":"https:\/\/www.welovecycling.com\/es\/#\/schema\/person\/deb61715b5812698ee79fb96f343ccd4"},"description":"Andy Schleck: Consejos para ayudar a tu hijo a ser ciclista profesional. Como introducir a tus hijos en el ciclismo sin agobiarles.","breadcrumb":{"@id":"https:\/\/www.welovecycling.com\/es\/2021\/02\/23\/andy-schleck-consejos-ayudar-a-tu-hijo-ser-ciclista-profesional\/#breadcrumb"},"inLanguage":"es-ES","potentialAction":[{"@type":"ReadAction","target":["https:\/\/www.welovecycling.com\/es\/2021\/02\/23\/andy-schleck-consejos-ayudar-a-tu-hijo-ser-ciclista-profesional\/"]}]},{"@type":"ImageObject","inLanguage":"es-ES","@id":"https:\/\/www.welovecycling.com\/es\/2021\/02\/23\/andy-schleck-consejos-ayudar-a-tu-hijo-ser-ciclista-profesional\/#primaryimage","url":"https:\/\/d2p6e6u75xmxt8.cloudfront.net\/6\/2020\/12\/Andy-Schleck-CVR.jpg","contentUrl":"https:\/\/d2p6e6u75xmxt8.cloudfront.net\/6\/2020\/12\/Andy-Schleck-CVR.jpg","width":1366,"height":600,"caption":"Andy Schleck"},{"@type":"BreadcrumbList","@id":"https:\/\/www.welovecycling.com\/es\/2021\/02\/23\/andy-schleck-consejos-ayudar-a-tu-hijo-ser-ciclista-profesional\/#breadcrumb","itemListElement":[{"@type":"ListItem","position":1,"name":"Home","item":"https:\/\/www.welovecycling.com\/es\/"},{"@type":"ListItem","position":2,"name":"Andy Schleck: Consejos para ayudar a tu hijo a ser ciclista profesional"}]},{"@type":"WebSite","@id":"https:\/\/www.welovecycling.com\/es\/#website","url":"https:\/\/www.welovecycling.com\/es\/","name":"\u0160koda We Love Cycling - Spain","description":"\u0160koda WeLoveCycling Spain","potentialAction":[{"@type":"SearchAction","target":{"@type":"EntryPoint","urlTemplate":"https:\/\/www.welovecycling.com\/es\/?s={search_term_string}"},"query-input":{"@type":"PropertyValueSpecification","valueRequired":true,"valueName":"search_term_string"}}],"inLanguage":"es-ES"},{"@type":"Person","@id":"https:\/\/www.welovecycling.com\/es\/#\/schema\/person\/deb61715b5812698ee79fb96f343ccd4","name":"We Love Cycling Spain","image":{"@type":"ImageObject","inLanguage":"es-ES","@id":"https:\/\/www.welovecycling.com\/es\/#\/schema\/person\/image\/","url":"https:\/\/secure.gravatar.com\/avatar\/c824b04e6df0e37a03219d0b6481672889df542894588964102459e46513159c?s=96&d=mm&r=g","contentUrl":"https:\/\/secure.gravatar.com\/avatar\/c824b04e6df0e37a03219d0b6481672889df542894588964102459e46513159c?s=96&d=mm&r=g","caption":"We Love Cycling Spain"},"url":"https:\/\/www.welovecycling.com\/es\/author\/amunoz\/"}]}},"_links":{"self":[{"href":"https:\/\/www.welovecycling.com\/es\/wp-json\/wp\/v2\/posts\/7248","targetHints":{"allow":["GET"]}}],"collection":[{"href":"https:\/\/www.welovecycling.com\/es\/wp-json\/wp\/v2\/posts"}],"about":[{"href":"https:\/\/www.welovecycling.com\/es\/wp-json\/wp\/v2\/types\/post"}],"author":[{"embeddable":true,"href":"https:\/\/www.welovecycling.com\/es\/wp-json\/wp\/v2\/users\/29"}],"replies":[{"embeddable":true,"href":"https:\/\/www.welovecycling.com\/es\/wp-json\/wp\/v2\/comments?post=7248"}],"version-history":[{"count":2,"href":"https:\/\/www.welovecycling.com\/es\/wp-json\/wp\/v2\/posts\/7248\/revisions"}],"predecessor-version":[{"id":7259,"href":"https:\/\/www.welovecycling.com\/es\/wp-json\/wp\/v2\/posts\/7248\/revisions\/7259"}],"wp:featuredmedia":[{"embeddable":true,"href":"https:\/\/www.welovecycling.com\/es\/wp-json\/wp\/v2\/media\/7026"}],"wp:attachment":[{"href":"https:\/\/www.welovecycling.com\/es\/wp-json\/wp\/v2\/media?parent=7248"}],"wp:term":[{"taxonomy":"category","embeddable":true,"href":"https:\/\/www.welovecycling.com\/es\/wp-json\/wp\/v2\/categories?post=7248"},{"taxonomy":"post_tag","embeddable":true,"href":"https:\/\/www.welovecycling.com\/es\/wp-json\/wp\/v2\/tags?post=7248"},{"taxonomy":"global-categories","embeddable":true,"href":"https:\/\/www.welovecycling.com\/es\/wp-json\/wp\/v2\/global-categories?post=7248"}],"curies":[{"name":"wp","href":"https:\/\/api.w.org\/{rel}","templated":true}]}}