{"id":7228,"date":"2021-02-13T12:56:05","date_gmt":"2021-02-13T10:56:05","guid":{"rendered":"https:\/\/www.welovecycling.com\/es\/?p=7228"},"modified":"2021-02-15T17:56:46","modified_gmt":"2021-02-15T15:56:46","slug":"dieta-ciclista","status":"publish","type":"post","link":"https:\/\/www.welovecycling.com\/es\/2021\/02\/13\/dieta-ciclista\/","title":{"rendered":"C\u00f3mo mantener la dieta ciclista &#8211; Objetivos"},"content":{"rendered":"<p><strong>Cambiar la forma de comer es dif\u00edcil. M\u00e1s vale que tengas una buena raz\u00f3n para hacerlo. Tu objetivo debe ser lo suficientemente interesante como para motivarte pero no demasiado extremo para que no sientas que est\u00e1s fallando todo el tiempo. Veamos c\u00f3mo establecer correctamente los objetivos de la dieta ciclista.<\/strong><\/p>\n<h2><!--more--><br \/>\n<strong>Se inteligente con los objetivos<\/strong><\/h2>\n<p>Todos los objetivos de la dieta deben tener algunas cosas en com\u00fan. El popular acr\u00f3nimo SMART (en ingl\u00e9s) resume cinco aspectos importantes de un objetivo bien definido. Tomemos el objetivo &#8220;Quiero ponerme en forma&#8221; y veamos c\u00f3mo se puede mejorar utilizando el enfoque SMART.<\/p>\n<figure id=\"attachment_7229\" aria-describedby=\"caption-attachment-7229\" style=\"width: 1024px\" class=\"wp-caption alignnone\"><a href=\"https:\/\/d2p6e6u75xmxt8.cloudfront.net\/2\/2019\/01\/diet-calorie-counter-weight-loss-health.jpg\"><img loading=\"lazy\" decoding=\"async\" class=\"wp-image-7229 size-large\" src=\"https:\/\/d2p6e6u75xmxt8.cloudfront.net\/6\/2021\/02\/diet-calorie-counter-weight-loss-health-1024x682.jpg\" alt=\"Sandwich\" width=\"1024\" height=\"682\" srcset=\"https:\/\/d2p6e6u75xmxt8.cloudfront.net\/6\/2021\/02\/diet-calorie-counter-weight-loss-health-1024x682.jpg 1024w, https:\/\/d2p6e6u75xmxt8.cloudfront.net\/6\/2021\/02\/diet-calorie-counter-weight-loss-health-300x200.jpg 300w, https:\/\/d2p6e6u75xmxt8.cloudfront.net\/6\/2021\/02\/diet-calorie-counter-weight-loss-health-768x512.jpg 768w, https:\/\/d2p6e6u75xmxt8.cloudfront.net\/6\/2021\/02\/diet-calorie-counter-weight-loss-health-272x182.jpg 272w, https:\/\/d2p6e6u75xmxt8.cloudfront.net\/6\/2021\/02\/diet-calorie-counter-weight-loss-health.jpg 1280w\" sizes=\"auto, (max-width: 1024px) 100vw, 1024px\" \/><\/a><figcaption id=\"caption-attachment-7229\" class=\"wp-caption-text\">Intenta establecer tus objetivos utilizando el enfoque SMART. \u00a9 Profimedia<\/figcaption><\/figure>\n<p><strong><br \/>\n\u2022 Espec\u00edficos:<\/strong> Pon algunos n\u00fameros y define los detalles. \u00bfBuscas un peso corporal espec\u00edfico? \u00bfO quieres mejorar tu tiempo en una ruta determinada?<\/p>\n<p><strong>\u2022 Medibles:<\/strong> Decide c\u00f3mo vas a controlar tus progresos. \u00bfTe pesar\u00e1s cada semana? \u00bfVas a hacer un seguimiento de los vatios o a realizar recorridos de prueba cronometrados?<\/p>\n<p><strong>\u2022 Alcanzables:<\/strong> Aseg\u00farate de que tienes suficiente tiempo, fuerza de voluntad y motivaci\u00f3n para alcanzar tu objetivo.<\/p>\n<p><strong>\u2022 Realistas:<\/strong> Tu objetivo tiene que ser lo suficientemente grande como para que te entusiasme, pero no tan grande como para que no haya posibilidad de alcanzarlo.<\/p>\n<p><strong>\u2022 Limitados en el tiempo:<\/strong> Fija una fecha para alcanzar tu objetivo. Esto har\u00e1 que la planificaci\u00f3n sea mucho m\u00e1s f\u00e1cil y que el seguimiento del progreso sea m\u00e1s \u00fatil. Incluso puedes definir hitos si se trata de un objetivo enorme.<\/p>\n<p>Teniendo en cuenta todo esto, la forma SMART de definir el mismo objetivo ser\u00eda: &#8220;Quiero pesar 5 kg menos en 2 meses para estar en forma para mi carrera favorita&#8221;.<\/p>\n<p>Disponer de la t\u00e9cnica adecuada para definir el objetivo de tu dieta te ayudar\u00e1 a mantenerla. Veamos otros <a href=\"https:\/\/www.welovecycling.com\/wide\/series\/diet-problems-that-drive-people-crazy-and-solutions\/\">consejos que te ayudar\u00e1n<\/a> a seleccionar el objetivo diet\u00e9tico adecuado.<\/p>\n<figure id=\"attachment_6761\" aria-describedby=\"caption-attachment-6761\" style=\"width: 1000px\" class=\"wp-caption alignnone\"><a href=\"https:\/\/d2p6e6u75xmxt8.cloudfront.net\/6\/2020\/10\/food-sandwich-profimedia-0382477378.jpg\"><img loading=\"lazy\" decoding=\"async\" class=\"wp-image-6761 size-full\" src=\"https:\/\/d2p6e6u75xmxt8.cloudfront.net\/6\/2020\/10\/food-sandwich-profimedia-0382477378.jpg\" alt=\"Food\" width=\"1000\" height=\"667\" srcset=\"https:\/\/d2p6e6u75xmxt8.cloudfront.net\/6\/2020\/10\/food-sandwich-profimedia-0382477378.jpg 1000w, https:\/\/d2p6e6u75xmxt8.cloudfront.net\/6\/2020\/10\/food-sandwich-profimedia-0382477378-300x200.jpg 300w, https:\/\/d2p6e6u75xmxt8.cloudfront.net\/6\/2020\/10\/food-sandwich-profimedia-0382477378-768x512.jpg 768w, https:\/\/d2p6e6u75xmxt8.cloudfront.net\/6\/2020\/10\/food-sandwich-profimedia-0382477378-272x182.jpg 272w\" sizes=\"auto, (max-width: 1000px) 100vw, 1000px\" \/><\/a><figcaption id=\"caption-attachment-6761\" class=\"wp-caption-text\">\u00bfCual es exactamente tu objetivo? \u00a9 Profimedia<\/figcaption><\/figure>\n<h2><strong><br \/>\nEncuentra tu motivaci\u00f3n<\/strong><\/h2>\n<p>Los objetivos de la dieta ciclista suelen consistir en perder peso, cambiar la composici\u00f3n corporal o <a href=\"https:\/\/www.welovecycling.com\/wide\/2021\/01\/28\/low-carb-vs-low-fat-which-is-healthier\/\">dejar de comer un determinado tipo de alimentos<\/a>. Todos estos objetivos son valiosos, pero si se observa el panorama general, es posible que no sean lo suficientemente motivadores. Sabemos por las investigaciones que los cambios de dieta a corto plazo casi nunca se traducen en resultados duraderos. Entender por qu\u00e9 est\u00e1s intentando perder peso, rendir mejor en una carrera determinada o estar m\u00e1s sano te ayudar\u00e1 a motivarte para mantener tu nueva forma de comer. Consulta nuestro <a href=\"https:\/\/www.welovecycling.com\/wide\/2020\/10\/27\/how-to-maintain-cycling-weight-deep-motivation\/\">art\u00edculo anterior<\/a> sobre la motivaci\u00f3n profunda para obtener m\u00e1s informaci\u00f3n<\/p>\n<h2><strong>Objetivos a corto plazo<\/strong><\/h2>\n<p>Los objetivos ambiciosos de una dieta ciclista son importantes, pero puedes perderte en el camino si tardas demasiado en alcanzarlos. Considera siempre la posibilidad de definir una serie de objetivos a corto plazo o hitos que te lleven al objetivo principal. Un ejemplo de objetivo a corto plazo podr\u00eda ser <a href=\"https:\/\/www.welovecycling.com\/wide\/2021\/01\/26\/diet-problems-that-drive-people-crazy-and-solutions-meal-planning\/\">cocinar 5 comidas en casa<\/a> esta semana o pasar una <a href=\"https:\/\/www.welovecycling.com\/wide\/2021\/02\/01\/dry-february-what-happens-when-you-dont-drink-for-a-month\/\">semana completa sin beber alcohol<\/a>. Tambi\u00e9n puedse hacer un seguimiento de tu peso cada semana, pero ten en cuenta que la p\u00e9rdida de peso no suele ser lineal. Espera una mayor p\u00e9rdida de peso en las primeras semanas.<\/p>\n<p>Incluso el mejor objetivo a largo plazo con objetivos de apoyo a corto plazo perfectamente definidos a veces no es suficiente para mantener el rumbo de tu dieta. La vida siempre encuentra una manera de interferir. Por eso, la pr\u00f3xima vez veremos c\u00f3mo hacer frente a los contratiempos.<\/p>\n","protected":false},"excerpt":{"rendered":"<p>Cambiar la forma de comer es dif\u00edcil. M\u00e1s vale que tengas una buena raz\u00f3n para hacerlo. Tu objetivo debe ser [&hellip;]<\/p>\n","protected":false},"author":29,"featured_media":7231,"comment_status":"open","ping_status":"open","sticky":false,"template":"","format":"standard","meta":{"footnotes":""},"categories":[7,8,9],"tags":[],"global-categories":[],"class_list":["post-7228","post","type-post","status-publish","format-standard","has-post-thumbnail","hentry","category-carretera","category-life-style","category-mtb-aventura"],"yoast_head":"<!-- This site is optimized with the Yoast SEO Premium plugin v25.3 (Yoast SEO v25.9) - https:\/\/yoast.com\/wordpress\/plugins\/seo\/ -->\n<title>C\u00f3mo mantener la dieta ciclista - Objetivos - We Love Cycling Magazine<\/title>\n<meta name=\"description\" content=\"C\u00f3mo mantener la dieta ciclista. Qu\u00e9 objetivos marcarte para que tu dieta ciclista se pueda mantener en el tiempo y sea efectiva.\" \/>\n<meta name=\"robots\" content=\"index, follow, max-snippet:-1, max-image-preview:large, max-video-preview:-1\" \/>\n<link rel=\"canonical\" href=\"https:\/\/www.welovecycling.com\/es\/2021\/02\/13\/dieta-ciclista\/\" \/>\n<meta property=\"og:locale\" content=\"es_ES\" \/>\n<meta property=\"og:type\" content=\"article\" \/>\n<meta property=\"og:title\" content=\"C\u00f3mo mantener la dieta ciclista - Objetivos\" \/>\n<meta property=\"og:description\" content=\"C\u00f3mo mantener la dieta ciclista. Qu\u00e9 objetivos marcarte para que tu dieta ciclista se pueda mantener en el tiempo y sea efectiva.\" \/>\n<meta property=\"og:url\" content=\"https:\/\/www.welovecycling.com\/es\/2021\/02\/13\/dieta-ciclista\/\" \/>\n<meta property=\"og:site_name\" content=\"\u0160koda We Love Cycling - Spain\" \/>\n<meta property=\"article:published_time\" content=\"2021-02-13T10:56:05+00:00\" \/>\n<meta property=\"article:modified_time\" content=\"2021-02-15T15:56:46+00:00\" \/>\n<meta property=\"og:image\" content=\"https:\/\/d2p6e6u75xmxt8.cloudfront.net\/6\/2021\/02\/Cyclist-profimedia-0363771578-CVR.jpg\" \/>\n\t<meta property=\"og:image:width\" content=\"1366\" \/>\n\t<meta property=\"og:image:height\" content=\"600\" \/>\n\t<meta property=\"og:image:type\" content=\"image\/jpeg\" \/>\n<meta name=\"author\" content=\"We Love Cycling Spain\" \/>\n<meta name=\"twitter:card\" content=\"summary_large_image\" \/>\n<meta name=\"twitter:label1\" content=\"Written by\" \/>\n\t<meta name=\"twitter:data1\" content=\"Jiri Kaloc\" \/>\n\t<meta name=\"twitter:label2\" content=\"Est. reading time\" \/>\n\t<meta name=\"twitter:data2\" content=\"6\" \/>\n<script type=\"application\/ld+json\" class=\"yoast-schema-graph\">{\"@context\":\"https:\/\/schema.org\",\"@graph\":[{\"@type\":\"WebPage\",\"@id\":\"https:\/\/www.welovecycling.com\/es\/2021\/02\/13\/dieta-ciclista\/\",\"url\":\"https:\/\/www.welovecycling.com\/es\/2021\/02\/13\/dieta-ciclista\/\",\"name\":\"C\u00f3mo mantener la dieta ciclista - Objetivos - We Love Cycling Magazine\",\"isPartOf\":{\"@id\":\"https:\/\/www.welovecycling.com\/es\/#website\"},\"primaryImageOfPage\":{\"@id\":\"https:\/\/www.welovecycling.com\/es\/2021\/02\/13\/dieta-ciclista\/#primaryimage\"},\"image\":{\"@id\":\"https:\/\/www.welovecycling.com\/es\/2021\/02\/13\/dieta-ciclista\/#primaryimage\"},\"thumbnailUrl\":\"https:\/\/d2p6e6u75xmxt8.cloudfront.net\/6\/2021\/02\/Cyclist-profimedia-0363771578-CVR.jpg\",\"datePublished\":\"2021-02-13T10:56:05+00:00\",\"dateModified\":\"2021-02-15T15:56:46+00:00\",\"author\":{\"@id\":\"https:\/\/www.welovecycling.com\/es\/#\/schema\/person\/deb61715b5812698ee79fb96f343ccd4\"},\"description\":\"C\u00f3mo mantener la dieta ciclista. Qu\u00e9 objetivos marcarte para que tu dieta ciclista se pueda mantener en el tiempo y sea efectiva.\",\"breadcrumb\":{\"@id\":\"https:\/\/www.welovecycling.com\/es\/2021\/02\/13\/dieta-ciclista\/#breadcrumb\"},\"inLanguage\":\"es-ES\",\"potentialAction\":[{\"@type\":\"ReadAction\",\"target\":[\"https:\/\/www.welovecycling.com\/es\/2021\/02\/13\/dieta-ciclista\/\"]}]},{\"@type\":\"ImageObject\",\"inLanguage\":\"es-ES\",\"@id\":\"https:\/\/www.welovecycling.com\/es\/2021\/02\/13\/dieta-ciclista\/#primaryimage\",\"url\":\"https:\/\/d2p6e6u75xmxt8.cloudfront.net\/6\/2021\/02\/Cyclist-profimedia-0363771578-CVR.jpg\",\"contentUrl\":\"https:\/\/d2p6e6u75xmxt8.cloudfront.net\/6\/2021\/02\/Cyclist-profimedia-0363771578-CVR.jpg\",\"width\":1366,\"height\":600,\"caption\":\"Cyclist outdoor\"},{\"@type\":\"BreadcrumbList\",\"@id\":\"https:\/\/www.welovecycling.com\/es\/2021\/02\/13\/dieta-ciclista\/#breadcrumb\",\"itemListElement\":[{\"@type\":\"ListItem\",\"position\":1,\"name\":\"Home\",\"item\":\"https:\/\/www.welovecycling.com\/es\/\"},{\"@type\":\"ListItem\",\"position\":2,\"name\":\"C\u00f3mo mantener la dieta ciclista &#8211; Objetivos\"}]},{\"@type\":\"WebSite\",\"@id\":\"https:\/\/www.welovecycling.com\/es\/#website\",\"url\":\"https:\/\/www.welovecycling.com\/es\/\",\"name\":\"\u0160koda We Love Cycling - Spain\",\"description\":\"\u0160koda WeLoveCycling Spain\",\"potentialAction\":[{\"@type\":\"SearchAction\",\"target\":{\"@type\":\"EntryPoint\",\"urlTemplate\":\"https:\/\/www.welovecycling.com\/es\/?s={search_term_string}\"},\"query-input\":{\"@type\":\"PropertyValueSpecification\",\"valueRequired\":true,\"valueName\":\"search_term_string\"}}],\"inLanguage\":\"es-ES\"},{\"@type\":\"Person\",\"@id\":\"https:\/\/www.welovecycling.com\/es\/#\/schema\/person\/deb61715b5812698ee79fb96f343ccd4\",\"name\":\"We Love Cycling Spain\",\"image\":{\"@type\":\"ImageObject\",\"inLanguage\":\"es-ES\",\"@id\":\"https:\/\/www.welovecycling.com\/es\/#\/schema\/person\/image\/\",\"url\":\"https:\/\/secure.gravatar.com\/avatar\/c824b04e6df0e37a03219d0b6481672889df542894588964102459e46513159c?s=96&d=mm&r=g\",\"contentUrl\":\"https:\/\/secure.gravatar.com\/avatar\/c824b04e6df0e37a03219d0b6481672889df542894588964102459e46513159c?s=96&d=mm&r=g\",\"caption\":\"We Love Cycling Spain\"},\"url\":\"https:\/\/www.welovecycling.com\/es\/author\/amunoz\/\"}]}<\/script>\n<!-- \/ Yoast SEO Premium plugin. -->","yoast_head_json":{"title":"C\u00f3mo mantener la dieta ciclista - Objetivos - We Love Cycling Magazine","description":"C\u00f3mo mantener la dieta ciclista. Qu\u00e9 objetivos marcarte para que tu dieta ciclista se pueda mantener en el tiempo y sea efectiva.","robots":{"index":"index","follow":"follow","max-snippet":"max-snippet:-1","max-image-preview":"max-image-preview:large","max-video-preview":"max-video-preview:-1"},"canonical":"https:\/\/www.welovecycling.com\/es\/2021\/02\/13\/dieta-ciclista\/","og_locale":"es_ES","og_type":"article","og_title":"C\u00f3mo mantener la dieta ciclista - Objetivos","og_description":"C\u00f3mo mantener la dieta ciclista. Qu\u00e9 objetivos marcarte para que tu dieta ciclista se pueda mantener en el tiempo y sea efectiva.","og_url":"https:\/\/www.welovecycling.com\/es\/2021\/02\/13\/dieta-ciclista\/","og_site_name":"\u0160koda We Love Cycling - Spain","article_published_time":"2021-02-13T10:56:05+00:00","article_modified_time":"2021-02-15T15:56:46+00:00","og_image":[{"width":1366,"height":600,"url":"https:\/\/d2p6e6u75xmxt8.cloudfront.net\/6\/2021\/02\/Cyclist-profimedia-0363771578-CVR.jpg","type":"image\/jpeg"}],"author":"We Love Cycling Spain","twitter_card":"summary_large_image","twitter_misc":{"Written by":"Jiri Kaloc","Est. reading time":"6"},"schema":{"@context":"https:\/\/schema.org","@graph":[{"@type":"WebPage","@id":"https:\/\/www.welovecycling.com\/es\/2021\/02\/13\/dieta-ciclista\/","url":"https:\/\/www.welovecycling.com\/es\/2021\/02\/13\/dieta-ciclista\/","name":"C\u00f3mo mantener la dieta ciclista - Objetivos - We Love Cycling Magazine","isPartOf":{"@id":"https:\/\/www.welovecycling.com\/es\/#website"},"primaryImageOfPage":{"@id":"https:\/\/www.welovecycling.com\/es\/2021\/02\/13\/dieta-ciclista\/#primaryimage"},"image":{"@id":"https:\/\/www.welovecycling.com\/es\/2021\/02\/13\/dieta-ciclista\/#primaryimage"},"thumbnailUrl":"https:\/\/d2p6e6u75xmxt8.cloudfront.net\/6\/2021\/02\/Cyclist-profimedia-0363771578-CVR.jpg","datePublished":"2021-02-13T10:56:05+00:00","dateModified":"2021-02-15T15:56:46+00:00","author":{"@id":"https:\/\/www.welovecycling.com\/es\/#\/schema\/person\/deb61715b5812698ee79fb96f343ccd4"},"description":"C\u00f3mo mantener la dieta ciclista. Qu\u00e9 objetivos marcarte para que tu dieta ciclista se pueda mantener en el tiempo y sea efectiva.","breadcrumb":{"@id":"https:\/\/www.welovecycling.com\/es\/2021\/02\/13\/dieta-ciclista\/#breadcrumb"},"inLanguage":"es-ES","potentialAction":[{"@type":"ReadAction","target":["https:\/\/www.welovecycling.com\/es\/2021\/02\/13\/dieta-ciclista\/"]}]},{"@type":"ImageObject","inLanguage":"es-ES","@id":"https:\/\/www.welovecycling.com\/es\/2021\/02\/13\/dieta-ciclista\/#primaryimage","url":"https:\/\/d2p6e6u75xmxt8.cloudfront.net\/6\/2021\/02\/Cyclist-profimedia-0363771578-CVR.jpg","contentUrl":"https:\/\/d2p6e6u75xmxt8.cloudfront.net\/6\/2021\/02\/Cyclist-profimedia-0363771578-CVR.jpg","width":1366,"height":600,"caption":"Cyclist outdoor"},{"@type":"BreadcrumbList","@id":"https:\/\/www.welovecycling.com\/es\/2021\/02\/13\/dieta-ciclista\/#breadcrumb","itemListElement":[{"@type":"ListItem","position":1,"name":"Home","item":"https:\/\/www.welovecycling.com\/es\/"},{"@type":"ListItem","position":2,"name":"C\u00f3mo mantener la dieta ciclista &#8211; Objetivos"}]},{"@type":"WebSite","@id":"https:\/\/www.welovecycling.com\/es\/#website","url":"https:\/\/www.welovecycling.com\/es\/","name":"\u0160koda We Love Cycling - Spain","description":"\u0160koda WeLoveCycling Spain","potentialAction":[{"@type":"SearchAction","target":{"@type":"EntryPoint","urlTemplate":"https:\/\/www.welovecycling.com\/es\/?s={search_term_string}"},"query-input":{"@type":"PropertyValueSpecification","valueRequired":true,"valueName":"search_term_string"}}],"inLanguage":"es-ES"},{"@type":"Person","@id":"https:\/\/www.welovecycling.com\/es\/#\/schema\/person\/deb61715b5812698ee79fb96f343ccd4","name":"We Love Cycling Spain","image":{"@type":"ImageObject","inLanguage":"es-ES","@id":"https:\/\/www.welovecycling.com\/es\/#\/schema\/person\/image\/","url":"https:\/\/secure.gravatar.com\/avatar\/c824b04e6df0e37a03219d0b6481672889df542894588964102459e46513159c?s=96&d=mm&r=g","contentUrl":"https:\/\/secure.gravatar.com\/avatar\/c824b04e6df0e37a03219d0b6481672889df542894588964102459e46513159c?s=96&d=mm&r=g","caption":"We Love Cycling Spain"},"url":"https:\/\/www.welovecycling.com\/es\/author\/amunoz\/"}]}},"_links":{"self":[{"href":"https:\/\/www.welovecycling.com\/es\/wp-json\/wp\/v2\/posts\/7228","targetHints":{"allow":["GET"]}}],"collection":[{"href":"https:\/\/www.welovecycling.com\/es\/wp-json\/wp\/v2\/posts"}],"about":[{"href":"https:\/\/www.welovecycling.com\/es\/wp-json\/wp\/v2\/types\/post"}],"author":[{"embeddable":true,"href":"https:\/\/www.welovecycling.com\/es\/wp-json\/wp\/v2\/users\/29"}],"replies":[{"embeddable":true,"href":"https:\/\/www.welovecycling.com\/es\/wp-json\/wp\/v2\/comments?post=7228"}],"version-history":[{"count":2,"href":"https:\/\/www.welovecycling.com\/es\/wp-json\/wp\/v2\/posts\/7228\/revisions"}],"predecessor-version":[{"id":7232,"href":"https:\/\/www.welovecycling.com\/es\/wp-json\/wp\/v2\/posts\/7228\/revisions\/7232"}],"wp:featuredmedia":[{"embeddable":true,"href":"https:\/\/www.welovecycling.com\/es\/wp-json\/wp\/v2\/media\/7231"}],"wp:attachment":[{"href":"https:\/\/www.welovecycling.com\/es\/wp-json\/wp\/v2\/media?parent=7228"}],"wp:term":[{"taxonomy":"category","embeddable":true,"href":"https:\/\/www.welovecycling.com\/es\/wp-json\/wp\/v2\/categories?post=7228"},{"taxonomy":"post_tag","embeddable":true,"href":"https:\/\/www.welovecycling.com\/es\/wp-json\/wp\/v2\/tags?post=7228"},{"taxonomy":"global-categories","embeddable":true,"href":"https:\/\/www.welovecycling.com\/es\/wp-json\/wp\/v2\/global-categories?post=7228"}],"curies":[{"name":"wp","href":"https:\/\/api.w.org\/{rel}","templated":true}]}}