{"id":7220,"date":"2021-02-11T14:41:23","date_gmt":"2021-02-11T12:41:23","guid":{"rendered":"https:\/\/www.welovecycling.com\/es\/?p=7220"},"modified":"2021-02-11T14:48:35","modified_gmt":"2021-02-11T12:48:35","slug":"una-vuelta-a-espana-2021-casi-inedita","status":"publish","type":"post","link":"https:\/\/www.welovecycling.com\/es\/2021\/02\/11\/una-vuelta-a-espana-2021-casi-inedita\/","title":{"rendered":"Una Vuelta a Espa\u00f1a 2021 en busca de lo in\u00e9dito"},"content":{"rendered":"<p><strong>La Vuelta a Espa\u00f1a 2021 sigue encontrando nuevos territorios ciclistas. Para la edici\u00f3n de este a\u00f1o &#8216;debutan&#8217; cuatro puertos de monta\u00f1a que ser\u00e1n final de etapa in\u00e9ditos. El Pic\u00f3n Blanco, el Balc\u00f3n de Alicante, el Pico Villuercas y el Gamoniterio, adem\u00e1s de dos llegadas en alto, a la Monta\u00f1a de Cullera y al Alto de Castro Herville en Mos. <\/strong><br \/>\n<!--more--><br \/>\nLa se\u00f1a de identidad de la Vuelta en sus \u00faltimas ediciones no cambia para 2021. Despu\u00e9s de la recortada edici\u00f3n de 2020, que tuvo emoci\u00f3n de principio a fin, la de este a\u00f1o es una Vuelta con caracter\u00edsticas muy similares. Empieza el 14 de agosto con una crono individual en <strong>Burgos en la Catedral y acaba con otra en Santiago de Compostela<\/strong> tambi\u00e9n en la Catedral, y en mitad hay hasta ocho etapas con final en alto y otras seis con un puerto &#8216;peligroso&#8217; a poco de meta. A los velocistas solo les quedan media docena de etapas para ellos, siempre y cuando no haya escapadas consentidas. Y las emociones est\u00e1n repartidas durante todo el recorrido, sin tiempos muertos. Hay<strong> monta\u00f1as de la primera a la \u00faltima semana<\/strong> y esta vez sin un puerto tan decisivo como el Angliru, sino con espacio y opciones para &#8216;jugar&#8217; a ciclistas durante toda La Vuelta.<\/p>\n<p>La diferencia con respecto a otras ediciones ser\u00e1n los traslados. Es una Vuelta pr\u00e1cticamente itinerante en casi todas las jornadas. Sale Burgos, sube hasta casi la costa cant\u00e1brica y baja hacia el sur por la costa mediterr\u00e1nea y desde el Rinc\u00f3n de la Victoria (M\u00e1laga) atraviesa el centro por la v\u00eda de la Plata extreme\u00f1a y vuelve al norte hasta Laredo, para recorrer toda la costa cant\u00e1brica hasta Santiago de Compostela.<\/p>\n<div class=\"embed-controller-wrapper\">\n<div class=\"embed-wrapper\"><iframe title=\"\ud83d\udd25 La Vuelta 21 \ud83d\udd25 Recorrido oficial (Official Route)\" width=\"500\" height=\"281\" data-src=\"https:\/\/www.youtube.com\/embed\/CLbpla4TVzI?feature=oembed\" frameborder=\"0\" allow=\"accelerometer; autoplay; clipboard-write; encrypted-media; gyroscope; picture-in-picture; web-share\" referrerpolicy=\"strict-origin-when-cross-origin\" allowfullscreen><\/iframe><\/div>\n<\/div>\n<h3><strong>Crono y monta\u00f1a en la primera semana<\/strong><\/h3>\n<p>La Vuelta a Espa\u00f1a 2021 arranca en Burgos con una crono individual corta solo 8 kil\u00f3metros, pero dura. Salida y llegada a la Catedral, que celebra su octavo centenario y subida al Castillo, donde suele acabar la primera etapa de La Vuelta a Burgos. Despu\u00e9s jornada llana entre Caleruega y Burgos y para el tercer d\u00eda llega la monta\u00f1a. Salida en Santo Domingo de Silos y final unipuerto en el <a href=\"https:\/\/www.lavuelta.es\/es\/etapa-3\" target=\"_blank\" rel=\"noopener noreferrer\"><strong>Pic\u00f3n Blanco,<\/strong><\/a> que ya marcar\u00e1 diferencias con sus 8 kil\u00f3metros al 9% y rampas de hasta el 16%.<\/p>\n<p>La carrera atraviesa la pen\u00ednsula hacia el Mediterr\u00e1neo con dos etapas llanas con finales en Molina de Arag\u00f3n y Albacete, lo que supone la presencia casi segura de viento. Al siguiente d\u00eda salida de Requena para llegar a la costa. Recorrido totalmente llano pero final peligroso en el repecho final de Cullera. La s\u00e9ptima etapa entra en el territorio &#8216;comanche&#8217; de la Costa de Alicante con cinco puertos de monta\u00f1a y final en el in\u00e9dito<a href=\"https:\/\/www.lavuelta.es\/es\/etapa-7\" target=\"_blank\" rel=\"noopener noreferrer\"><strong> Mirador de Alicante<\/strong><\/a>, que tiene rampas de hasta el 14%. Jornada de transici\u00f3n pr\u00e1cticamente llana en La Manga del Mar Menor y para acabar la primera semana un etap\u00f3n de alta monta\u00f1a. Un d\u00eda de 180 kil\u00f3metros y cuatro puertos, que incluyen la subida a La Venta de Luisa (Calar Alto) y final en los tornantis de <strong>Velefique<\/strong>.<\/p>\n<p><img loading=\"lazy\" decoding=\"async\" class=\"alignnone size-extra-large\" src=\"https:\/\/img.aso.fr\/core_app\/img-cycling-vue-jpg\/9\/9476\/0:0,1485:852-960-0-70\/534d8\" width=\"960\" height=\"551\" \/><\/p>\n<p><strong>Finales peligrosos y el debut del Pico Villuercas para la segunda semana<\/strong><\/p>\n<p>Despu\u00e9s de la jornada de descanso en Almer\u00eda la Vuelta a Espa\u00f1a 2021 entra en la segunda semana con etapas peligrosas. La primera con final en el Rinc\u00f3n de la Victoria despu\u00e9s de subir el puerto de Almachar, un segunda con la cima a 15 de meta. Al d\u00eda siguiente terreno de emboscadas por la sierra de Ja\u00e9n y final en el duro <strong><a href=\"https:\/\/img.aso.fr\/core_app\/img-cycling-vue-jpg\/11\/9478\/0:0,1089:665-960-0-70\/6ee6b\" target=\"_blank\" rel=\"noopener noreferrer\">repecho de Valdepe\u00f1as de Ja\u00e9n<\/a>.<\/strong> Y la tercera etapa de la segunda semana tambi\u00e9n tiene miga, con un segunda a falta de 15 kil\u00f3metros para la meta. El turno para los velocistas ser\u00e1 la meta de la Villanueva de la Serena.<\/p>\n<p>El finde de la segunda semana de La Vuelta 2021 empieza con una jornada dura con un final in\u00e9dito en el <strong>Pico Villuercas<\/strong>, de 14 kil\u00f3metros y rampas de hasta el 14%, que se subir\u00e1 dos veces, la primera de ellas con un tramo de hormig\u00f3n de tres kil\u00f3metros al 13%. Al d\u00eda siguiente recorrido largo, 193 kil\u00f3metros, por la sierra de Gredos con la <a href=\"https:\/\/www.lavuelta.es\/es\/etapa-15\" target=\"_blank\" rel=\"noopener noreferrer\"><strong>Centenera, Pedro Bernardo, Mijares y San Juan de la Nava<\/strong> <\/a>para terminar en El Barraco.<\/p>\n<p><img loading=\"lazy\" decoding=\"async\" class=\"alignnone size-extra-large\" src=\"https:\/\/img.aso.fr\/core_app\/img-cycling-vue-jpg\/14\/9481\/0:0,1285:680-960-0-70\/41dfb\" width=\"960\" height=\"508\" \/><\/p>\n<h3><strong>Lagos, el Gamoniteiro y crono el \u00faltimo d\u00eda<\/strong><\/h3>\n<p>Largo traslado hasta Cantabria para comenzar la tercera semana. El final en Santa Cruz de Bezana parece propicio para una fuga o los velocistas. Ser\u00e1 la antesala de la monta\u00f1a asturiana, que volver\u00e1 a ser decisiva. El mi\u00e9rcoles 1 de septiembre la carrera afronta un etap\u00f3n de 180 kil\u00f3metros y 4.000 metros de desnivel. Doble subida a la <strong>Collada Llomana<\/strong> en el Valle del Ponga y final cl\u00e1sico en los<a href=\"https:\/\/www.lavuelta.es\/es\/etapa-17\" target=\"_blank\" rel=\"noopener noreferrer\"><strong> Lagos de Covadonga<\/strong><\/a>. Sin embargo la etapa reina ser\u00e1 el jueves 2 de septiembre con un d\u00eda de m\u00e1s de 5.000 metros de desnivel acumulado. Por el camino en dur\u00edsimo San Lorenzo, la vertiente norte de La Cobertoria (por Quir\u00f3s), la subida a Cordal por la vertiente de Riosa y el final en un puerto que har\u00e1 historia en La Vuelta, el <strong>Gamoniteiro<\/strong>. In\u00e9dito para la carrera y con 15 kil\u00f3metros al 9,6%.<\/p>\n<p><img loading=\"lazy\" decoding=\"async\" class=\"alignnone size-extra-large\" src=\"https:\/\/img.aso.fr\/core_app\/img-cycling-vue-jpg\/18\/9614\/0:0,1600:926-960-0-70\/07b6d\" width=\"960\" height=\"556\" \/><\/p>\n<p>Jornada de transici\u00f3n rompepiernas con final en Monforte de Lemos y el s\u00e1bado la \u00faltima oportunidad para los escaladores con una etapa estilo a las cl\u00e1sicas de Lombard\u00eda o Lieja con cinco puertos de monta\u00f1a y meta en <a href=\"https:\/\/www.lavuelta.es\/es\/etapa-20\" target=\"_blank\" rel=\"noopener noreferrer\"><strong>Castro Herville Mos<\/strong><\/a>, de ocho kil\u00f3metros al 6%. Todo antes de la <a href=\"https:\/\/www.lavuelta.es\/es\/etapa-21\" target=\"_blank\" rel=\"noopener noreferrer\"><strong>crono final ondulada de 33 kil\u00f3metros<\/strong><\/a>, larga para lo que suele ser habitual, que terminar\u00e1 de decidir la carrera.<\/p>\n<h3><strong>Pogacar, Carapaz, M\u00e1s, Valverde&#8230;<\/strong><\/h3>\n<p>Y como esta Vuelta se ha presentado en el mes de febrero, cuando habitualmente se hac\u00eda en diciembre, ya hay muchos equipos que tienen definido el calendario de sus l\u00edderes. El principal reclamo ser\u00e1 el ganador del pasado Tour, <strong>Tadej Pogacar<\/strong>, que ya hizo podio en el edici\u00f3n de 2019. Tambi\u00e9n ha confirmado su intenci\u00f3n de correrla <strong>Richard Carapaz<\/strong>, segundo el a\u00f1o pasado, y <strong>Enric Mas<\/strong>, quinto. En duda est\u00e1 <strong>Egan Bernal<\/strong>, que ha confirmado el Giro, y <strong>Primoz Roglic<\/strong>, que depender\u00e1 de lo que pase en el Tour. Si se ha apuntado del Jumbo <strong>Kuss<\/strong>, que debutar\u00e1 como l\u00edder en una grande.<\/p>\n<p>Pero sin duda uno de los grandes protagonistas ser\u00e1 <a href=\"https:\/\/www.welovecycling.com\/es\/2018\/02\/01\/la-vuelta-2018-segun-alejandro-valverde\/\" target=\"_blank\" rel=\"noopener noreferrer\"><strong>Alejandro Valverde<\/strong><\/a>, en la que posiblemente ser\u00e1 la carrera de su despedida como ciclista profesional casi 20 a\u00f1os despu\u00e9s de debutar all\u00e1 por la edici\u00f3n de 2002<\/p>\n","protected":false},"excerpt":{"rendered":"<p>La Vuelta a Espa\u00f1a 2021 sigue encontrando nuevos territorios ciclistas. Para la edici\u00f3n de este a\u00f1o &#8216;debutan&#8217; cuatro puertos de [&hellip;]<\/p>\n","protected":false},"author":29,"featured_media":7224,"comment_status":"open","ping_status":"open","sticky":false,"template":"","format":"standard","meta":{"footnotes":""},"categories":[7],"tags":[2090,2092,44,2088,2091,2089],"global-categories":[1164],"class_list":["post-7220","post","type-post","status-publish","format-standard","has-post-thumbnail","hentry","category-carretera","tag-etapas-la-vuelta-2021","tag-gamoniteiro","tag-la-vuelta","tag-la-vuelta-2021","tag-puertos-la-vuelta-2021","tag-recorrido-la-vuelta-2021","global-categories-cycling"],"yoast_head":"<!-- This site is optimized with the Yoast SEO Premium plugin v25.3 (Yoast SEO v25.9) - https:\/\/yoast.com\/wordpress\/plugins\/seo\/ -->\n<title>Una Vuelta a Espa\u00f1a 2021 en busca de lo in\u00e9dito - \u0160koda We Love Cycling - Spain<\/title>\n<meta name=\"description\" content=\"Una Vuelta a Espa\u00f1a 2021 casi in\u00e9dita. El recorrido de la edici\u00f3n de La Vuelta 2021. Las etapas clave y los puertos de monta\u00f1a.\" \/>\n<meta name=\"robots\" content=\"index, follow, max-snippet:-1, max-image-preview:large, max-video-preview:-1\" \/>\n<link rel=\"canonical\" href=\"https:\/\/www.welovecycling.com\/es\/2021\/02\/11\/una-vuelta-a-espana-2021-casi-inedita\/\" \/>\n<meta property=\"og:locale\" content=\"es_ES\" \/>\n<meta property=\"og:type\" content=\"article\" \/>\n<meta property=\"og:title\" content=\"Una Vuelta a Espa\u00f1a 2021 en busca de lo in\u00e9dito\" \/>\n<meta property=\"og:description\" content=\"Una Vuelta a Espa\u00f1a 2021 casi in\u00e9dita. El recorrido de la edici\u00f3n de La Vuelta 2021. Las etapas clave y los puertos de monta\u00f1a.\" \/>\n<meta property=\"og:url\" content=\"https:\/\/www.welovecycling.com\/es\/2021\/02\/11\/una-vuelta-a-espana-2021-casi-inedita\/\" \/>\n<meta property=\"og:site_name\" content=\"\u0160koda We Love Cycling - Spain\" \/>\n<meta property=\"article:published_time\" content=\"2021-02-11T12:41:23+00:00\" \/>\n<meta property=\"article:modified_time\" content=\"2021-02-11T12:48:35+00:00\" \/>\n<meta property=\"og:image\" content=\"https:\/\/d2p6e6u75xmxt8.cloudfront.net\/6\/2021\/02\/Vuelta-2021-recorrido.jpg\" \/>\n\t<meta property=\"og:image:width\" content=\"960\" \/>\n\t<meta property=\"og:image:height\" content=\"1200\" \/>\n\t<meta property=\"og:image:type\" content=\"image\/jpeg\" \/>\n<meta name=\"author\" content=\"We Love Cycling Spain\" \/>\n<meta name=\"twitter:card\" content=\"summary_large_image\" \/>\n<meta name=\"twitter:label1\" content=\"Written by\" \/>\n\t<meta name=\"twitter:data1\" content=\"Luis Ortega @Ciclored\" \/>\n\t<meta name=\"twitter:label2\" content=\"Est. reading time\" \/>\n\t<meta name=\"twitter:data2\" content=\"6 minutes\" \/>\n<script type=\"application\/ld+json\" class=\"yoast-schema-graph\">{\"@context\":\"https:\/\/schema.org\",\"@graph\":[{\"@type\":\"WebPage\",\"@id\":\"https:\/\/www.welovecycling.com\/es\/2021\/02\/11\/una-vuelta-a-espana-2021-casi-inedita\/\",\"url\":\"https:\/\/www.welovecycling.com\/es\/2021\/02\/11\/una-vuelta-a-espana-2021-casi-inedita\/\",\"name\":\"Una Vuelta a Espa\u00f1a 2021 en busca de lo in\u00e9dito - \u0160koda We Love Cycling - Spain\",\"isPartOf\":{\"@id\":\"https:\/\/www.welovecycling.com\/es\/#website\"},\"primaryImageOfPage\":{\"@id\":\"https:\/\/www.welovecycling.com\/es\/2021\/02\/11\/una-vuelta-a-espana-2021-casi-inedita\/#primaryimage\"},\"image\":{\"@id\":\"https:\/\/www.welovecycling.com\/es\/2021\/02\/11\/una-vuelta-a-espana-2021-casi-inedita\/#primaryimage\"},\"thumbnailUrl\":\"https:\/\/d2p6e6u75xmxt8.cloudfront.net\/6\/2021\/02\/Vuelta-2021-recorrido.jpg\",\"datePublished\":\"2021-02-11T12:41:23+00:00\",\"dateModified\":\"2021-02-11T12:48:35+00:00\",\"author\":{\"@id\":\"https:\/\/www.welovecycling.com\/es\/#\/schema\/person\/deb61715b5812698ee79fb96f343ccd4\"},\"description\":\"Una Vuelta a Espa\u00f1a 2021 casi in\u00e9dita. El recorrido de la edici\u00f3n de La Vuelta 2021. Las etapas clave y los puertos de monta\u00f1a.\",\"breadcrumb\":{\"@id\":\"https:\/\/www.welovecycling.com\/es\/2021\/02\/11\/una-vuelta-a-espana-2021-casi-inedita\/#breadcrumb\"},\"inLanguage\":\"es-ES\",\"potentialAction\":[{\"@type\":\"ReadAction\",\"target\":[\"https:\/\/www.welovecycling.com\/es\/2021\/02\/11\/una-vuelta-a-espana-2021-casi-inedita\/\"]}]},{\"@type\":\"ImageObject\",\"inLanguage\":\"es-ES\",\"@id\":\"https:\/\/www.welovecycling.com\/es\/2021\/02\/11\/una-vuelta-a-espana-2021-casi-inedita\/#primaryimage\",\"url\":\"https:\/\/d2p6e6u75xmxt8.cloudfront.net\/6\/2021\/02\/Vuelta-2021-recorrido.jpg\",\"contentUrl\":\"https:\/\/d2p6e6u75xmxt8.cloudfront.net\/6\/2021\/02\/Vuelta-2021-recorrido.jpg\",\"width\":960,\"height\":1200},{\"@type\":\"BreadcrumbList\",\"@id\":\"https:\/\/www.welovecycling.com\/es\/2021\/02\/11\/una-vuelta-a-espana-2021-casi-inedita\/#breadcrumb\",\"itemListElement\":[{\"@type\":\"ListItem\",\"position\":1,\"name\":\"Home\",\"item\":\"https:\/\/www.welovecycling.com\/es\/\"},{\"@type\":\"ListItem\",\"position\":2,\"name\":\"Una Vuelta a Espa\u00f1a 2021 en busca de lo in\u00e9dito\"}]},{\"@type\":\"WebSite\",\"@id\":\"https:\/\/www.welovecycling.com\/es\/#website\",\"url\":\"https:\/\/www.welovecycling.com\/es\/\",\"name\":\"\u0160koda We Love Cycling - Spain\",\"description\":\"\u0160koda WeLoveCycling Spain\",\"potentialAction\":[{\"@type\":\"SearchAction\",\"target\":{\"@type\":\"EntryPoint\",\"urlTemplate\":\"https:\/\/www.welovecycling.com\/es\/?s={search_term_string}\"},\"query-input\":{\"@type\":\"PropertyValueSpecification\",\"valueRequired\":true,\"valueName\":\"search_term_string\"}}],\"inLanguage\":\"es-ES\"},{\"@type\":\"Person\",\"@id\":\"https:\/\/www.welovecycling.com\/es\/#\/schema\/person\/deb61715b5812698ee79fb96f343ccd4\",\"name\":\"We Love Cycling Spain\",\"image\":{\"@type\":\"ImageObject\",\"inLanguage\":\"es-ES\",\"@id\":\"https:\/\/www.welovecycling.com\/es\/#\/schema\/person\/image\/\",\"url\":\"https:\/\/secure.gravatar.com\/avatar\/c824b04e6df0e37a03219d0b6481672889df542894588964102459e46513159c?s=96&d=mm&r=g\",\"contentUrl\":\"https:\/\/secure.gravatar.com\/avatar\/c824b04e6df0e37a03219d0b6481672889df542894588964102459e46513159c?s=96&d=mm&r=g\",\"caption\":\"We Love Cycling Spain\"},\"url\":\"https:\/\/www.welovecycling.com\/es\/author\/amunoz\/\"}]}<\/script>\n<!-- \/ Yoast SEO Premium plugin. -->","yoast_head_json":{"title":"Una Vuelta a Espa\u00f1a 2021 en busca de lo in\u00e9dito - \u0160koda We Love Cycling - Spain","description":"Una Vuelta a Espa\u00f1a 2021 casi in\u00e9dita. El recorrido de la edici\u00f3n de La Vuelta 2021. Las etapas clave y los puertos de monta\u00f1a.","robots":{"index":"index","follow":"follow","max-snippet":"max-snippet:-1","max-image-preview":"max-image-preview:large","max-video-preview":"max-video-preview:-1"},"canonical":"https:\/\/www.welovecycling.com\/es\/2021\/02\/11\/una-vuelta-a-espana-2021-casi-inedita\/","og_locale":"es_ES","og_type":"article","og_title":"Una Vuelta a Espa\u00f1a 2021 en busca de lo in\u00e9dito","og_description":"Una Vuelta a Espa\u00f1a 2021 casi in\u00e9dita. El recorrido de la edici\u00f3n de La Vuelta 2021. Las etapas clave y los puertos de monta\u00f1a.","og_url":"https:\/\/www.welovecycling.com\/es\/2021\/02\/11\/una-vuelta-a-espana-2021-casi-inedita\/","og_site_name":"\u0160koda We Love Cycling - Spain","article_published_time":"2021-02-11T12:41:23+00:00","article_modified_time":"2021-02-11T12:48:35+00:00","og_image":[{"width":960,"height":1200,"url":"https:\/\/d2p6e6u75xmxt8.cloudfront.net\/6\/2021\/02\/Vuelta-2021-recorrido.jpg","type":"image\/jpeg"}],"author":"We Love Cycling Spain","twitter_card":"summary_large_image","twitter_misc":{"Written by":"Luis Ortega @Ciclored","Est. reading time":"6 minutes"},"schema":{"@context":"https:\/\/schema.org","@graph":[{"@type":"WebPage","@id":"https:\/\/www.welovecycling.com\/es\/2021\/02\/11\/una-vuelta-a-espana-2021-casi-inedita\/","url":"https:\/\/www.welovecycling.com\/es\/2021\/02\/11\/una-vuelta-a-espana-2021-casi-inedita\/","name":"Una Vuelta a Espa\u00f1a 2021 en busca de lo in\u00e9dito - \u0160koda We Love Cycling - Spain","isPartOf":{"@id":"https:\/\/www.welovecycling.com\/es\/#website"},"primaryImageOfPage":{"@id":"https:\/\/www.welovecycling.com\/es\/2021\/02\/11\/una-vuelta-a-espana-2021-casi-inedita\/#primaryimage"},"image":{"@id":"https:\/\/www.welovecycling.com\/es\/2021\/02\/11\/una-vuelta-a-espana-2021-casi-inedita\/#primaryimage"},"thumbnailUrl":"https:\/\/d2p6e6u75xmxt8.cloudfront.net\/6\/2021\/02\/Vuelta-2021-recorrido.jpg","datePublished":"2021-02-11T12:41:23+00:00","dateModified":"2021-02-11T12:48:35+00:00","author":{"@id":"https:\/\/www.welovecycling.com\/es\/#\/schema\/person\/deb61715b5812698ee79fb96f343ccd4"},"description":"Una Vuelta a Espa\u00f1a 2021 casi in\u00e9dita. El recorrido de la edici\u00f3n de La Vuelta 2021. Las etapas clave y los puertos de monta\u00f1a.","breadcrumb":{"@id":"https:\/\/www.welovecycling.com\/es\/2021\/02\/11\/una-vuelta-a-espana-2021-casi-inedita\/#breadcrumb"},"inLanguage":"es-ES","potentialAction":[{"@type":"ReadAction","target":["https:\/\/www.welovecycling.com\/es\/2021\/02\/11\/una-vuelta-a-espana-2021-casi-inedita\/"]}]},{"@type":"ImageObject","inLanguage":"es-ES","@id":"https:\/\/www.welovecycling.com\/es\/2021\/02\/11\/una-vuelta-a-espana-2021-casi-inedita\/#primaryimage","url":"https:\/\/d2p6e6u75xmxt8.cloudfront.net\/6\/2021\/02\/Vuelta-2021-recorrido.jpg","contentUrl":"https:\/\/d2p6e6u75xmxt8.cloudfront.net\/6\/2021\/02\/Vuelta-2021-recorrido.jpg","width":960,"height":1200},{"@type":"BreadcrumbList","@id":"https:\/\/www.welovecycling.com\/es\/2021\/02\/11\/una-vuelta-a-espana-2021-casi-inedita\/#breadcrumb","itemListElement":[{"@type":"ListItem","position":1,"name":"Home","item":"https:\/\/www.welovecycling.com\/es\/"},{"@type":"ListItem","position":2,"name":"Una Vuelta a Espa\u00f1a 2021 en busca de lo in\u00e9dito"}]},{"@type":"WebSite","@id":"https:\/\/www.welovecycling.com\/es\/#website","url":"https:\/\/www.welovecycling.com\/es\/","name":"\u0160koda We Love Cycling - Spain","description":"\u0160koda WeLoveCycling Spain","potentialAction":[{"@type":"SearchAction","target":{"@type":"EntryPoint","urlTemplate":"https:\/\/www.welovecycling.com\/es\/?s={search_term_string}"},"query-input":{"@type":"PropertyValueSpecification","valueRequired":true,"valueName":"search_term_string"}}],"inLanguage":"es-ES"},{"@type":"Person","@id":"https:\/\/www.welovecycling.com\/es\/#\/schema\/person\/deb61715b5812698ee79fb96f343ccd4","name":"We Love Cycling Spain","image":{"@type":"ImageObject","inLanguage":"es-ES","@id":"https:\/\/www.welovecycling.com\/es\/#\/schema\/person\/image\/","url":"https:\/\/secure.gravatar.com\/avatar\/c824b04e6df0e37a03219d0b6481672889df542894588964102459e46513159c?s=96&d=mm&r=g","contentUrl":"https:\/\/secure.gravatar.com\/avatar\/c824b04e6df0e37a03219d0b6481672889df542894588964102459e46513159c?s=96&d=mm&r=g","caption":"We Love Cycling Spain"},"url":"https:\/\/www.welovecycling.com\/es\/author\/amunoz\/"}]}},"_links":{"self":[{"href":"https:\/\/www.welovecycling.com\/es\/wp-json\/wp\/v2\/posts\/7220","targetHints":{"allow":["GET"]}}],"collection":[{"href":"https:\/\/www.welovecycling.com\/es\/wp-json\/wp\/v2\/posts"}],"about":[{"href":"https:\/\/www.welovecycling.com\/es\/wp-json\/wp\/v2\/types\/post"}],"author":[{"embeddable":true,"href":"https:\/\/www.welovecycling.com\/es\/wp-json\/wp\/v2\/users\/29"}],"replies":[{"embeddable":true,"href":"https:\/\/www.welovecycling.com\/es\/wp-json\/wp\/v2\/comments?post=7220"}],"version-history":[{"count":2,"href":"https:\/\/www.welovecycling.com\/es\/wp-json\/wp\/v2\/posts\/7220\/revisions"}],"predecessor-version":[{"id":7227,"href":"https:\/\/www.welovecycling.com\/es\/wp-json\/wp\/v2\/posts\/7220\/revisions\/7227"}],"wp:featuredmedia":[{"embeddable":true,"href":"https:\/\/www.welovecycling.com\/es\/wp-json\/wp\/v2\/media\/7224"}],"wp:attachment":[{"href":"https:\/\/www.welovecycling.com\/es\/wp-json\/wp\/v2\/media?parent=7220"}],"wp:term":[{"taxonomy":"category","embeddable":true,"href":"https:\/\/www.welovecycling.com\/es\/wp-json\/wp\/v2\/categories?post=7220"},{"taxonomy":"post_tag","embeddable":true,"href":"https:\/\/www.welovecycling.com\/es\/wp-json\/wp\/v2\/tags?post=7220"},{"taxonomy":"global-categories","embeddable":true,"href":"https:\/\/www.welovecycling.com\/es\/wp-json\/wp\/v2\/global-categories?post=7220"}],"curies":[{"name":"wp","href":"https:\/\/api.w.org\/{rel}","templated":true}]}}