{"id":7194,"date":"2021-02-06T11:17:14","date_gmt":"2021-02-06T09:17:14","guid":{"rendered":"https:\/\/www.welovecycling.com\/es\/?p=7194"},"modified":"2021-02-06T11:17:14","modified_gmt":"2021-02-06T09:17:14","slug":"el-extrano-caso-de-thibaut-pinot","status":"publish","type":"post","link":"https:\/\/www.welovecycling.com\/es\/2021\/02\/06\/el-extrano-caso-de-thibaut-pinot\/","title":{"rendered":"El extra\u00f1o caso de Thibaut Pinot"},"content":{"rendered":"<p><strong>Dato: Un corredor franc\u00e9s no ha ganado el Tour de Francia desde 1985, cuando Bernard Hinault, apodado &#8220;El Tej\u00f3n&#8221;, se puso el maillot amarillo en Par\u00eds tras la \u00faltima etapa.<\/strong><\/p>\n<p><strong>Dato: Thibaut Pinot es un corredor franc\u00e9s que no ha ganado el Tour de Francia.<\/strong><\/p>\n<p><strong>Dato: Pinot no ganar\u00e1 el Tour de Francia en 2021 ya que se lo salta en favor del Giro de Italia.<\/strong><\/p>\n<p><!--more--><\/p>\n<p>La decisi\u00f3n del corredor del Groupama-FDJ, de 30 a\u00f1os, de pasar del Tour de este a\u00f1o fue una sorpresa y probablemente un shock para muchos de sus compatriotas que lo han considerado como el corredor m\u00e1s probable para romper su sequ\u00eda de 35 a\u00f1os en el Tour desde que gan\u00f3 una etapa a los 22 a\u00f1os en el Tour de 2012 y termin\u00f3 10\u00ba en la general. Con 22 a\u00f1os y 54 d\u00edas, fue el corredor m\u00e1s joven en terminar entre los 10 primeros desde Raymond Impanis en 1947.<\/p>\n<figure id=\"attachment_7196\" aria-describedby=\"caption-attachment-7196\" style=\"width: 1024px\" class=\"wp-caption alignnone\"><a href=\"https:\/\/d2p6e6u75xmxt8.cloudfront.net\/2\/2021\/02\/Pinot-2012-profimedia-0228290956.jpg\"><img loading=\"lazy\" decoding=\"async\" class=\"wp-image-7196 size-large\" src=\"https:\/\/d2p6e6u75xmxt8.cloudfront.net\/6\/2021\/02\/Pinot-2012-profimedia-0228290956-1024x696.jpg\" alt=\"Thibaut Pinot in 2012\" width=\"1024\" height=\"696\" srcset=\"https:\/\/d2p6e6u75xmxt8.cloudfront.net\/6\/2021\/02\/Pinot-2012-profimedia-0228290956-1024x696.jpg 1024w, https:\/\/d2p6e6u75xmxt8.cloudfront.net\/6\/2021\/02\/Pinot-2012-profimedia-0228290956-300x204.jpg 300w, https:\/\/d2p6e6u75xmxt8.cloudfront.net\/6\/2021\/02\/Pinot-2012-profimedia-0228290956-768x522.jpg 768w, https:\/\/d2p6e6u75xmxt8.cloudfront.net\/6\/2021\/02\/Pinot-2012-profimedia-0228290956.jpg 1250w\" sizes=\"auto, (max-width: 1024px) 100vw, 1024px\" \/><\/a><figcaption id=\"caption-attachment-7196\" class=\"wp-caption-text\">En la edici\u00f3n de 2021, Pinot acab\u00f3 d\u00e9cimo de la general. \u00a9 Profimedia<\/figcaption><\/figure>\n<p>Sin embargo, desde entonces, ha experimentado pocos triunfos y muchos reveses en el Tour. En 2013, se qued\u00f3 muy lejos de los l\u00edderes durante un descenso de monta\u00f1a en los <a href=\"https:\/\/www.welovecycling.com\/wide\/ride-tested\/pyrenees-route\/\">Pirineos<\/a>, afirmando m\u00e1s tarde que le hab\u00eda dado miedo la velocidad. &#8220;Algunas personas tienen miedo a las ara\u00f1as o a las serpientes. Yo tengo miedo a la velocidad. Es una fobia&#8221;, confes\u00f3 Thibaut Pinot. Luego se le enred\u00f3 el cable del pinganillo en la rueda delantera y tuvo un ca\u00edda. Abandon\u00f3 despu\u00e9s de la segunda semana, cuando ocupaba el puesto 52 de la clasificaci\u00f3n general.<\/p>\n<p>Un brillante tercer puesto en 2014 aliment\u00f3 las esperanzas de un final a\u00fan mejor al a\u00f1o siguiente. Sin embargo, sufri\u00f3 un pinchazo en un tramo de adoquines de una de las primeras etapas, el coche del equipo tard\u00f3 en llegar y Pinot se qued\u00f3 tirado. Despu\u00e9s otra aver\u00eda en el desviador le hizo perder 6 minutos. Termin\u00f3 en el puesto 16.<\/p>\n<p>En 2016, estaba muy por lejos de los l\u00edderes cuando se vio obligado a abandonar por una bronquitis. Al a\u00f1o siguiente volvi\u00f3 a abandonar el Tour por fiebre y falta de forma. En 2018, contrajo una neumon\u00eda en el <a href=\"https:\/\/www.welovecycling.com\/wide\/ride-tested\/giro-ditalia\/\">Giro<\/a> y no comenz\u00f3 el Tour. Al a\u00f1o siguiente, aunque era 5\u00ba en la clasificaci\u00f3n general, se vio obligado a abandonar durante la 19\u00aa etapa por un desgarro muscular en el muslo izquierdo.<\/p>\n<figure id=\"attachment_7198\" aria-describedby=\"caption-attachment-7198\" style=\"width: 1024px\" class=\"wp-caption alignnone\"><a href=\"https:\/\/d2p6e6u75xmxt8.cloudfront.net\/2\/2021\/02\/Pinot-2020-Tour-profimedia-0552679397.jpg\"><img loading=\"lazy\" decoding=\"async\" class=\"wp-image-7198 size-large\" src=\"https:\/\/d2p6e6u75xmxt8.cloudfront.net\/6\/2021\/02\/Pinot-2020-Tour-profimedia-0552679397-1024x605.jpg\" alt=\"2020 Tour de France\" width=\"1024\" height=\"605\" srcset=\"https:\/\/d2p6e6u75xmxt8.cloudfront.net\/6\/2021\/02\/Pinot-2020-Tour-profimedia-0552679397-1024x605.jpg 1024w, https:\/\/d2p6e6u75xmxt8.cloudfront.net\/6\/2021\/02\/Pinot-2020-Tour-profimedia-0552679397-300x177.jpg 300w, https:\/\/d2p6e6u75xmxt8.cloudfront.net\/6\/2021\/02\/Pinot-2020-Tour-profimedia-0552679397-768x454.jpg 768w, https:\/\/d2p6e6u75xmxt8.cloudfront.net\/6\/2021\/02\/Pinot-2020-Tour-profimedia-0552679397.jpg 1250w\" sizes=\"auto, (max-width: 1024px) 100vw, 1024px\" \/><\/a><figcaption id=\"caption-attachment-7198\" class=\"wp-caption-text\">&#8220;Temo a la velocidad, es una fobia.&#8221; \u00a9 Profimedia<\/figcaption><\/figure>\n<p>El a\u00f1o pasado, Pinot perdi\u00f3 todas las opciones de victoria cuando se cay\u00f3 en la primera etapa, lesion\u00e1ndose la espalda. Luch\u00f3 y complet\u00f3 la carrera, terminando en el puesto 29. La decisi\u00f3n de Pinot de no participar en el Tour de este a\u00f1o sorprendi\u00f3 a todo el mundo, ya que sigue siendo una &#8220;gran esperanza francesa&#8221; a pesar de sus muchas decepciones. Se podr\u00eda haber pensado que se ahorraba una nueva decepci\u00f3n, pero dijo que el Tour de este a\u00f1o simplemente no se adapta a su estilo.<\/p>\n<p>&#8220;Es realmente un Tour cl\u00e1sico&#8221;, dijo a <a href=\"https:\/\/www.lequipe.fr\/Cyclisme-sur-route\/Actualites\/Thibaut-pinot-groupama-fdj-le-parcours-est-moins-pour-les-grimpeurs-que-pour-les-coureurs-complets\/1190144\">L&#8217;Equipe en noviembre<\/a>, &#8220;con demasiado llano y bastantes etapas que realmente se adaptan a los finalizadores&#8221;.<\/p>\n<p>En su lugar, Pinot dijo que se concentrar\u00e1 en el Giro de Italia, que se correr\u00e1 del 8 al 30 de mayo y donde su competencia ser\u00e1 dura, incluyendo a Vincenzo Nibali, Bauke Mollema, Simon Yates, Emanuel Buchmann, Mikel Landa, Aleksandr Vlasov y\u00a0 Egan Bernal.<\/p>\n<figure id=\"attachment_7201\" aria-describedby=\"caption-attachment-7201\" style=\"width: 1024px\" class=\"wp-caption alignnone\"><a href=\"https:\/\/d2p6e6u75xmxt8.cloudfront.net\/2\/2021\/02\/profimedia-0552900266.jpg\"><img loading=\"lazy\" decoding=\"async\" class=\"size-large wp-image-7201\" src=\"https:\/\/d2p6e6u75xmxt8.cloudfront.net\/6\/2021\/02\/profimedia-0552900266-1024x656.jpg\" alt=\"Pinot at Criterium du Dauphine\" width=\"1024\" height=\"656\" srcset=\"https:\/\/d2p6e6u75xmxt8.cloudfront.net\/6\/2021\/02\/profimedia-0552900266-1024x656.jpg 1024w, https:\/\/d2p6e6u75xmxt8.cloudfront.net\/6\/2021\/02\/profimedia-0552900266-300x192.jpg 300w, https:\/\/d2p6e6u75xmxt8.cloudfront.net\/6\/2021\/02\/profimedia-0552900266-768x492.jpg 768w, https:\/\/d2p6e6u75xmxt8.cloudfront.net\/6\/2021\/02\/profimedia-0552900266.jpg 1250w\" sizes=\"auto, (max-width: 1024px) 100vw, 1024px\" \/><\/a><figcaption id=\"caption-attachment-7201\" class=\"wp-caption-text\">Pinot durante la quinta etapa de la 72 edici\u00f3n del Criterium du Dauphine.<\/figcaption><\/figure>\n<p>&nbsp;<\/p>\n<p>&#8220;La maglia rosa, como el maillot amarillo, te hace so\u00f1ar&#8221;, dijo Pinot al anunciar su decisi\u00f3n. &#8220;Es una de las carreras m\u00e1s bonitas para intentar ganar&#8221;. Ser\u00e1 la tercera participaci\u00f3n de Pinot en el Giro. Fue cuarto en la general en su debut en 2017 y parec\u00eda dispuesto a subir al podio al a\u00f1o siguiente, aunque abandon\u00f3 tras caer enfermo en la pen\u00faltima etapa.<\/p>\n<p>Dijo que volver\u00eda al Tour en 2022, pero uno puede tener dudas al respecto. Tras no poder seguir a los mejores en la octava etapa del Tour del a\u00f1o pasado por culpa de unos dolores de espalda, Pinot dijo: &#8220;Quiz\u00e1s este sea un punto de inflexi\u00f3n en mi carrera. Han sido demasiados fracasos para m\u00ed. Pero seguir\u00e9 luchando&#8221;.<\/p>\n<p>Sin embargo, las lesiones y las enfermedades han acosado a Pinot no s\u00f3lo en el Tour de Francia, sino tambi\u00e9n en el Giro y la Vuelta. Contando todas sus participaciones en Grandes Vueltas, no ha podido terminar, por una u otra raz\u00f3n, la mitad de las carreras en las que particip\u00f3: dos de cuatro Vueltas, uno de dos Giros y cuatro de ocho Tours.<\/p>\n<p>Durante el Tour de 2015, tras quedar muy por detr\u00e1s de los l\u00edderes, declar\u00f3 a France TV: &#8220;No entiendo por qu\u00e9 estoy as\u00ed. Creo en m\u00ed mismo, si no, no estar\u00eda aqu\u00ed&#8230;. Si no puedo ir a m\u00e1s de 300 vatios, es porque tengo un problema en alguna parte&#8221;.<\/p>\n<figure id=\"attachment_7203\" aria-describedby=\"caption-attachment-7203\" style=\"width: 1024px\" class=\"wp-caption alignnone\"><a href=\"https:\/\/d2p6e6u75xmxt8.cloudfront.net\/2\/2021\/02\/Thibaut-Pinot-2015-profimedia-0253591097.jpg\"><img loading=\"lazy\" decoding=\"async\" class=\"wp-image-7203 size-large\" src=\"https:\/\/d2p6e6u75xmxt8.cloudfront.net\/6\/2021\/02\/Thibaut-Pinot-2015-profimedia-0253591097-1024x682.jpg\" alt=\"Thibaut Pinot at the 2015 Tour\" width=\"1024\" height=\"682\" srcset=\"https:\/\/d2p6e6u75xmxt8.cloudfront.net\/6\/2021\/02\/Thibaut-Pinot-2015-profimedia-0253591097-1024x682.jpg 1024w, https:\/\/d2p6e6u75xmxt8.cloudfront.net\/6\/2021\/02\/Thibaut-Pinot-2015-profimedia-0253591097-300x200.jpg 300w, https:\/\/d2p6e6u75xmxt8.cloudfront.net\/6\/2021\/02\/Thibaut-Pinot-2015-profimedia-0253591097-768x512.jpg 768w, https:\/\/d2p6e6u75xmxt8.cloudfront.net\/6\/2021\/02\/Thibaut-Pinot-2015-profimedia-0253591097-272x182.jpg 272w, https:\/\/d2p6e6u75xmxt8.cloudfront.net\/6\/2021\/02\/Thibaut-Pinot-2015-profimedia-0253591097.jpg 1250w\" sizes=\"auto, (max-width: 1024px) 100vw, 1024px\" \/><\/a><figcaption id=\"caption-attachment-7203\" class=\"wp-caption-text\">&#8220;No entiendo porqu\u00e9 estoy as\u00ed.&#8221; \u00a9 Profimedia<\/figcaption><\/figure>\n<p>Algunos comentaristas han sugerido que el problema est\u00e1 en la cabeza de Thibaut Pinot. Por ejemplo, el comentarista de televisi\u00f3n Cyrille Guimard, ex corredor de ruta, dijo a <a href=\"https:\/\/rmcsport.bfmtv.com\/cyclisme\/guimard-il-faut-absolument-que-pinot-se-remette-en-cause-901901.html\">BFM TV<\/a> en 2015: &#8220;[El problema] es mental, una p\u00e9rdida de confianza, el objetivo est\u00e1 fuera de alcance y, de repente, est\u00e1 fuera. Es normal no tener fuerzas en cuanto dejas de creer que puedes ganar&#8221;.<\/p>\n<p>El problema puede ser simplemente que Pinot no tiene la resistencia mental y f\u00edsica necesaria para ser un corredor de \u00e9xito en las Grandes Vueltas. Una tasa de abandono del 50% es asombrosa, sobre todo si se tiene en cuenta la variedad de razones de sus fracasos. Sin embargo, su rendimiento ha sido mucho mejor en otras carreras por etapas, como el Crit\u00e9rium du Dauphin\u00e9 y el Tour de Suiza.<\/p>\n<p>En las 32 grandes carreras, no Grand Tour, en las que ha participado desde 2010, Pinot s\u00f3lo ha abandonado en cuatro y ha terminado entre los diez primeros en 16 carreras, incluyendo un brillante segundo puesto en el Crit\u00e9rium del a\u00f1o pasado. Quiz\u00e1 el problema de Thibaut Pinot sea la resistencia, tanto mental como f\u00edsica. Al menos, eso es lo que sugiere el historial.<\/p>\n","protected":false},"excerpt":{"rendered":"<p>Dato: Un corredor franc\u00e9s no ha ganado el Tour de Francia desde 1985, cuando Bernard Hinault, apodado &#8220;El Tej\u00f3n&#8221;, se [&hellip;]<\/p>\n","protected":false},"author":29,"featured_media":7207,"comment_status":"open","ping_status":"open","sticky":false,"template":"","format":"standard","meta":{"footnotes":""},"categories":[7],"tags":[2073,2076,2075,2074,2072,2071,2070,2077],"global-categories":[],"class_list":["post-7194","post","type-post","status-publish","format-standard","has-post-thumbnail","hentry","category-carretera","tag-fobia-pinot","tag-giro-de-italia-2021","tag-pinot-tour-de-francia","tag-pinto-y-las-bajadas","tag-problemas-mentales-pinot","tag-retirada-pinot","tag-thibaut-pinot","tag-tour-de-francia-2021"],"yoast_head":"<!-- This site is optimized with the Yoast SEO Premium plugin v25.3 (Yoast SEO v25.9) - https:\/\/yoast.com\/wordpress\/plugins\/seo\/ -->\n<title>El extra\u00f1o caso de Thibaut Pinot - \u0160koda We Love Cycling - Spain<\/title>\n<meta name=\"description\" content=\"El extra\u00f1o caso de Thibaut Pinot. La carrera de Pinot se ha visto salpicada por continuas retiradas y fracasos en el Tour.\" \/>\n<meta name=\"robots\" content=\"index, follow, max-snippet:-1, max-image-preview:large, max-video-preview:-1\" \/>\n<link rel=\"canonical\" href=\"https:\/\/www.welovecycling.com\/es\/2021\/02\/06\/el-extrano-caso-de-thibaut-pinot\/\" \/>\n<meta property=\"og:locale\" content=\"es_ES\" \/>\n<meta property=\"og:type\" content=\"article\" \/>\n<meta property=\"og:title\" content=\"El extra\u00f1o caso de Thibaut Pinot\" \/>\n<meta property=\"og:description\" content=\"El extra\u00f1o caso de Thibaut Pinot. La carrera de Pinot se ha visto salpicada por continuas retiradas y fracasos en el Tour.\" \/>\n<meta property=\"og:url\" content=\"https:\/\/www.welovecycling.com\/es\/2021\/02\/06\/el-extrano-caso-de-thibaut-pinot\/\" \/>\n<meta property=\"og:site_name\" content=\"\u0160koda We Love Cycling - Spain\" \/>\n<meta property=\"article:published_time\" content=\"2021-02-06T09:17:14+00:00\" \/>\n<meta property=\"og:image\" content=\"https:\/\/d2p6e6u75xmxt8.cloudfront.net\/6\/2021\/02\/Thibaut-Pinot-profimedia-0556823057-CVR.jpg\" \/>\n\t<meta property=\"og:image:width\" content=\"1366\" \/>\n\t<meta property=\"og:image:height\" content=\"600\" \/>\n\t<meta property=\"og:image:type\" content=\"image\/jpeg\" \/>\n<meta name=\"author\" content=\"We Love Cycling Spain\" \/>\n<meta name=\"twitter:card\" content=\"summary_large_image\" \/>\n<meta name=\"twitter:title\" content=\"El extra\u00f1o caso de Thibaut Pinot\" \/>\n<meta name=\"twitter:description\" content=\"El extra\u00f1o caso de Thibaut Pinot. La carrera de Pinot se ha visto salpicada por continuas retiradas y fracasos en el Tour.\" \/>\n<meta name=\"twitter:label1\" content=\"Written by\" \/>\n\t<meta name=\"twitter:data1\" content=\"Siegfried Mortkowitz\" \/>\n\t<meta name=\"twitter:label2\" content=\"Est. reading time\" \/>\n\t<meta name=\"twitter:data2\" content=\"6\" \/>\n<script type=\"application\/ld+json\" class=\"yoast-schema-graph\">{\"@context\":\"https:\/\/schema.org\",\"@graph\":[{\"@type\":\"WebPage\",\"@id\":\"https:\/\/www.welovecycling.com\/es\/2021\/02\/06\/el-extrano-caso-de-thibaut-pinot\/\",\"url\":\"https:\/\/www.welovecycling.com\/es\/2021\/02\/06\/el-extrano-caso-de-thibaut-pinot\/\",\"name\":\"El extra\u00f1o caso de Thibaut Pinot - \u0160koda We Love Cycling - Spain\",\"isPartOf\":{\"@id\":\"https:\/\/www.welovecycling.com\/es\/#website\"},\"primaryImageOfPage\":{\"@id\":\"https:\/\/www.welovecycling.com\/es\/2021\/02\/06\/el-extrano-caso-de-thibaut-pinot\/#primaryimage\"},\"image\":{\"@id\":\"https:\/\/www.welovecycling.com\/es\/2021\/02\/06\/el-extrano-caso-de-thibaut-pinot\/#primaryimage\"},\"thumbnailUrl\":\"https:\/\/d2p6e6u75xmxt8.cloudfront.net\/6\/2021\/02\/Thibaut-Pinot-profimedia-0556823057-CVR.jpg\",\"datePublished\":\"2021-02-06T09:17:14+00:00\",\"author\":{\"@id\":\"https:\/\/www.welovecycling.com\/es\/#\/schema\/person\/deb61715b5812698ee79fb96f343ccd4\"},\"description\":\"El extra\u00f1o caso de Thibaut Pinot. La carrera de Pinot se ha visto salpicada por continuas retiradas y fracasos en el Tour.\",\"breadcrumb\":{\"@id\":\"https:\/\/www.welovecycling.com\/es\/2021\/02\/06\/el-extrano-caso-de-thibaut-pinot\/#breadcrumb\"},\"inLanguage\":\"es-ES\",\"potentialAction\":[{\"@type\":\"ReadAction\",\"target\":[\"https:\/\/www.welovecycling.com\/es\/2021\/02\/06\/el-extrano-caso-de-thibaut-pinot\/\"]}]},{\"@type\":\"ImageObject\",\"inLanguage\":\"es-ES\",\"@id\":\"https:\/\/www.welovecycling.com\/es\/2021\/02\/06\/el-extrano-caso-de-thibaut-pinot\/#primaryimage\",\"url\":\"https:\/\/d2p6e6u75xmxt8.cloudfront.net\/6\/2021\/02\/Thibaut-Pinot-profimedia-0556823057-CVR.jpg\",\"contentUrl\":\"https:\/\/d2p6e6u75xmxt8.cloudfront.net\/6\/2021\/02\/Thibaut-Pinot-profimedia-0556823057-CVR.jpg\",\"width\":1366,\"height\":600,\"caption\":\"Thibaut Pinot\"},{\"@type\":\"BreadcrumbList\",\"@id\":\"https:\/\/www.welovecycling.com\/es\/2021\/02\/06\/el-extrano-caso-de-thibaut-pinot\/#breadcrumb\",\"itemListElement\":[{\"@type\":\"ListItem\",\"position\":1,\"name\":\"Home\",\"item\":\"https:\/\/www.welovecycling.com\/es\/\"},{\"@type\":\"ListItem\",\"position\":2,\"name\":\"El extra\u00f1o caso de Thibaut Pinot\"}]},{\"@type\":\"WebSite\",\"@id\":\"https:\/\/www.welovecycling.com\/es\/#website\",\"url\":\"https:\/\/www.welovecycling.com\/es\/\",\"name\":\"\u0160koda We Love Cycling - Spain\",\"description\":\"\u0160koda WeLoveCycling Spain\",\"potentialAction\":[{\"@type\":\"SearchAction\",\"target\":{\"@type\":\"EntryPoint\",\"urlTemplate\":\"https:\/\/www.welovecycling.com\/es\/?s={search_term_string}\"},\"query-input\":{\"@type\":\"PropertyValueSpecification\",\"valueRequired\":true,\"valueName\":\"search_term_string\"}}],\"inLanguage\":\"es-ES\"},{\"@type\":\"Person\",\"@id\":\"https:\/\/www.welovecycling.com\/es\/#\/schema\/person\/deb61715b5812698ee79fb96f343ccd4\",\"name\":\"We Love Cycling Spain\",\"image\":{\"@type\":\"ImageObject\",\"inLanguage\":\"es-ES\",\"@id\":\"https:\/\/www.welovecycling.com\/es\/#\/schema\/person\/image\/\",\"url\":\"https:\/\/secure.gravatar.com\/avatar\/c824b04e6df0e37a03219d0b6481672889df542894588964102459e46513159c?s=96&d=mm&r=g\",\"contentUrl\":\"https:\/\/secure.gravatar.com\/avatar\/c824b04e6df0e37a03219d0b6481672889df542894588964102459e46513159c?s=96&d=mm&r=g\",\"caption\":\"We Love Cycling Spain\"},\"url\":\"https:\/\/www.welovecycling.com\/es\/author\/amunoz\/\"}]}<\/script>\n<!-- \/ Yoast SEO Premium plugin. -->","yoast_head_json":{"title":"El extra\u00f1o caso de Thibaut Pinot - \u0160koda We Love Cycling - Spain","description":"El extra\u00f1o caso de Thibaut Pinot. La carrera de Pinot se ha visto salpicada por continuas retiradas y fracasos en el Tour.","robots":{"index":"index","follow":"follow","max-snippet":"max-snippet:-1","max-image-preview":"max-image-preview:large","max-video-preview":"max-video-preview:-1"},"canonical":"https:\/\/www.welovecycling.com\/es\/2021\/02\/06\/el-extrano-caso-de-thibaut-pinot\/","og_locale":"es_ES","og_type":"article","og_title":"El extra\u00f1o caso de Thibaut Pinot","og_description":"El extra\u00f1o caso de Thibaut Pinot. La carrera de Pinot se ha visto salpicada por continuas retiradas y fracasos en el Tour.","og_url":"https:\/\/www.welovecycling.com\/es\/2021\/02\/06\/el-extrano-caso-de-thibaut-pinot\/","og_site_name":"\u0160koda We Love Cycling - Spain","article_published_time":"2021-02-06T09:17:14+00:00","og_image":[{"width":1366,"height":600,"url":"https:\/\/d2p6e6u75xmxt8.cloudfront.net\/6\/2021\/02\/Thibaut-Pinot-profimedia-0556823057-CVR.jpg","type":"image\/jpeg"}],"author":"We Love Cycling Spain","twitter_card":"summary_large_image","twitter_title":"El extra\u00f1o caso de Thibaut Pinot","twitter_description":"El extra\u00f1o caso de Thibaut Pinot. La carrera de Pinot se ha visto salpicada por continuas retiradas y fracasos en el Tour.","twitter_misc":{"Written by":"Siegfried Mortkowitz","Est. reading time":"6"},"schema":{"@context":"https:\/\/schema.org","@graph":[{"@type":"WebPage","@id":"https:\/\/www.welovecycling.com\/es\/2021\/02\/06\/el-extrano-caso-de-thibaut-pinot\/","url":"https:\/\/www.welovecycling.com\/es\/2021\/02\/06\/el-extrano-caso-de-thibaut-pinot\/","name":"El extra\u00f1o caso de Thibaut Pinot - \u0160koda We Love Cycling - Spain","isPartOf":{"@id":"https:\/\/www.welovecycling.com\/es\/#website"},"primaryImageOfPage":{"@id":"https:\/\/www.welovecycling.com\/es\/2021\/02\/06\/el-extrano-caso-de-thibaut-pinot\/#primaryimage"},"image":{"@id":"https:\/\/www.welovecycling.com\/es\/2021\/02\/06\/el-extrano-caso-de-thibaut-pinot\/#primaryimage"},"thumbnailUrl":"https:\/\/d2p6e6u75xmxt8.cloudfront.net\/6\/2021\/02\/Thibaut-Pinot-profimedia-0556823057-CVR.jpg","datePublished":"2021-02-06T09:17:14+00:00","author":{"@id":"https:\/\/www.welovecycling.com\/es\/#\/schema\/person\/deb61715b5812698ee79fb96f343ccd4"},"description":"El extra\u00f1o caso de Thibaut Pinot. La carrera de Pinot se ha visto salpicada por continuas retiradas y fracasos en el Tour.","breadcrumb":{"@id":"https:\/\/www.welovecycling.com\/es\/2021\/02\/06\/el-extrano-caso-de-thibaut-pinot\/#breadcrumb"},"inLanguage":"es-ES","potentialAction":[{"@type":"ReadAction","target":["https:\/\/www.welovecycling.com\/es\/2021\/02\/06\/el-extrano-caso-de-thibaut-pinot\/"]}]},{"@type":"ImageObject","inLanguage":"es-ES","@id":"https:\/\/www.welovecycling.com\/es\/2021\/02\/06\/el-extrano-caso-de-thibaut-pinot\/#primaryimage","url":"https:\/\/d2p6e6u75xmxt8.cloudfront.net\/6\/2021\/02\/Thibaut-Pinot-profimedia-0556823057-CVR.jpg","contentUrl":"https:\/\/d2p6e6u75xmxt8.cloudfront.net\/6\/2021\/02\/Thibaut-Pinot-profimedia-0556823057-CVR.jpg","width":1366,"height":600,"caption":"Thibaut Pinot"},{"@type":"BreadcrumbList","@id":"https:\/\/www.welovecycling.com\/es\/2021\/02\/06\/el-extrano-caso-de-thibaut-pinot\/#breadcrumb","itemListElement":[{"@type":"ListItem","position":1,"name":"Home","item":"https:\/\/www.welovecycling.com\/es\/"},{"@type":"ListItem","position":2,"name":"El extra\u00f1o caso de Thibaut Pinot"}]},{"@type":"WebSite","@id":"https:\/\/www.welovecycling.com\/es\/#website","url":"https:\/\/www.welovecycling.com\/es\/","name":"\u0160koda We Love Cycling - Spain","description":"\u0160koda WeLoveCycling Spain","potentialAction":[{"@type":"SearchAction","target":{"@type":"EntryPoint","urlTemplate":"https:\/\/www.welovecycling.com\/es\/?s={search_term_string}"},"query-input":{"@type":"PropertyValueSpecification","valueRequired":true,"valueName":"search_term_string"}}],"inLanguage":"es-ES"},{"@type":"Person","@id":"https:\/\/www.welovecycling.com\/es\/#\/schema\/person\/deb61715b5812698ee79fb96f343ccd4","name":"We Love Cycling Spain","image":{"@type":"ImageObject","inLanguage":"es-ES","@id":"https:\/\/www.welovecycling.com\/es\/#\/schema\/person\/image\/","url":"https:\/\/secure.gravatar.com\/avatar\/c824b04e6df0e37a03219d0b6481672889df542894588964102459e46513159c?s=96&d=mm&r=g","contentUrl":"https:\/\/secure.gravatar.com\/avatar\/c824b04e6df0e37a03219d0b6481672889df542894588964102459e46513159c?s=96&d=mm&r=g","caption":"We Love Cycling Spain"},"url":"https:\/\/www.welovecycling.com\/es\/author\/amunoz\/"}]}},"_links":{"self":[{"href":"https:\/\/www.welovecycling.com\/es\/wp-json\/wp\/v2\/posts\/7194","targetHints":{"allow":["GET"]}}],"collection":[{"href":"https:\/\/www.welovecycling.com\/es\/wp-json\/wp\/v2\/posts"}],"about":[{"href":"https:\/\/www.welovecycling.com\/es\/wp-json\/wp\/v2\/types\/post"}],"author":[{"embeddable":true,"href":"https:\/\/www.welovecycling.com\/es\/wp-json\/wp\/v2\/users\/29"}],"replies":[{"embeddable":true,"href":"https:\/\/www.welovecycling.com\/es\/wp-json\/wp\/v2\/comments?post=7194"}],"version-history":[{"count":2,"href":"https:\/\/www.welovecycling.com\/es\/wp-json\/wp\/v2\/posts\/7194\/revisions"}],"predecessor-version":[{"id":7211,"href":"https:\/\/www.welovecycling.com\/es\/wp-json\/wp\/v2\/posts\/7194\/revisions\/7211"}],"wp:featuredmedia":[{"embeddable":true,"href":"https:\/\/www.welovecycling.com\/es\/wp-json\/wp\/v2\/media\/7207"}],"wp:attachment":[{"href":"https:\/\/www.welovecycling.com\/es\/wp-json\/wp\/v2\/media?parent=7194"}],"wp:term":[{"taxonomy":"category","embeddable":true,"href":"https:\/\/www.welovecycling.com\/es\/wp-json\/wp\/v2\/categories?post=7194"},{"taxonomy":"post_tag","embeddable":true,"href":"https:\/\/www.welovecycling.com\/es\/wp-json\/wp\/v2\/tags?post=7194"},{"taxonomy":"global-categories","embeddable":true,"href":"https:\/\/www.welovecycling.com\/es\/wp-json\/wp\/v2\/global-categories?post=7194"}],"curies":[{"name":"wp","href":"https:\/\/api.w.org\/{rel}","templated":true}]}}