{"id":7177,"date":"2021-01-31T22:26:53","date_gmt":"2021-01-31T20:26:53","guid":{"rendered":"https:\/\/www.welovecycling.com\/es\/?p=7177"},"modified":"2021-01-31T22:26:53","modified_gmt":"2021-01-31T20:26:53","slug":"equipaje-basico-para-rutas-bikepacking","status":"publish","type":"post","link":"https:\/\/www.welovecycling.com\/es\/2021\/01\/31\/equipaje-basico-para-rutas-bikepacking\/","title":{"rendered":"Equipaje b\u00e1sico para rutas de bikepacking"},"content":{"rendered":"<p><strong>Hay una cosa que siempre llevo conmigo: mi equipaje b\u00e1sico para rutas bikepacking. Es mi colecci\u00f3n personal de cosas que he aprendido, a menudo por las malas, que pueden ser muy \u00fatiles para resolver situaciones molestas. Me gusta tanto que desde hace muchos a\u00f1os lo llevo conmigo incluso fuera de la bici. Os voy a contar cuales son<\/strong><\/p>\n<h2><!--more--><br \/>\n<strong>Peque\u00f1o, ligero, simple y muy efeciente<\/strong><\/h2>\n<p>Soy un minimalista, as\u00ed que no me gusta llevar demasiadas cosas encima. Por eso mi kit esencial de ciclismo es realmente peque\u00f1o y puede permanecer en la <a href=\"https:\/\/www.welovecycling.com\/wide\/2021\/01\/20\/bikepacking-tips-a-quick-guide-to-choosing-the-perfect-bikepacking-bags\/\">bolsa de bikepacking<\/a> sin quitarle espacio a otras cosas importantes. Y es ligero, s\u00f3lo 324 gramos. Dentro hay unas cuantas cosas sencillas, f\u00e1ciles de encontrar y comprar. La mayor\u00eda de ellas ya estar\u00e1n en alg\u00fan lugar a tu alrededor.<\/p>\n<p>Lista de art\u00edculos dentro del kit:<\/p>\n<p>&#8211; Bolsa de herramientas<br \/>\n&#8211; Multiherramienta con cuchilla<br \/>\n&#8211; Billetes y monedas<br \/>\n&#8211; Papel blanco con los 3 n\u00fameros de tel\u00e9fono m\u00e1s importantes<br \/>\n&#8211; Bol\u00edgrafo peque\u00f1o<br \/>\n&#8211; Esparadrapo para cortes generales y para ampollas<br \/>\n&#8211; Pinza met\u00e1lica<br \/>\n&#8211; Bandas de pl\u00e1stico<br \/>\n&#8211; Cinta adhesiva<br \/>\n&#8211; Copia de documentos<br \/>\n&#8211; Analg\u00e9sicos<br \/>\n&#8211; 1 barra o gel energ\u00e9tico<br \/>\n&#8211; Peque\u00f1o powerbank con cable corto<br \/>\n&#8211; 1 tarjeta de pl\u00e1stico<br \/>\n&#8211; Adaptador de v\u00e1lvula<\/p>\n<p><a href=\"https:\/\/d2p6e6u75xmxt8.cloudfront.net\/2\/2021\/01\/Essential-kit.jpg\"><img loading=\"lazy\" decoding=\"async\" class=\"alignnone size-large wp-image-7179\" src=\"https:\/\/d2p6e6u75xmxt8.cloudfront.net\/6\/2021\/01\/Essential-kit-1024x352.jpg\" alt=\"Essential kit\" width=\"1024\" height=\"352\" srcset=\"https:\/\/d2p6e6u75xmxt8.cloudfront.net\/6\/2021\/01\/Essential-kit-1024x352.jpg 1024w, https:\/\/d2p6e6u75xmxt8.cloudfront.net\/6\/2021\/01\/Essential-kit-300x103.jpg 300w, https:\/\/d2p6e6u75xmxt8.cloudfront.net\/6\/2021\/01\/Essential-kit-768x264.jpg 768w, https:\/\/d2p6e6u75xmxt8.cloudfront.net\/6\/2021\/01\/Essential-kit-1536x528.jpg 1536w, https:\/\/d2p6e6u75xmxt8.cloudfront.net\/6\/2021\/01\/Essential-kit.jpg 1920w\" sizes=\"auto, (max-width: 1024px) 100vw, 1024px\" \/><\/a><\/p>\n<h2><strong>Bolsa de herramientas<\/strong><\/h2>\n<p>En primer lugar, necesitas algo inteligente para llevar tu kit. Para el m\u00edo utilizo una bolsa de herramientas como la que encontr\u00e9 en mi mochila de ciclismo Endura. Es perfecta. De todos modos, cualquier bolsa de herramientas para bicicleta plegable servir\u00e1. Lo importante para m\u00ed son los bolsillos interiores con cremallera.<\/p>\n<div id='gallery-1' class='gallery galleryid-7177 gallery-columns-2 gallery-size-large'><figure class='gallery-item'>\n\t\t\t<div class='gallery-icon landscape'>\n\t\t\t\t<a href='https:\/\/d2p6e6u75xmxt8.cloudfront.net\/6\/2021\/01\/Tool-bag_01_l.jpg'><img loading=\"lazy\" decoding=\"async\" width=\"1024\" height=\"682\" src=\"https:\/\/d2p6e6u75xmxt8.cloudfront.net\/6\/2021\/01\/Tool-bag_01_l.jpg\" class=\"attachment-large size-large\" alt=\"Tool bag\" srcset=\"https:\/\/d2p6e6u75xmxt8.cloudfront.net\/6\/2021\/01\/Tool-bag_01_l.jpg 1024w, https:\/\/d2p6e6u75xmxt8.cloudfront.net\/6\/2021\/01\/Tool-bag_01_l-300x200.jpg 300w, https:\/\/d2p6e6u75xmxt8.cloudfront.net\/6\/2021\/01\/Tool-bag_01_l-768x512.jpg 768w, https:\/\/d2p6e6u75xmxt8.cloudfront.net\/6\/2021\/01\/Tool-bag_01_l-272x182.jpg 272w\" sizes=\"auto, (max-width: 1024px) 100vw, 1024px\" \/><\/a>\n\t\t\t<\/div><\/figure><figure class='gallery-item'>\n\t\t\t<div class='gallery-icon landscape'>\n\t\t\t\t<a href='https:\/\/d2p6e6u75xmxt8.cloudfront.net\/6\/2021\/01\/Tool-bag_03_l.jpg'><img loading=\"lazy\" decoding=\"async\" width=\"1024\" height=\"682\" src=\"https:\/\/d2p6e6u75xmxt8.cloudfront.net\/6\/2021\/01\/Tool-bag_03_l.jpg\" class=\"attachment-large size-large\" alt=\"\" srcset=\"https:\/\/d2p6e6u75xmxt8.cloudfront.net\/6\/2021\/01\/Tool-bag_03_l.jpg 1024w, https:\/\/d2p6e6u75xmxt8.cloudfront.net\/6\/2021\/01\/Tool-bag_03_l-300x200.jpg 300w, https:\/\/d2p6e6u75xmxt8.cloudfront.net\/6\/2021\/01\/Tool-bag_03_l-768x512.jpg 768w, https:\/\/d2p6e6u75xmxt8.cloudfront.net\/6\/2021\/01\/Tool-bag_03_l-272x182.jpg 272w\" sizes=\"auto, (max-width: 1024px) 100vw, 1024px\" \/><\/a>\n\t\t\t<\/div><\/figure>\n\t\t<\/div>\n\n<h2><strong>Multiherramienta<\/strong><\/h2>\n<p>Cuando tengo mucho espacio, llevo mi navaja suiza, amiga y compa\u00f1era de miles de aventuras desde hace mucho tiempo. Pero para el kit b\u00e1sico de bikepacking prefiero tener una buena multiherramienta para bicicleta. La raz\u00f3n es que tiene una gama muy amplia de herramientas, por lo que se puede utilizar tambi\u00e9n fuera de la bicicleta, y es peque\u00f1a.<\/p>\n<p>Importante: para sustituir a la navaja suiza, la multiherramienta que adquieras debe tener un cuchillo para que puedas usarlo para cortar comida si lo necesitas.<\/p>\n<p><a href=\"https:\/\/d2p6e6u75xmxt8.cloudfront.net\/2\/2021\/01\/Multitool.jpg\"><img loading=\"lazy\" decoding=\"async\" class=\"alignnone size-large wp-image-7182\" src=\"https:\/\/d2p6e6u75xmxt8.cloudfront.net\/6\/2021\/01\/Multitool-1024x482.jpg\" alt=\"Multitool\" width=\"1024\" height=\"482\" srcset=\"https:\/\/d2p6e6u75xmxt8.cloudfront.net\/6\/2021\/01\/Multitool-1024x482.jpg 1024w, https:\/\/d2p6e6u75xmxt8.cloudfront.net\/6\/2021\/01\/Multitool-300x141.jpg 300w, https:\/\/d2p6e6u75xmxt8.cloudfront.net\/6\/2021\/01\/Multitool-768x361.jpg 768w, https:\/\/d2p6e6u75xmxt8.cloudfront.net\/6\/2021\/01\/Multitool.jpg 1280w\" sizes=\"auto, (max-width: 1024px) 100vw, 1024px\" \/><\/a><\/p>\n<h2><strong>Clip, bridas y gomas<\/strong><\/h2>\n<p>Esto es un cl\u00e1sico, y por una raz\u00f3n. No puedo vivir sin las bridas, son un invento incre\u00edble y se pueden utilizar de un mill\u00f3n de maneras diferentes. Los clips met\u00e1licos se pueden enderezar y utilizar, por ejemplo, para reajustar aparatos electr\u00f3nicos o como aguja para coser. Las gomas el\u00e1sticas no necesitan explicaci\u00f3n. Cuando puedo, prefiero utilizar viejas c\u00e1maras de aire cortadas en finas bandas en lugar de las cl\u00e1sicas gomas.<\/p>\n<p>La \u00faltima vez que utilic\u00e9 el clip fue para expulsar la tarjeta sim de mi tel\u00e9fono, al haber olvidado d\u00f3nde hab\u00eda puesto la llave especial. La \u00faltima vez que utilic\u00e9 las gomas fue para asegurar mi Garmin al manillar ya que olvid\u00e9 el soporte. La \u00faltima vez que utilic\u00e9 las bridas fue para fijar el faro al casco.<\/p>\n<p><a href=\"https:\/\/d2p6e6u75xmxt8.cloudfront.net\/6\/2021\/01\/rubber-band.jpg\"><img loading=\"lazy\" decoding=\"async\" class=\"alignnone size-full wp-image-7185\" src=\"https:\/\/d2p6e6u75xmxt8.cloudfront.net\/6\/2021\/01\/rubber-band.jpg\" alt=\"Rubber band\" width=\"1024\" height=\"510\" srcset=\"https:\/\/d2p6e6u75xmxt8.cloudfront.net\/6\/2021\/01\/rubber-band.jpg 1024w, https:\/\/d2p6e6u75xmxt8.cloudfront.net\/6\/2021\/01\/rubber-band-300x149.jpg 300w, https:\/\/d2p6e6u75xmxt8.cloudfront.net\/6\/2021\/01\/rubber-band-768x383.jpg 768w\" sizes=\"auto, (max-width: 1024px) 100vw, 1024px\" \/><\/a><\/p>\n<h2><strong>Billetes y monedas<\/strong><\/h2>\n<p>\u00bfRecuerdas cuando te olvidaste la cartera y ten\u00edas m\u00e1s hambre que un lobo o cuando no encontrabas cambio para pagar el aparcamiento? Yo s\u00ed. Creo que es inteligente tener una peque\u00f1a cantidad de cambio de seguridad en un lugar diferente a tu cartera para situaciones inesperadas &#8211; as\u00ed que recuerda guardarlo en tu kit esencial de ciclista.<\/p>\n<h2><strong>Analg\u00e9sicos y tiritas<\/strong><\/h2>\n<p>Aunque seas s\u00faper resistente y no sientas el dolor, es \u00fatil tener analg\u00e9sicos en tu kit para ayudar a tu amigo\/esposa\/cliente. Rara vez los utilizo, pero en algunas ocasiones me he alegrado mucho de tenerlos. Por ejemplo, un par de veces me ayudaron a combatir el dolor de cabeza mientras montaba en bicicleta despu\u00e9s de una noche no demasiado relajante en la tienda o en la hamaca.<\/p>\n<p>Las tiritas para las ampollas y los esparadrapos est\u00e1ndar son f\u00e1ciles de llevar y \u00fatiles, sobre todo para las ampollas. Me han salvado el d\u00eda muchas veces. Por ejemplo, cuando paso muchas horas en la bici, me duelen los pies por la fricci\u00f3n de las zapatillas.<\/p>\n<figure id=\"attachment_7186\" aria-describedby=\"caption-attachment-7186\" style=\"width: 1024px\" class=\"wp-caption alignnone\"><a href=\"https:\/\/d2p6e6u75xmxt8.cloudfront.net\/2\/2021\/01\/Shoe-detail-profimedia-0573531154.jpg\"><img loading=\"lazy\" decoding=\"async\" class=\"wp-image-7186 size-large\" src=\"https:\/\/d2p6e6u75xmxt8.cloudfront.net\/6\/2021\/01\/Shoe-detail-profimedia-0573531154-1024x682.jpg\" alt=\"Cyclin shoe\" width=\"1024\" height=\"682\" srcset=\"https:\/\/d2p6e6u75xmxt8.cloudfront.net\/6\/2021\/01\/Shoe-detail-profimedia-0573531154-1024x682.jpg 1024w, https:\/\/d2p6e6u75xmxt8.cloudfront.net\/6\/2021\/01\/Shoe-detail-profimedia-0573531154-300x200.jpg 300w, https:\/\/d2p6e6u75xmxt8.cloudfront.net\/6\/2021\/01\/Shoe-detail-profimedia-0573531154-768x512.jpg 768w, https:\/\/d2p6e6u75xmxt8.cloudfront.net\/6\/2021\/01\/Shoe-detail-profimedia-0573531154-272x182.jpg 272w, https:\/\/d2p6e6u75xmxt8.cloudfront.net\/6\/2021\/01\/Shoe-detail-profimedia-0573531154.jpg 1250w\" sizes=\"auto, (max-width: 1024px) 100vw, 1024px\" \/><\/a><figcaption id=\"caption-attachment-7186\" class=\"wp-caption-text\">\u00a9 Profimedia<\/figcaption><\/figure>\n<h2><strong><br \/>\nCinta adhesiva y tarjeta de pl\u00e1stico<\/strong><\/h2>\n<p>Uno de los art\u00edculos favoritos de todo aventurero y manitas moderno es la cinta adhesiva. Puede arreglar casi cualquier cosa, incluso tu cuerpo (aunque s\u00f3lo por poco tiempo, hasta que llegues al hospital. Una vez, un amigo m\u00edo se cort\u00f3 gravemente el pulgar con un cuchillo mientras cocinaba durante una de nuestras aventuras en bicicleta. Como est\u00e1bamos acampados en el bosque, lejos de todo, desinfectamos la herida con un poco de alcohol y cerramos con \u00e9xito el corte con una cinta adhesiva hasta que llegamos al hospital al d\u00eda siguiente). S\u00f3lo hay un problema, es muy grande y ocupa mucho espacio. Resolv\u00ed este problema envolviendo todo lo que necesitaba en una tarjeta de pl\u00e1stico, una de las muchas tarjetas de fidelidad in\u00fatiles que seguramente llevas en la cartera. La tarjeta tambi\u00e9n puede resultar \u00fatil de vez en cuando.<\/p>\n<p><a href=\"https:\/\/d2p6e6u75xmxt8.cloudfront.net\/2\/2021\/01\/Tape.jpg\"><img loading=\"lazy\" decoding=\"async\" class=\"alignnone size-large wp-image-7187\" src=\"https:\/\/d2p6e6u75xmxt8.cloudfront.net\/6\/2021\/01\/Tape-1024x370.jpg\" alt=\"Duct tape\" width=\"1024\" height=\"370\" srcset=\"https:\/\/d2p6e6u75xmxt8.cloudfront.net\/6\/2021\/01\/Tape-1024x370.jpg 1024w, https:\/\/d2p6e6u75xmxt8.cloudfront.net\/6\/2021\/01\/Tape-300x108.jpg 300w, https:\/\/d2p6e6u75xmxt8.cloudfront.net\/6\/2021\/01\/Tape-768x278.jpg 768w, https:\/\/d2p6e6u75xmxt8.cloudfront.net\/6\/2021\/01\/Tape.jpg 1500w\" sizes=\"auto, (max-width: 1024px) 100vw, 1024px\" \/><\/a><\/p>\n<p>La \u00faltima vez que us\u00e9 la tarjeta fue para arreglar mi neum\u00e1tico. Le hice un gran corte con una piedra afilada y la c\u00e1mara nueva se sal\u00eda, as\u00ed que coloqu\u00e9 una tarjeta entre la c\u00e1mara y el neum\u00e1tico y llegu\u00e9 f\u00e1cilmente a la tienda de bicicletas m\u00e1s cercana.<\/p>\n<p>La \u00faltima vez que us\u00e9 una cinta adhesiva fue para reparar temporalmente mi chaqueta impermeable. Se cort\u00f3 con una rama mientras llov\u00eda, as\u00ed que remend\u00e9 el agujero con la cinta.<\/p>\n<h2><strong>Tus tres n\u00fameros de tel\u00e9fono importantes escritos en un papel<\/strong><\/h2>\n<p>Me resulta muy \u00fatil y tranquilizador tener escritos en un papel tres n\u00fameros de tel\u00e9fono \u00fatiles que pueda necesitar en caso de emergencia. No s\u00e9 t\u00fa, pero si pierdo el tel\u00e9fono o me quedo sin bater\u00eda, tengo problemas para recordar los n\u00fameros de tel\u00e9fono de memoria. Y como llevo un papel encima, tambi\u00e9n llevo un bol\u00edgrafo por si necesito escribir una nota o dibujar un mapa, por ejemplo.<\/p>\n<h2><strong>1 barrita\/gel<\/strong><\/h2>\n<p>Uno de mis mayores temores cuando hago bikepacking o ciclismo en general es quedarme sin energ\u00eda. Desgraciadamente, soy una de esas personas que se debilitan cuando se quedan sin az\u00facar. Me ha pasado muchas veces. Por eso siempre llevo una peque\u00f1a barrita energ\u00e9tica o un gel en mis kits esenciales para el ciclismo. No voy a ning\u00fan sitio sin esta red de seguridad.<\/p>\n<h2><strong>Una bater\u00eda peque\u00f1a con cable<\/strong><\/h2>\n<p>Cuando viajo, llevo una bater\u00eda grande y potente porque necesito recargar varias cosas: mi reloj Garmin, el navegador Garmin, el tel\u00e9fono m\u00f3vil, las luces, las c\u00e1maras, etc. Pero en mi kit esencial de ciclista siempre tengo una peque\u00f1a bater\u00eda muy minimalista con un cable corto que guardo como \u00faltimo recurso.<\/p>\n<p><a href=\"https:\/\/d2p6e6u75xmxt8.cloudfront.net\/6\/2021\/01\/small-power-bank.jpg\"><img loading=\"lazy\" decoding=\"async\" class=\"alignnone size-full wp-image-7188\" src=\"https:\/\/d2p6e6u75xmxt8.cloudfront.net\/6\/2021\/01\/small-power-bank.jpg\" alt=\"Power bank\" width=\"500\" height=\"350\" srcset=\"https:\/\/d2p6e6u75xmxt8.cloudfront.net\/6\/2021\/01\/small-power-bank.jpg 500w, https:\/\/d2p6e6u75xmxt8.cloudfront.net\/6\/2021\/01\/small-power-bank-300x210.jpg 300w\" sizes=\"auto, (max-width: 500px) 100vw, 500px\" \/><\/a><\/p>\n<h2><strong>Adaptador de v\u00e1lvula<\/strong><\/h2>\n<p>Una vez, y s\u00f3lo una vez en mi vida pero fue suficiente, se me pinch\u00f3 una rueda mientras hac\u00eda de mochilero en una zona remota del norte de Europa y descubr\u00ed que, de alguna manera, mi bomba estaba rota. Empuj\u00e9 mi bicicleta durante unos cuantos kil\u00f3metros y finalmente llegu\u00e9 a una gasolinera, s\u00f3lo para descubrir que no hab\u00eda forma de utilizar el compresor del coche para inflar mi c\u00e1mara de aire con v\u00e1lvula Presta. Desde entonces, llevo en mi kit esencial de ciclista un adaptador de v\u00e1lvula de Schrader a Presta. Uno que normalmente se encuentra unido a una bomba.<\/p>\n<p><a href=\"https:\/\/d2p6e6u75xmxt8.cloudfront.net\/6\/2021\/01\/adapter-presta.jpg\"><img loading=\"lazy\" decoding=\"async\" class=\"alignnone size-full wp-image-7189\" src=\"https:\/\/d2p6e6u75xmxt8.cloudfront.net\/6\/2021\/01\/adapter-presta.jpg\" alt=\"Presta adapter\" width=\"580\" height=\"580\" srcset=\"https:\/\/d2p6e6u75xmxt8.cloudfront.net\/6\/2021\/01\/adapter-presta.jpg 580w, https:\/\/d2p6e6u75xmxt8.cloudfront.net\/6\/2021\/01\/adapter-presta-300x300.jpg 300w, https:\/\/d2p6e6u75xmxt8.cloudfront.net\/6\/2021\/01\/adapter-presta-150x150.jpg 150w\" sizes=\"auto, (max-width: 580px) 100vw, 580px\" \/><\/a><\/p>\n<h2><strong>Copia de documentos<\/strong><\/h2>\n<p>Por \u00faltimo, pero no menos importante, tener copias de tus documentos no te har\u00e1 ning\u00fan da\u00f1o. Llevarlas encima es f\u00e1cil en t\u00e9rminos de peso y espacio, y pueden ser muy \u00fatiles en ciertas situaciones, por ejemplo si pierdes la cartera o necesitas alquilar algo.<\/p>\n<h2><strong>Idea extra: Luz para el casco<\/strong><\/h2>\n<p>A veces a\u00f1ado a mi equipo una luz para el casco muy peque\u00f1a. Tengo uno que s\u00f3lo pesa 70 gramos, incluida la bater\u00eda, pero es lo suficientemente potente. No la llevo siempre encima, pero cuando me voy unos d\u00edas, la meto en el kit. Cabe en la bolsa de herramientas, as\u00ed que no hay problema. Es importante que te hagas con una bater\u00eda que sea recargable por USB, para poder utilizar el power bank que lleves contigo.<\/p>\n","protected":false},"excerpt":{"rendered":"<p>Hay una cosa que siempre llevo conmigo: mi equipaje b\u00e1sico para rutas bikepacking. Es mi colecci\u00f3n personal de cosas que [&hellip;]<\/p>\n","protected":false},"author":29,"featured_media":7191,"comment_status":"open","ping_status":"open","sticky":false,"template":"","format":"standard","meta":{"footnotes":""},"categories":[9],"tags":[458,2068,2069,2067],"global-categories":[],"class_list":["post-7177","post","type-post","status-publish","format-standard","has-post-thumbnail","hentry","category-mtb-aventura","tag-bikepacking","tag-equipaje-basico-bikepacking","tag-equipaje-basico-para-viajar-en-bici","tag-que-meter-en-una-mochila-bikepacking"],"yoast_head":"<!-- This site is optimized with the Yoast SEO Premium plugin v25.3 (Yoast SEO v25.9) - https:\/\/yoast.com\/wordpress\/plugins\/seo\/ -->\n<title>Equipaje b\u00e1sico para rutas de bikepacking - We Love Cycling Magazine<\/title>\n<meta name=\"description\" content=\"Equipaje b\u00e1sico para rutas de bikepacking. Qu\u00e9 no te debes olvidar en la mochila cuando organizas un viaje largo en bicicleta.\" \/>\n<meta name=\"robots\" content=\"index, follow, max-snippet:-1, max-image-preview:large, max-video-preview:-1\" \/>\n<link rel=\"canonical\" href=\"https:\/\/www.welovecycling.com\/es\/2021\/01\/31\/equipaje-basico-para-rutas-bikepacking\/\" \/>\n<meta property=\"og:locale\" content=\"es_ES\" \/>\n<meta property=\"og:type\" content=\"article\" \/>\n<meta property=\"og:title\" content=\"Equipaje b\u00e1sico para rutas de bikepacking\" \/>\n<meta property=\"og:description\" content=\"Equipaje b\u00e1sico para rutas de bikepacking. Qu\u00e9 no te debes olvidar en la mochila cuando organizas un viaje largo en bicicleta.\" \/>\n<meta property=\"og:url\" content=\"https:\/\/www.welovecycling.com\/es\/2021\/01\/31\/equipaje-basico-para-rutas-bikepacking\/\" \/>\n<meta property=\"og:site_name\" content=\"\u0160koda We Love Cycling - Spain\" \/>\n<meta property=\"article:published_time\" content=\"2021-01-31T20:26:53+00:00\" \/>\n<meta property=\"og:image\" content=\"https:\/\/d2p6e6u75xmxt8.cloudfront.net\/6\/2021\/01\/Bikepacking-pexels-marek-piwnicki-5951884-CVR.jpg\" \/>\n\t<meta property=\"og:image:width\" content=\"1366\" \/>\n\t<meta property=\"og:image:height\" content=\"600\" \/>\n\t<meta property=\"og:image:type\" content=\"image\/jpeg\" \/>\n<meta name=\"author\" content=\"We Love Cycling Spain\" \/>\n<meta name=\"twitter:card\" content=\"summary_large_image\" \/>\n<meta name=\"twitter:title\" content=\"Equipaje b\u00e1sico para rutas de bikepacking\" \/>\n<meta name=\"twitter:description\" content=\"Equipaje b\u00e1sico para rutas de bikepacking. Qu\u00e9 no te debes olvidar en la mochila cuando organizas un viaje largo en bicicleta.\" \/>\n<meta name=\"twitter:label1\" content=\"Written by\" \/>\n\t<meta name=\"twitter:data1\" content=\"Filippo Mari\" \/>\n\t<meta name=\"twitter:label2\" content=\"Est. reading time\" \/>\n\t<meta name=\"twitter:data2\" content=\"7\" \/>\n<script type=\"application\/ld+json\" class=\"yoast-schema-graph\">{\"@context\":\"https:\/\/schema.org\",\"@graph\":[{\"@type\":\"WebPage\",\"@id\":\"https:\/\/www.welovecycling.com\/es\/2021\/01\/31\/equipaje-basico-para-rutas-bikepacking\/\",\"url\":\"https:\/\/www.welovecycling.com\/es\/2021\/01\/31\/equipaje-basico-para-rutas-bikepacking\/\",\"name\":\"Equipaje b\u00e1sico para rutas de bikepacking - We Love Cycling Magazine\",\"isPartOf\":{\"@id\":\"https:\/\/www.welovecycling.com\/es\/#website\"},\"primaryImageOfPage\":{\"@id\":\"https:\/\/www.welovecycling.com\/es\/2021\/01\/31\/equipaje-basico-para-rutas-bikepacking\/#primaryimage\"},\"image\":{\"@id\":\"https:\/\/www.welovecycling.com\/es\/2021\/01\/31\/equipaje-basico-para-rutas-bikepacking\/#primaryimage\"},\"thumbnailUrl\":\"https:\/\/d2p6e6u75xmxt8.cloudfront.net\/6\/2021\/01\/Bikepacking-pexels-marek-piwnicki-5951884-CVR.jpg\",\"datePublished\":\"2021-01-31T20:26:53+00:00\",\"author\":{\"@id\":\"https:\/\/www.welovecycling.com\/es\/#\/schema\/person\/deb61715b5812698ee79fb96f343ccd4\"},\"description\":\"Equipaje b\u00e1sico para rutas de bikepacking. Qu\u00e9 no te debes olvidar en la mochila cuando organizas un viaje largo en bicicleta.\",\"breadcrumb\":{\"@id\":\"https:\/\/www.welovecycling.com\/es\/2021\/01\/31\/equipaje-basico-para-rutas-bikepacking\/#breadcrumb\"},\"inLanguage\":\"es-ES\",\"potentialAction\":[{\"@type\":\"ReadAction\",\"target\":[\"https:\/\/www.welovecycling.com\/es\/2021\/01\/31\/equipaje-basico-para-rutas-bikepacking\/\"]}]},{\"@type\":\"ImageObject\",\"inLanguage\":\"es-ES\",\"@id\":\"https:\/\/www.welovecycling.com\/es\/2021\/01\/31\/equipaje-basico-para-rutas-bikepacking\/#primaryimage\",\"url\":\"https:\/\/d2p6e6u75xmxt8.cloudfront.net\/6\/2021\/01\/Bikepacking-pexels-marek-piwnicki-5951884-CVR.jpg\",\"contentUrl\":\"https:\/\/d2p6e6u75xmxt8.cloudfront.net\/6\/2021\/01\/Bikepacking-pexels-marek-piwnicki-5951884-CVR.jpg\",\"width\":1366,\"height\":600,\"caption\":\"Bikepacking bicycle\"},{\"@type\":\"BreadcrumbList\",\"@id\":\"https:\/\/www.welovecycling.com\/es\/2021\/01\/31\/equipaje-basico-para-rutas-bikepacking\/#breadcrumb\",\"itemListElement\":[{\"@type\":\"ListItem\",\"position\":1,\"name\":\"Home\",\"item\":\"https:\/\/www.welovecycling.com\/es\/\"},{\"@type\":\"ListItem\",\"position\":2,\"name\":\"Equipaje b\u00e1sico para rutas de bikepacking\"}]},{\"@type\":\"WebSite\",\"@id\":\"https:\/\/www.welovecycling.com\/es\/#website\",\"url\":\"https:\/\/www.welovecycling.com\/es\/\",\"name\":\"\u0160koda We Love Cycling - Spain\",\"description\":\"\u0160koda WeLoveCycling Spain\",\"potentialAction\":[{\"@type\":\"SearchAction\",\"target\":{\"@type\":\"EntryPoint\",\"urlTemplate\":\"https:\/\/www.welovecycling.com\/es\/?s={search_term_string}\"},\"query-input\":{\"@type\":\"PropertyValueSpecification\",\"valueRequired\":true,\"valueName\":\"search_term_string\"}}],\"inLanguage\":\"es-ES\"},{\"@type\":\"Person\",\"@id\":\"https:\/\/www.welovecycling.com\/es\/#\/schema\/person\/deb61715b5812698ee79fb96f343ccd4\",\"name\":\"We Love Cycling Spain\",\"image\":{\"@type\":\"ImageObject\",\"inLanguage\":\"es-ES\",\"@id\":\"https:\/\/www.welovecycling.com\/es\/#\/schema\/person\/image\/\",\"url\":\"https:\/\/secure.gravatar.com\/avatar\/c824b04e6df0e37a03219d0b6481672889df542894588964102459e46513159c?s=96&d=mm&r=g\",\"contentUrl\":\"https:\/\/secure.gravatar.com\/avatar\/c824b04e6df0e37a03219d0b6481672889df542894588964102459e46513159c?s=96&d=mm&r=g\",\"caption\":\"We Love Cycling Spain\"},\"url\":\"https:\/\/www.welovecycling.com\/es\/author\/amunoz\/\"}]}<\/script>\n<!-- \/ Yoast SEO Premium plugin. -->","yoast_head_json":{"title":"Equipaje b\u00e1sico para rutas de bikepacking - We Love Cycling Magazine","description":"Equipaje b\u00e1sico para rutas de bikepacking. Qu\u00e9 no te debes olvidar en la mochila cuando organizas un viaje largo en bicicleta.","robots":{"index":"index","follow":"follow","max-snippet":"max-snippet:-1","max-image-preview":"max-image-preview:large","max-video-preview":"max-video-preview:-1"},"canonical":"https:\/\/www.welovecycling.com\/es\/2021\/01\/31\/equipaje-basico-para-rutas-bikepacking\/","og_locale":"es_ES","og_type":"article","og_title":"Equipaje b\u00e1sico para rutas de bikepacking","og_description":"Equipaje b\u00e1sico para rutas de bikepacking. Qu\u00e9 no te debes olvidar en la mochila cuando organizas un viaje largo en bicicleta.","og_url":"https:\/\/www.welovecycling.com\/es\/2021\/01\/31\/equipaje-basico-para-rutas-bikepacking\/","og_site_name":"\u0160koda We Love Cycling - Spain","article_published_time":"2021-01-31T20:26:53+00:00","og_image":[{"width":1366,"height":600,"url":"https:\/\/d2p6e6u75xmxt8.cloudfront.net\/6\/2021\/01\/Bikepacking-pexels-marek-piwnicki-5951884-CVR.jpg","type":"image\/jpeg"}],"author":"We Love Cycling Spain","twitter_card":"summary_large_image","twitter_title":"Equipaje b\u00e1sico para rutas de bikepacking","twitter_description":"Equipaje b\u00e1sico para rutas de bikepacking. Qu\u00e9 no te debes olvidar en la mochila cuando organizas un viaje largo en bicicleta.","twitter_misc":{"Written by":"Filippo Mari","Est. reading time":"7"},"schema":{"@context":"https:\/\/schema.org","@graph":[{"@type":"WebPage","@id":"https:\/\/www.welovecycling.com\/es\/2021\/01\/31\/equipaje-basico-para-rutas-bikepacking\/","url":"https:\/\/www.welovecycling.com\/es\/2021\/01\/31\/equipaje-basico-para-rutas-bikepacking\/","name":"Equipaje b\u00e1sico para rutas de bikepacking - We Love Cycling Magazine","isPartOf":{"@id":"https:\/\/www.welovecycling.com\/es\/#website"},"primaryImageOfPage":{"@id":"https:\/\/www.welovecycling.com\/es\/2021\/01\/31\/equipaje-basico-para-rutas-bikepacking\/#primaryimage"},"image":{"@id":"https:\/\/www.welovecycling.com\/es\/2021\/01\/31\/equipaje-basico-para-rutas-bikepacking\/#primaryimage"},"thumbnailUrl":"https:\/\/d2p6e6u75xmxt8.cloudfront.net\/6\/2021\/01\/Bikepacking-pexels-marek-piwnicki-5951884-CVR.jpg","datePublished":"2021-01-31T20:26:53+00:00","author":{"@id":"https:\/\/www.welovecycling.com\/es\/#\/schema\/person\/deb61715b5812698ee79fb96f343ccd4"},"description":"Equipaje b\u00e1sico para rutas de bikepacking. Qu\u00e9 no te debes olvidar en la mochila cuando organizas un viaje largo en bicicleta.","breadcrumb":{"@id":"https:\/\/www.welovecycling.com\/es\/2021\/01\/31\/equipaje-basico-para-rutas-bikepacking\/#breadcrumb"},"inLanguage":"es-ES","potentialAction":[{"@type":"ReadAction","target":["https:\/\/www.welovecycling.com\/es\/2021\/01\/31\/equipaje-basico-para-rutas-bikepacking\/"]}]},{"@type":"ImageObject","inLanguage":"es-ES","@id":"https:\/\/www.welovecycling.com\/es\/2021\/01\/31\/equipaje-basico-para-rutas-bikepacking\/#primaryimage","url":"https:\/\/d2p6e6u75xmxt8.cloudfront.net\/6\/2021\/01\/Bikepacking-pexels-marek-piwnicki-5951884-CVR.jpg","contentUrl":"https:\/\/d2p6e6u75xmxt8.cloudfront.net\/6\/2021\/01\/Bikepacking-pexels-marek-piwnicki-5951884-CVR.jpg","width":1366,"height":600,"caption":"Bikepacking bicycle"},{"@type":"BreadcrumbList","@id":"https:\/\/www.welovecycling.com\/es\/2021\/01\/31\/equipaje-basico-para-rutas-bikepacking\/#breadcrumb","itemListElement":[{"@type":"ListItem","position":1,"name":"Home","item":"https:\/\/www.welovecycling.com\/es\/"},{"@type":"ListItem","position":2,"name":"Equipaje b\u00e1sico para rutas de bikepacking"}]},{"@type":"WebSite","@id":"https:\/\/www.welovecycling.com\/es\/#website","url":"https:\/\/www.welovecycling.com\/es\/","name":"\u0160koda We Love Cycling - Spain","description":"\u0160koda WeLoveCycling Spain","potentialAction":[{"@type":"SearchAction","target":{"@type":"EntryPoint","urlTemplate":"https:\/\/www.welovecycling.com\/es\/?s={search_term_string}"},"query-input":{"@type":"PropertyValueSpecification","valueRequired":true,"valueName":"search_term_string"}}],"inLanguage":"es-ES"},{"@type":"Person","@id":"https:\/\/www.welovecycling.com\/es\/#\/schema\/person\/deb61715b5812698ee79fb96f343ccd4","name":"We Love Cycling Spain","image":{"@type":"ImageObject","inLanguage":"es-ES","@id":"https:\/\/www.welovecycling.com\/es\/#\/schema\/person\/image\/","url":"https:\/\/secure.gravatar.com\/avatar\/c824b04e6df0e37a03219d0b6481672889df542894588964102459e46513159c?s=96&d=mm&r=g","contentUrl":"https:\/\/secure.gravatar.com\/avatar\/c824b04e6df0e37a03219d0b6481672889df542894588964102459e46513159c?s=96&d=mm&r=g","caption":"We Love Cycling Spain"},"url":"https:\/\/www.welovecycling.com\/es\/author\/amunoz\/"}]}},"_links":{"self":[{"href":"https:\/\/www.welovecycling.com\/es\/wp-json\/wp\/v2\/posts\/7177","targetHints":{"allow":["GET"]}}],"collection":[{"href":"https:\/\/www.welovecycling.com\/es\/wp-json\/wp\/v2\/posts"}],"about":[{"href":"https:\/\/www.welovecycling.com\/es\/wp-json\/wp\/v2\/types\/post"}],"author":[{"embeddable":true,"href":"https:\/\/www.welovecycling.com\/es\/wp-json\/wp\/v2\/users\/29"}],"replies":[{"embeddable":true,"href":"https:\/\/www.welovecycling.com\/es\/wp-json\/wp\/v2\/comments?post=7177"}],"version-history":[{"count":2,"href":"https:\/\/www.welovecycling.com\/es\/wp-json\/wp\/v2\/posts\/7177\/revisions"}],"predecessor-version":[{"id":7192,"href":"https:\/\/www.welovecycling.com\/es\/wp-json\/wp\/v2\/posts\/7177\/revisions\/7192"}],"wp:featuredmedia":[{"embeddable":true,"href":"https:\/\/www.welovecycling.com\/es\/wp-json\/wp\/v2\/media\/7191"}],"wp:attachment":[{"href":"https:\/\/www.welovecycling.com\/es\/wp-json\/wp\/v2\/media?parent=7177"}],"wp:term":[{"taxonomy":"category","embeddable":true,"href":"https:\/\/www.welovecycling.com\/es\/wp-json\/wp\/v2\/categories?post=7177"},{"taxonomy":"post_tag","embeddable":true,"href":"https:\/\/www.welovecycling.com\/es\/wp-json\/wp\/v2\/tags?post=7177"},{"taxonomy":"global-categories","embeddable":true,"href":"https:\/\/www.welovecycling.com\/es\/wp-json\/wp\/v2\/global-categories?post=7177"}],"curies":[{"name":"wp","href":"https:\/\/api.w.org\/{rel}","templated":true}]}}