{"id":7166,"date":"2021-01-29T22:40:08","date_gmt":"2021-01-29T20:40:08","guid":{"rendered":"https:\/\/www.welovecycling.com\/es\/?p=7166"},"modified":"2021-01-29T22:40:08","modified_gmt":"2021-01-29T20:40:08","slug":"idolos-ciclistas-80-90","status":"publish","type":"post","link":"https:\/\/www.welovecycling.com\/es\/2021\/01\/29\/idolos-ciclistas-80-90\/","title":{"rendered":"\u00bfD\u00f3nde est\u00e1n y qu\u00e9 hacen nuestros \u00eddolos ciclistas de los 80 y 90?"},"content":{"rendered":"<p><strong>Para los que nacieron a finales de los 70 y principios de los 80 sus primeros \u00eddolos ciclistas todav\u00eda llevaban rastrales y el cambio en el cuadro de la bici. Con ellos vivieron la primera revoluci\u00f3n t\u00e9cnica de las bicicleta, su automatizaci\u00f3n y la llegada de la electr\u00f3nica. Los m\u00e1s conocidos se llamaba Perico, Indurain, Lemond, Bugno o Kelly, aunque hay otros que ya no se recuerdan tanto. Pero \u00bfD\u00f3nde est\u00e1n ahora y qu\u00e9 hacen nuestros \u00eddolos ciclistas de los 80 y 90?.<\/strong><\/p>\n<p><!--more--><br \/>\nEn esta secci\u00f3n de ciclismo vintage ha hecho una gran labor la revista <a href=\"https:\/\/www.ciclismoafondo.es\/\">Ciclismo a Fondo<\/a> con su secci\u00f3n \u00bfQu\u00e9 fue de&#8230;?, en la que cada mes entrevista a un ciclista que lleva a\u00f1os retirados. Algunos siguen relacionados con el ciclismo y otros han tomado caminos de lo m\u00e1s inveros\u00edmil. Eso s\u00ed, ahora las redes sociales ayudan a encontrarlos y a saber qu\u00e9 ha sido de sus vidas.<\/p>\n<h3>MEDIOS DE COMUNICACI\u00d3N<\/h3>\n<p>Los dos grandes \u00eddolos del ciclismo espa\u00f1ol de los 80 y 90 fueron <strong>Pedro Delgado y Miguel Indurain<\/strong>. Del primero no hace falta explicar demasiado. Incluso antes de colgar la bicicleta ya hab\u00eda fichado por RTVE para retransmitir el Tour de Francia y desde entonces se ha convertido en la imagen del ciclismo, de Movistar y es habitual en eventos, no solo ciclistas, sino de cualquier nivel. Como ejemplo, su \u00faltima incursi\u00f3n en Master Chef. Es de los m\u00e1s activos en redes sociales.<\/p>\n<blockquote class=\"twitter-tweet\">\n<p dir=\"ltr\" lang=\"es\">\u27a1\ufe0f El exciclista PEDRO DELGADO se une a MASTERCHEF CELEBRITY 5 <a href=\"https:\/\/twitter.com\/hashtag\/PedroDelgado?src=hash&amp;ref_src=twsrc%5Etfw\">#PedroDelgado<\/a> <a href=\"https:\/\/t.co\/51VHFbvOqb\">pic.twitter.com\/51VHFbvOqb<\/a><\/p>\n<p>\u2014 \ud835\udde3\ud835\uddee\ud835\uddf0\ud835\uddf8 \ud835\udde7\ud835\udde9 \ud83d\udcfa (@PackTV123) <a href=\"https:\/\/twitter.com\/PackTV123\/status\/1258057831732989952?ref_src=twsrc%5Etfw\">May 6, 2020<\/a><\/p><\/blockquote>\n<p><script async src=\"https:\/\/platform.twitter.com\/widgets.js\" charset=\"utf-8\"><\/script><\/p>\n<p><strong>Miguel Indurain<\/strong> se apart\u00f3 de los focos al dejar el ciclismo y estuvo unos a\u00f1os alejado. Vuelve de vez en cuando a RTVE a comentar alguna etapa y asiste a alg\u00fan evento relacionado con el ciclismo, casi siempre a dar pedales, como en la \u00faltima Titan Desert. Sigue organizando su marcha cicloturista en Villaba y no niega un aut\u00f3grafo a nadie. Eso s\u00ed no le vas a encontrar en ninguna red social y adem\u00e1s de alg\u00fan &#8216;canutazo&#8217; para comentar el evento en el que est\u00e9 participando, tampoco suele dar entrevistas personales.<\/p>\n<p>Qui\u00e9n si est\u00e1 en los medios y en las redes sociales es <a href=\"https:\/\/twitter.com\/eduardochozas\">Eduardo Chozas<\/a>. Escalador con victorias de relumbr\u00f3n en los ochenta y uno de los primeros en probar las nuevas tecnolog\u00edas (cuadros de carbono, cuentakil\u00f3metros&#8230;), lleva a\u00f1os comentado casi toda la temporada en Eurosport\u00a0 y tambi\u00e9n en twitter.\u00a0 En Eurosport y en RTVE tambi\u00e9n estuvo Peio Ruiz Cabestany, otro que a finales de los 80 cosech\u00f3 un palmar\u00e9s interesante, pero ahora solo escribe algunos art\u00edculos para <a href=\"https:\/\/www.jotdown.es\/2020\/08\/yo-fui-mozo-de-almacen-otras-historias-de-ciclismo\/\">Jot Down<\/a>. Y una de las voces autorizadas de la Cadena Ser es <a href=\"https:\/\/blogs.20minutos.es\/quefuede\/2013\/01\/24\/que-fue-de-anselmo-fuerte\/\">Anselmo Fuerte,<\/a> que hizo dos podios en La Vuelta.<\/p>\n<p>Uno de los grandes rivales de Indurain en el Tour fue\u00a0 Richard Virenque. Durante a\u00f1os tambi\u00e9n estuvo en los medios de comunicaci\u00f3n, pero <a href=\"https:\/\/rmcsport.bfmtv.com\/cyclisme\/virenque-ne-digere-pas-son-absence-sur-le-tour-de-france-1977986.html\">no sali\u00f3 de buena manera de Eurosport<\/a> y en 2020 ni tan siquiera fue al Tour de Francia. El que no ha faltado en los \u00faltimos a\u00f1os en el Canal RTL (la televisi\u00f3n de Luxemburgo) es <strong>Laurent Jalabert<\/strong>, que incluso tiene su propio programa, <a href=\"https:\/\/www.rtl.fr\/emission\/le-club-jalabert\">Le Club Jalabert,<\/a> durante el Tour. Adem\u00e1s sigue haciendo buenos n\u00fameros en triatl\u00f3n.<\/p>\n<p>Por Eurosport tambi\u00e9n pas\u00f3 <strong>Greg Lemond<\/strong> y tuvo su programa LeMonde of Cycling, aunque no dur\u00f3 demasiado. Nada m\u00e1s retirarse hizo su propia marca de bicicletas, <a href=\"https:\/\/lemond.com\/\">Lemond<\/a>, se asoci\u00f3 con Trek y se volvi\u00f3 a separar del gigante norteamericano despu\u00e9s de varias demandas. Ahora sigue vendiendo sus gama de bicis. Igual que <strong>Sean Kelly<\/strong>, el ciclista que m\u00e1s carreras gan\u00f3 en los 80, que comenta para Eurosport en ingl\u00e9s.<\/p>\n<div class=\"embed-controller-wrapper\"><iframe title=\"Lemond of cycling: episode 1\" frameborder=\"0\" width=\"500\" height=\"281\" data-src=\"https:\/\/geo.dailymotion.com\/player.html?video=x1vx0iw&#038;\" allowfullscreen allow=\"autoplay; fullscreen; picture-in-picture; web-share\"><\/iframe><\/div>\n<p>Tambi\u00e9n cre\u00f3 su propia marca de bicis <a href=\"https:\/\/www.mcipollini.com\/\">Mario Cipollini,<\/a> aunque el italiano en su pa\u00eds es un caso parecido al de Pedro Delgado en Espa\u00f1a. Dio el salto y es una aut\u00e9ntica estrella de la televisi\u00f3n, tanto que hasta tiene su propio registro IMDB con las veces que ha aparecido como actor. Por la tele italiana tambi\u00e9n suele ir <strong>Claudio Chiappucci,<\/strong> que estuvo en la Isla de los Famosos y fue comentarista para la RAI. Para Cyclingnews empez\u00f3 a trabajar como comentarista en este Tour 2020 <strong>Robert Millar<\/strong>, el escoc\u00e9s que se cambi\u00f3 de sexo y ahora se llama Phillipa York.<\/p>\n<h3>SIGUEN EN EL CICLISMO<\/h3>\n<p>El primero de los \u00eddolos ciclistas de los 80 y 90 que se embarc\u00f3 como organizador de carreras fue <strong>Laurent Fignon<\/strong>, que en 2001 y 2002 se hizo con el control de La Paris Niza, para despu\u00e9s vend\u00e9rsela al ASO, el due\u00f1o del Tour de Francia. Uno de los mejores escaladores colombianos de los 90, aunque sin podios es grandes vueltas, <a href=\"https:\/\/www.facebook.com\/watch\/?v=367066160846205\">Abelardo Rond\u00f3n<\/a>, trabaja con la organizaci\u00f3n del Tour de Colombia. En Espa\u00f1a, el siempre sufridor <strong>Fernando Escart\u00edn<\/strong> es director t\u00e9cnico de La Vuelta y uno de los encargados de dise\u00f1ar las etapas. Tambi\u00e9n organiza la Quebrantahuesos. El aragon\u00e9s sustituy\u00f3 en el staff de La Vuelta a<strong> Abraham Olano<\/strong>, que tambi\u00e9n ha sido seleccionador y organizador del ciclismo en Gab\u00f3n.\u00a0 Por las carrera espa\u00f1ola tambi\u00e9n es f\u00e1cil ver a Santi Blanco o Roberto Laiseka y sobre todo a <strong>Dani Clavero,<\/strong> que se encarga de las metas y trabaja en Spiuk. Con el Tour estuvo relacionado durante muchos a\u00f1os <strong>Bernard Hinault<\/strong>. Era la imagen de la carrera francesa en el podio hasta que al cumplir los 65 a\u00f1os decidi\u00f3 jubilarse.<\/p>\n<p>En misiones directivas est\u00e1 <strong>Gianni Bugno<\/strong>, el eterno segundo tras Miguel Indurain, que ahora rige los caminos de la Asociaci\u00f3n de Ciclistas Profesionales y tambi\u00e9n hace sus &#8216;pinitos&#8217; de comentarista en el Giro para la Rai. Y como agentes de ciclistas est\u00e1n trabajando <strong>Tony Rominger,<\/strong> el gran rival de Miguel\u00f3n en el Tour y el que peor se lo hizo pasar, y el velocista <strong>\u00c1ngel Edo.<\/strong><\/p>\n<p><img loading=\"lazy\" decoding=\"async\" class=\"size-extra-large aligncenter\" src=\"https:\/\/www.joanseguidor.com\/wp-content\/uploads\/2020\/07\/gianni-bugno.jpg\" width=\"512\" height=\"341\" \/><\/p>\n<p><strong>Michele Bartoli,<\/strong> uno de los grandes clasic\u00f3manos de los 90, es uno de los entrenadores m\u00e1s buscados por los profesionales. Entre sus rivales estaba <a href=\"https:\/\/www.facebook.com\/MuseeuwBicycles\/\">Johan Musseuw<\/a>, que mont\u00f3 su propia marca de bicicletas y ahora es la imagen de Turismo de Flandes y organiza sus propios viajes ciclistas. Otro de los ganadores de Roubaix en los 90, <strong>Andrea Tafi<\/strong>, regenta ahora su hotel de vacaciones ciclistas en La Toscana.\u00a0 Tambi\u00e9n relacionado con el turismo ciclistas est\u00e1 <strong>Stephen Roche<\/strong>, que dej\u00f3 a Perico sin el Tour del 87. El irland\u00e9s mont\u00f3 su propia a<a href=\"https:\/\/stephenrochecycling.com\/\">gencia de viajes ciclistas con sede en Mallorca<\/a>. Algo parecido hizo Gert Jan Theunisse, el gigante escalador holand\u00e9s.<\/p>\n<p><strong>Bjarne Riis,<\/strong> el que fue considerado como la bestia negra de ciclismo espa\u00f1ol en aquel Tour del 96, lleg\u00f3 a tener su propio equipo a trav\u00e9s de su empresa Virtu Cycling, el Saxo Bank, que acab\u00f3 vendiendo a Tinkoff. Se alej\u00f3 del ciclismo a inicios de 2020 anunci\u00f3 su entrada en el entonces NTT, ahora Qhubeka Assos.<\/p>\n<p>Sentados en los coches de director de equipo hay varios. <strong>Tom Steels<\/strong>, un velocista belga que se cans\u00f3 de ganar etapas en La Vuelta, dirige al Deceunink Quick Step en las cl\u00e1sicas. <strong>Neil Stephens<\/strong>, el rubio australiano de la Once y el Festina est\u00e1 ahora en el Bahrain. <strong>Erik Breukink<\/strong>, la gran promesa holandesa, en el Roompot y antes fue director del Rabobank. <strong>Erik Zabel y Abdoujaparov<\/strong>, dos de los velocistas m\u00e1s famosos de la \u00e9poca, siguieron en el ciclismo. El alem\u00e1n ahora es imagen de Canyon y el kazajo trabaj\u00f3 con Astan\u00e1 y despu\u00e9s mont\u00f3 una agencia para dar oportunidades a los ciclistas no europeos.<\/p>\n<p>El que toca casi todos los palos es <strong>Davide Cassani<\/strong>. El italiano no fue uno de los grandes, aunque tiene un buen palmar\u00e9s de victorias menores. Adem\u00e1s de comentarista de la RAI es seleccionador italiano y representante de ciclismo de la Emilia Romagna, no en vano fue uno de los &#8216;culpables&#8217; de que el Mundial de 2020 se acabara haciendo en su regi\u00f3n y en tiempo r\u00e9cord.<\/p>\n<h3>LEJOS DEL CICLISMO<\/h3>\n<p>Sin trabajos relacionados con el ciclismo est\u00e1 <a href=\"https:\/\/www.publico.es\/deportes\/federico-etxabe-despertador-vive-maravilla.html\">Fede Etxabe<\/a>, que gan\u00f3 su etapa en Alpe d&#8217;Huez e invirti\u00f3 sus ahorros en varios negocios, entre ellos una tienda de deportes. O <strong>\u00c1ngel Arroyo<\/strong>, el primer espa\u00f1ol que en los 80 pele\u00f3 por ganar el Tour de Francia (segundo en 1983) y que tambi\u00e9n tiene su negocio propio. Igual que <strong>Juli\u00e1n Gorospe<\/strong>, que despu\u00e9s de ser director deportivo en Euskaltel ahora trabaja como comercial de alquiler de maquinaria de elevaci\u00f3n. Tambi\u00e9n mont\u00f3 su empresa <a href=\"https:\/\/www.iberobike.com\/con-un-pie-dentro-de-prision-el-campeon-del-mundo-de-ciclismo-moreno-argentin\/\">Moreno Argentin,<\/a> uno de los grandes clasic\u00f3manos de la \u00e9poca, pero al que no le ha ido demasiado bien la reconversi\u00f3n.<\/p>\n","protected":false},"excerpt":{"rendered":"<p>Para los que nacieron a finales de los 70 y principios de los 80 sus primeros \u00eddolos ciclistas todav\u00eda llevaban [&hellip;]<\/p>\n","protected":false},"author":29,"featured_media":6969,"comment_status":"open","ping_status":"open","sticky":false,"template":"","format":"standard","meta":{"footnotes":""},"categories":[7],"tags":[2066,2065,2064,2063,2062],"global-categories":[1164],"class_list":["post-7166","post","type-post","status-publish","format-standard","has-post-thumbnail","hentry","category-carretera","tag-bugno","tag-chiappuci","tag-estrellas-ciclismo-80","tag-estrellas-ciclismo-90","tag-idolos-ciclistas-80-y-90","global-categories-cycling"],"yoast_head":"<!-- This site is optimized with the Yoast SEO Premium plugin v25.3 (Yoast SEO v25.9) - https:\/\/yoast.com\/wordpress\/plugins\/seo\/ -->\n<title>\u00bfD\u00f3nde est\u00e1n y qu\u00e9 hacen nuestros \u00eddolos ciclistas de los 80 y 90?<\/title>\n<meta name=\"description\" content=\"\u00bfD\u00f3nde est\u00e1n y qu\u00e9 hacen nuestros \u00eddolos ciclistas de los 80 y 90? Qu\u00e9 ha sido de Indurain, Delgado, Roche, Virenque, Bugno...\" \/>\n<meta name=\"robots\" content=\"index, follow, max-snippet:-1, max-image-preview:large, max-video-preview:-1\" \/>\n<link rel=\"canonical\" href=\"https:\/\/www.welovecycling.com\/es\/2021\/01\/29\/idolos-ciclistas-80-90\/\" \/>\n<meta property=\"og:locale\" content=\"es_ES\" \/>\n<meta property=\"og:type\" content=\"article\" \/>\n<meta property=\"og:title\" content=\"\u00bfD\u00f3nde est\u00e1n y qu\u00e9 hacen nuestros \u00eddolos ciclistas de los 80 y 90?\" \/>\n<meta property=\"og:description\" content=\"\u00bfD\u00f3nde est\u00e1n y qu\u00e9 hacen nuestros \u00eddolos ciclistas de los 80 y 90? Qu\u00e9 ha sido de Indurain, Delgado, Roche, Virenque, Bugno...\" \/>\n<meta property=\"og:url\" content=\"https:\/\/www.welovecycling.com\/es\/2021\/01\/29\/idolos-ciclistas-80-90\/\" \/>\n<meta property=\"og:site_name\" content=\"\u0160koda We Love Cycling - Spain\" \/>\n<meta property=\"article:published_time\" content=\"2021-01-29T20:40:08+00:00\" \/>\n<meta property=\"og:image\" content=\"https:\/\/d2p6e6u75xmxt8.cloudfront.net\/6\/2020\/11\/Hinault-LeMond-profimedia-0020457183.jpg\" \/>\n\t<meta property=\"og:image:width\" content=\"1250\" \/>\n\t<meta property=\"og:image:height\" content=\"874\" \/>\n\t<meta property=\"og:image:type\" content=\"image\/jpeg\" \/>\n<meta name=\"author\" content=\"We Love Cycling Spain\" \/>\n<meta name=\"twitter:card\" content=\"summary_large_image\" \/>\n<meta name=\"twitter:label1\" content=\"Written by\" \/>\n\t<meta name=\"twitter:data1\" content=\"Luis Ortega\" \/>\n\t<meta name=\"twitter:label2\" content=\"Est. reading time\" \/>\n\t<meta name=\"twitter:data2\" content=\"7 minutes\" \/>\n<script type=\"application\/ld+json\" class=\"yoast-schema-graph\">{\"@context\":\"https:\/\/schema.org\",\"@graph\":[{\"@type\":\"WebPage\",\"@id\":\"https:\/\/www.welovecycling.com\/es\/2021\/01\/29\/idolos-ciclistas-80-90\/\",\"url\":\"https:\/\/www.welovecycling.com\/es\/2021\/01\/29\/idolos-ciclistas-80-90\/\",\"name\":\"\u00bfD\u00f3nde est\u00e1n y qu\u00e9 hacen nuestros \u00eddolos ciclistas de los 80 y 90?\",\"isPartOf\":{\"@id\":\"https:\/\/www.welovecycling.com\/es\/#website\"},\"primaryImageOfPage\":{\"@id\":\"https:\/\/www.welovecycling.com\/es\/2021\/01\/29\/idolos-ciclistas-80-90\/#primaryimage\"},\"image\":{\"@id\":\"https:\/\/www.welovecycling.com\/es\/2021\/01\/29\/idolos-ciclistas-80-90\/#primaryimage\"},\"thumbnailUrl\":\"https:\/\/d2p6e6u75xmxt8.cloudfront.net\/6\/2020\/11\/Hinault-LeMond-profimedia-0020457183.jpg\",\"datePublished\":\"2021-01-29T20:40:08+00:00\",\"author\":{\"@id\":\"https:\/\/www.welovecycling.com\/es\/#\/schema\/person\/deb61715b5812698ee79fb96f343ccd4\"},\"description\":\"\u00bfD\u00f3nde est\u00e1n y qu\u00e9 hacen nuestros \u00eddolos ciclistas de los 80 y 90? Qu\u00e9 ha sido de Indurain, Delgado, Roche, Virenque, Bugno...\",\"breadcrumb\":{\"@id\":\"https:\/\/www.welovecycling.com\/es\/2021\/01\/29\/idolos-ciclistas-80-90\/#breadcrumb\"},\"inLanguage\":\"es-ES\",\"potentialAction\":[{\"@type\":\"ReadAction\",\"target\":[\"https:\/\/www.welovecycling.com\/es\/2021\/01\/29\/idolos-ciclistas-80-90\/\"]}]},{\"@type\":\"ImageObject\",\"inLanguage\":\"es-ES\",\"@id\":\"https:\/\/www.welovecycling.com\/es\/2021\/01\/29\/idolos-ciclistas-80-90\/#primaryimage\",\"url\":\"https:\/\/d2p6e6u75xmxt8.cloudfront.net\/6\/2020\/11\/Hinault-LeMond-profimedia-0020457183.jpg\",\"contentUrl\":\"https:\/\/d2p6e6u75xmxt8.cloudfront.net\/6\/2020\/11\/Hinault-LeMond-profimedia-0020457183.jpg\",\"width\":1250,\"height\":874,\"caption\":\"Frenchman Bernard Hinault (L), wearing the red and white Polka Dot Jersey of the best climber, second placed in the overall ranking, and US Greg Lemond, the winner of 73th Tour de France pose for media 27 July 1986 in Paris. AFP PHOTO DANIEL JANIN\/DOMINIQUE FAGET,Image: 20457183, License: Rights-managed, Restrictions: , Model Release: no\"},{\"@type\":\"BreadcrumbList\",\"@id\":\"https:\/\/www.welovecycling.com\/es\/2021\/01\/29\/idolos-ciclistas-80-90\/#breadcrumb\",\"itemListElement\":[{\"@type\":\"ListItem\",\"position\":1,\"name\":\"Home\",\"item\":\"https:\/\/www.welovecycling.com\/es\/\"},{\"@type\":\"ListItem\",\"position\":2,\"name\":\"\u00bfD\u00f3nde est\u00e1n y qu\u00e9 hacen nuestros \u00eddolos ciclistas de los 80 y 90?\"}]},{\"@type\":\"WebSite\",\"@id\":\"https:\/\/www.welovecycling.com\/es\/#website\",\"url\":\"https:\/\/www.welovecycling.com\/es\/\",\"name\":\"\u0160koda We Love Cycling - Spain\",\"description\":\"\u0160koda WeLoveCycling Spain\",\"potentialAction\":[{\"@type\":\"SearchAction\",\"target\":{\"@type\":\"EntryPoint\",\"urlTemplate\":\"https:\/\/www.welovecycling.com\/es\/?s={search_term_string}\"},\"query-input\":{\"@type\":\"PropertyValueSpecification\",\"valueRequired\":true,\"valueName\":\"search_term_string\"}}],\"inLanguage\":\"es-ES\"},{\"@type\":\"Person\",\"@id\":\"https:\/\/www.welovecycling.com\/es\/#\/schema\/person\/deb61715b5812698ee79fb96f343ccd4\",\"name\":\"We Love Cycling Spain\",\"image\":{\"@type\":\"ImageObject\",\"inLanguage\":\"es-ES\",\"@id\":\"https:\/\/www.welovecycling.com\/es\/#\/schema\/person\/image\/\",\"url\":\"https:\/\/secure.gravatar.com\/avatar\/c824b04e6df0e37a03219d0b6481672889df542894588964102459e46513159c?s=96&d=mm&r=g\",\"contentUrl\":\"https:\/\/secure.gravatar.com\/avatar\/c824b04e6df0e37a03219d0b6481672889df542894588964102459e46513159c?s=96&d=mm&r=g\",\"caption\":\"We Love Cycling Spain\"},\"url\":\"https:\/\/www.welovecycling.com\/es\/author\/amunoz\/\"}]}<\/script>\n<!-- \/ Yoast SEO Premium plugin. -->","yoast_head_json":{"title":"\u00bfD\u00f3nde est\u00e1n y qu\u00e9 hacen nuestros \u00eddolos ciclistas de los 80 y 90?","description":"\u00bfD\u00f3nde est\u00e1n y qu\u00e9 hacen nuestros \u00eddolos ciclistas de los 80 y 90? Qu\u00e9 ha sido de Indurain, Delgado, Roche, Virenque, Bugno...","robots":{"index":"index","follow":"follow","max-snippet":"max-snippet:-1","max-image-preview":"max-image-preview:large","max-video-preview":"max-video-preview:-1"},"canonical":"https:\/\/www.welovecycling.com\/es\/2021\/01\/29\/idolos-ciclistas-80-90\/","og_locale":"es_ES","og_type":"article","og_title":"\u00bfD\u00f3nde est\u00e1n y qu\u00e9 hacen nuestros \u00eddolos ciclistas de los 80 y 90?","og_description":"\u00bfD\u00f3nde est\u00e1n y qu\u00e9 hacen nuestros \u00eddolos ciclistas de los 80 y 90? Qu\u00e9 ha sido de Indurain, Delgado, Roche, Virenque, Bugno...","og_url":"https:\/\/www.welovecycling.com\/es\/2021\/01\/29\/idolos-ciclistas-80-90\/","og_site_name":"\u0160koda We Love Cycling - Spain","article_published_time":"2021-01-29T20:40:08+00:00","og_image":[{"width":1250,"height":874,"url":"https:\/\/d2p6e6u75xmxt8.cloudfront.net\/6\/2020\/11\/Hinault-LeMond-profimedia-0020457183.jpg","type":"image\/jpeg"}],"author":"We Love Cycling Spain","twitter_card":"summary_large_image","twitter_misc":{"Written by":"Luis Ortega","Est. reading time":"7 minutes"},"schema":{"@context":"https:\/\/schema.org","@graph":[{"@type":"WebPage","@id":"https:\/\/www.welovecycling.com\/es\/2021\/01\/29\/idolos-ciclistas-80-90\/","url":"https:\/\/www.welovecycling.com\/es\/2021\/01\/29\/idolos-ciclistas-80-90\/","name":"\u00bfD\u00f3nde est\u00e1n y qu\u00e9 hacen nuestros \u00eddolos ciclistas de los 80 y 90?","isPartOf":{"@id":"https:\/\/www.welovecycling.com\/es\/#website"},"primaryImageOfPage":{"@id":"https:\/\/www.welovecycling.com\/es\/2021\/01\/29\/idolos-ciclistas-80-90\/#primaryimage"},"image":{"@id":"https:\/\/www.welovecycling.com\/es\/2021\/01\/29\/idolos-ciclistas-80-90\/#primaryimage"},"thumbnailUrl":"https:\/\/d2p6e6u75xmxt8.cloudfront.net\/6\/2020\/11\/Hinault-LeMond-profimedia-0020457183.jpg","datePublished":"2021-01-29T20:40:08+00:00","author":{"@id":"https:\/\/www.welovecycling.com\/es\/#\/schema\/person\/deb61715b5812698ee79fb96f343ccd4"},"description":"\u00bfD\u00f3nde est\u00e1n y qu\u00e9 hacen nuestros \u00eddolos ciclistas de los 80 y 90? Qu\u00e9 ha sido de Indurain, Delgado, Roche, Virenque, Bugno...","breadcrumb":{"@id":"https:\/\/www.welovecycling.com\/es\/2021\/01\/29\/idolos-ciclistas-80-90\/#breadcrumb"},"inLanguage":"es-ES","potentialAction":[{"@type":"ReadAction","target":["https:\/\/www.welovecycling.com\/es\/2021\/01\/29\/idolos-ciclistas-80-90\/"]}]},{"@type":"ImageObject","inLanguage":"es-ES","@id":"https:\/\/www.welovecycling.com\/es\/2021\/01\/29\/idolos-ciclistas-80-90\/#primaryimage","url":"https:\/\/d2p6e6u75xmxt8.cloudfront.net\/6\/2020\/11\/Hinault-LeMond-profimedia-0020457183.jpg","contentUrl":"https:\/\/d2p6e6u75xmxt8.cloudfront.net\/6\/2020\/11\/Hinault-LeMond-profimedia-0020457183.jpg","width":1250,"height":874,"caption":"Frenchman Bernard Hinault (L), wearing the red and white Polka Dot Jersey of the best climber, second placed in the overall ranking, and US Greg Lemond, the winner of 73th Tour de France pose for media 27 July 1986 in Paris. AFP PHOTO DANIEL JANIN\/DOMINIQUE FAGET,Image: 20457183, License: Rights-managed, Restrictions: , Model Release: no"},{"@type":"BreadcrumbList","@id":"https:\/\/www.welovecycling.com\/es\/2021\/01\/29\/idolos-ciclistas-80-90\/#breadcrumb","itemListElement":[{"@type":"ListItem","position":1,"name":"Home","item":"https:\/\/www.welovecycling.com\/es\/"},{"@type":"ListItem","position":2,"name":"\u00bfD\u00f3nde est\u00e1n y qu\u00e9 hacen nuestros \u00eddolos ciclistas de los 80 y 90?"}]},{"@type":"WebSite","@id":"https:\/\/www.welovecycling.com\/es\/#website","url":"https:\/\/www.welovecycling.com\/es\/","name":"\u0160koda We Love Cycling - Spain","description":"\u0160koda WeLoveCycling Spain","potentialAction":[{"@type":"SearchAction","target":{"@type":"EntryPoint","urlTemplate":"https:\/\/www.welovecycling.com\/es\/?s={search_term_string}"},"query-input":{"@type":"PropertyValueSpecification","valueRequired":true,"valueName":"search_term_string"}}],"inLanguage":"es-ES"},{"@type":"Person","@id":"https:\/\/www.welovecycling.com\/es\/#\/schema\/person\/deb61715b5812698ee79fb96f343ccd4","name":"We Love Cycling Spain","image":{"@type":"ImageObject","inLanguage":"es-ES","@id":"https:\/\/www.welovecycling.com\/es\/#\/schema\/person\/image\/","url":"https:\/\/secure.gravatar.com\/avatar\/c824b04e6df0e37a03219d0b6481672889df542894588964102459e46513159c?s=96&d=mm&r=g","contentUrl":"https:\/\/secure.gravatar.com\/avatar\/c824b04e6df0e37a03219d0b6481672889df542894588964102459e46513159c?s=96&d=mm&r=g","caption":"We Love Cycling Spain"},"url":"https:\/\/www.welovecycling.com\/es\/author\/amunoz\/"}]}},"_links":{"self":[{"href":"https:\/\/www.welovecycling.com\/es\/wp-json\/wp\/v2\/posts\/7166","targetHints":{"allow":["GET"]}}],"collection":[{"href":"https:\/\/www.welovecycling.com\/es\/wp-json\/wp\/v2\/posts"}],"about":[{"href":"https:\/\/www.welovecycling.com\/es\/wp-json\/wp\/v2\/types\/post"}],"author":[{"embeddable":true,"href":"https:\/\/www.welovecycling.com\/es\/wp-json\/wp\/v2\/users\/29"}],"replies":[{"embeddable":true,"href":"https:\/\/www.welovecycling.com\/es\/wp-json\/wp\/v2\/comments?post=7166"}],"version-history":[{"count":2,"href":"https:\/\/www.welovecycling.com\/es\/wp-json\/wp\/v2\/posts\/7166\/revisions"}],"predecessor-version":[{"id":7172,"href":"https:\/\/www.welovecycling.com\/es\/wp-json\/wp\/v2\/posts\/7166\/revisions\/7172"}],"wp:featuredmedia":[{"embeddable":true,"href":"https:\/\/www.welovecycling.com\/es\/wp-json\/wp\/v2\/media\/6969"}],"wp:attachment":[{"href":"https:\/\/www.welovecycling.com\/es\/wp-json\/wp\/v2\/media?parent=7166"}],"wp:term":[{"taxonomy":"category","embeddable":true,"href":"https:\/\/www.welovecycling.com\/es\/wp-json\/wp\/v2\/categories?post=7166"},{"taxonomy":"post_tag","embeddable":true,"href":"https:\/\/www.welovecycling.com\/es\/wp-json\/wp\/v2\/tags?post=7166"},{"taxonomy":"global-categories","embeddable":true,"href":"https:\/\/www.welovecycling.com\/es\/wp-json\/wp\/v2\/global-categories?post=7166"}],"curies":[{"name":"wp","href":"https:\/\/api.w.org\/{rel}","templated":true}]}}