{"id":7150,"date":"2021-01-26T20:03:30","date_gmt":"2021-01-26T18:03:30","guid":{"rendered":"https:\/\/www.welovecycling.com\/es\/?p=7150"},"modified":"2021-01-26T20:03:30","modified_gmt":"2021-01-26T18:03:30","slug":"el-nuevo-urban-lifestyle-ciclista","status":"publish","type":"post","link":"https:\/\/www.welovecycling.com\/es\/2021\/01\/26\/el-nuevo-urban-lifestyle-ciclista\/","title":{"rendered":"El nuevo urban lifestyle ciclista"},"content":{"rendered":"<p><strong>El ciclismo siempre ha estado de moda. Se puso a\u00fan m\u00e1s de moda cuando se consider\u00f3 parte esencial de una nueva estrategia de movilidad urbana para reducir la contaminaci\u00f3n atmosf\u00e9rica. Entonces, montar en bicicleta no s\u00f3lo era divertido y saludable, sino que era bueno para el planeta. Con los avances tecnol\u00f3gicos y comerciales, como el uso compartido de bicicletas y las bicicletas el\u00e9ctricas, la bicicleta se convirti\u00f3 en una opci\u00f3n de estilo de vida cada vez m\u00e1s importante para las personas que quer\u00edan estar sanas y mejorar el mundo. Es el nuevo urban lifestyle ciclista.<\/strong><\/p>\n<p><!--more--><\/p>\n<p>Entonces lleg\u00f3 Covid-19, que cerr\u00f3 gimnasios, piscinas y centros de fitness y convirti\u00f3 el transporte p\u00fablico en un medio de transporte potencialmente inseguro. El resultado fue un aut\u00e9ntico boom en la venta y uso de bicicletas en ciudades de todo el mundo, hasta el punto de que muchas tiendas de bicicletas se han quedado sin productos debido a la gran demanda y los fabricantes se <a href=\"https:\/\/www.welovecycling.com\/wide\/2020\/12\/14\/bike-shortages-may-last-until-2022\/\">han visto desprevenidos<\/a>.<\/p>\n<figure id=\"attachment_7151\" aria-describedby=\"caption-attachment-7151\" style=\"width: 1024px\" class=\"wp-caption alignnone\"><a href=\"https:\/\/d2p6e6u75xmxt8.cloudfront.net\/2\/2020\/09\/profimedia-0013147296.jpg\"><img loading=\"lazy\" decoding=\"async\" class=\"wp-image-7151 size-large\" src=\"https:\/\/d2p6e6u75xmxt8.cloudfront.net\/6\/2021\/01\/profimedia-0013147296-1024x682.jpg\" alt=\"Urban cyclist\" width=\"1024\" height=\"682\" srcset=\"https:\/\/d2p6e6u75xmxt8.cloudfront.net\/6\/2021\/01\/profimedia-0013147296-1024x682.jpg 1024w, https:\/\/d2p6e6u75xmxt8.cloudfront.net\/6\/2021\/01\/profimedia-0013147296-300x200.jpg 300w, https:\/\/d2p6e6u75xmxt8.cloudfront.net\/6\/2021\/01\/profimedia-0013147296-768x512.jpg 768w, https:\/\/d2p6e6u75xmxt8.cloudfront.net\/6\/2021\/01\/profimedia-0013147296-272x182.jpg 272w, https:\/\/d2p6e6u75xmxt8.cloudfront.net\/6\/2021\/01\/profimedia-0013147296.jpg 1250w\" sizes=\"auto, (max-width: 1024px) 100vw, 1024px\" \/><\/a><figcaption id=\"caption-attachment-7151\" class=\"wp-caption-text\">La pandemia ha cerrado gimnasios y ha forzado a la gente a hacer otro tipo de deporte. \u00a9 Profimedia<\/figcaption><\/figure>\n<p>&nbsp;<\/p>\n<p>Aunque la pandemia seguramente desaparecer\u00e1, tarde o temprano, la bicicleta seguir\u00e1 siendo una parte importante del estilo de vida urbano occidental, sobre todo porque muchas grandes ciudades, desde Europa hasta Sudam\u00e9rica, est\u00e1n ampliando y\/o mejorando sus infraestructuras ciclistas. Esto significa, entre otras cosas, que los accesorios para ciclistas no s\u00f3lo tendr\u00e1n que ser pr\u00e1cticos, sino que tambi\u00e9n formar\u00e1n parte de la identidad del consumidor.<\/p>\n<p>En primer lugar, el ciclista urbano necesitar\u00e1 un accesorio para llevar cosas, ya sea material relacionado con el trabajo, las compras o alguna actividad de ocio. Una mochila de d\u00eda o una bolsa de mensajero son ideales para cargas ligeras y viajes cortos, y le acompa\u00f1ar\u00e1n despu\u00e9s de aparcar la bicicleta. Un portaequipajes trasero, una alforja o una cesta funcionan bien para cargas m\u00e1s pesadas en distancias m\u00e1s largas &#8211; y las alforjas pueden ser impermeables, lo que las convierte en un elemento \u00fatil en todo tipo de clima. Para transportar una carga importante, un remolque de carga es esencial. Las <a href=\"https:\/\/www.welovecycling.com\/wide\/2020\/03\/25\/changing-cites-with-cargo-bicycles\/\">cargo bikes<\/a> son caras, pero pr\u00e1cticas y atractivas, y est\u00e1n disponibles en diferentes colores. Incluso he visto que se utilizan para transportar beb\u00e9s.<\/p>\n<figure id=\"attachment_7152\" aria-describedby=\"caption-attachment-7152\" style=\"width: 1024px\" class=\"wp-caption alignnone\"><a href=\"https:\/\/d2p6e6u75xmxt8.cloudfront.net\/2\/2021\/01\/Cargo-bike-profimedia-0569241787-1.jpg\"><img loading=\"lazy\" decoding=\"async\" class=\"wp-image-7152 size-large\" src=\"https:\/\/d2p6e6u75xmxt8.cloudfront.net\/6\/2021\/01\/Cargo-bike-profimedia-0569241787-1-1024x768.jpg\" alt=\"Bicycle trailer\" width=\"1024\" height=\"768\" srcset=\"https:\/\/d2p6e6u75xmxt8.cloudfront.net\/6\/2021\/01\/Cargo-bike-profimedia-0569241787-1-1024x768.jpg 1024w, https:\/\/d2p6e6u75xmxt8.cloudfront.net\/6\/2021\/01\/Cargo-bike-profimedia-0569241787-1-300x225.jpg 300w, https:\/\/d2p6e6u75xmxt8.cloudfront.net\/6\/2021\/01\/Cargo-bike-profimedia-0569241787-1-768x576.jpg 768w, https:\/\/d2p6e6u75xmxt8.cloudfront.net\/6\/2021\/01\/Cargo-bike-profimedia-0569241787-1.jpg 1250w\" sizes=\"auto, (max-width: 1024px) 100vw, 1024px\" \/><\/a><figcaption id=\"caption-attachment-7152\" class=\"wp-caption-text\">Las cargo bikes se est\u00e1n popularizando en Europa. \u00a9 Profimedia<\/figcaption><\/figure>\n<p>&nbsp;<\/p>\n<p>No todo el mundo quiere comprar una bicicleta para formar parte del estilo de vida del ciclismo urbano, as\u00ed que la seguridad es vital. Necesitar\u00e1 un <a href=\"https:\/\/www.welovecycling.com\/wide\/2020\/05\/25\/bike-security-get-your-beloved-a-proper-bodyguard\/\">candado en U resistente<\/a> y un lugar seguro para aparcar tu veh\u00edculo de dos ruedas cuando vaya de compras, a un acto p\u00fablico o al trabajo. Si vives o trabajas en una zona de alta criminalidad o cerca de ella, puedes considerar la posibilidad de comprar una segunda bicicleta con poco valor de reventa.<\/p>\n<p>Tambi\u00e9n es importante mantener tus accesorios seguros. Utiliza una abrazadera de tija atornillada, en lugar de una abrazadera de liberaci\u00f3n r\u00e1pida (y f\u00e1cil de quitar), y ll\u00e9vate el ordenador de la bicicleta y las luces cuando la dejes en alg\u00fan sitio.<\/p>\n<figure id=\"attachment_7153\" aria-describedby=\"caption-attachment-7153\" style=\"width: 1024px\" class=\"wp-caption alignnone\"><a href=\"https:\/\/d2p6e6u75xmxt8.cloudfront.net\/2\/2015\/11\/profimedia-0195823345.jpg\"><img loading=\"lazy\" decoding=\"async\" class=\"wp-image-7153 size-large\" src=\"https:\/\/d2p6e6u75xmxt8.cloudfront.net\/6\/2021\/01\/profimedia-0195823345-1024x683.jpg\" alt=\"Locked bicycles in urban setting\" width=\"1024\" height=\"683\" srcset=\"https:\/\/d2p6e6u75xmxt8.cloudfront.net\/6\/2021\/01\/profimedia-0195823345-1024x683.jpg 1024w, https:\/\/d2p6e6u75xmxt8.cloudfront.net\/6\/2021\/01\/profimedia-0195823345-300x200.jpg 300w, https:\/\/d2p6e6u75xmxt8.cloudfront.net\/6\/2021\/01\/profimedia-0195823345-768x512.jpg 768w, https:\/\/d2p6e6u75xmxt8.cloudfront.net\/6\/2021\/01\/profimedia-0195823345-272x182.jpg 272w, https:\/\/d2p6e6u75xmxt8.cloudfront.net\/6\/2021\/01\/profimedia-0195823345.jpg 1250w\" sizes=\"auto, (max-width: 1024px) 100vw, 1024px\" \/><\/a><figcaption id=\"caption-attachment-7153\" class=\"wp-caption-text\">Uno de los accesorios m\u00e1s importantes que puedes comprar es un candado. \u00a9 Profimedia<\/figcaption><\/figure>\n<p>&nbsp;<\/p>\n<p>Ahora, la parte del <strong>nuevo urban lifestyle ciclista<\/strong>: Salvo en invierno, no es necesario llevar ropa especial para ir en bicicleta. Pero hay algunos consejos \u00fatiles que debes tener en cuenta a la hora de vestirte para un paseo:<\/p>\n<p>1. Evita las bufandas largas y las faldas onduladas o las chaquetas largas, que pueden enredarse en la rueda trasera o en los frenos. En las bicicletas sin cubrecadenas, los pantalones largos pueden engancharse en la cadena o ensuciarse con el aceite.<\/p>\n<p>2. Enrolla o mete la pernera del pantal\u00f3n dentro de un calcet\u00edn en el lado de la cadena, o f\u00edjala con una correa\u00a0 para evitar que la pernera roce la cadena.<\/p>\n<p>3. No necesitas unas zapatillas de ciclismo para tus desplazamientos diarios; las zapatillas normales son m\u00e1s vers\u00e1tiles. Pero usa zapatillas con suela que se agarre para ayudar a mantener los pies en los pedales. Si usas zapatillas de suela lisa, un calapie para los pedales evitar\u00e1 que tus pies se deslicen hacia delante.<\/p>\n<p>4. Para los d\u00edas de lluvia, compra una chaqueta que sea resistente al viento y al agua. Los pantalones para la lluvia y los cubrebotas impermeables tambi\u00e9n ser\u00e1n \u00fatiles si te tomas en serio la idea de montar en bicicleta <a href=\"https:\/\/www.welovecycling.com\/wide\/2020\/11\/03\/embrace-the-cold-tips-for-winter-cycling\/\">durante todo el a\u00f1o<\/a>.<\/p>\n<figure id=\"attachment_7154\" aria-describedby=\"caption-attachment-7154\" style=\"width: 1024px\" class=\"wp-caption alignnone\"><a href=\"https:\/\/d2p6e6u75xmxt8.cloudfront.net\/2\/2021\/01\/Cycling-in-rain-profimedia-0553718323.jpg\"><img loading=\"lazy\" decoding=\"async\" class=\"wp-image-7154 size-large\" src=\"https:\/\/d2p6e6u75xmxt8.cloudfront.net\/6\/2021\/01\/Cycling-in-rain-profimedia-0553718323-1024x685.jpg\" alt=\"Cycling in rain\" width=\"1024\" height=\"685\" srcset=\"https:\/\/d2p6e6u75xmxt8.cloudfront.net\/6\/2021\/01\/Cycling-in-rain-profimedia-0553718323-1024x685.jpg 1024w, https:\/\/d2p6e6u75xmxt8.cloudfront.net\/6\/2021\/01\/Cycling-in-rain-profimedia-0553718323-300x201.jpg 300w, https:\/\/d2p6e6u75xmxt8.cloudfront.net\/6\/2021\/01\/Cycling-in-rain-profimedia-0553718323-768x514.jpg 768w, https:\/\/d2p6e6u75xmxt8.cloudfront.net\/6\/2021\/01\/Cycling-in-rain-profimedia-0553718323-272x182.jpg 272w, https:\/\/d2p6e6u75xmxt8.cloudfront.net\/6\/2021\/01\/Cycling-in-rain-profimedia-0553718323.jpg 1250w\" sizes=\"auto, (max-width: 1024px) 100vw, 1024px\" \/><\/a><figcaption id=\"caption-attachment-7154\" class=\"wp-caption-text\">Elige tu ropa para los d\u00edas de lluvia. \u00a9 Profimedia<\/figcaption><\/figure>\n<p>&nbsp;<\/p>\n<p>Sin embargo, a medida que el ciclismo se ha puesto de moda, las personas preocupadas por el <strong>urban lifestyle ciclista<\/strong> han empezado a comprar <a href=\"https:\/\/www.urbanbikewear.com\/en\/\">ropa de moda espec\u00edficamente para el ciclismo<\/a>, y los fabricantes de ropa deportiva y de otro tipo han empezado a comercializar productos que combinan la funci\u00f3n ciclista con la moda urbana. Entre ellos se encuentran las prendas fabricadas con tejidos resistentes al viento que tambi\u00e9n se estiran para mayor comodidad, la ropa decorada con discretos toques reflectantes para hacer m\u00e1s visible al ciclista y los pantalones con leng\u00fcetas enrollables ocultas.<\/p>\n<p>Cuando las tiendas de ropa vuelvan a abrir, muchas ofrecer\u00e1n prendas destinadas al nuevo estilo de vida ciclista urbano, que sin duda formar\u00e1 parte del futuro de la vida en la ciudad.<\/p>\n","protected":false},"excerpt":{"rendered":"<p>El ciclismo siempre ha estado de moda. Se puso a\u00fan m\u00e1s de moda cuando se consider\u00f3 parte esencial de una [&hellip;]<\/p>\n","protected":false},"author":29,"featured_media":7156,"comment_status":"open","ping_status":"open","sticky":false,"template":"","format":"standard","meta":{"footnotes":""},"categories":[6],"tags":[278,674,2053,2056,2054,2057,2055,2052],"global-categories":[],"class_list":["post-7150","post","type-post","status-publish","format-standard","has-post-thumbnail","hentry","category-urban","tag-bicicletas-urbanas","tag-ciclismo-urbano","tag-consejos-ciclismo-urbano","tag-consejos-para-ciclistas-urbanos","tag-estilo-ciclista-urbano","tag-ir-al-trabajo-en-bici","tag-ropa-ciclista-ciudad","tag-urban-lifestyle-ciclista"],"yoast_head":"<!-- This site is optimized with the Yoast SEO Premium plugin v25.3 (Yoast SEO v25.9) - https:\/\/yoast.com\/wordpress\/plugins\/seo\/ -->\n<title>El nuevo urban lifestyle ciclista - \u0160koda We Love Cycling - Spain<\/title>\n<meta name=\"description\" content=\"El nuevo urban lifestyle ciclista. Los estilos y la moda ciclista urbana. La ropa ciclista urbana y las bicicletas para ir pro ciudad.\" \/>\n<meta name=\"robots\" content=\"index, follow, max-snippet:-1, max-image-preview:large, max-video-preview:-1\" \/>\n<link rel=\"canonical\" href=\"https:\/\/www.welovecycling.com\/es\/2021\/01\/26\/el-nuevo-urban-lifestyle-ciclista\/\" \/>\n<meta property=\"og:locale\" content=\"es_ES\" \/>\n<meta property=\"og:type\" content=\"article\" \/>\n<meta property=\"og:title\" content=\"El nuevo urban lifestyle ciclista\" \/>\n<meta property=\"og:description\" content=\"El nuevo urban lifestyle ciclista. Los estilos y la moda ciclista urbana. La ropa ciclista urbana y las bicicletas para ir pro ciudad.\" \/>\n<meta property=\"og:url\" content=\"https:\/\/www.welovecycling.com\/es\/2021\/01\/26\/el-nuevo-urban-lifestyle-ciclista\/\" \/>\n<meta property=\"og:site_name\" content=\"\u0160koda We Love Cycling - Spain\" \/>\n<meta property=\"article:published_time\" content=\"2021-01-26T18:03:30+00:00\" \/>\n<meta property=\"og:image\" content=\"https:\/\/d2p6e6u75xmxt8.cloudfront.net\/6\/2021\/01\/Urban-cycling-pexels-ahshea-media-2361102-CVR.jpg\" \/>\n\t<meta property=\"og:image:width\" content=\"1366\" \/>\n\t<meta property=\"og:image:height\" content=\"600\" \/>\n\t<meta property=\"og:image:type\" content=\"image\/jpeg\" \/>\n<meta name=\"author\" content=\"We Love Cycling Spain\" \/>\n<meta name=\"twitter:card\" content=\"summary_large_image\" \/>\n<meta name=\"twitter:title\" content=\"El nuevo urban lifestyle ciclista\" \/>\n<meta name=\"twitter:description\" content=\"El nuevo urban lifestyle ciclista. Los estilos y la moda ciclista urbana. La ropa ciclista urbana y las bicicletas para ir pro ciudad.\" \/>\n<meta name=\"twitter:label1\" content=\"Written by\" \/>\n\t<meta name=\"twitter:data1\" content=\"Siegfried Mortkowitz\" \/>\n\t<meta name=\"twitter:label2\" content=\"Est. reading time\" \/>\n\t<meta name=\"twitter:data2\" content=\"6\" \/>\n<script type=\"application\/ld+json\" class=\"yoast-schema-graph\">{\"@context\":\"https:\/\/schema.org\",\"@graph\":[{\"@type\":\"WebPage\",\"@id\":\"https:\/\/www.welovecycling.com\/es\/2021\/01\/26\/el-nuevo-urban-lifestyle-ciclista\/\",\"url\":\"https:\/\/www.welovecycling.com\/es\/2021\/01\/26\/el-nuevo-urban-lifestyle-ciclista\/\",\"name\":\"El nuevo urban lifestyle ciclista - \u0160koda We Love Cycling - Spain\",\"isPartOf\":{\"@id\":\"https:\/\/www.welovecycling.com\/es\/#website\"},\"primaryImageOfPage\":{\"@id\":\"https:\/\/www.welovecycling.com\/es\/2021\/01\/26\/el-nuevo-urban-lifestyle-ciclista\/#primaryimage\"},\"image\":{\"@id\":\"https:\/\/www.welovecycling.com\/es\/2021\/01\/26\/el-nuevo-urban-lifestyle-ciclista\/#primaryimage\"},\"thumbnailUrl\":\"https:\/\/d2p6e6u75xmxt8.cloudfront.net\/6\/2021\/01\/Urban-cycling-pexels-ahshea-media-2361102-CVR.jpg\",\"datePublished\":\"2021-01-26T18:03:30+00:00\",\"author\":{\"@id\":\"https:\/\/www.welovecycling.com\/es\/#\/schema\/person\/deb61715b5812698ee79fb96f343ccd4\"},\"description\":\"El nuevo urban lifestyle ciclista. Los estilos y la moda ciclista urbana. La ropa ciclista urbana y las bicicletas para ir pro ciudad.\",\"breadcrumb\":{\"@id\":\"https:\/\/www.welovecycling.com\/es\/2021\/01\/26\/el-nuevo-urban-lifestyle-ciclista\/#breadcrumb\"},\"inLanguage\":\"es-ES\",\"potentialAction\":[{\"@type\":\"ReadAction\",\"target\":[\"https:\/\/www.welovecycling.com\/es\/2021\/01\/26\/el-nuevo-urban-lifestyle-ciclista\/\"]}]},{\"@type\":\"ImageObject\",\"inLanguage\":\"es-ES\",\"@id\":\"https:\/\/www.welovecycling.com\/es\/2021\/01\/26\/el-nuevo-urban-lifestyle-ciclista\/#primaryimage\",\"url\":\"https:\/\/d2p6e6u75xmxt8.cloudfront.net\/6\/2021\/01\/Urban-cycling-pexels-ahshea-media-2361102-CVR.jpg\",\"contentUrl\":\"https:\/\/d2p6e6u75xmxt8.cloudfront.net\/6\/2021\/01\/Urban-cycling-pexels-ahshea-media-2361102-CVR.jpg\",\"width\":1366,\"height\":600,\"caption\":\"Urban Cycling\"},{\"@type\":\"BreadcrumbList\",\"@id\":\"https:\/\/www.welovecycling.com\/es\/2021\/01\/26\/el-nuevo-urban-lifestyle-ciclista\/#breadcrumb\",\"itemListElement\":[{\"@type\":\"ListItem\",\"position\":1,\"name\":\"Home\",\"item\":\"https:\/\/www.welovecycling.com\/es\/\"},{\"@type\":\"ListItem\",\"position\":2,\"name\":\"El nuevo urban lifestyle ciclista\"}]},{\"@type\":\"WebSite\",\"@id\":\"https:\/\/www.welovecycling.com\/es\/#website\",\"url\":\"https:\/\/www.welovecycling.com\/es\/\",\"name\":\"\u0160koda We Love Cycling - Spain\",\"description\":\"\u0160koda WeLoveCycling Spain\",\"potentialAction\":[{\"@type\":\"SearchAction\",\"target\":{\"@type\":\"EntryPoint\",\"urlTemplate\":\"https:\/\/www.welovecycling.com\/es\/?s={search_term_string}\"},\"query-input\":{\"@type\":\"PropertyValueSpecification\",\"valueRequired\":true,\"valueName\":\"search_term_string\"}}],\"inLanguage\":\"es-ES\"},{\"@type\":\"Person\",\"@id\":\"https:\/\/www.welovecycling.com\/es\/#\/schema\/person\/deb61715b5812698ee79fb96f343ccd4\",\"name\":\"We Love Cycling Spain\",\"image\":{\"@type\":\"ImageObject\",\"inLanguage\":\"es-ES\",\"@id\":\"https:\/\/www.welovecycling.com\/es\/#\/schema\/person\/image\/\",\"url\":\"https:\/\/secure.gravatar.com\/avatar\/c824b04e6df0e37a03219d0b6481672889df542894588964102459e46513159c?s=96&d=mm&r=g\",\"contentUrl\":\"https:\/\/secure.gravatar.com\/avatar\/c824b04e6df0e37a03219d0b6481672889df542894588964102459e46513159c?s=96&d=mm&r=g\",\"caption\":\"We Love Cycling Spain\"},\"url\":\"https:\/\/www.welovecycling.com\/es\/author\/amunoz\/\"}]}<\/script>\n<!-- \/ Yoast SEO Premium plugin. -->","yoast_head_json":{"title":"El nuevo urban lifestyle ciclista - \u0160koda We Love Cycling - Spain","description":"El nuevo urban lifestyle ciclista. Los estilos y la moda ciclista urbana. La ropa ciclista urbana y las bicicletas para ir pro ciudad.","robots":{"index":"index","follow":"follow","max-snippet":"max-snippet:-1","max-image-preview":"max-image-preview:large","max-video-preview":"max-video-preview:-1"},"canonical":"https:\/\/www.welovecycling.com\/es\/2021\/01\/26\/el-nuevo-urban-lifestyle-ciclista\/","og_locale":"es_ES","og_type":"article","og_title":"El nuevo urban lifestyle ciclista","og_description":"El nuevo urban lifestyle ciclista. Los estilos y la moda ciclista urbana. La ropa ciclista urbana y las bicicletas para ir pro ciudad.","og_url":"https:\/\/www.welovecycling.com\/es\/2021\/01\/26\/el-nuevo-urban-lifestyle-ciclista\/","og_site_name":"\u0160koda We Love Cycling - Spain","article_published_time":"2021-01-26T18:03:30+00:00","og_image":[{"width":1366,"height":600,"url":"https:\/\/d2p6e6u75xmxt8.cloudfront.net\/6\/2021\/01\/Urban-cycling-pexels-ahshea-media-2361102-CVR.jpg","type":"image\/jpeg"}],"author":"We Love Cycling Spain","twitter_card":"summary_large_image","twitter_title":"El nuevo urban lifestyle ciclista","twitter_description":"El nuevo urban lifestyle ciclista. Los estilos y la moda ciclista urbana. La ropa ciclista urbana y las bicicletas para ir pro ciudad.","twitter_misc":{"Written by":"Siegfried Mortkowitz","Est. reading time":"6"},"schema":{"@context":"https:\/\/schema.org","@graph":[{"@type":"WebPage","@id":"https:\/\/www.welovecycling.com\/es\/2021\/01\/26\/el-nuevo-urban-lifestyle-ciclista\/","url":"https:\/\/www.welovecycling.com\/es\/2021\/01\/26\/el-nuevo-urban-lifestyle-ciclista\/","name":"El nuevo urban lifestyle ciclista - \u0160koda We Love Cycling - Spain","isPartOf":{"@id":"https:\/\/www.welovecycling.com\/es\/#website"},"primaryImageOfPage":{"@id":"https:\/\/www.welovecycling.com\/es\/2021\/01\/26\/el-nuevo-urban-lifestyle-ciclista\/#primaryimage"},"image":{"@id":"https:\/\/www.welovecycling.com\/es\/2021\/01\/26\/el-nuevo-urban-lifestyle-ciclista\/#primaryimage"},"thumbnailUrl":"https:\/\/d2p6e6u75xmxt8.cloudfront.net\/6\/2021\/01\/Urban-cycling-pexels-ahshea-media-2361102-CVR.jpg","datePublished":"2021-01-26T18:03:30+00:00","author":{"@id":"https:\/\/www.welovecycling.com\/es\/#\/schema\/person\/deb61715b5812698ee79fb96f343ccd4"},"description":"El nuevo urban lifestyle ciclista. Los estilos y la moda ciclista urbana. La ropa ciclista urbana y las bicicletas para ir pro ciudad.","breadcrumb":{"@id":"https:\/\/www.welovecycling.com\/es\/2021\/01\/26\/el-nuevo-urban-lifestyle-ciclista\/#breadcrumb"},"inLanguage":"es-ES","potentialAction":[{"@type":"ReadAction","target":["https:\/\/www.welovecycling.com\/es\/2021\/01\/26\/el-nuevo-urban-lifestyle-ciclista\/"]}]},{"@type":"ImageObject","inLanguage":"es-ES","@id":"https:\/\/www.welovecycling.com\/es\/2021\/01\/26\/el-nuevo-urban-lifestyle-ciclista\/#primaryimage","url":"https:\/\/d2p6e6u75xmxt8.cloudfront.net\/6\/2021\/01\/Urban-cycling-pexels-ahshea-media-2361102-CVR.jpg","contentUrl":"https:\/\/d2p6e6u75xmxt8.cloudfront.net\/6\/2021\/01\/Urban-cycling-pexels-ahshea-media-2361102-CVR.jpg","width":1366,"height":600,"caption":"Urban Cycling"},{"@type":"BreadcrumbList","@id":"https:\/\/www.welovecycling.com\/es\/2021\/01\/26\/el-nuevo-urban-lifestyle-ciclista\/#breadcrumb","itemListElement":[{"@type":"ListItem","position":1,"name":"Home","item":"https:\/\/www.welovecycling.com\/es\/"},{"@type":"ListItem","position":2,"name":"El nuevo urban lifestyle ciclista"}]},{"@type":"WebSite","@id":"https:\/\/www.welovecycling.com\/es\/#website","url":"https:\/\/www.welovecycling.com\/es\/","name":"\u0160koda We Love Cycling - Spain","description":"\u0160koda WeLoveCycling Spain","potentialAction":[{"@type":"SearchAction","target":{"@type":"EntryPoint","urlTemplate":"https:\/\/www.welovecycling.com\/es\/?s={search_term_string}"},"query-input":{"@type":"PropertyValueSpecification","valueRequired":true,"valueName":"search_term_string"}}],"inLanguage":"es-ES"},{"@type":"Person","@id":"https:\/\/www.welovecycling.com\/es\/#\/schema\/person\/deb61715b5812698ee79fb96f343ccd4","name":"We Love Cycling Spain","image":{"@type":"ImageObject","inLanguage":"es-ES","@id":"https:\/\/www.welovecycling.com\/es\/#\/schema\/person\/image\/","url":"https:\/\/secure.gravatar.com\/avatar\/c824b04e6df0e37a03219d0b6481672889df542894588964102459e46513159c?s=96&d=mm&r=g","contentUrl":"https:\/\/secure.gravatar.com\/avatar\/c824b04e6df0e37a03219d0b6481672889df542894588964102459e46513159c?s=96&d=mm&r=g","caption":"We Love Cycling Spain"},"url":"https:\/\/www.welovecycling.com\/es\/author\/amunoz\/"}]}},"_links":{"self":[{"href":"https:\/\/www.welovecycling.com\/es\/wp-json\/wp\/v2\/posts\/7150","targetHints":{"allow":["GET"]}}],"collection":[{"href":"https:\/\/www.welovecycling.com\/es\/wp-json\/wp\/v2\/posts"}],"about":[{"href":"https:\/\/www.welovecycling.com\/es\/wp-json\/wp\/v2\/types\/post"}],"author":[{"embeddable":true,"href":"https:\/\/www.welovecycling.com\/es\/wp-json\/wp\/v2\/users\/29"}],"replies":[{"embeddable":true,"href":"https:\/\/www.welovecycling.com\/es\/wp-json\/wp\/v2\/comments?post=7150"}],"version-history":[{"count":2,"href":"https:\/\/www.welovecycling.com\/es\/wp-json\/wp\/v2\/posts\/7150\/revisions"}],"predecessor-version":[{"id":7157,"href":"https:\/\/www.welovecycling.com\/es\/wp-json\/wp\/v2\/posts\/7150\/revisions\/7157"}],"wp:featuredmedia":[{"embeddable":true,"href":"https:\/\/www.welovecycling.com\/es\/wp-json\/wp\/v2\/media\/7156"}],"wp:attachment":[{"href":"https:\/\/www.welovecycling.com\/es\/wp-json\/wp\/v2\/media?parent=7150"}],"wp:term":[{"taxonomy":"category","embeddable":true,"href":"https:\/\/www.welovecycling.com\/es\/wp-json\/wp\/v2\/categories?post=7150"},{"taxonomy":"post_tag","embeddable":true,"href":"https:\/\/www.welovecycling.com\/es\/wp-json\/wp\/v2\/tags?post=7150"},{"taxonomy":"global-categories","embeddable":true,"href":"https:\/\/www.welovecycling.com\/es\/wp-json\/wp\/v2\/global-categories?post=7150"}],"curies":[{"name":"wp","href":"https:\/\/api.w.org\/{rel}","templated":true}]}}