{"id":7131,"date":"2021-01-24T20:49:14","date_gmt":"2021-01-24T18:49:14","guid":{"rendered":"https:\/\/www.welovecycling.com\/es\/?p=7131"},"modified":"2021-01-24T20:51:46","modified_gmt":"2021-01-24T18:51:46","slug":"equipamientos-pro-tour-2021","status":"publish","type":"post","link":"https:\/\/www.welovecycling.com\/es\/2021\/01\/24\/equipamientos-pro-tour-2021\/","title":{"rendered":"Los cambios en los equipamientos Pro Tour para 2021"},"content":{"rendered":"<p><strong>Cada vez que comienza una temporada se mueven los contratos de los equipos de la m\u00e1xima categor\u00eda. Esto supone cambios de equipamientos para los Pro Tour tanto en marcas de bicicletas, de ropa, de GPS&#8230; incluso de nombre oficial del conjunto. No olvidemos que el ciclismo vive del patrocinio y las marcas suelen renovar cada dos o tres temporadas.<\/strong><\/p>\n<p><!--more--><br \/>\nUno de los cambios que ya se ven\u00edan avisando desde el final del 2020 es el del CCC Team. La marca polaca anunci\u00f3 que no pod\u00eda hacerse cargo del presupuesto del World Tour, parte de su plantilla emigr\u00f3 a otros conjuntos y el resto se ha integrado con el <a href=\"http:\/\/intermarche-wantygobert.eu\/en\">Intermach\u00e9 Wanty Gobert<\/a> que adem\u00e1s se ha quedado con su licencia en la m\u00e1xima categor\u00eda. Llevar\u00e1n bicicletas Cube, que era la misma marca que les patrocinaba en sus a\u00f1os de Continental Pro.<\/p>\n<h3>LLEGAN DSM, ASSOS Y BIKEEXCHANGE<\/h3>\n<p>El otro equipo que cambia de nombre, aunque mantiene la misma estructura, es el Team Sunweb holand\u00e9s, que pasa a denominarse <a href=\"https:\/\/www.dsm.com\/corporate\/home.html\">DSM<\/a>. De una web de vacaciones (afectada por la pandemia, claro) a una multinacional de nutrici\u00f3n, salud y respeto al medio ambiente. Adem\u00e1s del fichaje de Bardet, y el cambio radical en las equipaciones la otra novedad son las bici, que pasan de ser<strong> Cervel\u00f3 a Scott.<\/strong> Eso s\u00ed, el cambio fue tan repentino que en estos primeros d\u00edas entrenando por la <a href=\"https:\/\/www.welovecycling.com\/es\/2018\/01\/29\/entrenamiento-equipos-profesionales\/\">Costa Blanca<\/a> todav\u00eda ten\u00edan sin rotular los veh\u00edculos. Y es que cada a\u00f1o tambi\u00e9n hay que volver a poner los vinilos de todos los coches, camiones y autobuses oficiales con los logos de los nuevos patrocinadores.<\/p>\n<div class=\"embed-controller-wrapper\">\n<div class=\"embed-wrapper\"><iframe title=\"PRO CYCLING\u2019S NEWEST ELITE TEAM UNVEILED - TEAM DSM\" width=\"500\" height=\"281\" data-src=\"https:\/\/www.youtube.com\/embed\/IwWGm5cM3S4?feature=oembed\" frameborder=\"0\" allow=\"accelerometer; autoplay; clipboard-write; encrypted-media; gyroscope; picture-in-picture; web-share\" referrerpolicy=\"strict-origin-when-cross-origin\" allowfullscreen><\/iframe><\/div>\n<\/div>\n<p>El tercer equipo World Tour que ha cambiado de nombre ha sido el Team NTT, que ahora se llama Qhubeka Assos y vuelve a los or\u00edgenes del conjunto sudafricano. <a href=\"https:\/\/qhubeka.org\/#\">Qhubeka<\/a> es una fundaci\u00f3n para donar bicicletas, mientras que <a href=\"https:\/\/www.assos.com\/assos-world\/assos-in-the-peloton\/Team-Qhubeka-ASSOS\">Assos<\/a> es la conocida marca de ropa ciclista suiza.<\/p>\n<p>Tambi\u00e9n cambia de nombre y de marca de bicicletas el antiguo <strong>Mitchelton &#8211; Scott<\/strong>. Los australianos, que estuvieron cerca de llegar a un acuerdo con Manuela Fundaci\u00f3n para esta temporada, llevar\u00e1n el nombre de <a href=\"https:\/\/www.bikeexchange.com.au\/\">BikeExchange<\/a>, una tienda online de ciclismo con sede en Australia. Tambi\u00e9n cambian de bicis y dejan las Scott por las Bianchi que llevaba en 2020 en Jumbo Visma. Mientras que los holandeses va a rodar en 2021 con Cervel\u00f3.<\/p>\n<h3>BMC CON DOS EQUIPOS<\/h3>\n<p>Qui\u00e9n ha apostado fuerte por este 2021 Pro Tour ha sido el <strong>BMC<\/strong>, que adem\u00e1s del Qhubeka proveer\u00e1 de bicicletas al Ag2r, que incorporar como patrocinador a <strong>Citroen<\/strong>, y deja las bicicletas <a href=\"https:\/\/www.welovecycling.com\/es\/2019\/02\/19\/bicicletas-equipos-profesionales\/\">Eddy Merckx<\/a>. Los belgas se quedan fueran de la m\u00e1xima categor\u00eda (estar\u00e1n en segunda, con el Topsport Vlaanderen), igual que la m\u00edtica<strong> Giant,<\/strong> que solo tendr\u00e1 el conjunto espa\u00f1ol Kern Pharma.<\/p>\n<p><img loading=\"lazy\" decoding=\"async\" class=\"alignnone size-extra-large\" src=\"https:\/\/www.ag2rcitroenteam.com\/wp-content\/uploads\/2021\/01\/WhatsApp-Image-2021-01-15-at-10.40.20.jpeg\" width=\"1600\" height=\"1064\" \/><span style=\"font-size: 10pt;\">AG2R Citroen y Qhubeka llevar\u00e1n bicicletas BMC<\/span><\/p>\n<p>Tambi\u00e9n con dos equipos en la m\u00e1xima categor\u00eda est\u00e1n <strong>Specialized<\/strong> (Bora y Deceuninck &#8211; Quick Step) y <strong>Canyon<\/strong> (Movistar y Alpecin Fenix, que pese a no ser Pro Tour puede correr las grandes Vueltas despu\u00e9s de ganar la categor\u00eda continental)<\/p>\n<p>El resto de equipos mantiene sus monturas. Ineos con Pinarello, UAE con Colnago, Astana con Wilier, Groupama con Lapierre, Israel con Factor, Bahrain con M\u00e9rida, Cofidis con De Rosa, Education First con Cannondale, Lotto Soudal con Ridley y la \u00fanica marca de bicicletas que sigue siendo patrocinador principal de un equipo, Trek.<\/p>\n<h3>GPS y ORDENADORES<\/h3>\n<p>En cuanto a los ordenadores, <strong>Garmin<\/strong> sigue siendo el campe\u00f3n del WorldTour, con nueve equipos confirmados para utilizar su tecnolog\u00eda este a\u00f1o. Sin embargo, <strong>Wahoo<\/strong>, con sede en Atlanta, sigue atrayendo a los equipos ciclistas profesionales, a\u00f1adiendo dos para un total de cinco.<\/p>\n<p>Los dos equipos que utilizaron los ordenadores <strong>SRM<\/strong> en 2020 han cambiado, con Lotto-Soudal pas\u00e1ndose a Garmin y Cofidis eligiendo Wahoo. El equipo DSM tambi\u00e9n ha cambiado a Wahoo, pero desde los ordenadores Sigma.<\/p>\n<h3>ROPA CICLISTA<\/h3>\n<p>Otro de los aspectos que m\u00e1s interesa a las marcas de ciclismo es vestir a los equipos. Ahora mismo hay una alta competencia en la moda ciclista y estar en el pelot\u00f3n World Tour es un espaldarazo de cara a los usuarios finales, los cicloturistas. Genera confianza en el usuario y buenas expectativas de compra.<\/p>\n<p><img loading=\"lazy\" decoding=\"async\" class=\"alignnone size-extra-large\" src=\"https:\/\/cdn.shopify.com\/s\/files\/1\/0052\/7876\/1029\/files\/UAE-x-Gobik_banner_1550x1090_CONTENT.jpg?v=1609231722\" width=\"1550\" height=\"1090\" \/><br \/>\nPara este 2021 no ha habido grandes movimientos. Quiz\u00e1s es m\u00e1s destacado es la entrada de la marca espa\u00f1ola Gobik en el <a href=\"https:\/\/gobik.com\/blogs\/uae-stages\/gobik-vestira-pogacar\">UAE de Pogacar<\/a>. Su hueco en el Caja Rural Seguros RGA lo ocupa la tambi\u00e9n marca espa\u00f1ola <a href=\"https:\/\/ulbsports.es\/el-caja-rural-seguros-rga-se-viste-de-largo-con-ulevel\/?v=04c19fa1e772\">ULEVEL &#8211; ULB Sports<\/a>.<\/p>\n","protected":false},"excerpt":{"rendered":"<p>Cada vez que comienza una temporada se mueven los contratos de los equipos de la m\u00e1xima categor\u00eda. Esto supone cambios [&hellip;]<\/p>\n","protected":false},"author":29,"featured_media":7149,"comment_status":"open","ping_status":"open","sticky":false,"template":"","format":"standard","meta":{"footnotes":""},"categories":[7],"tags":[2046,2047,2048,2051,2049,2050],"global-categories":[],"class_list":["post-7131","post","type-post","status-publish","format-standard","has-post-thumbnail","hentry","category-carretera","tag-bicicletas-equipos-pro-tour-2021","tag-equipos-pro-tour-2021","tag-nuevos-equipos-pro-tour-2021","tag-team-bikeexchange","tag-team-dsm","tag-team-qhubeka"],"yoast_head":"<!-- This site is optimized with the Yoast SEO Premium plugin v25.3 (Yoast SEO v25.9) - https:\/\/yoast.com\/wordpress\/plugins\/seo\/ -->\n<title>Los cambios en los equipamientos Pro Tour para 2021<\/title>\n<meta name=\"description\" content=\"Los cambios en los equipamientos Pro Tour para 2021. \u00bfQu\u00e9 marca de bicicletas va a llevar cada equipo Pro Tour en 2021? Te lo contamos.\" \/>\n<meta name=\"robots\" content=\"index, follow, max-snippet:-1, max-image-preview:large, max-video-preview:-1\" \/>\n<link rel=\"canonical\" href=\"https:\/\/www.welovecycling.com\/es\/2021\/01\/24\/equipamientos-pro-tour-2021\/\" \/>\n<meta property=\"og:locale\" content=\"es_ES\" \/>\n<meta property=\"og:type\" content=\"article\" \/>\n<meta property=\"og:title\" content=\"Los cambios en los equipamientos Pro Tour para 2021\" \/>\n<meta property=\"og:description\" content=\"Los cambios en los equipamientos Pro Tour para 2021. \u00bfQu\u00e9 marca de bicicletas va a llevar cada equipo Pro Tour en 2021? Te lo contamos.\" \/>\n<meta property=\"og:url\" content=\"https:\/\/www.welovecycling.com\/es\/2021\/01\/24\/equipamientos-pro-tour-2021\/\" \/>\n<meta property=\"og:site_name\" content=\"\u0160koda We Love Cycling - Spain\" \/>\n<meta property=\"article:published_time\" content=\"2021-01-24T18:49:14+00:00\" \/>\n<meta property=\"article:modified_time\" content=\"2021-01-24T18:51:46+00:00\" \/>\n<meta property=\"og:image\" content=\"https:\/\/d2p6e6u75xmxt8.cloudfront.net\/6\/2021\/01\/Yates-Bike-Exchange.jpg\" \/>\n\t<meta property=\"og:image:width\" content=\"1280\" \/>\n\t<meta property=\"og:image:height\" content=\"853\" \/>\n\t<meta property=\"og:image:type\" content=\"image\/jpeg\" \/>\n<meta name=\"author\" content=\"We Love Cycling Spain\" \/>\n<meta name=\"twitter:card\" content=\"summary_large_image\" \/>\n<meta name=\"twitter:title\" content=\"Los cambios en los equipamientos Pro Tour para 2021\" \/>\n<meta name=\"twitter:description\" content=\"Los cambios en los equipamientos Pro Tour para 2021. \u00bfQu\u00e9 marca de bicicletas va a llevar cada equipo Pro Tour en 2021? Te lo contamos.\" \/>\n<meta name=\"twitter:label1\" content=\"Written by\" \/>\n\t<meta name=\"twitter:data1\" content=\"Luis Ortega @ciclored\" \/>\n\t<meta name=\"twitter:label2\" content=\"Est. reading time\" \/>\n\t<meta name=\"twitter:data2\" content=\"5\" \/>\n<script type=\"application\/ld+json\" class=\"yoast-schema-graph\">{\"@context\":\"https:\/\/schema.org\",\"@graph\":[{\"@type\":\"WebPage\",\"@id\":\"https:\/\/www.welovecycling.com\/es\/2021\/01\/24\/equipamientos-pro-tour-2021\/\",\"url\":\"https:\/\/www.welovecycling.com\/es\/2021\/01\/24\/equipamientos-pro-tour-2021\/\",\"name\":\"Los cambios en los equipamientos Pro Tour para 2021\",\"isPartOf\":{\"@id\":\"https:\/\/www.welovecycling.com\/es\/#website\"},\"primaryImageOfPage\":{\"@id\":\"https:\/\/www.welovecycling.com\/es\/2021\/01\/24\/equipamientos-pro-tour-2021\/#primaryimage\"},\"image\":{\"@id\":\"https:\/\/www.welovecycling.com\/es\/2021\/01\/24\/equipamientos-pro-tour-2021\/#primaryimage\"},\"thumbnailUrl\":\"https:\/\/d2p6e6u75xmxt8.cloudfront.net\/6\/2021\/01\/Yates-Bike-Exchange.jpg\",\"datePublished\":\"2021-01-24T18:49:14+00:00\",\"dateModified\":\"2021-01-24T18:51:46+00:00\",\"author\":{\"@id\":\"https:\/\/www.welovecycling.com\/es\/#\/schema\/person\/deb61715b5812698ee79fb96f343ccd4\"},\"description\":\"Los cambios en los equipamientos Pro Tour para 2021. \u00bfQu\u00e9 marca de bicicletas va a llevar cada equipo Pro Tour en 2021? Te lo contamos.\",\"breadcrumb\":{\"@id\":\"https:\/\/www.welovecycling.com\/es\/2021\/01\/24\/equipamientos-pro-tour-2021\/#breadcrumb\"},\"inLanguage\":\"es-ES\",\"potentialAction\":[{\"@type\":\"ReadAction\",\"target\":[\"https:\/\/www.welovecycling.com\/es\/2021\/01\/24\/equipamientos-pro-tour-2021\/\"]}]},{\"@type\":\"ImageObject\",\"inLanguage\":\"es-ES\",\"@id\":\"https:\/\/www.welovecycling.com\/es\/2021\/01\/24\/equipamientos-pro-tour-2021\/#primaryimage\",\"url\":\"https:\/\/d2p6e6u75xmxt8.cloudfront.net\/6\/2021\/01\/Yates-Bike-Exchange.jpg\",\"contentUrl\":\"https:\/\/d2p6e6u75xmxt8.cloudfront.net\/6\/2021\/01\/Yates-Bike-Exchange.jpg\",\"width\":1280,\"height\":853},{\"@type\":\"BreadcrumbList\",\"@id\":\"https:\/\/www.welovecycling.com\/es\/2021\/01\/24\/equipamientos-pro-tour-2021\/#breadcrumb\",\"itemListElement\":[{\"@type\":\"ListItem\",\"position\":1,\"name\":\"Home\",\"item\":\"https:\/\/www.welovecycling.com\/es\/\"},{\"@type\":\"ListItem\",\"position\":2,\"name\":\"Los cambios en los equipamientos Pro Tour para 2021\"}]},{\"@type\":\"WebSite\",\"@id\":\"https:\/\/www.welovecycling.com\/es\/#website\",\"url\":\"https:\/\/www.welovecycling.com\/es\/\",\"name\":\"\u0160koda We Love Cycling - Spain\",\"description\":\"\u0160koda WeLoveCycling Spain\",\"potentialAction\":[{\"@type\":\"SearchAction\",\"target\":{\"@type\":\"EntryPoint\",\"urlTemplate\":\"https:\/\/www.welovecycling.com\/es\/?s={search_term_string}\"},\"query-input\":{\"@type\":\"PropertyValueSpecification\",\"valueRequired\":true,\"valueName\":\"search_term_string\"}}],\"inLanguage\":\"es-ES\"},{\"@type\":\"Person\",\"@id\":\"https:\/\/www.welovecycling.com\/es\/#\/schema\/person\/deb61715b5812698ee79fb96f343ccd4\",\"name\":\"We Love Cycling Spain\",\"image\":{\"@type\":\"ImageObject\",\"inLanguage\":\"es-ES\",\"@id\":\"https:\/\/www.welovecycling.com\/es\/#\/schema\/person\/image\/\",\"url\":\"https:\/\/secure.gravatar.com\/avatar\/c824b04e6df0e37a03219d0b6481672889df542894588964102459e46513159c?s=96&d=mm&r=g\",\"contentUrl\":\"https:\/\/secure.gravatar.com\/avatar\/c824b04e6df0e37a03219d0b6481672889df542894588964102459e46513159c?s=96&d=mm&r=g\",\"caption\":\"We Love Cycling Spain\"},\"url\":\"https:\/\/www.welovecycling.com\/es\/author\/amunoz\/\"}]}<\/script>\n<!-- \/ Yoast SEO Premium plugin. -->","yoast_head_json":{"title":"Los cambios en los equipamientos Pro Tour para 2021","description":"Los cambios en los equipamientos Pro Tour para 2021. \u00bfQu\u00e9 marca de bicicletas va a llevar cada equipo Pro Tour en 2021? Te lo contamos.","robots":{"index":"index","follow":"follow","max-snippet":"max-snippet:-1","max-image-preview":"max-image-preview:large","max-video-preview":"max-video-preview:-1"},"canonical":"https:\/\/www.welovecycling.com\/es\/2021\/01\/24\/equipamientos-pro-tour-2021\/","og_locale":"es_ES","og_type":"article","og_title":"Los cambios en los equipamientos Pro Tour para 2021","og_description":"Los cambios en los equipamientos Pro Tour para 2021. \u00bfQu\u00e9 marca de bicicletas va a llevar cada equipo Pro Tour en 2021? Te lo contamos.","og_url":"https:\/\/www.welovecycling.com\/es\/2021\/01\/24\/equipamientos-pro-tour-2021\/","og_site_name":"\u0160koda We Love Cycling - Spain","article_published_time":"2021-01-24T18:49:14+00:00","article_modified_time":"2021-01-24T18:51:46+00:00","og_image":[{"width":1280,"height":853,"url":"https:\/\/d2p6e6u75xmxt8.cloudfront.net\/6\/2021\/01\/Yates-Bike-Exchange.jpg","type":"image\/jpeg"}],"author":"We Love Cycling Spain","twitter_card":"summary_large_image","twitter_title":"Los cambios en los equipamientos Pro Tour para 2021","twitter_description":"Los cambios en los equipamientos Pro Tour para 2021. \u00bfQu\u00e9 marca de bicicletas va a llevar cada equipo Pro Tour en 2021? Te lo contamos.","twitter_misc":{"Written by":"Luis Ortega @ciclored","Est. reading time":"5"},"schema":{"@context":"https:\/\/schema.org","@graph":[{"@type":"WebPage","@id":"https:\/\/www.welovecycling.com\/es\/2021\/01\/24\/equipamientos-pro-tour-2021\/","url":"https:\/\/www.welovecycling.com\/es\/2021\/01\/24\/equipamientos-pro-tour-2021\/","name":"Los cambios en los equipamientos Pro Tour para 2021","isPartOf":{"@id":"https:\/\/www.welovecycling.com\/es\/#website"},"primaryImageOfPage":{"@id":"https:\/\/www.welovecycling.com\/es\/2021\/01\/24\/equipamientos-pro-tour-2021\/#primaryimage"},"image":{"@id":"https:\/\/www.welovecycling.com\/es\/2021\/01\/24\/equipamientos-pro-tour-2021\/#primaryimage"},"thumbnailUrl":"https:\/\/d2p6e6u75xmxt8.cloudfront.net\/6\/2021\/01\/Yates-Bike-Exchange.jpg","datePublished":"2021-01-24T18:49:14+00:00","dateModified":"2021-01-24T18:51:46+00:00","author":{"@id":"https:\/\/www.welovecycling.com\/es\/#\/schema\/person\/deb61715b5812698ee79fb96f343ccd4"},"description":"Los cambios en los equipamientos Pro Tour para 2021. \u00bfQu\u00e9 marca de bicicletas va a llevar cada equipo Pro Tour en 2021? Te lo contamos.","breadcrumb":{"@id":"https:\/\/www.welovecycling.com\/es\/2021\/01\/24\/equipamientos-pro-tour-2021\/#breadcrumb"},"inLanguage":"es-ES","potentialAction":[{"@type":"ReadAction","target":["https:\/\/www.welovecycling.com\/es\/2021\/01\/24\/equipamientos-pro-tour-2021\/"]}]},{"@type":"ImageObject","inLanguage":"es-ES","@id":"https:\/\/www.welovecycling.com\/es\/2021\/01\/24\/equipamientos-pro-tour-2021\/#primaryimage","url":"https:\/\/d2p6e6u75xmxt8.cloudfront.net\/6\/2021\/01\/Yates-Bike-Exchange.jpg","contentUrl":"https:\/\/d2p6e6u75xmxt8.cloudfront.net\/6\/2021\/01\/Yates-Bike-Exchange.jpg","width":1280,"height":853},{"@type":"BreadcrumbList","@id":"https:\/\/www.welovecycling.com\/es\/2021\/01\/24\/equipamientos-pro-tour-2021\/#breadcrumb","itemListElement":[{"@type":"ListItem","position":1,"name":"Home","item":"https:\/\/www.welovecycling.com\/es\/"},{"@type":"ListItem","position":2,"name":"Los cambios en los equipamientos Pro Tour para 2021"}]},{"@type":"WebSite","@id":"https:\/\/www.welovecycling.com\/es\/#website","url":"https:\/\/www.welovecycling.com\/es\/","name":"\u0160koda We Love Cycling - Spain","description":"\u0160koda WeLoveCycling Spain","potentialAction":[{"@type":"SearchAction","target":{"@type":"EntryPoint","urlTemplate":"https:\/\/www.welovecycling.com\/es\/?s={search_term_string}"},"query-input":{"@type":"PropertyValueSpecification","valueRequired":true,"valueName":"search_term_string"}}],"inLanguage":"es-ES"},{"@type":"Person","@id":"https:\/\/www.welovecycling.com\/es\/#\/schema\/person\/deb61715b5812698ee79fb96f343ccd4","name":"We Love Cycling Spain","image":{"@type":"ImageObject","inLanguage":"es-ES","@id":"https:\/\/www.welovecycling.com\/es\/#\/schema\/person\/image\/","url":"https:\/\/secure.gravatar.com\/avatar\/c824b04e6df0e37a03219d0b6481672889df542894588964102459e46513159c?s=96&d=mm&r=g","contentUrl":"https:\/\/secure.gravatar.com\/avatar\/c824b04e6df0e37a03219d0b6481672889df542894588964102459e46513159c?s=96&d=mm&r=g","caption":"We Love Cycling Spain"},"url":"https:\/\/www.welovecycling.com\/es\/author\/amunoz\/"}]}},"_links":{"self":[{"href":"https:\/\/www.welovecycling.com\/es\/wp-json\/wp\/v2\/posts\/7131","targetHints":{"allow":["GET"]}}],"collection":[{"href":"https:\/\/www.welovecycling.com\/es\/wp-json\/wp\/v2\/posts"}],"about":[{"href":"https:\/\/www.welovecycling.com\/es\/wp-json\/wp\/v2\/types\/post"}],"author":[{"embeddable":true,"href":"https:\/\/www.welovecycling.com\/es\/wp-json\/wp\/v2\/users\/29"}],"replies":[{"embeddable":true,"href":"https:\/\/www.welovecycling.com\/es\/wp-json\/wp\/v2\/comments?post=7131"}],"version-history":[{"count":2,"href":"https:\/\/www.welovecycling.com\/es\/wp-json\/wp\/v2\/posts\/7131\/revisions"}],"predecessor-version":[{"id":7148,"href":"https:\/\/www.welovecycling.com\/es\/wp-json\/wp\/v2\/posts\/7131\/revisions\/7148"}],"wp:featuredmedia":[{"embeddable":true,"href":"https:\/\/www.welovecycling.com\/es\/wp-json\/wp\/v2\/media\/7149"}],"wp:attachment":[{"href":"https:\/\/www.welovecycling.com\/es\/wp-json\/wp\/v2\/media?parent=7131"}],"wp:term":[{"taxonomy":"category","embeddable":true,"href":"https:\/\/www.welovecycling.com\/es\/wp-json\/wp\/v2\/categories?post=7131"},{"taxonomy":"post_tag","embeddable":true,"href":"https:\/\/www.welovecycling.com\/es\/wp-json\/wp\/v2\/tags?post=7131"},{"taxonomy":"global-categories","embeddable":true,"href":"https:\/\/www.welovecycling.com\/es\/wp-json\/wp\/v2\/global-categories?post=7131"}],"curies":[{"name":"wp","href":"https:\/\/api.w.org\/{rel}","templated":true}]}}