{"id":7093,"date":"2021-01-14T12:27:32","date_gmt":"2021-01-14T10:27:32","guid":{"rendered":"https:\/\/www.welovecycling.com\/es\/?p=7093"},"modified":"2021-01-14T12:37:32","modified_gmt":"2021-01-14T10:37:32","slug":"tomi-misser-se-sube-a-mondraker-en-2021","status":"publish","type":"post","link":"https:\/\/www.welovecycling.com\/es\/2021\/01\/14\/tomi-misser-se-sube-a-mondraker-en-2021\/","title":{"rendered":"Tomi Misser se sube a Mondraker en 2021"},"content":{"rendered":"<p><strong>Despu\u00e9s de unos d\u00edas de expectaci\u00f3n, Tomi Misser anunci\u00f3 su nueva bicicleta para la temporada 2021. El actual campe\u00f3n de Espa\u00f1a de Ciclocross Master 40 (gan\u00f3 este pasado fin de semana) volver\u00e1 a subirse a una Mondraker casi dos d\u00e9cadas despu\u00e9s y abandona el equipo Orbea Factory Team, con el que hab\u00eda competido las \u00faltimas cinco temporadas. Lo que no cambia es el apoyo de \u0160koda, que seguir\u00e1 luciendo en la equipaci\u00f3n del biker catal\u00e1n.\u00a0<\/strong><\/p>\n<p><!--more--><\/p>\n<p>Tomi\u00a0 Misser anunci\u00f3 el pasado <a href=\"https:\/\/www.youtube.com\/channel\/UCOhYR6OW5-ukJ8fxbOMACMA\">30 de diciembre que dejaba el Orbea Factory Team<\/a> y hasta el propio equipo le daba las gracias por el trabajo que hab\u00eda hecho y le deseaba suerte en su nueva aventura. Durante 10 d\u00edas, en ellos se proclam\u00f3 campe\u00f3n de Espa\u00f1a de Ciclocross Master 40, estuvo &#8216;sin equipo&#8217;, hasta el anuncio oficial del pasado 12 de enero.<\/p>\n<blockquote class=\"instagram-media\" style=\"background: #FFF; border: 0; border-radius: 3px; box-shadow: 0 0 1px 0 rgba(0,0,0,0.5),0 1px 10px 0 rgba(0,0,0,0.15); margin: 1px; max-width: 540px; min-width: 326px; padding: 0; width: calc(100% - 2px);\" data-instgrm-captioned=\"\" data-instgrm-permalink=\"https:\/\/www.instagram.com\/p\/CJbRjZLJjDC\/?utm_source=ig_embed&amp;utm_campaign=loading\" data-instgrm-version=\"13\">\n<div style=\"padding: 16px;\">\n<p>&nbsp;<\/p>\n<div style=\"display: flex; flex-direction: row; align-items: center;\">\n<div style=\"background-color: #f4f4f4; border-radius: 50%; flex-grow: 0; height: 40px; margin-right: 14px; width: 40px;\"><\/div>\n<div style=\"display: flex; flex-direction: column; flex-grow: 1; justify-content: center;\">\n<div style=\"background-color: #f4f4f4; border-radius: 4px; flex-grow: 0; height: 14px; margin-bottom: 6px; width: 100px;\"><\/div>\n<div style=\"background-color: #f4f4f4; border-radius: 4px; flex-grow: 0; height: 14px; width: 60px;\"><\/div>\n<\/div>\n<\/div>\n<div style=\"padding: 19% 0;\"><\/div>\n<div style=\"display: block; height: 50px; margin: 0 auto 12px; width: 50px;\"><\/div>\n<div style=\"padding-top: 8px;\">\n<div style=\"color: #3897f0; font-family: Arial,sans-serif; font-size: 14px; font-style: normal; font-weight: 550; line-height: 18px;\">Ver esta publicaci\u00f3n en Instagram<\/div>\n<\/div>\n<div style=\"padding: 12.5% 0;\"><\/div>\n<div style=\"display: flex; flex-direction: row; margin-bottom: 14px; align-items: center;\">\n<div>\n<div style=\"background-color: #f4f4f4; border-radius: 50%; height: 12.5px; width: 12.5px; transform: translateX(0px) translateY(7px);\"><\/div>\n<div style=\"background-color: #f4f4f4; height: 12.5px; transform: rotate(-45deg) translateX(3px) translateY(1px); width: 12.5px; flex-grow: 0; margin-right: 14px; margin-left: 2px;\"><\/div>\n<div style=\"background-color: #f4f4f4; border-radius: 50%; height: 12.5px; width: 12.5px; transform: translateX(9px) translateY(-18px);\"><\/div>\n<\/div>\n<div style=\"margin-left: 8px;\">\n<div style=\"background-color: #f4f4f4; border-radius: 50%; flex-grow: 0; height: 20px; width: 20px;\"><\/div>\n<div style=\"width: 0; height: 0; border-top: 2px solid transparent; border-left: 6px solid #f4f4f4; border-bottom: 2px solid transparent; transform: translateX(16px) translateY(-4px) rotate(30deg);\"><\/div>\n<\/div>\n<div style=\"margin-left: auto;\">\n<div style=\"width: 0px; border-top: 8px solid #F4F4F4; border-right: 8px solid transparent; transform: translateY(16px);\"><\/div>\n<div style=\"background-color: #f4f4f4; flex-grow: 0; height: 12px; width: 16px; transform: translateY(-4px);\"><\/div>\n<div style=\"width: 0; height: 0; border-top: 8px solid #F4F4F4; border-left: 8px solid transparent; transform: translateY(-4px) translateX(8px);\"><\/div>\n<\/div>\n<\/div>\n<div style=\"display: flex; flex-direction: column; flex-grow: 1; justify-content: center; margin-bottom: 24px;\">\n<div style=\"background-color: #f4f4f4; border-radius: 4px; flex-grow: 0; height: 14px; margin-bottom: 6px; width: 224px;\"><\/div>\n<div style=\"background-color: #f4f4f4; border-radius: 4px; flex-grow: 0; height: 14px; width: 144px;\"><\/div>\n<\/div>\n<p>&nbsp;<\/p>\n<p style=\"color: #c9c8cd; font-family: Arial,sans-serif; font-size: 14px; line-height: 17px; margin-bottom: 0; margin-top: 8px; overflow: hidden; padding: 8px 0 7px; text-align: center; text-overflow: ellipsis; white-space: nowrap;\"><a style=\"color: #c9c8cd; font-family: Arial,sans-serif; font-size: 14px; font-style: normal; font-weight: normal; line-height: 17px; text-decoration: none;\" href=\"https:\/\/www.instagram.com\/p\/CJbRjZLJjDC\/?utm_source=ig_embed&amp;utm_campaign=loading\" target=\"_blank\" rel=\"noopener noreferrer\">Una publicaci\u00f3n compartida de Orbea Factory Team (@orbeafactoryteam)<\/a><\/p>\n<\/div>\n<\/blockquote>\n<p><script async src=\"\/\/www.instagram.com\/embed.js\"><\/script><br \/>\nLa vuelta de Misser a <a href=\"https:\/\/mondraker.com\/es\/es\/misser_the_legend_returns\">Mondraker<\/a> como embajador ha sido tomado por la propia marca como &#8216;El Retorno de la Leyenda&#8217;. En su comunicado oficial dec\u00edan que &#8220;uno de los mayores \u00edconos internacionales de las carreras de descenso, est\u00e1 de regreso al equipo que tan impresionantes resultados obtuvo en la \u00e9poca dorada del MTB&#8221;.<\/p>\n<p>No hay que olvidar que Tomi Misser fue uno de los <a href=\"https:\/\/www.welovecycling.com\/es\/2017\/11\/28\/tomi-misser\/\">precursores del MTB en Espa\u00f1a<\/a>. Fue l\u00edder de la Copa del Mundo, de DH,\u00a0 gan\u00f3 3 pruebas de Copa del Mundo y l\u00edder del ranking UCI en el 96. Se llev\u00f3 2 campeonatos de Europa Junior 92, \u00c9lite 96 y varios podios entre 94 y 2003. Y hasta su retirada del mundo profesional en 2003 se mantuvo en el top 10 Mundial durante m\u00e1s 10 a\u00f1os. Los \u00faltimos t\u00edtulos\u00a0 los consigui\u00f3 ya con una bici Mondraker.<\/p>\n<p>Para el propio Tomi: <q>Volver a formar parte de Mondraker es como volver a casa, volver a mis inicios. Es recordar esos grandes momentos que compartimos, pero a la vez, esperar compartir nuevos \u00e9xitos. Competiremos juntos, viviremos retos, pero siempre con humildad y respeto por nuestros rivales. El mundo ha cambiado, pero el esp\u00edritu de Mondraker sigue siendo el mismo: la pasi\u00f3n por la competici\u00f3n y la voluntad de ser los mejores&#8221;-<\/q><\/p>\n<blockquote class=\"twitter-tweet\">\n<p dir=\"ltr\" lang=\"es\">Empezar el a\u00f1o igual que lo terminamos, ganando. Campe\u00f3n de Espa\u00f1a CX M40. Feliz, ya que estaba nervioso por los grandes cambios de este 2021. <a href=\"https:\/\/t.co\/fHFVodLnRk\">pic.twitter.com\/fHFVodLnRk<\/a><\/p>\n<p>\u2014 Tomi Misser (@tomimisser) <a href=\"https:\/\/twitter.com\/tomimisser\/status\/1347956448710549507?ref_src=twsrc%5Etfw\">January 9, 2021<\/a><\/p><\/blockquote>\n<p><script async src=\"https:\/\/platform.twitter.com\/widgets.js\" charset=\"utf-8\"><\/script><\/p>\n<p>El trabajo de Misser como embajador de Mondraker no solo se va a dedicar a las bicis de descenso. En los \u00faltimos a\u00f1os se ha hecho un ciclista m\u00e1s vers\u00e1til y no en vano en 2019 fue campe\u00f3n de Europa de Master 40 de descenso y XCO el mismo fin de semana, y sigue compitiendo en Enduro y en ciclocross. Tambi\u00e9n ha tomado parte de las \u00faltimas ediciones de la <a href=\"https:\/\/www.welovecycling.com\/es\/2020\/11\/02\/titan-desert-2020-gel-por-favor-hidroalcoholico-o-de-comer\/\">Titan Desert,<\/a> lo que le otorga conocimiento y experiencia para trabajar con todas las gamas de bicicleta de Mondraker.<\/p>\n<p>Como \u00e9l mismo resum\u00eda el 2019, para los m\u00e1s de 18.000 kil\u00f3metros en bici que hizo utiliz\u00f3 6 modelos diferentes, consigui\u00f3 15 victorias y emple\u00f3 dos modelos de coche para los desplazamientos, el <strong>\u0160koda<\/strong> Karoq y el Superb.<\/p>\n<blockquote class=\"twitter-tweet\">\n<p dir=\"ltr\" lang=\"es\">Mi resumen del 2020 en n\u00fameros:<br \/>\n704h 03<br \/>\n18.039,1 km<br \/>\n312.526 +mts<br \/>\n298 salidas<br \/>\n26 Km\/h media<br \/>\n79 Kom&#8217;s<br \/>\n9 Local Legends<br \/>\n437.532 Kudos<br \/>\n2 Oiz<br \/>\n1 Alma<br \/>\n1 Orca OMX<br \/>\n2 Terra<br \/>\n1 Rallon<br \/>\n1 Occam<br \/>\n4 Luck<br \/>\n4 gafas Oakley<br \/>\n60 Nutritape<br \/>\n15 Victorias<br \/>\n10 pastillas Sram<br \/>\n2 Skoda Karoq y Superb<br \/>\nBrutal\ud83e\udd2a <a href=\"https:\/\/t.co\/XyH0vjSlfz\">pic.twitter.com\/XyH0vjSlfz<\/a><\/p>\n<p>\u2014 Tomi Misser (@tomimisser) <a href=\"https:\/\/twitter.com\/tomimisser\/status\/1345113376117170178?ref_src=twsrc%5Etfw\">January 1, 2021<\/a><\/p><\/blockquote>\n<p><script async src=\"https:\/\/platform.twitter.com\/widgets.js\" charset=\"utf-8\"><\/script><\/p>\n","protected":false},"excerpt":{"rendered":"<p>Despu\u00e9s de unos d\u00edas de expectaci\u00f3n, Tomi Misser anunci\u00f3 su nueva bicicleta para la temporada 2021. El actual campe\u00f3n de [&hellip;]<\/p>\n","protected":false},"author":29,"featured_media":7094,"comment_status":"open","ping_status":"open","sticky":false,"template":"","format":"standard","meta":{"footnotes":""},"categories":[9],"tags":[2005,2007,2006,2004,210],"global-categories":[1164],"class_list":["post-7093","post","type-post","status-publish","format-standard","has-post-thumbnail","hentry","category-mtb-aventura","tag-bicicletas-mondraker","tag-equipo-misser-2021","tag-equipo-mondraker-2021","tag-misser-ficha-por-mondraker","tag-tomi-misser","global-categories-cycling"],"yoast_head":"<!-- This site is optimized with the Yoast SEO Premium plugin v25.3 (Yoast SEO v25.9) - https:\/\/yoast.com\/wordpress\/plugins\/seo\/ -->\n<title>Tomi Misser se sube a Mondraker en 2021 - \u0160koda We Love Cycling - Spain<\/title>\n<meta name=\"description\" content=\"Tomi Misser se sube a Mondraker en 2021. El biker catalan ficha por Mondraker despu\u00e9s de cinco a\u00f1os en el Orbea Factory Team.\" \/>\n<meta name=\"robots\" content=\"index, follow, max-snippet:-1, max-image-preview:large, max-video-preview:-1\" \/>\n<link rel=\"canonical\" href=\"https:\/\/www.welovecycling.com\/es\/2021\/01\/14\/tomi-misser-se-sube-a-mondraker-en-2021\/\" \/>\n<meta property=\"og:locale\" content=\"es_ES\" \/>\n<meta property=\"og:type\" content=\"article\" \/>\n<meta property=\"og:title\" content=\"Tomi Misser se sube a Mondraker en 2021\" \/>\n<meta property=\"og:description\" content=\"Tomi Misser se sube a Mondraker en 2021. El biker catalan ficha por Mondraker despu\u00e9s de cinco a\u00f1os en el Orbea Factory Team.\" \/>\n<meta property=\"og:url\" content=\"https:\/\/www.welovecycling.com\/es\/2021\/01\/14\/tomi-misser-se-sube-a-mondraker-en-2021\/\" \/>\n<meta property=\"og:site_name\" content=\"\u0160koda We Love Cycling - Spain\" \/>\n<meta property=\"article:published_time\" content=\"2021-01-14T10:27:32+00:00\" \/>\n<meta property=\"article:modified_time\" content=\"2021-01-14T10:37:32+00:00\" \/>\n<meta property=\"og:image\" content=\"https:\/\/d2p6e6u75xmxt8.cloudfront.net\/6\/2021\/01\/mondraker_y_tommi_misser_2021_2.jpg\" \/>\n\t<meta property=\"og:image:width\" content=\"1200\" \/>\n\t<meta property=\"og:image:height\" content=\"800\" \/>\n\t<meta property=\"og:image:type\" content=\"image\/jpeg\" \/>\n<meta name=\"author\" content=\"We Love Cycling Spain\" \/>\n<meta name=\"twitter:card\" content=\"summary_large_image\" \/>\n<meta name=\"twitter:title\" content=\"Tomi Misser se sube a Mondraker en 2021\" \/>\n<meta name=\"twitter:description\" content=\"Tomi Misser se sube a Mondraker en 2021. El biker catalan ficha por Mondraker despu\u00e9s de cinco a\u00f1os en el Orbea Factory Team.\" \/>\n<meta name=\"twitter:label1\" content=\"Written by\" \/>\n\t<meta name=\"twitter:data1\" content=\"Luis Ortega @ciclored\" \/>\n\t<meta name=\"twitter:label2\" content=\"Est. reading time\" \/>\n\t<meta name=\"twitter:data2\" content=\"3 minutes\" \/>\n<script type=\"application\/ld+json\" class=\"yoast-schema-graph\">{\"@context\":\"https:\/\/schema.org\",\"@graph\":[{\"@type\":\"WebPage\",\"@id\":\"https:\/\/www.welovecycling.com\/es\/2021\/01\/14\/tomi-misser-se-sube-a-mondraker-en-2021\/\",\"url\":\"https:\/\/www.welovecycling.com\/es\/2021\/01\/14\/tomi-misser-se-sube-a-mondraker-en-2021\/\",\"name\":\"Tomi Misser se sube a Mondraker en 2021 - \u0160koda We Love Cycling - Spain\",\"isPartOf\":{\"@id\":\"https:\/\/www.welovecycling.com\/es\/#website\"},\"primaryImageOfPage\":{\"@id\":\"https:\/\/www.welovecycling.com\/es\/2021\/01\/14\/tomi-misser-se-sube-a-mondraker-en-2021\/#primaryimage\"},\"image\":{\"@id\":\"https:\/\/www.welovecycling.com\/es\/2021\/01\/14\/tomi-misser-se-sube-a-mondraker-en-2021\/#primaryimage\"},\"thumbnailUrl\":\"https:\/\/d2p6e6u75xmxt8.cloudfront.net\/6\/2021\/01\/mondraker_y_tommi_misser_2021_2.jpg\",\"datePublished\":\"2021-01-14T10:27:32+00:00\",\"dateModified\":\"2021-01-14T10:37:32+00:00\",\"author\":{\"@id\":\"https:\/\/www.welovecycling.com\/es\/#\/schema\/person\/deb61715b5812698ee79fb96f343ccd4\"},\"description\":\"Tomi Misser se sube a Mondraker en 2021. El biker catalan ficha por Mondraker despu\u00e9s de cinco a\u00f1os en el Orbea Factory Team.\",\"breadcrumb\":{\"@id\":\"https:\/\/www.welovecycling.com\/es\/2021\/01\/14\/tomi-misser-se-sube-a-mondraker-en-2021\/#breadcrumb\"},\"inLanguage\":\"es-ES\",\"potentialAction\":[{\"@type\":\"ReadAction\",\"target\":[\"https:\/\/www.welovecycling.com\/es\/2021\/01\/14\/tomi-misser-se-sube-a-mondraker-en-2021\/\"]}]},{\"@type\":\"ImageObject\",\"inLanguage\":\"es-ES\",\"@id\":\"https:\/\/www.welovecycling.com\/es\/2021\/01\/14\/tomi-misser-se-sube-a-mondraker-en-2021\/#primaryimage\",\"url\":\"https:\/\/d2p6e6u75xmxt8.cloudfront.net\/6\/2021\/01\/mondraker_y_tommi_misser_2021_2.jpg\",\"contentUrl\":\"https:\/\/d2p6e6u75xmxt8.cloudfront.net\/6\/2021\/01\/mondraker_y_tommi_misser_2021_2.jpg\",\"width\":1200,\"height\":800},{\"@type\":\"BreadcrumbList\",\"@id\":\"https:\/\/www.welovecycling.com\/es\/2021\/01\/14\/tomi-misser-se-sube-a-mondraker-en-2021\/#breadcrumb\",\"itemListElement\":[{\"@type\":\"ListItem\",\"position\":1,\"name\":\"Home\",\"item\":\"https:\/\/www.welovecycling.com\/es\/\"},{\"@type\":\"ListItem\",\"position\":2,\"name\":\"Tomi Misser se sube a Mondraker en 2021\"}]},{\"@type\":\"WebSite\",\"@id\":\"https:\/\/www.welovecycling.com\/es\/#website\",\"url\":\"https:\/\/www.welovecycling.com\/es\/\",\"name\":\"\u0160koda We Love Cycling - Spain\",\"description\":\"\u0160koda WeLoveCycling Spain\",\"potentialAction\":[{\"@type\":\"SearchAction\",\"target\":{\"@type\":\"EntryPoint\",\"urlTemplate\":\"https:\/\/www.welovecycling.com\/es\/?s={search_term_string}\"},\"query-input\":{\"@type\":\"PropertyValueSpecification\",\"valueRequired\":true,\"valueName\":\"search_term_string\"}}],\"inLanguage\":\"es-ES\"},{\"@type\":\"Person\",\"@id\":\"https:\/\/www.welovecycling.com\/es\/#\/schema\/person\/deb61715b5812698ee79fb96f343ccd4\",\"name\":\"We Love Cycling Spain\",\"image\":{\"@type\":\"ImageObject\",\"inLanguage\":\"es-ES\",\"@id\":\"https:\/\/www.welovecycling.com\/es\/#\/schema\/person\/image\/\",\"url\":\"https:\/\/secure.gravatar.com\/avatar\/c824b04e6df0e37a03219d0b6481672889df542894588964102459e46513159c?s=96&d=mm&r=g\",\"contentUrl\":\"https:\/\/secure.gravatar.com\/avatar\/c824b04e6df0e37a03219d0b6481672889df542894588964102459e46513159c?s=96&d=mm&r=g\",\"caption\":\"We Love Cycling Spain\"},\"url\":\"https:\/\/www.welovecycling.com\/es\/author\/amunoz\/\"}]}<\/script>\n<!-- \/ Yoast SEO Premium plugin. -->","yoast_head_json":{"title":"Tomi Misser se sube a Mondraker en 2021 - \u0160koda We Love Cycling - Spain","description":"Tomi Misser se sube a Mondraker en 2021. El biker catalan ficha por Mondraker despu\u00e9s de cinco a\u00f1os en el Orbea Factory Team.","robots":{"index":"index","follow":"follow","max-snippet":"max-snippet:-1","max-image-preview":"max-image-preview:large","max-video-preview":"max-video-preview:-1"},"canonical":"https:\/\/www.welovecycling.com\/es\/2021\/01\/14\/tomi-misser-se-sube-a-mondraker-en-2021\/","og_locale":"es_ES","og_type":"article","og_title":"Tomi Misser se sube a Mondraker en 2021","og_description":"Tomi Misser se sube a Mondraker en 2021. El biker catalan ficha por Mondraker despu\u00e9s de cinco a\u00f1os en el Orbea Factory Team.","og_url":"https:\/\/www.welovecycling.com\/es\/2021\/01\/14\/tomi-misser-se-sube-a-mondraker-en-2021\/","og_site_name":"\u0160koda We Love Cycling - Spain","article_published_time":"2021-01-14T10:27:32+00:00","article_modified_time":"2021-01-14T10:37:32+00:00","og_image":[{"width":1200,"height":800,"url":"https:\/\/d2p6e6u75xmxt8.cloudfront.net\/6\/2021\/01\/mondraker_y_tommi_misser_2021_2.jpg","type":"image\/jpeg"}],"author":"We Love Cycling Spain","twitter_card":"summary_large_image","twitter_title":"Tomi Misser se sube a Mondraker en 2021","twitter_description":"Tomi Misser se sube a Mondraker en 2021. El biker catalan ficha por Mondraker despu\u00e9s de cinco a\u00f1os en el Orbea Factory Team.","twitter_misc":{"Written by":"Luis Ortega @ciclored","Est. reading time":"3 minutes"},"schema":{"@context":"https:\/\/schema.org","@graph":[{"@type":"WebPage","@id":"https:\/\/www.welovecycling.com\/es\/2021\/01\/14\/tomi-misser-se-sube-a-mondraker-en-2021\/","url":"https:\/\/www.welovecycling.com\/es\/2021\/01\/14\/tomi-misser-se-sube-a-mondraker-en-2021\/","name":"Tomi Misser se sube a Mondraker en 2021 - \u0160koda We Love Cycling - Spain","isPartOf":{"@id":"https:\/\/www.welovecycling.com\/es\/#website"},"primaryImageOfPage":{"@id":"https:\/\/www.welovecycling.com\/es\/2021\/01\/14\/tomi-misser-se-sube-a-mondraker-en-2021\/#primaryimage"},"image":{"@id":"https:\/\/www.welovecycling.com\/es\/2021\/01\/14\/tomi-misser-se-sube-a-mondraker-en-2021\/#primaryimage"},"thumbnailUrl":"https:\/\/d2p6e6u75xmxt8.cloudfront.net\/6\/2021\/01\/mondraker_y_tommi_misser_2021_2.jpg","datePublished":"2021-01-14T10:27:32+00:00","dateModified":"2021-01-14T10:37:32+00:00","author":{"@id":"https:\/\/www.welovecycling.com\/es\/#\/schema\/person\/deb61715b5812698ee79fb96f343ccd4"},"description":"Tomi Misser se sube a Mondraker en 2021. El biker catalan ficha por Mondraker despu\u00e9s de cinco a\u00f1os en el Orbea Factory Team.","breadcrumb":{"@id":"https:\/\/www.welovecycling.com\/es\/2021\/01\/14\/tomi-misser-se-sube-a-mondraker-en-2021\/#breadcrumb"},"inLanguage":"es-ES","potentialAction":[{"@type":"ReadAction","target":["https:\/\/www.welovecycling.com\/es\/2021\/01\/14\/tomi-misser-se-sube-a-mondraker-en-2021\/"]}]},{"@type":"ImageObject","inLanguage":"es-ES","@id":"https:\/\/www.welovecycling.com\/es\/2021\/01\/14\/tomi-misser-se-sube-a-mondraker-en-2021\/#primaryimage","url":"https:\/\/d2p6e6u75xmxt8.cloudfront.net\/6\/2021\/01\/mondraker_y_tommi_misser_2021_2.jpg","contentUrl":"https:\/\/d2p6e6u75xmxt8.cloudfront.net\/6\/2021\/01\/mondraker_y_tommi_misser_2021_2.jpg","width":1200,"height":800},{"@type":"BreadcrumbList","@id":"https:\/\/www.welovecycling.com\/es\/2021\/01\/14\/tomi-misser-se-sube-a-mondraker-en-2021\/#breadcrumb","itemListElement":[{"@type":"ListItem","position":1,"name":"Home","item":"https:\/\/www.welovecycling.com\/es\/"},{"@type":"ListItem","position":2,"name":"Tomi Misser se sube a Mondraker en 2021"}]},{"@type":"WebSite","@id":"https:\/\/www.welovecycling.com\/es\/#website","url":"https:\/\/www.welovecycling.com\/es\/","name":"\u0160koda We Love Cycling - Spain","description":"\u0160koda WeLoveCycling Spain","potentialAction":[{"@type":"SearchAction","target":{"@type":"EntryPoint","urlTemplate":"https:\/\/www.welovecycling.com\/es\/?s={search_term_string}"},"query-input":{"@type":"PropertyValueSpecification","valueRequired":true,"valueName":"search_term_string"}}],"inLanguage":"es-ES"},{"@type":"Person","@id":"https:\/\/www.welovecycling.com\/es\/#\/schema\/person\/deb61715b5812698ee79fb96f343ccd4","name":"We Love Cycling Spain","image":{"@type":"ImageObject","inLanguage":"es-ES","@id":"https:\/\/www.welovecycling.com\/es\/#\/schema\/person\/image\/","url":"https:\/\/secure.gravatar.com\/avatar\/c824b04e6df0e37a03219d0b6481672889df542894588964102459e46513159c?s=96&d=mm&r=g","contentUrl":"https:\/\/secure.gravatar.com\/avatar\/c824b04e6df0e37a03219d0b6481672889df542894588964102459e46513159c?s=96&d=mm&r=g","caption":"We Love Cycling Spain"},"url":"https:\/\/www.welovecycling.com\/es\/author\/amunoz\/"}]}},"_links":{"self":[{"href":"https:\/\/www.welovecycling.com\/es\/wp-json\/wp\/v2\/posts\/7093","targetHints":{"allow":["GET"]}}],"collection":[{"href":"https:\/\/www.welovecycling.com\/es\/wp-json\/wp\/v2\/posts"}],"about":[{"href":"https:\/\/www.welovecycling.com\/es\/wp-json\/wp\/v2\/types\/post"}],"author":[{"embeddable":true,"href":"https:\/\/www.welovecycling.com\/es\/wp-json\/wp\/v2\/users\/29"}],"replies":[{"embeddable":true,"href":"https:\/\/www.welovecycling.com\/es\/wp-json\/wp\/v2\/comments?post=7093"}],"version-history":[{"count":2,"href":"https:\/\/www.welovecycling.com\/es\/wp-json\/wp\/v2\/posts\/7093\/revisions"}],"predecessor-version":[{"id":7096,"href":"https:\/\/www.welovecycling.com\/es\/wp-json\/wp\/v2\/posts\/7093\/revisions\/7096"}],"wp:featuredmedia":[{"embeddable":true,"href":"https:\/\/www.welovecycling.com\/es\/wp-json\/wp\/v2\/media\/7094"}],"wp:attachment":[{"href":"https:\/\/www.welovecycling.com\/es\/wp-json\/wp\/v2\/media?parent=7093"}],"wp:term":[{"taxonomy":"category","embeddable":true,"href":"https:\/\/www.welovecycling.com\/es\/wp-json\/wp\/v2\/categories?post=7093"},{"taxonomy":"post_tag","embeddable":true,"href":"https:\/\/www.welovecycling.com\/es\/wp-json\/wp\/v2\/tags?post=7093"},{"taxonomy":"global-categories","embeddable":true,"href":"https:\/\/www.welovecycling.com\/es\/wp-json\/wp\/v2\/global-categories?post=7093"}],"curies":[{"name":"wp","href":"https:\/\/api.w.org\/{rel}","templated":true}]}}