{"id":7078,"date":"2021-01-10T20:50:53","date_gmt":"2021-01-10T18:50:53","guid":{"rendered":"https:\/\/www.welovecycling.com\/es\/?p=7078"},"modified":"2021-01-10T20:50:53","modified_gmt":"2021-01-10T18:50:53","slug":"tras-el-sol-de-poniente","status":"publish","type":"post","link":"https:\/\/www.welovecycling.com\/es\/2021\/01\/10\/tras-el-sol-de-poniente\/","title":{"rendered":"Tras el sol de poniente. Cruzando los Pirineos en bici"},"content":{"rendered":"<p><strong>A\u00a0 los ciclistas siempre nos has gustado so\u00f1ar con aventuras. Es lo que tiene nuestro deporte, que naci\u00f3 en los inicios del siglo XX como un Par\u00eds-Dakar en bicicleta, y que, si queremos, podemos seguir vivi\u00e9ndolo como una forma de viajar, descubrir y pedalear por lo desconocido. Este ansia llev\u00f3 a Jos\u00e9 Manuel Aparicio a cruzar los Pirineos de costa a costa y ha dejarlo escrito en\u00a0 su libro Tras el sol de poniente.<\/strong><\/p>\n<p><!--more--><\/p>\n<p>El <strong><a href=\"https:\/\/www.librosderuta.com\/cr%C3%B3nicas-de-viajes\/938-tras-el-sol-de-poniente-una-traves%C3%ADa-pirenaica-en-bicicleta-9788413387079.html\">libro<\/a> es peculiar, porque el autor tambi\u00e9n lo es<\/strong>. Por su forma de vivir solo pedalea a partir de mediod\u00eda y su alimentaci\u00f3n b\u00e1sica no suele incluir ni carne ni pescado. Adem\u00e1s rueda con un presupuesto ajustado, en el mes de septiembre pirenaico y con todo lo que necesita cargado en las alforjas de la bici. Atravesar los Pirineos desde Girona a San Sebasti\u00e1n con esos medios no es sencillo, lo que deriva en un mont\u00f3n de aventuras y an\u00e9cdotas.<\/p>\n<div class=\"embed-controller-wrapper\">\n<div class=\"embed-wrapper\"><iframe title=\"Tras el sol de poniente  Una traves\u00eda pirenaica en bicicleta\" width=\"500\" height=\"281\" data-src=\"https:\/\/www.youtube.com\/embed\/qLTj0TFkgCc?feature=oembed\" frameborder=\"0\" allow=\"accelerometer; autoplay; clipboard-write; encrypted-media; gyroscope; picture-in-picture; web-share\" referrerpolicy=\"strict-origin-when-cross-origin\" allowfullscreen><\/iframe><\/div>\n<\/div>\n<p>El libro de <strong>Jos\u00e9 Manuel Aparicio arranca<\/strong> con el sue\u00f1o del viaje, el traslado desde Madrid a Girona y las primeras pedaladas para atravesar los Pirineos. Al inicio por la zona sur de Pirineos y Girona, para entrar a Francia por Puymorens, <a href=\"https:\/\/www.welovecycling.com\/es\/2019\/08\/13\/andorra-mas-alla-de-la-purito-los-otros-puertos\/\">Andorra<\/a>, volver a Espa\u00f1a por La Seo de Urgell, ascender Bonaigua y retornar a Francia por Portill\u00f3n y subir los <a href=\"https:\/\/www.welovecycling.com\/es\/2019\/06\/18\/los-puertos-tour-saint-lary\/\">puertos m\u00edticos del Tour<\/a> y acabar en San Sebasti\u00e1n. Y todo a lomos de una bici h\u00edbrida cargada con m\u00e1s de 40 kilos.<\/p>\n<p>El objetivo es hacerlo todo en un <strong>ciclo lunar 30 d\u00edas, y siempre en la direcci\u00f3n al oeste<\/strong>, es decir, tras el sol de poniente, que es lo que da nombre al libro. El resultado es una gu\u00eda completa de viaje y de rutas en bici para hacer la Transpirenaica.<\/p>\n<div class=\"embed-controller-wrapper\">\n<div class=\"embed-wrapper\"><iframe title=\"Tras el sol de Poniente - Libros de Ruta\" width=\"500\" height=\"281\" data-src=\"https:\/\/www.youtube.com\/embed\/81UHpeUURW8?feature=oembed\" frameborder=\"0\" allow=\"accelerometer; autoplay; clipboard-write; encrypted-media; gyroscope; picture-in-picture; web-share\" referrerpolicy=\"strict-origin-when-cross-origin\" allowfullscreen><\/iframe><\/div>\n<\/div>\n<p>Por el camino<strong> le sucede de todo<\/strong>. Tormentas, problemas para encontrar alojamiento, alg\u00fan que otro error con los mapas, que acaban poni\u00e9ndole en varias ocasiones al l\u00edmite de las fuerzas. Tambi\u00e9n tiempo para reflexionar mientras pedalea, a descubrir paisajes y a encontrar con gente de todos los perfiles. Todo ello queda reflejado en las 286 p\u00e1ginas del libro, que adem\u00e1s incluyen varias con las fotograf\u00edas a todo color de los paisajes mas espectaculares de la ruta. Est\u00e1 editado por <a href=\"https:\/\/editorialcirculorojo.com\/tras-el-sol-de-poniente-una-travesia-pirenaica-en-bicicleta\/\">Circulo Rojo<\/a> y lo puedes encontrar en <a href=\"https:\/\/www.librosderuta.com\/cr%C3%B3nicas-de-viajes\/938-tras-el-sol-de-poniente-una-traves%C3%ADa-pirenaica-en-bicicleta-9788413387079.html\">varias p\u00e1ginas webs.<\/a><\/p>\n<p><strong>Jos\u00e9 Manuel Aparicio Rodr\u00edguez (Madrid, 1980)<\/strong> es un amante del ciclismo, las monta\u00f1as y los puertos llenos de curvas. Atra\u00eddo por los parajes legendarios y los tiempos remotos, desde hace a\u00f1os viene realizando viajes por la geograf\u00eda peninsular, con alguna incursi\u00f3n en el extranjero. Siempre a lomos de su bicicleta, le gusta descubrir nuevos y rec\u00f3nditos rincones, en los que la belleza del paisaje sea el principal reclamo.<\/p>\n","protected":false},"excerpt":{"rendered":"<p>A\u00a0 los ciclistas siempre nos has gustado so\u00f1ar con aventuras. Es lo que tiene nuestro deporte, que naci\u00f3 en los [&hellip;]<\/p>\n","protected":false},"author":29,"featured_media":7081,"comment_status":"open","ping_status":"open","sticky":false,"template":"","format":"standard","meta":{"footnotes":""},"categories":[7,9],"tags":[1995,1997,1996,1998,1994,1993,1992],"global-categories":[1164],"class_list":["post-7078","post","type-post","status-publish","format-standard","has-post-thumbnail","hentry","category-carretera","category-mtb-aventura","tag-guia-cruzar-los-pirineos-en-bici","tag-pirineos-de-costa-a-costa","tag-pirineos-en-bici","tag-pirineos-en-bici-de-costa-a-costa","tag-ruta-cruzar-pirineos-en-bici","tag-transpirenaica","tag-tras-el-sol-de-poniente","global-categories-cycling"],"yoast_head":"<!-- This site is optimized with the Yoast SEO Premium plugin v25.3 (Yoast SEO v25.9) - https:\/\/yoast.com\/wordpress\/plugins\/seo\/ -->\n<title>Tras el sol de poniente. Cruzando los Pirineos en bici - \u0160koda We Love Cycling - Spain<\/title>\n<meta name=\"description\" content=\"Tras el sol de poniente. Cruzando los Pirineos en bici. El libro de la ruta transpireinaca en bici de Jose Manuel Aparicio.\" \/>\n<meta name=\"robots\" content=\"index, follow, max-snippet:-1, max-image-preview:large, max-video-preview:-1\" \/>\n<link rel=\"canonical\" href=\"https:\/\/www.welovecycling.com\/es\/2021\/01\/10\/tras-el-sol-de-poniente\/\" \/>\n<meta property=\"og:locale\" content=\"es_ES\" \/>\n<meta property=\"og:type\" content=\"article\" \/>\n<meta property=\"og:title\" content=\"Tras el sol de poniente. Cruzando los Pirineos en bici\" \/>\n<meta property=\"og:description\" content=\"Tras el sol de poniente. Cruzando los Pirineos en bici. El libro de la ruta transpireinaca en bici de Jose Manuel Aparicio\" \/>\n<meta property=\"og:url\" content=\"https:\/\/www.welovecycling.com\/es\/2021\/01\/10\/tras-el-sol-de-poniente\/\" \/>\n<meta property=\"og:site_name\" content=\"\u0160koda We Love Cycling - Spain\" \/>\n<meta property=\"article:published_time\" content=\"2021-01-10T18:50:53+00:00\" \/>\n<meta property=\"og:image\" content=\"https:\/\/d2p6e6u75xmxt8.cloudfront.net\/6\/2021\/01\/Sol-poniente.jpg\" \/>\n\t<meta property=\"og:image:width\" content=\"1000\" \/>\n\t<meta property=\"og:image:height\" content=\"666\" \/>\n\t<meta property=\"og:image:type\" content=\"image\/jpeg\" \/>\n<meta name=\"author\" content=\"We Love Cycling Spain\" \/>\n<meta name=\"twitter:card\" content=\"summary_large_image\" \/>\n<meta name=\"twitter:title\" content=\"Tras el sol de poniente. Cruzando los Pirineos en bici\" \/>\n<meta name=\"twitter:description\" content=\"Tras el sol de poniente. Cruzando los Pirineos en bici. El libro de la ruta transpireinaca en bici de Jose Manuel Aparicio\" \/>\n<meta name=\"twitter:label1\" content=\"Written by\" \/>\n\t<meta name=\"twitter:data1\" content=\"Luis Ortega @ciclored\" \/>\n\t<meta name=\"twitter:label2\" content=\"Est. reading time\" \/>\n\t<meta name=\"twitter:data2\" content=\"2 minutes\" \/>\n<script type=\"application\/ld+json\" class=\"yoast-schema-graph\">{\"@context\":\"https:\/\/schema.org\",\"@graph\":[{\"@type\":\"WebPage\",\"@id\":\"https:\/\/www.welovecycling.com\/es\/2021\/01\/10\/tras-el-sol-de-poniente\/\",\"url\":\"https:\/\/www.welovecycling.com\/es\/2021\/01\/10\/tras-el-sol-de-poniente\/\",\"name\":\"Tras el sol de poniente. Cruzando los Pirineos en bici - \u0160koda We Love Cycling - Spain\",\"isPartOf\":{\"@id\":\"https:\/\/www.welovecycling.com\/es\/#website\"},\"primaryImageOfPage\":{\"@id\":\"https:\/\/www.welovecycling.com\/es\/2021\/01\/10\/tras-el-sol-de-poniente\/#primaryimage\"},\"image\":{\"@id\":\"https:\/\/www.welovecycling.com\/es\/2021\/01\/10\/tras-el-sol-de-poniente\/#primaryimage\"},\"thumbnailUrl\":\"https:\/\/d2p6e6u75xmxt8.cloudfront.net\/6\/2021\/01\/Sol-poniente.jpg\",\"datePublished\":\"2021-01-10T18:50:53+00:00\",\"author\":{\"@id\":\"https:\/\/www.welovecycling.com\/es\/#\/schema\/person\/deb61715b5812698ee79fb96f343ccd4\"},\"description\":\"Tras el sol de poniente. Cruzando los Pirineos en bici. El libro de la ruta transpireinaca en bici de Jose Manuel Aparicio.\",\"breadcrumb\":{\"@id\":\"https:\/\/www.welovecycling.com\/es\/2021\/01\/10\/tras-el-sol-de-poniente\/#breadcrumb\"},\"inLanguage\":\"es-ES\",\"potentialAction\":[{\"@type\":\"ReadAction\",\"target\":[\"https:\/\/www.welovecycling.com\/es\/2021\/01\/10\/tras-el-sol-de-poniente\/\"]}]},{\"@type\":\"ImageObject\",\"inLanguage\":\"es-ES\",\"@id\":\"https:\/\/www.welovecycling.com\/es\/2021\/01\/10\/tras-el-sol-de-poniente\/#primaryimage\",\"url\":\"https:\/\/d2p6e6u75xmxt8.cloudfront.net\/6\/2021\/01\/Sol-poniente.jpg\",\"contentUrl\":\"https:\/\/d2p6e6u75xmxt8.cloudfront.net\/6\/2021\/01\/Sol-poniente.jpg\",\"width\":1000,\"height\":666},{\"@type\":\"BreadcrumbList\",\"@id\":\"https:\/\/www.welovecycling.com\/es\/2021\/01\/10\/tras-el-sol-de-poniente\/#breadcrumb\",\"itemListElement\":[{\"@type\":\"ListItem\",\"position\":1,\"name\":\"Home\",\"item\":\"https:\/\/www.welovecycling.com\/es\/\"},{\"@type\":\"ListItem\",\"position\":2,\"name\":\"Tras el sol de poniente. Cruzando los Pirineos en bici\"}]},{\"@type\":\"WebSite\",\"@id\":\"https:\/\/www.welovecycling.com\/es\/#website\",\"url\":\"https:\/\/www.welovecycling.com\/es\/\",\"name\":\"\u0160koda We Love Cycling - Spain\",\"description\":\"\u0160koda WeLoveCycling Spain\",\"potentialAction\":[{\"@type\":\"SearchAction\",\"target\":{\"@type\":\"EntryPoint\",\"urlTemplate\":\"https:\/\/www.welovecycling.com\/es\/?s={search_term_string}\"},\"query-input\":{\"@type\":\"PropertyValueSpecification\",\"valueRequired\":true,\"valueName\":\"search_term_string\"}}],\"inLanguage\":\"es-ES\"},{\"@type\":\"Person\",\"@id\":\"https:\/\/www.welovecycling.com\/es\/#\/schema\/person\/deb61715b5812698ee79fb96f343ccd4\",\"name\":\"We Love Cycling Spain\",\"image\":{\"@type\":\"ImageObject\",\"inLanguage\":\"es-ES\",\"@id\":\"https:\/\/www.welovecycling.com\/es\/#\/schema\/person\/image\/\",\"url\":\"https:\/\/secure.gravatar.com\/avatar\/c824b04e6df0e37a03219d0b6481672889df542894588964102459e46513159c?s=96&d=mm&r=g\",\"contentUrl\":\"https:\/\/secure.gravatar.com\/avatar\/c824b04e6df0e37a03219d0b6481672889df542894588964102459e46513159c?s=96&d=mm&r=g\",\"caption\":\"We Love Cycling Spain\"},\"url\":\"https:\/\/www.welovecycling.com\/es\/author\/amunoz\/\"}]}<\/script>\n<!-- \/ Yoast SEO Premium plugin. -->","yoast_head_json":{"title":"Tras el sol de poniente. Cruzando los Pirineos en bici - \u0160koda We Love Cycling - Spain","description":"Tras el sol de poniente. Cruzando los Pirineos en bici. El libro de la ruta transpireinaca en bici de Jose Manuel Aparicio.","robots":{"index":"index","follow":"follow","max-snippet":"max-snippet:-1","max-image-preview":"max-image-preview:large","max-video-preview":"max-video-preview:-1"},"canonical":"https:\/\/www.welovecycling.com\/es\/2021\/01\/10\/tras-el-sol-de-poniente\/","og_locale":"es_ES","og_type":"article","og_title":"Tras el sol de poniente. Cruzando los Pirineos en bici","og_description":"Tras el sol de poniente. Cruzando los Pirineos en bici. El libro de la ruta transpireinaca en bici de Jose Manuel Aparicio","og_url":"https:\/\/www.welovecycling.com\/es\/2021\/01\/10\/tras-el-sol-de-poniente\/","og_site_name":"\u0160koda We Love Cycling - Spain","article_published_time":"2021-01-10T18:50:53+00:00","og_image":[{"width":1000,"height":666,"url":"https:\/\/d2p6e6u75xmxt8.cloudfront.net\/6\/2021\/01\/Sol-poniente.jpg","type":"image\/jpeg"}],"author":"We Love Cycling Spain","twitter_card":"summary_large_image","twitter_title":"Tras el sol de poniente. Cruzando los Pirineos en bici","twitter_description":"Tras el sol de poniente. Cruzando los Pirineos en bici. El libro de la ruta transpireinaca en bici de Jose Manuel Aparicio","twitter_misc":{"Written by":"Luis Ortega @ciclored","Est. reading time":"2 minutes"},"schema":{"@context":"https:\/\/schema.org","@graph":[{"@type":"WebPage","@id":"https:\/\/www.welovecycling.com\/es\/2021\/01\/10\/tras-el-sol-de-poniente\/","url":"https:\/\/www.welovecycling.com\/es\/2021\/01\/10\/tras-el-sol-de-poniente\/","name":"Tras el sol de poniente. Cruzando los Pirineos en bici - \u0160koda We Love Cycling - Spain","isPartOf":{"@id":"https:\/\/www.welovecycling.com\/es\/#website"},"primaryImageOfPage":{"@id":"https:\/\/www.welovecycling.com\/es\/2021\/01\/10\/tras-el-sol-de-poniente\/#primaryimage"},"image":{"@id":"https:\/\/www.welovecycling.com\/es\/2021\/01\/10\/tras-el-sol-de-poniente\/#primaryimage"},"thumbnailUrl":"https:\/\/d2p6e6u75xmxt8.cloudfront.net\/6\/2021\/01\/Sol-poniente.jpg","datePublished":"2021-01-10T18:50:53+00:00","author":{"@id":"https:\/\/www.welovecycling.com\/es\/#\/schema\/person\/deb61715b5812698ee79fb96f343ccd4"},"description":"Tras el sol de poniente. Cruzando los Pirineos en bici. El libro de la ruta transpireinaca en bici de Jose Manuel Aparicio.","breadcrumb":{"@id":"https:\/\/www.welovecycling.com\/es\/2021\/01\/10\/tras-el-sol-de-poniente\/#breadcrumb"},"inLanguage":"es-ES","potentialAction":[{"@type":"ReadAction","target":["https:\/\/www.welovecycling.com\/es\/2021\/01\/10\/tras-el-sol-de-poniente\/"]}]},{"@type":"ImageObject","inLanguage":"es-ES","@id":"https:\/\/www.welovecycling.com\/es\/2021\/01\/10\/tras-el-sol-de-poniente\/#primaryimage","url":"https:\/\/d2p6e6u75xmxt8.cloudfront.net\/6\/2021\/01\/Sol-poniente.jpg","contentUrl":"https:\/\/d2p6e6u75xmxt8.cloudfront.net\/6\/2021\/01\/Sol-poniente.jpg","width":1000,"height":666},{"@type":"BreadcrumbList","@id":"https:\/\/www.welovecycling.com\/es\/2021\/01\/10\/tras-el-sol-de-poniente\/#breadcrumb","itemListElement":[{"@type":"ListItem","position":1,"name":"Home","item":"https:\/\/www.welovecycling.com\/es\/"},{"@type":"ListItem","position":2,"name":"Tras el sol de poniente. Cruzando los Pirineos en bici"}]},{"@type":"WebSite","@id":"https:\/\/www.welovecycling.com\/es\/#website","url":"https:\/\/www.welovecycling.com\/es\/","name":"\u0160koda We Love Cycling - Spain","description":"\u0160koda WeLoveCycling Spain","potentialAction":[{"@type":"SearchAction","target":{"@type":"EntryPoint","urlTemplate":"https:\/\/www.welovecycling.com\/es\/?s={search_term_string}"},"query-input":{"@type":"PropertyValueSpecification","valueRequired":true,"valueName":"search_term_string"}}],"inLanguage":"es-ES"},{"@type":"Person","@id":"https:\/\/www.welovecycling.com\/es\/#\/schema\/person\/deb61715b5812698ee79fb96f343ccd4","name":"We Love Cycling Spain","image":{"@type":"ImageObject","inLanguage":"es-ES","@id":"https:\/\/www.welovecycling.com\/es\/#\/schema\/person\/image\/","url":"https:\/\/secure.gravatar.com\/avatar\/c824b04e6df0e37a03219d0b6481672889df542894588964102459e46513159c?s=96&d=mm&r=g","contentUrl":"https:\/\/secure.gravatar.com\/avatar\/c824b04e6df0e37a03219d0b6481672889df542894588964102459e46513159c?s=96&d=mm&r=g","caption":"We Love Cycling Spain"},"url":"https:\/\/www.welovecycling.com\/es\/author\/amunoz\/"}]}},"_links":{"self":[{"href":"https:\/\/www.welovecycling.com\/es\/wp-json\/wp\/v2\/posts\/7078","targetHints":{"allow":["GET"]}}],"collection":[{"href":"https:\/\/www.welovecycling.com\/es\/wp-json\/wp\/v2\/posts"}],"about":[{"href":"https:\/\/www.welovecycling.com\/es\/wp-json\/wp\/v2\/types\/post"}],"author":[{"embeddable":true,"href":"https:\/\/www.welovecycling.com\/es\/wp-json\/wp\/v2\/users\/29"}],"replies":[{"embeddable":true,"href":"https:\/\/www.welovecycling.com\/es\/wp-json\/wp\/v2\/comments?post=7078"}],"version-history":[{"count":1,"href":"https:\/\/www.welovecycling.com\/es\/wp-json\/wp\/v2\/posts\/7078\/revisions"}],"predecessor-version":[{"id":7082,"href":"https:\/\/www.welovecycling.com\/es\/wp-json\/wp\/v2\/posts\/7078\/revisions\/7082"}],"wp:featuredmedia":[{"embeddable":true,"href":"https:\/\/www.welovecycling.com\/es\/wp-json\/wp\/v2\/media\/7081"}],"wp:attachment":[{"href":"https:\/\/www.welovecycling.com\/es\/wp-json\/wp\/v2\/media?parent=7078"}],"wp:term":[{"taxonomy":"category","embeddable":true,"href":"https:\/\/www.welovecycling.com\/es\/wp-json\/wp\/v2\/categories?post=7078"},{"taxonomy":"post_tag","embeddable":true,"href":"https:\/\/www.welovecycling.com\/es\/wp-json\/wp\/v2\/tags?post=7078"},{"taxonomy":"global-categories","embeddable":true,"href":"https:\/\/www.welovecycling.com\/es\/wp-json\/wp\/v2\/global-categories?post=7078"}],"curies":[{"name":"wp","href":"https:\/\/api.w.org\/{rel}","templated":true}]}}