{"id":7064,"date":"2021-01-06T19:38:28","date_gmt":"2021-01-06T17:38:28","guid":{"rendered":"https:\/\/www.welovecycling.com\/es\/?p=7064"},"modified":"2021-01-06T19:38:28","modified_gmt":"2021-01-06T17:38:28","slug":"ciclocross-deporte-olimpico","status":"publish","type":"post","link":"https:\/\/www.welovecycling.com\/es\/2021\/01\/06\/ciclocross-deporte-olimpico\/","title":{"rendered":"La UCI quiere que el ciclocross sea deporte ol\u00edmpico"},"content":{"rendered":"<p><strong>La UCI contin\u00faa su largo (y probablemente in\u00fatil) esfuerzo de lobby para que el ciclocross se convierta en un deporte ol\u00edmpico. Pero el organismo rector mundial del ciclismo deportivo no tiene como objetivo los Juegos de Verano para el deporte como se podr\u00eda haber esperado, sino que quiere que el ciclocross forme parte de los Juegos Ol\u00edmpicos de Invierno..<\/strong><!--more--><\/p>\n<p>El obst\u00e1culo, sin embargo, sigue siendo la norma de la carta del COI, que ordena que un deporte de los Juegos Ol\u00edmpicos de Invierno debe disputarse sobre nieve o hielo. Esta fue la raz\u00f3n por la que una ronda de la Copa Mundial de Ciclocross 2020 estaba programada para ser celebrada en Villars, Suiza, a una altitud de 1.300 metros. &#8220;Esper\u00e1bamos que la nieve convenciera a Thomas Bach, el presidente del COI&#8221;, dijo el director deportivo de la UCI, Peter Van den Abeele, en una mesa redonda organizada en diciembre por la publicaci\u00f3n holandesa de ciclismo <a href=\"https:\/\/www.wielerflits.be\/nieuws\/uci-blijft-lobbyen-voor-veldrijden-als-olympische-sport\/\">WielerFlits.<\/a> &#8220;Desafortunadamente, COVID-19 interrumpi\u00f3 eso&#8221;<\/p>\n<figure id=\"attachment_7065\" aria-describedby=\"caption-attachment-7065\" style=\"width: 1250px\" class=\"wp-caption alignnone\"><img loading=\"lazy\" decoding=\"async\" class=\"size-full wp-image-7065\" src=\"https:\/\/d2p6e6u75xmxt8.cloudfront.net\/6\/2021\/01\/Ceylin-Del-Carmen-Alvarado-profimedia-0578201191.jpg\" alt=\"Cyclocross Ceylin Del Carmen Alvarado\" width=\"1250\" height=\"833\" srcset=\"https:\/\/d2p6e6u75xmxt8.cloudfront.net\/6\/2021\/01\/Ceylin-Del-Carmen-Alvarado-profimedia-0578201191.jpg 1250w, https:\/\/d2p6e6u75xmxt8.cloudfront.net\/6\/2021\/01\/Ceylin-Del-Carmen-Alvarado-profimedia-0578201191-300x200.jpg 300w, https:\/\/d2p6e6u75xmxt8.cloudfront.net\/6\/2021\/01\/Ceylin-Del-Carmen-Alvarado-profimedia-0578201191-1024x682.jpg 1024w, https:\/\/d2p6e6u75xmxt8.cloudfront.net\/6\/2021\/01\/Ceylin-Del-Carmen-Alvarado-profimedia-0578201191-768x512.jpg 768w, https:\/\/d2p6e6u75xmxt8.cloudfront.net\/6\/2021\/01\/Ceylin-Del-Carmen-Alvarado-profimedia-0578201191-272x182.jpg 272w\" sizes=\"auto, (max-width: 1250px) 100vw, 1250px\" \/><figcaption id=\"caption-attachment-7065\" class=\"wp-caption-text\">La holandesa Ceylin Del Carmen Alvarado celebra su victoria en el ciclocross de &#8216;Herentals Crosst&#8217;. \u00a9 Profimedia<\/figcaption><\/figure>\n<p>&nbsp;<\/p>\n<p>Sin embargo, el esfuerzo para conseguirlo, continuar\u00e1, dijo Van den Abeele. La raz\u00f3n por la que la UCI y todos los corredores de ciclocross est\u00e1n ansiosos por que el deporte se convierta en una atracci\u00f3n ol\u00edmpica se reduce a una palabra: dinero. En la misma mesa redonda, el organizador de la carrera de ciclocross Tomas Van Den Spiegel y Tom Van Damme, presidente de la asociaci\u00f3n ciclista belga, dijeron que la aceptaci\u00f3n de los Juegos Ol\u00edmpicos llevar\u00eda a un apoyo financiero para los &#8220;ciclistas de ciclocross&#8221; y por lo tanto impulsar\u00eda la econom\u00eda del deporte. &#8220;Esa es una de las razones por las que el ciclismo de monta\u00f1a ha ganado terreno en varios pa\u00edses tradicionales de &#8216;cross'&#8221;, dijo Van Damme. &#8220;Reciben ayudas para el ciclismo de monta\u00f1a pero no para el ciclocross. Los atletas que disputan los Juegos Ol\u00edmpicos tienen m\u00e1s probabilidades de recibir financiaci\u00f3n&#8221;.<\/p>\n<p><a href=\"https:\/\/www.welovecycling.com\/es\/2020\/02\/28\/el-ciclocross-pasion-en-flandes\/\">B\u00e9lgica<\/a> es una excepci\u00f3n en cuanto a que las estrellas del <a href=\"https:\/\/www.welovecycling.com\/wide\/2016\/02\/12\/the-funniest-cyclocross-simulator-ever\/\">ciclocross<\/a> est\u00e1n bien pagadas, dijo Van Damme. &#8220;En muchos pa\u00edses, es m\u00e1s bien un hobby pagado&#8221;, se\u00f1al\u00f3. Van Den Spiegel dijo que la inclusi\u00f3n en los JJOO liberar\u00eda mucho m\u00e1s dinero para las federaciones nacionales. &#8220;Miren el ciclismo de pista en Inglaterra, que se ejecuta con grandes presupuestos mientras que el ciclocross es tratado de manera deficiente. Sin medallas ol\u00edmpicas no hay dinero&#8221;.<\/p>\n<figure id=\"attachment_7066\" aria-describedby=\"caption-attachment-7066\" style=\"width: 1250px\" class=\"wp-caption alignnone\"><img loading=\"lazy\" decoding=\"async\" class=\"size-full wp-image-7066\" src=\"https:\/\/d2p6e6u75xmxt8.cloudfront.net\/6\/2021\/01\/Sanne-Cant-profimedia-0580630923.jpg\" alt=\"Sanne Cant\" width=\"1250\" height=\"833\" srcset=\"https:\/\/d2p6e6u75xmxt8.cloudfront.net\/6\/2021\/01\/Sanne-Cant-profimedia-0580630923.jpg 1250w, https:\/\/d2p6e6u75xmxt8.cloudfront.net\/6\/2021\/01\/Sanne-Cant-profimedia-0580630923-300x200.jpg 300w, https:\/\/d2p6e6u75xmxt8.cloudfront.net\/6\/2021\/01\/Sanne-Cant-profimedia-0580630923-1024x682.jpg 1024w, https:\/\/d2p6e6u75xmxt8.cloudfront.net\/6\/2021\/01\/Sanne-Cant-profimedia-0580630923-768x512.jpg 768w, https:\/\/d2p6e6u75xmxt8.cloudfront.net\/6\/2021\/01\/Sanne-Cant-profimedia-0580630923-272x182.jpg 272w\" sizes=\"auto, (max-width: 1250px) 100vw, 1250px\" \/><figcaption id=\"caption-attachment-7066\" class=\"wp-caption-text\">La belga Sanne Cant fotografiada en acci\u00f3n durante la carrera de \u00e9lite femenina del evento de ciclocross &#8220;Vestingcross&#8221; en Hulst. \u00a9 Profimedia<\/figcaption><\/figure>\n<p>Uno pensar\u00eda entonces, naturalmente, que probablemente ser\u00eda m\u00e1s f\u00e1cil intentar que el ciclocross fuera aceptado en los Juegos Ol\u00edmpicos de Verano. Bueno, en realidad no. Por un lado, la temporada se extiende a lo largo del oto\u00f1o y el invierno, as\u00ed que las Olimpiadas de Invierno encajar\u00edan m\u00e1s naturalmente en el calendario deportivo. Adem\u00e1s, los Juegos de Verano se limitan a 28 deportes (\u00a1ahora incluyen el break dance!), 300 eventos y 10.000 atletas. Esto significar\u00eda que un evento de ciclismo &#8211; o un deporte que ya no le interesa a nadie como el pentatl\u00f3n &#8211; tendr\u00eda que ser expulsado de los Juegos Ol\u00edmpicos para hacer lugar al ciclocross. No hay tales l\u00edmites para las Olimpiadas de Invierno. S\u00f3lo existe la regla de que el deporte debe ser practicado sobre nieve o hielo.<\/p>\n<p>Aquellos que quieran apoyar la moci\u00f3n de que el ciclocross forme parte de las Olimpiadas de Invierno pueden poner sus nombres en una petici\u00f3n online para ser enviada al COI. La petici\u00f3n dice en parte: &#8220;El ciclocross es un deporte puramente de invierno, practicado desde hace varios a\u00f1os por ciclistas de todo el mundo (seguramente en todos los pa\u00edses donde se practican muchos deportes de los Juegos Ol\u00edmpicos de Invierno). La lluvia, el barro, el fr\u00edo, el hielo y la nieve no detienen a los ciclistas de cross&#8221;.<\/p>\n<p>Puedes encontrar la petici\u00f3n <a href=\"https:\/\/www.change.org\/p\/comit%C3%A9-international-olympique-cyclocross-in-the-list-of-olympic-winter-sports\">AQU\u00cd<\/a>. En el momento de escribir este art\u00edculo, la petici\u00f3n ten\u00eda 292 firmas menos que su objetivo de 5.000. Buena suerte.<\/p>\n","protected":false},"excerpt":{"rendered":"<p>La UCI contin\u00faa su largo (y probablemente in\u00fatil) esfuerzo de lobby para que el ciclocross se convierta en un deporte [&hellip;]<\/p>\n","protected":false},"author":29,"featured_media":7068,"comment_status":"open","ping_status":"open","sticky":false,"template":"","format":"standard","meta":{"footnotes":""},"categories":[9],"tags":[751,1985,1986],"global-categories":[],"class_list":["post-7064","post","type-post","status-publish","format-standard","has-post-thumbnail","hentry","category-mtb-aventura","tag-ciclocross","tag-ciclocross-deporte-olimpico","tag-ciclocross-juegos-olimpicos"],"yoast_head":"<!-- This site is optimized with the Yoast SEO Premium plugin v25.3 (Yoast SEO v25.9) - https:\/\/yoast.com\/wordpress\/plugins\/seo\/ -->\n<title>La UCI quiere que el ciclocross sea deporte ol\u00edmpico<\/title>\n<meta name=\"description\" content=\"La UCI quiere que el ciclocross sea deporte ol\u00edmpico. Los esfuerzos para que el ciclocross sea parte de los Juegos Ol\u00edmpicos de Invierno\" \/>\n<meta name=\"robots\" content=\"index, follow, max-snippet:-1, max-image-preview:large, max-video-preview:-1\" \/>\n<link rel=\"canonical\" href=\"https:\/\/www.welovecycling.com\/es\/2021\/01\/06\/ciclocross-deporte-olimpico\/\" \/>\n<meta property=\"og:locale\" content=\"es_ES\" \/>\n<meta property=\"og:type\" content=\"article\" \/>\n<meta property=\"og:title\" content=\"La UCI quiere que el ciclocross sea deporte ol\u00edmpico\" \/>\n<meta property=\"og:description\" content=\"La UCI quiere que el ciclocross sea deporte ol\u00edmpico. Los esfuerzos para que el ciclocross sea parte de los Juegos Ol\u00edmpicos de Invierno\" \/>\n<meta property=\"og:url\" content=\"https:\/\/www.welovecycling.com\/es\/2021\/01\/06\/ciclocross-deporte-olimpico\/\" \/>\n<meta property=\"og:site_name\" content=\"\u0160koda We Love Cycling - Spain\" \/>\n<meta property=\"article:published_time\" content=\"2021-01-06T17:38:28+00:00\" \/>\n<meta property=\"og:image\" content=\"https:\/\/d2p6e6u75xmxt8.cloudfront.net\/6\/2021\/01\/Mathieu-Van-Der-Poel-profimedia-0404045640-1.jpg\" \/>\n\t<meta property=\"og:image:width\" content=\"1366\" \/>\n\t<meta property=\"og:image:height\" content=\"600\" \/>\n\t<meta property=\"og:image:type\" content=\"image\/jpeg\" \/>\n<meta name=\"author\" content=\"We Love Cycling Spain\" \/>\n<meta name=\"twitter:card\" content=\"summary_large_image\" \/>\n<meta name=\"twitter:title\" content=\"La UCI quiere que el ciclocross sea deporte ol\u00edmpico\" \/>\n<meta name=\"twitter:description\" content=\"La UCI quiere que el ciclocross sea deporte ol\u00edmpico. Los esfuerzos para que el ciclocross sea parte de los Juegos Ol\u00edmpicos de Invierno\" \/>\n<meta name=\"twitter:label1\" content=\"Written by\" \/>\n\t<meta name=\"twitter:data1\" content=\"Siegfried Mortkowitz\" \/>\n\t<meta name=\"twitter:label2\" content=\"Est. reading time\" \/>\n\t<meta name=\"twitter:data2\" content=\"5\" \/>\n<script type=\"application\/ld+json\" class=\"yoast-schema-graph\">{\"@context\":\"https:\/\/schema.org\",\"@graph\":[{\"@type\":\"WebPage\",\"@id\":\"https:\/\/www.welovecycling.com\/es\/2021\/01\/06\/ciclocross-deporte-olimpico\/\",\"url\":\"https:\/\/www.welovecycling.com\/es\/2021\/01\/06\/ciclocross-deporte-olimpico\/\",\"name\":\"La UCI quiere que el ciclocross sea deporte ol\u00edmpico\",\"isPartOf\":{\"@id\":\"https:\/\/www.welovecycling.com\/es\/#website\"},\"primaryImageOfPage\":{\"@id\":\"https:\/\/www.welovecycling.com\/es\/2021\/01\/06\/ciclocross-deporte-olimpico\/#primaryimage\"},\"image\":{\"@id\":\"https:\/\/www.welovecycling.com\/es\/2021\/01\/06\/ciclocross-deporte-olimpico\/#primaryimage\"},\"thumbnailUrl\":\"https:\/\/d2p6e6u75xmxt8.cloudfront.net\/6\/2021\/01\/Mathieu-Van-Der-Poel-profimedia-0404045640-1.jpg\",\"datePublished\":\"2021-01-06T17:38:28+00:00\",\"author\":{\"@id\":\"https:\/\/www.welovecycling.com\/es\/#\/schema\/person\/deb61715b5812698ee79fb96f343ccd4\"},\"description\":\"La UCI quiere que el ciclocross sea deporte ol\u00edmpico. Los esfuerzos para que el ciclocross sea parte de los Juegos Ol\u00edmpicos de Invierno\",\"breadcrumb\":{\"@id\":\"https:\/\/www.welovecycling.com\/es\/2021\/01\/06\/ciclocross-deporte-olimpico\/#breadcrumb\"},\"inLanguage\":\"es-ES\",\"potentialAction\":[{\"@type\":\"ReadAction\",\"target\":[\"https:\/\/www.welovecycling.com\/es\/2021\/01\/06\/ciclocross-deporte-olimpico\/\"]}]},{\"@type\":\"ImageObject\",\"inLanguage\":\"es-ES\",\"@id\":\"https:\/\/www.welovecycling.com\/es\/2021\/01\/06\/ciclocross-deporte-olimpico\/#primaryimage\",\"url\":\"https:\/\/d2p6e6u75xmxt8.cloudfront.net\/6\/2021\/01\/Mathieu-Van-Der-Poel-profimedia-0404045640-1.jpg\",\"contentUrl\":\"https:\/\/d2p6e6u75xmxt8.cloudfront.net\/6\/2021\/01\/Mathieu-Van-Der-Poel-profimedia-0404045640-1.jpg\",\"width\":1366,\"height\":600,\"caption\":\"Mathieu Van Der Poel\"},{\"@type\":\"BreadcrumbList\",\"@id\":\"https:\/\/www.welovecycling.com\/es\/2021\/01\/06\/ciclocross-deporte-olimpico\/#breadcrumb\",\"itemListElement\":[{\"@type\":\"ListItem\",\"position\":1,\"name\":\"Home\",\"item\":\"https:\/\/www.welovecycling.com\/es\/\"},{\"@type\":\"ListItem\",\"position\":2,\"name\":\"La UCI quiere que el ciclocross sea deporte ol\u00edmpico\"}]},{\"@type\":\"WebSite\",\"@id\":\"https:\/\/www.welovecycling.com\/es\/#website\",\"url\":\"https:\/\/www.welovecycling.com\/es\/\",\"name\":\"\u0160koda We Love Cycling - Spain\",\"description\":\"\u0160koda WeLoveCycling Spain\",\"potentialAction\":[{\"@type\":\"SearchAction\",\"target\":{\"@type\":\"EntryPoint\",\"urlTemplate\":\"https:\/\/www.welovecycling.com\/es\/?s={search_term_string}\"},\"query-input\":{\"@type\":\"PropertyValueSpecification\",\"valueRequired\":true,\"valueName\":\"search_term_string\"}}],\"inLanguage\":\"es-ES\"},{\"@type\":\"Person\",\"@id\":\"https:\/\/www.welovecycling.com\/es\/#\/schema\/person\/deb61715b5812698ee79fb96f343ccd4\",\"name\":\"We Love Cycling Spain\",\"image\":{\"@type\":\"ImageObject\",\"inLanguage\":\"es-ES\",\"@id\":\"https:\/\/www.welovecycling.com\/es\/#\/schema\/person\/image\/\",\"url\":\"https:\/\/secure.gravatar.com\/avatar\/c824b04e6df0e37a03219d0b6481672889df542894588964102459e46513159c?s=96&d=mm&r=g\",\"contentUrl\":\"https:\/\/secure.gravatar.com\/avatar\/c824b04e6df0e37a03219d0b6481672889df542894588964102459e46513159c?s=96&d=mm&r=g\",\"caption\":\"We Love Cycling Spain\"},\"url\":\"https:\/\/www.welovecycling.com\/es\/author\/amunoz\/\"}]}<\/script>\n<!-- \/ Yoast SEO Premium plugin. -->","yoast_head_json":{"title":"La UCI quiere que el ciclocross sea deporte ol\u00edmpico","description":"La UCI quiere que el ciclocross sea deporte ol\u00edmpico. Los esfuerzos para que el ciclocross sea parte de los Juegos Ol\u00edmpicos de Invierno","robots":{"index":"index","follow":"follow","max-snippet":"max-snippet:-1","max-image-preview":"max-image-preview:large","max-video-preview":"max-video-preview:-1"},"canonical":"https:\/\/www.welovecycling.com\/es\/2021\/01\/06\/ciclocross-deporte-olimpico\/","og_locale":"es_ES","og_type":"article","og_title":"La UCI quiere que el ciclocross sea deporte ol\u00edmpico","og_description":"La UCI quiere que el ciclocross sea deporte ol\u00edmpico. Los esfuerzos para que el ciclocross sea parte de los Juegos Ol\u00edmpicos de Invierno","og_url":"https:\/\/www.welovecycling.com\/es\/2021\/01\/06\/ciclocross-deporte-olimpico\/","og_site_name":"\u0160koda We Love Cycling - Spain","article_published_time":"2021-01-06T17:38:28+00:00","og_image":[{"width":1366,"height":600,"url":"https:\/\/d2p6e6u75xmxt8.cloudfront.net\/6\/2021\/01\/Mathieu-Van-Der-Poel-profimedia-0404045640-1.jpg","type":"image\/jpeg"}],"author":"We Love Cycling Spain","twitter_card":"summary_large_image","twitter_title":"La UCI quiere que el ciclocross sea deporte ol\u00edmpico","twitter_description":"La UCI quiere que el ciclocross sea deporte ol\u00edmpico. Los esfuerzos para que el ciclocross sea parte de los Juegos Ol\u00edmpicos de Invierno","twitter_misc":{"Written by":"Siegfried Mortkowitz","Est. reading time":"5"},"schema":{"@context":"https:\/\/schema.org","@graph":[{"@type":"WebPage","@id":"https:\/\/www.welovecycling.com\/es\/2021\/01\/06\/ciclocross-deporte-olimpico\/","url":"https:\/\/www.welovecycling.com\/es\/2021\/01\/06\/ciclocross-deporte-olimpico\/","name":"La UCI quiere que el ciclocross sea deporte ol\u00edmpico","isPartOf":{"@id":"https:\/\/www.welovecycling.com\/es\/#website"},"primaryImageOfPage":{"@id":"https:\/\/www.welovecycling.com\/es\/2021\/01\/06\/ciclocross-deporte-olimpico\/#primaryimage"},"image":{"@id":"https:\/\/www.welovecycling.com\/es\/2021\/01\/06\/ciclocross-deporte-olimpico\/#primaryimage"},"thumbnailUrl":"https:\/\/d2p6e6u75xmxt8.cloudfront.net\/6\/2021\/01\/Mathieu-Van-Der-Poel-profimedia-0404045640-1.jpg","datePublished":"2021-01-06T17:38:28+00:00","author":{"@id":"https:\/\/www.welovecycling.com\/es\/#\/schema\/person\/deb61715b5812698ee79fb96f343ccd4"},"description":"La UCI quiere que el ciclocross sea deporte ol\u00edmpico. Los esfuerzos para que el ciclocross sea parte de los Juegos Ol\u00edmpicos de Invierno","breadcrumb":{"@id":"https:\/\/www.welovecycling.com\/es\/2021\/01\/06\/ciclocross-deporte-olimpico\/#breadcrumb"},"inLanguage":"es-ES","potentialAction":[{"@type":"ReadAction","target":["https:\/\/www.welovecycling.com\/es\/2021\/01\/06\/ciclocross-deporte-olimpico\/"]}]},{"@type":"ImageObject","inLanguage":"es-ES","@id":"https:\/\/www.welovecycling.com\/es\/2021\/01\/06\/ciclocross-deporte-olimpico\/#primaryimage","url":"https:\/\/d2p6e6u75xmxt8.cloudfront.net\/6\/2021\/01\/Mathieu-Van-Der-Poel-profimedia-0404045640-1.jpg","contentUrl":"https:\/\/d2p6e6u75xmxt8.cloudfront.net\/6\/2021\/01\/Mathieu-Van-Der-Poel-profimedia-0404045640-1.jpg","width":1366,"height":600,"caption":"Mathieu Van Der Poel"},{"@type":"BreadcrumbList","@id":"https:\/\/www.welovecycling.com\/es\/2021\/01\/06\/ciclocross-deporte-olimpico\/#breadcrumb","itemListElement":[{"@type":"ListItem","position":1,"name":"Home","item":"https:\/\/www.welovecycling.com\/es\/"},{"@type":"ListItem","position":2,"name":"La UCI quiere que el ciclocross sea deporte ol\u00edmpico"}]},{"@type":"WebSite","@id":"https:\/\/www.welovecycling.com\/es\/#website","url":"https:\/\/www.welovecycling.com\/es\/","name":"\u0160koda We Love Cycling - Spain","description":"\u0160koda WeLoveCycling Spain","potentialAction":[{"@type":"SearchAction","target":{"@type":"EntryPoint","urlTemplate":"https:\/\/www.welovecycling.com\/es\/?s={search_term_string}"},"query-input":{"@type":"PropertyValueSpecification","valueRequired":true,"valueName":"search_term_string"}}],"inLanguage":"es-ES"},{"@type":"Person","@id":"https:\/\/www.welovecycling.com\/es\/#\/schema\/person\/deb61715b5812698ee79fb96f343ccd4","name":"We Love Cycling Spain","image":{"@type":"ImageObject","inLanguage":"es-ES","@id":"https:\/\/www.welovecycling.com\/es\/#\/schema\/person\/image\/","url":"https:\/\/secure.gravatar.com\/avatar\/c824b04e6df0e37a03219d0b6481672889df542894588964102459e46513159c?s=96&d=mm&r=g","contentUrl":"https:\/\/secure.gravatar.com\/avatar\/c824b04e6df0e37a03219d0b6481672889df542894588964102459e46513159c?s=96&d=mm&r=g","caption":"We Love Cycling Spain"},"url":"https:\/\/www.welovecycling.com\/es\/author\/amunoz\/"}]}},"_links":{"self":[{"href":"https:\/\/www.welovecycling.com\/es\/wp-json\/wp\/v2\/posts\/7064","targetHints":{"allow":["GET"]}}],"collection":[{"href":"https:\/\/www.welovecycling.com\/es\/wp-json\/wp\/v2\/posts"}],"about":[{"href":"https:\/\/www.welovecycling.com\/es\/wp-json\/wp\/v2\/types\/post"}],"author":[{"embeddable":true,"href":"https:\/\/www.welovecycling.com\/es\/wp-json\/wp\/v2\/users\/29"}],"replies":[{"embeddable":true,"href":"https:\/\/www.welovecycling.com\/es\/wp-json\/wp\/v2\/comments?post=7064"}],"version-history":[{"count":2,"href":"https:\/\/www.welovecycling.com\/es\/wp-json\/wp\/v2\/posts\/7064\/revisions"}],"predecessor-version":[{"id":7069,"href":"https:\/\/www.welovecycling.com\/es\/wp-json\/wp\/v2\/posts\/7064\/revisions\/7069"}],"wp:featuredmedia":[{"embeddable":true,"href":"https:\/\/www.welovecycling.com\/es\/wp-json\/wp\/v2\/media\/7068"}],"wp:attachment":[{"href":"https:\/\/www.welovecycling.com\/es\/wp-json\/wp\/v2\/media?parent=7064"}],"wp:term":[{"taxonomy":"category","embeddable":true,"href":"https:\/\/www.welovecycling.com\/es\/wp-json\/wp\/v2\/categories?post=7064"},{"taxonomy":"post_tag","embeddable":true,"href":"https:\/\/www.welovecycling.com\/es\/wp-json\/wp\/v2\/tags?post=7064"},{"taxonomy":"global-categories","embeddable":true,"href":"https:\/\/www.welovecycling.com\/es\/wp-json\/wp\/v2\/global-categories?post=7064"}],"curies":[{"name":"wp","href":"https:\/\/api.w.org\/{rel}","templated":true}]}}