{"id":7058,"date":"2021-01-05T11:01:49","date_gmt":"2021-01-05T09:01:49","guid":{"rendered":"https:\/\/www.welovecycling.com\/es\/?p=7058"},"modified":"2021-01-05T11:01:49","modified_gmt":"2021-01-05T09:01:49","slug":"consejos-reiniciar-entrenamiento-ciclista-2021","status":"publish","type":"post","link":"https:\/\/www.welovecycling.com\/es\/2021\/01\/05\/consejos-reiniciar-entrenamiento-ciclista-2021\/","title":{"rendered":"5 consejos para reiniciar los entrenamientos ciclistas en 2021"},"content":{"rendered":"<p><strong>Las vacaciones casi se han ido y el loco a\u00f1o 2020 con ellas, \u00a1gracias a Dios! Es hora de mirar hacia adelante y planear la pr\u00f3xima temporada. Aqu\u00ed hay algunos consejos que te ayudar\u00e1n a reiniciar los entrenamientos ciclistas en 2021 para que recuperes la forma y tu estilo de vida ciclista tan pronto como sea posible en el nuevo a\u00f1o.<\/strong><br \/>\n<!--more--><\/p>\n<h2><strong>Coge la bici cada d\u00eda<\/strong><\/h2>\n<p>Lo m\u00e1s importante que necesitas es reiniciar tus entrenamientos ciclistas con el h\u00e1bito de rodar regularmente. Desaf\u00edate a ti mismo a por lo menos 7 d\u00edas consecutivos de montar en bicicleta si eres un principiante o 14 d\u00edas si eres un ciclista experimentado. El objetivo no es llegar a un cierto n\u00famero de kil\u00f3metros o de horas de intensidad. S\u00f3lo est\u00e1s en \u00e9l para acostumbrarte a pasar tiempo en tu bicicleta y formar un fuerte h\u00e1bito de andar en bicicleta en 2021. Puedes hacer algunos entrenamientos largos, algunos cortos intensos o incluso subirte a la bicicleta para ir a una tienda cercana. Siempre y cuando pases al menos 20 minutos en el sill\u00edn todos los d\u00edas ser\u00e1 suficiente.<\/p>\n<figure id=\"attachment_7059\" aria-describedby=\"caption-attachment-7059\" style=\"width: 1250px\" class=\"wp-caption alignnone\"><img loading=\"lazy\" decoding=\"async\" class=\"size-full wp-image-7059\" src=\"https:\/\/d2p6e6u75xmxt8.cloudfront.net\/6\/2021\/01\/Cycling-in-Mist-profimedia-0580412337.jpg\" alt=\"Cycling in the Mist\" width=\"1250\" height=\"703\" srcset=\"https:\/\/d2p6e6u75xmxt8.cloudfront.net\/6\/2021\/01\/Cycling-in-Mist-profimedia-0580412337.jpg 1250w, https:\/\/d2p6e6u75xmxt8.cloudfront.net\/6\/2021\/01\/Cycling-in-Mist-profimedia-0580412337-300x169.jpg 300w, https:\/\/d2p6e6u75xmxt8.cloudfront.net\/6\/2021\/01\/Cycling-in-Mist-profimedia-0580412337-1024x576.jpg 1024w, https:\/\/d2p6e6u75xmxt8.cloudfront.net\/6\/2021\/01\/Cycling-in-Mist-profimedia-0580412337-768x432.jpg 768w\" sizes=\"auto, (max-width: 1250px) 100vw, 1250px\" \/><figcaption id=\"caption-attachment-7059\" class=\"wp-caption-text\">Pedaleando en Bristol. \u00a9 Profimedia<\/figcaption><\/figure>\n<h2><strong><br \/>\nConecta con tu comunidad ciclista<\/strong><\/h2>\n<p>Lo \u00fanico mejor que el ciclismo es ir en bicicleta con los amigos. No subestimes la importancia de ser parte de tu comunidad ciclista. Ya sean tus amigos, familia, club de ciclismo o grupos de <a href=\"https:\/\/www.welovecycling.com\/wide\/2020\/05\/22\/new-opportunities-in-the-age-of-virtual-competition\/\">plataforma de entrenamiento virtual,<\/a> aseg\u00farate de empezar a participar. Aseg\u00farate de unirte a un entrenamiento en grupo, una carrera virtual o una clase de spinning dentro de la semana siguiente. No importa si est\u00e1s en forma o no. Lo importante es mantenerse en contacto y compartir la diversi\u00f3n del ciclismo con personas importantes para ti. Estas personas ser\u00e1n tu sistema de apoyo durante el resto del a\u00f1o. Tu comunidad te har\u00e1 volver a la bicicleta cuando est\u00e9s luchando y se unir\u00e1 para celebrar tus \u00e9xitos.<\/p>\n<h2><strong>Reinicia horas de sue\u00f1o<\/strong><\/h2>\n<p>El sue\u00f1o no s\u00f3lo es importante para recuperarse y mejorar como ciclista. Un buen sue\u00f1o tambi\u00e9n permite disfrutar mucho m\u00e1s de la bicicleta y tener la energ\u00eda y el entusiasmo para dar una vuelta aunque las condiciones no sean perfectas. Aseg\u00farate de pasar al menos 8 horas en la cama. Pon una alarma para dormir si es necesario. Tambi\u00e9n aseg\u00farate de mantener su dormitorio oscuro, tranquilo y ventilado para una calidad de sue\u00f1o \u00f3ptima. Consulta nuestra serie sobre el sue\u00f1o si buscas m\u00e1s consejos sobre c\u00f3mo dormirse r\u00e1pidamente y permanecer dormido despu\u00e9s.<\/p>\n<figure id=\"attachment_7060\" aria-describedby=\"caption-attachment-7060\" style=\"width: 1250px\" class=\"wp-caption alignnone\"><img loading=\"lazy\" decoding=\"async\" class=\"size-full wp-image-7060\" src=\"https:\/\/d2p6e6u75xmxt8.cloudfront.net\/6\/2021\/01\/Cycling-in-Mist-profimedia-0580412080.jpg\" alt=\"Cycling in the mist\" width=\"1250\" height=\"999\" srcset=\"https:\/\/d2p6e6u75xmxt8.cloudfront.net\/6\/2021\/01\/Cycling-in-Mist-profimedia-0580412080.jpg 1250w, https:\/\/d2p6e6u75xmxt8.cloudfront.net\/6\/2021\/01\/Cycling-in-Mist-profimedia-0580412080-300x240.jpg 300w, https:\/\/d2p6e6u75xmxt8.cloudfront.net\/6\/2021\/01\/Cycling-in-Mist-profimedia-0580412080-1024x818.jpg 1024w, https:\/\/d2p6e6u75xmxt8.cloudfront.net\/6\/2021\/01\/Cycling-in-Mist-profimedia-0580412080-768x614.jpg 768w\" sizes=\"auto, (max-width: 1250px) 100vw, 1250px\" \/><figcaption id=\"caption-attachment-7060\" class=\"wp-caption-text\">Ve en bici cada d\u00eda! (Puente en suspensi\u00f3n de Clifton) \u00a9 Profimedia<\/figcaption><\/figure>\n<h2><strong><br \/>\nEmpieza a cocinar<\/strong><\/h2>\n<p>La comida es otra parte importante del ciclismo. Si lo haces bien, puede proporcionarte mucha energ\u00eda, una r\u00e1pida recuperaci\u00f3n y un cuerpo delgado. Desafortunadamente, hay muchas maneras de comer bien y mal y muchas de ellas se reducen a las necesidades y preferencias individuales. Una cosa es segura para ayudar a casi cualquier ciclista &#8211; \u00a1cocinar! Si dedicas algo de tiempo a cocinar al menos algunas de tus comidas, seguro que mejorar\u00e1s tu dieta. Las comidas caseras est\u00e1n menos procesadas y contienen m\u00e1s fibra y nutrientes esenciales. Ser\u00e1 una inversi\u00f3n de tiempo, pero si lo haces parte de tu rutina, \u00a1te repercutir\u00e1 muchas veces!<\/p>\n<h2><strong>A\u00f1ade entrenamiento de fuerza para 2021<\/strong><\/h2>\n<p>La \u00faltima pieza del rompecabezas que te ayudar\u00e1 a empezar a andar en bicicleta en 2021 es el <a href=\"https:\/\/www.welovecycling.com\/es\/2020\/03\/28\/entrenamiento-gimnasio-ciclistas-casa\/\">entrenamiento de fuerza<\/a>. La temporada baja de invierno es ideal para mejorar la fuerza. Intenta hacer 2-3 sesiones de fuerza a la semana y c\u00e9ntrate en los movimientos de cuerpo entero. Sentadillas, multisaltos, puentes de gl\u00fateos, flexiones, planchas y abdominales deben ser sus ejercicios para hacer en casa. Puedes progresar en la adici\u00f3n de pesas, pero dale a tu cuerpo algo de tiempo para acostumbrarse a moverse bajo carga.<\/p>\n","protected":false},"excerpt":{"rendered":"<p>Las vacaciones casi se han ido y el loco a\u00f1o 2020 con ellas, \u00a1gracias a Dios! Es hora de mirar [&hellip;]<\/p>\n","protected":false},"author":29,"featured_media":7062,"comment_status":"open","ping_status":"open","sticky":false,"template":"","format":"standard","meta":{"footnotes":""},"categories":[7,8,9],"tags":[717,1984,1983,1981,1982],"global-categories":[],"class_list":["post-7058","post","type-post","status-publish","format-standard","has-post-thumbnail","hentry","category-carretera","category-life-style","category-mtb-aventura","tag-consejos-entrenamiento-ciclista","tag-entrenamiento-ciclista-2021","tag-entrenamiento-ciclista-despues-de-navidades","tag-reiniciar-entrenamiento-ciclista-en-2021","tag-volver-a-entrenar-despues-de-navidades"],"yoast_head":"<!-- This site is optimized with the Yoast SEO Premium plugin v25.3 (Yoast SEO v25.9) - https:\/\/yoast.com\/wordpress\/plugins\/seo\/ -->\n<title>5 consejos para reiniciar los entrenamientos ciclistas en 2021<\/title>\n<meta name=\"description\" content=\"5 consejos para reiniciar los entrenamientos ciclistas en 2021. Como volver a recuperar la forma despu\u00e9s de las vacaciones de Navidad.\" \/>\n<meta name=\"robots\" content=\"index, follow, max-snippet:-1, max-image-preview:large, max-video-preview:-1\" \/>\n<link rel=\"canonical\" href=\"https:\/\/www.welovecycling.com\/es\/2021\/01\/05\/consejos-reiniciar-entrenamiento-ciclista-2021\/\" \/>\n<meta property=\"og:locale\" content=\"es_ES\" \/>\n<meta property=\"og:type\" content=\"article\" \/>\n<meta property=\"og:title\" content=\"5 consejos para reiniciar los entrenamientos ciclistas en 2021\" \/>\n<meta property=\"og:description\" content=\"5 consejos para reiniciar los entrenamientos ciclistas en 2021. Como volver a recuperar la forma despu\u00e9s de las vacaciones de Navidad.\" \/>\n<meta property=\"og:url\" content=\"https:\/\/www.welovecycling.com\/es\/2021\/01\/05\/consejos-reiniciar-entrenamiento-ciclista-2021\/\" \/>\n<meta property=\"og:site_name\" content=\"\u0160koda We Love Cycling - Spain\" \/>\n<meta property=\"article:published_time\" content=\"2021-01-05T09:01:49+00:00\" \/>\n<meta property=\"og:image\" content=\"https:\/\/d2p6e6u75xmxt8.cloudfront.net\/6\/2021\/01\/Cyclists-Mountains-profimedia-0480738799.jpg\" \/>\n\t<meta property=\"og:image:width\" content=\"1366\" \/>\n\t<meta property=\"og:image:height\" content=\"600\" \/>\n\t<meta property=\"og:image:type\" content=\"image\/jpeg\" \/>\n<meta name=\"author\" content=\"We Love Cycling Spain\" \/>\n<meta name=\"twitter:card\" content=\"summary_large_image\" \/>\n<meta name=\"twitter:title\" content=\"5 consejos para reiniciar los entrenamientos ciclistas en 2021\" \/>\n<meta name=\"twitter:description\" content=\"5 consejos para reiniciar los entrenamientos ciclistas en 2021. Como volver a recuperar la forma despu\u00e9s de las vacaciones de Navidad.\" \/>\n<meta name=\"twitter:label1\" content=\"Written by\" \/>\n\t<meta name=\"twitter:data1\" content=\"Jiri Kaloc\" \/>\n\t<meta name=\"twitter:label2\" content=\"Est. reading time\" \/>\n\t<meta name=\"twitter:data2\" content=\"5\" \/>\n<script type=\"application\/ld+json\" class=\"yoast-schema-graph\">{\"@context\":\"https:\/\/schema.org\",\"@graph\":[{\"@type\":\"WebPage\",\"@id\":\"https:\/\/www.welovecycling.com\/es\/2021\/01\/05\/consejos-reiniciar-entrenamiento-ciclista-2021\/\",\"url\":\"https:\/\/www.welovecycling.com\/es\/2021\/01\/05\/consejos-reiniciar-entrenamiento-ciclista-2021\/\",\"name\":\"5 consejos para reiniciar los entrenamientos ciclistas en 2021\",\"isPartOf\":{\"@id\":\"https:\/\/www.welovecycling.com\/es\/#website\"},\"primaryImageOfPage\":{\"@id\":\"https:\/\/www.welovecycling.com\/es\/2021\/01\/05\/consejos-reiniciar-entrenamiento-ciclista-2021\/#primaryimage\"},\"image\":{\"@id\":\"https:\/\/www.welovecycling.com\/es\/2021\/01\/05\/consejos-reiniciar-entrenamiento-ciclista-2021\/#primaryimage\"},\"thumbnailUrl\":\"https:\/\/d2p6e6u75xmxt8.cloudfront.net\/6\/2021\/01\/Cyclists-Mountains-profimedia-0480738799.jpg\",\"datePublished\":\"2021-01-05T09:01:49+00:00\",\"author\":{\"@id\":\"https:\/\/www.welovecycling.com\/es\/#\/schema\/person\/deb61715b5812698ee79fb96f343ccd4\"},\"description\":\"5 consejos para reiniciar los entrenamientos ciclistas en 2021. Como volver a recuperar la forma despu\u00e9s de las vacaciones de Navidad.\",\"breadcrumb\":{\"@id\":\"https:\/\/www.welovecycling.com\/es\/2021\/01\/05\/consejos-reiniciar-entrenamiento-ciclista-2021\/#breadcrumb\"},\"inLanguage\":\"es-ES\",\"potentialAction\":[{\"@type\":\"ReadAction\",\"target\":[\"https:\/\/www.welovecycling.com\/es\/2021\/01\/05\/consejos-reiniciar-entrenamiento-ciclista-2021\/\"]}]},{\"@type\":\"ImageObject\",\"inLanguage\":\"es-ES\",\"@id\":\"https:\/\/www.welovecycling.com\/es\/2021\/01\/05\/consejos-reiniciar-entrenamiento-ciclista-2021\/#primaryimage\",\"url\":\"https:\/\/d2p6e6u75xmxt8.cloudfront.net\/6\/2021\/01\/Cyclists-Mountains-profimedia-0480738799.jpg\",\"contentUrl\":\"https:\/\/d2p6e6u75xmxt8.cloudfront.net\/6\/2021\/01\/Cyclists-Mountains-profimedia-0480738799.jpg\",\"width\":1366,\"height\":600,\"caption\":\"Cyclists and Mountains\"},{\"@type\":\"BreadcrumbList\",\"@id\":\"https:\/\/www.welovecycling.com\/es\/2021\/01\/05\/consejos-reiniciar-entrenamiento-ciclista-2021\/#breadcrumb\",\"itemListElement\":[{\"@type\":\"ListItem\",\"position\":1,\"name\":\"Home\",\"item\":\"https:\/\/www.welovecycling.com\/es\/\"},{\"@type\":\"ListItem\",\"position\":2,\"name\":\"5 consejos para reiniciar los entrenamientos ciclistas en 2021\"}]},{\"@type\":\"WebSite\",\"@id\":\"https:\/\/www.welovecycling.com\/es\/#website\",\"url\":\"https:\/\/www.welovecycling.com\/es\/\",\"name\":\"\u0160koda We Love Cycling - Spain\",\"description\":\"\u0160koda WeLoveCycling Spain\",\"potentialAction\":[{\"@type\":\"SearchAction\",\"target\":{\"@type\":\"EntryPoint\",\"urlTemplate\":\"https:\/\/www.welovecycling.com\/es\/?s={search_term_string}\"},\"query-input\":{\"@type\":\"PropertyValueSpecification\",\"valueRequired\":true,\"valueName\":\"search_term_string\"}}],\"inLanguage\":\"es-ES\"},{\"@type\":\"Person\",\"@id\":\"https:\/\/www.welovecycling.com\/es\/#\/schema\/person\/deb61715b5812698ee79fb96f343ccd4\",\"name\":\"We Love Cycling Spain\",\"image\":{\"@type\":\"ImageObject\",\"inLanguage\":\"es-ES\",\"@id\":\"https:\/\/www.welovecycling.com\/es\/#\/schema\/person\/image\/\",\"url\":\"https:\/\/secure.gravatar.com\/avatar\/c824b04e6df0e37a03219d0b6481672889df542894588964102459e46513159c?s=96&d=mm&r=g\",\"contentUrl\":\"https:\/\/secure.gravatar.com\/avatar\/c824b04e6df0e37a03219d0b6481672889df542894588964102459e46513159c?s=96&d=mm&r=g\",\"caption\":\"We Love Cycling Spain\"},\"url\":\"https:\/\/www.welovecycling.com\/es\/author\/amunoz\/\"}]}<\/script>\n<!-- \/ Yoast SEO Premium plugin. -->","yoast_head_json":{"title":"5 consejos para reiniciar los entrenamientos ciclistas en 2021","description":"5 consejos para reiniciar los entrenamientos ciclistas en 2021. Como volver a recuperar la forma despu\u00e9s de las vacaciones de Navidad.","robots":{"index":"index","follow":"follow","max-snippet":"max-snippet:-1","max-image-preview":"max-image-preview:large","max-video-preview":"max-video-preview:-1"},"canonical":"https:\/\/www.welovecycling.com\/es\/2021\/01\/05\/consejos-reiniciar-entrenamiento-ciclista-2021\/","og_locale":"es_ES","og_type":"article","og_title":"5 consejos para reiniciar los entrenamientos ciclistas en 2021","og_description":"5 consejos para reiniciar los entrenamientos ciclistas en 2021. Como volver a recuperar la forma despu\u00e9s de las vacaciones de Navidad.","og_url":"https:\/\/www.welovecycling.com\/es\/2021\/01\/05\/consejos-reiniciar-entrenamiento-ciclista-2021\/","og_site_name":"\u0160koda We Love Cycling - Spain","article_published_time":"2021-01-05T09:01:49+00:00","og_image":[{"width":1366,"height":600,"url":"https:\/\/d2p6e6u75xmxt8.cloudfront.net\/6\/2021\/01\/Cyclists-Mountains-profimedia-0480738799.jpg","type":"image\/jpeg"}],"author":"We Love Cycling Spain","twitter_card":"summary_large_image","twitter_title":"5 consejos para reiniciar los entrenamientos ciclistas en 2021","twitter_description":"5 consejos para reiniciar los entrenamientos ciclistas en 2021. Como volver a recuperar la forma despu\u00e9s de las vacaciones de Navidad.","twitter_misc":{"Written by":"Jiri Kaloc","Est. reading time":"5"},"schema":{"@context":"https:\/\/schema.org","@graph":[{"@type":"WebPage","@id":"https:\/\/www.welovecycling.com\/es\/2021\/01\/05\/consejos-reiniciar-entrenamiento-ciclista-2021\/","url":"https:\/\/www.welovecycling.com\/es\/2021\/01\/05\/consejos-reiniciar-entrenamiento-ciclista-2021\/","name":"5 consejos para reiniciar los entrenamientos ciclistas en 2021","isPartOf":{"@id":"https:\/\/www.welovecycling.com\/es\/#website"},"primaryImageOfPage":{"@id":"https:\/\/www.welovecycling.com\/es\/2021\/01\/05\/consejos-reiniciar-entrenamiento-ciclista-2021\/#primaryimage"},"image":{"@id":"https:\/\/www.welovecycling.com\/es\/2021\/01\/05\/consejos-reiniciar-entrenamiento-ciclista-2021\/#primaryimage"},"thumbnailUrl":"https:\/\/d2p6e6u75xmxt8.cloudfront.net\/6\/2021\/01\/Cyclists-Mountains-profimedia-0480738799.jpg","datePublished":"2021-01-05T09:01:49+00:00","author":{"@id":"https:\/\/www.welovecycling.com\/es\/#\/schema\/person\/deb61715b5812698ee79fb96f343ccd4"},"description":"5 consejos para reiniciar los entrenamientos ciclistas en 2021. Como volver a recuperar la forma despu\u00e9s de las vacaciones de Navidad.","breadcrumb":{"@id":"https:\/\/www.welovecycling.com\/es\/2021\/01\/05\/consejos-reiniciar-entrenamiento-ciclista-2021\/#breadcrumb"},"inLanguage":"es-ES","potentialAction":[{"@type":"ReadAction","target":["https:\/\/www.welovecycling.com\/es\/2021\/01\/05\/consejos-reiniciar-entrenamiento-ciclista-2021\/"]}]},{"@type":"ImageObject","inLanguage":"es-ES","@id":"https:\/\/www.welovecycling.com\/es\/2021\/01\/05\/consejos-reiniciar-entrenamiento-ciclista-2021\/#primaryimage","url":"https:\/\/d2p6e6u75xmxt8.cloudfront.net\/6\/2021\/01\/Cyclists-Mountains-profimedia-0480738799.jpg","contentUrl":"https:\/\/d2p6e6u75xmxt8.cloudfront.net\/6\/2021\/01\/Cyclists-Mountains-profimedia-0480738799.jpg","width":1366,"height":600,"caption":"Cyclists and Mountains"},{"@type":"BreadcrumbList","@id":"https:\/\/www.welovecycling.com\/es\/2021\/01\/05\/consejos-reiniciar-entrenamiento-ciclista-2021\/#breadcrumb","itemListElement":[{"@type":"ListItem","position":1,"name":"Home","item":"https:\/\/www.welovecycling.com\/es\/"},{"@type":"ListItem","position":2,"name":"5 consejos para reiniciar los entrenamientos ciclistas en 2021"}]},{"@type":"WebSite","@id":"https:\/\/www.welovecycling.com\/es\/#website","url":"https:\/\/www.welovecycling.com\/es\/","name":"\u0160koda We Love Cycling - Spain","description":"\u0160koda WeLoveCycling Spain","potentialAction":[{"@type":"SearchAction","target":{"@type":"EntryPoint","urlTemplate":"https:\/\/www.welovecycling.com\/es\/?s={search_term_string}"},"query-input":{"@type":"PropertyValueSpecification","valueRequired":true,"valueName":"search_term_string"}}],"inLanguage":"es-ES"},{"@type":"Person","@id":"https:\/\/www.welovecycling.com\/es\/#\/schema\/person\/deb61715b5812698ee79fb96f343ccd4","name":"We Love Cycling Spain","image":{"@type":"ImageObject","inLanguage":"es-ES","@id":"https:\/\/www.welovecycling.com\/es\/#\/schema\/person\/image\/","url":"https:\/\/secure.gravatar.com\/avatar\/c824b04e6df0e37a03219d0b6481672889df542894588964102459e46513159c?s=96&d=mm&r=g","contentUrl":"https:\/\/secure.gravatar.com\/avatar\/c824b04e6df0e37a03219d0b6481672889df542894588964102459e46513159c?s=96&d=mm&r=g","caption":"We Love Cycling Spain"},"url":"https:\/\/www.welovecycling.com\/es\/author\/amunoz\/"}]}},"_links":{"self":[{"href":"https:\/\/www.welovecycling.com\/es\/wp-json\/wp\/v2\/posts\/7058","targetHints":{"allow":["GET"]}}],"collection":[{"href":"https:\/\/www.welovecycling.com\/es\/wp-json\/wp\/v2\/posts"}],"about":[{"href":"https:\/\/www.welovecycling.com\/es\/wp-json\/wp\/v2\/types\/post"}],"author":[{"embeddable":true,"href":"https:\/\/www.welovecycling.com\/es\/wp-json\/wp\/v2\/users\/29"}],"replies":[{"embeddable":true,"href":"https:\/\/www.welovecycling.com\/es\/wp-json\/wp\/v2\/comments?post=7058"}],"version-history":[{"count":2,"href":"https:\/\/www.welovecycling.com\/es\/wp-json\/wp\/v2\/posts\/7058\/revisions"}],"predecessor-version":[{"id":7063,"href":"https:\/\/www.welovecycling.com\/es\/wp-json\/wp\/v2\/posts\/7058\/revisions\/7063"}],"wp:featuredmedia":[{"embeddable":true,"href":"https:\/\/www.welovecycling.com\/es\/wp-json\/wp\/v2\/media\/7062"}],"wp:attachment":[{"href":"https:\/\/www.welovecycling.com\/es\/wp-json\/wp\/v2\/media?parent=7058"}],"wp:term":[{"taxonomy":"category","embeddable":true,"href":"https:\/\/www.welovecycling.com\/es\/wp-json\/wp\/v2\/categories?post=7058"},{"taxonomy":"post_tag","embeddable":true,"href":"https:\/\/www.welovecycling.com\/es\/wp-json\/wp\/v2\/tags?post=7058"},{"taxonomy":"global-categories","embeddable":true,"href":"https:\/\/www.welovecycling.com\/es\/wp-json\/wp\/v2\/global-categories?post=7058"}],"curies":[{"name":"wp","href":"https:\/\/api.w.org\/{rel}","templated":true}]}}