{"id":7045,"date":"2020-12-30T20:59:15","date_gmt":"2020-12-30T18:59:15","guid":{"rendered":"https:\/\/www.welovecycling.com\/es\/?p=7045"},"modified":"2020-12-30T20:59:15","modified_gmt":"2020-12-30T18:59:15","slug":"the-flandrien-challenge-todos-los-muros-y-adoquines-en-72-horas","status":"publish","type":"post","link":"https:\/\/www.welovecycling.com\/es\/2020\/12\/30\/the-flandrien-challenge-todos-los-muros-y-adoquines-en-72-horas\/","title":{"rendered":"The Flandrien Challenge, todos los muros y adoquines en 72 horas"},"content":{"rendered":"<p><strong>Seguramente, al ver alguna de las cl\u00e1sicas de Flandes has pesando: \u00bfCuantos muros y tramos de adoquines hay en <a href=\"https:\/\/www.visitflanders.com\/es\/temas\/ciclismo-en-flandes\/index.jsp\" target=\"_blank\" rel=\"noopener noreferrer\">Flandes<\/a>? \u00bfC\u00f3mo puedo hacerlos todos en bici, si eso parece un laberinto? Para resolver estas dudas los chicos de <a href=\"https:\/\/cyclinginflanders.cc\/\">Cycling Flanders<\/a> han creado <a href=\"https:\/\/cyclinginflanders.cc\/flandrien-challenge\" target=\"_blank\" rel=\"noopener noreferrer\">The Flandrien Challenge<\/a>, un reto que te propone hacer 59 tramos de muros y adoquines en 72 horas. Pura esencia de ciclismo flamenco.<\/strong><\/p>\n<p><!--more--><\/p>\n<p>El reto tambi\u00e9n es una respuesta a la ausencia de marchas cicloturistas en estos meses y una forma de seguir <strong>animando a dar pedales por una de las regiones m\u00e1s ciclistas del mund<\/strong>o. Lo cierto es que es algo as\u00ed, s\u00f3lo se les pod\u00eda haber ocurrido a ellos.<\/p>\n<div class=\"embed-controller-wrapper\">\n<div class=\"embed-wrapper\"><iframe title=\"Flandrien Challenge. The unbelievable ride\" width=\"500\" height=\"281\" data-src=\"https:\/\/www.youtube.com\/embed\/iVsFVcneuUE?feature=oembed\" frameborder=\"0\" allow=\"accelerometer; autoplay; clipboard-write; encrypted-media; gyroscope; picture-in-picture; web-share\" referrerpolicy=\"strict-origin-when-cross-origin\" allowfullscreen><\/iframe><\/div>\n<\/div>\n<p>El gran objetivo del <strong>The Flandrien Challenge es recorrer los 59 segmentos<\/strong> que Cycling Flanders ha elegido como los m\u00e1s representativos de la regi\u00f3n. Entre ellos est\u00e1n todos los de las carreras profesionales m\u00e1s conocidas: <strong>Tour de Flandes<\/strong>, Gante Wevelgem, <strong>Omloop<\/strong> Het Niewsblaad, Harelbeke, A Trav\u00e9s de Flandes, 3 d\u00edas de De Panne&#8230; y tambi\u00e9n alguno de los que no son tan conocidos, pero que te van a sorprender por su dureza.<\/p>\n<p>Los 59 segmentos son de los m\u00e1s variados.<strong> Muros de adoquines<\/strong> m\u00edticos como <strong>Kapelmuur, Koppenberg<\/strong>, Kwaremont, Molenberg o Paterberg y otros con menos nombre como Kemmelberg, Kruisberg o Eikenberg. <strong>Tramos planos de adoquines<\/strong> como Haagohek, Paddestraat o Kerkgate. Y <strong>muros de asfalto<\/strong> como Berendries, Tenbosse, Kanarieberg o Leberg.<\/p>\n<p><a href=\"https:\/\/d2p6e6u75xmxt8.cloudfront.net\/6\/2020\/12\/11-TOUR-DE-FLANDES-2018-13.JPG.jpg\"><img loading=\"lazy\" decoding=\"async\" class=\"aligncenter size-full wp-image-7048\" src=\"https:\/\/d2p6e6u75xmxt8.cloudfront.net\/6\/2020\/12\/11-TOUR-DE-FLANDES-2018-13.JPG.jpg\" alt=\"\" width=\"1024\" height=\"768\" srcset=\"https:\/\/d2p6e6u75xmxt8.cloudfront.net\/6\/2020\/12\/11-TOUR-DE-FLANDES-2018-13.JPG.jpg 1024w, https:\/\/d2p6e6u75xmxt8.cloudfront.net\/6\/2020\/12\/11-TOUR-DE-FLANDES-2018-13.JPG-300x225.jpg 300w, https:\/\/d2p6e6u75xmxt8.cloudfront.net\/6\/2020\/12\/11-TOUR-DE-FLANDES-2018-13.JPG-768x576.jpg 768w\" sizes=\"auto, (max-width: 1024px) 100vw, 1024px\" \/><\/a><\/p>\n<p>Para hacerlos todos tienes <strong>72 horas<\/strong>, as\u00ed que no se trata de rodar cada segmento a tope, sino de ir sumando muescas hasta completarlas todas. \u00bfY como llegas a cada uno? Pues si no has nacido en Flandes ni eres un experto en gps para dise\u00f1ar las rutas tienes que recurrir a las <strong>tres etapas dise\u00f1adas por Cycling Flanders<\/strong> para completar todos los segmentos. Las primera en la zona oeste de Flandes, con 80 kil\u00f3metros en Ypres, y las otras dos de m\u00e1s de <a href=\"https:\/\/www.welovecycling.com\/es\/2018\/04\/04\/tour-de-flandes-cicloturista\/\">150 kil\u00f3metros con salida<\/a> y llegada en Oudenaarde, la ciudad que es la meta del Tour de Flandes en los \u00faltimos a\u00f1os y la que alberga su museo.<\/p>\n<p>El requisito imprescindible para demostrar que eres un Flandrien y has completado el reto es llevar contigo <strong>tu Gps conectado a Strava<\/strong>. Primero te tendr\u00e1s que registrar en <strong>The Flandrien Challenge en Strava<\/strong> y despu\u00e9s, cada vez que pases por uno de los segmentos y se registre en tu gps, se ir\u00e1 desbloqueando. Cuando completes los 59 segmentos en 72 horas <strong>tu nombre quedar\u00e1 grabado en una piedra en el Museo del Tour de Flandes de Oudenaarde y en el muro web de The Flandrien Challenge<\/strong>.<\/p>\n<p><a href=\"https:\/\/d2p6e6u75xmxt8.cloudfront.net\/6\/2020\/12\/Tour-Flandes-2016-28.JPG.jpg\"><img loading=\"lazy\" decoding=\"async\" class=\"aligncenter size-large wp-image-7049\" src=\"https:\/\/d2p6e6u75xmxt8.cloudfront.net\/6\/2020\/12\/Tour-Flandes-2016-28.JPG-1024x774.jpg\" alt=\"\" width=\"1024\" height=\"774\" srcset=\"https:\/\/d2p6e6u75xmxt8.cloudfront.net\/6\/2020\/12\/Tour-Flandes-2016-28.JPG-1024x774.jpg 1024w, https:\/\/d2p6e6u75xmxt8.cloudfront.net\/6\/2020\/12\/Tour-Flandes-2016-28.JPG-300x227.jpg 300w, https:\/\/d2p6e6u75xmxt8.cloudfront.net\/6\/2020\/12\/Tour-Flandes-2016-28.JPG-768x580.jpg 768w, https:\/\/d2p6e6u75xmxt8.cloudfront.net\/6\/2020\/12\/Tour-Flandes-2016-28.JPG.jpg 1059w\" sizes=\"auto, (max-width: 1024px) 100vw, 1024px\" \/><\/a><\/p>\n<p>Lo mejor de esta iniciativa es que no tiene fecha. Lo puedes hacer cuando quieras. Dentro de una semana, seis meses, esperar al verano o en tres a\u00f1os. Da igual cuando <a href=\"https:\/\/ciclored.com\/events\/flandrien-challenge\/\" target=\"_blank\" rel=\"noopener noreferrer\">quieras viajar<\/a> y hacerlo. Lo que est\u00e1 claro es que si eres un apasionado de las cl\u00e1sicas no debes perderte un reto as\u00ed. Al que siempre puedes sumar horas por los atractivos ciclistas de la regi\u00f3n, por sus vel\u00f3dromos, por la Ronde Van Vlaanderenstraat, por sus <a href=\"https:\/\/www.welovecycling.com\/es\/2018\/04\/19\/el-ciclismo-es-religion-la-exposicion-del-museo-de-roeselare\/\" target=\"_blank\" rel=\"noopener noreferrer\">museos de ciclismo<\/a> y casi por cualquier bar o taberna. Porque en Flandes todo huele a ciclismo (y a cerveza).<\/p>\n","protected":false},"excerpt":{"rendered":"<p>Seguramente, al ver alguna de las cl\u00e1sicas de Flandes has pesando: \u00bfCuantos muros y tramos de adoquines hay en Flandes? [&hellip;]<\/p>\n","protected":false},"author":29,"featured_media":7047,"comment_status":"open","ping_status":"open","sticky":false,"template":"","format":"standard","meta":{"footnotes":""},"categories":[7],"tags":[1972,1021,1973,1974,1971,1975,1976],"global-categories":[1164],"class_list":["post-7045","post","type-post","status-publish","format-standard","has-post-thumbnail","hentry","category-carretera","tag-adoquines-de-flandes","tag-muros-de-flandes","tag-muros-del-tour-de-flandes","tag-subidas-del-tour-de-flandes","tag-the-flandrien-challenge","tag-tramos-de-adoquines-del-tour-de-flandes","tag-viajes-ciclistas-a-flandes","global-categories-cycling"],"yoast_head":"<!-- This site is optimized with the Yoast SEO Premium plugin v25.3 (Yoast SEO v25.9) - https:\/\/yoast.com\/wordpress\/plugins\/seo\/ -->\n<title>The Flandrien Challenge, todos los muros y adoquines en 72 horas - \u0160koda We Love Cycling - Spain<\/title>\n<meta name=\"description\" content=\"The Flandrien Challenge. Todos los muros y adoquines de Flandes en solo 72 horas. Un reto cicloturista en la regi\u00f3n m\u00e1s ciclista del mundo.\" \/>\n<meta name=\"robots\" content=\"index, follow, max-snippet:-1, max-image-preview:large, max-video-preview:-1\" \/>\n<link rel=\"canonical\" href=\"https:\/\/www.welovecycling.com\/es\/2020\/12\/30\/the-flandrien-challenge-todos-los-muros-y-adoquines-en-72-horas\/\" \/>\n<meta property=\"og:locale\" content=\"es_ES\" \/>\n<meta property=\"og:type\" content=\"article\" \/>\n<meta property=\"og:title\" content=\"The Flandrien Challenge. Todos los muros y adoquines de Flandes en solo 72 horas\" \/>\n<meta property=\"og:description\" content=\"The Flandrien Challenge. Todos los muros y adoquines de Flandes en solo 72 horas. Un reto cicloturista en la regi\u00f3n m\u00e1s ciclista del mundo.\" \/>\n<meta property=\"og:url\" content=\"https:\/\/www.welovecycling.com\/es\/2020\/12\/30\/the-flandrien-challenge-todos-los-muros-y-adoquines-en-72-horas\/\" \/>\n<meta property=\"og:site_name\" content=\"\u0160koda We Love Cycling - Spain\" \/>\n<meta property=\"article:published_time\" content=\"2020-12-30T18:59:15+00:00\" \/>\n<meta property=\"og:image\" content=\"https:\/\/d2p6e6u75xmxt8.cloudfront.net\/6\/2020\/12\/11-TOUR-DE-FLANDES-2018-3.JPG.jpg\" \/>\n\t<meta property=\"og:image:width\" content=\"1024\" \/>\n\t<meta property=\"og:image:height\" content=\"731\" \/>\n\t<meta property=\"og:image:type\" content=\"image\/jpeg\" \/>\n<meta name=\"author\" content=\"We Love Cycling Spain\" \/>\n<meta name=\"twitter:card\" content=\"summary_large_image\" \/>\n<meta name=\"twitter:title\" content=\"The Flandrien Challenge. Todos los muros y adoquines de Flandes en solo 72 horas\" \/>\n<meta name=\"twitter:description\" content=\"The Flandrien Challenge. Todos los muros y adoquines de Flandes en solo 72 horas. Un reto cicloturista en la regi\u00f3n m\u00e1s ciclista del mundo.\" \/>\n<meta name=\"twitter:label1\" content=\"Written by\" \/>\n\t<meta name=\"twitter:data1\" content=\"Luis Ortega @ciclored\" \/>\n\t<meta name=\"twitter:label2\" content=\"Est. reading time\" \/>\n\t<meta name=\"twitter:data2\" content=\"3 minutes\" \/>\n<script type=\"application\/ld+json\" class=\"yoast-schema-graph\">{\"@context\":\"https:\/\/schema.org\",\"@graph\":[{\"@type\":\"WebPage\",\"@id\":\"https:\/\/www.welovecycling.com\/es\/2020\/12\/30\/the-flandrien-challenge-todos-los-muros-y-adoquines-en-72-horas\/\",\"url\":\"https:\/\/www.welovecycling.com\/es\/2020\/12\/30\/the-flandrien-challenge-todos-los-muros-y-adoquines-en-72-horas\/\",\"name\":\"The Flandrien Challenge, todos los muros y adoquines en 72 horas - \u0160koda We Love Cycling - Spain\",\"isPartOf\":{\"@id\":\"https:\/\/www.welovecycling.com\/es\/#website\"},\"primaryImageOfPage\":{\"@id\":\"https:\/\/www.welovecycling.com\/es\/2020\/12\/30\/the-flandrien-challenge-todos-los-muros-y-adoquines-en-72-horas\/#primaryimage\"},\"image\":{\"@id\":\"https:\/\/www.welovecycling.com\/es\/2020\/12\/30\/the-flandrien-challenge-todos-los-muros-y-adoquines-en-72-horas\/#primaryimage\"},\"thumbnailUrl\":\"https:\/\/d2p6e6u75xmxt8.cloudfront.net\/6\/2020\/12\/11-TOUR-DE-FLANDES-2018-3.JPG.jpg\",\"datePublished\":\"2020-12-30T18:59:15+00:00\",\"author\":{\"@id\":\"https:\/\/www.welovecycling.com\/es\/#\/schema\/person\/deb61715b5812698ee79fb96f343ccd4\"},\"description\":\"The Flandrien Challenge. Todos los muros y adoquines de Flandes en solo 72 horas. Un reto cicloturista en la regi\u00f3n m\u00e1s ciclista del mundo.\",\"breadcrumb\":{\"@id\":\"https:\/\/www.welovecycling.com\/es\/2020\/12\/30\/the-flandrien-challenge-todos-los-muros-y-adoquines-en-72-horas\/#breadcrumb\"},\"inLanguage\":\"es-ES\",\"potentialAction\":[{\"@type\":\"ReadAction\",\"target\":[\"https:\/\/www.welovecycling.com\/es\/2020\/12\/30\/the-flandrien-challenge-todos-los-muros-y-adoquines-en-72-horas\/\"]}]},{\"@type\":\"ImageObject\",\"inLanguage\":\"es-ES\",\"@id\":\"https:\/\/www.welovecycling.com\/es\/2020\/12\/30\/the-flandrien-challenge-todos-los-muros-y-adoquines-en-72-horas\/#primaryimage\",\"url\":\"https:\/\/d2p6e6u75xmxt8.cloudfront.net\/6\/2020\/12\/11-TOUR-DE-FLANDES-2018-3.JPG.jpg\",\"contentUrl\":\"https:\/\/d2p6e6u75xmxt8.cloudfront.net\/6\/2020\/12\/11-TOUR-DE-FLANDES-2018-3.JPG.jpg\",\"width\":1024,\"height\":731},{\"@type\":\"BreadcrumbList\",\"@id\":\"https:\/\/www.welovecycling.com\/es\/2020\/12\/30\/the-flandrien-challenge-todos-los-muros-y-adoquines-en-72-horas\/#breadcrumb\",\"itemListElement\":[{\"@type\":\"ListItem\",\"position\":1,\"name\":\"Home\",\"item\":\"https:\/\/www.welovecycling.com\/es\/\"},{\"@type\":\"ListItem\",\"position\":2,\"name\":\"The Flandrien Challenge, todos los muros y adoquines en 72 horas\"}]},{\"@type\":\"WebSite\",\"@id\":\"https:\/\/www.welovecycling.com\/es\/#website\",\"url\":\"https:\/\/www.welovecycling.com\/es\/\",\"name\":\"\u0160koda We Love Cycling - Spain\",\"description\":\"\u0160koda WeLoveCycling Spain\",\"potentialAction\":[{\"@type\":\"SearchAction\",\"target\":{\"@type\":\"EntryPoint\",\"urlTemplate\":\"https:\/\/www.welovecycling.com\/es\/?s={search_term_string}\"},\"query-input\":{\"@type\":\"PropertyValueSpecification\",\"valueRequired\":true,\"valueName\":\"search_term_string\"}}],\"inLanguage\":\"es-ES\"},{\"@type\":\"Person\",\"@id\":\"https:\/\/www.welovecycling.com\/es\/#\/schema\/person\/deb61715b5812698ee79fb96f343ccd4\",\"name\":\"We Love Cycling Spain\",\"image\":{\"@type\":\"ImageObject\",\"inLanguage\":\"es-ES\",\"@id\":\"https:\/\/www.welovecycling.com\/es\/#\/schema\/person\/image\/\",\"url\":\"https:\/\/secure.gravatar.com\/avatar\/c824b04e6df0e37a03219d0b6481672889df542894588964102459e46513159c?s=96&d=mm&r=g\",\"contentUrl\":\"https:\/\/secure.gravatar.com\/avatar\/c824b04e6df0e37a03219d0b6481672889df542894588964102459e46513159c?s=96&d=mm&r=g\",\"caption\":\"We Love Cycling Spain\"},\"url\":\"https:\/\/www.welovecycling.com\/es\/author\/amunoz\/\"}]}<\/script>\n<!-- \/ Yoast SEO Premium plugin. -->","yoast_head_json":{"title":"The Flandrien Challenge, todos los muros y adoquines en 72 horas - \u0160koda We Love Cycling - Spain","description":"The Flandrien Challenge. Todos los muros y adoquines de Flandes en solo 72 horas. Un reto cicloturista en la regi\u00f3n m\u00e1s ciclista del mundo.","robots":{"index":"index","follow":"follow","max-snippet":"max-snippet:-1","max-image-preview":"max-image-preview:large","max-video-preview":"max-video-preview:-1"},"canonical":"https:\/\/www.welovecycling.com\/es\/2020\/12\/30\/the-flandrien-challenge-todos-los-muros-y-adoquines-en-72-horas\/","og_locale":"es_ES","og_type":"article","og_title":"The Flandrien Challenge. Todos los muros y adoquines de Flandes en solo 72 horas","og_description":"The Flandrien Challenge. Todos los muros y adoquines de Flandes en solo 72 horas. Un reto cicloturista en la regi\u00f3n m\u00e1s ciclista del mundo.","og_url":"https:\/\/www.welovecycling.com\/es\/2020\/12\/30\/the-flandrien-challenge-todos-los-muros-y-adoquines-en-72-horas\/","og_site_name":"\u0160koda We Love Cycling - Spain","article_published_time":"2020-12-30T18:59:15+00:00","og_image":[{"width":1024,"height":731,"url":"https:\/\/d2p6e6u75xmxt8.cloudfront.net\/6\/2020\/12\/11-TOUR-DE-FLANDES-2018-3.JPG.jpg","type":"image\/jpeg"}],"author":"We Love Cycling Spain","twitter_card":"summary_large_image","twitter_title":"The Flandrien Challenge. Todos los muros y adoquines de Flandes en solo 72 horas","twitter_description":"The Flandrien Challenge. Todos los muros y adoquines de Flandes en solo 72 horas. Un reto cicloturista en la regi\u00f3n m\u00e1s ciclista del mundo.","twitter_misc":{"Written by":"Luis Ortega @ciclored","Est. reading time":"3 minutes"},"schema":{"@context":"https:\/\/schema.org","@graph":[{"@type":"WebPage","@id":"https:\/\/www.welovecycling.com\/es\/2020\/12\/30\/the-flandrien-challenge-todos-los-muros-y-adoquines-en-72-horas\/","url":"https:\/\/www.welovecycling.com\/es\/2020\/12\/30\/the-flandrien-challenge-todos-los-muros-y-adoquines-en-72-horas\/","name":"The Flandrien Challenge, todos los muros y adoquines en 72 horas - \u0160koda We Love Cycling - Spain","isPartOf":{"@id":"https:\/\/www.welovecycling.com\/es\/#website"},"primaryImageOfPage":{"@id":"https:\/\/www.welovecycling.com\/es\/2020\/12\/30\/the-flandrien-challenge-todos-los-muros-y-adoquines-en-72-horas\/#primaryimage"},"image":{"@id":"https:\/\/www.welovecycling.com\/es\/2020\/12\/30\/the-flandrien-challenge-todos-los-muros-y-adoquines-en-72-horas\/#primaryimage"},"thumbnailUrl":"https:\/\/d2p6e6u75xmxt8.cloudfront.net\/6\/2020\/12\/11-TOUR-DE-FLANDES-2018-3.JPG.jpg","datePublished":"2020-12-30T18:59:15+00:00","author":{"@id":"https:\/\/www.welovecycling.com\/es\/#\/schema\/person\/deb61715b5812698ee79fb96f343ccd4"},"description":"The Flandrien Challenge. Todos los muros y adoquines de Flandes en solo 72 horas. Un reto cicloturista en la regi\u00f3n m\u00e1s ciclista del mundo.","breadcrumb":{"@id":"https:\/\/www.welovecycling.com\/es\/2020\/12\/30\/the-flandrien-challenge-todos-los-muros-y-adoquines-en-72-horas\/#breadcrumb"},"inLanguage":"es-ES","potentialAction":[{"@type":"ReadAction","target":["https:\/\/www.welovecycling.com\/es\/2020\/12\/30\/the-flandrien-challenge-todos-los-muros-y-adoquines-en-72-horas\/"]}]},{"@type":"ImageObject","inLanguage":"es-ES","@id":"https:\/\/www.welovecycling.com\/es\/2020\/12\/30\/the-flandrien-challenge-todos-los-muros-y-adoquines-en-72-horas\/#primaryimage","url":"https:\/\/d2p6e6u75xmxt8.cloudfront.net\/6\/2020\/12\/11-TOUR-DE-FLANDES-2018-3.JPG.jpg","contentUrl":"https:\/\/d2p6e6u75xmxt8.cloudfront.net\/6\/2020\/12\/11-TOUR-DE-FLANDES-2018-3.JPG.jpg","width":1024,"height":731},{"@type":"BreadcrumbList","@id":"https:\/\/www.welovecycling.com\/es\/2020\/12\/30\/the-flandrien-challenge-todos-los-muros-y-adoquines-en-72-horas\/#breadcrumb","itemListElement":[{"@type":"ListItem","position":1,"name":"Home","item":"https:\/\/www.welovecycling.com\/es\/"},{"@type":"ListItem","position":2,"name":"The Flandrien Challenge, todos los muros y adoquines en 72 horas"}]},{"@type":"WebSite","@id":"https:\/\/www.welovecycling.com\/es\/#website","url":"https:\/\/www.welovecycling.com\/es\/","name":"\u0160koda We Love Cycling - Spain","description":"\u0160koda WeLoveCycling Spain","potentialAction":[{"@type":"SearchAction","target":{"@type":"EntryPoint","urlTemplate":"https:\/\/www.welovecycling.com\/es\/?s={search_term_string}"},"query-input":{"@type":"PropertyValueSpecification","valueRequired":true,"valueName":"search_term_string"}}],"inLanguage":"es-ES"},{"@type":"Person","@id":"https:\/\/www.welovecycling.com\/es\/#\/schema\/person\/deb61715b5812698ee79fb96f343ccd4","name":"We Love Cycling Spain","image":{"@type":"ImageObject","inLanguage":"es-ES","@id":"https:\/\/www.welovecycling.com\/es\/#\/schema\/person\/image\/","url":"https:\/\/secure.gravatar.com\/avatar\/c824b04e6df0e37a03219d0b6481672889df542894588964102459e46513159c?s=96&d=mm&r=g","contentUrl":"https:\/\/secure.gravatar.com\/avatar\/c824b04e6df0e37a03219d0b6481672889df542894588964102459e46513159c?s=96&d=mm&r=g","caption":"We Love Cycling Spain"},"url":"https:\/\/www.welovecycling.com\/es\/author\/amunoz\/"}]}},"_links":{"self":[{"href":"https:\/\/www.welovecycling.com\/es\/wp-json\/wp\/v2\/posts\/7045","targetHints":{"allow":["GET"]}}],"collection":[{"href":"https:\/\/www.welovecycling.com\/es\/wp-json\/wp\/v2\/posts"}],"about":[{"href":"https:\/\/www.welovecycling.com\/es\/wp-json\/wp\/v2\/types\/post"}],"author":[{"embeddable":true,"href":"https:\/\/www.welovecycling.com\/es\/wp-json\/wp\/v2\/users\/29"}],"replies":[{"embeddable":true,"href":"https:\/\/www.welovecycling.com\/es\/wp-json\/wp\/v2\/comments?post=7045"}],"version-history":[{"count":1,"href":"https:\/\/www.welovecycling.com\/es\/wp-json\/wp\/v2\/posts\/7045\/revisions"}],"predecessor-version":[{"id":7050,"href":"https:\/\/www.welovecycling.com\/es\/wp-json\/wp\/v2\/posts\/7045\/revisions\/7050"}],"wp:featuredmedia":[{"embeddable":true,"href":"https:\/\/www.welovecycling.com\/es\/wp-json\/wp\/v2\/media\/7047"}],"wp:attachment":[{"href":"https:\/\/www.welovecycling.com\/es\/wp-json\/wp\/v2\/media?parent=7045"}],"wp:term":[{"taxonomy":"category","embeddable":true,"href":"https:\/\/www.welovecycling.com\/es\/wp-json\/wp\/v2\/categories?post=7045"},{"taxonomy":"post_tag","embeddable":true,"href":"https:\/\/www.welovecycling.com\/es\/wp-json\/wp\/v2\/tags?post=7045"},{"taxonomy":"global-categories","embeddable":true,"href":"https:\/\/www.welovecycling.com\/es\/wp-json\/wp\/v2\/global-categories?post=7045"}],"curies":[{"name":"wp","href":"https:\/\/api.w.org\/{rel}","templated":true}]}}