{"id":7040,"date":"2020-12-26T22:38:22","date_gmt":"2020-12-26T20:38:22","guid":{"rendered":"https:\/\/www.welovecycling.com\/es\/?p=7040"},"modified":"2020-12-26T22:41:30","modified_gmt":"2020-12-26T20:41:30","slug":"aparcamientos-para-bicicletas-un-punto-clave-para-su-uso-urbano","status":"publish","type":"post","link":"https:\/\/www.welovecycling.com\/es\/2020\/12\/26\/aparcamientos-para-bicicletas-un-punto-clave-para-su-uso-urbano\/","title":{"rendered":"Aparcamientos para bicicletas, un punto clave para su uso urbano"},"content":{"rendered":"<p><strong>En muchas ciudades espa\u00f1olas han empezado a apostar por la movilidad urbana en bicicleta. Casi todas dan un primer paso con la creaci\u00f3n de carriles bicis y el segundo con un servicio municipal de bicicletas de alquiler. Pero dejan de lado un aspecto fundamental para el ciclista y es utilizar un aparcamiento para bicicletas seguro en el que guardar su m\u00e1quina.<\/strong><\/p>\n<p><!--more--><br \/>\nComo Espa\u00f1a no es un pa\u00eds con tradici\u00f3n de ciclismo urbano, hasta hace muy poco las bicicletas se utilizaban en la mayor parte de las veces solo para hacer deporte, no es habitual ver un mont\u00f3n de bicis amarradas en la calle. Todo lo contrario que ocurre en ciudades grandes de <strong>B\u00e9lgica y Holanda<\/strong>, donde en la puerta de cada bar, biblioteca o centro de ocio puedes ver un buen pu\u00f1ado de bicis candadas.<\/p>\n<p>En Espa\u00f1a esto sigue siendo extra\u00f1o, por lo que el<strong> usuario de la bicicleta tiene miedo a dejar su medio de transporte en la calle<\/strong>, aunque sea con un candado de m\u00e1xima seguridad. Hay demasiado pocas y llama mucho la atenci\u00f3n. Una soluci\u00f3n es el uso de las bicicletas de alquiler urbanas, que tienen sus propios aparcamientos habilitados, pero no llegan a todos los lugares de la ciudad.<\/p>\n<figure style=\"width: 659px\" class=\"wp-caption aligncenter\"><img loading=\"lazy\" decoding=\"async\" class=\"\" src=\"https:\/\/www.apcoa.be\/fileadmin\/user_upload\/BE\/Fietsenparking_Leuven.jpg\" width=\"659\" height=\"513\" \/><figcaption class=\"wp-caption-text\">Aparcamiento subterr\u00e1neo de Lovaina<\/figcaption><\/figure>\n<p>&nbsp;<\/p>\n<p>Para el ciclista urbano habitual que tiene su propia bici supone un problema dejarla en cualquier lugar que no est\u00e9 a la vista. Esa falta de seguridad reduce los viajes en bicicleta por la ciudad. Lo mismo sucede con <strong>el p\u00fablico juvenil, que podr\u00eda ir en bicicleta al colegio<\/strong> si tuviesen facilidades para guardarlas de forma segura, o al colectivo de <strong>trabajadores<\/strong>, que tambi\u00e9n necesitan en su centro de trabajo un espacio para dejar la bici con la tranquilidad de que va a estar ah\u00ed cuando vuelva.<\/p>\n<h2><strong>Tipos de aparcamientos ciclistas<\/strong><\/h2>\n<p>En muchas ciudades de B\u00e9lgica y Holanda la soluci\u00f3n ha sido crear <strong>grandes aparcamientos de bicicleta subterr\u00e1neos en el centro de la urbe.<\/strong> El concepto es sencillo. Puedes ir desde cualquier punto de la ciudad al centro en bicicleta y all\u00ed, en vez de dejarla en la calle, la depositas en un aparcamiento vigilado subterr\u00e1neo que suele estar debajo de la plaza principal de la ciudad. Igual que si fueras en coche. Gante o Lovaina, dos urbes de Flandes, son algunas de las que ya lo tienen.<\/p>\n<p>La empresa espa\u00f1ola Cycling Friendly ha dise\u00f1ado un tipo de aparcamiento que, si bien no necesita la inversi\u00f3n de los subterr\u00e1neos, puede ser una buena soluci\u00f3n para empresas, centros oficiales o colegios. Incluso para situarlos en la calle. Son recintos cerrados en los que puedes guardar la bicicleta como este <a href=\"http:\/\/cycling-friendly.com\/mobility\/velopa\/\">parking de dos alturas<\/a> o en forma de <a href=\"http:\/\/cycling-friendly.com\/mobility\/hangar-de-bicicletas\/\">hangar para bicicletas<\/a>.\u00a0 La ventaja es que pueden ser todo lo seguro que se pretenda porque el acceso va v\u00eda app o con un c\u00f3digo de seguridad.<\/p>\n<figure style=\"width: 1024px\" class=\"wp-caption alignnone\"><img loading=\"lazy\" decoding=\"async\" class=\"size-extra-large\" src=\"http:\/\/cycling-friendly.com\/mobility\/wp-content\/uploads\/2019\/05\/WhatsApp-Image-2018-11-26-at-13.54.08-1024x768.jpeg\" alt=\"Foto Cycling Friendly\" width=\"1024\" height=\"768\" \/><figcaption class=\"wp-caption-text\">Foto Cycling Friendly<\/figcaption><\/figure>\n<p>En otra versi\u00f3n, pero con el mismo concepto, <a href=\"https:\/\/www.oficinabicicletamurcia.com\/aparcabicis-inteligentes\/\">La Oficina de la Bicicleta<\/a> ha desarrollado un tipo de aparcamiento para bicicletas que tambi\u00e9n es cerrado y se puede situar en cualquier lugar de la ciudad. Lo han denominado &#8216;inteligente&#8217; y no hace falta que el ciclista acceda al mismo para recoger su bicicleta. Sino que mediante una llave magn\u00e9tica el usuario mete sus datos y el aparcamiento le saca su bici por alguna de la seis puertas que dan al exterior.<\/p>\n<figure style=\"width: 4293px\" class=\"wp-caption alignnone\"><img loading=\"lazy\" decoding=\"async\" src=\"https:\/\/www.oficinabicicletamurcia.com\/images\/stories\/1aparca.jpg\" alt=\"\" width=\"4293\" height=\"2830\" \/><figcaption class=\"wp-caption-text\">Foto. La oficina de la bicicleta<\/figcaption><\/figure>\n<p>&nbsp;<\/p>\n","protected":false},"excerpt":{"rendered":"<p>En muchas ciudades espa\u00f1olas han empezado a apostar por la movilidad urbana en bicicleta. Casi todas dan un primer paso [&hellip;]<\/p>\n","protected":false},"author":29,"featured_media":7043,"comment_status":"open","ping_status":"open","sticky":false,"template":"","format":"standard","meta":{"footnotes":""},"categories":[6],"tags":[1970,1966,1965,1969,1967,1968],"global-categories":[1164],"class_list":["post-7040","post","type-post","status-publish","format-standard","has-post-thumbnail","hentry","category-urban","tag-aparcabicis","tag-aparcamiento-para-bicicletas-cerrados","tag-aparcamientos-para-bicicletas","tag-donde-aparcar-la-bici-en-la-ciudad","tag-movilidad-urbana","tag-soluciones-para-movilidad-urbana","global-categories-cycling"],"yoast_head":"<!-- This site is optimized with the Yoast SEO Premium plugin v25.3 (Yoast SEO v25.9) - https:\/\/yoast.com\/wordpress\/plugins\/seo\/ -->\n<title>Aparcamientos para bicicletas, un punto clave para su uso urbano<\/title>\n<meta name=\"description\" content=\"Aparcamientos para bicicletas, un punto clave para su uso urbano. Tipos de aparcamientos para bicicletas seguros en la ciudad.\" \/>\n<meta name=\"robots\" content=\"index, follow, max-snippet:-1, max-image-preview:large, max-video-preview:-1\" \/>\n<link rel=\"canonical\" href=\"https:\/\/www.welovecycling.com\/es\/2020\/12\/26\/aparcamientos-para-bicicletas-un-punto-clave-para-su-uso-urbano\/\" \/>\n<meta property=\"og:locale\" content=\"es_ES\" \/>\n<meta property=\"og:type\" content=\"article\" \/>\n<meta property=\"og:title\" content=\"Aparcamientos para bicicletas, un punto clave para su uso urbano\" \/>\n<meta property=\"og:description\" content=\"Aparcamientos para bicicletas, un punto clave para su uso urbano. Tipos de aparcamientos para bicicletas seguros en la ciudad.\" \/>\n<meta property=\"og:url\" content=\"https:\/\/www.welovecycling.com\/es\/2020\/12\/26\/aparcamientos-para-bicicletas-un-punto-clave-para-su-uso-urbano\/\" \/>\n<meta property=\"og:site_name\" content=\"\u0160koda We Love Cycling - Spain\" \/>\n<meta property=\"article:published_time\" content=\"2020-12-26T20:38:22+00:00\" \/>\n<meta property=\"article:modified_time\" content=\"2020-12-26T20:41:30+00:00\" \/>\n<meta property=\"og:image\" content=\"https:\/\/d2p6e6u75xmxt8.cloudfront.net\/6\/2020\/12\/aparcamiento-de-bicicletas.jpg\" \/>\n\t<meta property=\"og:image:width\" content=\"1536\" \/>\n\t<meta property=\"og:image:height\" content=\"1152\" \/>\n\t<meta property=\"og:image:type\" content=\"image\/jpeg\" \/>\n<meta name=\"author\" content=\"We Love Cycling Spain\" \/>\n<meta name=\"twitter:card\" content=\"summary_large_image\" \/>\n<meta name=\"twitter:label1\" content=\"Written by\" \/>\n\t<meta name=\"twitter:data1\" content=\"Luis Ortega @ciclored\" \/>\n\t<meta name=\"twitter:label2\" content=\"Est. reading time\" \/>\n\t<meta name=\"twitter:data2\" content=\"3 minutes\" \/>\n<script type=\"application\/ld+json\" class=\"yoast-schema-graph\">{\"@context\":\"https:\/\/schema.org\",\"@graph\":[{\"@type\":\"WebPage\",\"@id\":\"https:\/\/www.welovecycling.com\/es\/2020\/12\/26\/aparcamientos-para-bicicletas-un-punto-clave-para-su-uso-urbano\/\",\"url\":\"https:\/\/www.welovecycling.com\/es\/2020\/12\/26\/aparcamientos-para-bicicletas-un-punto-clave-para-su-uso-urbano\/\",\"name\":\"Aparcamientos para bicicletas, un punto clave para su uso urbano\",\"isPartOf\":{\"@id\":\"https:\/\/www.welovecycling.com\/es\/#website\"},\"primaryImageOfPage\":{\"@id\":\"https:\/\/www.welovecycling.com\/es\/2020\/12\/26\/aparcamientos-para-bicicletas-un-punto-clave-para-su-uso-urbano\/#primaryimage\"},\"image\":{\"@id\":\"https:\/\/www.welovecycling.com\/es\/2020\/12\/26\/aparcamientos-para-bicicletas-un-punto-clave-para-su-uso-urbano\/#primaryimage\"},\"thumbnailUrl\":\"https:\/\/d2p6e6u75xmxt8.cloudfront.net\/6\/2020\/12\/aparcamiento-de-bicicletas.jpg\",\"datePublished\":\"2020-12-26T20:38:22+00:00\",\"dateModified\":\"2020-12-26T20:41:30+00:00\",\"author\":{\"@id\":\"https:\/\/www.welovecycling.com\/es\/#\/schema\/person\/deb61715b5812698ee79fb96f343ccd4\"},\"description\":\"Aparcamientos para bicicletas, un punto clave para su uso urbano. Tipos de aparcamientos para bicicletas seguros en la ciudad.\",\"breadcrumb\":{\"@id\":\"https:\/\/www.welovecycling.com\/es\/2020\/12\/26\/aparcamientos-para-bicicletas-un-punto-clave-para-su-uso-urbano\/#breadcrumb\"},\"inLanguage\":\"es-ES\",\"potentialAction\":[{\"@type\":\"ReadAction\",\"target\":[\"https:\/\/www.welovecycling.com\/es\/2020\/12\/26\/aparcamientos-para-bicicletas-un-punto-clave-para-su-uso-urbano\/\"]}]},{\"@type\":\"ImageObject\",\"inLanguage\":\"es-ES\",\"@id\":\"https:\/\/www.welovecycling.com\/es\/2020\/12\/26\/aparcamientos-para-bicicletas-un-punto-clave-para-su-uso-urbano\/#primaryimage\",\"url\":\"https:\/\/d2p6e6u75xmxt8.cloudfront.net\/6\/2020\/12\/aparcamiento-de-bicicletas.jpg\",\"contentUrl\":\"https:\/\/d2p6e6u75xmxt8.cloudfront.net\/6\/2020\/12\/aparcamiento-de-bicicletas.jpg\",\"width\":1536,\"height\":1152},{\"@type\":\"BreadcrumbList\",\"@id\":\"https:\/\/www.welovecycling.com\/es\/2020\/12\/26\/aparcamientos-para-bicicletas-un-punto-clave-para-su-uso-urbano\/#breadcrumb\",\"itemListElement\":[{\"@type\":\"ListItem\",\"position\":1,\"name\":\"Home\",\"item\":\"https:\/\/www.welovecycling.com\/es\/\"},{\"@type\":\"ListItem\",\"position\":2,\"name\":\"Aparcamientos para bicicletas, un punto clave para su uso urbano\"}]},{\"@type\":\"WebSite\",\"@id\":\"https:\/\/www.welovecycling.com\/es\/#website\",\"url\":\"https:\/\/www.welovecycling.com\/es\/\",\"name\":\"\u0160koda We Love Cycling - Spain\",\"description\":\"\u0160koda WeLoveCycling Spain\",\"potentialAction\":[{\"@type\":\"SearchAction\",\"target\":{\"@type\":\"EntryPoint\",\"urlTemplate\":\"https:\/\/www.welovecycling.com\/es\/?s={search_term_string}\"},\"query-input\":{\"@type\":\"PropertyValueSpecification\",\"valueRequired\":true,\"valueName\":\"search_term_string\"}}],\"inLanguage\":\"es-ES\"},{\"@type\":\"Person\",\"@id\":\"https:\/\/www.welovecycling.com\/es\/#\/schema\/person\/deb61715b5812698ee79fb96f343ccd4\",\"name\":\"We Love Cycling Spain\",\"image\":{\"@type\":\"ImageObject\",\"inLanguage\":\"es-ES\",\"@id\":\"https:\/\/www.welovecycling.com\/es\/#\/schema\/person\/image\/\",\"url\":\"https:\/\/secure.gravatar.com\/avatar\/c824b04e6df0e37a03219d0b6481672889df542894588964102459e46513159c?s=96&d=mm&r=g\",\"contentUrl\":\"https:\/\/secure.gravatar.com\/avatar\/c824b04e6df0e37a03219d0b6481672889df542894588964102459e46513159c?s=96&d=mm&r=g\",\"caption\":\"We Love Cycling Spain\"},\"url\":\"https:\/\/www.welovecycling.com\/es\/author\/amunoz\/\"}]}<\/script>\n<!-- \/ Yoast SEO Premium plugin. -->","yoast_head_json":{"title":"Aparcamientos para bicicletas, un punto clave para su uso urbano","description":"Aparcamientos para bicicletas, un punto clave para su uso urbano. Tipos de aparcamientos para bicicletas seguros en la ciudad.","robots":{"index":"index","follow":"follow","max-snippet":"max-snippet:-1","max-image-preview":"max-image-preview:large","max-video-preview":"max-video-preview:-1"},"canonical":"https:\/\/www.welovecycling.com\/es\/2020\/12\/26\/aparcamientos-para-bicicletas-un-punto-clave-para-su-uso-urbano\/","og_locale":"es_ES","og_type":"article","og_title":"Aparcamientos para bicicletas, un punto clave para su uso urbano","og_description":"Aparcamientos para bicicletas, un punto clave para su uso urbano. Tipos de aparcamientos para bicicletas seguros en la ciudad.","og_url":"https:\/\/www.welovecycling.com\/es\/2020\/12\/26\/aparcamientos-para-bicicletas-un-punto-clave-para-su-uso-urbano\/","og_site_name":"\u0160koda We Love Cycling - Spain","article_published_time":"2020-12-26T20:38:22+00:00","article_modified_time":"2020-12-26T20:41:30+00:00","og_image":[{"width":1536,"height":1152,"url":"https:\/\/d2p6e6u75xmxt8.cloudfront.net\/6\/2020\/12\/aparcamiento-de-bicicletas.jpg","type":"image\/jpeg"}],"author":"We Love Cycling Spain","twitter_card":"summary_large_image","twitter_misc":{"Written by":"Luis Ortega @ciclored","Est. reading time":"3 minutes"},"schema":{"@context":"https:\/\/schema.org","@graph":[{"@type":"WebPage","@id":"https:\/\/www.welovecycling.com\/es\/2020\/12\/26\/aparcamientos-para-bicicletas-un-punto-clave-para-su-uso-urbano\/","url":"https:\/\/www.welovecycling.com\/es\/2020\/12\/26\/aparcamientos-para-bicicletas-un-punto-clave-para-su-uso-urbano\/","name":"Aparcamientos para bicicletas, un punto clave para su uso urbano","isPartOf":{"@id":"https:\/\/www.welovecycling.com\/es\/#website"},"primaryImageOfPage":{"@id":"https:\/\/www.welovecycling.com\/es\/2020\/12\/26\/aparcamientos-para-bicicletas-un-punto-clave-para-su-uso-urbano\/#primaryimage"},"image":{"@id":"https:\/\/www.welovecycling.com\/es\/2020\/12\/26\/aparcamientos-para-bicicletas-un-punto-clave-para-su-uso-urbano\/#primaryimage"},"thumbnailUrl":"https:\/\/d2p6e6u75xmxt8.cloudfront.net\/6\/2020\/12\/aparcamiento-de-bicicletas.jpg","datePublished":"2020-12-26T20:38:22+00:00","dateModified":"2020-12-26T20:41:30+00:00","author":{"@id":"https:\/\/www.welovecycling.com\/es\/#\/schema\/person\/deb61715b5812698ee79fb96f343ccd4"},"description":"Aparcamientos para bicicletas, un punto clave para su uso urbano. Tipos de aparcamientos para bicicletas seguros en la ciudad.","breadcrumb":{"@id":"https:\/\/www.welovecycling.com\/es\/2020\/12\/26\/aparcamientos-para-bicicletas-un-punto-clave-para-su-uso-urbano\/#breadcrumb"},"inLanguage":"es-ES","potentialAction":[{"@type":"ReadAction","target":["https:\/\/www.welovecycling.com\/es\/2020\/12\/26\/aparcamientos-para-bicicletas-un-punto-clave-para-su-uso-urbano\/"]}]},{"@type":"ImageObject","inLanguage":"es-ES","@id":"https:\/\/www.welovecycling.com\/es\/2020\/12\/26\/aparcamientos-para-bicicletas-un-punto-clave-para-su-uso-urbano\/#primaryimage","url":"https:\/\/d2p6e6u75xmxt8.cloudfront.net\/6\/2020\/12\/aparcamiento-de-bicicletas.jpg","contentUrl":"https:\/\/d2p6e6u75xmxt8.cloudfront.net\/6\/2020\/12\/aparcamiento-de-bicicletas.jpg","width":1536,"height":1152},{"@type":"BreadcrumbList","@id":"https:\/\/www.welovecycling.com\/es\/2020\/12\/26\/aparcamientos-para-bicicletas-un-punto-clave-para-su-uso-urbano\/#breadcrumb","itemListElement":[{"@type":"ListItem","position":1,"name":"Home","item":"https:\/\/www.welovecycling.com\/es\/"},{"@type":"ListItem","position":2,"name":"Aparcamientos para bicicletas, un punto clave para su uso urbano"}]},{"@type":"WebSite","@id":"https:\/\/www.welovecycling.com\/es\/#website","url":"https:\/\/www.welovecycling.com\/es\/","name":"\u0160koda We Love Cycling - Spain","description":"\u0160koda WeLoveCycling Spain","potentialAction":[{"@type":"SearchAction","target":{"@type":"EntryPoint","urlTemplate":"https:\/\/www.welovecycling.com\/es\/?s={search_term_string}"},"query-input":{"@type":"PropertyValueSpecification","valueRequired":true,"valueName":"search_term_string"}}],"inLanguage":"es-ES"},{"@type":"Person","@id":"https:\/\/www.welovecycling.com\/es\/#\/schema\/person\/deb61715b5812698ee79fb96f343ccd4","name":"We Love Cycling Spain","image":{"@type":"ImageObject","inLanguage":"es-ES","@id":"https:\/\/www.welovecycling.com\/es\/#\/schema\/person\/image\/","url":"https:\/\/secure.gravatar.com\/avatar\/c824b04e6df0e37a03219d0b6481672889df542894588964102459e46513159c?s=96&d=mm&r=g","contentUrl":"https:\/\/secure.gravatar.com\/avatar\/c824b04e6df0e37a03219d0b6481672889df542894588964102459e46513159c?s=96&d=mm&r=g","caption":"We Love Cycling Spain"},"url":"https:\/\/www.welovecycling.com\/es\/author\/amunoz\/"}]}},"_links":{"self":[{"href":"https:\/\/www.welovecycling.com\/es\/wp-json\/wp\/v2\/posts\/7040","targetHints":{"allow":["GET"]}}],"collection":[{"href":"https:\/\/www.welovecycling.com\/es\/wp-json\/wp\/v2\/posts"}],"about":[{"href":"https:\/\/www.welovecycling.com\/es\/wp-json\/wp\/v2\/types\/post"}],"author":[{"embeddable":true,"href":"https:\/\/www.welovecycling.com\/es\/wp-json\/wp\/v2\/users\/29"}],"replies":[{"embeddable":true,"href":"https:\/\/www.welovecycling.com\/es\/wp-json\/wp\/v2\/comments?post=7040"}],"version-history":[{"count":2,"href":"https:\/\/www.welovecycling.com\/es\/wp-json\/wp\/v2\/posts\/7040\/revisions"}],"predecessor-version":[{"id":7042,"href":"https:\/\/www.welovecycling.com\/es\/wp-json\/wp\/v2\/posts\/7040\/revisions\/7042"}],"wp:featuredmedia":[{"embeddable":true,"href":"https:\/\/www.welovecycling.com\/es\/wp-json\/wp\/v2\/media\/7043"}],"wp:attachment":[{"href":"https:\/\/www.welovecycling.com\/es\/wp-json\/wp\/v2\/media?parent=7040"}],"wp:term":[{"taxonomy":"category","embeddable":true,"href":"https:\/\/www.welovecycling.com\/es\/wp-json\/wp\/v2\/categories?post=7040"},{"taxonomy":"post_tag","embeddable":true,"href":"https:\/\/www.welovecycling.com\/es\/wp-json\/wp\/v2\/tags?post=7040"},{"taxonomy":"global-categories","embeddable":true,"href":"https:\/\/www.welovecycling.com\/es\/wp-json\/wp\/v2\/global-categories?post=7040"}],"curies":[{"name":"wp","href":"https:\/\/api.w.org\/{rel}","templated":true}]}}