{"id":7032,"date":"2020-12-30T17:26:29","date_gmt":"2020-12-30T15:26:29","guid":{"rendered":"https:\/\/www.welovecycling.com\/es\/?p=7032"},"modified":"2020-12-24T17:50:06","modified_gmt":"2020-12-24T15:50:06","slug":"2020-ciclista","status":"publish","type":"post","link":"https:\/\/www.welovecycling.com\/es\/2020\/12\/30\/2020-ciclista\/","title":{"rendered":"As\u00ed fue el 2020 ciclista"},"content":{"rendered":"<p><strong>A pesar del brote de COVID-19, el ciclismo profesional se mantuvo a flote y consigui\u00f3 concluir las tres grandes Vueltas. Aunque la mayor\u00eda de las carreras fueron pospuestas o se hicieron sin aficionados, fue un a\u00f1o exitoso con muchas haza\u00f1as positivas.<\/strong><\/p>\n<p><!--more--><\/p>\n<p>A pesar de los vaivenes, el a\u00f1o 2020 continu\u00f3 completando 10 de las 11 pruebas femeninas del WorldTour, y los Campeonatos Mundiales de Carretera de la UCI, que se trasladaron de la zona de Aigle y Martigny en Suiza a Imola en Italia, vieron a Julian Alaphilippe coronado como el nuevo campe\u00f3n. A lo largo del a\u00f1o fuimos testigos de innumerables momentos impresionantes como la cronoescalada sin precedentes de Tadej Poga\u010dar, que asegur\u00f3 su victoria general en el Tour de Francia o el joven Tao Geoghegan Hart, que gan\u00f3 el Giro de Italia.<\/p>\n<figure id=\"attachment_7033\" aria-describedby=\"caption-attachment-7033\" style=\"width: 1024px\" class=\"wp-caption alignnone\"><a href=\"https:\/\/d2p6e6u75xmxt8.cloudfront.net\/2\/2020\/10\/Ineos-Grenadiers-profimedia-0565481792.jpg\"><img loading=\"lazy\" decoding=\"async\" class=\"wp-image-7033 size-large\" src=\"https:\/\/d2p6e6u75xmxt8.cloudfront.net\/6\/2020\/12\/Ineos-Grenadiers-profimedia-0565481792-1024x682.jpg\" alt=\"Team Ineos Grenadiers\" width=\"1024\" height=\"682\" srcset=\"https:\/\/d2p6e6u75xmxt8.cloudfront.net\/6\/2020\/12\/Ineos-Grenadiers-profimedia-0565481792-1024x682.jpg 1024w, https:\/\/d2p6e6u75xmxt8.cloudfront.net\/6\/2020\/12\/Ineos-Grenadiers-profimedia-0565481792-300x200.jpg 300w, https:\/\/d2p6e6u75xmxt8.cloudfront.net\/6\/2020\/12\/Ineos-Grenadiers-profimedia-0565481792-768x512.jpg 768w, https:\/\/d2p6e6u75xmxt8.cloudfront.net\/6\/2020\/12\/Ineos-Grenadiers-profimedia-0565481792-272x182.jpg 272w, https:\/\/d2p6e6u75xmxt8.cloudfront.net\/6\/2020\/12\/Ineos-Grenadiers-profimedia-0565481792.jpg 1250w\" sizes=\"auto, (max-width: 1024px) 100vw, 1024px\" \/><\/a><figcaption id=\"caption-attachment-7033\" class=\"wp-caption-text\">Tao Geoghegan Hart gan\u00f3 el Giro. \u00a9 Profimedia<\/figcaption><\/figure>\n<p>Para nuestra honesta sorpresa, el equipo Ineos Grenadiers dej\u00f3 fuera a Chris Froome y Geraint Thomas de la alineaci\u00f3n del Tour de Francia, Egan Bernal se descolg\u00f3 en el Grand Colombier, y Dylan Groenewegen del Jumbo-Visma caus\u00f3 una ca\u00edda mientras terminaba el sprint en el Tour de Pologne que sumi\u00f3 a Fabio Jakobsen en la lucha por su vida.<\/p>\n<h2><strong>Unimos fuerzas con Rouvy<\/strong><\/h2>\n<p>En enero unimos fuerzas con ROUVY, una moderna plataforma ciclista virtual interactiva para ofrecerte la oportunidad de subir al podio de los ganadores desde la comodidad de su casa. Los interesados tuvieron la oportunidad de participar en cuatro carreras virtuales que inclu\u00edan las caracter\u00edsticas de las rutas de la vida real hasta el m\u00e1s m\u00ednimo detalle. Al completarlos todos, los ciclistas virtuales entraron autom\u00e1ticamente en el sorteo de We Love Cycling para obtener cuatro sorprendentes paquetes de premios. El primer premio conten\u00eda un jersey verde firmado por Peter Sagan.<\/p>\n<h2><strong>Corredores virtuales en el Ride for Italy<\/strong><\/h2>\n<p>Nuestra colaboraci\u00f3n con ROUVY continu\u00f3 incluso despu\u00e9s del brote de coronavirus en marzo, cuando la regi\u00f3n del norte del V\u00e9neto en Italia se vio fuertemente afectada. Los hospitales se encontraban en estado de emergencia y el n\u00famero de camas disminuy\u00f3 dr\u00e1sticamente. ROUVY se comprometi\u00f3 a donar 1 EUR por cada ciclista que completara el desaf\u00edo de la &#8220;Viaje virtual por Italia&#8221;, siguiendo el modelo de las genuinas carreteras italianas.<\/p>\n<figure id=\"attachment_7034\" aria-describedby=\"caption-attachment-7034\" style=\"width: 1024px\" class=\"wp-caption alignnone\"><a href=\"https:\/\/d2p6e6u75xmxt8.cloudfront.net\/2\/2020\/03\/Cura-Nuova-Potassa-2.jpg\"><img loading=\"lazy\" decoding=\"async\" class=\"wp-image-7034 size-large\" src=\"https:\/\/d2p6e6u75xmxt8.cloudfront.net\/6\/2020\/12\/Cura-Nuova-Potassa-2-1024x576.jpg\" alt=\"Ride for Italy\" width=\"1024\" height=\"576\" srcset=\"https:\/\/d2p6e6u75xmxt8.cloudfront.net\/6\/2020\/12\/Cura-Nuova-Potassa-2-1024x576.jpg 1024w, https:\/\/d2p6e6u75xmxt8.cloudfront.net\/6\/2020\/12\/Cura-Nuova-Potassa-2-300x169.jpg 300w, https:\/\/d2p6e6u75xmxt8.cloudfront.net\/6\/2020\/12\/Cura-Nuova-Potassa-2-768x432.jpg 768w, https:\/\/d2p6e6u75xmxt8.cloudfront.net\/6\/2020\/12\/Cura-Nuova-Potassa-2-1536x864.jpg 1536w, https:\/\/d2p6e6u75xmxt8.cloudfront.net\/6\/2020\/12\/Cura-Nuova-Potassa-2.jpg 1920w\" sizes=\"auto, (max-width: 1024px) 100vw, 1024px\" \/><\/a><figcaption id=\"caption-attachment-7034\" class=\"wp-caption-text\">Corredores en el Ride for Italy.<\/figcaption><\/figure>\n<h2><strong><br \/>\nCampa\u00f1a para superar la adversidad<\/strong><\/h2>\n<p>Ride2Unite se convirti\u00f3 en una nueva iniciativa de ciclismo dise\u00f1ada para difundir la positividad frente a la adversidad causada por la pandemia. Se dise\u00f1\u00f3 para animar a los ciclistas\u00a0 y a los aficionados a volver a montar en bicicleta despu\u00e9s de la primera oleada del confinamiento relacionado con el coronavirus. En nuestro sitio web y en los canales de medios sociales, las estrellas del ciclismo profesional Wilco Kelderman, Michael Matthews, Andy Schleck, Philip Gilbert y Laurens ten Dam respondieron a las preguntas del p\u00fablico compuesto por ciclistas aficionados.<br \/>\n.<\/p>\n<h2><strong>M\u00e1s de 80.000 personas participaron en el Tour de Francia virtual<\/strong><\/h2>\n<p>La agencia organizadora del Tour de Francia, A.S.O., se asoci\u00f3 con el desarrollador de entrenamiento ciclista en l\u00ednea Zwift para lanzar el primer Tour de Francia virtual. Los aficionados al ciclismo pod\u00edan unirse a los profesionales y luchar por la gran variedad de etapas virtuales. Lo mismo ocurri\u00f3 con L&#8217;Etape, una jornada de puertas abiertas para los ciclistas aficionados, que suele tener lugar cuando los ciclistas profesionales tienen un d\u00eda libre en el calendario. M\u00e1s de 80.000 personas se presentaron, haciendo del Tour virtual uno de los eventos m\u00e1s exitosos en la historia del entretenimiento digital.<\/p>\n<figure id=\"attachment_7035\" aria-describedby=\"caption-attachment-7035\" style=\"width: 2246px\" class=\"wp-caption alignnone\"><a href=\"https:\/\/d2p6e6u75xmxt8.cloudfront.net\/6\/2020\/12\/Virtual-TdF-2.JPG.jpg\"><img loading=\"lazy\" decoding=\"async\" class=\"wp-image-7035 size-full\" src=\"https:\/\/d2p6e6u75xmxt8.cloudfront.net\/6\/2020\/12\/Virtual-TdF-2.JPG.jpg\" alt=\"Virtual Tour de France\" width=\"2246\" height=\"1209\" srcset=\"https:\/\/d2p6e6u75xmxt8.cloudfront.net\/6\/2020\/12\/Virtual-TdF-2.JPG.jpg 2246w, https:\/\/d2p6e6u75xmxt8.cloudfront.net\/6\/2020\/12\/Virtual-TdF-2.JPG-300x161.jpg 300w, https:\/\/d2p6e6u75xmxt8.cloudfront.net\/6\/2020\/12\/Virtual-TdF-2.JPG-1024x551.jpg 1024w, https:\/\/d2p6e6u75xmxt8.cloudfront.net\/6\/2020\/12\/Virtual-TdF-2.JPG-768x413.jpg 768w, https:\/\/d2p6e6u75xmxt8.cloudfront.net\/6\/2020\/12\/Virtual-TdF-2.JPG-1536x827.jpg 1536w, https:\/\/d2p6e6u75xmxt8.cloudfront.net\/6\/2020\/12\/Virtual-TdF-2.JPG-2048x1102.jpg 2048w, https:\/\/d2p6e6u75xmxt8.cloudfront.net\/6\/2020\/12\/Virtual-TdF-2.JPG-1920x1034.jpg 1920w, https:\/\/d2p6e6u75xmxt8.cloudfront.net\/6\/2020\/12\/Virtual-TdF-2.JPG-1920x1034.jpg 1920w\" sizes=\"auto, (max-width: 2246px) 100vw, 2246px\" \/><\/a><figcaption id=\"caption-attachment-7035\" class=\"wp-caption-text\">El Tour virtual.<\/figcaption><\/figure>\n<h2><strong><br \/>\nLas tres grandes, pospuestas\u00a0<\/strong><\/h2>\n<p>Debido al bloqueo del COVID-19, la UCI se vio obligada a reorganizar completamente el calendario de carreras durante la mayor parte del a\u00f1o. Muchas de las carreras fueron canceladas o pospuestas y la organizaci\u00f3n tuvo que meter el mayor n\u00famero posible de carreras en el corto per\u00edodo entre el 1 de agosto y el 31 de octubre. A pesar de que se pospusieron, los tres grandes se celebraron. El Tour de Francia comenz\u00f3 el 29 de agosto y termin\u00f3 en Par\u00eds el 20 de septiembre. El Giro se celebr\u00f3 en octubre. La Vuelta se acort\u00f3 al reducirse tres etapas y se superpuso al Giro. Todos los Grandes Giros se vieron fuertemente afectados por la reducci\u00f3n masiva de aficionados a lo largo de los recorridos, as\u00ed como los eventos oficiales de acompa\u00f1amiento que tuvieron lugar sin p\u00fablico debido a las estrictas medidas higi\u00e9nicas.<\/p>\n<h2><strong>El totalmente el\u00e9ctrico \u0160koda ENYAQ iV debut\u00f3 en el Tour<\/strong><\/h2>\n<p>Por primera vez en la historia del Tour de Francia, los participantes fueron conducidos por un veh\u00edculo totalmente el\u00e9ctrico. S\u00f3lo unos pocos d\u00edas despu\u00e9s de que el \u0160koda ENYAQ iV fuera presentado en el estreno mundial en Praga, millones de aficionados al ciclismo pudieron verlo en acci\u00f3n en la etapa 5 del Tour. Un evento sin precedentes hist\u00f3ricos ilustr\u00f3 la dedicaci\u00f3n de \u0160koda al mundo del ciclismo. El ENYAQ iV hizo tres apariciones en el Tour de Francia de 2020, incluyendo el final en Par\u00eds.<\/p>\n<figure id=\"attachment_7036\" aria-describedby=\"caption-attachment-7036\" style=\"width: 1024px\" class=\"wp-caption alignnone\"><a href=\"https:\/\/d2p6e6u75xmxt8.cloudfront.net\/2\/2020\/09\/Enyaq-tdf-4-scaled.jpg\"><img loading=\"lazy\" decoding=\"async\" class=\"wp-image-7036 size-large\" src=\"https:\/\/d2p6e6u75xmxt8.cloudfront.net\/6\/2020\/12\/Enyaq-tdf-4-scaled-1024x576.jpg\" alt=\"\u0160koda ENYAQ iV\" width=\"1024\" height=\"576\" srcset=\"https:\/\/d2p6e6u75xmxt8.cloudfront.net\/6\/2020\/12\/Enyaq-tdf-4-scaled-1024x576.jpg 1024w, https:\/\/d2p6e6u75xmxt8.cloudfront.net\/6\/2020\/12\/Enyaq-tdf-4-scaled-300x169.jpg 300w, https:\/\/d2p6e6u75xmxt8.cloudfront.net\/6\/2020\/12\/Enyaq-tdf-4-scaled-768x432.jpg 768w, https:\/\/d2p6e6u75xmxt8.cloudfront.net\/6\/2020\/12\/Enyaq-tdf-4-scaled-1536x864.jpg 1536w, https:\/\/d2p6e6u75xmxt8.cloudfront.net\/6\/2020\/12\/Enyaq-tdf-4-scaled-2048x1152.jpg 2048w, https:\/\/d2p6e6u75xmxt8.cloudfront.net\/6\/2020\/12\/Enyaq-tdf-4-scaled-1920x1080.jpg 1920w, https:\/\/d2p6e6u75xmxt8.cloudfront.net\/6\/2020\/12\/Enyaq-tdf-4-scaled-1920x1080.jpg 1920w\" sizes=\"auto, (max-width: 1024px) 100vw, 1024px\" \/><\/a><figcaption id=\"caption-attachment-7036\" class=\"wp-caption-text\">\u0160koda ha sido el veh\u00edculo elegido para el coche del director del Tour durante muchos a\u00f1os consecutivos, pero es la primera vez que el siempre presente modelo SUPERB se retira del trono para ser reemplazado por el flamante ENYAQ iV.V.<\/figcaption><\/figure>\n<h2><strong><br \/>\nTadej Poga\u010dar causa la mayor sorpresa del a\u00f1o<\/strong><\/h2>\n<p>Nadie podr\u00eda haber adivinado que el esloveno de casi 22 a\u00f1os Tadej Poga\u010dar iba a ganar el Tour, lo que le convirti\u00f3 en el segundo campe\u00f3n m\u00e1s joven de la historia. Adem\u00e1s, se convirti\u00f3 en el primer corredor que coleccion\u00f3 tantos maillots: Amarillo, blanco para el mejor corredor joven y de lunares para el mejor escalador. El \u00fanico maillot que se le escap\u00f3 fue el verde, ya que termin\u00f3 octavo en la competici\u00f3n de velocistas.<\/p>\n<h2><strong>La lluvia torrencial convirti\u00f3 el Mundial de Donwhill en un d\u00eda de miseria<\/strong><\/h2>\n<p>Reece Wilson se convirti\u00f3 en el nuevo Campe\u00f3n Mundial de Descenso en el h\u00famedo, salvaje y fangoso Campeonato Mundial de Descenso en Leogang. El tiempo en los Alpes austriacos se torn\u00f3 m\u00e1s que complicado despu\u00e9s del reconocimiento y en comparaci\u00f3n con los d\u00edas de entrenamiento anteriores. Las brutales condiciones atmosf\u00e9ricas sin precedentes en la historia del ciclismo de monta\u00f1a trajeron consigo lluvias torrenciales que convirtieron la suciedad en barro, en las que los corredores crearon profundos agujeros. La competidora Vali H\u00f6ll no pudo participar en la carrera despu\u00e9s de que una desagradable ca\u00edda la enviara por encima del manillar mientras se entrenaba para un salto de ca\u00f1\u00f3n, lo que le caus\u00f3 una lesi\u00f3n en el tobillo.<\/p>\n","protected":false},"excerpt":{"rendered":"<p>A pesar del brote de COVID-19, el ciclismo profesional se mantuvo a flote y consigui\u00f3 concluir las tres grandes Vueltas. [&hellip;]<\/p>\n","protected":false},"author":29,"featured_media":7038,"comment_status":"open","ping_status":"open","sticky":false,"template":"","format":"standard","meta":{"footnotes":""},"categories":[7,9],"tags":[1962,1963,1964],"global-categories":[],"class_list":["post-7032","post","type-post","status-publish","format-standard","has-post-thumbnail","hentry","category-carretera","category-mtb-aventura","tag-analisis-2020-ciclista","tag-ciclismo-en-2020","tag-temporada-ciclista-2020"],"yoast_head":"<!-- This site is optimized with the Yoast SEO Premium plugin v25.3 (Yoast SEO v25.9) - https:\/\/yoast.com\/wordpress\/plugins\/seo\/ -->\n<title>As\u00ed fue el 2020 ciclista - \u0160koda We Love Cycling - Spain<\/title>\n<meta name=\"description\" content=\"As\u00ed fue el 2020 ciclista. El an\u00e1lisis de lo que ha deparado el 2020 al mundo del ciclismo a Skoda We love Cycling.\" \/>\n<meta name=\"robots\" content=\"index, follow, max-snippet:-1, max-image-preview:large, max-video-preview:-1\" \/>\n<link rel=\"canonical\" href=\"https:\/\/www.welovecycling.com\/es\/2020\/12\/30\/2020-ciclista\/\" \/>\n<meta property=\"og:locale\" content=\"es_ES\" \/>\n<meta property=\"og:type\" content=\"article\" \/>\n<meta property=\"og:title\" content=\"As\u00ed fue el 2020 ciclista\" \/>\n<meta property=\"og:description\" content=\"As\u00ed fue el 2020 ciclista. El an\u00e1lisis de lo que ha deparado el 2020 al mundo del ciclismo a Skoda We love Cycling.\" \/>\n<meta property=\"og:url\" content=\"https:\/\/www.welovecycling.com\/es\/2020\/12\/30\/2020-ciclista\/\" \/>\n<meta property=\"og:site_name\" content=\"\u0160koda We Love Cycling - Spain\" \/>\n<meta property=\"article:published_time\" content=\"2020-12-30T15:26:29+00:00\" \/>\n<meta property=\"og:image\" content=\"https:\/\/d2p6e6u75xmxt8.cloudfront.net\/6\/2020\/12\/Pogacar-Tour-profimedia-0558807037-CVR.jpg\" \/>\n\t<meta property=\"og:image:width\" content=\"1366\" \/>\n\t<meta property=\"og:image:height\" content=\"600\" \/>\n\t<meta property=\"og:image:type\" content=\"image\/jpeg\" \/>\n<meta name=\"author\" content=\"We Love Cycling Spain\" \/>\n<meta name=\"twitter:card\" content=\"summary_large_image\" \/>\n<meta name=\"twitter:title\" content=\"As\u00ed fue el 2020 ciclista\" \/>\n<meta name=\"twitter:description\" content=\"As\u00ed fue el 2020 ciclista. El an\u00e1lisis de lo que ha deparado el 2020 al mundo del ciclismo a Skoda We love Cycling.\" \/>\n<meta name=\"twitter:label1\" content=\"Written by\" \/>\n\t<meta name=\"twitter:data1\" content=\"Adam Marsal\" \/>\n\t<meta name=\"twitter:label2\" content=\"Est. reading time\" \/>\n\t<meta name=\"twitter:data2\" content=\"6\" \/>\n<script type=\"application\/ld+json\" class=\"yoast-schema-graph\">{\"@context\":\"https:\/\/schema.org\",\"@graph\":[{\"@type\":\"WebPage\",\"@id\":\"https:\/\/www.welovecycling.com\/es\/2020\/12\/30\/2020-ciclista\/\",\"url\":\"https:\/\/www.welovecycling.com\/es\/2020\/12\/30\/2020-ciclista\/\",\"name\":\"As\u00ed fue el 2020 ciclista - \u0160koda We Love Cycling - Spain\",\"isPartOf\":{\"@id\":\"https:\/\/www.welovecycling.com\/es\/#website\"},\"primaryImageOfPage\":{\"@id\":\"https:\/\/www.welovecycling.com\/es\/2020\/12\/30\/2020-ciclista\/#primaryimage\"},\"image\":{\"@id\":\"https:\/\/www.welovecycling.com\/es\/2020\/12\/30\/2020-ciclista\/#primaryimage\"},\"thumbnailUrl\":\"https:\/\/d2p6e6u75xmxt8.cloudfront.net\/6\/2020\/12\/Pogacar-Tour-profimedia-0558807037-CVR.jpg\",\"datePublished\":\"2020-12-30T15:26:29+00:00\",\"author\":{\"@id\":\"https:\/\/www.welovecycling.com\/es\/#\/schema\/person\/deb61715b5812698ee79fb96f343ccd4\"},\"description\":\"As\u00ed fue el 2020 ciclista. El an\u00e1lisis de lo que ha deparado el 2020 al mundo del ciclismo a Skoda We love Cycling.\",\"breadcrumb\":{\"@id\":\"https:\/\/www.welovecycling.com\/es\/2020\/12\/30\/2020-ciclista\/#breadcrumb\"},\"inLanguage\":\"es-ES\",\"potentialAction\":[{\"@type\":\"ReadAction\",\"target\":[\"https:\/\/www.welovecycling.com\/es\/2020\/12\/30\/2020-ciclista\/\"]}]},{\"@type\":\"ImageObject\",\"inLanguage\":\"es-ES\",\"@id\":\"https:\/\/www.welovecycling.com\/es\/2020\/12\/30\/2020-ciclista\/#primaryimage\",\"url\":\"https:\/\/d2p6e6u75xmxt8.cloudfront.net\/6\/2020\/12\/Pogacar-Tour-profimedia-0558807037-CVR.jpg\",\"contentUrl\":\"https:\/\/d2p6e6u75xmxt8.cloudfront.net\/6\/2020\/12\/Pogacar-Tour-profimedia-0558807037-CVR.jpg\",\"width\":1366,\"height\":600,\"caption\":\"Tadej Poga\u010dar\"},{\"@type\":\"BreadcrumbList\",\"@id\":\"https:\/\/www.welovecycling.com\/es\/2020\/12\/30\/2020-ciclista\/#breadcrumb\",\"itemListElement\":[{\"@type\":\"ListItem\",\"position\":1,\"name\":\"Home\",\"item\":\"https:\/\/www.welovecycling.com\/es\/\"},{\"@type\":\"ListItem\",\"position\":2,\"name\":\"As\u00ed fue el 2020 ciclista\"}]},{\"@type\":\"WebSite\",\"@id\":\"https:\/\/www.welovecycling.com\/es\/#website\",\"url\":\"https:\/\/www.welovecycling.com\/es\/\",\"name\":\"\u0160koda We Love Cycling - Spain\",\"description\":\"\u0160koda WeLoveCycling Spain\",\"potentialAction\":[{\"@type\":\"SearchAction\",\"target\":{\"@type\":\"EntryPoint\",\"urlTemplate\":\"https:\/\/www.welovecycling.com\/es\/?s={search_term_string}\"},\"query-input\":{\"@type\":\"PropertyValueSpecification\",\"valueRequired\":true,\"valueName\":\"search_term_string\"}}],\"inLanguage\":\"es-ES\"},{\"@type\":\"Person\",\"@id\":\"https:\/\/www.welovecycling.com\/es\/#\/schema\/person\/deb61715b5812698ee79fb96f343ccd4\",\"name\":\"We Love Cycling Spain\",\"image\":{\"@type\":\"ImageObject\",\"inLanguage\":\"es-ES\",\"@id\":\"https:\/\/www.welovecycling.com\/es\/#\/schema\/person\/image\/\",\"url\":\"https:\/\/secure.gravatar.com\/avatar\/c824b04e6df0e37a03219d0b6481672889df542894588964102459e46513159c?s=96&d=mm&r=g\",\"contentUrl\":\"https:\/\/secure.gravatar.com\/avatar\/c824b04e6df0e37a03219d0b6481672889df542894588964102459e46513159c?s=96&d=mm&r=g\",\"caption\":\"We Love Cycling Spain\"},\"url\":\"https:\/\/www.welovecycling.com\/es\/author\/amunoz\/\"}]}<\/script>\n<!-- \/ Yoast SEO Premium plugin. -->","yoast_head_json":{"title":"As\u00ed fue el 2020 ciclista - \u0160koda We Love Cycling - Spain","description":"As\u00ed fue el 2020 ciclista. El an\u00e1lisis de lo que ha deparado el 2020 al mundo del ciclismo a Skoda We love Cycling.","robots":{"index":"index","follow":"follow","max-snippet":"max-snippet:-1","max-image-preview":"max-image-preview:large","max-video-preview":"max-video-preview:-1"},"canonical":"https:\/\/www.welovecycling.com\/es\/2020\/12\/30\/2020-ciclista\/","og_locale":"es_ES","og_type":"article","og_title":"As\u00ed fue el 2020 ciclista","og_description":"As\u00ed fue el 2020 ciclista. El an\u00e1lisis de lo que ha deparado el 2020 al mundo del ciclismo a Skoda We love Cycling.","og_url":"https:\/\/www.welovecycling.com\/es\/2020\/12\/30\/2020-ciclista\/","og_site_name":"\u0160koda We Love Cycling - Spain","article_published_time":"2020-12-30T15:26:29+00:00","og_image":[{"width":1366,"height":600,"url":"https:\/\/d2p6e6u75xmxt8.cloudfront.net\/6\/2020\/12\/Pogacar-Tour-profimedia-0558807037-CVR.jpg","type":"image\/jpeg"}],"author":"We Love Cycling Spain","twitter_card":"summary_large_image","twitter_title":"As\u00ed fue el 2020 ciclista","twitter_description":"As\u00ed fue el 2020 ciclista. El an\u00e1lisis de lo que ha deparado el 2020 al mundo del ciclismo a Skoda We love Cycling.","twitter_misc":{"Written by":"Adam Marsal","Est. reading time":"6"},"schema":{"@context":"https:\/\/schema.org","@graph":[{"@type":"WebPage","@id":"https:\/\/www.welovecycling.com\/es\/2020\/12\/30\/2020-ciclista\/","url":"https:\/\/www.welovecycling.com\/es\/2020\/12\/30\/2020-ciclista\/","name":"As\u00ed fue el 2020 ciclista - \u0160koda We Love Cycling - Spain","isPartOf":{"@id":"https:\/\/www.welovecycling.com\/es\/#website"},"primaryImageOfPage":{"@id":"https:\/\/www.welovecycling.com\/es\/2020\/12\/30\/2020-ciclista\/#primaryimage"},"image":{"@id":"https:\/\/www.welovecycling.com\/es\/2020\/12\/30\/2020-ciclista\/#primaryimage"},"thumbnailUrl":"https:\/\/d2p6e6u75xmxt8.cloudfront.net\/6\/2020\/12\/Pogacar-Tour-profimedia-0558807037-CVR.jpg","datePublished":"2020-12-30T15:26:29+00:00","author":{"@id":"https:\/\/www.welovecycling.com\/es\/#\/schema\/person\/deb61715b5812698ee79fb96f343ccd4"},"description":"As\u00ed fue el 2020 ciclista. El an\u00e1lisis de lo que ha deparado el 2020 al mundo del ciclismo a Skoda We love Cycling.","breadcrumb":{"@id":"https:\/\/www.welovecycling.com\/es\/2020\/12\/30\/2020-ciclista\/#breadcrumb"},"inLanguage":"es-ES","potentialAction":[{"@type":"ReadAction","target":["https:\/\/www.welovecycling.com\/es\/2020\/12\/30\/2020-ciclista\/"]}]},{"@type":"ImageObject","inLanguage":"es-ES","@id":"https:\/\/www.welovecycling.com\/es\/2020\/12\/30\/2020-ciclista\/#primaryimage","url":"https:\/\/d2p6e6u75xmxt8.cloudfront.net\/6\/2020\/12\/Pogacar-Tour-profimedia-0558807037-CVR.jpg","contentUrl":"https:\/\/d2p6e6u75xmxt8.cloudfront.net\/6\/2020\/12\/Pogacar-Tour-profimedia-0558807037-CVR.jpg","width":1366,"height":600,"caption":"Tadej Poga\u010dar"},{"@type":"BreadcrumbList","@id":"https:\/\/www.welovecycling.com\/es\/2020\/12\/30\/2020-ciclista\/#breadcrumb","itemListElement":[{"@type":"ListItem","position":1,"name":"Home","item":"https:\/\/www.welovecycling.com\/es\/"},{"@type":"ListItem","position":2,"name":"As\u00ed fue el 2020 ciclista"}]},{"@type":"WebSite","@id":"https:\/\/www.welovecycling.com\/es\/#website","url":"https:\/\/www.welovecycling.com\/es\/","name":"\u0160koda We Love Cycling - Spain","description":"\u0160koda WeLoveCycling Spain","potentialAction":[{"@type":"SearchAction","target":{"@type":"EntryPoint","urlTemplate":"https:\/\/www.welovecycling.com\/es\/?s={search_term_string}"},"query-input":{"@type":"PropertyValueSpecification","valueRequired":true,"valueName":"search_term_string"}}],"inLanguage":"es-ES"},{"@type":"Person","@id":"https:\/\/www.welovecycling.com\/es\/#\/schema\/person\/deb61715b5812698ee79fb96f343ccd4","name":"We Love Cycling Spain","image":{"@type":"ImageObject","inLanguage":"es-ES","@id":"https:\/\/www.welovecycling.com\/es\/#\/schema\/person\/image\/","url":"https:\/\/secure.gravatar.com\/avatar\/c824b04e6df0e37a03219d0b6481672889df542894588964102459e46513159c?s=96&d=mm&r=g","contentUrl":"https:\/\/secure.gravatar.com\/avatar\/c824b04e6df0e37a03219d0b6481672889df542894588964102459e46513159c?s=96&d=mm&r=g","caption":"We Love Cycling Spain"},"url":"https:\/\/www.welovecycling.com\/es\/author\/amunoz\/"}]}},"_links":{"self":[{"href":"https:\/\/www.welovecycling.com\/es\/wp-json\/wp\/v2\/posts\/7032","targetHints":{"allow":["GET"]}}],"collection":[{"href":"https:\/\/www.welovecycling.com\/es\/wp-json\/wp\/v2\/posts"}],"about":[{"href":"https:\/\/www.welovecycling.com\/es\/wp-json\/wp\/v2\/types\/post"}],"author":[{"embeddable":true,"href":"https:\/\/www.welovecycling.com\/es\/wp-json\/wp\/v2\/users\/29"}],"replies":[{"embeddable":true,"href":"https:\/\/www.welovecycling.com\/es\/wp-json\/wp\/v2\/comments?post=7032"}],"version-history":[{"count":2,"href":"https:\/\/www.welovecycling.com\/es\/wp-json\/wp\/v2\/posts\/7032\/revisions"}],"predecessor-version":[{"id":7039,"href":"https:\/\/www.welovecycling.com\/es\/wp-json\/wp\/v2\/posts\/7032\/revisions\/7039"}],"wp:featuredmedia":[{"embeddable":true,"href":"https:\/\/www.welovecycling.com\/es\/wp-json\/wp\/v2\/media\/7038"}],"wp:attachment":[{"href":"https:\/\/www.welovecycling.com\/es\/wp-json\/wp\/v2\/media?parent=7032"}],"wp:term":[{"taxonomy":"category","embeddable":true,"href":"https:\/\/www.welovecycling.com\/es\/wp-json\/wp\/v2\/categories?post=7032"},{"taxonomy":"post_tag","embeddable":true,"href":"https:\/\/www.welovecycling.com\/es\/wp-json\/wp\/v2\/tags?post=7032"},{"taxonomy":"global-categories","embeddable":true,"href":"https:\/\/www.welovecycling.com\/es\/wp-json\/wp\/v2\/global-categories?post=7032"}],"curies":[{"name":"wp","href":"https:\/\/api.w.org\/{rel}","templated":true}]}}