{"id":7018,"date":"2020-12-15T22:42:01","date_gmt":"2020-12-15T20:42:01","guid":{"rendered":"https:\/\/www.welovecycling.com\/es\/?p=7018"},"modified":"2020-12-15T22:47:01","modified_gmt":"2020-12-15T20:47:01","slug":"tour-francia-2021","status":"publish","type":"post","link":"https:\/\/www.welovecycling.com\/es\/2020\/12\/15\/tour-francia-2021\/","title":{"rendered":"El Tour de Francia 2021 retorna al modelo cl\u00e1sico"},"content":{"rendered":"<p><strong>El Tour de Francia 2021 retorna al modelo cl\u00e1sico. Aquel que durante los Tours de Indurain y de los 90 se sol\u00edan recitar de memoria. Etapas llanas al principio, contrarreloj antes de la monta\u00f1a, Alpes, un puerto de transici\u00f3n, Pirineos y contrarreloj final antes de Par\u00eds. S\u00f3lo falta la crono por equipos y el pr\u00f3logo, pero el escenario es similar al de entonces.<\/strong><\/p>\n<p><!--more--><br \/>\nDespu\u00e9s de un Tour <a href=\"https:\/\/www.welovecycling.com\/es\/2020\/09\/14\/alpes-tour-de-francia\/\">2020 en septiembre<\/a>, m\u00e1s raro que nunca, con monta\u00f1a repartida en todas las semanas y resuelto en la cronoescalada final, la organizaci\u00f3n ha decidido retornar al modelo cl\u00e1sico. Por lo pronto ya anunci\u00f3 que la salida no iba a ser en Dinamarca, como estaba previsto, sino que se traslada a la <strong><span style=\"font-size: 16px;\">Breta\u00f1a<\/span><\/strong>\u00a0y que solo saldr\u00e1 del territorio galo para las dos etapas de Andorra, otro cl\u00e1sico de la carrera francesa.<\/p>\n<p><img loading=\"lazy\" decoding=\"async\" class=\"alignnone size-extra-large\" src=\"https:\/\/img.aso.fr\/core_app\/img-cycling-tdf-jpg\/parcours-tdf2021-1\/26045\/0:0,1260:1272-1200-0-70\/69f21\" width=\"1200\" height=\"1211\" \/><\/p>\n<h2><strong>Un inicio cl\u00e1sico<\/strong><\/h2>\n<p>El Tour de Francia 2021 arranca en la tierra de <strong>Bernard Hinault, en la <a href=\"https:\/\/www.letour.fr\/es\/la-carrera\/grands-departs\/grand-depart-2021\">Breta\u00f1a<\/a><\/strong>, un s\u00e1bado 26 de junio porque este a\u00f1o hay Juegos Ol\u00edmpicos. Y lo hace con una etapa pr\u00e1cticamente llana, con viento y repechos, pero con final en un puertecito de tres kil\u00f3metros, la <strong>Fosse Aup Loups<\/strong>, que impedir\u00e1 a los velocistas llegar en cabeza. Al d\u00eda siguiente mismo escenario, etapa peligrosa y con previsible viento y final en el <strong>Mur de Bretagne,<\/strong> otros dos kil\u00f3metros con rampas del 11%. As\u00ed que los primeros maillots amarillos no ser\u00e1n para hombres r\u00e1pidos.<\/p>\n<p>Su turno llegar\u00e1 en las dos siguientes jornadas, cuando el Tour se encamine hacia el centro de Francia en busca de la primera<strong> contrarreloj individual, que llega en la quinta etapa. <a href=\"https:\/\/www.letour.fr\/es\/etapa-5\">Ser\u00e1n 27 kil\u00f3metros pr\u00e1cticamente<\/a> llanos<\/strong> entre Change y Laval que dar\u00e1n las primeras ventajas entre los velocistas. Desde el Tour de 2008 no hab\u00eda una crono tan larga en la primera semana de Tour.<\/p>\n<p>Los escaladores del Tour de Francia 2021 tendr\u00e1n que aguantar otro d\u00eda de llano, con llegada en Chateauroux, para empezar a recortar tiempo. La etapa siete es la m\u00e1s larga de los \u00faltimos 21 a\u00f1os a\u00f1os de Tour<strong>. 248 kil\u00f3metros con final en Le Creusot y 3.000 metros de desnivel, con el in\u00e9dito Signal de Uchon (6 kil\u00f3metros al 6%)<\/strong> a 18 de meta.<\/p>\n<p>El fin de semana llegan un Alpes muy light, como suelen ser en el Tour cuando son en la primera semana de carrera.<br \/>\nEl s\u00e1bado 3 de julio es la primera etapa de monta\u00f1a con un final cl\u00e1sico, Le Grand Bornard y las subidas finales <strong>a Romme y Colombiere<\/strong> para acabar en descenso.<\/p>\n<p><img loading=\"lazy\" decoding=\"async\" class=\"alignnone size-extra-large\" src=\"https:\/\/img.aso.fr\/core_app\/img-cycling-tdf-jpg\/8\/26092\/0:0,960:696-960-0-90\/54e65\" width=\"960\" height=\"696\" \/><br \/>\nEl domingo 4 de julio el Tour devuelve el protagonismo a Tignes despu\u00e9s de que en 2019 no pudiese llegar la carrera por la granizada y los desprendimientos de tierra de aquella etapa. Jornada corta, pero con casi 4.000 metros de desnivel acumulado con <strong>Saisies, Col du Pre, Cormet de Roselend y final en alto en Tignes<\/strong>, con un puerto largo, 21 kil\u00f3metros, pero tendido, al 5,6%.<\/p>\n<p><img loading=\"lazy\" decoding=\"async\" class=\"alignnone size-extra-large\" src=\"https:\/\/img.aso.fr\/core_app\/img-cycling-tdf-jpg\/9\/26093\/0:0,960:589-960-0-90\/6a20c\" width=\"960\" height=\"589\" \/><\/p>\n<h2><strong>Segunda semana con Ventoux y Andorra<\/strong><\/h2>\n<p>Despu\u00e9s de la jornada de descanso en Tignes, el Tour de Francia 2021 empieza la segunda semana con una etapa llana con final en Valence. Sera la antesala de una de las etapas claves de 2021, porque se sube el <strong>Ventoux<\/strong> y all\u00ed siempre hay batalla. En esta ocasi\u00f3n ser\u00e1 en una etapa de <strong>200 kil\u00f3metros y casi 4.000 metros de desnivel<\/strong> con doble ascensi\u00f3n al gigante de la Provenza, la primera casi in\u00e9dita por Sault y la segunda cl\u00e1sica por Bedoin. Eso s\u00ed, la meta no estar\u00e1 en el paisaje lunar de la cima, sino despu\u00e9s de 22 kil\u00f3metros de descenso hacia Malaucene.<\/p>\n<p><img loading=\"lazy\" decoding=\"async\" class=\"alignnone size-extra-large\" src=\"https:\/\/img.aso.fr\/core_app\/img-cycling-tdf-jpg\/11\/26090\/0:0,960:535-960-0-90\/074a6\" width=\"960\" height=\"535\" \/><br \/>\nLa carrera sigue paralela al Mediterr\u00e1neo, lo que supone previsible viento, camino de Nimes y Carcassone, dos ciudades hist\u00f3ricas y medievales y que casi con toda seguridad ver\u00e1n una fuga consentida o un sprint. Son la antesala del fin de semana, en que el vuelve la monta\u00f1a. El s\u00e1bado la etapa<strong> 14, entre Carcassone y Quilan. Media monta\u00f1a<\/strong> por los Pre Pirineos con 185 kil\u00f3metros con multitud de cotas, puntuables o no, y un \u00faltimo puerto, el Col de Saint-Louis, 4,7 kil\u00f3metros al 7,4%, situado a solo 15 de meta.<\/p>\n<p>El <strong>domingo 15 de julio el Tour llega a los Pirineos y a Andorra<\/strong> con una etapa de monta\u00f1a diferente a las habituales. Ser\u00e1n casi 200 kil\u00f3metros con salida en Ceret y puertos de paso largos y tendidos. Font Romeu (8,4 km al 5,7%), Puymorens (5,9 kil\u00f3metros al 4,6%) y Envalira (10,7 kil\u00f3metros al 6,2%) para bajar a Encamp y subir el dur\u00edsimo <strong>Beixalis<\/strong>, con cuatro kil\u00f3metros iniciales al 12% y cuya cima est\u00e1 a 15 kil\u00f3metros de la meta en Andorra. As\u00ed que los escaladores tambi\u00e9n tendr\u00e1n que bajar.<\/p>\n<p><img loading=\"lazy\" decoding=\"async\" class=\"alignnone size-extra-large\" src=\"https:\/\/img.aso.fr\/core_app\/img-cycling-tdf-jpg\/15\/26094\/0:0,960:667-960-0-90\/156d3\" width=\"960\" height=\"667\" \/><\/p>\n<h2><strong>Tercera semana con Pirineos y crono<\/strong><\/h2>\n<p>En esta edici\u00f3n los Pirineos no decidir\u00e1n el Tour, porque la sentencia definitiva esperar\u00e1 en la crono. Despu\u00e9s del d\u00eda de descanso en Andorra la ronda gala sale de <strong>Pas de la Casa para atravesar Col de Port, Col de la Core y Portet de Aspet antes de llegar a Saint Gaudens<\/strong>. En principio debe haber espacio para una fuga, pero cualquiera de los favoritos lo pueden intentar porque hay terreno suficiente.<\/p>\n<p>Quiz\u00e1s la<strong> etapa reina del Tour llega el mi\u00e9rcoles 14 de julio, d\u00eda de la Fiesta Nacional gala<\/strong>. Ser\u00e1n 178 kil\u00f3metros divididos en dos partes. Los primeros 113 hasta Bagneres de Luchon pr\u00e1cticamente llanos y los 65 \u00faltimos los mismos que en aquella etapa de 2018 (y que solo tuvo ese recorrido). Peyresourde (13 km al 7%), Val Louron (7,4 km al 8,3%) y el final m\u00e1s duro de todo el Tour, el<strong> Col du Portet, con sus 16 kil\u00f3metros al 8,7% de desnivel.<\/strong><\/p>\n<p><img loading=\"lazy\" decoding=\"async\" class=\"alignnone size-extra-large\" src=\"https:\/\/img.aso.fr\/core_app\/img-cycling-tdf-jpg\/17\/26089\/0:0,960:704-960-0-90\/fc01f\" width=\"960\" height=\"704\" \/><br \/>\nAl d\u00eda siguiente una etapa cl\u00e1sica donde las haya, pero menos dura de lo habitual para ser la <a href=\"https:\/\/www.letour.fr\/es\/etapa-18\">\u00faltima de alta monta\u00f1a<\/a> del Tour. Salida en Pau y 80 kil\u00f3metros llanos hasta Saint Marie Campan. Desde all\u00ed 50 kil\u00f3metros con\u00a0 el m\u00edtico <strong>Tourmalet<\/strong> por su vertiente m\u00e1s dura (La Mongie) con 17 kil\u00f3metros al 7,3% y final en un cl\u00e1sico de la carrera francesa, <strong>Luz Ardiden<\/strong>, con sus 13 kil\u00f3metros al 7,5%.<\/p>\n<p>Una etapa llana con final en Libourne como \u00faltima opci\u00f3n para los aventureros y el s\u00e1bado 17 de julio se decidir\u00e1 el T<strong>our en <a href=\"https:\/\/www.letour.fr\/es\/etapa-20\">Saint Emilion, con una crono de 31 kil\u00f3metros<\/a><\/strong> que dar\u00e1 el maillot amarillo para vestirlo en Paris.<\/p>\n","protected":false},"excerpt":{"rendered":"<p>El Tour de Francia 2021 retorna al modelo cl\u00e1sico. Aquel que durante los Tours de Indurain y de los 90 [&hellip;]<\/p>\n","protected":false},"author":29,"featured_media":6653,"comment_status":"open","ping_status":"open","sticky":false,"template":"","format":"standard","meta":{"footnotes":""},"categories":[7],"tags":[1947,1945,1948,1942,1946,1943,1944,1941,1949,1950],"global-categories":[1164],"class_list":["post-7018","post","type-post","status-publish","format-standard","has-post-thumbnail","hentry","category-carretera","tag-etapas-clave-tour-2021","tag-etapas-de-montana-tour-de-francia","tag-etapas-pirineos-tour-2021","tag-etapas-tour-2021","tag-montana-tour-2021","tag-recorrido-tour-2021","tag-recorrido-tour-de-francia","tag-tour-2021","tag-tour-2021-andorra","tag-tour-2021-en-pirineos","global-categories-cycling"],"yoast_head":"<!-- This site is optimized with the Yoast SEO Premium plugin v25.3 (Yoast SEO v25.9) - https:\/\/yoast.com\/wordpress\/plugins\/seo\/ -->\n<title>El Tour de Francia 2021 retorna al modelo cl\u00e1sico - \u0160koda We Love Cycling - Spain<\/title>\n<meta name=\"description\" content=\"El Tour de Francia 2021 retorna al modelo cl\u00e1sico. Las etapas clave del Tour de Francia 2021. Alpes, Pirineos y contrarreloj.\" \/>\n<meta name=\"robots\" content=\"index, follow, max-snippet:-1, max-image-preview:large, max-video-preview:-1\" \/>\n<link rel=\"canonical\" href=\"https:\/\/www.welovecycling.com\/es\/2020\/12\/15\/tour-francia-2021\/\" \/>\n<meta property=\"og:locale\" content=\"es_ES\" \/>\n<meta property=\"og:type\" content=\"article\" \/>\n<meta property=\"og:title\" content=\"El Tour de Francia 2021 retorna al modelo cl\u00e1sico\" \/>\n<meta property=\"og:description\" content=\"El Tour de Francia 2021 retorna al modelo cl\u00e1sico. Las etapas clave del Tour de Francia 2021. Alpes, Pirineos y contrarreloj.\" \/>\n<meta property=\"og:url\" content=\"https:\/\/www.welovecycling.com\/es\/2020\/12\/15\/tour-francia-2021\/\" \/>\n<meta property=\"og:site_name\" content=\"\u0160koda We Love Cycling - Spain\" \/>\n<meta property=\"article:published_time\" content=\"2020-12-15T20:42:01+00:00\" \/>\n<meta property=\"article:modified_time\" content=\"2020-12-15T20:47:01+00:00\" \/>\n<meta property=\"og:image\" content=\"https:\/\/d2p6e6u75xmxt8.cloudfront.net\/6\/2020\/09\/mountain-stage-profimedia-CVR-0555519438.jpg\" \/>\n\t<meta property=\"og:image:width\" content=\"1366\" \/>\n\t<meta property=\"og:image:height\" content=\"600\" \/>\n\t<meta property=\"og:image:type\" content=\"image\/jpeg\" \/>\n<meta name=\"author\" content=\"We Love Cycling Spain\" \/>\n<meta name=\"twitter:card\" content=\"summary_large_image\" \/>\n<meta name=\"twitter:label1\" content=\"Written by\" \/>\n\t<meta name=\"twitter:data1\" content=\"Luis @ciclored\" \/>\n\t<meta name=\"twitter:label2\" content=\"Est. reading time\" \/>\n\t<meta name=\"twitter:data2\" content=\"5 minutes\" \/>\n<script type=\"application\/ld+json\" class=\"yoast-schema-graph\">{\"@context\":\"https:\/\/schema.org\",\"@graph\":[{\"@type\":\"WebPage\",\"@id\":\"https:\/\/www.welovecycling.com\/es\/2020\/12\/15\/tour-francia-2021\/\",\"url\":\"https:\/\/www.welovecycling.com\/es\/2020\/12\/15\/tour-francia-2021\/\",\"name\":\"El Tour de Francia 2021 retorna al modelo cl\u00e1sico - \u0160koda We Love Cycling - Spain\",\"isPartOf\":{\"@id\":\"https:\/\/www.welovecycling.com\/es\/#website\"},\"primaryImageOfPage\":{\"@id\":\"https:\/\/www.welovecycling.com\/es\/2020\/12\/15\/tour-francia-2021\/#primaryimage\"},\"image\":{\"@id\":\"https:\/\/www.welovecycling.com\/es\/2020\/12\/15\/tour-francia-2021\/#primaryimage\"},\"thumbnailUrl\":\"https:\/\/d2p6e6u75xmxt8.cloudfront.net\/6\/2020\/09\/mountain-stage-profimedia-CVR-0555519438.jpg\",\"datePublished\":\"2020-12-15T20:42:01+00:00\",\"dateModified\":\"2020-12-15T20:47:01+00:00\",\"author\":{\"@id\":\"https:\/\/www.welovecycling.com\/es\/#\/schema\/person\/deb61715b5812698ee79fb96f343ccd4\"},\"description\":\"El Tour de Francia 2021 retorna al modelo cl\u00e1sico. Las etapas clave del Tour de Francia 2021. Alpes, Pirineos y contrarreloj.\",\"breadcrumb\":{\"@id\":\"https:\/\/www.welovecycling.com\/es\/2020\/12\/15\/tour-francia-2021\/#breadcrumb\"},\"inLanguage\":\"es-ES\",\"potentialAction\":[{\"@type\":\"ReadAction\",\"target\":[\"https:\/\/www.welovecycling.com\/es\/2020\/12\/15\/tour-francia-2021\/\"]}]},{\"@type\":\"ImageObject\",\"inLanguage\":\"es-ES\",\"@id\":\"https:\/\/www.welovecycling.com\/es\/2020\/12\/15\/tour-francia-2021\/#primaryimage\",\"url\":\"https:\/\/d2p6e6u75xmxt8.cloudfront.net\/6\/2020\/09\/mountain-stage-profimedia-CVR-0555519438.jpg\",\"contentUrl\":\"https:\/\/d2p6e6u75xmxt8.cloudfront.net\/6\/2020\/09\/mountain-stage-profimedia-CVR-0555519438.jpg\",\"width\":1366,\"height\":600,\"caption\":\"Tour de France\"},{\"@type\":\"BreadcrumbList\",\"@id\":\"https:\/\/www.welovecycling.com\/es\/2020\/12\/15\/tour-francia-2021\/#breadcrumb\",\"itemListElement\":[{\"@type\":\"ListItem\",\"position\":1,\"name\":\"Home\",\"item\":\"https:\/\/www.welovecycling.com\/es\/\"},{\"@type\":\"ListItem\",\"position\":2,\"name\":\"El Tour de Francia 2021 retorna al modelo cl\u00e1sico\"}]},{\"@type\":\"WebSite\",\"@id\":\"https:\/\/www.welovecycling.com\/es\/#website\",\"url\":\"https:\/\/www.welovecycling.com\/es\/\",\"name\":\"\u0160koda We Love Cycling - Spain\",\"description\":\"\u0160koda WeLoveCycling Spain\",\"potentialAction\":[{\"@type\":\"SearchAction\",\"target\":{\"@type\":\"EntryPoint\",\"urlTemplate\":\"https:\/\/www.welovecycling.com\/es\/?s={search_term_string}\"},\"query-input\":{\"@type\":\"PropertyValueSpecification\",\"valueRequired\":true,\"valueName\":\"search_term_string\"}}],\"inLanguage\":\"es-ES\"},{\"@type\":\"Person\",\"@id\":\"https:\/\/www.welovecycling.com\/es\/#\/schema\/person\/deb61715b5812698ee79fb96f343ccd4\",\"name\":\"We Love Cycling Spain\",\"image\":{\"@type\":\"ImageObject\",\"inLanguage\":\"es-ES\",\"@id\":\"https:\/\/www.welovecycling.com\/es\/#\/schema\/person\/image\/\",\"url\":\"https:\/\/secure.gravatar.com\/avatar\/c824b04e6df0e37a03219d0b6481672889df542894588964102459e46513159c?s=96&d=mm&r=g\",\"contentUrl\":\"https:\/\/secure.gravatar.com\/avatar\/c824b04e6df0e37a03219d0b6481672889df542894588964102459e46513159c?s=96&d=mm&r=g\",\"caption\":\"We Love Cycling Spain\"},\"url\":\"https:\/\/www.welovecycling.com\/es\/author\/amunoz\/\"}]}<\/script>\n<!-- \/ Yoast SEO Premium plugin. -->","yoast_head_json":{"title":"El Tour de Francia 2021 retorna al modelo cl\u00e1sico - \u0160koda We Love Cycling - Spain","description":"El Tour de Francia 2021 retorna al modelo cl\u00e1sico. Las etapas clave del Tour de Francia 2021. Alpes, Pirineos y contrarreloj.","robots":{"index":"index","follow":"follow","max-snippet":"max-snippet:-1","max-image-preview":"max-image-preview:large","max-video-preview":"max-video-preview:-1"},"canonical":"https:\/\/www.welovecycling.com\/es\/2020\/12\/15\/tour-francia-2021\/","og_locale":"es_ES","og_type":"article","og_title":"El Tour de Francia 2021 retorna al modelo cl\u00e1sico","og_description":"El Tour de Francia 2021 retorna al modelo cl\u00e1sico. Las etapas clave del Tour de Francia 2021. Alpes, Pirineos y contrarreloj.","og_url":"https:\/\/www.welovecycling.com\/es\/2020\/12\/15\/tour-francia-2021\/","og_site_name":"\u0160koda We Love Cycling - Spain","article_published_time":"2020-12-15T20:42:01+00:00","article_modified_time":"2020-12-15T20:47:01+00:00","og_image":[{"width":1366,"height":600,"url":"https:\/\/d2p6e6u75xmxt8.cloudfront.net\/6\/2020\/09\/mountain-stage-profimedia-CVR-0555519438.jpg","type":"image\/jpeg"}],"author":"We Love Cycling Spain","twitter_card":"summary_large_image","twitter_misc":{"Written by":"Luis @ciclored","Est. reading time":"5 minutes"},"schema":{"@context":"https:\/\/schema.org","@graph":[{"@type":"WebPage","@id":"https:\/\/www.welovecycling.com\/es\/2020\/12\/15\/tour-francia-2021\/","url":"https:\/\/www.welovecycling.com\/es\/2020\/12\/15\/tour-francia-2021\/","name":"El Tour de Francia 2021 retorna al modelo cl\u00e1sico - \u0160koda We Love Cycling - Spain","isPartOf":{"@id":"https:\/\/www.welovecycling.com\/es\/#website"},"primaryImageOfPage":{"@id":"https:\/\/www.welovecycling.com\/es\/2020\/12\/15\/tour-francia-2021\/#primaryimage"},"image":{"@id":"https:\/\/www.welovecycling.com\/es\/2020\/12\/15\/tour-francia-2021\/#primaryimage"},"thumbnailUrl":"https:\/\/d2p6e6u75xmxt8.cloudfront.net\/6\/2020\/09\/mountain-stage-profimedia-CVR-0555519438.jpg","datePublished":"2020-12-15T20:42:01+00:00","dateModified":"2020-12-15T20:47:01+00:00","author":{"@id":"https:\/\/www.welovecycling.com\/es\/#\/schema\/person\/deb61715b5812698ee79fb96f343ccd4"},"description":"El Tour de Francia 2021 retorna al modelo cl\u00e1sico. Las etapas clave del Tour de Francia 2021. Alpes, Pirineos y contrarreloj.","breadcrumb":{"@id":"https:\/\/www.welovecycling.com\/es\/2020\/12\/15\/tour-francia-2021\/#breadcrumb"},"inLanguage":"es-ES","potentialAction":[{"@type":"ReadAction","target":["https:\/\/www.welovecycling.com\/es\/2020\/12\/15\/tour-francia-2021\/"]}]},{"@type":"ImageObject","inLanguage":"es-ES","@id":"https:\/\/www.welovecycling.com\/es\/2020\/12\/15\/tour-francia-2021\/#primaryimage","url":"https:\/\/d2p6e6u75xmxt8.cloudfront.net\/6\/2020\/09\/mountain-stage-profimedia-CVR-0555519438.jpg","contentUrl":"https:\/\/d2p6e6u75xmxt8.cloudfront.net\/6\/2020\/09\/mountain-stage-profimedia-CVR-0555519438.jpg","width":1366,"height":600,"caption":"Tour de France"},{"@type":"BreadcrumbList","@id":"https:\/\/www.welovecycling.com\/es\/2020\/12\/15\/tour-francia-2021\/#breadcrumb","itemListElement":[{"@type":"ListItem","position":1,"name":"Home","item":"https:\/\/www.welovecycling.com\/es\/"},{"@type":"ListItem","position":2,"name":"El Tour de Francia 2021 retorna al modelo cl\u00e1sico"}]},{"@type":"WebSite","@id":"https:\/\/www.welovecycling.com\/es\/#website","url":"https:\/\/www.welovecycling.com\/es\/","name":"\u0160koda We Love Cycling - Spain","description":"\u0160koda WeLoveCycling Spain","potentialAction":[{"@type":"SearchAction","target":{"@type":"EntryPoint","urlTemplate":"https:\/\/www.welovecycling.com\/es\/?s={search_term_string}"},"query-input":{"@type":"PropertyValueSpecification","valueRequired":true,"valueName":"search_term_string"}}],"inLanguage":"es-ES"},{"@type":"Person","@id":"https:\/\/www.welovecycling.com\/es\/#\/schema\/person\/deb61715b5812698ee79fb96f343ccd4","name":"We Love Cycling Spain","image":{"@type":"ImageObject","inLanguage":"es-ES","@id":"https:\/\/www.welovecycling.com\/es\/#\/schema\/person\/image\/","url":"https:\/\/secure.gravatar.com\/avatar\/c824b04e6df0e37a03219d0b6481672889df542894588964102459e46513159c?s=96&d=mm&r=g","contentUrl":"https:\/\/secure.gravatar.com\/avatar\/c824b04e6df0e37a03219d0b6481672889df542894588964102459e46513159c?s=96&d=mm&r=g","caption":"We Love Cycling Spain"},"url":"https:\/\/www.welovecycling.com\/es\/author\/amunoz\/"}]}},"_links":{"self":[{"href":"https:\/\/www.welovecycling.com\/es\/wp-json\/wp\/v2\/posts\/7018","targetHints":{"allow":["GET"]}}],"collection":[{"href":"https:\/\/www.welovecycling.com\/es\/wp-json\/wp\/v2\/posts"}],"about":[{"href":"https:\/\/www.welovecycling.com\/es\/wp-json\/wp\/v2\/types\/post"}],"author":[{"embeddable":true,"href":"https:\/\/www.welovecycling.com\/es\/wp-json\/wp\/v2\/users\/29"}],"replies":[{"embeddable":true,"href":"https:\/\/www.welovecycling.com\/es\/wp-json\/wp\/v2\/comments?post=7018"}],"version-history":[{"count":2,"href":"https:\/\/www.welovecycling.com\/es\/wp-json\/wp\/v2\/posts\/7018\/revisions"}],"predecessor-version":[{"id":7020,"href":"https:\/\/www.welovecycling.com\/es\/wp-json\/wp\/v2\/posts\/7018\/revisions\/7020"}],"wp:featuredmedia":[{"embeddable":true,"href":"https:\/\/www.welovecycling.com\/es\/wp-json\/wp\/v2\/media\/6653"}],"wp:attachment":[{"href":"https:\/\/www.welovecycling.com\/es\/wp-json\/wp\/v2\/media?parent=7018"}],"wp:term":[{"taxonomy":"category","embeddable":true,"href":"https:\/\/www.welovecycling.com\/es\/wp-json\/wp\/v2\/categories?post=7018"},{"taxonomy":"post_tag","embeddable":true,"href":"https:\/\/www.welovecycling.com\/es\/wp-json\/wp\/v2\/tags?post=7018"},{"taxonomy":"global-categories","embeddable":true,"href":"https:\/\/www.welovecycling.com\/es\/wp-json\/wp\/v2\/global-categories?post=7018"}],"curies":[{"name":"wp","href":"https:\/\/api.w.org\/{rel}","templated":true}]}}