{"id":7005,"date":"2020-12-14T13:55:34","date_gmt":"2020-12-14T11:55:34","guid":{"rendered":"https:\/\/www.welovecycling.com\/es\/?p=7005"},"modified":"2020-12-14T13:55:34","modified_gmt":"2020-12-14T11:55:34","slug":"entrenamientos-cortos-en-bici","status":"publish","type":"post","link":"https:\/\/www.welovecycling.com\/es\/2020\/12\/14\/entrenamientos-cortos-en-bici\/","title":{"rendered":"Por qu\u00e9 es mejor dos entrenamientos cortos en bici que uno largo"},"content":{"rendered":"<p><strong>\u00bfEs mejor hacer un entrenamiento de 5 horas el s\u00e1bado seguido de un d\u00eda de descanso el domingo o un entrenamiento de 2,5 horas tanto el s\u00e1bado como el domingo? Hay argumentos interesantes para cada enfoque. Veamos las razones por las que es m\u00e1s recomendable dos entrenamientos cortos que uno largo.<\/strong><\/p>\n<p><!--more--><\/p>\n<h2><strong>Dos entrenamientos cortos a la semana mejor que uno largo<\/strong><\/h2>\n<p>Una gran raz\u00f3n para hacer dos sesiones cortas en lugar de uno largo es la frecuencia de entrenamiento. Si eres un ciclista que s\u00f3lo tiene unas 5 horas por semana para andar en bicicleta, entonces es mucho mejor hacer dos salidas por semana y tener 2-3 d\u00edas de descanso entre ellas. Si haces solo una sesi\u00f3n larga, entonces tu cuerpo estar\u00e1 sin entrenamiento durante 6 d\u00edas seguidos, lo cual no es muy efectivo y podr\u00edas estancarte.<\/p>\n<figure id=\"attachment_7008\" aria-describedby=\"caption-attachment-7008\" style=\"width: 1000px\" class=\"wp-caption alignnone\"><a href=\"https:\/\/d2p6e6u75xmxt8.cloudfront.net\/6\/2020\/12\/Road-cycling-Alps-profimedia-0573033563-1.jpg\"><img loading=\"lazy\" decoding=\"async\" class=\"wp-image-7008 size-full\" src=\"https:\/\/d2p6e6u75xmxt8.cloudfront.net\/6\/2020\/12\/Road-cycling-Alps-profimedia-0573033563-1.jpg\" alt=\"Cycling in Alps\" width=\"1000\" height=\"667\" srcset=\"https:\/\/d2p6e6u75xmxt8.cloudfront.net\/6\/2020\/12\/Road-cycling-Alps-profimedia-0573033563-1.jpg 1000w, https:\/\/d2p6e6u75xmxt8.cloudfront.net\/6\/2020\/12\/Road-cycling-Alps-profimedia-0573033563-1-300x200.jpg 300w, https:\/\/d2p6e6u75xmxt8.cloudfront.net\/6\/2020\/12\/Road-cycling-Alps-profimedia-0573033563-1-768x512.jpg 768w, https:\/\/d2p6e6u75xmxt8.cloudfront.net\/6\/2020\/12\/Road-cycling-Alps-profimedia-0573033563-1-272x182.jpg 272w\" sizes=\"auto, (max-width: 1000px) 100vw, 1000px\" \/><\/a><figcaption id=\"caption-attachment-7008\" class=\"wp-caption-text\">Haz lo mejor que puedas para evitar el desentrenamiento. \u00a9 Profimedia<\/figcaption><\/figure>\n<h2><strong><br \/>\nFacilita la recuperaci\u00f3n<\/strong><\/h2>\n<p>Los entrenamientos m\u00e1s cortos siempre son m\u00e1s f\u00e1ciles de recuperar. Puedes reponer los fluidos perdidos m\u00e1s r\u00e1pido y quemas menos calor\u00edas en general, por lo que tambi\u00e9n es m\u00e1s f\u00e1cil reponer el gluc\u00f3geno. Esto tambi\u00e9n significa que puedes estar relativamente fresco al d\u00eda siguiente y volver a tener una sesi\u00f3n de entrenamiento de calidad. Adem\u00e1s, puedes seguir estando activo durante el resto del d\u00eda. Un entrenamiento muy largo de m\u00e1s de 5 horas probablemente matar\u00e1 el resto del d\u00eda. Esto es importante si no eres un ciclista profesional, sino una persona normal que tambi\u00e9n necesita trabajar, socializar y hacer tareas.<\/p>\n<h2><strong>El entrenamiento de calidad es mejor para correr<\/strong><\/h2>\n<p>Si haces dos entrenamientos m\u00e1s reducidos, puedes pasar las 5 horas combinadas a una mayor intensidad que si hicieras las 5 horas en un solo entreno. Por lo tanto, la verdadera pregunta es si es mejor tener dos sesiones a una intensidad un poco m\u00e1s alta o una sesi\u00f3n continua a una intensidad m\u00e1s baja.<\/p>\n<figure id=\"attachment_7011\" aria-describedby=\"caption-attachment-7011\" style=\"width: 1000px\" class=\"wp-caption alignnone\"><a href=\"https:\/\/d2p6e6u75xmxt8.cloudfront.net\/6\/2020\/12\/Cyclist-profimedia-0572737190.jpg\"><img loading=\"lazy\" decoding=\"async\" class=\"size-full wp-image-7011\" src=\"https:\/\/d2p6e6u75xmxt8.cloudfront.net\/6\/2020\/12\/Cyclist-profimedia-0572737190.jpg\" alt=\"\" width=\"1000\" height=\"667\" srcset=\"https:\/\/d2p6e6u75xmxt8.cloudfront.net\/6\/2020\/12\/Cyclist-profimedia-0572737190.jpg 1000w, https:\/\/d2p6e6u75xmxt8.cloudfront.net\/6\/2020\/12\/Cyclist-profimedia-0572737190-300x200.jpg 300w, https:\/\/d2p6e6u75xmxt8.cloudfront.net\/6\/2020\/12\/Cyclist-profimedia-0572737190-768x512.jpg 768w, https:\/\/d2p6e6u75xmxt8.cloudfront.net\/6\/2020\/12\/Cyclist-profimedia-0572737190-272x182.jpg 272w\" sizes=\"auto, (max-width: 1000px) 100vw, 1000px\" \/><\/a><figcaption id=\"caption-attachment-7011\" class=\"wp-caption-text\">Lo ideal es 2 o 3 d\u00edas de rodaje y de descanso en medio. \u00a9 Profimedia<\/figcaption><\/figure>\n<p>&nbsp;<\/p>\n<p>La cuesti\u00f3n es que probablemente no necesites m\u00e1s entrenamiento de resistencia. Hacer sesiones muy largas y de baja intensidad mejora la resistencia y la eficiencia. Pero la mayor\u00eda de los entusiastas del ciclismo ya tienen suficiente resistencia para terminar la carrera para la que se est\u00e1n entrenando. Tal vez con la excepci\u00f3n de ciertos eventos ultra. Lo que los ciclistas suelen necesitar es una mayor potencia en el umbral de lactato. Eso les permitir\u00e1 mantener una velocidad m\u00e1s r\u00e1pida durante esa carrera. Una mayor intensidad ayuda con eso.<\/p>\n<p>Pasar m\u00e1s tiempo a intensidades ineficaces s\u00f3lo a\u00f1ade fatiga de la que hay que recuperarse. Puedes mejorar tu umbral de lactato y el VO2 m\u00e1ximo con entrenamientos que son incluso m\u00e1s cortas que 2.5 horas. Por lo tanto, dos recorridos m\u00e1s cortos te dar\u00e1n una mejor frecuencia de entrenamiento y adaptaciones si tu objetivo es mejorar para su pr\u00f3xima carrera.<\/p>\n","protected":false},"excerpt":{"rendered":"<p>\u00bfEs mejor hacer un entrenamiento de 5 horas el s\u00e1bado seguido de un d\u00eda de descanso el domingo o un [&hellip;]<\/p>\n","protected":false},"author":29,"featured_media":7013,"comment_status":"open","ping_status":"open","sticky":false,"template":"","format":"standard","meta":{"footnotes":""},"categories":[7,9],"tags":[1935,1936,1933,1934],"global-categories":[],"class_list":["post-7005","post","type-post","status-publish","format-standard","has-post-thumbnail","hentry","category-carretera","category-mtb-aventura","tag-entrenamiento-calidad-ciclismo","tag-entrenamiento-intensidad-ciclismo","tag-entrenamientos-cortos","tag-frecuencia-entrenamiento-ciclismo"],"yoast_head":"<!-- This site is optimized with the Yoast SEO Premium plugin v25.3 (Yoast SEO v25.9) - https:\/\/yoast.com\/wordpress\/plugins\/seo\/ -->\n<title>Por qu\u00e9 es mejor dos entrenamientos cortos en bici que uno largo<\/title>\n<meta name=\"description\" content=\"Por qu\u00e9 es mejor dos entrenamientos cortos en bici que uno largo. La raz\u00f3n por la que entrenar la intensidad en el ciclismo.\" \/>\n<meta name=\"robots\" content=\"index, follow, max-snippet:-1, max-image-preview:large, max-video-preview:-1\" \/>\n<link rel=\"canonical\" href=\"https:\/\/www.welovecycling.com\/es\/2020\/12\/14\/entrenamientos-cortos-en-bici\/\" \/>\n<meta property=\"og:locale\" content=\"es_ES\" \/>\n<meta property=\"og:type\" content=\"article\" \/>\n<meta property=\"og:title\" content=\"Por qu\u00e9 es mejor dos entrenamientos cortos en bici que uno largo\" \/>\n<meta property=\"og:description\" content=\"Por qu\u00e9 es mejor dos entrenamientos cortos en bici que uno largo. La raz\u00f3n por la que entrenmar la intensidad en el ciclismo.\" \/>\n<meta property=\"og:url\" content=\"https:\/\/www.welovecycling.com\/es\/2020\/12\/14\/entrenamientos-cortos-en-bici\/\" \/>\n<meta property=\"og:site_name\" content=\"\u0160koda We Love Cycling - Spain\" \/>\n<meta property=\"article:published_time\" content=\"2020-12-14T11:55:34+00:00\" \/>\n<meta property=\"og:image\" content=\"https:\/\/d2p6e6u75xmxt8.cloudfront.net\/6\/2020\/12\/Winter-cycling-profimedia-0573531043-CVR.jpg\" \/>\n\t<meta property=\"og:image:width\" content=\"1366\" \/>\n\t<meta property=\"og:image:height\" content=\"600\" \/>\n\t<meta property=\"og:image:type\" content=\"image\/jpeg\" \/>\n<meta name=\"author\" content=\"We Love Cycling Spain\" \/>\n<meta name=\"twitter:card\" content=\"summary_large_image\" \/>\n<meta name=\"twitter:title\" content=\"Por qu\u00e9 es mejor dos entrenamientos cortos en bici que uno largo\" \/>\n<meta name=\"twitter:description\" content=\"Por qu\u00e9 es mejor dos entrenamientos cortos en bici que uno largo. La raz\u00f3n por la que entrenmar la intensidad en el ciclismo.\" \/>\n<meta name=\"twitter:label1\" content=\"Written by\" \/>\n\t<meta name=\"twitter:data1\" content=\"Jiri Kaloc\" \/>\n\t<meta name=\"twitter:label2\" content=\"Est. reading time\" \/>\n\t<meta name=\"twitter:data2\" content=\"5\" \/>\n<script type=\"application\/ld+json\" class=\"yoast-schema-graph\">{\"@context\":\"https:\/\/schema.org\",\"@graph\":[{\"@type\":\"WebPage\",\"@id\":\"https:\/\/www.welovecycling.com\/es\/2020\/12\/14\/entrenamientos-cortos-en-bici\/\",\"url\":\"https:\/\/www.welovecycling.com\/es\/2020\/12\/14\/entrenamientos-cortos-en-bici\/\",\"name\":\"Por qu\u00e9 es mejor dos entrenamientos cortos en bici que uno largo\",\"isPartOf\":{\"@id\":\"https:\/\/www.welovecycling.com\/es\/#website\"},\"primaryImageOfPage\":{\"@id\":\"https:\/\/www.welovecycling.com\/es\/2020\/12\/14\/entrenamientos-cortos-en-bici\/#primaryimage\"},\"image\":{\"@id\":\"https:\/\/www.welovecycling.com\/es\/2020\/12\/14\/entrenamientos-cortos-en-bici\/#primaryimage\"},\"thumbnailUrl\":\"https:\/\/d2p6e6u75xmxt8.cloudfront.net\/6\/2020\/12\/Winter-cycling-profimedia-0573531043-CVR.jpg\",\"datePublished\":\"2020-12-14T11:55:34+00:00\",\"author\":{\"@id\":\"https:\/\/www.welovecycling.com\/es\/#\/schema\/person\/deb61715b5812698ee79fb96f343ccd4\"},\"description\":\"Por qu\u00e9 es mejor dos entrenamientos cortos en bici que uno largo. La raz\u00f3n por la que entrenar la intensidad en el ciclismo.\",\"breadcrumb\":{\"@id\":\"https:\/\/www.welovecycling.com\/es\/2020\/12\/14\/entrenamientos-cortos-en-bici\/#breadcrumb\"},\"inLanguage\":\"es-ES\",\"potentialAction\":[{\"@type\":\"ReadAction\",\"target\":[\"https:\/\/www.welovecycling.com\/es\/2020\/12\/14\/entrenamientos-cortos-en-bici\/\"]}]},{\"@type\":\"ImageObject\",\"inLanguage\":\"es-ES\",\"@id\":\"https:\/\/www.welovecycling.com\/es\/2020\/12\/14\/entrenamientos-cortos-en-bici\/#primaryimage\",\"url\":\"https:\/\/d2p6e6u75xmxt8.cloudfront.net\/6\/2020\/12\/Winter-cycling-profimedia-0573531043-CVR.jpg\",\"contentUrl\":\"https:\/\/d2p6e6u75xmxt8.cloudfront.net\/6\/2020\/12\/Winter-cycling-profimedia-0573531043-CVR.jpg\",\"width\":1366,\"height\":600,\"caption\":\"Cyclist in winter\"},{\"@type\":\"BreadcrumbList\",\"@id\":\"https:\/\/www.welovecycling.com\/es\/2020\/12\/14\/entrenamientos-cortos-en-bici\/#breadcrumb\",\"itemListElement\":[{\"@type\":\"ListItem\",\"position\":1,\"name\":\"Home\",\"item\":\"https:\/\/www.welovecycling.com\/es\/\"},{\"@type\":\"ListItem\",\"position\":2,\"name\":\"Por qu\u00e9 es mejor dos entrenamientos cortos en bici que uno largo\"}]},{\"@type\":\"WebSite\",\"@id\":\"https:\/\/www.welovecycling.com\/es\/#website\",\"url\":\"https:\/\/www.welovecycling.com\/es\/\",\"name\":\"\u0160koda We Love Cycling - Spain\",\"description\":\"\u0160koda WeLoveCycling Spain\",\"potentialAction\":[{\"@type\":\"SearchAction\",\"target\":{\"@type\":\"EntryPoint\",\"urlTemplate\":\"https:\/\/www.welovecycling.com\/es\/?s={search_term_string}\"},\"query-input\":{\"@type\":\"PropertyValueSpecification\",\"valueRequired\":true,\"valueName\":\"search_term_string\"}}],\"inLanguage\":\"es-ES\"},{\"@type\":\"Person\",\"@id\":\"https:\/\/www.welovecycling.com\/es\/#\/schema\/person\/deb61715b5812698ee79fb96f343ccd4\",\"name\":\"We Love Cycling Spain\",\"image\":{\"@type\":\"ImageObject\",\"inLanguage\":\"es-ES\",\"@id\":\"https:\/\/www.welovecycling.com\/es\/#\/schema\/person\/image\/\",\"url\":\"https:\/\/secure.gravatar.com\/avatar\/c824b04e6df0e37a03219d0b6481672889df542894588964102459e46513159c?s=96&d=mm&r=g\",\"contentUrl\":\"https:\/\/secure.gravatar.com\/avatar\/c824b04e6df0e37a03219d0b6481672889df542894588964102459e46513159c?s=96&d=mm&r=g\",\"caption\":\"We Love Cycling Spain\"},\"url\":\"https:\/\/www.welovecycling.com\/es\/author\/amunoz\/\"}]}<\/script>\n<!-- \/ Yoast SEO Premium plugin. -->","yoast_head_json":{"title":"Por qu\u00e9 es mejor dos entrenamientos cortos en bici que uno largo","description":"Por qu\u00e9 es mejor dos entrenamientos cortos en bici que uno largo. La raz\u00f3n por la que entrenar la intensidad en el ciclismo.","robots":{"index":"index","follow":"follow","max-snippet":"max-snippet:-1","max-image-preview":"max-image-preview:large","max-video-preview":"max-video-preview:-1"},"canonical":"https:\/\/www.welovecycling.com\/es\/2020\/12\/14\/entrenamientos-cortos-en-bici\/","og_locale":"es_ES","og_type":"article","og_title":"Por qu\u00e9 es mejor dos entrenamientos cortos en bici que uno largo","og_description":"Por qu\u00e9 es mejor dos entrenamientos cortos en bici que uno largo. La raz\u00f3n por la que entrenmar la intensidad en el ciclismo.","og_url":"https:\/\/www.welovecycling.com\/es\/2020\/12\/14\/entrenamientos-cortos-en-bici\/","og_site_name":"\u0160koda We Love Cycling - Spain","article_published_time":"2020-12-14T11:55:34+00:00","og_image":[{"width":1366,"height":600,"url":"https:\/\/d2p6e6u75xmxt8.cloudfront.net\/6\/2020\/12\/Winter-cycling-profimedia-0573531043-CVR.jpg","type":"image\/jpeg"}],"author":"We Love Cycling Spain","twitter_card":"summary_large_image","twitter_title":"Por qu\u00e9 es mejor dos entrenamientos cortos en bici que uno largo","twitter_description":"Por qu\u00e9 es mejor dos entrenamientos cortos en bici que uno largo. La raz\u00f3n por la que entrenmar la intensidad en el ciclismo.","twitter_misc":{"Written by":"Jiri Kaloc","Est. reading time":"5"},"schema":{"@context":"https:\/\/schema.org","@graph":[{"@type":"WebPage","@id":"https:\/\/www.welovecycling.com\/es\/2020\/12\/14\/entrenamientos-cortos-en-bici\/","url":"https:\/\/www.welovecycling.com\/es\/2020\/12\/14\/entrenamientos-cortos-en-bici\/","name":"Por qu\u00e9 es mejor dos entrenamientos cortos en bici que uno largo","isPartOf":{"@id":"https:\/\/www.welovecycling.com\/es\/#website"},"primaryImageOfPage":{"@id":"https:\/\/www.welovecycling.com\/es\/2020\/12\/14\/entrenamientos-cortos-en-bici\/#primaryimage"},"image":{"@id":"https:\/\/www.welovecycling.com\/es\/2020\/12\/14\/entrenamientos-cortos-en-bici\/#primaryimage"},"thumbnailUrl":"https:\/\/d2p6e6u75xmxt8.cloudfront.net\/6\/2020\/12\/Winter-cycling-profimedia-0573531043-CVR.jpg","datePublished":"2020-12-14T11:55:34+00:00","author":{"@id":"https:\/\/www.welovecycling.com\/es\/#\/schema\/person\/deb61715b5812698ee79fb96f343ccd4"},"description":"Por qu\u00e9 es mejor dos entrenamientos cortos en bici que uno largo. La raz\u00f3n por la que entrenar la intensidad en el ciclismo.","breadcrumb":{"@id":"https:\/\/www.welovecycling.com\/es\/2020\/12\/14\/entrenamientos-cortos-en-bici\/#breadcrumb"},"inLanguage":"es-ES","potentialAction":[{"@type":"ReadAction","target":["https:\/\/www.welovecycling.com\/es\/2020\/12\/14\/entrenamientos-cortos-en-bici\/"]}]},{"@type":"ImageObject","inLanguage":"es-ES","@id":"https:\/\/www.welovecycling.com\/es\/2020\/12\/14\/entrenamientos-cortos-en-bici\/#primaryimage","url":"https:\/\/d2p6e6u75xmxt8.cloudfront.net\/6\/2020\/12\/Winter-cycling-profimedia-0573531043-CVR.jpg","contentUrl":"https:\/\/d2p6e6u75xmxt8.cloudfront.net\/6\/2020\/12\/Winter-cycling-profimedia-0573531043-CVR.jpg","width":1366,"height":600,"caption":"Cyclist in winter"},{"@type":"BreadcrumbList","@id":"https:\/\/www.welovecycling.com\/es\/2020\/12\/14\/entrenamientos-cortos-en-bici\/#breadcrumb","itemListElement":[{"@type":"ListItem","position":1,"name":"Home","item":"https:\/\/www.welovecycling.com\/es\/"},{"@type":"ListItem","position":2,"name":"Por qu\u00e9 es mejor dos entrenamientos cortos en bici que uno largo"}]},{"@type":"WebSite","@id":"https:\/\/www.welovecycling.com\/es\/#website","url":"https:\/\/www.welovecycling.com\/es\/","name":"\u0160koda We Love Cycling - Spain","description":"\u0160koda WeLoveCycling Spain","potentialAction":[{"@type":"SearchAction","target":{"@type":"EntryPoint","urlTemplate":"https:\/\/www.welovecycling.com\/es\/?s={search_term_string}"},"query-input":{"@type":"PropertyValueSpecification","valueRequired":true,"valueName":"search_term_string"}}],"inLanguage":"es-ES"},{"@type":"Person","@id":"https:\/\/www.welovecycling.com\/es\/#\/schema\/person\/deb61715b5812698ee79fb96f343ccd4","name":"We Love Cycling Spain","image":{"@type":"ImageObject","inLanguage":"es-ES","@id":"https:\/\/www.welovecycling.com\/es\/#\/schema\/person\/image\/","url":"https:\/\/secure.gravatar.com\/avatar\/c824b04e6df0e37a03219d0b6481672889df542894588964102459e46513159c?s=96&d=mm&r=g","contentUrl":"https:\/\/secure.gravatar.com\/avatar\/c824b04e6df0e37a03219d0b6481672889df542894588964102459e46513159c?s=96&d=mm&r=g","caption":"We Love Cycling Spain"},"url":"https:\/\/www.welovecycling.com\/es\/author\/amunoz\/"}]}},"_links":{"self":[{"href":"https:\/\/www.welovecycling.com\/es\/wp-json\/wp\/v2\/posts\/7005","targetHints":{"allow":["GET"]}}],"collection":[{"href":"https:\/\/www.welovecycling.com\/es\/wp-json\/wp\/v2\/posts"}],"about":[{"href":"https:\/\/www.welovecycling.com\/es\/wp-json\/wp\/v2\/types\/post"}],"author":[{"embeddable":true,"href":"https:\/\/www.welovecycling.com\/es\/wp-json\/wp\/v2\/users\/29"}],"replies":[{"embeddable":true,"href":"https:\/\/www.welovecycling.com\/es\/wp-json\/wp\/v2\/comments?post=7005"}],"version-history":[{"count":2,"href":"https:\/\/www.welovecycling.com\/es\/wp-json\/wp\/v2\/posts\/7005\/revisions"}],"predecessor-version":[{"id":7016,"href":"https:\/\/www.welovecycling.com\/es\/wp-json\/wp\/v2\/posts\/7005\/revisions\/7016"}],"wp:featuredmedia":[{"embeddable":true,"href":"https:\/\/www.welovecycling.com\/es\/wp-json\/wp\/v2\/media\/7013"}],"wp:attachment":[{"href":"https:\/\/www.welovecycling.com\/es\/wp-json\/wp\/v2\/media?parent=7005"}],"wp:term":[{"taxonomy":"category","embeddable":true,"href":"https:\/\/www.welovecycling.com\/es\/wp-json\/wp\/v2\/categories?post=7005"},{"taxonomy":"post_tag","embeddable":true,"href":"https:\/\/www.welovecycling.com\/es\/wp-json\/wp\/v2\/tags?post=7005"},{"taxonomy":"global-categories","embeddable":true,"href":"https:\/\/www.welovecycling.com\/es\/wp-json\/wp\/v2\/global-categories?post=7005"}],"curies":[{"name":"wp","href":"https:\/\/api.w.org\/{rel}","templated":true}]}}