{"id":6983,"date":"2020-12-10T21:04:18","date_gmt":"2020-12-10T19:04:18","guid":{"rendered":"https:\/\/www.welovecycling.com\/es\/?p=6983"},"modified":"2020-12-08T21:28:07","modified_gmt":"2020-12-08T19:28:07","slug":"mascarilla-rendimiento-bicicleta","status":"publish","type":"post","link":"https:\/\/www.welovecycling.com\/es\/2020\/12\/10\/mascarilla-rendimiento-bicicleta\/","title":{"rendered":"\u00bfAfecta llevar mascarilla al rendimiento en la bicicleta?"},"content":{"rendered":"<p><strong>Investigadores de la Universidad de Saskatchewan hicieron un experimento para averiguar si el uso de una m\u00e1scara facial mientras se anda en rodillo tiene un efecto en el rendimiento o no. Los resultados ser\u00e1n especialmente interesantes para los due\u00f1os de los gimnasios durante la pandemia. Echemos un vistazo m\u00e1s de cerca sobre lo que encontraron.<\/strong><\/p>\n<h2><!--more--><br \/>\n<strong>Mascarilla quir\u00fargicas y de tela vs sin mascarilla<\/strong><\/h2>\n<p>Muchos pa\u00edses del mundo han hecho obligatorio el uso de mascarillas en ciertas situaciones durante la pandemia de COVID-19. Los investigadores de la Universidad de Saskatchewan decidieron responder a la pregunta de si el uso de la m\u00e1scara durante el ejercicio vigoroso compromete la absorci\u00f3n de ox\u00edgeno o aumenta la respiraci\u00f3n de di\u00f3xido de carbono.<\/p>\n<p>Su estudio involucr\u00f3 a participantes f\u00edsicamente activos y saludables, 7 hombres y 7 mujeres. Cada participante pas\u00f3 por tres pruebas de ciclismo id\u00e9nticas, una vez usando una mascarilla facial quir\u00fargica, una vez usando una mascarilla facial de tela de 3 capas y una vez sin mascarilla facial en absoluto. Los investigadores controlaron los efectos de la dieta, la actividad f\u00edsica previa y el sue\u00f1o durante las 24 horas previas a la prueba.<\/p>\n<figure id=\"attachment_6990\" aria-describedby=\"caption-attachment-6990\" style=\"width: 1024px\" class=\"wp-caption alignnone\"><a href=\"https:\/\/d2p6e6u75xmxt8.cloudfront.net\/2\/2020\/12\/Exercise-with-mask-profimedia-0566856534.jpg\"><img loading=\"lazy\" decoding=\"async\" class=\"wp-image-6990 size-large\" src=\"https:\/\/d2p6e6u75xmxt8.cloudfront.net\/6\/2020\/12\/Exercise-with-mask-profimedia-0566856534-1024x682.jpg\" alt=\"Exercising with a face mask\" width=\"1024\" height=\"682\" srcset=\"https:\/\/d2p6e6u75xmxt8.cloudfront.net\/6\/2020\/12\/Exercise-with-mask-profimedia-0566856534-1024x682.jpg 1024w, https:\/\/d2p6e6u75xmxt8.cloudfront.net\/6\/2020\/12\/Exercise-with-mask-profimedia-0566856534-300x200.jpg 300w, https:\/\/d2p6e6u75xmxt8.cloudfront.net\/6\/2020\/12\/Exercise-with-mask-profimedia-0566856534-768x512.jpg 768w, https:\/\/d2p6e6u75xmxt8.cloudfront.net\/6\/2020\/12\/Exercise-with-mask-profimedia-0566856534-272x182.jpg 272w, https:\/\/d2p6e6u75xmxt8.cloudfront.net\/6\/2020\/12\/Exercise-with-mask-profimedia-0566856534.jpg 1250w\" sizes=\"auto, (max-width: 1024px) 100vw, 1024px\" \/><\/a><figcaption id=\"caption-attachment-6990\" class=\"wp-caption-text\">\u00bfEl uso de una m\u00e1scara afecta nuestro desempe\u00f1o atl\u00e9tico? \u00a9 Profimedia<\/figcaption><\/figure>\n<p>&#8220;Si la gente usa m\u00e1scaras faciales durante el ejercicio de interior, podr\u00eda hacer las sesiones m\u00e1s seguras y permitir que los gimnasios se mantengan abiertos durante el COVID. Tambi\u00e9n podr\u00eda permitir que los deportes contin\u00faen, incluyendo el hockey, donde la transmisi\u00f3n de COVID-19 parece ser alta&#8221;, dijo Phil Chilibeck, coautor del estudio.<\/p>\n<h2><strong>Midieron los niveles de ox\u00edgeno en la sangre y en los m\u00fasculos de los participante<\/strong><\/h2>\n<p>La prueba en s\u00ed se realiz\u00f3 en un rodillo. Consist\u00eda en un calentamiento despu\u00e9s del cual la resistencia se incrementaba gradualmente y los participantes ten\u00edan que mantener un ritmo de pedaleo constante. Una vez que no pudieron mantener la velocidad del pedaleo, la prueba termin\u00f3. Los investigadores registraron los niveles de ox\u00edgeno en sangre de los participantes y los niveles de ox\u00edgeno en los m\u00fasculos durante la prueba usando herramientas de medici\u00f3n no invasivas.<\/p>\n<p>&#8220;Normalmente un participante llega al agotamiento en esta prueba en 6-12 minutos dependiendo de su nivel de aptitud f\u00edsica&#8221;, dijo Chilibeck.<\/p>\n<figure id=\"attachment_6993\" aria-describedby=\"caption-attachment-6993\" style=\"width: 1024px\" class=\"wp-caption alignnone\"><a href=\"https:\/\/d2p6e6u75xmxt8.cloudfront.net\/2\/2020\/12\/Tour-mask-profimedia-0557948185.jpg\"><img loading=\"lazy\" decoding=\"async\" class=\"wp-image-6993 size-large\" src=\"https:\/\/d2p6e6u75xmxt8.cloudfront.net\/6\/2020\/12\/Tour-mask-profimedia-0557948185-1024x682.jpg\" alt=\"Tour de France Race\" width=\"1024\" height=\"682\" srcset=\"https:\/\/d2p6e6u75xmxt8.cloudfront.net\/6\/2020\/12\/Tour-mask-profimedia-0557948185-1024x682.jpg 1024w, https:\/\/d2p6e6u75xmxt8.cloudfront.net\/6\/2020\/12\/Tour-mask-profimedia-0557948185-300x200.jpg 300w, https:\/\/d2p6e6u75xmxt8.cloudfront.net\/6\/2020\/12\/Tour-mask-profimedia-0557948185-768x512.jpg 768w, https:\/\/d2p6e6u75xmxt8.cloudfront.net\/6\/2020\/12\/Tour-mask-profimedia-0557948185-272x182.jpg 272w, https:\/\/d2p6e6u75xmxt8.cloudfront.net\/6\/2020\/12\/Tour-mask-profimedia-0557948185.jpg 1250w\" sizes=\"auto, (max-width: 1024px) 100vw, 1024px\" \/><\/a><figcaption id=\"caption-attachment-6993\" class=\"wp-caption-text\">&#8220;Cuando se expres\u00f3 en relaci\u00f3n con el rendimiento m\u00e1ximo de ejercicio, no hubo diferencias evidentes entre usar o no una m\u00e1scara&#8221;, concluy\u00f3 el estudio. \u00a9 Profimedia<\/figcaption><\/figure>\n<h2><strong><br \/>\nNo hay efectos negativos en el rendimiento!<\/strong><\/h2>\n<p>El estudio concluy\u00f3 que el uso de una m\u00e1scara facial durante el ejercicio vigoroso no ten\u00eda ning\u00fan efecto negativo discernible sobre la oxigenaci\u00f3n de la sangre o los m\u00fasculos, el ritmo card\u00edaco, el esfuerzo percibido y el rendimiento del ejercicio en personas j\u00f3venes y saludables.<\/p>\n<p>&#8220;Nuestros hallazgos son importantes porque indican que las personas pueden usar m\u00e1scaras faciales durante el ejercicio intenso sin efectos perjudiciales en el rendimiento y con un impacto m\u00ednimo en la oxigenaci\u00f3n de la sangre y los m\u00fasculos. Esto es importante cuando los centros de fitness abren durante la COVID-19, ya que las gotitas respiratorias pueden ser impulsadas a\u00fan m\u00e1s con la respiraci\u00f3n pesada durante el ejercicio vigoroso y debido a los informes de agrupaciones de COVID-19 en instalaciones de ejercicio cerradas y abarrotadas&#8221;, afirmaron los investigadores.<\/p>\n","protected":false},"excerpt":{"rendered":"<p>Investigadores de la Universidad de Saskatchewan hicieron un experimento para averiguar si el uso de una m\u00e1scara facial mientras se [&hellip;]<\/p>\n","protected":false},"author":29,"featured_media":6998,"comment_status":"open","ping_status":"open","sticky":false,"template":"","format":"standard","meta":{"footnotes":""},"categories":[7,9],"tags":[1929,1928,1930],"global-categories":[],"class_list":["post-6983","post","type-post","status-publish","format-standard","has-post-thumbnail","hentry","category-carretera","category-mtb-aventura","tag-afecta-la-mascarilla-al-rendimiento-ciclista","tag-mascarilla-y-ciclismo","tag-se-puede-ir-en-bici-con-mascarilla"],"yoast_head":"<!-- This site is optimized with the Yoast SEO Premium plugin v25.3 (Yoast SEO v25.9) - https:\/\/yoast.com\/wordpress\/plugins\/seo\/ -->\n<title>\u00bfAfecta llevar mascarilla al rendimiento en la bicicleta?<\/title>\n<meta name=\"description\" content=\"\u00bfAfecta llevar mascarilla al rendimiento en la bicicleta? Un estudio dice que llevar mascarilla no afecta al rendmiento en la bicicleta.\" \/>\n<meta name=\"robots\" content=\"index, follow, max-snippet:-1, max-image-preview:large, max-video-preview:-1\" \/>\n<link rel=\"canonical\" href=\"https:\/\/www.welovecycling.com\/es\/2020\/12\/10\/mascarilla-rendimiento-bicicleta\/\" \/>\n<meta property=\"og:locale\" content=\"es_ES\" \/>\n<meta property=\"og:type\" content=\"article\" \/>\n<meta property=\"og:title\" content=\"\u00bfAfecta llevar mascarilla al rendimiento en la bicicleta?\" \/>\n<meta property=\"og:description\" content=\"\u00bfAfecta llevar mascarilla al rendimiento en la bicicleta? Un estudio dice que llevar mascarilla no afecta al rendmiento en la bicicleta.\" \/>\n<meta property=\"og:url\" content=\"https:\/\/www.welovecycling.com\/es\/2020\/12\/10\/mascarilla-rendimiento-bicicleta\/\" \/>\n<meta property=\"og:site_name\" content=\"\u0160koda We Love Cycling - Spain\" \/>\n<meta property=\"article:published_time\" content=\"2020-12-10T19:04:18+00:00\" \/>\n<meta property=\"og:image\" content=\"https:\/\/d2p6e6u75xmxt8.cloudfront.net\/6\/2020\/12\/Face-mask-bicycle-profimedia-0559957117-CVR.jpg\" \/>\n\t<meta property=\"og:image:width\" content=\"1366\" \/>\n\t<meta property=\"og:image:height\" content=\"600\" \/>\n\t<meta property=\"og:image:type\" content=\"image\/jpeg\" \/>\n<meta name=\"author\" content=\"We Love Cycling Spain\" \/>\n<meta name=\"twitter:card\" content=\"summary_large_image\" \/>\n<meta name=\"twitter:title\" content=\"\u00bfAfecta llevar mascarilla al rendimiento en la bicicleta?\" \/>\n<meta name=\"twitter:description\" content=\"\u00bfAfecta llevar mascarilla al rendimiento en la bicicleta? Un estudio dice que llevar mascarilla no afecta al rendmiento en la bicicleta.\" \/>\n<meta name=\"twitter:label1\" content=\"Written by\" \/>\n\t<meta name=\"twitter:data1\" content=\"Jiri Kaloc\" \/>\n\t<meta name=\"twitter:label2\" content=\"Est. reading time\" \/>\n\t<meta name=\"twitter:data2\" content=\"5\" \/>\n<script type=\"application\/ld+json\" class=\"yoast-schema-graph\">{\"@context\":\"https:\/\/schema.org\",\"@graph\":[{\"@type\":\"WebPage\",\"@id\":\"https:\/\/www.welovecycling.com\/es\/2020\/12\/10\/mascarilla-rendimiento-bicicleta\/\",\"url\":\"https:\/\/www.welovecycling.com\/es\/2020\/12\/10\/mascarilla-rendimiento-bicicleta\/\",\"name\":\"\u00bfAfecta llevar mascarilla al rendimiento en la bicicleta?\",\"isPartOf\":{\"@id\":\"https:\/\/www.welovecycling.com\/es\/#website\"},\"primaryImageOfPage\":{\"@id\":\"https:\/\/www.welovecycling.com\/es\/2020\/12\/10\/mascarilla-rendimiento-bicicleta\/#primaryimage\"},\"image\":{\"@id\":\"https:\/\/www.welovecycling.com\/es\/2020\/12\/10\/mascarilla-rendimiento-bicicleta\/#primaryimage\"},\"thumbnailUrl\":\"https:\/\/d2p6e6u75xmxt8.cloudfront.net\/6\/2020\/12\/Face-mask-bicycle-profimedia-0559957117-CVR.jpg\",\"datePublished\":\"2020-12-10T19:04:18+00:00\",\"author\":{\"@id\":\"https:\/\/www.welovecycling.com\/es\/#\/schema\/person\/deb61715b5812698ee79fb96f343ccd4\"},\"description\":\"\u00bfAfecta llevar mascarilla al rendimiento en la bicicleta? Un estudio dice que llevar mascarilla no afecta al rendmiento en la bicicleta.\",\"breadcrumb\":{\"@id\":\"https:\/\/www.welovecycling.com\/es\/2020\/12\/10\/mascarilla-rendimiento-bicicleta\/#breadcrumb\"},\"inLanguage\":\"es-ES\",\"potentialAction\":[{\"@type\":\"ReadAction\",\"target\":[\"https:\/\/www.welovecycling.com\/es\/2020\/12\/10\/mascarilla-rendimiento-bicicleta\/\"]}]},{\"@type\":\"ImageObject\",\"inLanguage\":\"es-ES\",\"@id\":\"https:\/\/www.welovecycling.com\/es\/2020\/12\/10\/mascarilla-rendimiento-bicicleta\/#primaryimage\",\"url\":\"https:\/\/d2p6e6u75xmxt8.cloudfront.net\/6\/2020\/12\/Face-mask-bicycle-profimedia-0559957117-CVR.jpg\",\"contentUrl\":\"https:\/\/d2p6e6u75xmxt8.cloudfront.net\/6\/2020\/12\/Face-mask-bicycle-profimedia-0559957117-CVR.jpg\",\"width\":1366,\"height\":600,\"caption\":\"Face mask on a bicycle\"},{\"@type\":\"BreadcrumbList\",\"@id\":\"https:\/\/www.welovecycling.com\/es\/2020\/12\/10\/mascarilla-rendimiento-bicicleta\/#breadcrumb\",\"itemListElement\":[{\"@type\":\"ListItem\",\"position\":1,\"name\":\"Home\",\"item\":\"https:\/\/www.welovecycling.com\/es\/\"},{\"@type\":\"ListItem\",\"position\":2,\"name\":\"\u00bfAfecta llevar mascarilla al rendimiento en la bicicleta?\"}]},{\"@type\":\"WebSite\",\"@id\":\"https:\/\/www.welovecycling.com\/es\/#website\",\"url\":\"https:\/\/www.welovecycling.com\/es\/\",\"name\":\"\u0160koda We Love Cycling - Spain\",\"description\":\"\u0160koda WeLoveCycling Spain\",\"potentialAction\":[{\"@type\":\"SearchAction\",\"target\":{\"@type\":\"EntryPoint\",\"urlTemplate\":\"https:\/\/www.welovecycling.com\/es\/?s={search_term_string}\"},\"query-input\":{\"@type\":\"PropertyValueSpecification\",\"valueRequired\":true,\"valueName\":\"search_term_string\"}}],\"inLanguage\":\"es-ES\"},{\"@type\":\"Person\",\"@id\":\"https:\/\/www.welovecycling.com\/es\/#\/schema\/person\/deb61715b5812698ee79fb96f343ccd4\",\"name\":\"We Love Cycling Spain\",\"image\":{\"@type\":\"ImageObject\",\"inLanguage\":\"es-ES\",\"@id\":\"https:\/\/www.welovecycling.com\/es\/#\/schema\/person\/image\/\",\"url\":\"https:\/\/secure.gravatar.com\/avatar\/c824b04e6df0e37a03219d0b6481672889df542894588964102459e46513159c?s=96&d=mm&r=g\",\"contentUrl\":\"https:\/\/secure.gravatar.com\/avatar\/c824b04e6df0e37a03219d0b6481672889df542894588964102459e46513159c?s=96&d=mm&r=g\",\"caption\":\"We Love Cycling Spain\"},\"url\":\"https:\/\/www.welovecycling.com\/es\/author\/amunoz\/\"}]}<\/script>\n<!-- \/ Yoast SEO Premium plugin. -->","yoast_head_json":{"title":"\u00bfAfecta llevar mascarilla al rendimiento en la bicicleta?","description":"\u00bfAfecta llevar mascarilla al rendimiento en la bicicleta? Un estudio dice que llevar mascarilla no afecta al rendmiento en la bicicleta.","robots":{"index":"index","follow":"follow","max-snippet":"max-snippet:-1","max-image-preview":"max-image-preview:large","max-video-preview":"max-video-preview:-1"},"canonical":"https:\/\/www.welovecycling.com\/es\/2020\/12\/10\/mascarilla-rendimiento-bicicleta\/","og_locale":"es_ES","og_type":"article","og_title":"\u00bfAfecta llevar mascarilla al rendimiento en la bicicleta?","og_description":"\u00bfAfecta llevar mascarilla al rendimiento en la bicicleta? Un estudio dice que llevar mascarilla no afecta al rendmiento en la bicicleta.","og_url":"https:\/\/www.welovecycling.com\/es\/2020\/12\/10\/mascarilla-rendimiento-bicicleta\/","og_site_name":"\u0160koda We Love Cycling - Spain","article_published_time":"2020-12-10T19:04:18+00:00","og_image":[{"width":1366,"height":600,"url":"https:\/\/d2p6e6u75xmxt8.cloudfront.net\/6\/2020\/12\/Face-mask-bicycle-profimedia-0559957117-CVR.jpg","type":"image\/jpeg"}],"author":"We Love Cycling Spain","twitter_card":"summary_large_image","twitter_title":"\u00bfAfecta llevar mascarilla al rendimiento en la bicicleta?","twitter_description":"\u00bfAfecta llevar mascarilla al rendimiento en la bicicleta? Un estudio dice que llevar mascarilla no afecta al rendmiento en la bicicleta.","twitter_misc":{"Written by":"Jiri Kaloc","Est. reading time":"5"},"schema":{"@context":"https:\/\/schema.org","@graph":[{"@type":"WebPage","@id":"https:\/\/www.welovecycling.com\/es\/2020\/12\/10\/mascarilla-rendimiento-bicicleta\/","url":"https:\/\/www.welovecycling.com\/es\/2020\/12\/10\/mascarilla-rendimiento-bicicleta\/","name":"\u00bfAfecta llevar mascarilla al rendimiento en la bicicleta?","isPartOf":{"@id":"https:\/\/www.welovecycling.com\/es\/#website"},"primaryImageOfPage":{"@id":"https:\/\/www.welovecycling.com\/es\/2020\/12\/10\/mascarilla-rendimiento-bicicleta\/#primaryimage"},"image":{"@id":"https:\/\/www.welovecycling.com\/es\/2020\/12\/10\/mascarilla-rendimiento-bicicleta\/#primaryimage"},"thumbnailUrl":"https:\/\/d2p6e6u75xmxt8.cloudfront.net\/6\/2020\/12\/Face-mask-bicycle-profimedia-0559957117-CVR.jpg","datePublished":"2020-12-10T19:04:18+00:00","author":{"@id":"https:\/\/www.welovecycling.com\/es\/#\/schema\/person\/deb61715b5812698ee79fb96f343ccd4"},"description":"\u00bfAfecta llevar mascarilla al rendimiento en la bicicleta? Un estudio dice que llevar mascarilla no afecta al rendmiento en la bicicleta.","breadcrumb":{"@id":"https:\/\/www.welovecycling.com\/es\/2020\/12\/10\/mascarilla-rendimiento-bicicleta\/#breadcrumb"},"inLanguage":"es-ES","potentialAction":[{"@type":"ReadAction","target":["https:\/\/www.welovecycling.com\/es\/2020\/12\/10\/mascarilla-rendimiento-bicicleta\/"]}]},{"@type":"ImageObject","inLanguage":"es-ES","@id":"https:\/\/www.welovecycling.com\/es\/2020\/12\/10\/mascarilla-rendimiento-bicicleta\/#primaryimage","url":"https:\/\/d2p6e6u75xmxt8.cloudfront.net\/6\/2020\/12\/Face-mask-bicycle-profimedia-0559957117-CVR.jpg","contentUrl":"https:\/\/d2p6e6u75xmxt8.cloudfront.net\/6\/2020\/12\/Face-mask-bicycle-profimedia-0559957117-CVR.jpg","width":1366,"height":600,"caption":"Face mask on a bicycle"},{"@type":"BreadcrumbList","@id":"https:\/\/www.welovecycling.com\/es\/2020\/12\/10\/mascarilla-rendimiento-bicicleta\/#breadcrumb","itemListElement":[{"@type":"ListItem","position":1,"name":"Home","item":"https:\/\/www.welovecycling.com\/es\/"},{"@type":"ListItem","position":2,"name":"\u00bfAfecta llevar mascarilla al rendimiento en la bicicleta?"}]},{"@type":"WebSite","@id":"https:\/\/www.welovecycling.com\/es\/#website","url":"https:\/\/www.welovecycling.com\/es\/","name":"\u0160koda We Love Cycling - Spain","description":"\u0160koda WeLoveCycling Spain","potentialAction":[{"@type":"SearchAction","target":{"@type":"EntryPoint","urlTemplate":"https:\/\/www.welovecycling.com\/es\/?s={search_term_string}"},"query-input":{"@type":"PropertyValueSpecification","valueRequired":true,"valueName":"search_term_string"}}],"inLanguage":"es-ES"},{"@type":"Person","@id":"https:\/\/www.welovecycling.com\/es\/#\/schema\/person\/deb61715b5812698ee79fb96f343ccd4","name":"We Love Cycling Spain","image":{"@type":"ImageObject","inLanguage":"es-ES","@id":"https:\/\/www.welovecycling.com\/es\/#\/schema\/person\/image\/","url":"https:\/\/secure.gravatar.com\/avatar\/c824b04e6df0e37a03219d0b6481672889df542894588964102459e46513159c?s=96&d=mm&r=g","contentUrl":"https:\/\/secure.gravatar.com\/avatar\/c824b04e6df0e37a03219d0b6481672889df542894588964102459e46513159c?s=96&d=mm&r=g","caption":"We Love Cycling Spain"},"url":"https:\/\/www.welovecycling.com\/es\/author\/amunoz\/"}]}},"_links":{"self":[{"href":"https:\/\/www.welovecycling.com\/es\/wp-json\/wp\/v2\/posts\/6983","targetHints":{"allow":["GET"]}}],"collection":[{"href":"https:\/\/www.welovecycling.com\/es\/wp-json\/wp\/v2\/posts"}],"about":[{"href":"https:\/\/www.welovecycling.com\/es\/wp-json\/wp\/v2\/types\/post"}],"author":[{"embeddable":true,"href":"https:\/\/www.welovecycling.com\/es\/wp-json\/wp\/v2\/users\/29"}],"replies":[{"embeddable":true,"href":"https:\/\/www.welovecycling.com\/es\/wp-json\/wp\/v2\/comments?post=6983"}],"version-history":[{"count":2,"href":"https:\/\/www.welovecycling.com\/es\/wp-json\/wp\/v2\/posts\/6983\/revisions"}],"predecessor-version":[{"id":7003,"href":"https:\/\/www.welovecycling.com\/es\/wp-json\/wp\/v2\/posts\/6983\/revisions\/7003"}],"wp:featuredmedia":[{"embeddable":true,"href":"https:\/\/www.welovecycling.com\/es\/wp-json\/wp\/v2\/media\/6998"}],"wp:attachment":[{"href":"https:\/\/www.welovecycling.com\/es\/wp-json\/wp\/v2\/media?parent=6983"}],"wp:term":[{"taxonomy":"category","embeddable":true,"href":"https:\/\/www.welovecycling.com\/es\/wp-json\/wp\/v2\/categories?post=6983"},{"taxonomy":"post_tag","embeddable":true,"href":"https:\/\/www.welovecycling.com\/es\/wp-json\/wp\/v2\/tags?post=6983"},{"taxonomy":"global-categories","embeddable":true,"href":"https:\/\/www.welovecycling.com\/es\/wp-json\/wp\/v2\/global-categories?post=6983"}],"curies":[{"name":"wp","href":"https:\/\/api.w.org\/{rel}","templated":true}]}}