{"id":6963,"date":"2020-12-01T20:53:19","date_gmt":"2020-12-01T18:53:19","guid":{"rendered":"https:\/\/www.welovecycling.com\/es\/?p=6963"},"modified":"2020-11-29T22:16:34","modified_gmt":"2020-11-29T20:16:34","slug":"rivalidades-ciclistas","status":"publish","type":"post","link":"https:\/\/www.welovecycling.com\/es\/2020\/12\/01\/rivalidades-ciclistas\/","title":{"rendered":"5 grandes rivalidades ciclistas"},"content":{"rendered":"<p><strong>Las rivalidades son una gran parte de lo que hace que los deportes sean tan emocionantes tanto para los aficionados como para los atletas. Nacidas del deseo de superar a otro gran talento, las mejores rivalidades constituyen una mezcla de antagonismo, respeto y, cuando se les permite seguir su curso, a menudo un elemento de amistad.\u00a0<\/strong><\/p>\n<p><!--more--><\/p>\n<p>En el ciclismo no faltan las estrellas que se han enfrentado a lo largo de los a\u00f1os, y ver c\u00f3mo se desarrollan estas animadas relaciones ha sido durante mucho tiempo un importante componente cautivador de las grandes carreras de este deporte. A medida que los j\u00f3venes corredores se suman al pelot\u00f3n, surgen nuevas rivalidades ciclistas y siguen proporcionando emoci\u00f3n y chismes a los aficionados. Echemos un vistazo a algunos de los grandes contenciosos que han ayudado a dar forma al ciclismo en el deporte que es hoy en d\u00eda.<\/p>\n<h2><strong>Jacques Anquetil vs Raymond Poulidor<\/strong><\/h2>\n<figure id=\"attachment_6965\" aria-describedby=\"caption-attachment-6965\" style=\"width: 1024px\" class=\"wp-caption alignnone\"><a href=\"https:\/\/d2p6e6u75xmxt8.cloudfront.net\/2\/2019\/07\/Raymond-Poulidor-Jacques-Anquetil-profimedia-0068091828.jpg\"><img loading=\"lazy\" decoding=\"async\" class=\"size-large wp-image-6965\" src=\"https:\/\/d2p6e6u75xmxt8.cloudfront.net\/6\/2020\/11\/Raymond-Poulidor-Jacques-Anquetil-profimedia-0068091828-1024x779.jpg\" alt=\"\" width=\"1024\" height=\"779\" srcset=\"https:\/\/d2p6e6u75xmxt8.cloudfront.net\/6\/2020\/11\/Raymond-Poulidor-Jacques-Anquetil-profimedia-0068091828-1024x779.jpg 1024w, https:\/\/d2p6e6u75xmxt8.cloudfront.net\/6\/2020\/11\/Raymond-Poulidor-Jacques-Anquetil-profimedia-0068091828-300x228.jpg 300w, https:\/\/d2p6e6u75xmxt8.cloudfront.net\/6\/2020\/11\/Raymond-Poulidor-Jacques-Anquetil-profimedia-0068091828-768x584.jpg 768w, https:\/\/d2p6e6u75xmxt8.cloudfront.net\/6\/2020\/11\/Raymond-Poulidor-Jacques-Anquetil-profimedia-0068091828.jpg 1250w\" sizes=\"auto, (max-width: 1024px) 100vw, 1024px\" \/><\/a><figcaption id=\"caption-attachment-6965\" class=\"wp-caption-text\">Tour de Francia 1964. Anquetil y Poulidor en el Puy-de-D\u00f4me. \u00a9 Profimedia, AFP<\/figcaption><\/figure>\n<p>&nbsp;<\/p>\n<p>Cualquiera que conozca la historia de estos dos grandes franceses podr\u00e1 contarte que, a pesar de la rivalidad ciclista, al final, eran grandes amigo en secreto con un gran respeto por el otro. Lo que finalmente se convirti\u00f3 en un testamento del valor de las amistades nacidas de las luchas atl\u00e9ticas, sin embargo, fue inicialmente un cuento de una Francia dividida. Anquetil, procedente del norte de Francia, ten\u00eda el carisma sin esfuerzo de un ganador nato. Era elegante, respetado y un fabuloso contrarrelojista. Poulidor, por su parte, era un escalador declarado de la regi\u00f3n central. Era un poco rudo en las formas y a menudo terminaba en segundo lugar. Siempre enfrentas, su \u00e9pico duelo en el Puy de D\u00f4me en 1964 es el momento ic\u00f3nico que lo captura todo. Un esfuerzo despiadado, Poulidor termin\u00f3 ganando la batalla y llev\u00e1ndose ventaja en la etapa 22 del 51\u00ba Tour de Francia, pero Anquetil ganar\u00eda la guerra, u se llev\u00f3 el Tour.<\/p>\n<p>Aunque nunca m\u00e1s se enfrentaron, su mutua presencia en el circuito de carreras continu\u00f3 alimentando los rumores y la expectativa a lo largo de sus carreras. Sin embargo, son las \u00faltimas palabras de Anquetil a Poulidor, dichas en su lecho de muerte, las que realmente hablan del impacto duradero de su amistad. Como Poulidor lo recuerda, &#8220;Me dijo que el c\u00e1ncer era tan agonizantemente doloroso que era como correr por el Puy de D\u00f4me todo el d\u00eda, a todas horas&#8221;. Luego dijo: &#8220;Nunca lo olvidar\u00e9, amigo m\u00edo, volver\u00e1s a ser el segundo de mi lista.&#8221;<\/p>\n<h2><strong>Leontien van Moorsel vs Jeannie Longo<\/strong><\/h2>\n<div id='gallery-1' class='gallery galleryid-6963 gallery-columns-2 gallery-size-large'><figure class='gallery-item'>\n\t\t\t<div class='gallery-icon landscape'>\n\t\t\t\t<a href='https:\/\/d2p6e6u75xmxt8.cloudfront.net\/6\/2020\/11\/Jeannie-Longo-profimedia-0164701637.jpg'><img loading=\"lazy\" decoding=\"async\" width=\"1024\" height=\"698\" src=\"https:\/\/d2p6e6u75xmxt8.cloudfront.net\/6\/2020\/11\/Jeannie-Longo-profimedia-0164701637-1024x698.jpg\" class=\"attachment-large size-large\" alt=\"Moorsel v Longo\" aria-describedby=\"gallery-1-6957\" srcset=\"https:\/\/d2p6e6u75xmxt8.cloudfront.net\/6\/2020\/11\/Jeannie-Longo-profimedia-0164701637-1024x698.jpg 1024w, https:\/\/d2p6e6u75xmxt8.cloudfront.net\/6\/2020\/11\/Jeannie-Longo-profimedia-0164701637-300x204.jpg 300w, https:\/\/d2p6e6u75xmxt8.cloudfront.net\/6\/2020\/11\/Jeannie-Longo-profimedia-0164701637-768x523.jpg 768w, https:\/\/d2p6e6u75xmxt8.cloudfront.net\/6\/2020\/11\/Jeannie-Longo-profimedia-0164701637.jpg 1250w\" sizes=\"auto, (max-width: 1024px) 100vw, 1024px\" \/><\/a>\n\t\t\t<\/div>\n\t\t\t\t<figcaption class='wp-caption-text gallery-caption' id='gallery-1-6957'>\n\t\t\t\tJeannie Longo \u00a9 Profimedia\n\t\t\t\t<\/figcaption><\/figure><figure class='gallery-item'>\n\t\t\t<div class='gallery-icon landscape'>\n\t\t\t\t<a href='https:\/\/d2p6e6u75xmxt8.cloudfront.net\/6\/2020\/11\/Moorsel-profimedia-0068687478.jpg'><img loading=\"lazy\" decoding=\"async\" width=\"1024\" height=\"668\" src=\"https:\/\/d2p6e6u75xmxt8.cloudfront.net\/6\/2020\/11\/Moorsel-profimedia-0068687478-1024x668.jpg\" class=\"attachment-large size-large\" alt=\"\" aria-describedby=\"gallery-1-6960\" srcset=\"https:\/\/d2p6e6u75xmxt8.cloudfront.net\/6\/2020\/11\/Moorsel-profimedia-0068687478-1024x668.jpg 1024w, https:\/\/d2p6e6u75xmxt8.cloudfront.net\/6\/2020\/11\/Moorsel-profimedia-0068687478-300x196.jpg 300w, https:\/\/d2p6e6u75xmxt8.cloudfront.net\/6\/2020\/11\/Moorsel-profimedia-0068687478-768x501.jpg 768w, https:\/\/d2p6e6u75xmxt8.cloudfront.net\/6\/2020\/11\/Moorsel-profimedia-0068687478.jpg 1250w\" sizes=\"auto, (max-width: 1024px) 100vw, 1024px\" \/><\/a>\n\t\t\t<\/div>\n\t\t\t\t<figcaption class='wp-caption-text gallery-caption' id='gallery-1-6960'>\n\t\t\t\tLeontien van Moorsel \u00a9 Profimedia\n\t\t\t\t<\/figcaption><\/figure>\n\t\t<\/div>\n\n<p>Actualmente a sus sesenta y tantos a\u00f1os y todav\u00eda ganando carreras, hay una buena raz\u00f3n por la que Jeannie Longo ha seguido siendo una figura tan pol\u00e9mica en el mundo del ciclismo. Durante a\u00f1os pareci\u00f3 que era imbatbile y que su inquebrantable dominio iba a eclipsar a toda una generaci\u00f3n de mujeres ciclistas. Eso fue hasta que Leontien van Moorsel, inspirado por los logros de Longo, apareci\u00f3 para dejar su huella en la escena.<\/p>\n<p>La joven, que se convertir\u00eda en una leyenda holandesa, consigui\u00f3 su primer campeonato nacional a la edad de 15 a\u00f1os. Una fuerza a tener en cuenta tanto en la pista como en la carretera, finalmente luchar\u00eda con Longo para conseguir dos t\u00edtulos del Tour Femenino. En los Juegos Ol\u00edmpicos de 2000, van Moorsel se convirti\u00f3 en la ciclista m\u00e1s exitosa en una sola olimpiada, obteniendo medallas de oro en carretera, contrarreloj y persecuci\u00f3n individual, sin mencionar la plata en la carrera por puntos. Tres a\u00f1os m\u00e1s tarde, establecer\u00eda un r\u00e9cord de una hora que se mantuvo durante doce a\u00f1os, tras haber superado el anterior puesto de cabeza de su rival Jeannie Longo.<\/p>\n<h2><strong>Greg LeMond vs Bernard Hinault<\/strong><\/h2>\n<figure id=\"attachment_6969\" aria-describedby=\"caption-attachment-6969\" style=\"width: 1024px\" class=\"wp-caption alignnone\"><a href=\"https:\/\/d2p6e6u75xmxt8.cloudfront.net\/2\/2020\/11\/Hinault-LeMond-profimedia-0020457183.jpg\"><img loading=\"lazy\" decoding=\"async\" class=\"size-large wp-image-6969\" src=\"https:\/\/d2p6e6u75xmxt8.cloudfront.net\/6\/2020\/11\/Hinault-LeMond-profimedia-0020457183-1024x716.jpg\" alt=\"Hinault and LeMond\" width=\"1024\" height=\"716\" srcset=\"https:\/\/d2p6e6u75xmxt8.cloudfront.net\/6\/2020\/11\/Hinault-LeMond-profimedia-0020457183-1024x716.jpg 1024w, https:\/\/d2p6e6u75xmxt8.cloudfront.net\/6\/2020\/11\/Hinault-LeMond-profimedia-0020457183-300x210.jpg 300w, https:\/\/d2p6e6u75xmxt8.cloudfront.net\/6\/2020\/11\/Hinault-LeMond-profimedia-0020457183-768x537.jpg 768w, https:\/\/d2p6e6u75xmxt8.cloudfront.net\/6\/2020\/11\/Hinault-LeMond-profimedia-0020457183.jpg 1250w\" sizes=\"auto, (max-width: 1024px) 100vw, 1024px\" \/><\/a><figcaption id=\"caption-attachment-6969\" class=\"wp-caption-text\">Hinault (L) and Lemond (R) in 1986. \u00a9 Profimedia, AFP<\/figcaption><\/figure>\n<p>Un cuento del tipo m\u00e1s controvertido que ilustra c\u00f3mo una rivalidad ciclista puede originarse a partir de una traici\u00f3n, la batalla de LeMond e Hinault implica una pu\u00f1alada por la espalda. En 1985 Bernard &#8220;El Tej\u00f3n&#8221; Hinault prometi\u00f3 a su amigo y compa\u00f1ero de equipo Greg LeMond que, a cambio de su ayuda para ganar el Tour de Francia de ese a\u00f1o, Hinault ayudar\u00eda a LeMond a conseguir el t\u00edtulo al a\u00f1o siguiente. Hinault gan\u00f3 en 1985, pero ah\u00ed es donde las cosas se complican. Aunque es probable que su cambio de opini\u00f3n sea m\u00e1s que un simple acto de ego\u00edsmo, el implacable ataque de Hinault a lo largo de las etapas de monta\u00f1a en el Tour del 86 no parec\u00eda tener la intenci\u00f3n de ayudar a LeMond a ganar. Lleno de furia y en busca de venganza, LeMond acab\u00f3 soltando a Hinault y finalmente hizo historia entrando en Par\u00eds como el primer americano en ganar el Tour de Francia.<\/p>\n<h2><strong>Marianna Vos vs Lizzie Armitstead<\/strong><\/h2>\n<figure id=\"attachment_6970\" aria-describedby=\"caption-attachment-6970\" style=\"width: 1024px\" class=\"wp-caption alignnone\"><a href=\"https:\/\/d2p6e6u75xmxt8.cloudfront.net\/2\/2020\/11\/Vos-Armitstead-profimedia-0233737755.jpg\"><img loading=\"lazy\" decoding=\"async\" class=\"size-large wp-image-6970\" src=\"https:\/\/d2p6e6u75xmxt8.cloudfront.net\/6\/2020\/11\/Vos-Armitstead-profimedia-0233737755-1024x625.jpg\" alt=\"2012 Olympics\" width=\"1024\" height=\"625\" srcset=\"https:\/\/d2p6e6u75xmxt8.cloudfront.net\/6\/2020\/11\/Vos-Armitstead-profimedia-0233737755-1024x625.jpg 1024w, https:\/\/d2p6e6u75xmxt8.cloudfront.net\/6\/2020\/11\/Vos-Armitstead-profimedia-0233737755-300x183.jpg 300w, https:\/\/d2p6e6u75xmxt8.cloudfront.net\/6\/2020\/11\/Vos-Armitstead-profimedia-0233737755-768x469.jpg 768w, https:\/\/d2p6e6u75xmxt8.cloudfront.net\/6\/2020\/11\/Vos-Armitstead-profimedia-0233737755.jpg 1250w\" sizes=\"auto, (max-width: 1024px) 100vw, 1024px\" \/><\/a><figcaption id=\"caption-attachment-6970\" class=\"wp-caption-text\">Vos bate a Armitstead en la l\u00ednea de meta los Juegos Olimpicos de 2012. \u00a9 Profimedia<\/figcaption><\/figure>\n<p>&nbsp;<\/p>\n<p>Dos de las mejores ciclistas del mundo, Mariann Vos y Lizzie Armitstead (ahora Deignan) captaron la atenci\u00f3n del mundo con su ic\u00f3nica batalla en los Juegos Ol\u00edmpicos de 2012. Antes de empezar, Vos era la favorita y se hab\u00eda establecido (despu\u00e9s de mucho trabajo duro y muchas victorias bien merecidas) como la mejor ciclista del mundo. Sin embargo, eso no significaba que no tuviera que trabajar duro para ello, ya que hab\u00eda una reserva de talento incre\u00edblemente fuerte con la que competir. El equipo de Gran Breta\u00f1a inclu\u00eda a Lizzie Armitstead, de 24 a\u00f1os de edad, que particip\u00f3 en la carrera como l\u00edder del equipo y cont\u00f3 con el respaldo de toda su naci\u00f3n en los Juegos Ol\u00edmpicos de su pa\u00eds.<\/p>\n<p>La prensa se llen\u00f3 de orgullo local y public\u00f3 una historia tras otra sobre las posibilidades de Armitstead de conseguir una medalla. Naturalmente, la rivalidad ciclista entre Armitstead y Vos jug\u00f3 un papel estelar en la generaci\u00f3n de expectativas en torno a la coronaci\u00f3n del ciclismo ol\u00edmpico. Y no decepcion\u00f3. Una batalla para todos los tiempos, la lluvia torrencial s\u00f3lo a\u00f1adi\u00f3 al espect\u00e1culo que estaba lleno de acci\u00f3n impredecible, agresividad emociones. Vos termin\u00f3 siendo la campeona ol\u00edmpica, pero los dos han seguido teniendo muchas carreras din\u00e1micas juntas y han jugado un papel fundamental en el impulso del perfil del ciclismo femenino.<\/p>\n<h2><strong>Fausto Coppi vs Gino Bartali<\/strong><\/h2>\n<figure id=\"attachment_6971\" aria-describedby=\"caption-attachment-6971\" style=\"width: 1024px\" class=\"wp-caption alignnone\"><a href=\"https:\/\/d2p6e6u75xmxt8.cloudfront.net\/2\/2020\/11\/Bartali-Copi-profimedia-0068038080.jpg\"><img loading=\"lazy\" decoding=\"async\" class=\"size-large wp-image-6971\" src=\"https:\/\/d2p6e6u75xmxt8.cloudfront.net\/6\/2020\/11\/Bartali-Copi-profimedia-0068038080-1024x687.jpg\" alt=\"Coppi vs Bartali\" width=\"1024\" height=\"687\" srcset=\"https:\/\/d2p6e6u75xmxt8.cloudfront.net\/6\/2020\/11\/Bartali-Copi-profimedia-0068038080-1024x687.jpg 1024w, https:\/\/d2p6e6u75xmxt8.cloudfront.net\/6\/2020\/11\/Bartali-Copi-profimedia-0068038080-300x201.jpg 300w, https:\/\/d2p6e6u75xmxt8.cloudfront.net\/6\/2020\/11\/Bartali-Copi-profimedia-0068038080-768x515.jpg 768w, https:\/\/d2p6e6u75xmxt8.cloudfront.net\/6\/2020\/11\/Bartali-Copi-profimedia-0068038080-272x182.jpg 272w, https:\/\/d2p6e6u75xmxt8.cloudfront.net\/6\/2020\/11\/Bartali-Copi-profimedia-0068038080.jpg 1250w\" sizes=\"auto, (max-width: 1024px) 100vw, 1024px\" \/><\/a><figcaption id=\"caption-attachment-6971\" class=\"wp-caption-text\">Coppi se refresca delante de Bartali en el Col du Galibier. \u00a9 Profimedia<\/figcaption><\/figure>\n<p>&nbsp;<\/p>\n<p>Y por \u00faltimo, pero no menos importante, no se puede hablar de rivalidades ciclistas sin la m\u00e1s hist\u00f3rica de todas ellas. Dividiendo el mundo del ciclismo italiano en dos, Coppi se uni\u00f3 al equipo de Bartali en 1940 y no perdi\u00f3 tiempo en demostrar que iba en serio. Gan\u00f3 el Giro de Italia de ese a\u00f1o, (para gran disgusto de Bartali) y as\u00ed comenz\u00f3 una rivalidad que se desarrollar\u00eda una y otra vez. A lo largo del a\u00f1o, los dos hombres dejaron claro repetidamente que prefer\u00edan luchar entre ellos que trabajar juntos, aunque les costara a ambos la victoria.<\/p>\n<p>La tensi\u00f3n que generaron tambi\u00e9n lleg\u00f3 a adquirir un simbolismo fuera del mundo del ciclismo y, de manera similar a los franceses mencionados anteriormente, hablaba de una mayor divisi\u00f3n social dentro del pa\u00eds que ambos llamaban hogar. Coppi era representativo del norte industrial, y muy moderno, mientras que los partidarios de Bartali eran del sur, y tend\u00edan a ser m\u00e1s tradicionales, religiosos y rurales. Aunque la rivalidad nunca se disolvi\u00f3 realmente entre los dos, tuvieron sus momentos de camarader\u00eda. En 1952, en el Col d&#8217;Izoard, por ejemplo, uno de los dos pas\u00f3 con ayuda una botella de agua al otro (sin tener en cuenta el hecho de que ambos ciclistas (apoyados por sus bulliciosos seguidores) pasar\u00edan a reclamar el m\u00e9rito de ser el que entreg\u00f3 la botella).<\/p>\n","protected":false},"excerpt":{"rendered":"<p>Las rivalidades son una gran parte de lo que hace que los deportes sean tan emocionantes tanto para los aficionados [&hellip;]<\/p>\n","protected":false},"author":29,"featured_media":6973,"comment_status":"open","ping_status":"open","sticky":false,"template":"","format":"standard","meta":{"footnotes":""},"categories":[7],"tags":[1918,1585,1920,1919,1921],"global-categories":[],"class_list":["post-6963","post","type-post","status-publish","format-standard","has-post-thumbnail","hentry","category-carretera","tag-coppi-y-bartali","tag-historia-del-ciclismo","tag-lemond-e-hinault","tag-poulidor-y-anquetil","tag-rivalidades-ciclistas"],"yoast_head":"<!-- This site is optimized with the Yoast SEO Premium plugin v25.3 (Yoast SEO v25.9) - https:\/\/yoast.com\/wordpress\/plugins\/seo\/ -->\n<title>5 grandes rivalidades ciclistas - We Love Cycling Magazine<\/title>\n<meta name=\"description\" content=\"5 grandes rivalidades ciclistas. Las grandes rivalidades ciclistas de la historia. Del Bartali frente a Coppi al Poulidor Anquetil.\" \/>\n<meta name=\"robots\" content=\"index, follow, max-snippet:-1, max-image-preview:large, max-video-preview:-1\" \/>\n<link rel=\"canonical\" href=\"https:\/\/www.welovecycling.com\/es\/2020\/12\/01\/rivalidades-ciclistas\/\" \/>\n<meta property=\"og:locale\" content=\"es_ES\" \/>\n<meta property=\"og:type\" content=\"article\" \/>\n<meta property=\"og:title\" content=\"5 grandes rivalidades ciclista\" \/>\n<meta property=\"og:description\" content=\"5 grandes rivalidades ciclistas. Las grandes rivalidades ciclistas de la historia. Del Bartali frente a Coppi al Poulidor Anquetil.\" \/>\n<meta property=\"og:url\" content=\"https:\/\/www.welovecycling.com\/es\/2020\/12\/01\/rivalidades-ciclistas\/\" \/>\n<meta property=\"og:site_name\" content=\"\u0160koda We Love Cycling - Spain\" \/>\n<meta property=\"article:published_time\" content=\"2020-12-01T18:53:19+00:00\" \/>\n<meta property=\"og:image\" content=\"https:\/\/d2p6e6u75xmxt8.cloudfront.net\/6\/2020\/11\/Anquetil-Poulidor-profimedia-0068091902-CVR.jpg\" \/>\n\t<meta property=\"og:image:width\" content=\"1366\" \/>\n\t<meta property=\"og:image:height\" content=\"600\" \/>\n\t<meta property=\"og:image:type\" content=\"image\/jpeg\" \/>\n<meta name=\"author\" content=\"We Love Cycling Spain\" \/>\n<meta name=\"twitter:card\" content=\"summary_large_image\" \/>\n<meta name=\"twitter:title\" content=\"5 grandes rivalidades ciclista\" \/>\n<meta name=\"twitter:description\" content=\"5 grandes rivalidades ciclistas. Las grandes rivalidades ciclistas de la historia. Del Bartali frente a Coppi al Poulidor Anquetil.\" \/>\n<meta name=\"twitter:label1\" content=\"Written by\" \/>\n\t<meta name=\"twitter:data1\" content=\"Megan Flottorp\" \/>\n\t<meta name=\"twitter:label2\" content=\"Est. reading time\" \/>\n\t<meta name=\"twitter:data2\" content=\"7\" \/>\n<script type=\"application\/ld+json\" class=\"yoast-schema-graph\">{\"@context\":\"https:\/\/schema.org\",\"@graph\":[{\"@type\":\"WebPage\",\"@id\":\"https:\/\/www.welovecycling.com\/es\/2020\/12\/01\/rivalidades-ciclistas\/\",\"url\":\"https:\/\/www.welovecycling.com\/es\/2020\/12\/01\/rivalidades-ciclistas\/\",\"name\":\"5 grandes rivalidades ciclistas - We Love Cycling Magazine\",\"isPartOf\":{\"@id\":\"https:\/\/www.welovecycling.com\/es\/#website\"},\"primaryImageOfPage\":{\"@id\":\"https:\/\/www.welovecycling.com\/es\/2020\/12\/01\/rivalidades-ciclistas\/#primaryimage\"},\"image\":{\"@id\":\"https:\/\/www.welovecycling.com\/es\/2020\/12\/01\/rivalidades-ciclistas\/#primaryimage\"},\"thumbnailUrl\":\"https:\/\/d2p6e6u75xmxt8.cloudfront.net\/6\/2020\/11\/Anquetil-Poulidor-profimedia-0068091902-CVR.jpg\",\"datePublished\":\"2020-12-01T18:53:19+00:00\",\"author\":{\"@id\":\"https:\/\/www.welovecycling.com\/es\/#\/schema\/person\/deb61715b5812698ee79fb96f343ccd4\"},\"description\":\"5 grandes rivalidades ciclistas. Las grandes rivalidades ciclistas de la historia. Del Bartali frente a Coppi al Poulidor Anquetil.\",\"breadcrumb\":{\"@id\":\"https:\/\/www.welovecycling.com\/es\/2020\/12\/01\/rivalidades-ciclistas\/#breadcrumb\"},\"inLanguage\":\"es-ES\",\"potentialAction\":[{\"@type\":\"ReadAction\",\"target\":[\"https:\/\/www.welovecycling.com\/es\/2020\/12\/01\/rivalidades-ciclistas\/\"]}]},{\"@type\":\"ImageObject\",\"inLanguage\":\"es-ES\",\"@id\":\"https:\/\/www.welovecycling.com\/es\/2020\/12\/01\/rivalidades-ciclistas\/#primaryimage\",\"url\":\"https:\/\/d2p6e6u75xmxt8.cloudfront.net\/6\/2020\/11\/Anquetil-Poulidor-profimedia-0068091902-CVR.jpg\",\"contentUrl\":\"https:\/\/d2p6e6u75xmxt8.cloudfront.net\/6\/2020\/11\/Anquetil-Poulidor-profimedia-0068091902-CVR.jpg\",\"width\":1366,\"height\":600,\"caption\":\"Anquetil vs Poulidor\"},{\"@type\":\"BreadcrumbList\",\"@id\":\"https:\/\/www.welovecycling.com\/es\/2020\/12\/01\/rivalidades-ciclistas\/#breadcrumb\",\"itemListElement\":[{\"@type\":\"ListItem\",\"position\":1,\"name\":\"Home\",\"item\":\"https:\/\/www.welovecycling.com\/es\/\"},{\"@type\":\"ListItem\",\"position\":2,\"name\":\"5 grandes rivalidades ciclistas\"}]},{\"@type\":\"WebSite\",\"@id\":\"https:\/\/www.welovecycling.com\/es\/#website\",\"url\":\"https:\/\/www.welovecycling.com\/es\/\",\"name\":\"\u0160koda We Love Cycling - Spain\",\"description\":\"\u0160koda WeLoveCycling Spain\",\"potentialAction\":[{\"@type\":\"SearchAction\",\"target\":{\"@type\":\"EntryPoint\",\"urlTemplate\":\"https:\/\/www.welovecycling.com\/es\/?s={search_term_string}\"},\"query-input\":{\"@type\":\"PropertyValueSpecification\",\"valueRequired\":true,\"valueName\":\"search_term_string\"}}],\"inLanguage\":\"es-ES\"},{\"@type\":\"Person\",\"@id\":\"https:\/\/www.welovecycling.com\/es\/#\/schema\/person\/deb61715b5812698ee79fb96f343ccd4\",\"name\":\"We Love Cycling Spain\",\"image\":{\"@type\":\"ImageObject\",\"inLanguage\":\"es-ES\",\"@id\":\"https:\/\/www.welovecycling.com\/es\/#\/schema\/person\/image\/\",\"url\":\"https:\/\/secure.gravatar.com\/avatar\/c824b04e6df0e37a03219d0b6481672889df542894588964102459e46513159c?s=96&d=mm&r=g\",\"contentUrl\":\"https:\/\/secure.gravatar.com\/avatar\/c824b04e6df0e37a03219d0b6481672889df542894588964102459e46513159c?s=96&d=mm&r=g\",\"caption\":\"We Love Cycling Spain\"},\"url\":\"https:\/\/www.welovecycling.com\/es\/author\/amunoz\/\"}]}<\/script>\n<!-- \/ Yoast SEO Premium plugin. -->","yoast_head_json":{"title":"5 grandes rivalidades ciclistas - We Love Cycling Magazine","description":"5 grandes rivalidades ciclistas. Las grandes rivalidades ciclistas de la historia. Del Bartali frente a Coppi al Poulidor Anquetil.","robots":{"index":"index","follow":"follow","max-snippet":"max-snippet:-1","max-image-preview":"max-image-preview:large","max-video-preview":"max-video-preview:-1"},"canonical":"https:\/\/www.welovecycling.com\/es\/2020\/12\/01\/rivalidades-ciclistas\/","og_locale":"es_ES","og_type":"article","og_title":"5 grandes rivalidades ciclista","og_description":"5 grandes rivalidades ciclistas. Las grandes rivalidades ciclistas de la historia. Del Bartali frente a Coppi al Poulidor Anquetil.","og_url":"https:\/\/www.welovecycling.com\/es\/2020\/12\/01\/rivalidades-ciclistas\/","og_site_name":"\u0160koda We Love Cycling - Spain","article_published_time":"2020-12-01T18:53:19+00:00","og_image":[{"width":1366,"height":600,"url":"https:\/\/d2p6e6u75xmxt8.cloudfront.net\/6\/2020\/11\/Anquetil-Poulidor-profimedia-0068091902-CVR.jpg","type":"image\/jpeg"}],"author":"We Love Cycling Spain","twitter_card":"summary_large_image","twitter_title":"5 grandes rivalidades ciclista","twitter_description":"5 grandes rivalidades ciclistas. Las grandes rivalidades ciclistas de la historia. Del Bartali frente a Coppi al Poulidor Anquetil.","twitter_misc":{"Written by":"Megan Flottorp","Est. reading time":"7"},"schema":{"@context":"https:\/\/schema.org","@graph":[{"@type":"WebPage","@id":"https:\/\/www.welovecycling.com\/es\/2020\/12\/01\/rivalidades-ciclistas\/","url":"https:\/\/www.welovecycling.com\/es\/2020\/12\/01\/rivalidades-ciclistas\/","name":"5 grandes rivalidades ciclistas - We Love Cycling Magazine","isPartOf":{"@id":"https:\/\/www.welovecycling.com\/es\/#website"},"primaryImageOfPage":{"@id":"https:\/\/www.welovecycling.com\/es\/2020\/12\/01\/rivalidades-ciclistas\/#primaryimage"},"image":{"@id":"https:\/\/www.welovecycling.com\/es\/2020\/12\/01\/rivalidades-ciclistas\/#primaryimage"},"thumbnailUrl":"https:\/\/d2p6e6u75xmxt8.cloudfront.net\/6\/2020\/11\/Anquetil-Poulidor-profimedia-0068091902-CVR.jpg","datePublished":"2020-12-01T18:53:19+00:00","author":{"@id":"https:\/\/www.welovecycling.com\/es\/#\/schema\/person\/deb61715b5812698ee79fb96f343ccd4"},"description":"5 grandes rivalidades ciclistas. Las grandes rivalidades ciclistas de la historia. Del Bartali frente a Coppi al Poulidor Anquetil.","breadcrumb":{"@id":"https:\/\/www.welovecycling.com\/es\/2020\/12\/01\/rivalidades-ciclistas\/#breadcrumb"},"inLanguage":"es-ES","potentialAction":[{"@type":"ReadAction","target":["https:\/\/www.welovecycling.com\/es\/2020\/12\/01\/rivalidades-ciclistas\/"]}]},{"@type":"ImageObject","inLanguage":"es-ES","@id":"https:\/\/www.welovecycling.com\/es\/2020\/12\/01\/rivalidades-ciclistas\/#primaryimage","url":"https:\/\/d2p6e6u75xmxt8.cloudfront.net\/6\/2020\/11\/Anquetil-Poulidor-profimedia-0068091902-CVR.jpg","contentUrl":"https:\/\/d2p6e6u75xmxt8.cloudfront.net\/6\/2020\/11\/Anquetil-Poulidor-profimedia-0068091902-CVR.jpg","width":1366,"height":600,"caption":"Anquetil vs Poulidor"},{"@type":"BreadcrumbList","@id":"https:\/\/www.welovecycling.com\/es\/2020\/12\/01\/rivalidades-ciclistas\/#breadcrumb","itemListElement":[{"@type":"ListItem","position":1,"name":"Home","item":"https:\/\/www.welovecycling.com\/es\/"},{"@type":"ListItem","position":2,"name":"5 grandes rivalidades ciclistas"}]},{"@type":"WebSite","@id":"https:\/\/www.welovecycling.com\/es\/#website","url":"https:\/\/www.welovecycling.com\/es\/","name":"\u0160koda We Love Cycling - Spain","description":"\u0160koda WeLoveCycling Spain","potentialAction":[{"@type":"SearchAction","target":{"@type":"EntryPoint","urlTemplate":"https:\/\/www.welovecycling.com\/es\/?s={search_term_string}"},"query-input":{"@type":"PropertyValueSpecification","valueRequired":true,"valueName":"search_term_string"}}],"inLanguage":"es-ES"},{"@type":"Person","@id":"https:\/\/www.welovecycling.com\/es\/#\/schema\/person\/deb61715b5812698ee79fb96f343ccd4","name":"We Love Cycling Spain","image":{"@type":"ImageObject","inLanguage":"es-ES","@id":"https:\/\/www.welovecycling.com\/es\/#\/schema\/person\/image\/","url":"https:\/\/secure.gravatar.com\/avatar\/c824b04e6df0e37a03219d0b6481672889df542894588964102459e46513159c?s=96&d=mm&r=g","contentUrl":"https:\/\/secure.gravatar.com\/avatar\/c824b04e6df0e37a03219d0b6481672889df542894588964102459e46513159c?s=96&d=mm&r=g","caption":"We Love Cycling Spain"},"url":"https:\/\/www.welovecycling.com\/es\/author\/amunoz\/"}]}},"_links":{"self":[{"href":"https:\/\/www.welovecycling.com\/es\/wp-json\/wp\/v2\/posts\/6963","targetHints":{"allow":["GET"]}}],"collection":[{"href":"https:\/\/www.welovecycling.com\/es\/wp-json\/wp\/v2\/posts"}],"about":[{"href":"https:\/\/www.welovecycling.com\/es\/wp-json\/wp\/v2\/types\/post"}],"author":[{"embeddable":true,"href":"https:\/\/www.welovecycling.com\/es\/wp-json\/wp\/v2\/users\/29"}],"replies":[{"embeddable":true,"href":"https:\/\/www.welovecycling.com\/es\/wp-json\/wp\/v2\/comments?post=6963"}],"version-history":[{"count":2,"href":"https:\/\/www.welovecycling.com\/es\/wp-json\/wp\/v2\/posts\/6963\/revisions"}],"predecessor-version":[{"id":6976,"href":"https:\/\/www.welovecycling.com\/es\/wp-json\/wp\/v2\/posts\/6963\/revisions\/6976"}],"wp:featuredmedia":[{"embeddable":true,"href":"https:\/\/www.welovecycling.com\/es\/wp-json\/wp\/v2\/media\/6973"}],"wp:attachment":[{"href":"https:\/\/www.welovecycling.com\/es\/wp-json\/wp\/v2\/media?parent=6963"}],"wp:term":[{"taxonomy":"category","embeddable":true,"href":"https:\/\/www.welovecycling.com\/es\/wp-json\/wp\/v2\/categories?post=6963"},{"taxonomy":"post_tag","embeddable":true,"href":"https:\/\/www.welovecycling.com\/es\/wp-json\/wp\/v2\/tags?post=6963"},{"taxonomy":"global-categories","embeddable":true,"href":"https:\/\/www.welovecycling.com\/es\/wp-json\/wp\/v2\/global-categories?post=6963"}],"curies":[{"name":"wp","href":"https:\/\/api.w.org\/{rel}","templated":true}]}}