{"id":6931,"date":"2020-11-20T14:15:34","date_gmt":"2020-11-20T12:15:34","guid":{"rendered":"https:\/\/www.welovecycling.com\/es\/?p=6931"},"modified":"2020-11-20T14:15:34","modified_gmt":"2020-11-20T12:15:34","slug":"venta-e-bikes-atencion-cliente","status":"publish","type":"post","link":"https:\/\/www.welovecycling.com\/es\/2020\/11\/20\/venta-e-bikes-atencion-cliente\/","title":{"rendered":"M\u00e1s ventas de e-bikes y m\u00e1s problemas en atenci\u00f3n al cliente"},"content":{"rendered":"<p><strong>La epidemia de Covid-19 ha sido mala para casi todo el mundo y para todo, pero ha sido muy buena para las ventas de bicicletas, especialmente para las de e-bikes. Los clientes en los EE.UU. y Europa se est\u00e1n volcando en las bicicletas el\u00e9ctricas de una manera muy grande y el coronavirus es el principal impulsor del auge.<\/strong><\/p>\n<p><!--more--><\/p>\n<p>Con muchas personas que se quedan en casa y de repente tienen m\u00e1s tiempo libre y con los que evitan el transporte p\u00fablico para seguir las recomendaciones de distanciamiento social, las ventas de e-bikes han alcanzado su pico<\/p>\n<p>Por ejemplo, la tienda online de bicicletas Lectric eBikes, con sede en Arizona, inform\u00f3 de un aumento del 140% en las ventas entre el 15 de marzo, cuando comenzaron los cierres en muchos estados de EE.UU., y mayo. El cofundador de la compa\u00f1\u00eda, Levi Conlow, dijo: &#8220;Nuestros clientes han estado diciendo que las bicicletas electricas son una gran opci\u00f3n para la nueva forma de vida de la era del coronavirus. El espectacular aumento de las ventas muestra que, a nivel nacional, la gente est\u00e1 buscando cambiar la forma de moverse. Tambi\u00e9n es una opci\u00f3n fant\u00e1stica para aquellos que buscan aislarse socialmente mientras toman aire fresco al aire libre&#8221;.<\/p>\n<figure id=\"attachment_6933\" aria-describedby=\"caption-attachment-6933\" style=\"width: 1000px\" class=\"wp-caption alignnone\"><a href=\"https:\/\/d2p6e6u75xmxt8.cloudfront.net\/6\/2020\/11\/Woman-e-bicycle-profimedia0560485936-1.jpg\"><img loading=\"lazy\" decoding=\"async\" class=\"wp-image-6933 size-full\" src=\"https:\/\/d2p6e6u75xmxt8.cloudfront.net\/6\/2020\/11\/Woman-e-bicycle-profimedia0560485936-1.jpg\" alt=\"Woman Riding E-Bicycle\" width=\"1000\" height=\"667\" srcset=\"https:\/\/d2p6e6u75xmxt8.cloudfront.net\/6\/2020\/11\/Woman-e-bicycle-profimedia0560485936-1.jpg 1000w, https:\/\/d2p6e6u75xmxt8.cloudfront.net\/6\/2020\/11\/Woman-e-bicycle-profimedia0560485936-1-300x200.jpg 300w, https:\/\/d2p6e6u75xmxt8.cloudfront.net\/6\/2020\/11\/Woman-e-bicycle-profimedia0560485936-1-768x512.jpg 768w, https:\/\/d2p6e6u75xmxt8.cloudfront.net\/6\/2020\/11\/Woman-e-bicycle-profimedia0560485936-1-272x182.jpg 272w\" sizes=\"auto, (max-width: 1000px) 100vw, 1000px\" \/><\/a><figcaption id=\"caption-attachment-6933\" class=\"wp-caption-text\">The e-bike sales are skyrocketing. \u00a9 Profimedia<\/figcaption><\/figure>\n<p>&nbsp;<\/p>\n<p>Pero como es habitual en estos d\u00edas, cada rayo de luz viene con una nube oscura. Debido a que las ventas de bicicletas electricas comenzaron a aumentar el a\u00f1o pasado, las grandes empresas han estado manejando un delicado equilibrio entre sus departamentos de ventas y servicio al cliente. Ahora, a medida que un n\u00famero sin precedentes de nuevos clientes reciben sus cajas de e-bikes, algunas de las cuales llegan inevitablemente con problemas, estas empresas est\u00e1n teniendo dificultades para mantener a sus nuevos clientes contentos.<\/p>\n<p>Las empresas visibles en el mercado, como VanMoof y Rad Power Bikes, se encontraron luchando por mantenerse al d\u00eda con sus nuevas bases de clientes y el r\u00e1pido aumento de las quejas. Despu\u00e9s de que sus ventas se duplicaran pr\u00e1cticamente de la noche a la ma\u00f1ana, VanMoof encontr\u00f3 especialmente una desventaja en su muy destacada presencia en los medios sociales, ya que sus llamativos anuncios en las plataformas sociales siempre iban acompa\u00f1ados de una larga lista de clientes que se quejaban p\u00fablicamente de la falta de apoyo al cliente.<\/p>\n<div class=\"embed-controller-wrapper\">\n<blockquote class=\"twitter-tweet\" data-width=\"500\" data-dnt=\"true\">\n<p lang=\"en\" dir=\"ltr\">Catch up with Digital Product Owner Myrthe and see how the VanMoof App takes your ride to the next level. <a href=\"https:\/\/t.co\/W19VuCWHSS\">https:\/\/t.co\/W19VuCWHSS<\/a><\/p>\n<p>&mdash; VanMoof (@VanMoof) <a href=\"https:\/\/twitter.com\/VanMoof\/status\/1311625891840131072?ref_src=twsrc%5Etfw\">October 1, 2020<\/a><\/p><\/blockquote>\n<p><script async data-src=\"https:\/\/platform.twitter.com\/widgets.js\" charset=\"utf-8\"><\/script><\/div>\n<p>El cofundador de la compa\u00f1\u00eda, Ties Carlier, dijo a The Verge: &#8220;Hay mucha frustraci\u00f3n ah\u00ed fuera, lo s\u00e9. Calculamos que en alrededor del 1% [de las bicicletas] dentro de la primera semana m\u00e1s o menos tendr\u00eda algo tan importante como para que un cliente nos llamara. Pero resulta estar m\u00e1s cerca del 10%. Nuestra pr\u00f3xima frontera es transformar nuestro negocio construyendo un ecosistema de apoyo completo alrededor de cada ciclista.&#8221;<\/p>\n<p>Como muchos de sus competidores, incluyendo VanMoof, Lectric eBikes lanz\u00f3 un nuevo modelo en 2019 para capitalizar el creciente inter\u00e9s en el producto y lanz\u00f3 otra bicicleta cuando comenz\u00f3 el boom de Covid. Para anticiparse al esperado aumento de las reacciones negativas de los clientes, la empresa ampli\u00f3 su equipo de atenci\u00f3n al cliente. Pero dio un paso m\u00e1s al contratar a un Director de Operaciones para traer expertos externos.<\/p>\n<p>El cofundador Levi Conlow dijo que esta expansi\u00f3n de los conocimientos de gesti\u00f3n ha sido esencial para ayudar a la compa\u00f1\u00eda a dominar las consecuencias de su \u00e9xito.<\/p>\n<figure id=\"attachment_6934\" aria-describedby=\"caption-attachment-6934\" style=\"width: 999px\" class=\"wp-caption alignnone\"><a href=\"https:\/\/d2p6e6u75xmxt8.cloudfront.net\/6\/2020\/11\/E-bike-wheel-profimedia-0534988612.jpg\"><img loading=\"lazy\" decoding=\"async\" class=\"wp-image-6934 size-full\" src=\"https:\/\/d2p6e6u75xmxt8.cloudfront.net\/6\/2020\/11\/E-bike-wheel-profimedia-0534988612.jpg\" alt=\"E-Bike Wheel\" width=\"999\" height=\"665\" srcset=\"https:\/\/d2p6e6u75xmxt8.cloudfront.net\/6\/2020\/11\/E-bike-wheel-profimedia-0534988612.jpg 999w, https:\/\/d2p6e6u75xmxt8.cloudfront.net\/6\/2020\/11\/E-bike-wheel-profimedia-0534988612-300x200.jpg 300w, https:\/\/d2p6e6u75xmxt8.cloudfront.net\/6\/2020\/11\/E-bike-wheel-profimedia-0534988612-768x511.jpg 768w, https:\/\/d2p6e6u75xmxt8.cloudfront.net\/6\/2020\/11\/E-bike-wheel-profimedia-0534988612-272x182.jpg 272w\" sizes=\"auto, (max-width: 999px) 100vw, 999px\" \/><\/a><figcaption id=\"caption-attachment-6934\" class=\"wp-caption-text\">Con el aumento de las ventas, los productores de bicicletas electricas necesitan ampliar sus equipos de apoyo al cliente. \u00a9 Profimedia<\/figcaption><\/figure>\n<p>&nbsp;<\/p>\n<p>&#8220;Primero le hablamos de nuestros competidores y de c\u00f3mo pueden tener tiempos de espera de d\u00edas para los correos electr\u00f3nicos y tiempos de espera de horas para las llamadas, y de c\u00f3mo pens\u00e1bamos que nos iba bien ya que ten\u00edamos tiempos de espera de unos 20 minutos y tal vez hasta un d\u00eda para los correos electr\u00f3nicos&#8221;, le dijo a Electrek. &#8220;Pero ella entr\u00f3 y dijo: &#8216;No, eso no est\u00e1 bien para m\u00ed'&#8221;. Quer\u00eda que esos n\u00fameros se redujeran al 97% de las llamadas telef\u00f3nicas siendo respondidas en menos de un minuto y que los correos electr\u00f3nicos fueran tratados m\u00e1s como un chat de clientes con respuestas r\u00e1pidas&#8221;.<\/p>\n<p>Como resultado, Conlow dijo, &#8220;Tengo confianza en decir que tenemos uno de los mejores si no el mejor soporte al cliente en la industria ahora.&#8221;<\/p>\n","protected":false},"excerpt":{"rendered":"<p>La epidemia de Covid-19 ha sido mala para casi todo el mundo y para todo, pero ha sido muy buena [&hellip;]<\/p>\n","protected":false},"author":29,"featured_media":6936,"comment_status":"open","ping_status":"open","sticky":false,"template":"","format":"standard","meta":{"footnotes":""},"categories":[8,6],"tags":[1905,127,1904],"global-categories":[],"class_list":["post-6931","post","type-post","status-publish","format-standard","has-post-thumbnail","hentry","category-life-style","category-urban","tag-comprar-bicicleta-electrica","tag-e-bike","tag-problemas-bicicletas-electricas"],"yoast_head":"<!-- This site is optimized with the Yoast SEO Premium plugin v25.3 (Yoast SEO v25.9) - https:\/\/yoast.com\/wordpress\/plugins\/seo\/ -->\n<title>M\u00e1s ventas de e-bikes y m\u00e1s problemas en atenci\u00f3n al cliente<\/title>\n<meta name=\"description\" content=\"M\u00e1s ventas de e-bikes y m\u00e1s problemas en atenci\u00f3n al cliente. Los problemas de los fabricantes de bicicletas electricas y sus clientes.\" \/>\n<meta name=\"robots\" content=\"index, follow, max-snippet:-1, max-image-preview:large, max-video-preview:-1\" \/>\n<link rel=\"canonical\" href=\"https:\/\/www.welovecycling.com\/es\/2020\/11\/20\/venta-e-bikes-atencion-cliente\/\" \/>\n<meta property=\"og:locale\" content=\"es_ES\" \/>\n<meta property=\"og:type\" content=\"article\" \/>\n<meta property=\"og:title\" content=\"M\u00e1s ventas de e-bikes y m\u00e1s problemas en atenci\u00f3n al cliente\" \/>\n<meta property=\"og:description\" content=\"M\u00e1s ventas de e-bikes y m\u00e1s problemas en atenci\u00f3n al cliente. Los problemas de los fabricantes de bicicletas electricas y sus clientes.\" \/>\n<meta property=\"og:url\" content=\"https:\/\/www.welovecycling.com\/es\/2020\/11\/20\/venta-e-bikes-atencion-cliente\/\" \/>\n<meta property=\"og:site_name\" content=\"\u0160koda We Love Cycling - Spain\" \/>\n<meta property=\"article:published_time\" content=\"2020-11-20T12:15:34+00:00\" \/>\n<meta property=\"og:image\" content=\"https:\/\/d2p6e6u75xmxt8.cloudfront.net\/6\/2020\/11\/E-bike-repair-profimedia-0405450770-CVR.jpg\" \/>\n\t<meta property=\"og:image:width\" content=\"1366\" \/>\n\t<meta property=\"og:image:height\" content=\"600\" \/>\n\t<meta property=\"og:image:type\" content=\"image\/jpeg\" \/>\n<meta name=\"author\" content=\"We Love Cycling Spain\" \/>\n<meta name=\"twitter:card\" content=\"summary_large_image\" \/>\n<meta name=\"twitter:title\" content=\"M\u00e1s ventas de e-bikes y m\u00e1s problemas en atenci\u00f3n al cliente\" \/>\n<meta name=\"twitter:description\" content=\"M\u00e1s ventas de e-bikes y m\u00e1s problemas en atenci\u00f3n al cliente. Los problemas de los fabricantes de bicicletas electricas y sus clientes.\" \/>\n<meta name=\"twitter:label1\" content=\"Written by\" \/>\n\t<meta name=\"twitter:data1\" content=\"Siegfried Mortkowitz\" \/>\n\t<meta name=\"twitter:label2\" content=\"Est. reading time\" \/>\n\t<meta name=\"twitter:data2\" content=\"6\" \/>\n<script type=\"application\/ld+json\" class=\"yoast-schema-graph\">{\"@context\":\"https:\/\/schema.org\",\"@graph\":[{\"@type\":\"WebPage\",\"@id\":\"https:\/\/www.welovecycling.com\/es\/2020\/11\/20\/venta-e-bikes-atencion-cliente\/\",\"url\":\"https:\/\/www.welovecycling.com\/es\/2020\/11\/20\/venta-e-bikes-atencion-cliente\/\",\"name\":\"M\u00e1s ventas de e-bikes y m\u00e1s problemas en atenci\u00f3n al cliente\",\"isPartOf\":{\"@id\":\"https:\/\/www.welovecycling.com\/es\/#website\"},\"primaryImageOfPage\":{\"@id\":\"https:\/\/www.welovecycling.com\/es\/2020\/11\/20\/venta-e-bikes-atencion-cliente\/#primaryimage\"},\"image\":{\"@id\":\"https:\/\/www.welovecycling.com\/es\/2020\/11\/20\/venta-e-bikes-atencion-cliente\/#primaryimage\"},\"thumbnailUrl\":\"https:\/\/d2p6e6u75xmxt8.cloudfront.net\/6\/2020\/11\/E-bike-repair-profimedia-0405450770-CVR.jpg\",\"datePublished\":\"2020-11-20T12:15:34+00:00\",\"author\":{\"@id\":\"https:\/\/www.welovecycling.com\/es\/#\/schema\/person\/deb61715b5812698ee79fb96f343ccd4\"},\"description\":\"M\u00e1s ventas de e-bikes y m\u00e1s problemas en atenci\u00f3n al cliente. Los problemas de los fabricantes de bicicletas electricas y sus clientes.\",\"breadcrumb\":{\"@id\":\"https:\/\/www.welovecycling.com\/es\/2020\/11\/20\/venta-e-bikes-atencion-cliente\/#breadcrumb\"},\"inLanguage\":\"es-ES\",\"potentialAction\":[{\"@type\":\"ReadAction\",\"target\":[\"https:\/\/www.welovecycling.com\/es\/2020\/11\/20\/venta-e-bikes-atencion-cliente\/\"]}]},{\"@type\":\"ImageObject\",\"inLanguage\":\"es-ES\",\"@id\":\"https:\/\/www.welovecycling.com\/es\/2020\/11\/20\/venta-e-bikes-atencion-cliente\/#primaryimage\",\"url\":\"https:\/\/d2p6e6u75xmxt8.cloudfront.net\/6\/2020\/11\/E-bike-repair-profimedia-0405450770-CVR.jpg\",\"contentUrl\":\"https:\/\/d2p6e6u75xmxt8.cloudfront.net\/6\/2020\/11\/E-bike-repair-profimedia-0405450770-CVR.jpg\",\"width\":1366,\"height\":600,\"caption\":\"E-bike repair\"},{\"@type\":\"BreadcrumbList\",\"@id\":\"https:\/\/www.welovecycling.com\/es\/2020\/11\/20\/venta-e-bikes-atencion-cliente\/#breadcrumb\",\"itemListElement\":[{\"@type\":\"ListItem\",\"position\":1,\"name\":\"Home\",\"item\":\"https:\/\/www.welovecycling.com\/es\/\"},{\"@type\":\"ListItem\",\"position\":2,\"name\":\"M\u00e1s ventas de e-bikes y m\u00e1s problemas en atenci\u00f3n al cliente\"}]},{\"@type\":\"WebSite\",\"@id\":\"https:\/\/www.welovecycling.com\/es\/#website\",\"url\":\"https:\/\/www.welovecycling.com\/es\/\",\"name\":\"\u0160koda We Love Cycling - Spain\",\"description\":\"\u0160koda WeLoveCycling Spain\",\"potentialAction\":[{\"@type\":\"SearchAction\",\"target\":{\"@type\":\"EntryPoint\",\"urlTemplate\":\"https:\/\/www.welovecycling.com\/es\/?s={search_term_string}\"},\"query-input\":{\"@type\":\"PropertyValueSpecification\",\"valueRequired\":true,\"valueName\":\"search_term_string\"}}],\"inLanguage\":\"es-ES\"},{\"@type\":\"Person\",\"@id\":\"https:\/\/www.welovecycling.com\/es\/#\/schema\/person\/deb61715b5812698ee79fb96f343ccd4\",\"name\":\"We Love Cycling Spain\",\"image\":{\"@type\":\"ImageObject\",\"inLanguage\":\"es-ES\",\"@id\":\"https:\/\/www.welovecycling.com\/es\/#\/schema\/person\/image\/\",\"url\":\"https:\/\/secure.gravatar.com\/avatar\/c824b04e6df0e37a03219d0b6481672889df542894588964102459e46513159c?s=96&d=mm&r=g\",\"contentUrl\":\"https:\/\/secure.gravatar.com\/avatar\/c824b04e6df0e37a03219d0b6481672889df542894588964102459e46513159c?s=96&d=mm&r=g\",\"caption\":\"We Love Cycling Spain\"},\"url\":\"https:\/\/www.welovecycling.com\/es\/author\/amunoz\/\"}]}<\/script>\n<!-- \/ Yoast SEO Premium plugin. -->","yoast_head_json":{"title":"M\u00e1s ventas de e-bikes y m\u00e1s problemas en atenci\u00f3n al cliente","description":"M\u00e1s ventas de e-bikes y m\u00e1s problemas en atenci\u00f3n al cliente. Los problemas de los fabricantes de bicicletas electricas y sus clientes.","robots":{"index":"index","follow":"follow","max-snippet":"max-snippet:-1","max-image-preview":"max-image-preview:large","max-video-preview":"max-video-preview:-1"},"canonical":"https:\/\/www.welovecycling.com\/es\/2020\/11\/20\/venta-e-bikes-atencion-cliente\/","og_locale":"es_ES","og_type":"article","og_title":"M\u00e1s ventas de e-bikes y m\u00e1s problemas en atenci\u00f3n al cliente","og_description":"M\u00e1s ventas de e-bikes y m\u00e1s problemas en atenci\u00f3n al cliente. Los problemas de los fabricantes de bicicletas electricas y sus clientes.","og_url":"https:\/\/www.welovecycling.com\/es\/2020\/11\/20\/venta-e-bikes-atencion-cliente\/","og_site_name":"\u0160koda We Love Cycling - Spain","article_published_time":"2020-11-20T12:15:34+00:00","og_image":[{"width":1366,"height":600,"url":"https:\/\/d2p6e6u75xmxt8.cloudfront.net\/6\/2020\/11\/E-bike-repair-profimedia-0405450770-CVR.jpg","type":"image\/jpeg"}],"author":"We Love Cycling Spain","twitter_card":"summary_large_image","twitter_title":"M\u00e1s ventas de e-bikes y m\u00e1s problemas en atenci\u00f3n al cliente","twitter_description":"M\u00e1s ventas de e-bikes y m\u00e1s problemas en atenci\u00f3n al cliente. Los problemas de los fabricantes de bicicletas electricas y sus clientes.","twitter_misc":{"Written by":"Siegfried Mortkowitz","Est. reading time":"6"},"schema":{"@context":"https:\/\/schema.org","@graph":[{"@type":"WebPage","@id":"https:\/\/www.welovecycling.com\/es\/2020\/11\/20\/venta-e-bikes-atencion-cliente\/","url":"https:\/\/www.welovecycling.com\/es\/2020\/11\/20\/venta-e-bikes-atencion-cliente\/","name":"M\u00e1s ventas de e-bikes y m\u00e1s problemas en atenci\u00f3n al cliente","isPartOf":{"@id":"https:\/\/www.welovecycling.com\/es\/#website"},"primaryImageOfPage":{"@id":"https:\/\/www.welovecycling.com\/es\/2020\/11\/20\/venta-e-bikes-atencion-cliente\/#primaryimage"},"image":{"@id":"https:\/\/www.welovecycling.com\/es\/2020\/11\/20\/venta-e-bikes-atencion-cliente\/#primaryimage"},"thumbnailUrl":"https:\/\/d2p6e6u75xmxt8.cloudfront.net\/6\/2020\/11\/E-bike-repair-profimedia-0405450770-CVR.jpg","datePublished":"2020-11-20T12:15:34+00:00","author":{"@id":"https:\/\/www.welovecycling.com\/es\/#\/schema\/person\/deb61715b5812698ee79fb96f343ccd4"},"description":"M\u00e1s ventas de e-bikes y m\u00e1s problemas en atenci\u00f3n al cliente. Los problemas de los fabricantes de bicicletas electricas y sus clientes.","breadcrumb":{"@id":"https:\/\/www.welovecycling.com\/es\/2020\/11\/20\/venta-e-bikes-atencion-cliente\/#breadcrumb"},"inLanguage":"es-ES","potentialAction":[{"@type":"ReadAction","target":["https:\/\/www.welovecycling.com\/es\/2020\/11\/20\/venta-e-bikes-atencion-cliente\/"]}]},{"@type":"ImageObject","inLanguage":"es-ES","@id":"https:\/\/www.welovecycling.com\/es\/2020\/11\/20\/venta-e-bikes-atencion-cliente\/#primaryimage","url":"https:\/\/d2p6e6u75xmxt8.cloudfront.net\/6\/2020\/11\/E-bike-repair-profimedia-0405450770-CVR.jpg","contentUrl":"https:\/\/d2p6e6u75xmxt8.cloudfront.net\/6\/2020\/11\/E-bike-repair-profimedia-0405450770-CVR.jpg","width":1366,"height":600,"caption":"E-bike repair"},{"@type":"BreadcrumbList","@id":"https:\/\/www.welovecycling.com\/es\/2020\/11\/20\/venta-e-bikes-atencion-cliente\/#breadcrumb","itemListElement":[{"@type":"ListItem","position":1,"name":"Home","item":"https:\/\/www.welovecycling.com\/es\/"},{"@type":"ListItem","position":2,"name":"M\u00e1s ventas de e-bikes y m\u00e1s problemas en atenci\u00f3n al cliente"}]},{"@type":"WebSite","@id":"https:\/\/www.welovecycling.com\/es\/#website","url":"https:\/\/www.welovecycling.com\/es\/","name":"\u0160koda We Love Cycling - Spain","description":"\u0160koda WeLoveCycling Spain","potentialAction":[{"@type":"SearchAction","target":{"@type":"EntryPoint","urlTemplate":"https:\/\/www.welovecycling.com\/es\/?s={search_term_string}"},"query-input":{"@type":"PropertyValueSpecification","valueRequired":true,"valueName":"search_term_string"}}],"inLanguage":"es-ES"},{"@type":"Person","@id":"https:\/\/www.welovecycling.com\/es\/#\/schema\/person\/deb61715b5812698ee79fb96f343ccd4","name":"We Love Cycling Spain","image":{"@type":"ImageObject","inLanguage":"es-ES","@id":"https:\/\/www.welovecycling.com\/es\/#\/schema\/person\/image\/","url":"https:\/\/secure.gravatar.com\/avatar\/c824b04e6df0e37a03219d0b6481672889df542894588964102459e46513159c?s=96&d=mm&r=g","contentUrl":"https:\/\/secure.gravatar.com\/avatar\/c824b04e6df0e37a03219d0b6481672889df542894588964102459e46513159c?s=96&d=mm&r=g","caption":"We Love Cycling Spain"},"url":"https:\/\/www.welovecycling.com\/es\/author\/amunoz\/"}]}},"_links":{"self":[{"href":"https:\/\/www.welovecycling.com\/es\/wp-json\/wp\/v2\/posts\/6931","targetHints":{"allow":["GET"]}}],"collection":[{"href":"https:\/\/www.welovecycling.com\/es\/wp-json\/wp\/v2\/posts"}],"about":[{"href":"https:\/\/www.welovecycling.com\/es\/wp-json\/wp\/v2\/types\/post"}],"author":[{"embeddable":true,"href":"https:\/\/www.welovecycling.com\/es\/wp-json\/wp\/v2\/users\/29"}],"replies":[{"embeddable":true,"href":"https:\/\/www.welovecycling.com\/es\/wp-json\/wp\/v2\/comments?post=6931"}],"version-history":[{"count":2,"href":"https:\/\/www.welovecycling.com\/es\/wp-json\/wp\/v2\/posts\/6931\/revisions"}],"predecessor-version":[{"id":6937,"href":"https:\/\/www.welovecycling.com\/es\/wp-json\/wp\/v2\/posts\/6931\/revisions\/6937"}],"wp:featuredmedia":[{"embeddable":true,"href":"https:\/\/www.welovecycling.com\/es\/wp-json\/wp\/v2\/media\/6936"}],"wp:attachment":[{"href":"https:\/\/www.welovecycling.com\/es\/wp-json\/wp\/v2\/media?parent=6931"}],"wp:term":[{"taxonomy":"category","embeddable":true,"href":"https:\/\/www.welovecycling.com\/es\/wp-json\/wp\/v2\/categories?post=6931"},{"taxonomy":"post_tag","embeddable":true,"href":"https:\/\/www.welovecycling.com\/es\/wp-json\/wp\/v2\/tags?post=6931"},{"taxonomy":"global-categories","embeddable":true,"href":"https:\/\/www.welovecycling.com\/es\/wp-json\/wp\/v2\/global-categories?post=6931"}],"curies":[{"name":"wp","href":"https:\/\/api.w.org\/{rel}","templated":true}]}}