{"id":6883,"date":"2020-11-08T10:19:14","date_gmt":"2020-11-08T08:19:14","guid":{"rendered":"https:\/\/www.welovecycling.com\/es\/?p=6883"},"modified":"2020-11-06T10:28:38","modified_gmt":"2020-11-06T08:28:38","slug":"julian-berrendero","status":"publish","type":"post","link":"https:\/\/www.welovecycling.com\/es\/2020\/11\/08\/julian-berrendero\/","title":{"rendered":"Juli\u00e1n Berrendero, el ciclista que sobrevivi\u00f3 a la c\u00e1rcel para ganar La Vuelta"},"content":{"rendered":"<p><strong>Los or\u00edgenes de La Vuelta a Espa\u00f1a tal y como lo conocemos se parecen a los comienzos de las novelas de aventuras, igual que la historia de Juli\u00e1n Berrendero. Nacido en un entorno dif\u00edcil y luchando por sobrevivir, nuestro h\u00e9roe se esfuerza por encontrar su lugar en el complicado y hostil mundo, dominado por jugadores m\u00e1s fuertes.<\/strong><\/p>\n<p><!--more--><\/p>\n<p>La inestable situaci\u00f3n pol\u00edtica y la guerra marcaron la primera d\u00e9cada de La Vuelta, as\u00ed como la vida de uno de sus primeros ganadores y talentosos ciclistas: la vida de un tal Juli\u00e1n Berrendero. Este joven desconocido apareci\u00f3 en la segunda edici\u00f3n de La Vuelta en 1936 y, de forma inesperada, supuso una amenaza para el favorito de la carrera: Gustaaf Deeloor. Mientras que Deeloor finalmente gan\u00f3 la carrera, Berrendero obtuvo una prometedora cuarta posici\u00f3n y se fuel al <a href=\"https:\/\/www.welovecycling.com\/wide\/2017\/02\/08\/10-iconic-photographs-history-le-tour-de-france-vol-3\/\">Tour de 1936<\/a> un mes despu\u00e9s.<\/p>\n<figure id=\"attachment_6888\" aria-describedby=\"caption-attachment-6888\" style=\"width: 1024px\" class=\"wp-caption alignnone\"><a href=\"https:\/\/d2p6e6u75xmxt8.cloudfront.net\/2\/2020\/11\/Berrendero-profimedia-0067993512.jpg\"><img loading=\"lazy\" decoding=\"async\" class=\"size-large wp-image-6888\" src=\"https:\/\/d2p6e6u75xmxt8.cloudfront.net\/6\/2020\/11\/Berrendero-profimedia-0067993512-1024x715.jpg\" alt=\"Berrendero at the Tour\" width=\"1024\" height=\"715\" srcset=\"https:\/\/d2p6e6u75xmxt8.cloudfront.net\/6\/2020\/11\/Berrendero-profimedia-0067993512-1024x715.jpg 1024w, https:\/\/d2p6e6u75xmxt8.cloudfront.net\/6\/2020\/11\/Berrendero-profimedia-0067993512-300x210.jpg 300w, https:\/\/d2p6e6u75xmxt8.cloudfront.net\/6\/2020\/11\/Berrendero-profimedia-0067993512-768x536.jpg 768w, https:\/\/d2p6e6u75xmxt8.cloudfront.net\/6\/2020\/11\/Berrendero-profimedia-0067993512.jpg 1250w\" sizes=\"auto, (max-width: 1024px) 100vw, 1024px\" \/><\/a><figcaption id=\"caption-attachment-6888\" class=\"wp-caption-text\">Tour de 1937. \u00a9 Profimedia<\/figcaption><\/figure>\n<p>&nbsp;<\/p>\n<p>Al cruzar la l\u00ednea de meta del Tour Juli\u00e1n se enter\u00f3 de que su propio pa\u00eds se hab\u00eda hundido en una atroz Guerra Civil. El joven ciclista decidi\u00f3 quedarse en Francia y dirigir una tienda de bicicletas. A\u00fan exiliado, firm\u00f3 un documento en el que promet\u00eda su lealtad al r\u00e9gimen de 1931. Cuando la guerra civil termin\u00f3 y miles de espa\u00f1oles huyeron del pa\u00eds, Juli\u00e1n finalmente emprendi\u00f3 su camino de regreso a casa, impulsado por la nostalgia y el deseo de ver a su familia. Desafortunadamente, en el momento en que Berrendero puso un pie en suelo espa\u00f1ol, fue arrestado por el r\u00e9gimen franquista que antes hab\u00eda criticado abiertamente.<\/p>\n<p>As\u00ed comenzaron casi dos a\u00f1os de encarcelamiento en un campo de concentraci\u00f3n, de desnutrici\u00f3n y de castigos corporales regulares. Afortunadamente, la carrera ciclista de Berrendero cambi\u00f3 su suertel.<\/p>\n<figure id=\"attachment_6894\" aria-describedby=\"caption-attachment-6894\" style=\"width: 1024px\" class=\"wp-caption alignnone\"><a href=\"https:\/\/d2p6e6u75xmxt8.cloudfront.net\/2\/2020\/11\/Berrendero-profimedia-0067993500.jpg\"><img loading=\"lazy\" decoding=\"async\" class=\"size-large wp-image-6894\" src=\"https:\/\/d2p6e6u75xmxt8.cloudfront.net\/6\/2020\/11\/Berrendero-profimedia-0067993500-1024x722.jpg\" alt=\"Juli\u00e1n Berrendero Tour\" width=\"1024\" height=\"722\" srcset=\"https:\/\/d2p6e6u75xmxt8.cloudfront.net\/6\/2020\/11\/Berrendero-profimedia-0067993500-1024x722.jpg 1024w, https:\/\/d2p6e6u75xmxt8.cloudfront.net\/6\/2020\/11\/Berrendero-profimedia-0067993500-300x211.jpg 300w, https:\/\/d2p6e6u75xmxt8.cloudfront.net\/6\/2020\/11\/Berrendero-profimedia-0067993500-768x541.jpg 768w, https:\/\/d2p6e6u75xmxt8.cloudfront.net\/6\/2020\/11\/Berrendero-profimedia-0067993500.jpg 1250w\" sizes=\"auto, (max-width: 1024px) 100vw, 1024px\" \/><\/a><figcaption id=\"caption-attachment-6894\" class=\"wp-caption-text\">Carrera antes de la c\u00e1rcel. \u00a9 Profimedia<\/figcaption><\/figure>\n<p>Durante la alineaci\u00f3n de prisioneros de un campo de C\u00e1diz, el capit\u00e1n reconoci\u00f3 el rostro y la constituci\u00f3n atl\u00e9tica de un joven prisionero y le orden\u00f3 que lo siguiera a su oficina. Berrendero obedeci\u00f3, aterrorizado por lo que pod\u00eda venir. Sin embargo, para su gran sorpresa, encontr\u00f3 al capit\u00e1n llorando, abraz\u00e1ndolo, explicando que \u00e9l tambi\u00e9n era ciclista; el capit\u00e1n y Juli\u00e1n corrieron juntos antes de la guerra.<\/p>\n<p>En 1941, Berrendero fue liberado y qu\u00e9 m\u00e1s pod\u00eda hacer para conmemorar esto que volver a las carreras. Despu\u00e9s de un intenso entrenamiento, retorno a la Vuelta de 1941 y 1942, reclamando la victoria. Juli\u00e1n Berrendero continu\u00f3 su carrera ciclista con un balance general de 79 grandes victorias. Muri\u00f3 a los 83 a\u00f1os en 1995. Cuando visites Madrid, pase por una <a href=\"https:\/\/www.berrendero.es\/\">tienda de bicicletas que a\u00fan lleva su nombre.<\/a><\/p>\n","protected":false},"excerpt":{"rendered":"<p>Los or\u00edgenes de La Vuelta a Espa\u00f1a tal y como lo conocemos se parecen a los comienzos de las novelas [&hellip;]<\/p>\n","protected":false},"author":29,"featured_media":6899,"comment_status":"open","ping_status":"open","sticky":false,"template":"","format":"standard","meta":{"footnotes":""},"categories":[7],"tags":[1885,1887,1884,1886],"global-categories":[],"class_list":["post-6883","post","type-post","status-publish","format-standard","has-post-thumbnail","hentry","category-carretera","tag-berrendero-la-vuelta","tag-historia-de-la-vuelta","tag-julian-berrendero","tag-primer-ganador-espanol-la-vuelta"],"yoast_head":"<!-- This site is optimized with the Yoast SEO Premium plugin v25.3 (Yoast SEO v25.9) - https:\/\/yoast.com\/wordpress\/plugins\/seo\/ -->\n<title>Juli\u00e1n Berrendero, el ciclista que sobrevivi\u00f3 a la c\u00e1rcel para ganar La Vuelta<\/title>\n<meta name=\"description\" content=\"Juli\u00e1n Berrendero, el ciclista que sobrevivi\u00f3 a la c\u00e1rcel para ganar La Vuelta. La vida de Berrendero el primer espa\u00f1ol en ganar La Vuelta.\" \/>\n<meta name=\"robots\" content=\"index, follow, max-snippet:-1, max-image-preview:large, max-video-preview:-1\" \/>\n<link rel=\"canonical\" href=\"https:\/\/www.welovecycling.com\/es\/2020\/11\/08\/julian-berrendero\/\" \/>\n<meta property=\"og:locale\" content=\"es_ES\" \/>\n<meta property=\"og:type\" content=\"article\" \/>\n<meta property=\"og:title\" content=\"Juli\u00e1n Berrendero, el ciclista que sobrevivi\u00f3 a la c\u00e1rcel para ganar La Vuelta\" \/>\n<meta property=\"og:description\" content=\"Juli\u00e1n Berrendero, el ciclista que sobrevivi\u00f3 a la c\u00e1rcel para ganar La Vuelta. La vida de Berrendero el primer espa\u00f1ol en ganar La Vuelta.\" \/>\n<meta property=\"og:url\" content=\"https:\/\/www.welovecycling.com\/es\/2020\/11\/08\/julian-berrendero\/\" \/>\n<meta property=\"og:site_name\" content=\"\u0160koda We Love Cycling - Spain\" \/>\n<meta property=\"article:published_time\" content=\"2020-11-08T08:19:14+00:00\" \/>\n<meta property=\"og:image\" content=\"https:\/\/d2p6e6u75xmxt8.cloudfront.net\/6\/2020\/11\/Julian-Berredero-profimedia-0198403010-CVR.jpg\" \/>\n\t<meta property=\"og:image:width\" content=\"1366\" \/>\n\t<meta property=\"og:image:height\" content=\"600\" \/>\n\t<meta property=\"og:image:type\" content=\"image\/jpeg\" \/>\n<meta name=\"author\" content=\"We Love Cycling Spain\" \/>\n<meta name=\"twitter:card\" content=\"summary_large_image\" \/>\n<meta name=\"twitter:title\" content=\"Juli\u00e1n Berrendero, el ciclista que sobrevivi\u00f3 a la c\u00e1rcel para ganar La Vuelta\" \/>\n<meta name=\"twitter:description\" content=\"Juli\u00e1n Berrendero, el ciclista que sobrevivi\u00f3 a la c\u00e1rcel para ganar La Vuelta. La vida de Berrendero el primer espa\u00f1ol en ganar La Vuelta.\" \/>\n<meta name=\"twitter:label1\" content=\"Written by\" \/>\n\t<meta name=\"twitter:data1\" content=\"Tereza Antonova\" \/>\n\t<meta name=\"twitter:label2\" content=\"Est. reading time\" \/>\n\t<meta name=\"twitter:data2\" content=\"5\" \/>\n<script type=\"application\/ld+json\" class=\"yoast-schema-graph\">{\"@context\":\"https:\/\/schema.org\",\"@graph\":[{\"@type\":\"WebPage\",\"@id\":\"https:\/\/www.welovecycling.com\/es\/2020\/11\/08\/julian-berrendero\/\",\"url\":\"https:\/\/www.welovecycling.com\/es\/2020\/11\/08\/julian-berrendero\/\",\"name\":\"Juli\u00e1n Berrendero, el ciclista que sobrevivi\u00f3 a la c\u00e1rcel para ganar La Vuelta\",\"isPartOf\":{\"@id\":\"https:\/\/www.welovecycling.com\/es\/#website\"},\"primaryImageOfPage\":{\"@id\":\"https:\/\/www.welovecycling.com\/es\/2020\/11\/08\/julian-berrendero\/#primaryimage\"},\"image\":{\"@id\":\"https:\/\/www.welovecycling.com\/es\/2020\/11\/08\/julian-berrendero\/#primaryimage\"},\"thumbnailUrl\":\"https:\/\/d2p6e6u75xmxt8.cloudfront.net\/6\/2020\/11\/Julian-Berredero-profimedia-0198403010-CVR.jpg\",\"datePublished\":\"2020-11-08T08:19:14+00:00\",\"author\":{\"@id\":\"https:\/\/www.welovecycling.com\/es\/#\/schema\/person\/deb61715b5812698ee79fb96f343ccd4\"},\"description\":\"Juli\u00e1n Berrendero, el ciclista que sobrevivi\u00f3 a la c\u00e1rcel para ganar La Vuelta. La vida de Berrendero el primer espa\u00f1ol en ganar La Vuelta.\",\"breadcrumb\":{\"@id\":\"https:\/\/www.welovecycling.com\/es\/2020\/11\/08\/julian-berrendero\/#breadcrumb\"},\"inLanguage\":\"es-ES\",\"potentialAction\":[{\"@type\":\"ReadAction\",\"target\":[\"https:\/\/www.welovecycling.com\/es\/2020\/11\/08\/julian-berrendero\/\"]}]},{\"@type\":\"ImageObject\",\"inLanguage\":\"es-ES\",\"@id\":\"https:\/\/www.welovecycling.com\/es\/2020\/11\/08\/julian-berrendero\/#primaryimage\",\"url\":\"https:\/\/d2p6e6u75xmxt8.cloudfront.net\/6\/2020\/11\/Julian-Berredero-profimedia-0198403010-CVR.jpg\",\"contentUrl\":\"https:\/\/d2p6e6u75xmxt8.cloudfront.net\/6\/2020\/11\/Julian-Berredero-profimedia-0198403010-CVR.jpg\",\"width\":1366,\"height\":600,\"caption\":\"Juli\u00e1n Berredero\"},{\"@type\":\"BreadcrumbList\",\"@id\":\"https:\/\/www.welovecycling.com\/es\/2020\/11\/08\/julian-berrendero\/#breadcrumb\",\"itemListElement\":[{\"@type\":\"ListItem\",\"position\":1,\"name\":\"Home\",\"item\":\"https:\/\/www.welovecycling.com\/es\/\"},{\"@type\":\"ListItem\",\"position\":2,\"name\":\"Juli\u00e1n Berrendero, el ciclista que sobrevivi\u00f3 a la c\u00e1rcel para ganar La Vuelta\"}]},{\"@type\":\"WebSite\",\"@id\":\"https:\/\/www.welovecycling.com\/es\/#website\",\"url\":\"https:\/\/www.welovecycling.com\/es\/\",\"name\":\"\u0160koda We Love Cycling - Spain\",\"description\":\"\u0160koda WeLoveCycling Spain\",\"potentialAction\":[{\"@type\":\"SearchAction\",\"target\":{\"@type\":\"EntryPoint\",\"urlTemplate\":\"https:\/\/www.welovecycling.com\/es\/?s={search_term_string}\"},\"query-input\":{\"@type\":\"PropertyValueSpecification\",\"valueRequired\":true,\"valueName\":\"search_term_string\"}}],\"inLanguage\":\"es-ES\"},{\"@type\":\"Person\",\"@id\":\"https:\/\/www.welovecycling.com\/es\/#\/schema\/person\/deb61715b5812698ee79fb96f343ccd4\",\"name\":\"We Love Cycling Spain\",\"image\":{\"@type\":\"ImageObject\",\"inLanguage\":\"es-ES\",\"@id\":\"https:\/\/www.welovecycling.com\/es\/#\/schema\/person\/image\/\",\"url\":\"https:\/\/secure.gravatar.com\/avatar\/c824b04e6df0e37a03219d0b6481672889df542894588964102459e46513159c?s=96&d=mm&r=g\",\"contentUrl\":\"https:\/\/secure.gravatar.com\/avatar\/c824b04e6df0e37a03219d0b6481672889df542894588964102459e46513159c?s=96&d=mm&r=g\",\"caption\":\"We Love Cycling Spain\"},\"url\":\"https:\/\/www.welovecycling.com\/es\/author\/amunoz\/\"}]}<\/script>\n<!-- \/ Yoast SEO Premium plugin. -->","yoast_head_json":{"title":"Juli\u00e1n Berrendero, el ciclista que sobrevivi\u00f3 a la c\u00e1rcel para ganar La Vuelta","description":"Juli\u00e1n Berrendero, el ciclista que sobrevivi\u00f3 a la c\u00e1rcel para ganar La Vuelta. La vida de Berrendero el primer espa\u00f1ol en ganar La Vuelta.","robots":{"index":"index","follow":"follow","max-snippet":"max-snippet:-1","max-image-preview":"max-image-preview:large","max-video-preview":"max-video-preview:-1"},"canonical":"https:\/\/www.welovecycling.com\/es\/2020\/11\/08\/julian-berrendero\/","og_locale":"es_ES","og_type":"article","og_title":"Juli\u00e1n Berrendero, el ciclista que sobrevivi\u00f3 a la c\u00e1rcel para ganar La Vuelta","og_description":"Juli\u00e1n Berrendero, el ciclista que sobrevivi\u00f3 a la c\u00e1rcel para ganar La Vuelta. La vida de Berrendero el primer espa\u00f1ol en ganar La Vuelta.","og_url":"https:\/\/www.welovecycling.com\/es\/2020\/11\/08\/julian-berrendero\/","og_site_name":"\u0160koda We Love Cycling - Spain","article_published_time":"2020-11-08T08:19:14+00:00","og_image":[{"width":1366,"height":600,"url":"https:\/\/d2p6e6u75xmxt8.cloudfront.net\/6\/2020\/11\/Julian-Berredero-profimedia-0198403010-CVR.jpg","type":"image\/jpeg"}],"author":"We Love Cycling Spain","twitter_card":"summary_large_image","twitter_title":"Juli\u00e1n Berrendero, el ciclista que sobrevivi\u00f3 a la c\u00e1rcel para ganar La Vuelta","twitter_description":"Juli\u00e1n Berrendero, el ciclista que sobrevivi\u00f3 a la c\u00e1rcel para ganar La Vuelta. La vida de Berrendero el primer espa\u00f1ol en ganar La Vuelta.","twitter_misc":{"Written by":"Tereza Antonova","Est. reading time":"5"},"schema":{"@context":"https:\/\/schema.org","@graph":[{"@type":"WebPage","@id":"https:\/\/www.welovecycling.com\/es\/2020\/11\/08\/julian-berrendero\/","url":"https:\/\/www.welovecycling.com\/es\/2020\/11\/08\/julian-berrendero\/","name":"Juli\u00e1n Berrendero, el ciclista que sobrevivi\u00f3 a la c\u00e1rcel para ganar La Vuelta","isPartOf":{"@id":"https:\/\/www.welovecycling.com\/es\/#website"},"primaryImageOfPage":{"@id":"https:\/\/www.welovecycling.com\/es\/2020\/11\/08\/julian-berrendero\/#primaryimage"},"image":{"@id":"https:\/\/www.welovecycling.com\/es\/2020\/11\/08\/julian-berrendero\/#primaryimage"},"thumbnailUrl":"https:\/\/d2p6e6u75xmxt8.cloudfront.net\/6\/2020\/11\/Julian-Berredero-profimedia-0198403010-CVR.jpg","datePublished":"2020-11-08T08:19:14+00:00","author":{"@id":"https:\/\/www.welovecycling.com\/es\/#\/schema\/person\/deb61715b5812698ee79fb96f343ccd4"},"description":"Juli\u00e1n Berrendero, el ciclista que sobrevivi\u00f3 a la c\u00e1rcel para ganar La Vuelta. La vida de Berrendero el primer espa\u00f1ol en ganar La Vuelta.","breadcrumb":{"@id":"https:\/\/www.welovecycling.com\/es\/2020\/11\/08\/julian-berrendero\/#breadcrumb"},"inLanguage":"es-ES","potentialAction":[{"@type":"ReadAction","target":["https:\/\/www.welovecycling.com\/es\/2020\/11\/08\/julian-berrendero\/"]}]},{"@type":"ImageObject","inLanguage":"es-ES","@id":"https:\/\/www.welovecycling.com\/es\/2020\/11\/08\/julian-berrendero\/#primaryimage","url":"https:\/\/d2p6e6u75xmxt8.cloudfront.net\/6\/2020\/11\/Julian-Berredero-profimedia-0198403010-CVR.jpg","contentUrl":"https:\/\/d2p6e6u75xmxt8.cloudfront.net\/6\/2020\/11\/Julian-Berredero-profimedia-0198403010-CVR.jpg","width":1366,"height":600,"caption":"Juli\u00e1n Berredero"},{"@type":"BreadcrumbList","@id":"https:\/\/www.welovecycling.com\/es\/2020\/11\/08\/julian-berrendero\/#breadcrumb","itemListElement":[{"@type":"ListItem","position":1,"name":"Home","item":"https:\/\/www.welovecycling.com\/es\/"},{"@type":"ListItem","position":2,"name":"Juli\u00e1n Berrendero, el ciclista que sobrevivi\u00f3 a la c\u00e1rcel para ganar La Vuelta"}]},{"@type":"WebSite","@id":"https:\/\/www.welovecycling.com\/es\/#website","url":"https:\/\/www.welovecycling.com\/es\/","name":"\u0160koda We Love Cycling - Spain","description":"\u0160koda WeLoveCycling Spain","potentialAction":[{"@type":"SearchAction","target":{"@type":"EntryPoint","urlTemplate":"https:\/\/www.welovecycling.com\/es\/?s={search_term_string}"},"query-input":{"@type":"PropertyValueSpecification","valueRequired":true,"valueName":"search_term_string"}}],"inLanguage":"es-ES"},{"@type":"Person","@id":"https:\/\/www.welovecycling.com\/es\/#\/schema\/person\/deb61715b5812698ee79fb96f343ccd4","name":"We Love Cycling Spain","image":{"@type":"ImageObject","inLanguage":"es-ES","@id":"https:\/\/www.welovecycling.com\/es\/#\/schema\/person\/image\/","url":"https:\/\/secure.gravatar.com\/avatar\/c824b04e6df0e37a03219d0b6481672889df542894588964102459e46513159c?s=96&d=mm&r=g","contentUrl":"https:\/\/secure.gravatar.com\/avatar\/c824b04e6df0e37a03219d0b6481672889df542894588964102459e46513159c?s=96&d=mm&r=g","caption":"We Love Cycling Spain"},"url":"https:\/\/www.welovecycling.com\/es\/author\/amunoz\/"}]}},"_links":{"self":[{"href":"https:\/\/www.welovecycling.com\/es\/wp-json\/wp\/v2\/posts\/6883","targetHints":{"allow":["GET"]}}],"collection":[{"href":"https:\/\/www.welovecycling.com\/es\/wp-json\/wp\/v2\/posts"}],"about":[{"href":"https:\/\/www.welovecycling.com\/es\/wp-json\/wp\/v2\/types\/post"}],"author":[{"embeddable":true,"href":"https:\/\/www.welovecycling.com\/es\/wp-json\/wp\/v2\/users\/29"}],"replies":[{"embeddable":true,"href":"https:\/\/www.welovecycling.com\/es\/wp-json\/wp\/v2\/comments?post=6883"}],"version-history":[{"count":2,"href":"https:\/\/www.welovecycling.com\/es\/wp-json\/wp\/v2\/posts\/6883\/revisions"}],"predecessor-version":[{"id":6904,"href":"https:\/\/www.welovecycling.com\/es\/wp-json\/wp\/v2\/posts\/6883\/revisions\/6904"}],"wp:featuredmedia":[{"embeddable":true,"href":"https:\/\/www.welovecycling.com\/es\/wp-json\/wp\/v2\/media\/6899"}],"wp:attachment":[{"href":"https:\/\/www.welovecycling.com\/es\/wp-json\/wp\/v2\/media?parent=6883"}],"wp:term":[{"taxonomy":"category","embeddable":true,"href":"https:\/\/www.welovecycling.com\/es\/wp-json\/wp\/v2\/categories?post=6883"},{"taxonomy":"post_tag","embeddable":true,"href":"https:\/\/www.welovecycling.com\/es\/wp-json\/wp\/v2\/tags?post=6883"},{"taxonomy":"global-categories","embeddable":true,"href":"https:\/\/www.welovecycling.com\/es\/wp-json\/wp\/v2\/global-categories?post=6883"}],"curies":[{"name":"wp","href":"https:\/\/api.w.org\/{rel}","templated":true}]}}