{"id":6882,"date":"2020-11-15T18:35:16","date_gmt":"2020-11-15T16:35:16","guid":{"rendered":"https:\/\/www.welovecycling.com\/es\/?p=6882"},"modified":"2020-11-11T12:16:30","modified_gmt":"2020-11-11T10:16:30","slug":"mercado-global-bicicleta","status":"publish","type":"post","link":"https:\/\/www.welovecycling.com\/es\/2020\/11\/15\/mercado-global-bicicleta\/","title":{"rendered":"El mercado global de la bicicleta saldr\u00e1 reforzado de la pandemia"},"content":{"rendered":"<p><strong>La pandemia del Covid-19 ha sido mala para casi todo el mundo y sus consecuencias finales para la econom\u00eda mundial no pueden medirse todav\u00eda. Pero ser\u00e1 mala, probablemente muy mala. Aunque no para la industria de la bicicleta.<\/strong><\/p>\n<p><!--more--><\/p>\n<p>De acuerdo con una encuesta de casi 1.000 adultos estadounidenses realizada por el grupo de apoyo al ciclismo PeopleForBikes, el 9% de los adultos estadounidenses dicen que anduvieron en bicicleta por primera vez en un a\u00f1o debido a la pandemia. Y la mayor\u00eda de esos ciclistas dicen que seguir\u00e1n andando en bicicleta despu\u00e9s de que se levanten las \u00f3rdenes de bloqueo. Y aproximadamente el 42% de esos ciclistas &#8220;reactivados&#8221; tienen hijos, lo que significa m\u00e1s ciclismo por parte de m\u00e1s personas.<\/p>\n<p>Con muchos programas deportivos juveniles fueron cancelados por la epidemia y con escuelas cerradas o restringidas en algunos pa\u00edses, el ciclismo es una de las pocas actividades seguras al aire libre en las que pueden participar ni\u00f1os de todas las edades.<\/p>\n<figure id=\"attachment_6887\" aria-describedby=\"caption-attachment-6887\" style=\"width: 1024px\" class=\"wp-caption alignnone\"><a href=\"https:\/\/d2p6e6u75xmxt8.cloudfront.net\/2\/2020\/11\/Kids-bicycles-shop-India-profimedia-0563602560.jpg\"><img loading=\"lazy\" decoding=\"async\" class=\"wp-image-6887 size-large\" src=\"https:\/\/d2p6e6u75xmxt8.cloudfront.net\/6\/2020\/11\/Kids-bicycles-shop-India-profimedia-0563602560-1024x682.jpg\" alt=\"Bicycle Shop Indiea\" width=\"1024\" height=\"682\" srcset=\"https:\/\/d2p6e6u75xmxt8.cloudfront.net\/6\/2020\/11\/Kids-bicycles-shop-India-profimedia-0563602560-1024x682.jpg 1024w, https:\/\/d2p6e6u75xmxt8.cloudfront.net\/6\/2020\/11\/Kids-bicycles-shop-India-profimedia-0563602560-300x200.jpg 300w, https:\/\/d2p6e6u75xmxt8.cloudfront.net\/6\/2020\/11\/Kids-bicycles-shop-India-profimedia-0563602560-768x512.jpg 768w, https:\/\/d2p6e6u75xmxt8.cloudfront.net\/6\/2020\/11\/Kids-bicycles-shop-India-profimedia-0563602560-272x182.jpg 272w, https:\/\/d2p6e6u75xmxt8.cloudfront.net\/6\/2020\/11\/Kids-bicycles-shop-India-profimedia-0563602560.jpg 1250w\" sizes=\"auto, (max-width: 1024px) 100vw, 1024px\" \/><\/a><figcaption id=\"caption-attachment-6887\" class=\"wp-caption-text\">El ciclismo es una de las actividades seguras para ni\u00f1os al aire libre. \u00a9 Profimedia<\/figcaption><\/figure>\n<p>Adem\u00e1s, muchos adultos evitan el transporte p\u00fablico por miedo a las infecciones y utilizan la bicicleta para desplazarse o realizar sus tareas diarias, ya sea porque la bicicleta los mantiene en forma y por preocupaciones ambientales. La empresa de ingenier\u00eda canadiense Eco-Counter, que dise\u00f1a y suministra contadores de bicicletas y analiza sus datos, midi\u00f3 un aumento del 21% en el n\u00famero de ciclistas de zonas urbanas de los Estados Unidos desde marzo hasta mediados de junio de 2020, en comparaci\u00f3n con el mismo per\u00edodo de tiempo en 2019.<\/p>\n<p>Es muy probable que no se trate de una tendencia puntual que termine cuando la pandemia haya sido derrotada y la vida vuelva a la &#8220;normalidad&#8221;. El sitio web de comparaci\u00f3n de finanzas personales del Reino Unido, finder.com, encontr\u00f3 que el 87% de los residentes brit\u00e1nicos planean mantener o aumentar sus gastos en las tiendas de bicicletas en comparaci\u00f3n con los niveles anteriores al cierre.<\/p>\n<p>Por lo tanto, no debe sorprender que, seg\u00fan un an\u00e1lisis de la industria de la bicicleta, &#8220;<a href=\"https:\/\/www.researchandmarkets.com\/reports\/338773\/bicycles_global_market_trajectory_and_analytics\">Bicicletas &#8211; Trayectoria y an\u00e1lisis del mercado mundia<\/a>l&#8221;, se estima que el mercado mundial de las bicicletas se expandir\u00e1 de 29.200 millones de d\u00f3lares en 2020 a 34.600 millones de d\u00f3lares en 2027, creciendo a una tasa de crecimiento anual compuesta (CAGR) del 2,4% en ese per\u00edodo. Esta cifra, como la mayor\u00eda de las dem\u00e1s, ha sido revisada al alza como resultado de la pandemia.<\/p>\n<figure id=\"attachment_6893\" aria-describedby=\"caption-attachment-6893\" style=\"width: 1024px\" class=\"wp-caption alignnone\"><a href=\"https:\/\/d2p6e6u75xmxt8.cloudfront.net\/2\/2020\/11\/profimedia-0561359189.jpg\"><img loading=\"lazy\" decoding=\"async\" class=\"wp-image-6893 size-large\" src=\"https:\/\/d2p6e6u75xmxt8.cloudfront.net\/6\/2020\/11\/profimedia-0561359189-1024x768.jpg\" alt=\"Cyclists with masks\" width=\"1024\" height=\"768\" srcset=\"https:\/\/d2p6e6u75xmxt8.cloudfront.net\/6\/2020\/11\/profimedia-0561359189-1024x768.jpg 1024w, https:\/\/d2p6e6u75xmxt8.cloudfront.net\/6\/2020\/11\/profimedia-0561359189-300x225.jpg 300w, https:\/\/d2p6e6u75xmxt8.cloudfront.net\/6\/2020\/11\/profimedia-0561359189-768x576.jpg 768w, https:\/\/d2p6e6u75xmxt8.cloudfront.net\/6\/2020\/11\/profimedia-0561359189.jpg 1250w\" sizes=\"auto, (max-width: 1024px) 100vw, 1024px\" \/><\/a><figcaption id=\"caption-attachment-6893\" class=\"wp-caption-text\">El mercado global de la bicicleta se extender\u00e1 despu\u00e9s de la pandemia. \u00a9 Profimedia<\/figcaption><\/figure>\n<p>&nbsp;<\/p>\n<p>La tasa de crecimiento anual compuesta, o CAGR, es la tasa de retorno que se requerir\u00eda para que una inversi\u00f3n crezca desde su saldo inicial hasta su saldo final, suponiendo que los beneficios se reinvirtieran al final de cada a\u00f1o de vida de la inversi\u00f3n. Es la mejor f\u00f3rmula para evaluar el rendimiento de las diferentes inversiones a lo largo del tiempo. Y las inversiones en ciclos se desempe\u00f1ar\u00e1n muy bien en los pr\u00f3ximos a\u00f1os.<\/p>\n<p>Por ejemplo, se prev\u00e9 que el mercado chino de la bicicleta crezca a una CAGR del 4,7% (o el doble de la tasa de crecimiento mundial) hasta 2027, para alcanzar un tama\u00f1o de mercado estimado de 6.900 millones de d\u00f3lares.<\/p>\n<p>El informe estima que el mercado europeo tambi\u00e9n crecer\u00e1 a un estimado de 6.900 millones de d\u00f3lares para el 2027, con el gran y bien establecido mercado alem\u00e1n creciendo en un 1,1% CAGR. Otros mercados de bicicletas en crecimiento son Jap\u00f3n y Canad\u00e1, que se prev\u00e9 que aumenten un 0,5% y un 1,8% respectivamente.<\/p>\n<figure id=\"attachment_6896\" aria-describedby=\"caption-attachment-6896\" style=\"width: 1024px\" class=\"wp-caption alignnone\"><a href=\"https:\/\/d2p6e6u75xmxt8.cloudfront.net\/2\/2020\/11\/Bicycle-shop-profimedia-0556684330.jpg\"><img loading=\"lazy\" decoding=\"async\" class=\"wp-image-6896 size-large\" src=\"https:\/\/d2p6e6u75xmxt8.cloudfront.net\/6\/2020\/11\/Bicycle-shop-profimedia-0556684330-1024x682.jpg\" alt=\"Bicycle shop\" width=\"1024\" height=\"682\" srcset=\"https:\/\/d2p6e6u75xmxt8.cloudfront.net\/6\/2020\/11\/Bicycle-shop-profimedia-0556684330-1024x682.jpg 1024w, https:\/\/d2p6e6u75xmxt8.cloudfront.net\/6\/2020\/11\/Bicycle-shop-profimedia-0556684330-300x200.jpg 300w, https:\/\/d2p6e6u75xmxt8.cloudfront.net\/6\/2020\/11\/Bicycle-shop-profimedia-0556684330-768x512.jpg 768w, https:\/\/d2p6e6u75xmxt8.cloudfront.net\/6\/2020\/11\/Bicycle-shop-profimedia-0556684330-272x182.jpg 272w, https:\/\/d2p6e6u75xmxt8.cloudfront.net\/6\/2020\/11\/Bicycle-shop-profimedia-0556684330.jpg 1250w\" sizes=\"auto, (max-width: 1024px) 100vw, 1024px\" \/><\/a><figcaption id=\"caption-attachment-6896\" class=\"wp-caption-text\">Se espera que los brit\u00e1nicos aumenten su gasto en tiendas de bicicletas. \u00a9 Profimedia<\/figcaption><\/figure>\n<p>En t\u00e9rminos de segmentos de mercado de bicicletas, se proyecta que las bicicletas h\u00edbridas crezcan m\u00e1s r\u00e1pidamente a nivel mundial, con una CAGR del 3,1%, para llegar a 13.600 millones de d\u00f3lares a finales de 2027. El crecimiento en el segmento de bicicletas de carretera &#8211; que hoy en d\u00eda representa una cuota del 20,7% del mercado mundial de bicicletas &#8211; se proyecta en un 1,7% de CAGR para los pr\u00f3ximos 7 a\u00f1os.<\/p>\n<p>Se estima que el segmento de las bicicletas de monta\u00f1a crecer\u00e1 de los actuales 3.300 millones de d\u00f3lares a 3.800 millones en 2027, una CAGR del 2,1%. Este crecimiento ser\u00e1 impulsado principalmente por los EE.UU., Canad\u00e1, Jap\u00f3n, China y Europa.<\/p>\n<p>Todo esto es una forma complicada de decir lo obvio, que el mercado mundial de la bicicleta, ya en expansi\u00f3n antes de la pandemia, ha recibido un disparo en el brazo por Covid-19. No todo ha sido herido por el coronavirus. Eso es un muy d\u00e9bil resquicio de esperanza en una nube muy oscura, pero es mejor que nada.<\/p>\n","protected":false},"excerpt":{"rendered":"<p>La pandemia del Covid-19 ha sido mala para casi todo el mundo y sus consecuencias finales para la econom\u00eda mundial [&hellip;]<\/p>\n","protected":false},"author":29,"featured_media":6902,"comment_status":"open","ping_status":"open","sticky":false,"template":"","format":"standard","meta":{"footnotes":""},"categories":[7,8,9,6],"tags":[1890,1889,1888,1891,1600],"global-categories":[],"class_list":["post-6882","post","type-post","status-publish","format-standard","has-post-thumbnail","hentry","category-carretera","category-life-style","category-mtb-aventura","category-urban","tag-ciclismo-y-covid","tag-mercado-bicicleta","tag-mercado-ciclismo","tag-tiendas-bicicleta","tag-venta-bicicletas"],"yoast_head":"<!-- This site is optimized with the Yoast SEO Premium plugin v25.3 (Yoast SEO v25.9) - https:\/\/yoast.com\/wordpress\/plugins\/seo\/ -->\n<title>El mercado global de la bicicleta saldr\u00e1 reforzado de la pandemia<\/title>\n<meta name=\"description\" content=\"El mercado global de la bicicleta saldr\u00e1 reforzado de la pandemia. Pese a los problemas, se venden m\u00e1s bicicletas ahora.\" \/>\n<meta name=\"robots\" content=\"index, follow, max-snippet:-1, max-image-preview:large, max-video-preview:-1\" \/>\n<link rel=\"canonical\" href=\"https:\/\/www.welovecycling.com\/es\/2020\/11\/15\/mercado-global-bicicleta\/\" \/>\n<meta property=\"og:locale\" content=\"es_ES\" \/>\n<meta property=\"og:type\" content=\"article\" \/>\n<meta property=\"og:title\" content=\"El mercado global de la bicicleta saldr\u00e1 reforzado de la pandemia\" \/>\n<meta property=\"og:description\" content=\"El mercado global de la bicicleta saldr\u00e1 reforzado de la pandemia. Pese a los problemas, se venden m\u00e1s bicicletas ahora.\" \/>\n<meta property=\"og:url\" content=\"https:\/\/www.welovecycling.com\/es\/2020\/11\/15\/mercado-global-bicicleta\/\" \/>\n<meta property=\"og:site_name\" content=\"\u0160koda We Love Cycling - Spain\" \/>\n<meta property=\"article:published_time\" content=\"2020-11-15T16:35:16+00:00\" \/>\n<meta property=\"og:image\" content=\"https:\/\/d2p6e6u75xmxt8.cloudfront.net\/6\/2020\/11\/Bicycle-shop-profimedia-0184871569-CVR.jpg\" \/>\n\t<meta property=\"og:image:width\" content=\"1366\" \/>\n\t<meta property=\"og:image:height\" content=\"600\" \/>\n\t<meta property=\"og:image:type\" content=\"image\/jpeg\" \/>\n<meta name=\"author\" content=\"We Love Cycling Spain\" \/>\n<meta name=\"twitter:card\" content=\"summary_large_image\" \/>\n<meta name=\"twitter:title\" content=\"El mercado global de la bicicleta saldr\u00e1 reforzado de la pandemia\" \/>\n<meta name=\"twitter:description\" content=\"El mercado global de la bicicleta saldr\u00e1 reforzado de la pandemia. Pese a los problemas, se venden m\u00e1s bicicletas ahora.\" \/>\n<meta name=\"twitter:label1\" content=\"Written by\" \/>\n\t<meta name=\"twitter:data1\" content=\"Siegfried Mortkowitz\" \/>\n\t<meta name=\"twitter:label2\" content=\"Est. reading time\" \/>\n\t<meta name=\"twitter:data2\" content=\"5\" \/>\n<script type=\"application\/ld+json\" class=\"yoast-schema-graph\">{\"@context\":\"https:\/\/schema.org\",\"@graph\":[{\"@type\":\"WebPage\",\"@id\":\"https:\/\/www.welovecycling.com\/es\/2020\/11\/15\/mercado-global-bicicleta\/\",\"url\":\"https:\/\/www.welovecycling.com\/es\/2020\/11\/15\/mercado-global-bicicleta\/\",\"name\":\"El mercado global de la bicicleta saldr\u00e1 reforzado de la pandemia\",\"isPartOf\":{\"@id\":\"https:\/\/www.welovecycling.com\/es\/#website\"},\"primaryImageOfPage\":{\"@id\":\"https:\/\/www.welovecycling.com\/es\/2020\/11\/15\/mercado-global-bicicleta\/#primaryimage\"},\"image\":{\"@id\":\"https:\/\/www.welovecycling.com\/es\/2020\/11\/15\/mercado-global-bicicleta\/#primaryimage\"},\"thumbnailUrl\":\"https:\/\/d2p6e6u75xmxt8.cloudfront.net\/6\/2020\/11\/Bicycle-shop-profimedia-0184871569-CVR.jpg\",\"datePublished\":\"2020-11-15T16:35:16+00:00\",\"author\":{\"@id\":\"https:\/\/www.welovecycling.com\/es\/#\/schema\/person\/deb61715b5812698ee79fb96f343ccd4\"},\"description\":\"El mercado global de la bicicleta saldr\u00e1 reforzado de la pandemia. Pese a los problemas, se venden m\u00e1s bicicletas ahora.\",\"breadcrumb\":{\"@id\":\"https:\/\/www.welovecycling.com\/es\/2020\/11\/15\/mercado-global-bicicleta\/#breadcrumb\"},\"inLanguage\":\"es-ES\",\"potentialAction\":[{\"@type\":\"ReadAction\",\"target\":[\"https:\/\/www.welovecycling.com\/es\/2020\/11\/15\/mercado-global-bicicleta\/\"]}]},{\"@type\":\"ImageObject\",\"inLanguage\":\"es-ES\",\"@id\":\"https:\/\/www.welovecycling.com\/es\/2020\/11\/15\/mercado-global-bicicleta\/#primaryimage\",\"url\":\"https:\/\/d2p6e6u75xmxt8.cloudfront.net\/6\/2020\/11\/Bicycle-shop-profimedia-0184871569-CVR.jpg\",\"contentUrl\":\"https:\/\/d2p6e6u75xmxt8.cloudfront.net\/6\/2020\/11\/Bicycle-shop-profimedia-0184871569-CVR.jpg\",\"width\":1366,\"height\":600,\"caption\":\"Bicycle shop\"},{\"@type\":\"BreadcrumbList\",\"@id\":\"https:\/\/www.welovecycling.com\/es\/2020\/11\/15\/mercado-global-bicicleta\/#breadcrumb\",\"itemListElement\":[{\"@type\":\"ListItem\",\"position\":1,\"name\":\"Home\",\"item\":\"https:\/\/www.welovecycling.com\/es\/\"},{\"@type\":\"ListItem\",\"position\":2,\"name\":\"El mercado global de la bicicleta saldr\u00e1 reforzado de la pandemia\"}]},{\"@type\":\"WebSite\",\"@id\":\"https:\/\/www.welovecycling.com\/es\/#website\",\"url\":\"https:\/\/www.welovecycling.com\/es\/\",\"name\":\"\u0160koda We Love Cycling - Spain\",\"description\":\"\u0160koda WeLoveCycling Spain\",\"potentialAction\":[{\"@type\":\"SearchAction\",\"target\":{\"@type\":\"EntryPoint\",\"urlTemplate\":\"https:\/\/www.welovecycling.com\/es\/?s={search_term_string}\"},\"query-input\":{\"@type\":\"PropertyValueSpecification\",\"valueRequired\":true,\"valueName\":\"search_term_string\"}}],\"inLanguage\":\"es-ES\"},{\"@type\":\"Person\",\"@id\":\"https:\/\/www.welovecycling.com\/es\/#\/schema\/person\/deb61715b5812698ee79fb96f343ccd4\",\"name\":\"We Love Cycling Spain\",\"image\":{\"@type\":\"ImageObject\",\"inLanguage\":\"es-ES\",\"@id\":\"https:\/\/www.welovecycling.com\/es\/#\/schema\/person\/image\/\",\"url\":\"https:\/\/secure.gravatar.com\/avatar\/c824b04e6df0e37a03219d0b6481672889df542894588964102459e46513159c?s=96&d=mm&r=g\",\"contentUrl\":\"https:\/\/secure.gravatar.com\/avatar\/c824b04e6df0e37a03219d0b6481672889df542894588964102459e46513159c?s=96&d=mm&r=g\",\"caption\":\"We Love Cycling Spain\"},\"url\":\"https:\/\/www.welovecycling.com\/es\/author\/amunoz\/\"}]}<\/script>\n<!-- \/ Yoast SEO Premium plugin. -->","yoast_head_json":{"title":"El mercado global de la bicicleta saldr\u00e1 reforzado de la pandemia","description":"El mercado global de la bicicleta saldr\u00e1 reforzado de la pandemia. Pese a los problemas, se venden m\u00e1s bicicletas ahora.","robots":{"index":"index","follow":"follow","max-snippet":"max-snippet:-1","max-image-preview":"max-image-preview:large","max-video-preview":"max-video-preview:-1"},"canonical":"https:\/\/www.welovecycling.com\/es\/2020\/11\/15\/mercado-global-bicicleta\/","og_locale":"es_ES","og_type":"article","og_title":"El mercado global de la bicicleta saldr\u00e1 reforzado de la pandemia","og_description":"El mercado global de la bicicleta saldr\u00e1 reforzado de la pandemia. Pese a los problemas, se venden m\u00e1s bicicletas ahora.","og_url":"https:\/\/www.welovecycling.com\/es\/2020\/11\/15\/mercado-global-bicicleta\/","og_site_name":"\u0160koda We Love Cycling - Spain","article_published_time":"2020-11-15T16:35:16+00:00","og_image":[{"width":1366,"height":600,"url":"https:\/\/d2p6e6u75xmxt8.cloudfront.net\/6\/2020\/11\/Bicycle-shop-profimedia-0184871569-CVR.jpg","type":"image\/jpeg"}],"author":"We Love Cycling Spain","twitter_card":"summary_large_image","twitter_title":"El mercado global de la bicicleta saldr\u00e1 reforzado de la pandemia","twitter_description":"El mercado global de la bicicleta saldr\u00e1 reforzado de la pandemia. Pese a los problemas, se venden m\u00e1s bicicletas ahora.","twitter_misc":{"Written by":"Siegfried Mortkowitz","Est. reading time":"5"},"schema":{"@context":"https:\/\/schema.org","@graph":[{"@type":"WebPage","@id":"https:\/\/www.welovecycling.com\/es\/2020\/11\/15\/mercado-global-bicicleta\/","url":"https:\/\/www.welovecycling.com\/es\/2020\/11\/15\/mercado-global-bicicleta\/","name":"El mercado global de la bicicleta saldr\u00e1 reforzado de la pandemia","isPartOf":{"@id":"https:\/\/www.welovecycling.com\/es\/#website"},"primaryImageOfPage":{"@id":"https:\/\/www.welovecycling.com\/es\/2020\/11\/15\/mercado-global-bicicleta\/#primaryimage"},"image":{"@id":"https:\/\/www.welovecycling.com\/es\/2020\/11\/15\/mercado-global-bicicleta\/#primaryimage"},"thumbnailUrl":"https:\/\/d2p6e6u75xmxt8.cloudfront.net\/6\/2020\/11\/Bicycle-shop-profimedia-0184871569-CVR.jpg","datePublished":"2020-11-15T16:35:16+00:00","author":{"@id":"https:\/\/www.welovecycling.com\/es\/#\/schema\/person\/deb61715b5812698ee79fb96f343ccd4"},"description":"El mercado global de la bicicleta saldr\u00e1 reforzado de la pandemia. Pese a los problemas, se venden m\u00e1s bicicletas ahora.","breadcrumb":{"@id":"https:\/\/www.welovecycling.com\/es\/2020\/11\/15\/mercado-global-bicicleta\/#breadcrumb"},"inLanguage":"es-ES","potentialAction":[{"@type":"ReadAction","target":["https:\/\/www.welovecycling.com\/es\/2020\/11\/15\/mercado-global-bicicleta\/"]}]},{"@type":"ImageObject","inLanguage":"es-ES","@id":"https:\/\/www.welovecycling.com\/es\/2020\/11\/15\/mercado-global-bicicleta\/#primaryimage","url":"https:\/\/d2p6e6u75xmxt8.cloudfront.net\/6\/2020\/11\/Bicycle-shop-profimedia-0184871569-CVR.jpg","contentUrl":"https:\/\/d2p6e6u75xmxt8.cloudfront.net\/6\/2020\/11\/Bicycle-shop-profimedia-0184871569-CVR.jpg","width":1366,"height":600,"caption":"Bicycle shop"},{"@type":"BreadcrumbList","@id":"https:\/\/www.welovecycling.com\/es\/2020\/11\/15\/mercado-global-bicicleta\/#breadcrumb","itemListElement":[{"@type":"ListItem","position":1,"name":"Home","item":"https:\/\/www.welovecycling.com\/es\/"},{"@type":"ListItem","position":2,"name":"El mercado global de la bicicleta saldr\u00e1 reforzado de la pandemia"}]},{"@type":"WebSite","@id":"https:\/\/www.welovecycling.com\/es\/#website","url":"https:\/\/www.welovecycling.com\/es\/","name":"\u0160koda We Love Cycling - Spain","description":"\u0160koda WeLoveCycling Spain","potentialAction":[{"@type":"SearchAction","target":{"@type":"EntryPoint","urlTemplate":"https:\/\/www.welovecycling.com\/es\/?s={search_term_string}"},"query-input":{"@type":"PropertyValueSpecification","valueRequired":true,"valueName":"search_term_string"}}],"inLanguage":"es-ES"},{"@type":"Person","@id":"https:\/\/www.welovecycling.com\/es\/#\/schema\/person\/deb61715b5812698ee79fb96f343ccd4","name":"We Love Cycling Spain","image":{"@type":"ImageObject","inLanguage":"es-ES","@id":"https:\/\/www.welovecycling.com\/es\/#\/schema\/person\/image\/","url":"https:\/\/secure.gravatar.com\/avatar\/c824b04e6df0e37a03219d0b6481672889df542894588964102459e46513159c?s=96&d=mm&r=g","contentUrl":"https:\/\/secure.gravatar.com\/avatar\/c824b04e6df0e37a03219d0b6481672889df542894588964102459e46513159c?s=96&d=mm&r=g","caption":"We Love Cycling Spain"},"url":"https:\/\/www.welovecycling.com\/es\/author\/amunoz\/"}]}},"_links":{"self":[{"href":"https:\/\/www.welovecycling.com\/es\/wp-json\/wp\/v2\/posts\/6882","targetHints":{"allow":["GET"]}}],"collection":[{"href":"https:\/\/www.welovecycling.com\/es\/wp-json\/wp\/v2\/posts"}],"about":[{"href":"https:\/\/www.welovecycling.com\/es\/wp-json\/wp\/v2\/types\/post"}],"author":[{"embeddable":true,"href":"https:\/\/www.welovecycling.com\/es\/wp-json\/wp\/v2\/users\/29"}],"replies":[{"embeddable":true,"href":"https:\/\/www.welovecycling.com\/es\/wp-json\/wp\/v2\/comments?post=6882"}],"version-history":[{"count":2,"href":"https:\/\/www.welovecycling.com\/es\/wp-json\/wp\/v2\/posts\/6882\/revisions"}],"predecessor-version":[{"id":6905,"href":"https:\/\/www.welovecycling.com\/es\/wp-json\/wp\/v2\/posts\/6882\/revisions\/6905"}],"wp:featuredmedia":[{"embeddable":true,"href":"https:\/\/www.welovecycling.com\/es\/wp-json\/wp\/v2\/media\/6902"}],"wp:attachment":[{"href":"https:\/\/www.welovecycling.com\/es\/wp-json\/wp\/v2\/media?parent=6882"}],"wp:term":[{"taxonomy":"category","embeddable":true,"href":"https:\/\/www.welovecycling.com\/es\/wp-json\/wp\/v2\/categories?post=6882"},{"taxonomy":"post_tag","embeddable":true,"href":"https:\/\/www.welovecycling.com\/es\/wp-json\/wp\/v2\/tags?post=6882"},{"taxonomy":"global-categories","embeddable":true,"href":"https:\/\/www.welovecycling.com\/es\/wp-json\/wp\/v2\/global-categories?post=6882"}],"curies":[{"name":"wp","href":"https:\/\/api.w.org\/{rel}","templated":true}]}}