{"id":6875,"date":"2020-11-05T16:23:56","date_gmt":"2020-11-05T14:23:56","guid":{"rendered":"https:\/\/www.welovecycling.com\/es\/?p=6875"},"modified":"2020-11-05T21:27:42","modified_gmt":"2020-11-05T19:27:42","slug":"en-el-desierto-tambien-llueve-epica-etapa-4-titan-desert-2020","status":"publish","type":"post","link":"https:\/\/www.welovecycling.com\/es\/2020\/11\/05\/en-el-desierto-tambien-llueve-epica-etapa-4-titan-desert-2020\/","title":{"rendered":"En el desierto tambi\u00e9n llueve. \u00c9pica etapa 4. Titan Desert 2020"},"content":{"rendered":"<p><strong>La \u00e9pica de la Titan Desert 2020 no vino por el calor y el desierto, sino por el fr\u00edo, el agua, el viento y a veces el granizo de la subida al Alto de Velefique. La cuarta etapa estaba considerada como la decisiva con sus 110 kil\u00f3metros y 2.700 metros de desnivel, pero con disputar solo 56 de ellos, ya result\u00f3 \u00e9pica y un aut\u00e9ntico reto para los bikers de la Titan. Que tendr\u00e1n unos de los trofeos finisher m\u00e1s &#8216;caros&#8217; de los \u00faltimos a\u00f1os.\u00a0\u00a0<\/strong><\/p>\n<p><!--more--><\/p>\n<p style=\"font-weight: 400;\">Y todo porque el clima del desierto de Tabernas cambia seg\u00fan la altitud. Lo que en la l\u00ednea de salida del Mini Hollywood de Tabernas a 400 metros sobre el nivel del mar era viento fuerte, 15 grados y un ligera lluvia (a veces imperceptible) en la cima del puerto de <strong>Velefique, a 1.820 metros, se hab\u00eda convertido en lluvia incesante, hurac\u00e1n de viento, granizo a veces, niebla y 8\u00ba de temperatura<\/strong>. Desde ah\u00ed a los bikers les tocaba bajar otra vez hacia Tabernas por pistas. Era lo m\u00e1s peligroso, velocidad, curvas y fr\u00edo en el cuerpo. Un cocktel que hubiese provocado ca\u00eddas y que la organizaci\u00f3n decidi\u00f3 suprimir. <strong>La etapa finaliz\u00f3 en la cima de Velefique<\/strong>, cuando los ciclistas ya hab\u00edan cubierto la mitad de la etapa y casi todos los metros de desnivel previstos. Suficientes para que los favoritos midieran sus fuerzas y un aut\u00e9ntico reto para el resto.<\/p>\n<p>Parece raro que pueda hacer un d\u00eda as\u00ed en el desierto, pero La <strong>Vuelta Espa\u00f1a ha llegado en tres ocasiones al Alto de Velefique y en dos, 2007 y 2017, tambi\u00e9n estuvo lloviendo<\/strong>. Esta vez le sucedi\u00f3 a la Titan Desert en su debut en el puerto de la sierra de Filabres.<\/p>\n<p><a href=\"https:\/\/d2p6e6u75xmxt8.cloudfront.net\/6\/2020\/11\/titan-frio.jpg\"><img loading=\"lazy\" decoding=\"async\" class=\"aligncenter size-full wp-image-6877\" src=\"https:\/\/d2p6e6u75xmxt8.cloudfront.net\/6\/2020\/11\/titan-frio.jpg\" alt=\"\" width=\"1024\" height=\"768\" srcset=\"https:\/\/d2p6e6u75xmxt8.cloudfront.net\/6\/2020\/11\/titan-frio.jpg 1024w, https:\/\/d2p6e6u75xmxt8.cloudfront.net\/6\/2020\/11\/titan-frio-300x225.jpg 300w, https:\/\/d2p6e6u75xmxt8.cloudfront.net\/6\/2020\/11\/titan-frio-768x576.jpg 768w\" sizes=\"auto, (max-width: 1024px) 100vw, 1024px\" \/><\/a><\/p>\n<p>La etapa arranc\u00f3 a todo trapo entre los favoritos. Sab\u00edan que se la victoria se iba a jugar hoy. No solo por la dureza de la etapa, sino porque la subida a Velefique ten\u00eda adem\u00e1s un tramo cronometrado <strong>\u0160koda <\/strong> <strong>Challenge<\/strong> (que fue al final donde se situ\u00f3 la l\u00ednea de meta) y que otorgaba al que pasara primero una<strong> bonificaci\u00f3n de un minuto<\/strong>. Eran 16 kil\u00f3metros de ascensi\u00f3n con 860 metros de desnivel acumulado que aprovech\u00f3 Sergio Mantec\u00f3n para atacar y llegar primero con un tiempo de <strong>56:35<\/strong>, 50 segundos mejor que <strong>David Arroyo<\/strong>\u00a0 y casi dos minutos sobre<strong> Betal\u00fa<\/strong>, que sumados a la bonificaci\u00f3n le dan el liderato por 44 segundos a falta de solo una etapa para el final.<\/p>\n<p>Del <strong>Skoda We Love Cycling Jorge Lamiel l<\/strong>leg\u00f3 d\u00e9cimo en el grupo de Haimar Zubeldia, a dos minutos de Mantec\u00f3n. <strong>Diego L\u00f3pez en el puesto 30 y Tomi Misser<\/strong> en labores de gregario con<strong> Michaela Sekulova y Vanessa Serrano.<\/strong> Ambas por detr\u00e1s de Claudia Galicia, que volvi\u00f3 a ganar la etapa y ya tiene una amplia ventaja en la general.<\/p>\n<p><a href=\"https:\/\/d2p6e6u75xmxt8.cloudfront.net\/6\/2020\/11\/Titan-agua-4.jpg\"><img loading=\"lazy\" decoding=\"async\" class=\"aligncenter size-large wp-image-6878\" src=\"https:\/\/d2p6e6u75xmxt8.cloudfront.net\/6\/2020\/11\/Titan-agua-4-1024x717.jpg\" alt=\"\" width=\"1024\" height=\"717\" srcset=\"https:\/\/d2p6e6u75xmxt8.cloudfront.net\/6\/2020\/11\/Titan-agua-4-1024x717.jpg 1024w, https:\/\/d2p6e6u75xmxt8.cloudfront.net\/6\/2020\/11\/Titan-agua-4-300x210.jpg 300w, https:\/\/d2p6e6u75xmxt8.cloudfront.net\/6\/2020\/11\/Titan-agua-4-768x538.jpg 768w, https:\/\/d2p6e6u75xmxt8.cloudfront.net\/6\/2020\/11\/Titan-agua-4.jpg 1280w\" sizes=\"auto, (max-width: 1024px) 100vw, 1024px\" \/><\/a><\/p>\n<p>Y si para los primeros clasificados la etapa se hab\u00eda acabado en poco m\u00e1s de dos horas, para el resto iban a ser tres o m\u00e1s, lo que supon\u00eda incrementar el tiempo bajo<strong> la lluvia y el fr\u00edo.<\/strong> Lo peor es que, aunque vayas subiendo, no puedes parar en ning\u00fan momento en esas condiciones, ya que se incrementar la sensaci\u00f3n de fr\u00edo. Consiste en pedalear el m\u00e1ximo tiempo posible y pelear contra el cansancio acumulado en las tres etapas anteriores para no entrar en hipotermia.<\/p>\n<h3><strong>BAJAR&#8230; Y LLEGAR AL OASIS<\/strong><\/h3>\n<p style=\"font-weight: 400;\">De los primeros clasificados solo<strong> Indurain, en tono jocoso, dijo eso de &#8220;no me digas que hemos acabado aqu\u00ed ya<\/strong>&#8220;. Aunque el crono se paraba en el alto de Velefique, todav\u00eda quedaba bajar a Tabernas. No iba a ser por las pistas de tierra previstas, sino por la carretera. As\u00ed que arriba no se pod\u00eda estar demasiado tiempo para no quedarse fr\u00edo. Tocaba secarse lo m\u00e1ximo posible con las mantas que ten\u00eda arriba la organizaci\u00f3n, <strong>abrigarse con lo todo lo que tuvieses a mano<\/strong> (incluso una manta t\u00e9rmica por dentro del maillot) y descender dando pedales por Velefique (hasta 15 curvas de herradura en sus primeros kil\u00f3metros de bajada).<\/p>\n<blockquote class=\"twitter-tweet\">\n<p dir=\"ltr\" lang=\"es\"><a href=\"https:\/\/twitter.com\/hashtag\/TitanDesertAlmeria2020?src=hash&amp;ref_src=twsrc%5Etfw\">#TitanDesertAlmeria2020<\/a><a href=\"https:\/\/twitter.com\/hashtag\/Titandesert2020?src=hash&amp;ref_src=twsrc%5Etfw\">#Titandesert2020<\/a> Arriba de Velefique&#8230; Miguel Indurain tan feliz con la lluvia y el frio <a href=\"https:\/\/twitter.com\/TitanDesert?ref_src=twsrc%5Etfw\">@TitanDesert<\/a> <a href=\"https:\/\/twitter.com\/indurainfans?ref_src=twsrc%5Etfw\">@indurainfans<\/a> <a href=\"https:\/\/twitter.com\/antoalix?ref_src=twsrc%5Etfw\">@antoalix<\/a> <a href=\"https:\/\/t.co\/3rrqrIksp5\">pic.twitter.com\/3rrqrIksp5<\/a><\/p>\n<p>\u2014 Ciclored (@Ciclored) <a href=\"https:\/\/twitter.com\/Ciclored\/status\/1324319482437947397?ref_src=twsrc%5Etfw\">November 5, 2020<\/a><\/p><\/blockquote>\n<p><script async src=\"https:\/\/platform.twitter.com\/widgets.js\" charset=\"utf-8\"><\/script><\/p>\n<p>Todo para salir de la nube que cubr\u00eda la cima y poder empezar a entrar en calor. Algo que no suced\u00eda hasta que se pasaba el pueblo de Velefique.\u00a0 Desde all\u00ed, con dar pedales era suficiente para entrar en calor y llegar al Campamento, donde el d\u00eda, con sus 18 grados, parec\u00eda totalmente diferente al de 40 kil\u00f3metros m\u00e1s arriba. Esta vez, el nombre de <strong>Oasis Mini Hollywood, con su ducha de agua caliente, se lo ten\u00eda m\u00e1s que ganado<\/strong>.<br \/>\n<a href=\"https:\/\/d2p6e6u75xmxt8.cloudfront.net\/6\/2020\/11\/Titan-frio-4.jpg\"><img loading=\"lazy\" decoding=\"async\" class=\"aligncenter size-large wp-image-6879\" src=\"https:\/\/d2p6e6u75xmxt8.cloudfront.net\/6\/2020\/11\/Titan-frio-4-1024x683.jpg\" alt=\"\" width=\"1024\" height=\"683\" srcset=\"https:\/\/d2p6e6u75xmxt8.cloudfront.net\/6\/2020\/11\/Titan-frio-4-1024x683.jpg 1024w, https:\/\/d2p6e6u75xmxt8.cloudfront.net\/6\/2020\/11\/Titan-frio-4-300x200.jpg 300w, https:\/\/d2p6e6u75xmxt8.cloudfront.net\/6\/2020\/11\/Titan-frio-4-768x512.jpg 768w, https:\/\/d2p6e6u75xmxt8.cloudfront.net\/6\/2020\/11\/Titan-frio-4-272x182.jpg 272w, https:\/\/d2p6e6u75xmxt8.cloudfront.net\/6\/2020\/11\/Titan-frio-4.jpg 1280w\" sizes=\"auto, (max-width: 1024px) 100vw, 1024px\" \/><\/a><\/p>\n","protected":false},"excerpt":{"rendered":"<p>La \u00e9pica de la Titan Desert 2020 no vino por el calor y el desierto, sino por el fr\u00edo, el [&hellip;]<\/p>\n","protected":false},"author":29,"featured_media":6876,"comment_status":"open","ping_status":"open","sticky":false,"template":"","format":"standard","meta":{"footnotes":""},"categories":[9],"tags":[1878,1817,1883,1881,1882],"global-categories":[1164],"class_list":["post-6875","post","type-post","status-publish","format-standard","has-post-thumbnail","hentry","category-mtb-aventura","tag-betalu-titan-desert","tag-titan-desert-2020","tag-titan-desert-2020-almeria","tag-titan-desert-2020-etapa-4","tag-titan-desert-2020-lluvia","global-categories-cycling"],"yoast_head":"<!-- This site is optimized with the Yoast SEO Premium plugin v25.3 (Yoast SEO v25.9) - https:\/\/yoast.com\/wordpress\/plugins\/seo\/ -->\n<title>En el desierto tambi\u00e9n llueve. \u00c9pica etapa 4. Titan Desert 2020 - \u0160koda We Love Cycling - Spain<\/title>\n<meta name=\"description\" content=\"En el desierto tambi\u00e9n llueve. \u00c9pica etapa 4. Titan Desert 2020. Cr\u00f3nica de la etapa 4 con fr\u00edo, agua y viento en Velefique.\" \/>\n<meta name=\"robots\" content=\"index, follow, max-snippet:-1, max-image-preview:large, max-video-preview:-1\" \/>\n<link rel=\"canonical\" href=\"https:\/\/www.welovecycling.com\/es\/2020\/11\/05\/en-el-desierto-tambien-llueve-epica-etapa-4-titan-desert-2020\/\" \/>\n<meta property=\"og:locale\" content=\"es_ES\" \/>\n<meta property=\"og:type\" content=\"article\" \/>\n<meta property=\"og:title\" content=\"En el desierto tambi\u00e9n llueve. \u00c9pica etapa 4. Titan Desert 2020.\" \/>\n<meta property=\"og:description\" content=\"En el desierto tambi\u00e9n llueve. \u00c9pica etapa 4. Titan Desert 2020. Cr\u00f3nica de la etapa 4 con fr\u00edo, agua y viento en Velefique.\" \/>\n<meta property=\"og:url\" content=\"https:\/\/www.welovecycling.com\/es\/2020\/11\/05\/en-el-desierto-tambien-llueve-epica-etapa-4-titan-desert-2020\/\" \/>\n<meta property=\"og:site_name\" content=\"\u0160koda We Love Cycling - Spain\" \/>\n<meta property=\"article:published_time\" content=\"2020-11-05T14:23:56+00:00\" \/>\n<meta property=\"article:modified_time\" content=\"2020-11-05T19:27:42+00:00\" \/>\n<meta property=\"og:image\" content=\"https:\/\/d2p6e6u75xmxt8.cloudfront.net\/6\/2020\/11\/Titan-cima.jpg\" \/>\n\t<meta property=\"og:image:width\" content=\"1280\" \/>\n\t<meta property=\"og:image:height\" content=\"1013\" \/>\n\t<meta property=\"og:image:type\" content=\"image\/jpeg\" \/>\n<meta name=\"author\" content=\"We Love Cycling Spain\" \/>\n<meta name=\"twitter:card\" content=\"summary_large_image\" \/>\n<meta name=\"twitter:title\" content=\"En el desierto tambi\u00e9n llueve. \u00c9pica etapa 4. Titan Desert 2020.\" \/>\n<meta name=\"twitter:description\" content=\"En el desierto tambi\u00e9n llueve. \u00c9pica etapa 4. Titan Desert 2020. Cr\u00f3nica de la etapa 4 con fr\u00edo, agua y viento en Velefique.\" \/>\n<meta name=\"twitter:label1\" content=\"Written by\" \/>\n\t<meta name=\"twitter:data1\" content=\"Luis Ortega @CicloredComunicaci\u00f3n\" \/>\n\t<meta name=\"twitter:label2\" content=\"Est. reading time\" \/>\n\t<meta name=\"twitter:data2\" content=\"4 minutes\" \/>\n<script type=\"application\/ld+json\" class=\"yoast-schema-graph\">{\"@context\":\"https:\/\/schema.org\",\"@graph\":[{\"@type\":\"WebPage\",\"@id\":\"https:\/\/www.welovecycling.com\/es\/2020\/11\/05\/en-el-desierto-tambien-llueve-epica-etapa-4-titan-desert-2020\/\",\"url\":\"https:\/\/www.welovecycling.com\/es\/2020\/11\/05\/en-el-desierto-tambien-llueve-epica-etapa-4-titan-desert-2020\/\",\"name\":\"En el desierto tambi\u00e9n llueve. \u00c9pica etapa 4. Titan Desert 2020 - \u0160koda We Love Cycling - Spain\",\"isPartOf\":{\"@id\":\"https:\/\/www.welovecycling.com\/es\/#website\"},\"primaryImageOfPage\":{\"@id\":\"https:\/\/www.welovecycling.com\/es\/2020\/11\/05\/en-el-desierto-tambien-llueve-epica-etapa-4-titan-desert-2020\/#primaryimage\"},\"image\":{\"@id\":\"https:\/\/www.welovecycling.com\/es\/2020\/11\/05\/en-el-desierto-tambien-llueve-epica-etapa-4-titan-desert-2020\/#primaryimage\"},\"thumbnailUrl\":\"https:\/\/d2p6e6u75xmxt8.cloudfront.net\/6\/2020\/11\/Titan-cima.jpg\",\"datePublished\":\"2020-11-05T14:23:56+00:00\",\"dateModified\":\"2020-11-05T19:27:42+00:00\",\"author\":{\"@id\":\"https:\/\/www.welovecycling.com\/es\/#\/schema\/person\/deb61715b5812698ee79fb96f343ccd4\"},\"description\":\"En el desierto tambi\u00e9n llueve. \u00c9pica etapa 4. Titan Desert 2020. Cr\u00f3nica de la etapa 4 con fr\u00edo, agua y viento en Velefique.\",\"breadcrumb\":{\"@id\":\"https:\/\/www.welovecycling.com\/es\/2020\/11\/05\/en-el-desierto-tambien-llueve-epica-etapa-4-titan-desert-2020\/#breadcrumb\"},\"inLanguage\":\"es-ES\",\"potentialAction\":[{\"@type\":\"ReadAction\",\"target\":[\"https:\/\/www.welovecycling.com\/es\/2020\/11\/05\/en-el-desierto-tambien-llueve-epica-etapa-4-titan-desert-2020\/\"]}]},{\"@type\":\"ImageObject\",\"inLanguage\":\"es-ES\",\"@id\":\"https:\/\/www.welovecycling.com\/es\/2020\/11\/05\/en-el-desierto-tambien-llueve-epica-etapa-4-titan-desert-2020\/#primaryimage\",\"url\":\"https:\/\/d2p6e6u75xmxt8.cloudfront.net\/6\/2020\/11\/Titan-cima.jpg\",\"contentUrl\":\"https:\/\/d2p6e6u75xmxt8.cloudfront.net\/6\/2020\/11\/Titan-cima.jpg\",\"width\":1280,\"height\":1013},{\"@type\":\"BreadcrumbList\",\"@id\":\"https:\/\/www.welovecycling.com\/es\/2020\/11\/05\/en-el-desierto-tambien-llueve-epica-etapa-4-titan-desert-2020\/#breadcrumb\",\"itemListElement\":[{\"@type\":\"ListItem\",\"position\":1,\"name\":\"Home\",\"item\":\"https:\/\/www.welovecycling.com\/es\/\"},{\"@type\":\"ListItem\",\"position\":2,\"name\":\"En el desierto tambi\u00e9n llueve. \u00c9pica etapa 4. Titan Desert 2020\"}]},{\"@type\":\"WebSite\",\"@id\":\"https:\/\/www.welovecycling.com\/es\/#website\",\"url\":\"https:\/\/www.welovecycling.com\/es\/\",\"name\":\"\u0160koda We Love Cycling - Spain\",\"description\":\"\u0160koda WeLoveCycling Spain\",\"potentialAction\":[{\"@type\":\"SearchAction\",\"target\":{\"@type\":\"EntryPoint\",\"urlTemplate\":\"https:\/\/www.welovecycling.com\/es\/?s={search_term_string}\"},\"query-input\":{\"@type\":\"PropertyValueSpecification\",\"valueRequired\":true,\"valueName\":\"search_term_string\"}}],\"inLanguage\":\"es-ES\"},{\"@type\":\"Person\",\"@id\":\"https:\/\/www.welovecycling.com\/es\/#\/schema\/person\/deb61715b5812698ee79fb96f343ccd4\",\"name\":\"We Love Cycling Spain\",\"image\":{\"@type\":\"ImageObject\",\"inLanguage\":\"es-ES\",\"@id\":\"https:\/\/www.welovecycling.com\/es\/#\/schema\/person\/image\/\",\"url\":\"https:\/\/secure.gravatar.com\/avatar\/c824b04e6df0e37a03219d0b6481672889df542894588964102459e46513159c?s=96&d=mm&r=g\",\"contentUrl\":\"https:\/\/secure.gravatar.com\/avatar\/c824b04e6df0e37a03219d0b6481672889df542894588964102459e46513159c?s=96&d=mm&r=g\",\"caption\":\"We Love Cycling Spain\"},\"url\":\"https:\/\/www.welovecycling.com\/es\/author\/amunoz\/\"}]}<\/script>\n<!-- \/ Yoast SEO Premium plugin. -->","yoast_head_json":{"title":"En el desierto tambi\u00e9n llueve. \u00c9pica etapa 4. Titan Desert 2020 - \u0160koda We Love Cycling - Spain","description":"En el desierto tambi\u00e9n llueve. \u00c9pica etapa 4. Titan Desert 2020. Cr\u00f3nica de la etapa 4 con fr\u00edo, agua y viento en Velefique.","robots":{"index":"index","follow":"follow","max-snippet":"max-snippet:-1","max-image-preview":"max-image-preview:large","max-video-preview":"max-video-preview:-1"},"canonical":"https:\/\/www.welovecycling.com\/es\/2020\/11\/05\/en-el-desierto-tambien-llueve-epica-etapa-4-titan-desert-2020\/","og_locale":"es_ES","og_type":"article","og_title":"En el desierto tambi\u00e9n llueve. \u00c9pica etapa 4. Titan Desert 2020.","og_description":"En el desierto tambi\u00e9n llueve. \u00c9pica etapa 4. Titan Desert 2020. Cr\u00f3nica de la etapa 4 con fr\u00edo, agua y viento en Velefique.","og_url":"https:\/\/www.welovecycling.com\/es\/2020\/11\/05\/en-el-desierto-tambien-llueve-epica-etapa-4-titan-desert-2020\/","og_site_name":"\u0160koda We Love Cycling - Spain","article_published_time":"2020-11-05T14:23:56+00:00","article_modified_time":"2020-11-05T19:27:42+00:00","og_image":[{"width":1280,"height":1013,"url":"https:\/\/d2p6e6u75xmxt8.cloudfront.net\/6\/2020\/11\/Titan-cima.jpg","type":"image\/jpeg"}],"author":"We Love Cycling Spain","twitter_card":"summary_large_image","twitter_title":"En el desierto tambi\u00e9n llueve. \u00c9pica etapa 4. Titan Desert 2020.","twitter_description":"En el desierto tambi\u00e9n llueve. \u00c9pica etapa 4. Titan Desert 2020. Cr\u00f3nica de la etapa 4 con fr\u00edo, agua y viento en Velefique.","twitter_misc":{"Written by":"Luis Ortega @CicloredComunicaci\u00f3n","Est. reading time":"4 minutes"},"schema":{"@context":"https:\/\/schema.org","@graph":[{"@type":"WebPage","@id":"https:\/\/www.welovecycling.com\/es\/2020\/11\/05\/en-el-desierto-tambien-llueve-epica-etapa-4-titan-desert-2020\/","url":"https:\/\/www.welovecycling.com\/es\/2020\/11\/05\/en-el-desierto-tambien-llueve-epica-etapa-4-titan-desert-2020\/","name":"En el desierto tambi\u00e9n llueve. \u00c9pica etapa 4. Titan Desert 2020 - \u0160koda We Love Cycling - Spain","isPartOf":{"@id":"https:\/\/www.welovecycling.com\/es\/#website"},"primaryImageOfPage":{"@id":"https:\/\/www.welovecycling.com\/es\/2020\/11\/05\/en-el-desierto-tambien-llueve-epica-etapa-4-titan-desert-2020\/#primaryimage"},"image":{"@id":"https:\/\/www.welovecycling.com\/es\/2020\/11\/05\/en-el-desierto-tambien-llueve-epica-etapa-4-titan-desert-2020\/#primaryimage"},"thumbnailUrl":"https:\/\/d2p6e6u75xmxt8.cloudfront.net\/6\/2020\/11\/Titan-cima.jpg","datePublished":"2020-11-05T14:23:56+00:00","dateModified":"2020-11-05T19:27:42+00:00","author":{"@id":"https:\/\/www.welovecycling.com\/es\/#\/schema\/person\/deb61715b5812698ee79fb96f343ccd4"},"description":"En el desierto tambi\u00e9n llueve. \u00c9pica etapa 4. Titan Desert 2020. Cr\u00f3nica de la etapa 4 con fr\u00edo, agua y viento en Velefique.","breadcrumb":{"@id":"https:\/\/www.welovecycling.com\/es\/2020\/11\/05\/en-el-desierto-tambien-llueve-epica-etapa-4-titan-desert-2020\/#breadcrumb"},"inLanguage":"es-ES","potentialAction":[{"@type":"ReadAction","target":["https:\/\/www.welovecycling.com\/es\/2020\/11\/05\/en-el-desierto-tambien-llueve-epica-etapa-4-titan-desert-2020\/"]}]},{"@type":"ImageObject","inLanguage":"es-ES","@id":"https:\/\/www.welovecycling.com\/es\/2020\/11\/05\/en-el-desierto-tambien-llueve-epica-etapa-4-titan-desert-2020\/#primaryimage","url":"https:\/\/d2p6e6u75xmxt8.cloudfront.net\/6\/2020\/11\/Titan-cima.jpg","contentUrl":"https:\/\/d2p6e6u75xmxt8.cloudfront.net\/6\/2020\/11\/Titan-cima.jpg","width":1280,"height":1013},{"@type":"BreadcrumbList","@id":"https:\/\/www.welovecycling.com\/es\/2020\/11\/05\/en-el-desierto-tambien-llueve-epica-etapa-4-titan-desert-2020\/#breadcrumb","itemListElement":[{"@type":"ListItem","position":1,"name":"Home","item":"https:\/\/www.welovecycling.com\/es\/"},{"@type":"ListItem","position":2,"name":"En el desierto tambi\u00e9n llueve. \u00c9pica etapa 4. Titan Desert 2020"}]},{"@type":"WebSite","@id":"https:\/\/www.welovecycling.com\/es\/#website","url":"https:\/\/www.welovecycling.com\/es\/","name":"\u0160koda We Love Cycling - Spain","description":"\u0160koda WeLoveCycling Spain","potentialAction":[{"@type":"SearchAction","target":{"@type":"EntryPoint","urlTemplate":"https:\/\/www.welovecycling.com\/es\/?s={search_term_string}"},"query-input":{"@type":"PropertyValueSpecification","valueRequired":true,"valueName":"search_term_string"}}],"inLanguage":"es-ES"},{"@type":"Person","@id":"https:\/\/www.welovecycling.com\/es\/#\/schema\/person\/deb61715b5812698ee79fb96f343ccd4","name":"We Love Cycling Spain","image":{"@type":"ImageObject","inLanguage":"es-ES","@id":"https:\/\/www.welovecycling.com\/es\/#\/schema\/person\/image\/","url":"https:\/\/secure.gravatar.com\/avatar\/c824b04e6df0e37a03219d0b6481672889df542894588964102459e46513159c?s=96&d=mm&r=g","contentUrl":"https:\/\/secure.gravatar.com\/avatar\/c824b04e6df0e37a03219d0b6481672889df542894588964102459e46513159c?s=96&d=mm&r=g","caption":"We Love Cycling Spain"},"url":"https:\/\/www.welovecycling.com\/es\/author\/amunoz\/"}]}},"_links":{"self":[{"href":"https:\/\/www.welovecycling.com\/es\/wp-json\/wp\/v2\/posts\/6875","targetHints":{"allow":["GET"]}}],"collection":[{"href":"https:\/\/www.welovecycling.com\/es\/wp-json\/wp\/v2\/posts"}],"about":[{"href":"https:\/\/www.welovecycling.com\/es\/wp-json\/wp\/v2\/types\/post"}],"author":[{"embeddable":true,"href":"https:\/\/www.welovecycling.com\/es\/wp-json\/wp\/v2\/users\/29"}],"replies":[{"embeddable":true,"href":"https:\/\/www.welovecycling.com\/es\/wp-json\/wp\/v2\/comments?post=6875"}],"version-history":[{"count":1,"href":"https:\/\/www.welovecycling.com\/es\/wp-json\/wp\/v2\/posts\/6875\/revisions"}],"predecessor-version":[{"id":6880,"href":"https:\/\/www.welovecycling.com\/es\/wp-json\/wp\/v2\/posts\/6875\/revisions\/6880"}],"wp:featuredmedia":[{"embeddable":true,"href":"https:\/\/www.welovecycling.com\/es\/wp-json\/wp\/v2\/media\/6876"}],"wp:attachment":[{"href":"https:\/\/www.welovecycling.com\/es\/wp-json\/wp\/v2\/media?parent=6875"}],"wp:term":[{"taxonomy":"category","embeddable":true,"href":"https:\/\/www.welovecycling.com\/es\/wp-json\/wp\/v2\/categories?post=6875"},{"taxonomy":"post_tag","embeddable":true,"href":"https:\/\/www.welovecycling.com\/es\/wp-json\/wp\/v2\/tags?post=6875"},{"taxonomy":"global-categories","embeddable":true,"href":"https:\/\/www.welovecycling.com\/es\/wp-json\/wp\/v2\/global-categories?post=6875"}],"curies":[{"name":"wp","href":"https:\/\/api.w.org\/{rel}","templated":true}]}}