{"id":6867,"date":"2020-11-05T09:00:33","date_gmt":"2020-11-05T07:00:33","guid":{"rendered":"https:\/\/www.welovecycling.com\/es\/?p=6867"},"modified":"2020-11-04T18:44:26","modified_gmt":"2020-11-04T16:44:26","slug":"skoda-enyaq-iv-la-vuelta","status":"publish","type":"post","link":"https:\/\/www.welovecycling.com\/es\/2020\/11\/05\/skoda-enyaq-iv-la-vuelta\/","title":{"rendered":"El nuevo y completamente el\u00e9ctrico \u0160koda ENYAQ iV sirve como el coche l\u00edder de la Vuelta"},"content":{"rendered":"<p><strong>La at\u00edpicamente acortada 75\u00aa edici\u00f3n de la Vuelta a Espa\u00f1a 2020 avanza y todav\u00eda tenenemos esperar cuatro etapas m\u00e1s emocionantes. La etapa 13, desde Muros hasta el Mirador de \u00c9zaro, ofrec\u00eda una sinuosa contrarreloj costera que culmin\u00f3 con una complicada subida al 20% de pendiente en algunos lugares. Este perfil no es nada inusual para una etapa de La Vuelta, sin embargo, fue un evento singular &#8211; el nuevo y completamente el\u00e9ctrico \u0160koda ENYAQ iV apareci\u00f3 como el coche l\u00edder del director por primera vez desde el inicio de la carrera. Esto marca un paso adelante tanto para el fabricante de autom\u00f3viles como patrocinador como para la escena pro-ciclista en su conjunto.<\/strong><strong>.<\/strong><br \/>\n<!--more--><\/p>\n<p>En el 2020, la participaci\u00f3n de \u0160koda en Grand Tours ha sido a\u00fan m\u00e1s intensa y espec\u00edfica que en a\u00f1os anteriores. Adem\u00e1s de muchas temporadas de patrocinio del Maillot Verde tanto en el Tour de Francia como en la Vuelta en curso y el suministro de una numerosa flota de coches para ambos eventos, el fabricante de autom\u00f3viles debut\u00f3 en octubre con el nuevo modelo totalmente el\u00e9ctrico, el ENYAQ iV, que se convirti\u00f3 en el coche l\u00edder del director de la carrera para algunas etapas de las dos carreras mencionadas. Dada la historia de \u0160koda con las carreras ciclistas y las bicicletas en general, es natural que las mayores carreras ciclistas del mundo se convirtieran en el lugar perfecto para mostrar el nuevo veh\u00edculo del fabricante.<\/p>\n<figure id=\"attachment_6870\" aria-describedby=\"caption-attachment-6870\" style=\"width: 2048px\" class=\"wp-caption alignnone\"><img loading=\"lazy\" decoding=\"async\" class=\"size-full wp-image-6870\" src=\"https:\/\/d2p6e6u75xmxt8.cloudfront.net\/6\/2020\/11\/LaVuelta-ENYAQiV-2.jpg\" alt=\"\u0160koda ENYAQ iV\" width=\"2048\" height=\"1366\" srcset=\"https:\/\/d2p6e6u75xmxt8.cloudfront.net\/6\/2020\/11\/LaVuelta-ENYAQiV-2.jpg 2048w, https:\/\/d2p6e6u75xmxt8.cloudfront.net\/6\/2020\/11\/LaVuelta-ENYAQiV-2-300x200.jpg 300w, https:\/\/d2p6e6u75xmxt8.cloudfront.net\/6\/2020\/11\/LaVuelta-ENYAQiV-2-1024x683.jpg 1024w, https:\/\/d2p6e6u75xmxt8.cloudfront.net\/6\/2020\/11\/LaVuelta-ENYAQiV-2-768x512.jpg 768w, https:\/\/d2p6e6u75xmxt8.cloudfront.net\/6\/2020\/11\/LaVuelta-ENYAQiV-2-1536x1025.jpg 1536w, https:\/\/d2p6e6u75xmxt8.cloudfront.net\/6\/2020\/11\/LaVuelta-ENYAQiV-2-1920x1281.jpg 1920w, https:\/\/d2p6e6u75xmxt8.cloudfront.net\/6\/2020\/11\/LaVuelta-ENYAQiV-2-272x182.jpg 272w, https:\/\/d2p6e6u75xmxt8.cloudfront.net\/6\/2020\/11\/LaVuelta-ENYAQiV-2-1920x1281.jpg 1920w\" sizes=\"auto, (max-width: 2048px) 100vw, 2048px\" \/><figcaption id=\"caption-attachment-6870\" class=\"wp-caption-text\">Los modelos de gama alta del \u0160koda ENYAQ iV contar\u00e1n, entre otros, con componentes y accesorios de \u00faltima generaci\u00f3n, como llantas de aleaci\u00f3n de 20&#8243;, sensores de aparcamiento traseros, sensores de luz y de lluvia, programa de masaje incorporado en el asiento del conductor, el sistema de entrada sin llave (KESSY) y una cabina telef\u00f3nica con carga inductiva, y el modelo todo incluido contar\u00e1 tambi\u00e9n con la funci\u00f3n de alerta al conductor con detecci\u00f3n de fatiga y un maletero el\u00e9ctrico con pedal virtual.<\/figcaption><\/figure>\n<div id='gallery-1' class='gallery galleryid-6867 gallery-columns-3 gallery-size-large'><figure class='gallery-item'>\n\t\t\t<div class='gallery-icon landscape'>\n\t\t\t\t<a href='https:\/\/d2p6e6u75xmxt8.cloudfront.net\/6\/2020\/11\/LaVuelta-ENYAQiV-5.jpg'><img loading=\"lazy\" decoding=\"async\" width=\"1024\" height=\"683\" src=\"https:\/\/d2p6e6u75xmxt8.cloudfront.net\/6\/2020\/11\/LaVuelta-ENYAQiV-5-1024x683.jpg\" class=\"attachment-large size-large\" alt=\"\u0160koda ENYAQ iV\" srcset=\"https:\/\/d2p6e6u75xmxt8.cloudfront.net\/6\/2020\/11\/LaVuelta-ENYAQiV-5-1024x683.jpg 1024w, https:\/\/d2p6e6u75xmxt8.cloudfront.net\/6\/2020\/11\/LaVuelta-ENYAQiV-5-300x200.jpg 300w, https:\/\/d2p6e6u75xmxt8.cloudfront.net\/6\/2020\/11\/LaVuelta-ENYAQiV-5-768x512.jpg 768w, https:\/\/d2p6e6u75xmxt8.cloudfront.net\/6\/2020\/11\/LaVuelta-ENYAQiV-5-1536x1025.jpg 1536w, https:\/\/d2p6e6u75xmxt8.cloudfront.net\/6\/2020\/11\/LaVuelta-ENYAQiV-5-1920x1281.jpg 1920w, https:\/\/d2p6e6u75xmxt8.cloudfront.net\/6\/2020\/11\/LaVuelta-ENYAQiV-5-272x182.jpg 272w, https:\/\/d2p6e6u75xmxt8.cloudfront.net\/6\/2020\/11\/LaVuelta-ENYAQiV-5.jpg 2048w, https:\/\/d2p6e6u75xmxt8.cloudfront.net\/6\/2020\/11\/LaVuelta-ENYAQiV-5-1920x1281.jpg 1920w\" sizes=\"auto, (max-width: 1024px) 100vw, 1024px\" \/><\/a>\n\t\t\t<\/div><\/figure><figure class='gallery-item'>\n\t\t\t<div class='gallery-icon landscape'>\n\t\t\t\t<a href='https:\/\/d2p6e6u75xmxt8.cloudfront.net\/6\/2020\/11\/LaVuelta-ENYAQiV-3.jpg'><img loading=\"lazy\" decoding=\"async\" width=\"1024\" height=\"683\" src=\"https:\/\/d2p6e6u75xmxt8.cloudfront.net\/6\/2020\/11\/LaVuelta-ENYAQiV-3-1024x683.jpg\" class=\"attachment-large size-large\" alt=\"\u0160koda ENYAQ iV\" srcset=\"https:\/\/d2p6e6u75xmxt8.cloudfront.net\/6\/2020\/11\/LaVuelta-ENYAQiV-3-1024x683.jpg 1024w, https:\/\/d2p6e6u75xmxt8.cloudfront.net\/6\/2020\/11\/LaVuelta-ENYAQiV-3-300x200.jpg 300w, https:\/\/d2p6e6u75xmxt8.cloudfront.net\/6\/2020\/11\/LaVuelta-ENYAQiV-3-768x512.jpg 768w, https:\/\/d2p6e6u75xmxt8.cloudfront.net\/6\/2020\/11\/LaVuelta-ENYAQiV-3-1536x1025.jpg 1536w, https:\/\/d2p6e6u75xmxt8.cloudfront.net\/6\/2020\/11\/LaVuelta-ENYAQiV-3-1920x1281.jpg 1920w, https:\/\/d2p6e6u75xmxt8.cloudfront.net\/6\/2020\/11\/LaVuelta-ENYAQiV-3-272x182.jpg 272w, https:\/\/d2p6e6u75xmxt8.cloudfront.net\/6\/2020\/11\/LaVuelta-ENYAQiV-3.jpg 2048w, https:\/\/d2p6e6u75xmxt8.cloudfront.net\/6\/2020\/11\/LaVuelta-ENYAQiV-3-1920x1281.jpg 1920w\" sizes=\"auto, (max-width: 1024px) 100vw, 1024px\" \/><\/a>\n\t\t\t<\/div><\/figure><figure class='gallery-item'>\n\t\t\t<div class='gallery-icon landscape'>\n\t\t\t\t<a href='https:\/\/d2p6e6u75xmxt8.cloudfront.net\/6\/2020\/11\/LaVuelta-ENYAQiV-4.jpg'><img loading=\"lazy\" decoding=\"async\" width=\"1024\" height=\"683\" src=\"https:\/\/d2p6e6u75xmxt8.cloudfront.net\/6\/2020\/11\/LaVuelta-ENYAQiV-4-1024x683.jpg\" class=\"attachment-large size-large\" alt=\"\u0160koda ENYAQ iV\" srcset=\"https:\/\/d2p6e6u75xmxt8.cloudfront.net\/6\/2020\/11\/LaVuelta-ENYAQiV-4-1024x683.jpg 1024w, https:\/\/d2p6e6u75xmxt8.cloudfront.net\/6\/2020\/11\/LaVuelta-ENYAQiV-4-300x200.jpg 300w, https:\/\/d2p6e6u75xmxt8.cloudfront.net\/6\/2020\/11\/LaVuelta-ENYAQiV-4-768x512.jpg 768w, https:\/\/d2p6e6u75xmxt8.cloudfront.net\/6\/2020\/11\/LaVuelta-ENYAQiV-4-1536x1025.jpg 1536w, https:\/\/d2p6e6u75xmxt8.cloudfront.net\/6\/2020\/11\/LaVuelta-ENYAQiV-4-1920x1281.jpg 1920w, https:\/\/d2p6e6u75xmxt8.cloudfront.net\/6\/2020\/11\/LaVuelta-ENYAQiV-4-272x182.jpg 272w, https:\/\/d2p6e6u75xmxt8.cloudfront.net\/6\/2020\/11\/LaVuelta-ENYAQiV-4.jpg 2048w, https:\/\/d2p6e6u75xmxt8.cloudfront.net\/6\/2020\/11\/LaVuelta-ENYAQiV-4-1920x1281.jpg 1920w\" sizes=\"auto, (max-width: 1024px) 100vw, 1024px\" \/><\/a>\n\t\t\t<\/div><\/figure>\n\t\t<\/div>\n\n<p>Ayer, el modelo rojo ENYAQ iV reemplaz\u00f3 al modelo SUPERB iV usado anteriormente y de forma continua y lo har\u00e1 en dos etapas m\u00e1s, la 17 y la 18. Este veh\u00edculo de alto perfil lleva a bordo nada menos que al director de carrera de La Vuelta, Javier Guill\u00e9n, para que pueda llevar a cabo sus tareas de organizaci\u00f3n de la forma m\u00e1s r\u00e1pida y fluida posible. Bajo su cap\u00f3, el kit de herramientas de electrificaci\u00f3n modular (MEB) con el paquete de bater\u00edas que van desde 55 kWh a 82 kWh y una carga \u00fanica de hasta 510 km funciona en casi absoluto silencio para hacer que el coche del Sr. Guill\u00e9n, como centro de mando del coche l\u00edder, sea insustituible en una carrera de la escala de La Vuelta. Sentado en la parte trasera, el director de la carrera utiliza los complementos especiales de ENYAQ iV, como un techo panor\u00e1mico de cristal o una radio bidireccional conectada a seis antenas exteriores, para informar a los comisarios de la carrera y estar atento a todas las incidencias de la carrera para solucionarlas sobre la marcha. Ese fue tambi\u00e9n el caso de la totalidad de la Etapa 13.<\/p>\n<div id='gallery-2' class='gallery galleryid-6867 gallery-columns-3 gallery-size-large'><figure class='gallery-item'>\n\t\t\t<div class='gallery-icon landscape'>\n\t\t\t\t<a href='https:\/\/d2p6e6u75xmxt8.cloudfront.net\/6\/2020\/11\/0X4A0005m.jpg'><img loading=\"lazy\" decoding=\"async\" width=\"1024\" height=\"683\" src=\"https:\/\/d2p6e6u75xmxt8.cloudfront.net\/6\/2020\/11\/0X4A0005m-1024x683.jpg\" class=\"attachment-large size-large\" alt=\"\" srcset=\"https:\/\/d2p6e6u75xmxt8.cloudfront.net\/6\/2020\/11\/0X4A0005m-1024x683.jpg 1024w, https:\/\/d2p6e6u75xmxt8.cloudfront.net\/6\/2020\/11\/0X4A0005m-300x200.jpg 300w, https:\/\/d2p6e6u75xmxt8.cloudfront.net\/6\/2020\/11\/0X4A0005m-768x512.jpg 768w, https:\/\/d2p6e6u75xmxt8.cloudfront.net\/6\/2020\/11\/0X4A0005m-272x182.jpg 272w, https:\/\/d2p6e6u75xmxt8.cloudfront.net\/6\/2020\/11\/0X4A0005m.jpg 1200w\" sizes=\"auto, (max-width: 1024px) 100vw, 1024px\" \/><\/a>\n\t\t\t<\/div><\/figure><figure class='gallery-item'>\n\t\t\t<div class='gallery-icon landscape'>\n\t\t\t\t<a href='https:\/\/d2p6e6u75xmxt8.cloudfront.net\/6\/2020\/09\/0X4A0182um.jpg'><img loading=\"lazy\" decoding=\"async\" width=\"1024\" height=\"683\" src=\"https:\/\/d2p6e6u75xmxt8.cloudfront.net\/6\/2020\/09\/0X4A0182um-1024x683.jpg\" class=\"attachment-large size-large\" alt=\"\" srcset=\"https:\/\/d2p6e6u75xmxt8.cloudfront.net\/6\/2020\/09\/0X4A0182um-1024x683.jpg 1024w, https:\/\/d2p6e6u75xmxt8.cloudfront.net\/6\/2020\/09\/0X4A0182um-300x200.jpg 300w, https:\/\/d2p6e6u75xmxt8.cloudfront.net\/6\/2020\/09\/0X4A0182um-768x512.jpg 768w, https:\/\/d2p6e6u75xmxt8.cloudfront.net\/6\/2020\/09\/0X4A0182um-272x182.jpg 272w, https:\/\/d2p6e6u75xmxt8.cloudfront.net\/6\/2020\/09\/0X4A0182um.jpg 1200w\" sizes=\"auto, (max-width: 1024px) 100vw, 1024px\" \/><\/a>\n\t\t\t<\/div><\/figure><figure class='gallery-item'>\n\t\t\t<div class='gallery-icon landscape'>\n\t\t\t\t<a href='https:\/\/d2p6e6u75xmxt8.cloudfront.net\/6\/2020\/09\/0X4A9703m.jpg'><img loading=\"lazy\" decoding=\"async\" width=\"1024\" height=\"683\" src=\"https:\/\/d2p6e6u75xmxt8.cloudfront.net\/6\/2020\/09\/0X4A9703m-1024x683.jpg\" class=\"attachment-large size-large\" alt=\"\" aria-describedby=\"gallery-2-6696\" srcset=\"https:\/\/d2p6e6u75xmxt8.cloudfront.net\/6\/2020\/09\/0X4A9703m-1024x683.jpg 1024w, https:\/\/d2p6e6u75xmxt8.cloudfront.net\/6\/2020\/09\/0X4A9703m-300x200.jpg 300w, https:\/\/d2p6e6u75xmxt8.cloudfront.net\/6\/2020\/09\/0X4A9703m-768x512.jpg 768w, https:\/\/d2p6e6u75xmxt8.cloudfront.net\/6\/2020\/09\/0X4A9703m-272x182.jpg 272w, https:\/\/d2p6e6u75xmxt8.cloudfront.net\/6\/2020\/09\/0X4A9703m.jpg 1200w\" sizes=\"auto, (max-width: 1024px) 100vw, 1024px\" \/><\/a>\n\t\t\t<\/div>\n\t\t\t\t<figcaption class='wp-caption-text gallery-caption' id='gallery-2-6696'>\n\t\t\t\tCameron enjoying the infotainment system in the all-new, fully electric ENYAQ iV.\n\t\t\t\t<\/figcaption><\/figure>\n\t\t<\/div>\n\n<p>El punto de partida fue Muros, un pintoresco y tradicional pueblo costero de A Coru\u00f1a que se encuentra a lo largo de las sinuosas carreteras de Galicia. Al menos los ciclistas disfrutaron de una pintoresca salida antes de una etapa dura. La \u00faltima vez que una contrarreloj de La Vuelta termin\u00f3 en un puerto de monta\u00f1a fue en 2008 &#8211; hasta ahora. El Mirador de \u00c9zaro es una cima corta, exigente y explosiva que merece respeto y que aport\u00f3 mucha tensi\u00f3n a la etapa de ayer.<\/p>\n<div class=\"embed-controller-wrapper\">\n<blockquote class=\"twitter-tweet\" data-width=\"500\" data-dnt=\"true\">\n<p lang=\"en\" dir=\"ltr\">\ud83c\uddec\ud83c\udde7 Stage 13 | <a href=\"https:\/\/twitter.com\/hashtag\/LaVuelta20?src=hash&amp;ref_src=twsrc%5Etfw\">#LaVuelta20<\/a><\/p>\n<p>A fourth stage win and La Roja for <a href=\"https:\/\/twitter.com\/rogla?ref_src=twsrc%5Etfw\">@rogla<\/a>, who made the most of the individual time-trial finished at Mirador de \u00c9zaro. The Slovenian champion leads over <a href=\"https:\/\/twitter.com\/RichardCarapazM?ref_src=twsrc%5Etfw\">@RichardCarapazM<\/a> with a gap of 39\u2019\u2019. <\/p>\n<p>\u2b07\ufe0fEnjoy the best of the stage with this summary\u2b07\ufe0f <a href=\"https:\/\/t.co\/WgSWzgPVyz\">pic.twitter.com\/WgSWzgPVyz<\/a><\/p>\n<p>&mdash; La Vuelta (@lavuelta) <a href=\"https:\/\/twitter.com\/lavuelta\/status\/1323699122084499460?ref_src=twsrc%5Etfw\">November 3, 2020<\/a><\/p><\/blockquote>\n<p><script async data-src=\"https:\/\/platform.twitter.com\/widgets.js\" charset=\"utf-8\"><\/script><\/div>\n<p>Richard Carapaz (Ineos Grenadiers) comenz\u00f3 la \u00faltima semana con el maillot de l\u00edder\u00a0 a sus espaldas, despu\u00e9s de que el domingo vistiese de rojo en el Angliru. Carapaz fue el \u00faltimo en salir de la rampa de salida, justo despu\u00e9s de otros aspirantes a la carrera como Daniel Martin, Hugh J. Carthy, Enric Mas o Primo\u017e Rogli\u010d.<\/p>\n<p>Y precisamente Primo\u017e Rogli\u010d (Team Jumbo &#8211; Visma) destron\u00f3 a Richard Carapaz del primer lugar de la clasificaci\u00f3n general y ahora lleva el maillot rojo, pero tambi\u00e9n super\u00f3 al entonces l\u00edder, el joven americano Will Barta (CCC Team) por 1&#8221; y se llev\u00f3 a casa su cuarta victoria de etapa de la Vuelta hasta ahora. Carapaz ahora intercambi\u00f3 camisetas con Rogli\u010d y se asienta en un segundo lugar general vestido de verde.<\/p>\n<figure id=\"attachment_6871\" aria-describedby=\"caption-attachment-6871\" style=\"width: 1022px\" class=\"wp-caption alignnone\"><a href=\"https:\/\/d2p6e6u75xmxt8.cloudfront.net\/6\/2020\/11\/LV20-E13-BXL_2914-1.jpg\"><img loading=\"lazy\" decoding=\"async\" class=\"size-full wp-image-6871\" src=\"https:\/\/d2p6e6u75xmxt8.cloudfront.net\/6\/2020\/11\/LV20-E13-BXL_2914-1.jpg\" alt=\"Javier Guill\u00e9n \" width=\"1022\" height=\"680\" srcset=\"https:\/\/d2p6e6u75xmxt8.cloudfront.net\/6\/2020\/11\/LV20-E13-BXL_2914-1.jpg 1022w, https:\/\/d2p6e6u75xmxt8.cloudfront.net\/6\/2020\/11\/LV20-E13-BXL_2914-1-300x200.jpg 300w, https:\/\/d2p6e6u75xmxt8.cloudfront.net\/6\/2020\/11\/LV20-E13-BXL_2914-1-768x511.jpg 768w, https:\/\/d2p6e6u75xmxt8.cloudfront.net\/6\/2020\/11\/LV20-E13-BXL_2914-1-272x182.jpg 272w\" sizes=\"auto, (max-width: 1022px) 100vw, 1022px\" \/><\/a><figcaption id=\"caption-attachment-6871\" class=\"wp-caption-text\">El director de La Vuelta, Javier Guill\u00e9n, en el\u00a0 \u0160koda ENYAQ iV. \u00a9\ufe0fBaixauliStudio<\/figcaption><\/figure>\n<div id='gallery-3' class='gallery galleryid-6867 gallery-columns-3 gallery-size-full'><figure class='gallery-item'>\n\t\t\t<div class='gallery-icon landscape'>\n\t\t\t\t<a href='https:\/\/d2p6e6u75xmxt8.cloudfront.net\/6\/2020\/11\/LV20-E13-BXL_3324-1.jpg'><img loading=\"lazy\" decoding=\"async\" width=\"1022\" height=\"680\" src=\"https:\/\/d2p6e6u75xmxt8.cloudfront.net\/6\/2020\/11\/LV20-E13-BXL_3324-1.jpg\" class=\"attachment-full size-full\" alt=\"\" aria-describedby=\"gallery-3-6865\" srcset=\"https:\/\/d2p6e6u75xmxt8.cloudfront.net\/6\/2020\/11\/LV20-E13-BXL_3324-1.jpg 1022w, https:\/\/d2p6e6u75xmxt8.cloudfront.net\/6\/2020\/11\/LV20-E13-BXL_3324-1-300x200.jpg 300w, https:\/\/d2p6e6u75xmxt8.cloudfront.net\/6\/2020\/11\/LV20-E13-BXL_3324-1-768x511.jpg 768w, https:\/\/d2p6e6u75xmxt8.cloudfront.net\/6\/2020\/11\/LV20-E13-BXL_3324-1-272x182.jpg 272w\" sizes=\"auto, (max-width: 1022px) 100vw, 1022px\" \/><\/a>\n\t\t\t<\/div>\n\t\t\t\t<figcaption class='wp-caption-text gallery-caption' id='gallery-3-6865'>\n\t\t\t\t\u00a9\ufe0fBaixauliStudio\n\t\t\t\t<\/figcaption><\/figure><figure class='gallery-item'>\n\t\t\t<div class='gallery-icon landscape'>\n\t\t\t\t<a href='https:\/\/d2p6e6u75xmxt8.cloudfront.net\/6\/2020\/11\/LV20-E13-BXL_3779-1.jpg'><img loading=\"lazy\" decoding=\"async\" width=\"1022\" height=\"680\" src=\"https:\/\/d2p6e6u75xmxt8.cloudfront.net\/6\/2020\/11\/LV20-E13-BXL_3779-1.jpg\" class=\"attachment-full size-full\" alt=\"\" aria-describedby=\"gallery-3-6866\" srcset=\"https:\/\/d2p6e6u75xmxt8.cloudfront.net\/6\/2020\/11\/LV20-E13-BXL_3779-1.jpg 1022w, https:\/\/d2p6e6u75xmxt8.cloudfront.net\/6\/2020\/11\/LV20-E13-BXL_3779-1-300x200.jpg 300w, https:\/\/d2p6e6u75xmxt8.cloudfront.net\/6\/2020\/11\/LV20-E13-BXL_3779-1-768x511.jpg 768w, https:\/\/d2p6e6u75xmxt8.cloudfront.net\/6\/2020\/11\/LV20-E13-BXL_3779-1-272x182.jpg 272w\" sizes=\"auto, (max-width: 1022px) 100vw, 1022px\" \/><\/a>\n\t\t\t<\/div>\n\t\t\t\t<figcaption class='wp-caption-text gallery-caption' id='gallery-3-6866'>\n\t\t\t\t\u00a9\ufe0fBaixauliStudio\n\t\t\t\t<\/figcaption><\/figure>\n\t\t<\/div>\n\n<p>&#8220;Es hermoso, eh&#8221;, dijo Rogli\u010d despu\u00e9s ante la prensa. &#8220;Es bonito &#8211; hace mucho tiempo que no gano una contrarreloj &#8211; es un d\u00eda s\u00faper bonito. Me siento fuerte, sorprendentemente. Pens\u00e9 que iba a sufrir mucho m\u00e1s, pero fui bastante bien.&#8221;<\/p>\n<p>Aunque victorioso, el resultado de Rogli\u010d estuvo m\u00e1s cerca de lo esperado, no es decisivo. Sus rivales Richard Carapaz y Hugh Carthy (EF Pro Cycling) se mantienen a distancia de la cima. Qui\u00e9n sabe, tal vez el segundo que le quit\u00f3 a Barta su primera victoria profesional le ayude tambi\u00e9n a ganar la general.<\/p>\n<div class=\"embed-controller-wrapper\">\n<blockquote class=\"twitter-tweet\" data-width=\"500\" data-dnt=\"true\">\n<p lang=\"es\" dir=\"ltr\">\ud83d\udc4fThat was close, <a href=\"https:\/\/twitter.com\/willbarta?ref_src=twsrc%5Etfw\">@willbarta<\/a>! \/ A un solo segundo de la victoria\ud83d\ude32<\/p>\n<p>\ud83d\udeb4\u200d\u2642\ufe0f@CCCProTeam <\/p>\n<p>\ud83d\udcf8: <a href=\"https:\/\/twitter.com\/PhotoGomezSport?ref_src=twsrc%5Etfw\">@PhotoGomezSport<\/a> <a href=\"https:\/\/twitter.com\/hashtag\/LaVuelta20?src=hash&amp;ref_src=twsrc%5Etfw\">#LaVuelta20<\/a> <a href=\"https:\/\/t.co\/xT7bsKwTCM\">pic.twitter.com\/xT7bsKwTCM<\/a><\/p>\n<p>&mdash; La Vuelta (@lavuelta) <a href=\"https:\/\/twitter.com\/lavuelta\/status\/1323670710884147200?ref_src=twsrc%5Etfw\">November 3, 2020<\/a><\/p><\/blockquote>\n<p><script async data-src=\"https:\/\/platform.twitter.com\/widgets.js\" charset=\"utf-8\"><\/script><\/div>\n<p>&nbsp;<\/p>\n<h4><strong>Etapa 13: Muros a Mirador de \u00c9zaro (33.7 km)<\/strong><\/h4>\n<p>1. Primo\u017e Rogli\u010d (Slo) Team Jumbo-Visma 00:46:39<br \/>\n2. William Barta (USA) CCC Team 00:00:01<br \/>\n3. Nelson Oliveira (Por) Movistar Team 00:00:10<br \/>\n4. Hugh Carthy (GBr) EF Pro Cycling 00:00:25<br \/>\n5. Bruno Armirail (Fra) Groupama-FDJ 00:00:41<br \/>\n6. Mattia Cattaneo (Ita) Deceuninck-Quickstep 00:00:46<br \/>\n7. Richard Carapaz (Ecu) Ineos Grenadiers 00:00:49<br \/>\n8. R\u00e9mi Cavagna (Fra) Deceuninck-Quickstep 00:00:58<br \/>\n9. David De la Cruz Melgarejo (Spa) UAE Team Emirates 00:00:59<br \/>\n10. Jasha S\u00fctterlin (Ger) Team Sunweb 00:01:07<\/p>\n<h4>Clasificaci\u00f3n general 13<\/h4>\n<p>1. Primo\u017e Rogli\u010d (Slo) Team Jumbo-Visma 49:16:16<br \/>\n2. Richard Carapaz (Ecu) Ineos Grenadiers 00:00:39<br \/>\n3. Hugh Carthy (GBr) EF Pro Cycling 00:00:47<br \/>\n4. Daniel Martin (Irl) Israel Start-Up Nation 00:01:42<br \/>\n5. Enric Mas Nicolau (Spa) Movistar Team 00:03:23<br \/>\n6. Wout Poels (Ned) Bahrain McLaren 00:06:15<br \/>\n7. Felix Grossschartner (Aut) Bora-Hansgrohe 00:07:14<br \/>\n8. Alejandro Valverde (Spa) Movistar Team 00:08:39<br \/>\n9. Aleksandr Vlasov (Rus) Astana Pro Team 00:08:48<br \/>\n10. David De la Cruz Melgarejo (Spa) UAE Team Emirates 00:09:23<\/p>\n","protected":false},"excerpt":{"rendered":"<p>La at\u00edpicamente acortada 75\u00aa edici\u00f3n de la Vuelta a Espa\u00f1a 2020 avanza y todav\u00eda tenenemos esperar cuatro etapas m\u00e1s emocionantes. [&hellip;]<\/p>\n","protected":false},"author":29,"featured_media":6873,"comment_status":"open","ping_status":"open","sticky":false,"template":"","format":"standard","meta":{"footnotes":""},"categories":[7],"tags":[1806,1809,1747,1880],"global-categories":[1866],"class_list":["post-6867","post","type-post","status-publish","format-standard","has-post-thumbnail","hentry","category-carretera","tag-skoda-enyaq-iv","tag-skoda-enyaq-iv-autonomia","tag-skoda-enyaq-iv-electrico","tag-skoda-enyaq-iv-la-vuelta","global-categories-enyaq-iv"],"yoast_head":"<!-- This site is optimized with the Yoast SEO Premium plugin v25.3 (Yoast SEO v25.9) - https:\/\/yoast.com\/wordpress\/plugins\/seo\/ -->\n<title>El nuevo y completamente el\u00e9ctrico \u0160koda ENYAQ iV sirve como el coche l\u00edder de la Vuelta - \u0160koda We Love Cycling - Spain<\/title>\n<meta name=\"description\" content=\"El \u0160koda ENYAQ iV, el primer coche completamente el\u00e9ctrico que lidera una etapa de la Vuelta a Espa\u00f1a. Fue en la contrarreloj de \u00c9zaro.\" \/>\n<meta name=\"robots\" content=\"index, follow, max-snippet:-1, max-image-preview:large, max-video-preview:-1\" \/>\n<link rel=\"canonical\" href=\"https:\/\/www.welovecycling.com\/es\/2020\/11\/05\/skoda-enyaq-iv-la-vuelta\/\" \/>\n<meta property=\"og:locale\" content=\"es_ES\" \/>\n<meta property=\"og:type\" content=\"article\" \/>\n<meta property=\"og:title\" content=\"El \u0160koda ENYAQ iV, el primer coche completamente el\u00e9ctrico que lidera una etapa de la Vuelta a Espa\u00f1a\" \/>\n<meta property=\"og:description\" content=\"El \u0160koda ENYAQ iV, el primer coche completamente el\u00e9ctrico que lidera una etapa de la Vuelta a Espa\u00f1a. Fue en la contrarreloj de \u00c9zaro.\" \/>\n<meta property=\"og:url\" content=\"https:\/\/www.welovecycling.com\/es\/2020\/11\/05\/skoda-enyaq-iv-la-vuelta\/\" \/>\n<meta property=\"og:site_name\" content=\"\u0160koda We Love Cycling - Spain\" \/>\n<meta property=\"article:published_time\" content=\"2020-11-05T07:00:33+00:00\" \/>\n<meta property=\"og:image\" content=\"https:\/\/d2p6e6u75xmxt8.cloudfront.net\/6\/2020\/11\/ENYAQ-CVR.jpg\" \/>\n\t<meta property=\"og:image:width\" content=\"1366\" \/>\n\t<meta property=\"og:image:height\" content=\"600\" \/>\n\t<meta property=\"og:image:type\" content=\"image\/jpeg\" \/>\n<meta name=\"author\" content=\"We Love Cycling Spain\" \/>\n<meta name=\"twitter:card\" content=\"summary_large_image\" \/>\n<meta name=\"twitter:title\" content=\"El \u0160koda ENYAQ iV, el primer coche completamente el\u00e9ctrico que lidera una etapa de la Vuelta a Espa\u00f1a\" \/>\n<meta name=\"twitter:description\" content=\"El \u0160koda ENYAQ iV, el primer coche completamente el\u00e9ctrico que lidera una etapa de la Vuelta a Espa\u00f1a. Fue en la contrarreloj de \u00c9zaro.\" \/>\n<meta name=\"twitter:label1\" content=\"Written by\" \/>\n\t<meta name=\"twitter:data1\" content=\"We Love Cycling\" \/>\n\t<meta name=\"twitter:label2\" content=\"Est. reading time\" \/>\n\t<meta name=\"twitter:data2\" content=\"7\" \/>\n<script type=\"application\/ld+json\" class=\"yoast-schema-graph\">{\"@context\":\"https:\/\/schema.org\",\"@graph\":[{\"@type\":\"WebPage\",\"@id\":\"https:\/\/www.welovecycling.com\/es\/2020\/11\/05\/skoda-enyaq-iv-la-vuelta\/\",\"url\":\"https:\/\/www.welovecycling.com\/es\/2020\/11\/05\/skoda-enyaq-iv-la-vuelta\/\",\"name\":\"El nuevo y completamente el\u00e9ctrico \u0160koda ENYAQ iV sirve como el coche l\u00edder de la Vuelta - \u0160koda We Love Cycling - Spain\",\"isPartOf\":{\"@id\":\"https:\/\/www.welovecycling.com\/es\/#website\"},\"primaryImageOfPage\":{\"@id\":\"https:\/\/www.welovecycling.com\/es\/2020\/11\/05\/skoda-enyaq-iv-la-vuelta\/#primaryimage\"},\"image\":{\"@id\":\"https:\/\/www.welovecycling.com\/es\/2020\/11\/05\/skoda-enyaq-iv-la-vuelta\/#primaryimage\"},\"thumbnailUrl\":\"https:\/\/d2p6e6u75xmxt8.cloudfront.net\/6\/2020\/11\/ENYAQ-CVR.jpg\",\"datePublished\":\"2020-11-05T07:00:33+00:00\",\"author\":{\"@id\":\"https:\/\/www.welovecycling.com\/es\/#\/schema\/person\/deb61715b5812698ee79fb96f343ccd4\"},\"description\":\"El \u0160koda ENYAQ iV, el primer coche completamente el\u00e9ctrico que lidera una etapa de la Vuelta a Espa\u00f1a. Fue en la contrarreloj de \u00c9zaro.\",\"breadcrumb\":{\"@id\":\"https:\/\/www.welovecycling.com\/es\/2020\/11\/05\/skoda-enyaq-iv-la-vuelta\/#breadcrumb\"},\"inLanguage\":\"es-ES\",\"potentialAction\":[{\"@type\":\"ReadAction\",\"target\":[\"https:\/\/www.welovecycling.com\/es\/2020\/11\/05\/skoda-enyaq-iv-la-vuelta\/\"]}]},{\"@type\":\"ImageObject\",\"inLanguage\":\"es-ES\",\"@id\":\"https:\/\/www.welovecycling.com\/es\/2020\/11\/05\/skoda-enyaq-iv-la-vuelta\/#primaryimage\",\"url\":\"https:\/\/d2p6e6u75xmxt8.cloudfront.net\/6\/2020\/11\/ENYAQ-CVR.jpg\",\"contentUrl\":\"https:\/\/d2p6e6u75xmxt8.cloudfront.net\/6\/2020\/11\/ENYAQ-CVR.jpg\",\"width\":1366,\"height\":600,\"caption\":\"\u0160koda ENYAQ iV\"},{\"@type\":\"BreadcrumbList\",\"@id\":\"https:\/\/www.welovecycling.com\/es\/2020\/11\/05\/skoda-enyaq-iv-la-vuelta\/#breadcrumb\",\"itemListElement\":[{\"@type\":\"ListItem\",\"position\":1,\"name\":\"Home\",\"item\":\"https:\/\/www.welovecycling.com\/es\/\"},{\"@type\":\"ListItem\",\"position\":2,\"name\":\"El nuevo y completamente el\u00e9ctrico \u0160koda ENYAQ iV sirve como el coche l\u00edder de la Vuelta\"}]},{\"@type\":\"WebSite\",\"@id\":\"https:\/\/www.welovecycling.com\/es\/#website\",\"url\":\"https:\/\/www.welovecycling.com\/es\/\",\"name\":\"\u0160koda We Love Cycling - Spain\",\"description\":\"\u0160koda WeLoveCycling Spain\",\"potentialAction\":[{\"@type\":\"SearchAction\",\"target\":{\"@type\":\"EntryPoint\",\"urlTemplate\":\"https:\/\/www.welovecycling.com\/es\/?s={search_term_string}\"},\"query-input\":{\"@type\":\"PropertyValueSpecification\",\"valueRequired\":true,\"valueName\":\"search_term_string\"}}],\"inLanguage\":\"es-ES\"},{\"@type\":\"Person\",\"@id\":\"https:\/\/www.welovecycling.com\/es\/#\/schema\/person\/deb61715b5812698ee79fb96f343ccd4\",\"name\":\"We Love Cycling Spain\",\"image\":{\"@type\":\"ImageObject\",\"inLanguage\":\"es-ES\",\"@id\":\"https:\/\/www.welovecycling.com\/es\/#\/schema\/person\/image\/\",\"url\":\"https:\/\/secure.gravatar.com\/avatar\/c824b04e6df0e37a03219d0b6481672889df542894588964102459e46513159c?s=96&d=mm&r=g\",\"contentUrl\":\"https:\/\/secure.gravatar.com\/avatar\/c824b04e6df0e37a03219d0b6481672889df542894588964102459e46513159c?s=96&d=mm&r=g\",\"caption\":\"We Love Cycling Spain\"},\"url\":\"https:\/\/www.welovecycling.com\/es\/author\/amunoz\/\"}]}<\/script>\n<!-- \/ Yoast SEO Premium plugin. -->","yoast_head_json":{"title":"El nuevo y completamente el\u00e9ctrico \u0160koda ENYAQ iV sirve como el coche l\u00edder de la Vuelta - \u0160koda We Love Cycling - Spain","description":"El \u0160koda ENYAQ iV, el primer coche completamente el\u00e9ctrico que lidera una etapa de la Vuelta a Espa\u00f1a. Fue en la contrarreloj de \u00c9zaro.","robots":{"index":"index","follow":"follow","max-snippet":"max-snippet:-1","max-image-preview":"max-image-preview:large","max-video-preview":"max-video-preview:-1"},"canonical":"https:\/\/www.welovecycling.com\/es\/2020\/11\/05\/skoda-enyaq-iv-la-vuelta\/","og_locale":"es_ES","og_type":"article","og_title":"El \u0160koda ENYAQ iV, el primer coche completamente el\u00e9ctrico que lidera una etapa de la Vuelta a Espa\u00f1a","og_description":"El \u0160koda ENYAQ iV, el primer coche completamente el\u00e9ctrico que lidera una etapa de la Vuelta a Espa\u00f1a. Fue en la contrarreloj de \u00c9zaro.","og_url":"https:\/\/www.welovecycling.com\/es\/2020\/11\/05\/skoda-enyaq-iv-la-vuelta\/","og_site_name":"\u0160koda We Love Cycling - Spain","article_published_time":"2020-11-05T07:00:33+00:00","og_image":[{"width":1366,"height":600,"url":"https:\/\/d2p6e6u75xmxt8.cloudfront.net\/6\/2020\/11\/ENYAQ-CVR.jpg","type":"image\/jpeg"}],"author":"We Love Cycling Spain","twitter_card":"summary_large_image","twitter_title":"El \u0160koda ENYAQ iV, el primer coche completamente el\u00e9ctrico que lidera una etapa de la Vuelta a Espa\u00f1a","twitter_description":"El \u0160koda ENYAQ iV, el primer coche completamente el\u00e9ctrico que lidera una etapa de la Vuelta a Espa\u00f1a. Fue en la contrarreloj de \u00c9zaro.","twitter_misc":{"Written by":"We Love Cycling","Est. reading time":"7"},"schema":{"@context":"https:\/\/schema.org","@graph":[{"@type":"WebPage","@id":"https:\/\/www.welovecycling.com\/es\/2020\/11\/05\/skoda-enyaq-iv-la-vuelta\/","url":"https:\/\/www.welovecycling.com\/es\/2020\/11\/05\/skoda-enyaq-iv-la-vuelta\/","name":"El nuevo y completamente el\u00e9ctrico \u0160koda ENYAQ iV sirve como el coche l\u00edder de la Vuelta - \u0160koda We Love Cycling - Spain","isPartOf":{"@id":"https:\/\/www.welovecycling.com\/es\/#website"},"primaryImageOfPage":{"@id":"https:\/\/www.welovecycling.com\/es\/2020\/11\/05\/skoda-enyaq-iv-la-vuelta\/#primaryimage"},"image":{"@id":"https:\/\/www.welovecycling.com\/es\/2020\/11\/05\/skoda-enyaq-iv-la-vuelta\/#primaryimage"},"thumbnailUrl":"https:\/\/d2p6e6u75xmxt8.cloudfront.net\/6\/2020\/11\/ENYAQ-CVR.jpg","datePublished":"2020-11-05T07:00:33+00:00","author":{"@id":"https:\/\/www.welovecycling.com\/es\/#\/schema\/person\/deb61715b5812698ee79fb96f343ccd4"},"description":"El \u0160koda ENYAQ iV, el primer coche completamente el\u00e9ctrico que lidera una etapa de la Vuelta a Espa\u00f1a. Fue en la contrarreloj de \u00c9zaro.","breadcrumb":{"@id":"https:\/\/www.welovecycling.com\/es\/2020\/11\/05\/skoda-enyaq-iv-la-vuelta\/#breadcrumb"},"inLanguage":"es-ES","potentialAction":[{"@type":"ReadAction","target":["https:\/\/www.welovecycling.com\/es\/2020\/11\/05\/skoda-enyaq-iv-la-vuelta\/"]}]},{"@type":"ImageObject","inLanguage":"es-ES","@id":"https:\/\/www.welovecycling.com\/es\/2020\/11\/05\/skoda-enyaq-iv-la-vuelta\/#primaryimage","url":"https:\/\/d2p6e6u75xmxt8.cloudfront.net\/6\/2020\/11\/ENYAQ-CVR.jpg","contentUrl":"https:\/\/d2p6e6u75xmxt8.cloudfront.net\/6\/2020\/11\/ENYAQ-CVR.jpg","width":1366,"height":600,"caption":"\u0160koda ENYAQ iV"},{"@type":"BreadcrumbList","@id":"https:\/\/www.welovecycling.com\/es\/2020\/11\/05\/skoda-enyaq-iv-la-vuelta\/#breadcrumb","itemListElement":[{"@type":"ListItem","position":1,"name":"Home","item":"https:\/\/www.welovecycling.com\/es\/"},{"@type":"ListItem","position":2,"name":"El nuevo y completamente el\u00e9ctrico \u0160koda ENYAQ iV sirve como el coche l\u00edder de la Vuelta"}]},{"@type":"WebSite","@id":"https:\/\/www.welovecycling.com\/es\/#website","url":"https:\/\/www.welovecycling.com\/es\/","name":"\u0160koda We Love Cycling - Spain","description":"\u0160koda WeLoveCycling Spain","potentialAction":[{"@type":"SearchAction","target":{"@type":"EntryPoint","urlTemplate":"https:\/\/www.welovecycling.com\/es\/?s={search_term_string}"},"query-input":{"@type":"PropertyValueSpecification","valueRequired":true,"valueName":"search_term_string"}}],"inLanguage":"es-ES"},{"@type":"Person","@id":"https:\/\/www.welovecycling.com\/es\/#\/schema\/person\/deb61715b5812698ee79fb96f343ccd4","name":"We Love Cycling Spain","image":{"@type":"ImageObject","inLanguage":"es-ES","@id":"https:\/\/www.welovecycling.com\/es\/#\/schema\/person\/image\/","url":"https:\/\/secure.gravatar.com\/avatar\/c824b04e6df0e37a03219d0b6481672889df542894588964102459e46513159c?s=96&d=mm&r=g","contentUrl":"https:\/\/secure.gravatar.com\/avatar\/c824b04e6df0e37a03219d0b6481672889df542894588964102459e46513159c?s=96&d=mm&r=g","caption":"We Love Cycling Spain"},"url":"https:\/\/www.welovecycling.com\/es\/author\/amunoz\/"}]}},"_links":{"self":[{"href":"https:\/\/www.welovecycling.com\/es\/wp-json\/wp\/v2\/posts\/6867","targetHints":{"allow":["GET"]}}],"collection":[{"href":"https:\/\/www.welovecycling.com\/es\/wp-json\/wp\/v2\/posts"}],"about":[{"href":"https:\/\/www.welovecycling.com\/es\/wp-json\/wp\/v2\/types\/post"}],"author":[{"embeddable":true,"href":"https:\/\/www.welovecycling.com\/es\/wp-json\/wp\/v2\/users\/29"}],"replies":[{"embeddable":true,"href":"https:\/\/www.welovecycling.com\/es\/wp-json\/wp\/v2\/comments?post=6867"}],"version-history":[{"count":2,"href":"https:\/\/www.welovecycling.com\/es\/wp-json\/wp\/v2\/posts\/6867\/revisions"}],"predecessor-version":[{"id":6874,"href":"https:\/\/www.welovecycling.com\/es\/wp-json\/wp\/v2\/posts\/6867\/revisions\/6874"}],"wp:featuredmedia":[{"embeddable":true,"href":"https:\/\/www.welovecycling.com\/es\/wp-json\/wp\/v2\/media\/6873"}],"wp:attachment":[{"href":"https:\/\/www.welovecycling.com\/es\/wp-json\/wp\/v2\/media?parent=6867"}],"wp:term":[{"taxonomy":"category","embeddable":true,"href":"https:\/\/www.welovecycling.com\/es\/wp-json\/wp\/v2\/categories?post=6867"},{"taxonomy":"post_tag","embeddable":true,"href":"https:\/\/www.welovecycling.com\/es\/wp-json\/wp\/v2\/tags?post=6867"},{"taxonomy":"global-categories","embeddable":true,"href":"https:\/\/www.welovecycling.com\/es\/wp-json\/wp\/v2\/global-categories?post=6867"}],"curies":[{"name":"wp","href":"https:\/\/api.w.org\/{rel}","templated":true}]}}