{"id":6852,"date":"2020-11-04T17:36:55","date_gmt":"2020-11-04T15:36:55","guid":{"rendered":"https:\/\/www.welovecycling.com\/es\/?p=6852"},"modified":"2020-11-04T17:56:11","modified_gmt":"2020-11-04T15:56:11","slug":"titan-desert-2020-etapa-3-un-decorado-real","status":"publish","type":"post","link":"https:\/\/www.welovecycling.com\/es\/2020\/11\/04\/titan-desert-2020-etapa-3-un-decorado-real\/","title":{"rendered":"Titan Desert 2020. Etapa 3. Un decorado real"},"content":{"rendered":"<p><strong>El desierto de Tabernas se convirti\u00f3 en el escenario de cientos de pel\u00edculas del Oeste porque era una localizaci\u00f3n real. En su interior pasaban cosas que representaban la realidad, pero el escenario para darle verosimilitud era imprescindible. Hab\u00eda que grabar al sheriff a caballo perdi\u00e9ndose en las colinas y para eso era perfecto Almer\u00eda. Despu\u00e9s, la tecnolog\u00eda lo cambi\u00f3 todo. La Titan Desert 2020, en cambio, ha escogido un escenario que representa algo que pas\u00f3, el Campamento Mini Hollywood, pero todo lo que sucede dentro y encima de la bicicleta es muy real, aunque no sea en el Sahara y Marruecos.\u00a0<\/strong><\/p>\n<p><!--more--><\/p>\n<p style=\"font-weight: 400;\">Para esta tercera etapa el <strong>biker ven\u00eda de dormir en haima<\/strong>, igual que en el desierto marroqu\u00ed, de despertarse a las 06.00 de la ma\u00f1ana, igual que en el desierto, desayunar con toda la familia Titan Desert, igual que en el desierto y prepararse para ver las 08.00 salir a los primeros y despu\u00e9s esperar a su turno. Ya saben, grupos de 50 m\u00e1ximos. Protocolo Covid, que es lo \u00fanico que ha cambiado con respecto al desierto marroqu\u00ed.<\/p>\n<p><a href=\"https:\/\/d2p6e6u75xmxt8.cloudfront.net\/6\/2020\/11\/Titan-5.jpg\"><img loading=\"lazy\" decoding=\"async\" class=\"aligncenter size-large wp-image-6859\" src=\"https:\/\/d2p6e6u75xmxt8.cloudfront.net\/6\/2020\/11\/Titan-5-1024x768.jpg\" alt=\"\" width=\"1024\" height=\"768\" srcset=\"https:\/\/d2p6e6u75xmxt8.cloudfront.net\/6\/2020\/11\/Titan-5-1024x768.jpg 1024w, https:\/\/d2p6e6u75xmxt8.cloudfront.net\/6\/2020\/11\/Titan-5-300x225.jpg 300w, https:\/\/d2p6e6u75xmxt8.cloudfront.net\/6\/2020\/11\/Titan-5-768x576.jpg 768w, https:\/\/d2p6e6u75xmxt8.cloudfront.net\/6\/2020\/11\/Titan-5.jpg 1280w\" sizes=\"auto, (max-width: 1024px) 100vw, 1024px\" \/><\/a><\/p>\n<p>A partir de ah\u00ed esperaba una etapa de<strong> 93 kil\u00f3metros y 1.600 metros<\/strong> de desnivel que la organizaci\u00f3n hab\u00eda calificado de nivel 3 sobre cinco, pero que se acab\u00f3 haciendo dura para todos. Quiz\u00e1s la gran ventaja del Desierto de Tabernas es que a primera hora la temperatura es agradable<strong> (14\/16 grados)<\/strong> y que hoy, al mantenerse toda la jornada nublada, no se pasaron los 20 grados. Perfecto para ir en bici y no tener que estar pendiente del consumo de agua.<\/p>\n<p>Pero ah\u00ed se acaban las comodidades. La etapa hac\u00eda un bucle y en su mayor parte discurr\u00eda por los terrenos k\u00e1rsticos de Sorbas. Zonas de yesos y tierras blancas que no son las peores para rodar, pero que tienen partes que son piedra lisa. De inicio viento ligeramente desfavorable y repechos hasta llegar a la<strong> Via Verde de Lucaiena<\/strong>. Esa zona la aprovecharon <strong>M\u00e1rquez y Santurde<\/strong> para hacer su escapada y pasar por delante del grupo de los favoritos por el puesto de control 1.<\/p>\n<p><img loading=\"lazy\" decoding=\"async\" class=\"alignnone size-extra-large\" src=\"https:\/\/img.aso.fr\/core_app\/img-motorSports-ttd-jpg\/ac-a3141\/3880\/0:0,4669:3208-1000-0-70\/bc02f\" width=\"1000\" height=\"687\" \/><\/p>\n<p>El asunto se complicaba antes de llegar a Sorbas con el ascenso a La Cantona. Dos kil\u00f3metros al 10% con rampas del hasta el 15% que aprovecharon <strong>Betal\u00fa y Mantec\u00f3n<\/strong> para irse del grupo de los favoritos y atrapar y soltar a la escapada. Desde all\u00ed quedaban todav\u00eda dos subidas a la salida de Sorbas y terreno plano por pistas, entre olivos y con viento a favor de vuelta a Tabernas, con el Velefique vigilando para ma\u00f1ana. Por all\u00ed Mantec\u00f3n cogi\u00f3 la responsabilidad de abrir hueco y asegurarse la segunda plaza del podio y Betal\u00fa le <a href=\"https:\/\/www.titandesert.com\/es\/clasificaciones\" target=\"_blank\" rel=\"noopener noreferrer\">acab\u00f3 ganando el sprint en Mini Hollywood y sumando su segunda victoria.<\/a><\/p>\n<p>Parece que entre ambos se jugar\u00e1n el triunfo en esta Tit\u00e1n Desert porque por detr\u00e1s solo Oller pudo llegar a menos de tres minutos. El grupo m\u00e1s amplio, con 17 ciclistas, entre ellos<strong> Marz\u00e1 y Lamiel<\/strong> <strong>(\u0160koda We Love Cycling) a<\/strong>cab\u00f3 a m\u00e1s de 6 minutos. Tomi Misser (<strong>\u0160koda<\/strong>) finaliz\u00f3 con Claudia Galicia, que se apunt\u00f3 la tercera etapa consecutiva y ya tiene m\u00e1s de cuarto de hora de ventaja sobre Roura y Gabriel. Michaela Sekulova, la primera de las chicas del <strong>\u0160koda<\/strong> We Love Cycling finaliz\u00f3 s\u00e9ptima.<\/p>\n<h3><strong>VIDA EN EL CAMPAMENTO<\/strong><\/h3>\n<p>Al llegar al <strong>Campamento<\/strong> lo primero es la cerveza Estrella de Levante y tirar todos los residuos de geles y barritas a la papelera. Y es que la <strong>Titan obliga a cada participante a poner su n\u00famero de dorsal en todos los productos que lleva en el bolsillo para identificar si tira algo al suelo y sancionarle<\/strong>. Despu\u00e9s la ducha para quitarse todo el polvo de los yesos de Sorbas y comenzar a recuperar energ\u00edas en el comedor. Queda <strong>revisar y limpiar la bicicleta<\/strong>, que para evitar aver\u00edas se tiene que hacer todos los d\u00edas. Dos opciones, o cada uno por su cuenta en el cami\u00f3n e Wurth o utilizando alguno de los <strong>mec\u00e1nicos<\/strong> acreditados en la Titan. Tambi\u00e9n <strong>lavar la ropa<\/strong>, porque en el equipaje no caben prendas para todos los d\u00edas de la Titan Desert y las prendas sudadas suelen generar rozadoras. Bueno, y buscar tendedero improvisado.<\/p>\n<p><a href=\"https:\/\/d2p6e6u75xmxt8.cloudfront.net\/6\/2020\/11\/IMG_20201103_124248-scaled.jpg\"><img loading=\"lazy\" decoding=\"async\" class=\"aligncenter size-large wp-image-6854\" src=\"https:\/\/d2p6e6u75xmxt8.cloudfront.net\/6\/2020\/11\/IMG_20201103_124248-1024x768.jpg\" alt=\"\" width=\"1024\" height=\"768\" srcset=\"https:\/\/d2p6e6u75xmxt8.cloudfront.net\/6\/2020\/11\/IMG_20201103_124248-1024x768.jpg 1024w, https:\/\/d2p6e6u75xmxt8.cloudfront.net\/6\/2020\/11\/IMG_20201103_124248-300x225.jpg 300w, https:\/\/d2p6e6u75xmxt8.cloudfront.net\/6\/2020\/11\/IMG_20201103_124248-768x576.jpg 768w, https:\/\/d2p6e6u75xmxt8.cloudfront.net\/6\/2020\/11\/IMG_20201103_124248-1536x1152.jpg 1536w, https:\/\/d2p6e6u75xmxt8.cloudfront.net\/6\/2020\/11\/IMG_20201103_124248-2048x1536.jpg 2048w, https:\/\/d2p6e6u75xmxt8.cloudfront.net\/6\/2020\/11\/IMG_20201103_124248-1920x1440.jpg 1920w, https:\/\/d2p6e6u75xmxt8.cloudfront.net\/6\/2020\/11\/IMG_20201103_124248-1920x1440.jpg 1920w\" sizes=\"auto, (max-width: 1024px) 100vw, 1024px\" \/><\/a><\/p>\n<p>Comida, bici y claro, descanso. Hay que estirar, pasar por el <strong>masajista<\/strong> o por la sesi\u00f3n de presoterapia de Normatec. M\u00e1s que nada porque para el jueves queda la etapa reina de la Titan Desert 2020. <strong>106 kil\u00f3metros y 2.600 metros<\/strong> de desnivel por la sierra de Filabres con la ascensi\u00f3n al<strong> Alto de Velefiqu<\/strong>e, habitual de La Vuelta a Espa\u00f1a. A algunos les servir\u00e1 para jugarse la general, pero a la mayor\u00eda para demostrarse que despu\u00e9s de tres d\u00edas de esfuerzos pueden afrontar una jornada tan dura y quedarse a un solo d\u00eda de ser finisher (que no es &#8216;barato&#8217;).<\/p>\n","protected":false},"excerpt":{"rendered":"<p>El desierto de Tabernas se convirti\u00f3 en el escenario de cientos de pel\u00edculas del Oeste porque era una localizaci\u00f3n real. [&hellip;]<\/p>\n","protected":false},"author":29,"featured_media":6857,"comment_status":"open","ping_status":"open","sticky":false,"template":"","format":"standard","meta":{"footnotes":""},"categories":[9],"tags":[1878,1821,1817,1879],"global-categories":[1164],"class_list":["post-6852","post","type-post","status-publish","format-standard","has-post-thumbnail","hentry","category-mtb-aventura","tag-betalu-titan-desert","tag-etapas-titan-desert","tag-titan-desert-2020","tag-titan-deserto-2020-etapa-3","global-categories-cycling"],"yoast_head":"<!-- This site is optimized with the Yoast SEO Premium plugin v25.3 (Yoast SEO v25.9) - https:\/\/yoast.com\/wordpress\/plugins\/seo\/ -->\n<title>Titan Desert 2020. Etapa 3. Un decorado real - \u0160koda We Love Cycling - Spain<\/title>\n<meta name=\"description\" content=\"Titan Desert 2020. Etapa 3. Un decorado real. Cr\u00f3nica de la etapa 3 de la Titan Desert. Tabernas, Sorbas, Tabernas\" \/>\n<meta name=\"robots\" content=\"index, follow, max-snippet:-1, max-image-preview:large, max-video-preview:-1\" \/>\n<link rel=\"canonical\" href=\"https:\/\/www.welovecycling.com\/es\/2020\/11\/04\/titan-desert-2020-etapa-3-un-decorado-real\/\" \/>\n<meta property=\"og:locale\" content=\"es_ES\" \/>\n<meta property=\"og:type\" content=\"article\" \/>\n<meta property=\"og:title\" content=\"Titan Desert 2020. Etapa 3. Un decorado real\" \/>\n<meta property=\"og:description\" content=\"Titan Desert 2020. Etapa 3. Un decorado real. Cr\u00f3nica de la etapa 3 de la Titan Desert. Tabernas, Sorbas, Tabernas\" \/>\n<meta property=\"og:url\" content=\"https:\/\/www.welovecycling.com\/es\/2020\/11\/04\/titan-desert-2020-etapa-3-un-decorado-real\/\" \/>\n<meta property=\"og:site_name\" content=\"\u0160koda We Love Cycling - Spain\" \/>\n<meta property=\"article:published_time\" content=\"2020-11-04T15:36:55+00:00\" \/>\n<meta property=\"article:modified_time\" content=\"2020-11-04T15:56:11+00:00\" \/>\n<meta property=\"og:image\" content=\"https:\/\/d2p6e6u75xmxt8.cloudfront.net\/6\/2020\/11\/Titan-8-scaled.jpg\" \/>\n\t<meta property=\"og:image:width\" content=\"2560\" \/>\n\t<meta property=\"og:image:height\" content=\"1461\" \/>\n\t<meta property=\"og:image:type\" content=\"image\/jpeg\" \/>\n<meta name=\"author\" content=\"We Love Cycling Spain\" \/>\n<meta name=\"twitter:card\" content=\"summary_large_image\" \/>\n<meta name=\"twitter:title\" content=\"Titan Desert 2020. Etapa 3. Un decorado real\" \/>\n<meta name=\"twitter:description\" content=\"Titan Desert 2020. Etapa 3. Un decorado real. Cr\u00f3nica de la etapa 3 de la Titan Desert. Tabernas, Sorbas, Tabernas\" \/>\n<meta name=\"twitter:label1\" content=\"Written by\" \/>\n\t<meta name=\"twitter:data1\" content=\"Luis Ortega @ciclored\" \/>\n\t<meta name=\"twitter:label2\" content=\"Est. reading time\" \/>\n\t<meta name=\"twitter:data2\" content=\"4 minutes\" \/>\n<script type=\"application\/ld+json\" class=\"yoast-schema-graph\">{\"@context\":\"https:\/\/schema.org\",\"@graph\":[{\"@type\":\"WebPage\",\"@id\":\"https:\/\/www.welovecycling.com\/es\/2020\/11\/04\/titan-desert-2020-etapa-3-un-decorado-real\/\",\"url\":\"https:\/\/www.welovecycling.com\/es\/2020\/11\/04\/titan-desert-2020-etapa-3-un-decorado-real\/\",\"name\":\"Titan Desert 2020. Etapa 3. Un decorado real - \u0160koda We Love Cycling - Spain\",\"isPartOf\":{\"@id\":\"https:\/\/www.welovecycling.com\/es\/#website\"},\"primaryImageOfPage\":{\"@id\":\"https:\/\/www.welovecycling.com\/es\/2020\/11\/04\/titan-desert-2020-etapa-3-un-decorado-real\/#primaryimage\"},\"image\":{\"@id\":\"https:\/\/www.welovecycling.com\/es\/2020\/11\/04\/titan-desert-2020-etapa-3-un-decorado-real\/#primaryimage\"},\"thumbnailUrl\":\"https:\/\/d2p6e6u75xmxt8.cloudfront.net\/6\/2020\/11\/Titan-8-scaled.jpg\",\"datePublished\":\"2020-11-04T15:36:55+00:00\",\"dateModified\":\"2020-11-04T15:56:11+00:00\",\"author\":{\"@id\":\"https:\/\/www.welovecycling.com\/es\/#\/schema\/person\/deb61715b5812698ee79fb96f343ccd4\"},\"description\":\"Titan Desert 2020. Etapa 3. Un decorado real. Cr\u00f3nica de la etapa 3 de la Titan Desert. Tabernas, Sorbas, Tabernas\",\"breadcrumb\":{\"@id\":\"https:\/\/www.welovecycling.com\/es\/2020\/11\/04\/titan-desert-2020-etapa-3-un-decorado-real\/#breadcrumb\"},\"inLanguage\":\"es-ES\",\"potentialAction\":[{\"@type\":\"ReadAction\",\"target\":[\"https:\/\/www.welovecycling.com\/es\/2020\/11\/04\/titan-desert-2020-etapa-3-un-decorado-real\/\"]}]},{\"@type\":\"ImageObject\",\"inLanguage\":\"es-ES\",\"@id\":\"https:\/\/www.welovecycling.com\/es\/2020\/11\/04\/titan-desert-2020-etapa-3-un-decorado-real\/#primaryimage\",\"url\":\"https:\/\/d2p6e6u75xmxt8.cloudfront.net\/6\/2020\/11\/Titan-8-scaled.jpg\",\"contentUrl\":\"https:\/\/d2p6e6u75xmxt8.cloudfront.net\/6\/2020\/11\/Titan-8-scaled.jpg\",\"width\":2560,\"height\":1461},{\"@type\":\"BreadcrumbList\",\"@id\":\"https:\/\/www.welovecycling.com\/es\/2020\/11\/04\/titan-desert-2020-etapa-3-un-decorado-real\/#breadcrumb\",\"itemListElement\":[{\"@type\":\"ListItem\",\"position\":1,\"name\":\"Home\",\"item\":\"https:\/\/www.welovecycling.com\/es\/\"},{\"@type\":\"ListItem\",\"position\":2,\"name\":\"Titan Desert 2020. Etapa 3. Un decorado real\"}]},{\"@type\":\"WebSite\",\"@id\":\"https:\/\/www.welovecycling.com\/es\/#website\",\"url\":\"https:\/\/www.welovecycling.com\/es\/\",\"name\":\"\u0160koda We Love Cycling - Spain\",\"description\":\"\u0160koda WeLoveCycling Spain\",\"potentialAction\":[{\"@type\":\"SearchAction\",\"target\":{\"@type\":\"EntryPoint\",\"urlTemplate\":\"https:\/\/www.welovecycling.com\/es\/?s={search_term_string}\"},\"query-input\":{\"@type\":\"PropertyValueSpecification\",\"valueRequired\":true,\"valueName\":\"search_term_string\"}}],\"inLanguage\":\"es-ES\"},{\"@type\":\"Person\",\"@id\":\"https:\/\/www.welovecycling.com\/es\/#\/schema\/person\/deb61715b5812698ee79fb96f343ccd4\",\"name\":\"We Love Cycling Spain\",\"image\":{\"@type\":\"ImageObject\",\"inLanguage\":\"es-ES\",\"@id\":\"https:\/\/www.welovecycling.com\/es\/#\/schema\/person\/image\/\",\"url\":\"https:\/\/secure.gravatar.com\/avatar\/c824b04e6df0e37a03219d0b6481672889df542894588964102459e46513159c?s=96&d=mm&r=g\",\"contentUrl\":\"https:\/\/secure.gravatar.com\/avatar\/c824b04e6df0e37a03219d0b6481672889df542894588964102459e46513159c?s=96&d=mm&r=g\",\"caption\":\"We Love Cycling Spain\"},\"url\":\"https:\/\/www.welovecycling.com\/es\/author\/amunoz\/\"}]}<\/script>\n<!-- \/ Yoast SEO Premium plugin. -->","yoast_head_json":{"title":"Titan Desert 2020. Etapa 3. Un decorado real - \u0160koda We Love Cycling - Spain","description":"Titan Desert 2020. Etapa 3. Un decorado real. Cr\u00f3nica de la etapa 3 de la Titan Desert. Tabernas, Sorbas, Tabernas","robots":{"index":"index","follow":"follow","max-snippet":"max-snippet:-1","max-image-preview":"max-image-preview:large","max-video-preview":"max-video-preview:-1"},"canonical":"https:\/\/www.welovecycling.com\/es\/2020\/11\/04\/titan-desert-2020-etapa-3-un-decorado-real\/","og_locale":"es_ES","og_type":"article","og_title":"Titan Desert 2020. Etapa 3. Un decorado real","og_description":"Titan Desert 2020. Etapa 3. Un decorado real. Cr\u00f3nica de la etapa 3 de la Titan Desert. Tabernas, Sorbas, Tabernas","og_url":"https:\/\/www.welovecycling.com\/es\/2020\/11\/04\/titan-desert-2020-etapa-3-un-decorado-real\/","og_site_name":"\u0160koda We Love Cycling - Spain","article_published_time":"2020-11-04T15:36:55+00:00","article_modified_time":"2020-11-04T15:56:11+00:00","og_image":[{"width":2560,"height":1461,"url":"https:\/\/d2p6e6u75xmxt8.cloudfront.net\/6\/2020\/11\/Titan-8-scaled.jpg","type":"image\/jpeg"}],"author":"We Love Cycling Spain","twitter_card":"summary_large_image","twitter_title":"Titan Desert 2020. Etapa 3. Un decorado real","twitter_description":"Titan Desert 2020. Etapa 3. Un decorado real. Cr\u00f3nica de la etapa 3 de la Titan Desert. Tabernas, Sorbas, Tabernas","twitter_misc":{"Written by":"Luis Ortega @ciclored","Est. reading time":"4 minutes"},"schema":{"@context":"https:\/\/schema.org","@graph":[{"@type":"WebPage","@id":"https:\/\/www.welovecycling.com\/es\/2020\/11\/04\/titan-desert-2020-etapa-3-un-decorado-real\/","url":"https:\/\/www.welovecycling.com\/es\/2020\/11\/04\/titan-desert-2020-etapa-3-un-decorado-real\/","name":"Titan Desert 2020. Etapa 3. Un decorado real - \u0160koda We Love Cycling - Spain","isPartOf":{"@id":"https:\/\/www.welovecycling.com\/es\/#website"},"primaryImageOfPage":{"@id":"https:\/\/www.welovecycling.com\/es\/2020\/11\/04\/titan-desert-2020-etapa-3-un-decorado-real\/#primaryimage"},"image":{"@id":"https:\/\/www.welovecycling.com\/es\/2020\/11\/04\/titan-desert-2020-etapa-3-un-decorado-real\/#primaryimage"},"thumbnailUrl":"https:\/\/d2p6e6u75xmxt8.cloudfront.net\/6\/2020\/11\/Titan-8-scaled.jpg","datePublished":"2020-11-04T15:36:55+00:00","dateModified":"2020-11-04T15:56:11+00:00","author":{"@id":"https:\/\/www.welovecycling.com\/es\/#\/schema\/person\/deb61715b5812698ee79fb96f343ccd4"},"description":"Titan Desert 2020. Etapa 3. Un decorado real. Cr\u00f3nica de la etapa 3 de la Titan Desert. Tabernas, Sorbas, Tabernas","breadcrumb":{"@id":"https:\/\/www.welovecycling.com\/es\/2020\/11\/04\/titan-desert-2020-etapa-3-un-decorado-real\/#breadcrumb"},"inLanguage":"es-ES","potentialAction":[{"@type":"ReadAction","target":["https:\/\/www.welovecycling.com\/es\/2020\/11\/04\/titan-desert-2020-etapa-3-un-decorado-real\/"]}]},{"@type":"ImageObject","inLanguage":"es-ES","@id":"https:\/\/www.welovecycling.com\/es\/2020\/11\/04\/titan-desert-2020-etapa-3-un-decorado-real\/#primaryimage","url":"https:\/\/d2p6e6u75xmxt8.cloudfront.net\/6\/2020\/11\/Titan-8-scaled.jpg","contentUrl":"https:\/\/d2p6e6u75xmxt8.cloudfront.net\/6\/2020\/11\/Titan-8-scaled.jpg","width":2560,"height":1461},{"@type":"BreadcrumbList","@id":"https:\/\/www.welovecycling.com\/es\/2020\/11\/04\/titan-desert-2020-etapa-3-un-decorado-real\/#breadcrumb","itemListElement":[{"@type":"ListItem","position":1,"name":"Home","item":"https:\/\/www.welovecycling.com\/es\/"},{"@type":"ListItem","position":2,"name":"Titan Desert 2020. Etapa 3. Un decorado real"}]},{"@type":"WebSite","@id":"https:\/\/www.welovecycling.com\/es\/#website","url":"https:\/\/www.welovecycling.com\/es\/","name":"\u0160koda We Love Cycling - Spain","description":"\u0160koda WeLoveCycling Spain","potentialAction":[{"@type":"SearchAction","target":{"@type":"EntryPoint","urlTemplate":"https:\/\/www.welovecycling.com\/es\/?s={search_term_string}"},"query-input":{"@type":"PropertyValueSpecification","valueRequired":true,"valueName":"search_term_string"}}],"inLanguage":"es-ES"},{"@type":"Person","@id":"https:\/\/www.welovecycling.com\/es\/#\/schema\/person\/deb61715b5812698ee79fb96f343ccd4","name":"We Love Cycling Spain","image":{"@type":"ImageObject","inLanguage":"es-ES","@id":"https:\/\/www.welovecycling.com\/es\/#\/schema\/person\/image\/","url":"https:\/\/secure.gravatar.com\/avatar\/c824b04e6df0e37a03219d0b6481672889df542894588964102459e46513159c?s=96&d=mm&r=g","contentUrl":"https:\/\/secure.gravatar.com\/avatar\/c824b04e6df0e37a03219d0b6481672889df542894588964102459e46513159c?s=96&d=mm&r=g","caption":"We Love Cycling Spain"},"url":"https:\/\/www.welovecycling.com\/es\/author\/amunoz\/"}]}},"_links":{"self":[{"href":"https:\/\/www.welovecycling.com\/es\/wp-json\/wp\/v2\/posts\/6852","targetHints":{"allow":["GET"]}}],"collection":[{"href":"https:\/\/www.welovecycling.com\/es\/wp-json\/wp\/v2\/posts"}],"about":[{"href":"https:\/\/www.welovecycling.com\/es\/wp-json\/wp\/v2\/types\/post"}],"author":[{"embeddable":true,"href":"https:\/\/www.welovecycling.com\/es\/wp-json\/wp\/v2\/users\/29"}],"replies":[{"embeddable":true,"href":"https:\/\/www.welovecycling.com\/es\/wp-json\/wp\/v2\/comments?post=6852"}],"version-history":[{"count":2,"href":"https:\/\/www.welovecycling.com\/es\/wp-json\/wp\/v2\/posts\/6852\/revisions"}],"predecessor-version":[{"id":6858,"href":"https:\/\/www.welovecycling.com\/es\/wp-json\/wp\/v2\/posts\/6852\/revisions\/6858"}],"wp:featuredmedia":[{"embeddable":true,"href":"https:\/\/www.welovecycling.com\/es\/wp-json\/wp\/v2\/media\/6857"}],"wp:attachment":[{"href":"https:\/\/www.welovecycling.com\/es\/wp-json\/wp\/v2\/media?parent=6852"}],"wp:term":[{"taxonomy":"category","embeddable":true,"href":"https:\/\/www.welovecycling.com\/es\/wp-json\/wp\/v2\/categories?post=6852"},{"taxonomy":"post_tag","embeddable":true,"href":"https:\/\/www.welovecycling.com\/es\/wp-json\/wp\/v2\/tags?post=6852"},{"taxonomy":"global-categories","embeddable":true,"href":"https:\/\/www.welovecycling.com\/es\/wp-json\/wp\/v2\/global-categories?post=6852"}],"curies":[{"name":"wp","href":"https:\/\/api.w.org\/{rel}","templated":true}]}}