{"id":6842,"date":"2020-11-03T17:38:09","date_gmt":"2020-11-03T15:38:09","guid":{"rendered":"https:\/\/www.welovecycling.com\/es\/?p=6842"},"modified":"2020-11-03T17:45:42","modified_gmt":"2020-11-03T15:45:42","slug":"de-la-playa-al-desierto-titan-desert-2020-etapa-2","status":"publish","type":"post","link":"https:\/\/www.welovecycling.com\/es\/2020\/11\/03\/de-la-playa-al-desierto-titan-desert-2020-etapa-2\/","title":{"rendered":"De la playa al desierto. Titan Desert 2020. Etapa 2"},"content":{"rendered":"<p><strong>La Titan Desert 2020 entr\u00f3 en la versi\u00f3n m\u00e1s aventurera en la segunda etapa. Era la transici\u00f3n, desde la playa de El Toyo al Desierto de Tabernas. Del Hotel y sus comodidades al Campamento con tiendas de campa\u00f1a del Mini Hollywood Far West. De la planicie a las monta\u00f1as. Y claro, para llegar hab\u00eda que superar un puerto, el de la Sierra de Alhamilla.\u00a0<\/strong><\/p>\n<p><!--more--><\/p>\n<p style=\"font-weight: 400;\">La ascensi\u00f3n de 17 kil\u00f3metros a la <strong>Sierra de Alhamilla por N\u00edjar, Huebro y Turrillas<\/strong> marc\u00f3 el desarrollo de una etapa corta, 67 kil\u00f3metros, pero con 1.780 metros de desnivel acumulado, lo que habla de la dureza de una jornada calificada por la organizaci\u00f3n como de dificultad 4 sobre 5. Eso s\u00ed, de salida 25 kil\u00f3metros con bancos de niebla que siempre iban picando hacia arriba por pistas r\u00e1pidas. Los primeros los cubrieron en menos de una hora.<\/p>\n<p>La subida arrancaba en N\u00edjar y el sol ya dejaba unos agradables 20 grados. Solamente con llegar al pueblo ya hab\u00eda que hacer una rampa del <strong>13%<\/strong> en asfalto. Dentro del municipio otras dos de similar dureza. El asunto se complicaba al coger el camino de Huebro, tambi\u00e9n asfaltado, pero con tramos de <strong>cemento\u00a0<\/strong> y bastante roto en muchas zonas. Supon\u00eda otros cinco kil\u00f3metros siempre mirando hacia el cielo, pero con unas vistas espectaculares del pueblo blanco de N\u00edjar, la llanura y las monta\u00f1as del Cabo de Gata, incluso el mar (para los que subieron m\u00e1s tranquilos).<\/p>\n<p><a href=\"https:\/\/d2p6e6u75xmxt8.cloudfront.net\/6\/2020\/11\/IMG_20201103_101700-scaled.jpg\"><img loading=\"lazy\" decoding=\"async\" class=\"aligncenter size-large wp-image-6845\" src=\"https:\/\/d2p6e6u75xmxt8.cloudfront.net\/6\/2020\/11\/IMG_20201103_101700-1024x768.jpg\" alt=\"\" width=\"1024\" height=\"768\" srcset=\"https:\/\/d2p6e6u75xmxt8.cloudfront.net\/6\/2020\/11\/IMG_20201103_101700-1024x768.jpg 1024w, https:\/\/d2p6e6u75xmxt8.cloudfront.net\/6\/2020\/11\/IMG_20201103_101700-300x225.jpg 300w, https:\/\/d2p6e6u75xmxt8.cloudfront.net\/6\/2020\/11\/IMG_20201103_101700-768x576.jpg 768w, https:\/\/d2p6e6u75xmxt8.cloudfront.net\/6\/2020\/11\/IMG_20201103_101700-1536x1152.jpg 1536w, https:\/\/d2p6e6u75xmxt8.cloudfront.net\/6\/2020\/11\/IMG_20201103_101700-2048x1536.jpg 2048w, https:\/\/d2p6e6u75xmxt8.cloudfront.net\/6\/2020\/11\/IMG_20201103_101700-1920x1440.jpg 1920w, https:\/\/d2p6e6u75xmxt8.cloudfront.net\/6\/2020\/11\/IMG_20201103_101700-1920x1440.jpg 1920w\" sizes=\"auto, (max-width: 1024px) 100vw, 1024px\" \/><\/a><\/p>\n<p>Antes de llegar a<strong> Huebro<\/strong> se cambiaba el asfalto por una pista ciclable de tierra negra con rampas siempre por encima del 10%, incluso rozando el 20%. All\u00ed se acab\u00f3 de romper la carrera para los primeros. Betal\u00fa y Mantec\u00f3n se marcharon por delante en la ascensi\u00f3n. Al primero ya no le ver\u00edan hasta la l\u00ednea de meta y se apunt\u00f3 la etapa. A Mantec\u00f3n si, porque en los pr\u00e1cticamente 25 kil\u00f3metros de bajada pinch\u00f3 y fue absorbido por el grupo en el que aguantaban ocho ciclistas, <strong>Zubeldia, Arroyo, Marz\u00e1 ( \u0160koda), Zurbero, Bou, Colom\u00e9, Guillem Mu\u00f1oz y Jes\u00fas del Nero,<\/strong> que cedi\u00f3 el liderato a Betal\u00fa. Parece que entre ellos se<a href=\"https:\/\/www.titandesert.com\/es\/recorrido-general\"> acabar\u00e1n jugando la general.<\/a><\/p>\n<p>Entre las chicas las cosas quedaron mucho m\u00e1s claras. Claudia Galicia repiti\u00f3 victoria de etapa y aventaj\u00f3 en m\u00e1s de cinco minutos a Silvia Roura y casi 10 a Ramona Gabriel. Sumados a los de la primera etapa, Galicia ya tiene un colch\u00f3n de una decena de minutos sobre Roura y quince sobre Gabriel.<\/p>\n<p><a href=\"https:\/\/d2p6e6u75xmxt8.cloudfront.net\/6\/2020\/11\/IMG_20201103_092909-scaled.jpg\"><img loading=\"lazy\" decoding=\"async\" class=\"aligncenter size-large wp-image-6846\" src=\"https:\/\/d2p6e6u75xmxt8.cloudfront.net\/6\/2020\/11\/IMG_20201103_092909-1024x768.jpg\" alt=\"\" width=\"1024\" height=\"768\" srcset=\"https:\/\/d2p6e6u75xmxt8.cloudfront.net\/6\/2020\/11\/IMG_20201103_092909-1024x768.jpg 1024w, https:\/\/d2p6e6u75xmxt8.cloudfront.net\/6\/2020\/11\/IMG_20201103_092909-300x225.jpg 300w, https:\/\/d2p6e6u75xmxt8.cloudfront.net\/6\/2020\/11\/IMG_20201103_092909-768x576.jpg 768w, https:\/\/d2p6e6u75xmxt8.cloudfront.net\/6\/2020\/11\/IMG_20201103_092909-1536x1152.jpg 1536w, https:\/\/d2p6e6u75xmxt8.cloudfront.net\/6\/2020\/11\/IMG_20201103_092909-2048x1536.jpg 2048w, https:\/\/d2p6e6u75xmxt8.cloudfront.net\/6\/2020\/11\/IMG_20201103_092909-1920x1440.jpg 1920w, https:\/\/d2p6e6u75xmxt8.cloudfront.net\/6\/2020\/11\/IMG_20201103_092909-1920x1440.jpg 1920w\" sizes=\"auto, (max-width: 1024px) 100vw, 1024px\" \/><\/a><\/p>\n<p>Pero la Titan Desert es mucho m\u00e1s que los primeros clasificados, tambi\u00e9n la labor de equipo. A ella se dedicaron dos ilustres. <strong>Miguel Indurain<\/strong> estuvo trabajando para sus compa\u00f1eros del KH7 y no tuvo problema en perder tiempo en la general. Lo mismo que <strong>Tomy Misser<\/strong>, que estuvo ayudando a Micaela Sekulova, ambos del <strong>\u0160koda We love Cycling.<br \/>\n<\/strong><br \/>\nNo solo ellos. Los integrantes de los equipos de pareja y trios acuden a la Titan Desert para ayudarse mutuamente. Para la mayor\u00eda el objetivo no es subir al podio, sino que todos puedan llegar a la l\u00ednea de meta antes del cierre de control d\u00eda tras d\u00eda.<\/p>\n<h3><strong>CAMPAMENTO LEJANO OESTE<\/strong><\/h3>\n<p>Pero el gran atractivo de hoy era recuperar el sabor m\u00e1s puro de la <strong>Titan Desert<\/strong>. Durante tres d\u00edas la carrera va a habitar en el campamento, que es el esencia de la Titan. Esta vez no est\u00e1 en la arena del desierto de Marruecos, sino en el desierto de Tabernas. Se cambian las dunas por las monta\u00f1as arrugadas y el olor a pel\u00edcula del oeste. La pel\u00edcula va a discurrir a partir de ahora en el<a href=\"https:\/\/www.oasysparquetematico.com\/\"><strong> Mini Hollywood<\/strong><\/a>, el poblado que recrea los escenarios en los que se grababan los films del oeste en los a\u00f1os 70, los famosos spaghetti western.<\/p>\n<p><a href=\"https:\/\/d2p6e6u75xmxt8.cloudfront.net\/6\/2020\/11\/IMG_20201103_123227-scaled.jpg\"><img loading=\"lazy\" decoding=\"async\" class=\"aligncenter size-large wp-image-6847\" src=\"https:\/\/d2p6e6u75xmxt8.cloudfront.net\/6\/2020\/11\/IMG_20201103_123227-1024x768.jpg\" alt=\"\" width=\"1024\" height=\"768\" srcset=\"https:\/\/d2p6e6u75xmxt8.cloudfront.net\/6\/2020\/11\/IMG_20201103_123227-1024x768.jpg 1024w, https:\/\/d2p6e6u75xmxt8.cloudfront.net\/6\/2020\/11\/IMG_20201103_123227-300x225.jpg 300w, https:\/\/d2p6e6u75xmxt8.cloudfront.net\/6\/2020\/11\/IMG_20201103_123227-768x576.jpg 768w, https:\/\/d2p6e6u75xmxt8.cloudfront.net\/6\/2020\/11\/IMG_20201103_123227-1536x1152.jpg 1536w, https:\/\/d2p6e6u75xmxt8.cloudfront.net\/6\/2020\/11\/IMG_20201103_123227-2048x1536.jpg 2048w, https:\/\/d2p6e6u75xmxt8.cloudfront.net\/6\/2020\/11\/IMG_20201103_123227-1920x1440.jpg 1920w, https:\/\/d2p6e6u75xmxt8.cloudfront.net\/6\/2020\/11\/IMG_20201103_123227-1920x1440.jpg 1920w\" sizes=\"auto, (max-width: 1024px) 100vw, 1024px\" \/><\/a><\/p>\n<p>El campamento supone que todos los bikers tienen las mismas condiciones independientemente de la sala de trofeos que tengan en casa. Dormir en haimas, convivir con los recursos que ofrece la organizaci\u00f3n, comer en el saloon del Far West o ducharse en los lugares habilitados para ello. Y todo id\u00e9ntico para los casi 400 ciclistas que est\u00e1n empezando a saborear el esp\u00edritu m\u00e1s aventurero de la Titan Desert.<\/p>\n","protected":false},"excerpt":{"rendered":"<p>La Titan Desert 2020 entr\u00f3 en la versi\u00f3n m\u00e1s aventurera en la segunda etapa. Era la transici\u00f3n, desde la playa [&hellip;]<\/p>\n","protected":false},"author":29,"featured_media":6844,"comment_status":"open","ping_status":"open","sticky":false,"template":"","format":"standard","meta":{"footnotes":""},"categories":[9],"tags":[1878,1874,1873,1817,1877],"global-categories":[1164],"class_list":["post-6842","post","type-post","status-publish","format-standard","has-post-thumbnail","hentry","category-mtb-aventura","tag-betalu-titan-desert","tag-clasificacion-titan-desert","tag-indurain-titan-desert","tag-titan-desert-2020","tag-titan-desert-etapa-2","global-categories-cycling"],"yoast_head":"<!-- This site is optimized with the Yoast SEO Premium plugin v25.3 (Yoast SEO v25.9) - https:\/\/yoast.com\/wordpress\/plugins\/seo\/ -->\n<title>De la playa al desierto. Titan Desert 2020. Etapa 2 - \u0160koda We Love Cycling - Spain<\/title>\n<meta name=\"description\" content=\"De la playa al desierto. Titan Desert 2020. Etapa 2. Cr\u00f3nica de la segunda etapa con la llegada al Campamento de Mini Hollywood.\" \/>\n<meta name=\"robots\" content=\"index, follow, max-snippet:-1, max-image-preview:large, max-video-preview:-1\" \/>\n<link rel=\"canonical\" href=\"https:\/\/www.welovecycling.com\/es\/2020\/11\/03\/de-la-playa-al-desierto-titan-desert-2020-etapa-2\/\" \/>\n<meta property=\"og:locale\" content=\"es_ES\" \/>\n<meta property=\"og:type\" content=\"article\" \/>\n<meta property=\"og:title\" content=\"De la playa al desierto. Titan Desert 2020. Etapa 2\" \/>\n<meta property=\"og:description\" content=\"De la playa al desierto. Titan Desert 2020. Etapa 2. Cr\u00f3nica de la segunda etapa con la llegada al Campamento de Mini Hollywood.\" \/>\n<meta property=\"og:url\" content=\"https:\/\/www.welovecycling.com\/es\/2020\/11\/03\/de-la-playa-al-desierto-titan-desert-2020-etapa-2\/\" \/>\n<meta property=\"og:site_name\" content=\"\u0160koda We Love Cycling - Spain\" \/>\n<meta property=\"article:published_time\" content=\"2020-11-03T15:38:09+00:00\" \/>\n<meta property=\"article:modified_time\" content=\"2020-11-03T15:45:42+00:00\" \/>\n<meta property=\"og:image\" content=\"https:\/\/d2p6e6u75xmxt8.cloudfront.net\/6\/2020\/11\/IMG_20201103_094711-scaled-e1604418289863.jpg\" \/>\n\t<meta property=\"og:image:width\" content=\"1500\" \/>\n\t<meta property=\"og:image:height\" content=\"1125\" \/>\n\t<meta property=\"og:image:type\" content=\"image\/jpeg\" \/>\n<meta name=\"author\" content=\"We Love Cycling Spain\" \/>\n<meta name=\"twitter:card\" content=\"summary_large_image\" \/>\n<meta name=\"twitter:title\" content=\"De la playa al desierto. Titan Desert 2020. Etapa 2\" \/>\n<meta name=\"twitter:description\" content=\"De la playa al desierto. Titan Desert 2020. Etapa 2. Cr\u00f3nica de la segunda etapa con la llegada al Campamento de Mini Hollywood.\" \/>\n<meta name=\"twitter:label1\" content=\"Written by\" \/>\n\t<meta name=\"twitter:data1\" content=\"Luis Ortega @ciclored\" \/>\n\t<meta name=\"twitter:label2\" content=\"Est. reading time\" \/>\n\t<meta name=\"twitter:data2\" content=\"4 minutes\" \/>\n<script type=\"application\/ld+json\" class=\"yoast-schema-graph\">{\"@context\":\"https:\/\/schema.org\",\"@graph\":[{\"@type\":\"WebPage\",\"@id\":\"https:\/\/www.welovecycling.com\/es\/2020\/11\/03\/de-la-playa-al-desierto-titan-desert-2020-etapa-2\/\",\"url\":\"https:\/\/www.welovecycling.com\/es\/2020\/11\/03\/de-la-playa-al-desierto-titan-desert-2020-etapa-2\/\",\"name\":\"De la playa al desierto. Titan Desert 2020. Etapa 2 - \u0160koda We Love Cycling - Spain\",\"isPartOf\":{\"@id\":\"https:\/\/www.welovecycling.com\/es\/#website\"},\"primaryImageOfPage\":{\"@id\":\"https:\/\/www.welovecycling.com\/es\/2020\/11\/03\/de-la-playa-al-desierto-titan-desert-2020-etapa-2\/#primaryimage\"},\"image\":{\"@id\":\"https:\/\/www.welovecycling.com\/es\/2020\/11\/03\/de-la-playa-al-desierto-titan-desert-2020-etapa-2\/#primaryimage\"},\"thumbnailUrl\":\"https:\/\/d2p6e6u75xmxt8.cloudfront.net\/6\/2020\/11\/IMG_20201103_094711-scaled-e1604418289863.jpg\",\"datePublished\":\"2020-11-03T15:38:09+00:00\",\"dateModified\":\"2020-11-03T15:45:42+00:00\",\"author\":{\"@id\":\"https:\/\/www.welovecycling.com\/es\/#\/schema\/person\/deb61715b5812698ee79fb96f343ccd4\"},\"description\":\"De la playa al desierto. Titan Desert 2020. Etapa 2. Cr\u00f3nica de la segunda etapa con la llegada al Campamento de Mini Hollywood.\",\"breadcrumb\":{\"@id\":\"https:\/\/www.welovecycling.com\/es\/2020\/11\/03\/de-la-playa-al-desierto-titan-desert-2020-etapa-2\/#breadcrumb\"},\"inLanguage\":\"es-ES\",\"potentialAction\":[{\"@type\":\"ReadAction\",\"target\":[\"https:\/\/www.welovecycling.com\/es\/2020\/11\/03\/de-la-playa-al-desierto-titan-desert-2020-etapa-2\/\"]}]},{\"@type\":\"ImageObject\",\"inLanguage\":\"es-ES\",\"@id\":\"https:\/\/www.welovecycling.com\/es\/2020\/11\/03\/de-la-playa-al-desierto-titan-desert-2020-etapa-2\/#primaryimage\",\"url\":\"https:\/\/d2p6e6u75xmxt8.cloudfront.net\/6\/2020\/11\/IMG_20201103_094711-scaled-e1604418289863.jpg\",\"contentUrl\":\"https:\/\/d2p6e6u75xmxt8.cloudfront.net\/6\/2020\/11\/IMG_20201103_094711-scaled-e1604418289863.jpg\",\"width\":1500,\"height\":1125},{\"@type\":\"BreadcrumbList\",\"@id\":\"https:\/\/www.welovecycling.com\/es\/2020\/11\/03\/de-la-playa-al-desierto-titan-desert-2020-etapa-2\/#breadcrumb\",\"itemListElement\":[{\"@type\":\"ListItem\",\"position\":1,\"name\":\"Home\",\"item\":\"https:\/\/www.welovecycling.com\/es\/\"},{\"@type\":\"ListItem\",\"position\":2,\"name\":\"De la playa al desierto. Titan Desert 2020. Etapa 2\"}]},{\"@type\":\"WebSite\",\"@id\":\"https:\/\/www.welovecycling.com\/es\/#website\",\"url\":\"https:\/\/www.welovecycling.com\/es\/\",\"name\":\"\u0160koda We Love Cycling - Spain\",\"description\":\"\u0160koda WeLoveCycling Spain\",\"potentialAction\":[{\"@type\":\"SearchAction\",\"target\":{\"@type\":\"EntryPoint\",\"urlTemplate\":\"https:\/\/www.welovecycling.com\/es\/?s={search_term_string}\"},\"query-input\":{\"@type\":\"PropertyValueSpecification\",\"valueRequired\":true,\"valueName\":\"search_term_string\"}}],\"inLanguage\":\"es-ES\"},{\"@type\":\"Person\",\"@id\":\"https:\/\/www.welovecycling.com\/es\/#\/schema\/person\/deb61715b5812698ee79fb96f343ccd4\",\"name\":\"We Love Cycling Spain\",\"image\":{\"@type\":\"ImageObject\",\"inLanguage\":\"es-ES\",\"@id\":\"https:\/\/www.welovecycling.com\/es\/#\/schema\/person\/image\/\",\"url\":\"https:\/\/secure.gravatar.com\/avatar\/c824b04e6df0e37a03219d0b6481672889df542894588964102459e46513159c?s=96&d=mm&r=g\",\"contentUrl\":\"https:\/\/secure.gravatar.com\/avatar\/c824b04e6df0e37a03219d0b6481672889df542894588964102459e46513159c?s=96&d=mm&r=g\",\"caption\":\"We Love Cycling Spain\"},\"url\":\"https:\/\/www.welovecycling.com\/es\/author\/amunoz\/\"}]}<\/script>\n<!-- \/ Yoast SEO Premium plugin. -->","yoast_head_json":{"title":"De la playa al desierto. Titan Desert 2020. Etapa 2 - \u0160koda We Love Cycling - Spain","description":"De la playa al desierto. Titan Desert 2020. Etapa 2. Cr\u00f3nica de la segunda etapa con la llegada al Campamento de Mini Hollywood.","robots":{"index":"index","follow":"follow","max-snippet":"max-snippet:-1","max-image-preview":"max-image-preview:large","max-video-preview":"max-video-preview:-1"},"canonical":"https:\/\/www.welovecycling.com\/es\/2020\/11\/03\/de-la-playa-al-desierto-titan-desert-2020-etapa-2\/","og_locale":"es_ES","og_type":"article","og_title":"De la playa al desierto. Titan Desert 2020. Etapa 2","og_description":"De la playa al desierto. Titan Desert 2020. Etapa 2. Cr\u00f3nica de la segunda etapa con la llegada al Campamento de Mini Hollywood.","og_url":"https:\/\/www.welovecycling.com\/es\/2020\/11\/03\/de-la-playa-al-desierto-titan-desert-2020-etapa-2\/","og_site_name":"\u0160koda We Love Cycling - Spain","article_published_time":"2020-11-03T15:38:09+00:00","article_modified_time":"2020-11-03T15:45:42+00:00","og_image":[{"width":1500,"height":1125,"url":"https:\/\/d2p6e6u75xmxt8.cloudfront.net\/6\/2020\/11\/IMG_20201103_094711-scaled-e1604418289863.jpg","type":"image\/jpeg"}],"author":"We Love Cycling Spain","twitter_card":"summary_large_image","twitter_title":"De la playa al desierto. Titan Desert 2020. Etapa 2","twitter_description":"De la playa al desierto. Titan Desert 2020. Etapa 2. Cr\u00f3nica de la segunda etapa con la llegada al Campamento de Mini Hollywood.","twitter_misc":{"Written by":"Luis Ortega @ciclored","Est. reading time":"4 minutes"},"schema":{"@context":"https:\/\/schema.org","@graph":[{"@type":"WebPage","@id":"https:\/\/www.welovecycling.com\/es\/2020\/11\/03\/de-la-playa-al-desierto-titan-desert-2020-etapa-2\/","url":"https:\/\/www.welovecycling.com\/es\/2020\/11\/03\/de-la-playa-al-desierto-titan-desert-2020-etapa-2\/","name":"De la playa al desierto. Titan Desert 2020. Etapa 2 - \u0160koda We Love Cycling - Spain","isPartOf":{"@id":"https:\/\/www.welovecycling.com\/es\/#website"},"primaryImageOfPage":{"@id":"https:\/\/www.welovecycling.com\/es\/2020\/11\/03\/de-la-playa-al-desierto-titan-desert-2020-etapa-2\/#primaryimage"},"image":{"@id":"https:\/\/www.welovecycling.com\/es\/2020\/11\/03\/de-la-playa-al-desierto-titan-desert-2020-etapa-2\/#primaryimage"},"thumbnailUrl":"https:\/\/d2p6e6u75xmxt8.cloudfront.net\/6\/2020\/11\/IMG_20201103_094711-scaled-e1604418289863.jpg","datePublished":"2020-11-03T15:38:09+00:00","dateModified":"2020-11-03T15:45:42+00:00","author":{"@id":"https:\/\/www.welovecycling.com\/es\/#\/schema\/person\/deb61715b5812698ee79fb96f343ccd4"},"description":"De la playa al desierto. Titan Desert 2020. Etapa 2. Cr\u00f3nica de la segunda etapa con la llegada al Campamento de Mini Hollywood.","breadcrumb":{"@id":"https:\/\/www.welovecycling.com\/es\/2020\/11\/03\/de-la-playa-al-desierto-titan-desert-2020-etapa-2\/#breadcrumb"},"inLanguage":"es-ES","potentialAction":[{"@type":"ReadAction","target":["https:\/\/www.welovecycling.com\/es\/2020\/11\/03\/de-la-playa-al-desierto-titan-desert-2020-etapa-2\/"]}]},{"@type":"ImageObject","inLanguage":"es-ES","@id":"https:\/\/www.welovecycling.com\/es\/2020\/11\/03\/de-la-playa-al-desierto-titan-desert-2020-etapa-2\/#primaryimage","url":"https:\/\/d2p6e6u75xmxt8.cloudfront.net\/6\/2020\/11\/IMG_20201103_094711-scaled-e1604418289863.jpg","contentUrl":"https:\/\/d2p6e6u75xmxt8.cloudfront.net\/6\/2020\/11\/IMG_20201103_094711-scaled-e1604418289863.jpg","width":1500,"height":1125},{"@type":"BreadcrumbList","@id":"https:\/\/www.welovecycling.com\/es\/2020\/11\/03\/de-la-playa-al-desierto-titan-desert-2020-etapa-2\/#breadcrumb","itemListElement":[{"@type":"ListItem","position":1,"name":"Home","item":"https:\/\/www.welovecycling.com\/es\/"},{"@type":"ListItem","position":2,"name":"De la playa al desierto. Titan Desert 2020. Etapa 2"}]},{"@type":"WebSite","@id":"https:\/\/www.welovecycling.com\/es\/#website","url":"https:\/\/www.welovecycling.com\/es\/","name":"\u0160koda We Love Cycling - Spain","description":"\u0160koda WeLoveCycling Spain","potentialAction":[{"@type":"SearchAction","target":{"@type":"EntryPoint","urlTemplate":"https:\/\/www.welovecycling.com\/es\/?s={search_term_string}"},"query-input":{"@type":"PropertyValueSpecification","valueRequired":true,"valueName":"search_term_string"}}],"inLanguage":"es-ES"},{"@type":"Person","@id":"https:\/\/www.welovecycling.com\/es\/#\/schema\/person\/deb61715b5812698ee79fb96f343ccd4","name":"We Love Cycling Spain","image":{"@type":"ImageObject","inLanguage":"es-ES","@id":"https:\/\/www.welovecycling.com\/es\/#\/schema\/person\/image\/","url":"https:\/\/secure.gravatar.com\/avatar\/c824b04e6df0e37a03219d0b6481672889df542894588964102459e46513159c?s=96&d=mm&r=g","contentUrl":"https:\/\/secure.gravatar.com\/avatar\/c824b04e6df0e37a03219d0b6481672889df542894588964102459e46513159c?s=96&d=mm&r=g","caption":"We Love Cycling Spain"},"url":"https:\/\/www.welovecycling.com\/es\/author\/amunoz\/"}]}},"_links":{"self":[{"href":"https:\/\/www.welovecycling.com\/es\/wp-json\/wp\/v2\/posts\/6842","targetHints":{"allow":["GET"]}}],"collection":[{"href":"https:\/\/www.welovecycling.com\/es\/wp-json\/wp\/v2\/posts"}],"about":[{"href":"https:\/\/www.welovecycling.com\/es\/wp-json\/wp\/v2\/types\/post"}],"author":[{"embeddable":true,"href":"https:\/\/www.welovecycling.com\/es\/wp-json\/wp\/v2\/users\/29"}],"replies":[{"embeddable":true,"href":"https:\/\/www.welovecycling.com\/es\/wp-json\/wp\/v2\/comments?post=6842"}],"version-history":[{"count":2,"href":"https:\/\/www.welovecycling.com\/es\/wp-json\/wp\/v2\/posts\/6842\/revisions"}],"predecessor-version":[{"id":6849,"href":"https:\/\/www.welovecycling.com\/es\/wp-json\/wp\/v2\/posts\/6842\/revisions\/6849"}],"wp:featuredmedia":[{"embeddable":true,"href":"https:\/\/www.welovecycling.com\/es\/wp-json\/wp\/v2\/media\/6844"}],"wp:attachment":[{"href":"https:\/\/www.welovecycling.com\/es\/wp-json\/wp\/v2\/media?parent=6842"}],"wp:term":[{"taxonomy":"category","embeddable":true,"href":"https:\/\/www.welovecycling.com\/es\/wp-json\/wp\/v2\/categories?post=6842"},{"taxonomy":"post_tag","embeddable":true,"href":"https:\/\/www.welovecycling.com\/es\/wp-json\/wp\/v2\/tags?post=6842"},{"taxonomy":"global-categories","embeddable":true,"href":"https:\/\/www.welovecycling.com\/es\/wp-json\/wp\/v2\/global-categories?post=6842"}],"curies":[{"name":"wp","href":"https:\/\/api.w.org\/{rel}","templated":true}]}}