{"id":6839,"date":"2020-11-03T14:48:02","date_gmt":"2020-11-03T12:48:02","guid":{"rendered":"https:\/\/www.welovecycling.com\/es\/?p=6839"},"modified":"2020-11-03T14:48:02","modified_gmt":"2020-11-03T12:48:02","slug":"la-vuelta-skoda-enyaq","status":"publish","type":"post","link":"https:\/\/www.welovecycling.com\/es\/2020\/11\/03\/la-vuelta-skoda-enyaq\/","title":{"rendered":"Por primera vez en La Vuelta, el coche del director ser\u00e1 el\u00e9ctrico, \u0160koda Enyaq IV"},"content":{"rendered":"<p><strong>Tras su estreno en el Tour de Francia 2020, el nuevo \u0160koda ENYAQ <span class=\"m_2719425221970770509SpellE\">iV<\/span> volver\u00e1 a ser protagonista durante La Vuelta 20 y se presenta en la contrarreloj de la 13\u00aa etapa, que sale desde Muros y culmina en el Mirador de\u00a0<span class=\"m_2719425221970770509SpellE\">\u00c9zaro<\/span>.\u00a0<span class=\"m_2719425221970770509SpellE\">Dumbr\u00eda<\/span>. Ya se han instalado todos los equipos de telecomunicaciones necesarios para la carrera, de forma que el\u00a0Director General, el Comisario Internacional y el Director T\u00e9cnico puedan disfrutarlos a partir de hoy en su seguimiento a Richard\u00a0\u00a0<span class=\"m_2719425221970770509SpellE\">Carapaz<\/span>,\u00a0<span class=\"m_2719425221970770509SpellE\">Primoz<\/span>\u00a0<span class=\"m_2719425221970770509SpellE\">Roglic<\/span>\u00a0y\u00a0<span class=\"m_2719425221970770509SpellE\">Enric<\/span>\u00a0<span class=\"m_2719425221970770509GramE\">Mas<\/span>, tres de los cinco corredores que encabezan la clasificaci\u00f3n general.<\/strong><\/p>\n<p><!--more--><\/p>\n<p style=\"font-weight: 400;\">El\u00a0<strong>Responsable de Desarrollo T\u00e9cnico del Comit\u00e9 de Direcci\u00f3n de \u0160koda<\/strong>,\u00a0<strong>Christian\u00a0Strube<\/strong>, ha querido recalcar que, al requerir poco tiempo para recargarse y ofrecer una\u00a0<strong>autonom\u00eda de hasta 510 km<\/strong>\u00a0en el ciclo WLTP, el ENYAQ\u00a0iV\u00a0es ideal para el uso diario, as\u00ed como para cubrir largas distancias. \u201c<em>Las numerosas combinaciones posibles, por ejemplo, en t\u00e9rminos de tama\u00f1os de bater\u00eda y potencia, convierten la plataforma modular del coche el\u00e9ctrico en una perfecta base t\u00e9cnica para nuestros veh\u00edculos totalmente el\u00e9ctricos<\/em>\u201d, a\u00f1ade.<\/p>\n<p style=\"font-weight: 400;\">Durante los pr\u00f3ximos d\u00edas,\u00a0<strong>el nuevo <a href=\"https:\/\/cc.skoda-auto.com\/visualizer\/esp\/es-ES\" target=\"_blank\" rel=\"noopener noreferrer\">\u0160koda ENYAQ\u00a0iV<\/a>\u00a0acompa\u00f1ar\u00e1 a los ciclistas en dos etapas m\u00e1s, la 17 y 18<\/strong>, y estar\u00e1 equipado con una\u00a0<strong>amplia gama de tecnolog\u00eda especializada\u00a0<\/strong>para garantizar la coordinaci\u00f3n fluida de la carrera.<\/p>\n<p style=\"font-weight: 400;\"><strong>NUEVOS SISTEMAS DE ASISTENCIA Y USO DE MATERIALES SOSTENIBLES<\/strong><\/p>\n<p style=\"font-weight: 400;\">El ENYAQ\u00a0iV\u00a0reemplaza los niveles de acabado cl\u00e1sicos y destaca por el uso de materiales sostenibles con los que consigue el acabado perfecto para satisfacer todas las exigencias de la competencia. Adem\u00e1s, cuenta con una\u00a0<strong>gran pantalla de 13 pulgadas<\/strong>, nuevo Virtual\u00a0Cockpit\u00a0y servicios online espec\u00edficos para facilitar la transmisi\u00f3n de informaci\u00f3n hacia y desde el propio veh\u00edculo.<br \/>\n<a href=\"https:\/\/d2p6e6u75xmxt8.cloudfront.net\/6\/2020\/09\/Enyaq-tdf-8.jpg\"><img loading=\"lazy\" decoding=\"async\" class=\"aligncenter size-large wp-image-6591\" src=\"https:\/\/d2p6e6u75xmxt8.cloudfront.net\/6\/2020\/09\/Enyaq-tdf-8-1024x576.jpg\" alt=\"\" width=\"1024\" height=\"576\" srcset=\"https:\/\/d2p6e6u75xmxt8.cloudfront.net\/6\/2020\/09\/Enyaq-tdf-8-1024x576.jpg 1024w, https:\/\/d2p6e6u75xmxt8.cloudfront.net\/6\/2020\/09\/Enyaq-tdf-8-300x169.jpg 300w, https:\/\/d2p6e6u75xmxt8.cloudfront.net\/6\/2020\/09\/Enyaq-tdf-8-768x432.jpg 768w, https:\/\/d2p6e6u75xmxt8.cloudfront.net\/6\/2020\/09\/Enyaq-tdf-8.jpg 1458w\" sizes=\"auto, (max-width: 1024px) 100vw, 1024px\" \/><\/a><\/p>\n<p>El SUV\u00a0<strong>puede advertir autom\u00e1ticamente de colisiones con otros veh\u00edculos u obst\u00e1culos fijos, previniendo as\u00ed un accidente por completo o al menos minimizando sus consecuencias<\/strong>. Los interiores de los ENYAQ\u00a0iV\u00a0de La Vuelta destacan por su tapicer\u00eda, con adornos decorativos y un salpicadero creado con diferentes materiales.<\/p>\n<p style=\"font-weight: 400;\">Implicado en La Vuelta desde el a\u00f1o 2011 como patrocinador principal,\u00a0<strong>\u0160koda tambi\u00e9n apoya al Tour de Francia y otras carreras ciclistas<\/strong>.\u00a0\u00a0La marca es \u201c<em>el motor del ciclismo<\/em>\u201d y las bicicletas y los accesorios tambi\u00e9n son parte integral de la gama de productos ampliada de \u0160koda.<br \/>\n<a href=\"https:\/\/d2p6e6u75xmxt8.cloudfront.net\/6\/2020\/09\/Enyaq-tdf-3.jpg\"><img loading=\"lazy\" decoding=\"async\" class=\"aligncenter size-large wp-image-6589\" src=\"https:\/\/d2p6e6u75xmxt8.cloudfront.net\/6\/2020\/09\/Enyaq-tdf-3-1024x576.jpg\" alt=\"\" width=\"1024\" height=\"576\" srcset=\"https:\/\/d2p6e6u75xmxt8.cloudfront.net\/6\/2020\/09\/Enyaq-tdf-3-1024x576.jpg 1024w, https:\/\/d2p6e6u75xmxt8.cloudfront.net\/6\/2020\/09\/Enyaq-tdf-3-300x169.jpg 300w, https:\/\/d2p6e6u75xmxt8.cloudfront.net\/6\/2020\/09\/Enyaq-tdf-3-768x432.jpg 768w, https:\/\/d2p6e6u75xmxt8.cloudfront.net\/6\/2020\/09\/Enyaq-tdf-3.jpg 1458w\" sizes=\"auto, (max-width: 1024px) 100vw, 1024px\" \/><\/a><\/p>\n","protected":false},"excerpt":{"rendered":"<p>Tras su estreno en el Tour de Francia 2020, el nuevo \u0160koda ENYAQ iV volver\u00e1 a ser protagonista durante La [&hellip;]<\/p>\n","protected":false},"author":29,"featured_media":6840,"comment_status":"open","ping_status":"open","sticky":false,"template":"","format":"standard","meta":{"footnotes":""},"categories":[7],"tags":[1875,1876,1806,97],"global-categories":[1866],"class_list":["post-6839","post","type-post","status-publish","format-standard","has-post-thumbnail","hentry","category-carretera","tag-coche-elecrtrico","tag-coche-electrico-la-vuelta","tag-skoda-enyaq-iv","tag-skoda-la-vuelta","global-categories-enyaq-iv"],"yoast_head":"<!-- This site is optimized with the Yoast SEO Premium plugin v25.3 (Yoast SEO v25.9) - https:\/\/yoast.com\/wordpress\/plugins\/seo\/ -->\n<title>Por primera vez en La Vuelta, el coche del director ser\u00e1 el\u00e9ctrico, \u0160koda Enyaq IV - \u0160koda We Love Cycling - Spain<\/title>\n<meta name=\"description\" content=\"Por primera vez en La Vuelta, el coche del director ser\u00e1 el\u00e9ctrico, \u0160koda Enyaq IV. La crono de Muros, tendr\u00e1 coche el\u00e9ctrico.\" \/>\n<meta name=\"robots\" content=\"index, follow, max-snippet:-1, max-image-preview:large, max-video-preview:-1\" \/>\n<link rel=\"canonical\" href=\"https:\/\/www.welovecycling.com\/es\/2020\/11\/03\/la-vuelta-skoda-enyaq\/\" \/>\n<meta property=\"og:locale\" content=\"es_ES\" \/>\n<meta property=\"og:type\" content=\"article\" \/>\n<meta property=\"og:title\" content=\"Por primera vez en La Vuelta, el coche del director ser\u00e1 el\u00e9ctrico, \u0160koda Enyaq IV\" \/>\n<meta property=\"og:description\" content=\"Por primera vez en La Vuelta, el coche del director ser\u00e1 el\u00e9ctrico, \u0160koda Enyaq IV. La crono de Muros, tendr\u00e1 coche el\u00e9ctrico.\" \/>\n<meta property=\"og:url\" content=\"https:\/\/www.welovecycling.com\/es\/2020\/11\/03\/la-vuelta-skoda-enyaq\/\" \/>\n<meta property=\"og:site_name\" content=\"\u0160koda We Love Cycling - Spain\" \/>\n<meta property=\"article:published_time\" content=\"2020-11-03T12:48:02+00:00\" \/>\n<meta property=\"og:image\" content=\"https:\/\/d2p6e6u75xmxt8.cloudfront.net\/6\/2020\/11\/Enyaq-La-Vuelta.jpg\" \/>\n\t<meta property=\"og:image:width\" content=\"1299\" \/>\n\t<meta property=\"og:image:height\" content=\"862\" \/>\n\t<meta property=\"og:image:type\" content=\"image\/jpeg\" \/>\n<meta name=\"author\" content=\"We Love Cycling Spain\" \/>\n<meta name=\"twitter:card\" content=\"summary_large_image\" \/>\n<meta name=\"twitter:title\" content=\"Por primera vez en La Vuelta, el coche del director ser\u00e1 el\u00e9ctrico, \u0160koda Enyaq IV\" \/>\n<meta name=\"twitter:description\" content=\"Por primera vez en La Vuelta, el coche del director ser\u00e1 el\u00e9ctrico, \u0160koda Enyaq IV. La crono de Muros, tendr\u00e1 coche el\u00e9ctrico.\" \/>\n<meta name=\"twitter:label1\" content=\"Written by\" \/>\n\t<meta name=\"twitter:data1\" content=\"We Love Cycling Spain\" \/>\n\t<meta name=\"twitter:label2\" content=\"Est. reading time\" \/>\n\t<meta name=\"twitter:data2\" content=\"2 minutes\" \/>\n<script type=\"application\/ld+json\" class=\"yoast-schema-graph\">{\"@context\":\"https:\/\/schema.org\",\"@graph\":[{\"@type\":\"WebPage\",\"@id\":\"https:\/\/www.welovecycling.com\/es\/2020\/11\/03\/la-vuelta-skoda-enyaq\/\",\"url\":\"https:\/\/www.welovecycling.com\/es\/2020\/11\/03\/la-vuelta-skoda-enyaq\/\",\"name\":\"Por primera vez en La Vuelta, el coche del director ser\u00e1 el\u00e9ctrico, \u0160koda Enyaq IV - \u0160koda We Love Cycling - Spain\",\"isPartOf\":{\"@id\":\"https:\/\/www.welovecycling.com\/es\/#website\"},\"primaryImageOfPage\":{\"@id\":\"https:\/\/www.welovecycling.com\/es\/2020\/11\/03\/la-vuelta-skoda-enyaq\/#primaryimage\"},\"image\":{\"@id\":\"https:\/\/www.welovecycling.com\/es\/2020\/11\/03\/la-vuelta-skoda-enyaq\/#primaryimage\"},\"thumbnailUrl\":\"https:\/\/d2p6e6u75xmxt8.cloudfront.net\/6\/2020\/11\/Enyaq-La-Vuelta.jpg\",\"datePublished\":\"2020-11-03T12:48:02+00:00\",\"author\":{\"@id\":\"https:\/\/www.welovecycling.com\/es\/#\/schema\/person\/deb61715b5812698ee79fb96f343ccd4\"},\"description\":\"Por primera vez en La Vuelta, el coche del director ser\u00e1 el\u00e9ctrico, \u0160koda Enyaq IV. La crono de Muros, tendr\u00e1 coche el\u00e9ctrico.\",\"breadcrumb\":{\"@id\":\"https:\/\/www.welovecycling.com\/es\/2020\/11\/03\/la-vuelta-skoda-enyaq\/#breadcrumb\"},\"inLanguage\":\"es-ES\",\"potentialAction\":[{\"@type\":\"ReadAction\",\"target\":[\"https:\/\/www.welovecycling.com\/es\/2020\/11\/03\/la-vuelta-skoda-enyaq\/\"]}]},{\"@type\":\"ImageObject\",\"inLanguage\":\"es-ES\",\"@id\":\"https:\/\/www.welovecycling.com\/es\/2020\/11\/03\/la-vuelta-skoda-enyaq\/#primaryimage\",\"url\":\"https:\/\/d2p6e6u75xmxt8.cloudfront.net\/6\/2020\/11\/Enyaq-La-Vuelta.jpg\",\"contentUrl\":\"https:\/\/d2p6e6u75xmxt8.cloudfront.net\/6\/2020\/11\/Enyaq-La-Vuelta.jpg\",\"width\":1299,\"height\":862},{\"@type\":\"BreadcrumbList\",\"@id\":\"https:\/\/www.welovecycling.com\/es\/2020\/11\/03\/la-vuelta-skoda-enyaq\/#breadcrumb\",\"itemListElement\":[{\"@type\":\"ListItem\",\"position\":1,\"name\":\"Home\",\"item\":\"https:\/\/www.welovecycling.com\/es\/\"},{\"@type\":\"ListItem\",\"position\":2,\"name\":\"Por primera vez en La Vuelta, el coche del director ser\u00e1 el\u00e9ctrico, \u0160koda Enyaq IV\"}]},{\"@type\":\"WebSite\",\"@id\":\"https:\/\/www.welovecycling.com\/es\/#website\",\"url\":\"https:\/\/www.welovecycling.com\/es\/\",\"name\":\"\u0160koda We Love Cycling - Spain\",\"description\":\"\u0160koda WeLoveCycling Spain\",\"potentialAction\":[{\"@type\":\"SearchAction\",\"target\":{\"@type\":\"EntryPoint\",\"urlTemplate\":\"https:\/\/www.welovecycling.com\/es\/?s={search_term_string}\"},\"query-input\":{\"@type\":\"PropertyValueSpecification\",\"valueRequired\":true,\"valueName\":\"search_term_string\"}}],\"inLanguage\":\"es-ES\"},{\"@type\":\"Person\",\"@id\":\"https:\/\/www.welovecycling.com\/es\/#\/schema\/person\/deb61715b5812698ee79fb96f343ccd4\",\"name\":\"We Love Cycling Spain\",\"image\":{\"@type\":\"ImageObject\",\"inLanguage\":\"es-ES\",\"@id\":\"https:\/\/www.welovecycling.com\/es\/#\/schema\/person\/image\/\",\"url\":\"https:\/\/secure.gravatar.com\/avatar\/c824b04e6df0e37a03219d0b6481672889df542894588964102459e46513159c?s=96&d=mm&r=g\",\"contentUrl\":\"https:\/\/secure.gravatar.com\/avatar\/c824b04e6df0e37a03219d0b6481672889df542894588964102459e46513159c?s=96&d=mm&r=g\",\"caption\":\"We Love Cycling Spain\"},\"url\":\"https:\/\/www.welovecycling.com\/es\/author\/amunoz\/\"}]}<\/script>\n<!-- \/ Yoast SEO Premium plugin. -->","yoast_head_json":{"title":"Por primera vez en La Vuelta, el coche del director ser\u00e1 el\u00e9ctrico, \u0160koda Enyaq IV - \u0160koda We Love Cycling - Spain","description":"Por primera vez en La Vuelta, el coche del director ser\u00e1 el\u00e9ctrico, \u0160koda Enyaq IV. La crono de Muros, tendr\u00e1 coche el\u00e9ctrico.","robots":{"index":"index","follow":"follow","max-snippet":"max-snippet:-1","max-image-preview":"max-image-preview:large","max-video-preview":"max-video-preview:-1"},"canonical":"https:\/\/www.welovecycling.com\/es\/2020\/11\/03\/la-vuelta-skoda-enyaq\/","og_locale":"es_ES","og_type":"article","og_title":"Por primera vez en La Vuelta, el coche del director ser\u00e1 el\u00e9ctrico, \u0160koda Enyaq IV","og_description":"Por primera vez en La Vuelta, el coche del director ser\u00e1 el\u00e9ctrico, \u0160koda Enyaq IV. La crono de Muros, tendr\u00e1 coche el\u00e9ctrico.","og_url":"https:\/\/www.welovecycling.com\/es\/2020\/11\/03\/la-vuelta-skoda-enyaq\/","og_site_name":"\u0160koda We Love Cycling - Spain","article_published_time":"2020-11-03T12:48:02+00:00","og_image":[{"width":1299,"height":862,"url":"https:\/\/d2p6e6u75xmxt8.cloudfront.net\/6\/2020\/11\/Enyaq-La-Vuelta.jpg","type":"image\/jpeg"}],"author":"We Love Cycling Spain","twitter_card":"summary_large_image","twitter_title":"Por primera vez en La Vuelta, el coche del director ser\u00e1 el\u00e9ctrico, \u0160koda Enyaq IV","twitter_description":"Por primera vez en La Vuelta, el coche del director ser\u00e1 el\u00e9ctrico, \u0160koda Enyaq IV. La crono de Muros, tendr\u00e1 coche el\u00e9ctrico.","twitter_misc":{"Written by":"We Love Cycling Spain","Est. reading time":"2 minutes"},"schema":{"@context":"https:\/\/schema.org","@graph":[{"@type":"WebPage","@id":"https:\/\/www.welovecycling.com\/es\/2020\/11\/03\/la-vuelta-skoda-enyaq\/","url":"https:\/\/www.welovecycling.com\/es\/2020\/11\/03\/la-vuelta-skoda-enyaq\/","name":"Por primera vez en La Vuelta, el coche del director ser\u00e1 el\u00e9ctrico, \u0160koda Enyaq IV - \u0160koda We Love Cycling - Spain","isPartOf":{"@id":"https:\/\/www.welovecycling.com\/es\/#website"},"primaryImageOfPage":{"@id":"https:\/\/www.welovecycling.com\/es\/2020\/11\/03\/la-vuelta-skoda-enyaq\/#primaryimage"},"image":{"@id":"https:\/\/www.welovecycling.com\/es\/2020\/11\/03\/la-vuelta-skoda-enyaq\/#primaryimage"},"thumbnailUrl":"https:\/\/d2p6e6u75xmxt8.cloudfront.net\/6\/2020\/11\/Enyaq-La-Vuelta.jpg","datePublished":"2020-11-03T12:48:02+00:00","author":{"@id":"https:\/\/www.welovecycling.com\/es\/#\/schema\/person\/deb61715b5812698ee79fb96f343ccd4"},"description":"Por primera vez en La Vuelta, el coche del director ser\u00e1 el\u00e9ctrico, \u0160koda Enyaq IV. La crono de Muros, tendr\u00e1 coche el\u00e9ctrico.","breadcrumb":{"@id":"https:\/\/www.welovecycling.com\/es\/2020\/11\/03\/la-vuelta-skoda-enyaq\/#breadcrumb"},"inLanguage":"es-ES","potentialAction":[{"@type":"ReadAction","target":["https:\/\/www.welovecycling.com\/es\/2020\/11\/03\/la-vuelta-skoda-enyaq\/"]}]},{"@type":"ImageObject","inLanguage":"es-ES","@id":"https:\/\/www.welovecycling.com\/es\/2020\/11\/03\/la-vuelta-skoda-enyaq\/#primaryimage","url":"https:\/\/d2p6e6u75xmxt8.cloudfront.net\/6\/2020\/11\/Enyaq-La-Vuelta.jpg","contentUrl":"https:\/\/d2p6e6u75xmxt8.cloudfront.net\/6\/2020\/11\/Enyaq-La-Vuelta.jpg","width":1299,"height":862},{"@type":"BreadcrumbList","@id":"https:\/\/www.welovecycling.com\/es\/2020\/11\/03\/la-vuelta-skoda-enyaq\/#breadcrumb","itemListElement":[{"@type":"ListItem","position":1,"name":"Home","item":"https:\/\/www.welovecycling.com\/es\/"},{"@type":"ListItem","position":2,"name":"Por primera vez en La Vuelta, el coche del director ser\u00e1 el\u00e9ctrico, \u0160koda Enyaq IV"}]},{"@type":"WebSite","@id":"https:\/\/www.welovecycling.com\/es\/#website","url":"https:\/\/www.welovecycling.com\/es\/","name":"\u0160koda We Love Cycling - Spain","description":"\u0160koda WeLoveCycling Spain","potentialAction":[{"@type":"SearchAction","target":{"@type":"EntryPoint","urlTemplate":"https:\/\/www.welovecycling.com\/es\/?s={search_term_string}"},"query-input":{"@type":"PropertyValueSpecification","valueRequired":true,"valueName":"search_term_string"}}],"inLanguage":"es-ES"},{"@type":"Person","@id":"https:\/\/www.welovecycling.com\/es\/#\/schema\/person\/deb61715b5812698ee79fb96f343ccd4","name":"We Love Cycling Spain","image":{"@type":"ImageObject","inLanguage":"es-ES","@id":"https:\/\/www.welovecycling.com\/es\/#\/schema\/person\/image\/","url":"https:\/\/secure.gravatar.com\/avatar\/c824b04e6df0e37a03219d0b6481672889df542894588964102459e46513159c?s=96&d=mm&r=g","contentUrl":"https:\/\/secure.gravatar.com\/avatar\/c824b04e6df0e37a03219d0b6481672889df542894588964102459e46513159c?s=96&d=mm&r=g","caption":"We Love Cycling Spain"},"url":"https:\/\/www.welovecycling.com\/es\/author\/amunoz\/"}]}},"_links":{"self":[{"href":"https:\/\/www.welovecycling.com\/es\/wp-json\/wp\/v2\/posts\/6839","targetHints":{"allow":["GET"]}}],"collection":[{"href":"https:\/\/www.welovecycling.com\/es\/wp-json\/wp\/v2\/posts"}],"about":[{"href":"https:\/\/www.welovecycling.com\/es\/wp-json\/wp\/v2\/types\/post"}],"author":[{"embeddable":true,"href":"https:\/\/www.welovecycling.com\/es\/wp-json\/wp\/v2\/users\/29"}],"replies":[{"embeddable":true,"href":"https:\/\/www.welovecycling.com\/es\/wp-json\/wp\/v2\/comments?post=6839"}],"version-history":[{"count":1,"href":"https:\/\/www.welovecycling.com\/es\/wp-json\/wp\/v2\/posts\/6839\/revisions"}],"predecessor-version":[{"id":6841,"href":"https:\/\/www.welovecycling.com\/es\/wp-json\/wp\/v2\/posts\/6839\/revisions\/6841"}],"wp:featuredmedia":[{"embeddable":true,"href":"https:\/\/www.welovecycling.com\/es\/wp-json\/wp\/v2\/media\/6840"}],"wp:attachment":[{"href":"https:\/\/www.welovecycling.com\/es\/wp-json\/wp\/v2\/media?parent=6839"}],"wp:term":[{"taxonomy":"category","embeddable":true,"href":"https:\/\/www.welovecycling.com\/es\/wp-json\/wp\/v2\/categories?post=6839"},{"taxonomy":"post_tag","embeddable":true,"href":"https:\/\/www.welovecycling.com\/es\/wp-json\/wp\/v2\/tags?post=6839"},{"taxonomy":"global-categories","embeddable":true,"href":"https:\/\/www.welovecycling.com\/es\/wp-json\/wp\/v2\/global-categories?post=6839"}],"curies":[{"name":"wp","href":"https:\/\/api.w.org\/{rel}","templated":true}]}}