{"id":6812,"date":"2020-10-28T20:11:38","date_gmt":"2020-10-28T18:11:38","guid":{"rendered":"https:\/\/www.welovecycling.com\/es\/?p=6812"},"modified":"2020-10-28T20:12:06","modified_gmt":"2020-10-28T18:12:06","slug":"por-que-el-maillot-verde-de-la-vuelta-suele-ser-para-un-escalador","status":"publish","type":"post","link":"https:\/\/www.welovecycling.com\/es\/2020\/10\/28\/por-que-el-maillot-verde-de-la-vuelta-suele-ser-para-un-escalador\/","title":{"rendered":"\u00bfPor qu\u00e9 el maillot verde de La Vuelta suele ganarlo para un escalador?"},"content":{"rendered":"<p><strong>Los \u00faltimos ganadores de maillot verde \u0160koda de La Vuelta, el de los puntos, son escaladores. Froome, Valverde o Roglic. En cambio, los \u00faltimos ganadores del maillot verde \u0160koda del Tour siempre son velocistas, Sagan, Bennett o Matthews. Y esto por qu\u00e9 sucede, pues te lo vamos a explicar aqu\u00ed abajo.<\/strong><\/p>\n<p><!--more--><\/p>\n<p>Pese a que La Vuelta y el Tour de Francia est\u00e1n dirigidas por el mismo organizador (A.S.O.), los<strong> sistemas que utilizan para otorgar puntos para el maillot verde de la regularidad son muy diferente en ambas competicione<\/strong>s. La formula escogida para la carrera francesa es m\u00e1s compleja y se ha ido modificando en las \u00faltimas temporadas.<\/p>\n<p>El <strong>Tour<\/strong> tiene un sistema de puntuaci\u00f3n mixto, en el que <strong>no todas las etapas otorgan los mismos puntos<\/strong>. Las jornadas a priori con m\u00e1s opciones para que se llegue al sprint dan m\u00e1s puntos a los primeros clasificados que las etapas de media monta\u00f1a y est\u00e1s, a su vez, m\u00e1s que las de alta monta\u00f1a. <strong>As\u00ed que cuanta m\u00e1s monta\u00f1a tenga la etapa, menos puntos para el maillot verde en la l\u00ednea de meta<\/strong>.<\/p>\n<figure style=\"width: 1000px\" class=\"wp-caption alignnone\"><img loading=\"lazy\" decoding=\"async\" class=\"size-extra-large\" src=\"https:\/\/img.aso.fr\/core_app\/img-cycling-vue-jpg\/lavuelta20-charlylopez-et1-31\/7856\/0:0,1000:666-1000-0-70\/ad040\" width=\"1000\" height=\"666\" \/><figcaption class=\"wp-caption-text\">Foto. La Vuelta<\/figcaption><\/figure>\n<p>La otra forma de conseguir puntos y llegan a otorgar hasta 20, son los sprints intermedios de cada etapa, que el Tour sol\u00eda poner en un lugar estrat\u00e9gico para animar la carrera y que los equipos de los velocistas se pudiesen mover para sumar puntos. As\u00ed el pasado Tour nos dej\u00f3 una bonita batalla entre el<strong> Bora de Peter Sagan y el Deceuninck de Sam Bennett<\/strong> por ver qui\u00e9n se vest\u00eda de verde <strong>\u0160koda<\/strong> en Par\u00eds<strong>.<\/strong><\/p>\n<h3><strong>LOS PUNTOS EN LA VUELTA<\/strong><\/h3>\n<p>En la <strong>Vuelta el sistema de puntuaci\u00f3n en los \u00faltimos a\u00f1os es mucho m\u00e1s sencillo. Todas las etapas est\u00e1n valoradas igual<\/strong>.\u00a0 Sumas los mismos puntos si ganas en La Farrapona o el Angliru que si lo haces en cualquier otra.\u00a0 Desde 25 para el vencedor a 1 para el puesto 15\u00ba. En la carrera espa\u00f1ola, adem\u00e1s, los sprints intermedios (2 en cada etapa) no tienen tanto valor, solo dan de 4 a 1 punto para los tres primeros.<\/p>\n<p>Si a este sistema de puntaci\u00f3n le unes que <strong>La Vuelta dise\u00f1a recorridos con m\u00e1s etapas con final en alto que el Tour<\/strong> (en esta edici\u00f3n hasta 7), el resultado es que los velocistas poco tienen que hacer frente a los corredores de la general.<\/p>\n<figure style=\"width: 1000px\" class=\"wp-caption alignnone\"><img loading=\"lazy\" decoding=\"async\" src=\"https:\/\/img.aso.fr\/core_app\/img-cycling-vue-jpg\/lavuelta20-charlylopez-et2-seleccion-11\/7938\/0:0,1000:666-1000-0-70\/203af\" alt=\"\" width=\"1000\" height=\"666\" \/><figcaption class=\"wp-caption-text\">Foto. La Vuelta<\/figcaption><\/figure>\n<p>Por esa raz\u00f3n en las primeras etapas de esta Vuelta 2020 el maillot verde de los puntos se lo han ido rotando <strong>Richard Carapaz, Dan Martin y Primoz Roglic<\/strong>. Sam Bennett, que lo gan\u00f3 en el pasado Tour, est\u00e1 en el puesto 19 a m\u00e1s de 75 puntos del esloveno Roglic.<\/p>\n<h3><strong>VALVERDE, KELLY, JALABERT&#8230; Y EL CASO DEL &#8216;CHAVA&#8217; JIM\u00c9NEZ<\/strong><\/h3>\n<p>En la carrera espa\u00f1ola no viste el maillot verde un velocista en Madrid desde <strong>John Degenkolb<\/strong> en 2014, aquel a\u00f1o gan\u00f3 hasta cuatro etapas y por contra en 2016 el todoterreno italiano <strong>Fabio Felline<\/strong> consigui\u00f3 el maillot de la regularidad sin vencer ninguna jornada parcial. En los \u00faltimos a\u00f1os el r\u00e9cord lo tiene <strong>Alejandro Valverde<\/strong>, con cuatro &#8216;verdes&#8217; (2012, 13, 15 y 18) y con \u00e9l igual\u00f3 a los otros dos recordman <strong>Sean Kelly y Laurent Jalabert.<\/strong> Los tres, ciclistas de lo m\u00e1s vers\u00e1til y aptos para todos los terrenos y con una clasificaci\u00f3n general de La Vuelta en su haber.<\/p>\n<p>Aunque seguramente el ganador m\u00e1s extra\u00f1o del maillot de la regularidad fue el <strong>Chava Jim\u00e9nez<\/strong> en 2001. Entonces el de los puntos era azul y el de la monta\u00f1a verde. Pues el abulense, que nunca fue el ciclista m\u00e1s regular, se llev\u00f3 ambos. Fue la edici\u00f3n en la que se olvid\u00f3 de la general y se centr\u00f3 en ganar etapas. Se llev\u00f3 tres, dos de monta\u00f1a, con final en Pal y en la Cruz de La Demanda, y la cronoescalada (tampoco era su especialidad) a Ordino.<\/p>\n<p><a href=\"https:\/\/d2p6e6u75xmxt8.cloudfront.net\/6\/2020\/10\/la-vuelta-2018-8.JPG.jpg\"><img loading=\"lazy\" decoding=\"async\" class=\"aligncenter size-full wp-image-6816\" src=\"https:\/\/d2p6e6u75xmxt8.cloudfront.net\/6\/2020\/10\/la-vuelta-2018-8.JPG.jpg\" alt=\"\" width=\"1024\" height=\"678\" srcset=\"https:\/\/d2p6e6u75xmxt8.cloudfront.net\/6\/2020\/10\/la-vuelta-2018-8.JPG.jpg 1024w, https:\/\/d2p6e6u75xmxt8.cloudfront.net\/6\/2020\/10\/la-vuelta-2018-8.JPG-300x199.jpg 300w, https:\/\/d2p6e6u75xmxt8.cloudfront.net\/6\/2020\/10\/la-vuelta-2018-8.JPG-768x509.jpg 768w\" sizes=\"auto, (max-width: 1024px) 100vw, 1024px\" \/><\/a><strong><br \/>\n<\/strong><\/p>\n","protected":false},"excerpt":{"rendered":"<p>Los \u00faltimos ganadores de maillot verde \u0160koda de La Vuelta, el de los puntos, son escaladores. Froome, Valverde o Roglic. [&hellip;]<\/p>\n","protected":false},"author":29,"featured_media":6815,"comment_status":"open","ping_status":"open","sticky":false,"template":"","format":"standard","meta":{"footnotes":""},"categories":[7],"tags":[1864,1863,1861,1862,1860,1865],"global-categories":[1164],"class_list":["post-6812","post","type-post","status-publish","format-standard","has-post-thumbnail","hentry","category-carretera","tag-clasificacion-puntos-la-vuelta","tag-maillot-puntos-la-vuelta","tag-maillot-regularidad-la-vuelta","tag-maillot-skoda-la-vuelta","tag-maillot-verde-la-vuelta","tag-puntos-regularidad-la-vuelta","global-categories-cycling"],"yoast_head":"<!-- This site is optimized with the Yoast SEO Premium plugin v25.3 (Yoast SEO v25.9) - https:\/\/yoast.com\/wordpress\/plugins\/seo\/ -->\n<title>\u00bfPor qu\u00e9 el maillot verde de La Vuelta suele ganarlo para un escalador? - \u0160koda We Love Cycling - Spain<\/title>\n<meta name=\"description\" content=\"\u00bfPor qu\u00e9 el maillot verde de La Vuelta suele ser para un escalador? As\u00ed se otorgan los puntos de maillot Skoda de La Vuelta.\" \/>\n<meta name=\"robots\" content=\"index, follow, max-snippet:-1, max-image-preview:large, max-video-preview:-1\" \/>\n<link rel=\"canonical\" href=\"https:\/\/www.welovecycling.com\/es\/2020\/10\/28\/por-que-el-maillot-verde-de-la-vuelta-suele-ser-para-un-escalador\/\" \/>\n<meta property=\"og:locale\" content=\"es_ES\" \/>\n<meta property=\"og:type\" content=\"article\" \/>\n<meta property=\"og:title\" content=\"\u00bfPor qu\u00e9 el maillot verde de La Vuelta suele ser para un escalador?\" \/>\n<meta property=\"og:description\" content=\"\u00bfPor qu\u00e9 el maillot verde de La Vuelta suele ser para un escalador? As\u00ed se otorgan los puntos de maillot Skoda de La Vuelta.\" \/>\n<meta property=\"og:url\" content=\"https:\/\/www.welovecycling.com\/es\/2020\/10\/28\/por-que-el-maillot-verde-de-la-vuelta-suele-ser-para-un-escalador\/\" \/>\n<meta property=\"og:site_name\" content=\"\u0160koda We Love Cycling - Spain\" \/>\n<meta property=\"article:published_time\" content=\"2020-10-28T18:11:38+00:00\" \/>\n<meta property=\"article:modified_time\" content=\"2020-10-28T18:12:06+00:00\" \/>\n<meta property=\"og:image\" content=\"https:\/\/d2p6e6u75xmxt8.cloudfront.net\/6\/2020\/10\/Roglic-Verde-e1603908050975.png\" \/>\n\t<meta property=\"og:image:width\" content=\"1600\" \/>\n\t<meta property=\"og:image:height\" content=\"1062\" \/>\n\t<meta property=\"og:image:type\" content=\"image\/png\" \/>\n<meta name=\"author\" content=\"We Love Cycling Spain\" \/>\n<meta name=\"twitter:card\" content=\"summary_large_image\" \/>\n<meta name=\"twitter:title\" content=\"\u00bfPor qu\u00e9 el maillot verde de La Vuelta suele ser para un escalador?\" \/>\n<meta name=\"twitter:description\" content=\"\u00bfPor qu\u00e9 el maillot verde de La Vuelta suele ser para un escalador? As\u00ed se otorgan los puntos de maillot Skoda de La Vuelta.\" \/>\n<meta name=\"twitter:label1\" content=\"Written by\" \/>\n\t<meta name=\"twitter:data1\" content=\"Luis Ortega @ciclored\" \/>\n\t<meta name=\"twitter:label2\" content=\"Est. reading time\" \/>\n\t<meta name=\"twitter:data2\" content=\"3 minutes\" \/>\n<script type=\"application\/ld+json\" class=\"yoast-schema-graph\">{\"@context\":\"https:\/\/schema.org\",\"@graph\":[{\"@type\":\"WebPage\",\"@id\":\"https:\/\/www.welovecycling.com\/es\/2020\/10\/28\/por-que-el-maillot-verde-de-la-vuelta-suele-ser-para-un-escalador\/\",\"url\":\"https:\/\/www.welovecycling.com\/es\/2020\/10\/28\/por-que-el-maillot-verde-de-la-vuelta-suele-ser-para-un-escalador\/\",\"name\":\"\u00bfPor qu\u00e9 el maillot verde de La Vuelta suele ganarlo para un escalador? - \u0160koda We Love Cycling - Spain\",\"isPartOf\":{\"@id\":\"https:\/\/www.welovecycling.com\/es\/#website\"},\"primaryImageOfPage\":{\"@id\":\"https:\/\/www.welovecycling.com\/es\/2020\/10\/28\/por-que-el-maillot-verde-de-la-vuelta-suele-ser-para-un-escalador\/#primaryimage\"},\"image\":{\"@id\":\"https:\/\/www.welovecycling.com\/es\/2020\/10\/28\/por-que-el-maillot-verde-de-la-vuelta-suele-ser-para-un-escalador\/#primaryimage\"},\"thumbnailUrl\":\"https:\/\/d2p6e6u75xmxt8.cloudfront.net\/6\/2020\/10\/Roglic-Verde-e1603908050975.png\",\"datePublished\":\"2020-10-28T18:11:38+00:00\",\"dateModified\":\"2020-10-28T18:12:06+00:00\",\"author\":{\"@id\":\"https:\/\/www.welovecycling.com\/es\/#\/schema\/person\/deb61715b5812698ee79fb96f343ccd4\"},\"description\":\"\u00bfPor qu\u00e9 el maillot verde de La Vuelta suele ser para un escalador? As\u00ed se otorgan los puntos de maillot Skoda de La Vuelta.\",\"breadcrumb\":{\"@id\":\"https:\/\/www.welovecycling.com\/es\/2020\/10\/28\/por-que-el-maillot-verde-de-la-vuelta-suele-ser-para-un-escalador\/#breadcrumb\"},\"inLanguage\":\"es-ES\",\"potentialAction\":[{\"@type\":\"ReadAction\",\"target\":[\"https:\/\/www.welovecycling.com\/es\/2020\/10\/28\/por-que-el-maillot-verde-de-la-vuelta-suele-ser-para-un-escalador\/\"]}]},{\"@type\":\"ImageObject\",\"inLanguage\":\"es-ES\",\"@id\":\"https:\/\/www.welovecycling.com\/es\/2020\/10\/28\/por-que-el-maillot-verde-de-la-vuelta-suele-ser-para-un-escalador\/#primaryimage\",\"url\":\"https:\/\/d2p6e6u75xmxt8.cloudfront.net\/6\/2020\/10\/Roglic-Verde-e1603908050975.png\",\"contentUrl\":\"https:\/\/d2p6e6u75xmxt8.cloudfront.net\/6\/2020\/10\/Roglic-Verde-e1603908050975.png\",\"width\":1600,\"height\":1062},{\"@type\":\"BreadcrumbList\",\"@id\":\"https:\/\/www.welovecycling.com\/es\/2020\/10\/28\/por-que-el-maillot-verde-de-la-vuelta-suele-ser-para-un-escalador\/#breadcrumb\",\"itemListElement\":[{\"@type\":\"ListItem\",\"position\":1,\"name\":\"Home\",\"item\":\"https:\/\/www.welovecycling.com\/es\/\"},{\"@type\":\"ListItem\",\"position\":2,\"name\":\"\u00bfPor qu\u00e9 el maillot verde de La Vuelta suele ganarlo para un escalador?\"}]},{\"@type\":\"WebSite\",\"@id\":\"https:\/\/www.welovecycling.com\/es\/#website\",\"url\":\"https:\/\/www.welovecycling.com\/es\/\",\"name\":\"\u0160koda We Love Cycling - Spain\",\"description\":\"\u0160koda WeLoveCycling Spain\",\"potentialAction\":[{\"@type\":\"SearchAction\",\"target\":{\"@type\":\"EntryPoint\",\"urlTemplate\":\"https:\/\/www.welovecycling.com\/es\/?s={search_term_string}\"},\"query-input\":{\"@type\":\"PropertyValueSpecification\",\"valueRequired\":true,\"valueName\":\"search_term_string\"}}],\"inLanguage\":\"es-ES\"},{\"@type\":\"Person\",\"@id\":\"https:\/\/www.welovecycling.com\/es\/#\/schema\/person\/deb61715b5812698ee79fb96f343ccd4\",\"name\":\"We Love Cycling Spain\",\"image\":{\"@type\":\"ImageObject\",\"inLanguage\":\"es-ES\",\"@id\":\"https:\/\/www.welovecycling.com\/es\/#\/schema\/person\/image\/\",\"url\":\"https:\/\/secure.gravatar.com\/avatar\/c824b04e6df0e37a03219d0b6481672889df542894588964102459e46513159c?s=96&d=mm&r=g\",\"contentUrl\":\"https:\/\/secure.gravatar.com\/avatar\/c824b04e6df0e37a03219d0b6481672889df542894588964102459e46513159c?s=96&d=mm&r=g\",\"caption\":\"We Love Cycling Spain\"},\"url\":\"https:\/\/www.welovecycling.com\/es\/author\/amunoz\/\"}]}<\/script>\n<!-- \/ Yoast SEO Premium plugin. -->","yoast_head_json":{"title":"\u00bfPor qu\u00e9 el maillot verde de La Vuelta suele ganarlo para un escalador? - \u0160koda We Love Cycling - Spain","description":"\u00bfPor qu\u00e9 el maillot verde de La Vuelta suele ser para un escalador? As\u00ed se otorgan los puntos de maillot Skoda de La Vuelta.","robots":{"index":"index","follow":"follow","max-snippet":"max-snippet:-1","max-image-preview":"max-image-preview:large","max-video-preview":"max-video-preview:-1"},"canonical":"https:\/\/www.welovecycling.com\/es\/2020\/10\/28\/por-que-el-maillot-verde-de-la-vuelta-suele-ser-para-un-escalador\/","og_locale":"es_ES","og_type":"article","og_title":"\u00bfPor qu\u00e9 el maillot verde de La Vuelta suele ser para un escalador?","og_description":"\u00bfPor qu\u00e9 el maillot verde de La Vuelta suele ser para un escalador? As\u00ed se otorgan los puntos de maillot Skoda de La Vuelta.","og_url":"https:\/\/www.welovecycling.com\/es\/2020\/10\/28\/por-que-el-maillot-verde-de-la-vuelta-suele-ser-para-un-escalador\/","og_site_name":"\u0160koda We Love Cycling - Spain","article_published_time":"2020-10-28T18:11:38+00:00","article_modified_time":"2020-10-28T18:12:06+00:00","og_image":[{"width":1600,"height":1062,"url":"https:\/\/d2p6e6u75xmxt8.cloudfront.net\/6\/2020\/10\/Roglic-Verde-e1603908050975.png","type":"image\/png"}],"author":"We Love Cycling Spain","twitter_card":"summary_large_image","twitter_title":"\u00bfPor qu\u00e9 el maillot verde de La Vuelta suele ser para un escalador?","twitter_description":"\u00bfPor qu\u00e9 el maillot verde de La Vuelta suele ser para un escalador? As\u00ed se otorgan los puntos de maillot Skoda de La Vuelta.","twitter_misc":{"Written by":"Luis Ortega @ciclored","Est. reading time":"3 minutes"},"schema":{"@context":"https:\/\/schema.org","@graph":[{"@type":"WebPage","@id":"https:\/\/www.welovecycling.com\/es\/2020\/10\/28\/por-que-el-maillot-verde-de-la-vuelta-suele-ser-para-un-escalador\/","url":"https:\/\/www.welovecycling.com\/es\/2020\/10\/28\/por-que-el-maillot-verde-de-la-vuelta-suele-ser-para-un-escalador\/","name":"\u00bfPor qu\u00e9 el maillot verde de La Vuelta suele ganarlo para un escalador? - \u0160koda We Love Cycling - Spain","isPartOf":{"@id":"https:\/\/www.welovecycling.com\/es\/#website"},"primaryImageOfPage":{"@id":"https:\/\/www.welovecycling.com\/es\/2020\/10\/28\/por-que-el-maillot-verde-de-la-vuelta-suele-ser-para-un-escalador\/#primaryimage"},"image":{"@id":"https:\/\/www.welovecycling.com\/es\/2020\/10\/28\/por-que-el-maillot-verde-de-la-vuelta-suele-ser-para-un-escalador\/#primaryimage"},"thumbnailUrl":"https:\/\/d2p6e6u75xmxt8.cloudfront.net\/6\/2020\/10\/Roglic-Verde-e1603908050975.png","datePublished":"2020-10-28T18:11:38+00:00","dateModified":"2020-10-28T18:12:06+00:00","author":{"@id":"https:\/\/www.welovecycling.com\/es\/#\/schema\/person\/deb61715b5812698ee79fb96f343ccd4"},"description":"\u00bfPor qu\u00e9 el maillot verde de La Vuelta suele ser para un escalador? As\u00ed se otorgan los puntos de maillot Skoda de La Vuelta.","breadcrumb":{"@id":"https:\/\/www.welovecycling.com\/es\/2020\/10\/28\/por-que-el-maillot-verde-de-la-vuelta-suele-ser-para-un-escalador\/#breadcrumb"},"inLanguage":"es-ES","potentialAction":[{"@type":"ReadAction","target":["https:\/\/www.welovecycling.com\/es\/2020\/10\/28\/por-que-el-maillot-verde-de-la-vuelta-suele-ser-para-un-escalador\/"]}]},{"@type":"ImageObject","inLanguage":"es-ES","@id":"https:\/\/www.welovecycling.com\/es\/2020\/10\/28\/por-que-el-maillot-verde-de-la-vuelta-suele-ser-para-un-escalador\/#primaryimage","url":"https:\/\/d2p6e6u75xmxt8.cloudfront.net\/6\/2020\/10\/Roglic-Verde-e1603908050975.png","contentUrl":"https:\/\/d2p6e6u75xmxt8.cloudfront.net\/6\/2020\/10\/Roglic-Verde-e1603908050975.png","width":1600,"height":1062},{"@type":"BreadcrumbList","@id":"https:\/\/www.welovecycling.com\/es\/2020\/10\/28\/por-que-el-maillot-verde-de-la-vuelta-suele-ser-para-un-escalador\/#breadcrumb","itemListElement":[{"@type":"ListItem","position":1,"name":"Home","item":"https:\/\/www.welovecycling.com\/es\/"},{"@type":"ListItem","position":2,"name":"\u00bfPor qu\u00e9 el maillot verde de La Vuelta suele ganarlo para un escalador?"}]},{"@type":"WebSite","@id":"https:\/\/www.welovecycling.com\/es\/#website","url":"https:\/\/www.welovecycling.com\/es\/","name":"\u0160koda We Love Cycling - Spain","description":"\u0160koda WeLoveCycling Spain","potentialAction":[{"@type":"SearchAction","target":{"@type":"EntryPoint","urlTemplate":"https:\/\/www.welovecycling.com\/es\/?s={search_term_string}"},"query-input":{"@type":"PropertyValueSpecification","valueRequired":true,"valueName":"search_term_string"}}],"inLanguage":"es-ES"},{"@type":"Person","@id":"https:\/\/www.welovecycling.com\/es\/#\/schema\/person\/deb61715b5812698ee79fb96f343ccd4","name":"We Love Cycling Spain","image":{"@type":"ImageObject","inLanguage":"es-ES","@id":"https:\/\/www.welovecycling.com\/es\/#\/schema\/person\/image\/","url":"https:\/\/secure.gravatar.com\/avatar\/c824b04e6df0e37a03219d0b6481672889df542894588964102459e46513159c?s=96&d=mm&r=g","contentUrl":"https:\/\/secure.gravatar.com\/avatar\/c824b04e6df0e37a03219d0b6481672889df542894588964102459e46513159c?s=96&d=mm&r=g","caption":"We Love Cycling Spain"},"url":"https:\/\/www.welovecycling.com\/es\/author\/amunoz\/"}]}},"_links":{"self":[{"href":"https:\/\/www.welovecycling.com\/es\/wp-json\/wp\/v2\/posts\/6812","targetHints":{"allow":["GET"]}}],"collection":[{"href":"https:\/\/www.welovecycling.com\/es\/wp-json\/wp\/v2\/posts"}],"about":[{"href":"https:\/\/www.welovecycling.com\/es\/wp-json\/wp\/v2\/types\/post"}],"author":[{"embeddable":true,"href":"https:\/\/www.welovecycling.com\/es\/wp-json\/wp\/v2\/users\/29"}],"replies":[{"embeddable":true,"href":"https:\/\/www.welovecycling.com\/es\/wp-json\/wp\/v2\/comments?post=6812"}],"version-history":[{"count":2,"href":"https:\/\/www.welovecycling.com\/es\/wp-json\/wp\/v2\/posts\/6812\/revisions"}],"predecessor-version":[{"id":6818,"href":"https:\/\/www.welovecycling.com\/es\/wp-json\/wp\/v2\/posts\/6812\/revisions\/6818"}],"wp:featuredmedia":[{"embeddable":true,"href":"https:\/\/www.welovecycling.com\/es\/wp-json\/wp\/v2\/media\/6815"}],"wp:attachment":[{"href":"https:\/\/www.welovecycling.com\/es\/wp-json\/wp\/v2\/media?parent=6812"}],"wp:term":[{"taxonomy":"category","embeddable":true,"href":"https:\/\/www.welovecycling.com\/es\/wp-json\/wp\/v2\/categories?post=6812"},{"taxonomy":"post_tag","embeddable":true,"href":"https:\/\/www.welovecycling.com\/es\/wp-json\/wp\/v2\/tags?post=6812"},{"taxonomy":"global-categories","embeddable":true,"href":"https:\/\/www.welovecycling.com\/es\/wp-json\/wp\/v2\/global-categories?post=6812"}],"curies":[{"name":"wp","href":"https:\/\/api.w.org\/{rel}","templated":true}]}}