{"id":6806,"date":"2020-10-30T16:41:04","date_gmt":"2020-10-30T14:41:04","guid":{"rendered":"https:\/\/www.welovecycling.com\/es\/?p=6806"},"modified":"2020-10-30T16:41:04","modified_gmt":"2020-10-30T14:41:04","slug":"desarrollo-subir-angliru-profesionales","status":"publish","type":"post","link":"https:\/\/www.welovecycling.com\/es\/2020\/10\/30\/desarrollo-subir-angliru-profesionales\/","title":{"rendered":"\u00bfCon qu\u00e9 desarrollo sube el Angliru los profesionales? El pelot\u00f3n nos responde"},"content":{"rendered":"<p><strong>\u00bfQu\u00e9 desarrollo hace falta para subir el Angliru? \u00bfQu\u00e9 es lo que montan los profesionales para una etapa tan dura? \u00bfHabr\u00e1 mucha diferencia con el desarrollo elegido en la etapa de La Farrapona? Pues si, yo tambi\u00e9n me he hecho muchas veces esa pregunta. As\u00ed que para resolverla hice lo m\u00e1s sencillo, preguntar al pelot\u00f3n de La Vuelta 2020 y que nos respondiera en este v\u00eddeo.<\/strong><\/p>\n<p><!--more--><\/p>\n<p>La idea inicial era comparar el desarrollo que pueden llevar los profesionales en un d\u00eda de monta\u00f1a, pero con un final extremo y de rampas de hasta el 20% como el del Angliru, con otro d\u00eda muy duro y con muchos metros desnivel acumulado, pero sin rampas exageradas, como el del Tourmalet. Una parte de los encuestados, <strong>Carlos Verona, Juanpe L\u00f3pez, Mikel Nieve o Gonzalo Serrano<\/strong> nos resolvieron esta duda, dos d\u00edas despu\u00e9s, y con el Tourmalet cancelado,<strong> Omar Fraile, Luis Angel Mat\u00e9, \u00d3scar Cabedo o H\u00e9ctor Saez<\/strong> compararon d\u00eda del Angliru con la etapa anterior, la que acaba en La Farrapona con San Lorenzo y Cobertoria de por medio.<\/p>\n<lite-youtube videoid=TzRzPRgeVv8 params=\"enablejsapi=1\" style=\"background-image: url('https:\/\/i.ytimg.com\/vi_webp\/TzRzPRgeVv8\/maxresdefault.webp');\"><\/lite-youtube>\n<p>Las diferencias entre ambas etapas, pese a ser muy duras las dos, son notables. Para empezar, <strong>el <a href=\"https:\/\/www.lavuelta.es\/es\/etapa-11\" target=\"_blank\" rel=\"noopener noreferrer\">s\u00e1bado 31 de octubre es la etapa m\u00e1s exigente<\/a><\/strong> de La Vuelta y en la que se acumulan m\u00e1s metros de desnivel, 4.864, que sumados a los 170 kil\u00f3metros obligar\u00e1n a los ciclistas a rodar durante casi cinco horas. Se suben 5 puertos, de salida el Alto de La Campa (3\u00aa) que servir\u00e1 para hacer la escapada. Despu\u00e9s tres primeras, <strong>La Colladona<\/strong>, 7 kil\u00f3metros al 6,5%, <strong>La Cobertoria<\/strong>\u00a0desde su vertiente de Pola de Lena, con casi 10 kil\u00f3metros al 9% de media,\u00a0<strong>San Lorenzo<\/strong>\u00a0por la cara de Teverga, con otros 10 kil\u00f3metros de ascensi\u00f3n (los \u00faltimos 5 siempre por encima del 10%) y final en<strong>\u00a0La Farrapona<\/strong>\u00a0con 16 kil\u00f3metros al 6,8%, pero que tiene los cuatro \u00faltimos a m\u00e1s del 10% de media.<\/p>\n<p><img loading=\"lazy\" decoding=\"async\" class=\"alignnone size-extra-large\" src=\"https:\/\/img.aso.fr\/core_app\/img-cycling-vue-jpg\/11\/7097\/0:0,1500:789-960-0-70\/f21d9\" width=\"960\" height=\"505\" \/><\/p>\n<p>Al d\u00eda siguiente, domingo 1 de noviembre, y con el cansancio acumulado de la jornada anterior, se llega al <a href=\"https:\/\/www.lavuelta.es\/es\/etapa-12\" target=\"_blank\" rel=\"noopener noreferrer\"><strong>Angliru<\/strong><\/a>. Ser\u00e1 una jornada mucho m\u00e1s corta, 107 kil\u00f3metros, lo que supone menos horas de esfuerzo. Pese a que se suben 3.000 metros de desnivel, casi la mitad de ellos est\u00e1n concentrados en el Angliru. Para este d\u00eda la mayor\u00eda elegir\u00e1 el m\u00ednimo desarrollo posible, sobre todo para poder tener algo de cadencia en el Infierno. As\u00ed se llama a la parte m\u00e1s dura del coloso asturiano, con <strong>6 kil\u00f3metros a una media del 15,5% y tramos de m\u00e1s de 300 metros por encima del 20%<\/strong>. Aqu\u00ed la bicicleta se queda literalmente parada y solo un desarrollo c\u00f3modo te permite avanzar.<\/p>\n<p><img loading=\"lazy\" decoding=\"async\" class=\"alignnone size-extra-large\" src=\"https:\/\/img.aso.fr\/core_app\/img-cycling-vue-jpg\/12\/7098\/0:0,1500:994-960-0-70\/cfcde\" width=\"960\" height=\"636\" \/><\/p>\n<p>La elecci\u00f3n de qu\u00e9 desarrollo montar no solo va en funci\u00f3n de las preferencias de cada ciclista, sino del margen que les deja cada uno de sus proveedores. No es lo mismo trabajar con <strong>Shimano<\/strong>, el grupo que lleva la mayor\u00eda del pelot\u00f3n, que hacerlo con Campagnolo\u00a0 o con <strong>Sram<\/strong> (Team Movistar y Trek Segafredo). Los \u00faltimos son los m\u00e1s innovadores y dejan opciones casi hasta donde quiera llegar la imaginaci\u00f3n del ciclista. Lo que nos han dejado claro es que ya se acab\u00f3 la \u00e9poca de dar chepazos e ir atrancado, ahora est\u00e1 de moda mantener la m\u00e1xima cadencia posible.<\/p>\n<h2><strong>Hablan los ciclistas<\/strong><\/h2>\n<p><strong>H\u00e9ctor Saez<\/strong> (Caja Rural &#8211; Seguros RGA. De Rosa &#8211; Shimano) nos dijo que jugar\u00eda con el 36&#215;32 para ambos d\u00edas. <strong>\u00d3scar Cabedo<\/strong> (Burgos &#8211; Bh &#8211; Shimano) reconoci\u00f3 que para las etapas normales juegan con el 39&#215;30, pero que para una jornada extrema tambi\u00e9n meter\u00e1 el 36&#215;32. Igual que <strong>Carlos Barbero<\/strong> (Team NTT &#8211; BMC &#8211; Shimano) tambi\u00e9n confiar\u00e1 en el 36&#215;32. <strong>Fernando Barcel\u00f3<\/strong> (Team Cofidis &#8211; De Rosa &#8211; Shimano) que al final no podr\u00e1 estar ning\u00fan d\u00eda se ve\u00eda con el 39&#215;32 para el Tourmalet, pero un plato m\u00e1s peque\u00f1o (36 o 34) para el Angliru.<\/p>\n<p><strong>Carlos Verona<\/strong> (Team Movistar &#8211; Canyon &#8211; Sram) que ya conoc\u00eda el Tourmalet se ve\u00eda con un 39&#215;30 y para el coloso asturiano un 37&#215;33.<strong> Juanpe L\u00f3pez<\/strong> (Trek -Sram), que debuta en una grande, todav\u00eda no lo ten\u00eda demasiado claro, pero seguramente usar\u00eda un 39&#215;33 para el d\u00eda de la Farrapona y un 35&#215;33 para el Angliru. <strong>Fran Ventoso<\/strong> (CCC &#8211; Giant. Shimano), con m\u00e1s de una decena de a\u00f1os como profesional no lo dud\u00f3 ni un instante, lo m\u00e1ximo posible, 34&#215;32.\u00a0 <strong>Omar Fraile<\/strong> (Team Astana &#8211; Wilier &#8211; Shimano) que ya ha ganado en rampas duras como las de Mende, llevar\u00e1 un 39&#215;32 para la etapa del s\u00e1bado y un 36&#215;32 para el domingo. <strong>Gonzalo Serrano<\/strong> (Caja Rural &#8211; Seguros RGA. De Rosa &#8211; Shimano) tambi\u00e9n se queda con el 36&#215;32 para los dos d\u00edas.<\/p>\n<p>Un escalador puro como <strong>Mikel Nieve<\/strong> (Mitchelton Scott &#8211; Shimano) y que tendr\u00e1 opciones de jugar por la victoria de etapa jugaba con el 38&#215;30 para un d\u00eda como Tourmalet o Farrapona y 34&#215;30 para el Angliru. <strong>Luis \u00c1ngel Mat\u00e9<\/strong> (Team Cofidis &#8211; De Rosa &#8211; Shimano)\u00a0 cerr\u00f3 la encuesta apostando por los m\u00e1ximos que hab\u00eda montado, 34&#215;32 o 36&#215;32.<\/p>\n","protected":false},"excerpt":{"rendered":"<p>\u00bfQu\u00e9 desarrollo hace falta para subir el Angliru? \u00bfQu\u00e9 es lo que montan los profesionales para una etapa tan dura? [&hellip;]<\/p>\n","protected":false},"author":29,"featured_media":6820,"comment_status":"open","ping_status":"open","sticky":false,"template":"","format":"standard","meta":{"footnotes":""},"categories":[7],"tags":[1856,1858,1859,86,1857],"global-categories":[1164],"class_list":["post-6806","post","type-post","status-publish","format-standard","has-post-thumbnail","hentry","category-carretera","tag-angliru","tag-desarrollo-profesionales-angliru","tag-desarrollo-profesionales-etapa-de-montana","tag-desarrollos-angliru","tag-plato-pequeno-angliru","global-categories-cycling"],"yoast_head":"<!-- This site is optimized with the Yoast SEO Premium plugin v25.3 (Yoast SEO v25.9) - https:\/\/yoast.com\/wordpress\/plugins\/seo\/ -->\n<title>\u00bfCon qu\u00e9 desarrollo sube el Angliru los profesionales? El pelot\u00f3n nos responde - \u0160koda We Love Cycling - Spain<\/title>\n<meta name=\"description\" content=\"\u00bfCon qu\u00e9 desarrollo sube el Angliru los profesionales? El pelot\u00f3n nos responde. 11 ciclistas nos cuentan su secreto para el Angliru.\" \/>\n<meta name=\"robots\" content=\"index, follow, max-snippet:-1, max-image-preview:large, max-video-preview:-1\" \/>\n<link rel=\"canonical\" href=\"https:\/\/www.welovecycling.com\/es\/2020\/10\/30\/desarrollo-subir-angliru-profesionales\/\" \/>\n<meta property=\"og:locale\" content=\"es_ES\" \/>\n<meta property=\"og:type\" content=\"article\" \/>\n<meta property=\"og:title\" content=\"\u00bfCon qu\u00e9 desarrollo sube el Angliru los profesionales? El pelot\u00f3n nos responde\" \/>\n<meta property=\"og:description\" content=\"\u00bfCon qu\u00e9 desarrollo sube el Angliru los profesionales? El pelot\u00f3n nos responde. 11 ciclistas nos cuentan su secreto para el Angliru.\" \/>\n<meta property=\"og:url\" content=\"https:\/\/www.welovecycling.com\/es\/2020\/10\/30\/desarrollo-subir-angliru-profesionales\/\" \/>\n<meta property=\"og:site_name\" content=\"\u0160koda We Love Cycling - Spain\" \/>\n<meta property=\"article:published_time\" content=\"2020-10-30T14:41:04+00:00\" \/>\n<meta property=\"og:image\" content=\"https:\/\/d2p6e6u75xmxt8.cloudfront.net\/6\/2020\/10\/La-vuelta-Vitoria.jpg\" \/>\n\t<meta property=\"og:image:width\" content=\"1000\" \/>\n\t<meta property=\"og:image:height\" content=\"666\" \/>\n\t<meta property=\"og:image:type\" content=\"image\/jpeg\" \/>\n<meta name=\"author\" content=\"We Love Cycling Spain\" \/>\n<meta name=\"twitter:card\" content=\"summary_large_image\" \/>\n<meta name=\"twitter:title\" content=\"\u00bfCon qu\u00e9 desarrollo sube el Angliru los profesionales? El pelot\u00f3n nos responde\" \/>\n<meta name=\"twitter:description\" content=\"\u00bfCon qu\u00e9 desarrollo sube el Angliru los profesionales? El pelot\u00f3n nos responde. 11 ciclistas nos cuentan su secreto para el Angliru.\" \/>\n<meta name=\"twitter:label1\" content=\"Written by\" \/>\n\t<meta name=\"twitter:data1\" content=\"Luis Ortega @ciclored\" \/>\n\t<meta name=\"twitter:label2\" content=\"Est. reading time\" \/>\n\t<meta name=\"twitter:data2\" content=\"4 minutes\" \/>\n<script type=\"application\/ld+json\" class=\"yoast-schema-graph\">{\"@context\":\"https:\/\/schema.org\",\"@graph\":[{\"@type\":\"WebPage\",\"@id\":\"https:\/\/www.welovecycling.com\/es\/2020\/10\/30\/desarrollo-subir-angliru-profesionales\/\",\"url\":\"https:\/\/www.welovecycling.com\/es\/2020\/10\/30\/desarrollo-subir-angliru-profesionales\/\",\"name\":\"\u00bfCon qu\u00e9 desarrollo sube el Angliru los profesionales? El pelot\u00f3n nos responde - \u0160koda We Love Cycling - Spain\",\"isPartOf\":{\"@id\":\"https:\/\/www.welovecycling.com\/es\/#website\"},\"primaryImageOfPage\":{\"@id\":\"https:\/\/www.welovecycling.com\/es\/2020\/10\/30\/desarrollo-subir-angliru-profesionales\/#primaryimage\"},\"image\":{\"@id\":\"https:\/\/www.welovecycling.com\/es\/2020\/10\/30\/desarrollo-subir-angliru-profesionales\/#primaryimage\"},\"thumbnailUrl\":\"https:\/\/d2p6e6u75xmxt8.cloudfront.net\/6\/2020\/10\/La-vuelta-Vitoria.jpg\",\"datePublished\":\"2020-10-30T14:41:04+00:00\",\"author\":{\"@id\":\"https:\/\/www.welovecycling.com\/es\/#\/schema\/person\/deb61715b5812698ee79fb96f343ccd4\"},\"description\":\"\u00bfCon qu\u00e9 desarrollo sube el Angliru los profesionales? El pelot\u00f3n nos responde. 11 ciclistas nos cuentan su secreto para el Angliru.\",\"breadcrumb\":{\"@id\":\"https:\/\/www.welovecycling.com\/es\/2020\/10\/30\/desarrollo-subir-angliru-profesionales\/#breadcrumb\"},\"inLanguage\":\"es-ES\",\"potentialAction\":[{\"@type\":\"ReadAction\",\"target\":[\"https:\/\/www.welovecycling.com\/es\/2020\/10\/30\/desarrollo-subir-angliru-profesionales\/\"]}]},{\"@type\":\"ImageObject\",\"inLanguage\":\"es-ES\",\"@id\":\"https:\/\/www.welovecycling.com\/es\/2020\/10\/30\/desarrollo-subir-angliru-profesionales\/#primaryimage\",\"url\":\"https:\/\/d2p6e6u75xmxt8.cloudfront.net\/6\/2020\/10\/La-vuelta-Vitoria.jpg\",\"contentUrl\":\"https:\/\/d2p6e6u75xmxt8.cloudfront.net\/6\/2020\/10\/La-vuelta-Vitoria.jpg\",\"width\":1000,\"height\":666},{\"@type\":\"BreadcrumbList\",\"@id\":\"https:\/\/www.welovecycling.com\/es\/2020\/10\/30\/desarrollo-subir-angliru-profesionales\/#breadcrumb\",\"itemListElement\":[{\"@type\":\"ListItem\",\"position\":1,\"name\":\"Home\",\"item\":\"https:\/\/www.welovecycling.com\/es\/\"},{\"@type\":\"ListItem\",\"position\":2,\"name\":\"\u00bfCon qu\u00e9 desarrollo sube el Angliru los profesionales? El pelot\u00f3n nos responde\"}]},{\"@type\":\"WebSite\",\"@id\":\"https:\/\/www.welovecycling.com\/es\/#website\",\"url\":\"https:\/\/www.welovecycling.com\/es\/\",\"name\":\"\u0160koda We Love Cycling - Spain\",\"description\":\"\u0160koda WeLoveCycling Spain\",\"potentialAction\":[{\"@type\":\"SearchAction\",\"target\":{\"@type\":\"EntryPoint\",\"urlTemplate\":\"https:\/\/www.welovecycling.com\/es\/?s={search_term_string}\"},\"query-input\":{\"@type\":\"PropertyValueSpecification\",\"valueRequired\":true,\"valueName\":\"search_term_string\"}}],\"inLanguage\":\"es-ES\"},{\"@type\":\"Person\",\"@id\":\"https:\/\/www.welovecycling.com\/es\/#\/schema\/person\/deb61715b5812698ee79fb96f343ccd4\",\"name\":\"We Love Cycling Spain\",\"image\":{\"@type\":\"ImageObject\",\"inLanguage\":\"es-ES\",\"@id\":\"https:\/\/www.welovecycling.com\/es\/#\/schema\/person\/image\/\",\"url\":\"https:\/\/secure.gravatar.com\/avatar\/c824b04e6df0e37a03219d0b6481672889df542894588964102459e46513159c?s=96&d=mm&r=g\",\"contentUrl\":\"https:\/\/secure.gravatar.com\/avatar\/c824b04e6df0e37a03219d0b6481672889df542894588964102459e46513159c?s=96&d=mm&r=g\",\"caption\":\"We Love Cycling Spain\"},\"url\":\"https:\/\/www.welovecycling.com\/es\/author\/amunoz\/\"}]}<\/script>\n<!-- \/ Yoast SEO Premium plugin. -->","yoast_head_json":{"title":"\u00bfCon qu\u00e9 desarrollo sube el Angliru los profesionales? El pelot\u00f3n nos responde - \u0160koda We Love Cycling - Spain","description":"\u00bfCon qu\u00e9 desarrollo sube el Angliru los profesionales? El pelot\u00f3n nos responde. 11 ciclistas nos cuentan su secreto para el Angliru.","robots":{"index":"index","follow":"follow","max-snippet":"max-snippet:-1","max-image-preview":"max-image-preview:large","max-video-preview":"max-video-preview:-1"},"canonical":"https:\/\/www.welovecycling.com\/es\/2020\/10\/30\/desarrollo-subir-angliru-profesionales\/","og_locale":"es_ES","og_type":"article","og_title":"\u00bfCon qu\u00e9 desarrollo sube el Angliru los profesionales? El pelot\u00f3n nos responde","og_description":"\u00bfCon qu\u00e9 desarrollo sube el Angliru los profesionales? El pelot\u00f3n nos responde. 11 ciclistas nos cuentan su secreto para el Angliru.","og_url":"https:\/\/www.welovecycling.com\/es\/2020\/10\/30\/desarrollo-subir-angliru-profesionales\/","og_site_name":"\u0160koda We Love Cycling - Spain","article_published_time":"2020-10-30T14:41:04+00:00","og_image":[{"width":1000,"height":666,"url":"https:\/\/d2p6e6u75xmxt8.cloudfront.net\/6\/2020\/10\/La-vuelta-Vitoria.jpg","type":"image\/jpeg"}],"author":"We Love Cycling Spain","twitter_card":"summary_large_image","twitter_title":"\u00bfCon qu\u00e9 desarrollo sube el Angliru los profesionales? El pelot\u00f3n nos responde","twitter_description":"\u00bfCon qu\u00e9 desarrollo sube el Angliru los profesionales? El pelot\u00f3n nos responde. 11 ciclistas nos cuentan su secreto para el Angliru.","twitter_misc":{"Written by":"Luis Ortega @ciclored","Est. reading time":"4 minutes"},"schema":{"@context":"https:\/\/schema.org","@graph":[{"@type":"WebPage","@id":"https:\/\/www.welovecycling.com\/es\/2020\/10\/30\/desarrollo-subir-angliru-profesionales\/","url":"https:\/\/www.welovecycling.com\/es\/2020\/10\/30\/desarrollo-subir-angliru-profesionales\/","name":"\u00bfCon qu\u00e9 desarrollo sube el Angliru los profesionales? El pelot\u00f3n nos responde - \u0160koda We Love Cycling - Spain","isPartOf":{"@id":"https:\/\/www.welovecycling.com\/es\/#website"},"primaryImageOfPage":{"@id":"https:\/\/www.welovecycling.com\/es\/2020\/10\/30\/desarrollo-subir-angliru-profesionales\/#primaryimage"},"image":{"@id":"https:\/\/www.welovecycling.com\/es\/2020\/10\/30\/desarrollo-subir-angliru-profesionales\/#primaryimage"},"thumbnailUrl":"https:\/\/d2p6e6u75xmxt8.cloudfront.net\/6\/2020\/10\/La-vuelta-Vitoria.jpg","datePublished":"2020-10-30T14:41:04+00:00","author":{"@id":"https:\/\/www.welovecycling.com\/es\/#\/schema\/person\/deb61715b5812698ee79fb96f343ccd4"},"description":"\u00bfCon qu\u00e9 desarrollo sube el Angliru los profesionales? El pelot\u00f3n nos responde. 11 ciclistas nos cuentan su secreto para el Angliru.","breadcrumb":{"@id":"https:\/\/www.welovecycling.com\/es\/2020\/10\/30\/desarrollo-subir-angliru-profesionales\/#breadcrumb"},"inLanguage":"es-ES","potentialAction":[{"@type":"ReadAction","target":["https:\/\/www.welovecycling.com\/es\/2020\/10\/30\/desarrollo-subir-angliru-profesionales\/"]}]},{"@type":"ImageObject","inLanguage":"es-ES","@id":"https:\/\/www.welovecycling.com\/es\/2020\/10\/30\/desarrollo-subir-angliru-profesionales\/#primaryimage","url":"https:\/\/d2p6e6u75xmxt8.cloudfront.net\/6\/2020\/10\/La-vuelta-Vitoria.jpg","contentUrl":"https:\/\/d2p6e6u75xmxt8.cloudfront.net\/6\/2020\/10\/La-vuelta-Vitoria.jpg","width":1000,"height":666},{"@type":"BreadcrumbList","@id":"https:\/\/www.welovecycling.com\/es\/2020\/10\/30\/desarrollo-subir-angliru-profesionales\/#breadcrumb","itemListElement":[{"@type":"ListItem","position":1,"name":"Home","item":"https:\/\/www.welovecycling.com\/es\/"},{"@type":"ListItem","position":2,"name":"\u00bfCon qu\u00e9 desarrollo sube el Angliru los profesionales? El pelot\u00f3n nos responde"}]},{"@type":"WebSite","@id":"https:\/\/www.welovecycling.com\/es\/#website","url":"https:\/\/www.welovecycling.com\/es\/","name":"\u0160koda We Love Cycling - Spain","description":"\u0160koda WeLoveCycling Spain","potentialAction":[{"@type":"SearchAction","target":{"@type":"EntryPoint","urlTemplate":"https:\/\/www.welovecycling.com\/es\/?s={search_term_string}"},"query-input":{"@type":"PropertyValueSpecification","valueRequired":true,"valueName":"search_term_string"}}],"inLanguage":"es-ES"},{"@type":"Person","@id":"https:\/\/www.welovecycling.com\/es\/#\/schema\/person\/deb61715b5812698ee79fb96f343ccd4","name":"We Love Cycling Spain","image":{"@type":"ImageObject","inLanguage":"es-ES","@id":"https:\/\/www.welovecycling.com\/es\/#\/schema\/person\/image\/","url":"https:\/\/secure.gravatar.com\/avatar\/c824b04e6df0e37a03219d0b6481672889df542894588964102459e46513159c?s=96&d=mm&r=g","contentUrl":"https:\/\/secure.gravatar.com\/avatar\/c824b04e6df0e37a03219d0b6481672889df542894588964102459e46513159c?s=96&d=mm&r=g","caption":"We Love Cycling Spain"},"url":"https:\/\/www.welovecycling.com\/es\/author\/amunoz\/"}]}},"_links":{"self":[{"href":"https:\/\/www.welovecycling.com\/es\/wp-json\/wp\/v2\/posts\/6806","targetHints":{"allow":["GET"]}}],"collection":[{"href":"https:\/\/www.welovecycling.com\/es\/wp-json\/wp\/v2\/posts"}],"about":[{"href":"https:\/\/www.welovecycling.com\/es\/wp-json\/wp\/v2\/types\/post"}],"author":[{"embeddable":true,"href":"https:\/\/www.welovecycling.com\/es\/wp-json\/wp\/v2\/users\/29"}],"replies":[{"embeddable":true,"href":"https:\/\/www.welovecycling.com\/es\/wp-json\/wp\/v2\/comments?post=6806"}],"version-history":[{"count":2,"href":"https:\/\/www.welovecycling.com\/es\/wp-json\/wp\/v2\/posts\/6806\/revisions"}],"predecessor-version":[{"id":6821,"href":"https:\/\/www.welovecycling.com\/es\/wp-json\/wp\/v2\/posts\/6806\/revisions\/6821"}],"wp:featuredmedia":[{"embeddable":true,"href":"https:\/\/www.welovecycling.com\/es\/wp-json\/wp\/v2\/media\/6820"}],"wp:attachment":[{"href":"https:\/\/www.welovecycling.com\/es\/wp-json\/wp\/v2\/media?parent=6806"}],"wp:term":[{"taxonomy":"category","embeddable":true,"href":"https:\/\/www.welovecycling.com\/es\/wp-json\/wp\/v2\/categories?post=6806"},{"taxonomy":"post_tag","embeddable":true,"href":"https:\/\/www.welovecycling.com\/es\/wp-json\/wp\/v2\/tags?post=6806"},{"taxonomy":"global-categories","embeddable":true,"href":"https:\/\/www.welovecycling.com\/es\/wp-json\/wp\/v2\/global-categories?post=6806"}],"curies":[{"name":"wp","href":"https:\/\/api.w.org\/{rel}","templated":true}]}}