{"id":6776,"date":"2020-10-20T18:23:26","date_gmt":"2020-10-20T16:23:26","guid":{"rendered":"https:\/\/www.welovecycling.com\/es\/?p=6776"},"modified":"2020-10-20T18:23:26","modified_gmt":"2020-10-20T16:23:26","slug":"una-vuelta-nueva-la-emocion-de-siempre","status":"publish","type":"post","link":"https:\/\/www.welovecycling.com\/es\/2020\/10\/20\/una-vuelta-nueva-la-emocion-de-siempre\/","title":{"rendered":"Una Vuelta &#8216;nueva&#8217;, la emoci\u00f3n de siempre"},"content":{"rendered":"<p><strong>La Vuelta a Espa\u00f1a 2020 ha empezado su 75\u00ba edici\u00f3n de la forma m\u00e1s rara posible. Un martes, en Ir\u00fan y con la organizaci\u00f3n llamando al p\u00fablico a que no acuda a ver la carrera, ni en la salida, ni en meta, ni durante el recorrido. Y lo ha conseguido. La consigna antes de empezar era #LaVueltaencasa. Evitar aglomeraciones y mantener la seguridad de ciclistas y caravana frente al Covid-19. Todo con un objetivo, que el 9 de noviembre se puede disputar la \u00faltima etapa en Madrid.<\/strong><\/p>\n<p><!--more--><\/p>\n<p>Para empezar lo que se ha hecho es adoptar los mismos protocolos que el Tour de Francia. La Vuelta est\u00e1 dividida en <strong>tres burbujas de seguridad<\/strong> con el objetivo de que no se mezclen entre ellas.<\/p>\n<figure id=\"attachment_6780\" aria-describedby=\"caption-attachment-6780\" style=\"width: 1024px\" class=\"wp-caption aligncenter\"><a href=\"https:\/\/d2p6e6u75xmxt8.cloudfront.net\/6\/2020\/10\/La-Vuelta-etapa-1.jpg\"><img loading=\"lazy\" decoding=\"async\" class=\"wp-image-6780 size-full\" src=\"https:\/\/d2p6e6u75xmxt8.cloudfront.net\/6\/2020\/10\/La-Vuelta-etapa-1.jpg\" alt=\"\" width=\"1024\" height=\"768\" srcset=\"https:\/\/d2p6e6u75xmxt8.cloudfront.net\/6\/2020\/10\/La-Vuelta-etapa-1.jpg 1024w, https:\/\/d2p6e6u75xmxt8.cloudfront.net\/6\/2020\/10\/La-Vuelta-etapa-1-300x225.jpg 300w, https:\/\/d2p6e6u75xmxt8.cloudfront.net\/6\/2020\/10\/La-Vuelta-etapa-1-768x576.jpg 768w\" sizes=\"auto, (max-width: 1024px) 100vw, 1024px\" \/><\/a><figcaption id=\"caption-attachment-6780\" class=\"wp-caption-text\">Foto @ciclored<\/figcaption><\/figure>\n<p>Por un lado los equipos y sus auxiliares. En la l\u00ednea de salida de Ir\u00fan, situada a solo 500 metros de la frontera con Francia, el parking de equipos estaba en un recinto cerrado. Nadie puede acceder a \u00e9l. Los ciclistas solo salen al control de firmas y con mascarilla puesta. El protocolo les separa por vallas de la prensa, que solo puede hacer entrevistas con el micr\u00f3fono puesto en una p\u00e9rtiga. <strong>Despu\u00e9s, toma de temperatura, gel hidroalcoh\u00f3lico y en vez de firmar control facial<\/strong>. Presentaci\u00f3n y vuelta al bus para ir a la l\u00ednea de salida, tambi\u00e9n con mascarilla. Solo se la quitan cuando se da el pistoletazo de salida y se la vuelven a poner al llegar a la meta.\u00a0 No todo queda ah\u00ed. En los hoteles los equipos tienen sus propios comedores para no mezclarse con el resto de los clientes.<\/p>\n<p>Los trabajadores de La Vuelta que est\u00e1n en contacto con los equipos y los ciclistas configuran otra burbuja y la tercera burbuja es la formada por la prensa, patrocinadores y gente de la organizaci\u00f3n que no est\u00e1 en contacto con los corredores.<\/p>\n<p>No han sido los \u00fanicos cambios. La Vuelta lleva un <strong>laboratorio para hacer test pcr itinerante<\/strong>. Todos los acreditados en la carrera han tenido que aportar un test negativo.<strong> Jes\u00fas Herrada, del Cofidis,<\/strong> se qued\u00f3 en casa por dar positivo en el primero, aunque haya dado despu\u00e9s negativo en los dos siguientes. Si viajaron dos auxiliares, del Sunweb y del Bahrein, que dieron positivo justo el d\u00eda anterior a la salida de Ir\u00fan. Se les aisl\u00f3 y antes de empezar la carrera todos los miembros de ambos equipos tuvieron que pasar un nuevo control para descartar contagios.<\/p>\n<h2><strong>Ahora s\u00ed, ciclismo<\/strong><\/h2>\n<p>Lo bueno de La Vuelta es que cuando se encienden los altavoces y Juan Mari Guajardo empieza a presentar a los corredores casi todo se olvida. De las m\u00e1s de 10.000 personas que podr\u00eda haber viendo una salida de La Vuelta en Ir\u00fan no hay m\u00e1s de un centenar y todos separados al aire libre.\u00a0 Nada de aut\u00f3grafos ni selfies con ciclistas. As\u00ed que da tiempo a ver todos los detalles de cada uno de los equipos. A un<strong> Froome<\/strong> colocando bien el dorsal a un compa\u00f1ero y dando &#8216;paso&#8217; a Carapaz como l\u00edder de un equipo <strong>Ineos que habla cada vez m\u00e1s castellano<\/strong>, con Sosa, Amador y Brandon Rivera.<\/p>\n<p>A Valverde acaparando una vez m\u00e1s todo el inter\u00e9s y ejerciendo de &#8216;capo&#8217; del pelot\u00f3n espa\u00f1ol en la salida. Al Jumbo Visma llegando los \u00faltimos a la presentaci\u00f3n con el vigente ganador, <strong>Primoz Roglic,<\/strong> como si de un pr\u00f3logo se tratase. Las mascarilla <strong>&#8216;Kaixo&#8217;<\/strong> del Bora en la salida, un nuevo elemento de publicidad. La versi\u00f3n m\u00e1s euskera del Astana, con los hermanos Izaguirre, Omar Fraile y Aramburu.<\/p>\n<p><a href=\"https:\/\/d2p6e6u75xmxt8.cloudfront.net\/6\/2020\/10\/La-vuelta-etapa-1-3.jpg\"><img loading=\"lazy\" decoding=\"async\" class=\"size-full wp-image-6782\" src=\"https:\/\/d2p6e6u75xmxt8.cloudfront.net\/6\/2020\/10\/La-vuelta-etapa-1-3.jpg\" alt=\"\" width=\"1024\" height=\"768\" srcset=\"https:\/\/d2p6e6u75xmxt8.cloudfront.net\/6\/2020\/10\/La-vuelta-etapa-1-3.jpg 1024w, https:\/\/d2p6e6u75xmxt8.cloudfront.net\/6\/2020\/10\/La-vuelta-etapa-1-3-300x225.jpg 300w, https:\/\/d2p6e6u75xmxt8.cloudfront.net\/6\/2020\/10\/La-vuelta-etapa-1-3-768x576.jpg 768w\" sizes=\"auto, (max-width: 1024px) 100vw, 1024px\" \/><\/a>Foto @ciclored<\/p>\n<p>La ilusi\u00f3n de los dos continentales espa\u00f1oles. Burgos BH y Caja Rural, que en La Vuelta tienen su mayor exposici\u00f3n publicitaria de todo el a\u00f1o. Y las caras de los que han hecho doblete con el Tour de Flandes, que se acab\u00f3 el domingo a media tarde y un d\u00eda despu\u00e9s se pusieron camino a Espa\u00f1a para empezar La Vuelta. Los Terpstra, Sytbar y compa\u00f1\u00eda.<\/p>\n<p>El siguiente paso para la &#8216;normalidad&#8217; era dar la salida en Ir\u00fan y empezar a correr. El <strong>\u0160koda SUPERB iV<\/strong> de Guill\u00e9n en cabeza para una etapa con viento huracanado, lluvia y 2.500 metros de desnivel por las carreteras del Pa\u00eds Vasco. Una &#8216;<strong>Itzulia&#8217; en octubre<\/strong> que dej\u00f3 claro que a <strong>Remi Cavagna<\/strong> no le sent\u00f3 nada mal eso de ser llamado a \u00faltima hora por la baja de su compa\u00f1ero Archbold. De salida y en una escapada que no ten\u00eda visos de llegar.<\/p>\n<figure id=\"attachment_6786\" aria-describedby=\"caption-attachment-6786\" style=\"width: 1024px\" class=\"wp-caption aligncenter\"><a href=\"https:\/\/d2p6e6u75xmxt8.cloudfront.net\/6\/2020\/10\/Meta-Skoda.jpg\"><img loading=\"lazy\" decoding=\"async\" class=\"wp-image-6786 size-full\" src=\"https:\/\/d2p6e6u75xmxt8.cloudfront.net\/6\/2020\/10\/Meta-Skoda.jpg\" alt=\"Foto @Ciclored\" width=\"1024\" height=\"789\" srcset=\"https:\/\/d2p6e6u75xmxt8.cloudfront.net\/6\/2020\/10\/Meta-Skoda.jpg 1024w, https:\/\/d2p6e6u75xmxt8.cloudfront.net\/6\/2020\/10\/Meta-Skoda-300x231.jpg 300w, https:\/\/d2p6e6u75xmxt8.cloudfront.net\/6\/2020\/10\/Meta-Skoda-768x592.jpg 768w\" sizes=\"auto, (max-width: 1024px) 100vw, 1024px\" \/><\/a><figcaption id=\"caption-attachment-6786\" class=\"wp-caption-text\">Foto @Ciclored<\/figcaption><\/figure>\n<p>En la sala de prensa, separada con mamparas, un ojo en <strong>La Vuelta y el otro en el Giro,<\/strong> que en esta temporada se multiplican las competiciones y ambas carreras conviven una semana. La subida a Arrate con toda la publicidad colocada y vac\u00eda de p\u00fablico. Igual que la l\u00ednea de meta. Solo para la organizaci\u00f3n y la prensa. Sin el calor de la afici\u00f3n vasca, pero con la seguridad de que ese respeto es imprescindible para llegar a Madrid.<\/p>\n<p>All\u00ed pudimos ver que <strong>Thibaut Pinot<\/strong> no se ha recuperado del Tour y se descolg\u00f3 a la primeras de cambio. Igual que <strong>Chris Froome<\/strong>, que tiene muy complicado volver a ser el ciclista de antes de la ca\u00edda de Dauphin\u00e9 2019. Tampoco dar\u00e1 la sorpresa Vlasov, recuperado del Giro y que se descolg\u00f3 al inicio de Arrate. Tampoco demostr\u00f3 su mejor versi\u00f3n <strong>Dumoulin, el quinto del Jumbo Vism<\/strong>a, ni Valverde, que lleg\u00f3 con el holand\u00e9s a m\u00e1s de un minuto de los primeros.<\/p>\n<p>La Vuelta 2020 empez\u00f3 como acab\u00f3 la de 2019, con<strong> Primoz Roglic<\/strong> vestido de rojo. Esta vez le han cambiado los rivales. Ser\u00e1n <strong>Richard Carapaz y Enric Mas,<\/strong> los dos ciclistas de m\u00e1s renombre que llegaron en el primer grupo. Aunque como hemos visto en el Giro no hay que descartar a Chaves, a Dan Martin<\/p>\n<p>Y es pasar la l\u00ednea de meta&#8230; y volver las restricciones. All\u00ed solo pueden estar los auxiliares de cada equipo y un pu\u00f1ado de fot\u00f3grafos para inmortalizar la llegada. <strong>Ropa de abrigo, bebida recuperadora y mascarilla al mismo tiempo, que una tos en estos momentos no es el mejor s\u00edntoma.<\/strong> Unas cuantas entrevistas con las televisiones y las radios a m\u00e1s de dos metros de distancia. Los primeros a la sala de prensa virtual con entrevistas por plasma. El resto a una zona de autobuses de nuevo restringida a cualquiera que no sea ciclista o auxiliar. El pelot\u00f3n vuelve a su burbuja dentro de la burbuja.<\/p>\n<p><a href=\"https:\/\/d2p6e6u75xmxt8.cloudfront.net\/6\/2020\/10\/Roglic.jpg\"><img loading=\"lazy\" decoding=\"async\" class=\"aligncenter size-full wp-image-6785\" src=\"https:\/\/d2p6e6u75xmxt8.cloudfront.net\/6\/2020\/10\/Roglic.jpg\" alt=\"\" width=\"1024\" height=\"627\" srcset=\"https:\/\/d2p6e6u75xmxt8.cloudfront.net\/6\/2020\/10\/Roglic.jpg 1024w, https:\/\/d2p6e6u75xmxt8.cloudfront.net\/6\/2020\/10\/Roglic-300x184.jpg 300w, https:\/\/d2p6e6u75xmxt8.cloudfront.net\/6\/2020\/10\/Roglic-768x470.jpg 768w\" sizes=\"auto, (max-width: 1024px) 100vw, 1024px\" \/><\/a><\/p>\n","protected":false},"excerpt":{"rendered":"<p>La Vuelta a Espa\u00f1a 2020 ha empezado su 75\u00ba edici\u00f3n de la forma m\u00e1s rara posible. Un martes, en Ir\u00fan [&hellip;]<\/p>\n","protected":false},"author":29,"featured_media":6781,"comment_status":"open","ping_status":"open","sticky":false,"template":"","format":"standard","meta":{"footnotes":""},"categories":[7],"tags":[1847,559,1848,44,1849,1850,1220,1212],"global-categories":[1164],"class_list":["post-6776","post","type-post","status-publish","format-standard","has-post-thumbnail","hentry","category-carretera","tag-etapa-1-la-vuelta","tag-froome","tag-froome-la-vuetla","tag-la-vuelta","tag-la-vuelta-froome","tag-la-vuelta-roglic","tag-primoz-roglic","tag-valverde","global-categories-cycling"],"yoast_head":"<!-- This site is optimized with the Yoast SEO Premium plugin v25.3 (Yoast SEO v25.9) - https:\/\/yoast.com\/wordpress\/plugins\/seo\/ -->\n<title>Una Vuelta &#039;nueva&#039;, la emoci\u00f3n de siempre - \u0160koda We Love Cycling - Spain<\/title>\n<meta name=\"description\" content=\"Una Vuelta &#039;nueva&#039;, la emoci\u00f3n de siempre. As\u00ed es la Vuelta 2020 desde dentro. Te hemos contado la primera etapa con victoria de Roglic.\" \/>\n<meta name=\"robots\" content=\"index, follow, max-snippet:-1, max-image-preview:large, max-video-preview:-1\" \/>\n<link rel=\"canonical\" href=\"https:\/\/www.welovecycling.com\/es\/2020\/10\/20\/una-vuelta-nueva-la-emocion-de-siempre\/\" \/>\n<meta property=\"og:locale\" content=\"es_ES\" \/>\n<meta property=\"og:type\" content=\"article\" \/>\n<meta property=\"og:title\" content=\"Una Vuelta &#039;nueva&#039;, la emoci\u00f3n de siempre.\" \/>\n<meta property=\"og:description\" content=\"Una Vuelta &#039;nueva&#039;, la emoci\u00f3n de siempre. As\u00ed es la Vuelta 2020 desde dentro. Te hemos contado la primera etapa con victoria de Roglic.\" \/>\n<meta property=\"og:url\" content=\"https:\/\/www.welovecycling.com\/es\/2020\/10\/20\/una-vuelta-nueva-la-emocion-de-siempre\/\" \/>\n<meta property=\"og:site_name\" content=\"\u0160koda We Love Cycling - Spain\" \/>\n<meta property=\"article:published_time\" content=\"2020-10-20T16:23:26+00:00\" \/>\n<meta property=\"og:image\" content=\"https:\/\/d2p6e6u75xmxt8.cloudfront.net\/6\/2020\/10\/La-Vuelta-etapa-1-1-scaled.jpg\" \/>\n\t<meta property=\"og:image:width\" content=\"2560\" \/>\n\t<meta property=\"og:image:height\" content=\"1353\" \/>\n\t<meta property=\"og:image:type\" content=\"image\/jpeg\" \/>\n<meta name=\"author\" content=\"We Love Cycling Spain\" \/>\n<meta name=\"twitter:card\" content=\"summary_large_image\" \/>\n<meta name=\"twitter:title\" content=\"Una Vuelta &#039;nueva&#039;, la emoci\u00f3n de siempre\" \/>\n<meta name=\"twitter:description\" content=\"Una Vuelta &#039;nueva&#039;, la emoci\u00f3n de siempre. As\u00ed es la Vuelta 2020 desde dentro. Te hemos contado la primera etapa con victoria de Roglic.\" \/>\n<meta name=\"twitter:label1\" content=\"Written by\" \/>\n\t<meta name=\"twitter:data1\" content=\"Luis Ortega @ciclored\" \/>\n\t<meta name=\"twitter:label2\" content=\"Est. reading time\" \/>\n\t<meta name=\"twitter:data2\" content=\"6 minutes\" \/>\n<script type=\"application\/ld+json\" class=\"yoast-schema-graph\">{\"@context\":\"https:\/\/schema.org\",\"@graph\":[{\"@type\":\"WebPage\",\"@id\":\"https:\/\/www.welovecycling.com\/es\/2020\/10\/20\/una-vuelta-nueva-la-emocion-de-siempre\/\",\"url\":\"https:\/\/www.welovecycling.com\/es\/2020\/10\/20\/una-vuelta-nueva-la-emocion-de-siempre\/\",\"name\":\"Una Vuelta 'nueva', la emoci\u00f3n de siempre - \u0160koda We Love Cycling - Spain\",\"isPartOf\":{\"@id\":\"https:\/\/www.welovecycling.com\/es\/#website\"},\"primaryImageOfPage\":{\"@id\":\"https:\/\/www.welovecycling.com\/es\/2020\/10\/20\/una-vuelta-nueva-la-emocion-de-siempre\/#primaryimage\"},\"image\":{\"@id\":\"https:\/\/www.welovecycling.com\/es\/2020\/10\/20\/una-vuelta-nueva-la-emocion-de-siempre\/#primaryimage\"},\"thumbnailUrl\":\"https:\/\/d2p6e6u75xmxt8.cloudfront.net\/6\/2020\/10\/La-Vuelta-etapa-1-1-scaled.jpg\",\"datePublished\":\"2020-10-20T16:23:26+00:00\",\"author\":{\"@id\":\"https:\/\/www.welovecycling.com\/es\/#\/schema\/person\/deb61715b5812698ee79fb96f343ccd4\"},\"description\":\"Una Vuelta 'nueva', la emoci\u00f3n de siempre. As\u00ed es la Vuelta 2020 desde dentro. Te hemos contado la primera etapa con victoria de Roglic.\",\"breadcrumb\":{\"@id\":\"https:\/\/www.welovecycling.com\/es\/2020\/10\/20\/una-vuelta-nueva-la-emocion-de-siempre\/#breadcrumb\"},\"inLanguage\":\"es-ES\",\"potentialAction\":[{\"@type\":\"ReadAction\",\"target\":[\"https:\/\/www.welovecycling.com\/es\/2020\/10\/20\/una-vuelta-nueva-la-emocion-de-siempre\/\"]}]},{\"@type\":\"ImageObject\",\"inLanguage\":\"es-ES\",\"@id\":\"https:\/\/www.welovecycling.com\/es\/2020\/10\/20\/una-vuelta-nueva-la-emocion-de-siempre\/#primaryimage\",\"url\":\"https:\/\/d2p6e6u75xmxt8.cloudfront.net\/6\/2020\/10\/La-Vuelta-etapa-1-1-scaled.jpg\",\"contentUrl\":\"https:\/\/d2p6e6u75xmxt8.cloudfront.net\/6\/2020\/10\/La-Vuelta-etapa-1-1-scaled.jpg\",\"width\":2560,\"height\":1353},{\"@type\":\"BreadcrumbList\",\"@id\":\"https:\/\/www.welovecycling.com\/es\/2020\/10\/20\/una-vuelta-nueva-la-emocion-de-siempre\/#breadcrumb\",\"itemListElement\":[{\"@type\":\"ListItem\",\"position\":1,\"name\":\"Home\",\"item\":\"https:\/\/www.welovecycling.com\/es\/\"},{\"@type\":\"ListItem\",\"position\":2,\"name\":\"Una Vuelta &#8216;nueva&#8217;, la emoci\u00f3n de siempre\"}]},{\"@type\":\"WebSite\",\"@id\":\"https:\/\/www.welovecycling.com\/es\/#website\",\"url\":\"https:\/\/www.welovecycling.com\/es\/\",\"name\":\"\u0160koda We Love Cycling - Spain\",\"description\":\"\u0160koda WeLoveCycling Spain\",\"potentialAction\":[{\"@type\":\"SearchAction\",\"target\":{\"@type\":\"EntryPoint\",\"urlTemplate\":\"https:\/\/www.welovecycling.com\/es\/?s={search_term_string}\"},\"query-input\":{\"@type\":\"PropertyValueSpecification\",\"valueRequired\":true,\"valueName\":\"search_term_string\"}}],\"inLanguage\":\"es-ES\"},{\"@type\":\"Person\",\"@id\":\"https:\/\/www.welovecycling.com\/es\/#\/schema\/person\/deb61715b5812698ee79fb96f343ccd4\",\"name\":\"We Love Cycling Spain\",\"image\":{\"@type\":\"ImageObject\",\"inLanguage\":\"es-ES\",\"@id\":\"https:\/\/www.welovecycling.com\/es\/#\/schema\/person\/image\/\",\"url\":\"https:\/\/secure.gravatar.com\/avatar\/c824b04e6df0e37a03219d0b6481672889df542894588964102459e46513159c?s=96&d=mm&r=g\",\"contentUrl\":\"https:\/\/secure.gravatar.com\/avatar\/c824b04e6df0e37a03219d0b6481672889df542894588964102459e46513159c?s=96&d=mm&r=g\",\"caption\":\"We Love Cycling Spain\"},\"url\":\"https:\/\/www.welovecycling.com\/es\/author\/amunoz\/\"}]}<\/script>\n<!-- \/ Yoast SEO Premium plugin. -->","yoast_head_json":{"title":"Una Vuelta 'nueva', la emoci\u00f3n de siempre - \u0160koda We Love Cycling - Spain","description":"Una Vuelta 'nueva', la emoci\u00f3n de siempre. As\u00ed es la Vuelta 2020 desde dentro. Te hemos contado la primera etapa con victoria de Roglic.","robots":{"index":"index","follow":"follow","max-snippet":"max-snippet:-1","max-image-preview":"max-image-preview:large","max-video-preview":"max-video-preview:-1"},"canonical":"https:\/\/www.welovecycling.com\/es\/2020\/10\/20\/una-vuelta-nueva-la-emocion-de-siempre\/","og_locale":"es_ES","og_type":"article","og_title":"Una Vuelta 'nueva', la emoci\u00f3n de siempre.","og_description":"Una Vuelta 'nueva', la emoci\u00f3n de siempre. As\u00ed es la Vuelta 2020 desde dentro. Te hemos contado la primera etapa con victoria de Roglic.","og_url":"https:\/\/www.welovecycling.com\/es\/2020\/10\/20\/una-vuelta-nueva-la-emocion-de-siempre\/","og_site_name":"\u0160koda We Love Cycling - Spain","article_published_time":"2020-10-20T16:23:26+00:00","og_image":[{"width":2560,"height":1353,"url":"https:\/\/d2p6e6u75xmxt8.cloudfront.net\/6\/2020\/10\/La-Vuelta-etapa-1-1-scaled.jpg","type":"image\/jpeg"}],"author":"We Love Cycling Spain","twitter_card":"summary_large_image","twitter_title":"Una Vuelta 'nueva', la emoci\u00f3n de siempre","twitter_description":"Una Vuelta 'nueva', la emoci\u00f3n de siempre. As\u00ed es la Vuelta 2020 desde dentro. Te hemos contado la primera etapa con victoria de Roglic.","twitter_misc":{"Written by":"Luis Ortega @ciclored","Est. reading time":"6 minutes"},"schema":{"@context":"https:\/\/schema.org","@graph":[{"@type":"WebPage","@id":"https:\/\/www.welovecycling.com\/es\/2020\/10\/20\/una-vuelta-nueva-la-emocion-de-siempre\/","url":"https:\/\/www.welovecycling.com\/es\/2020\/10\/20\/una-vuelta-nueva-la-emocion-de-siempre\/","name":"Una Vuelta 'nueva', la emoci\u00f3n de siempre - \u0160koda We Love Cycling - Spain","isPartOf":{"@id":"https:\/\/www.welovecycling.com\/es\/#website"},"primaryImageOfPage":{"@id":"https:\/\/www.welovecycling.com\/es\/2020\/10\/20\/una-vuelta-nueva-la-emocion-de-siempre\/#primaryimage"},"image":{"@id":"https:\/\/www.welovecycling.com\/es\/2020\/10\/20\/una-vuelta-nueva-la-emocion-de-siempre\/#primaryimage"},"thumbnailUrl":"https:\/\/d2p6e6u75xmxt8.cloudfront.net\/6\/2020\/10\/La-Vuelta-etapa-1-1-scaled.jpg","datePublished":"2020-10-20T16:23:26+00:00","author":{"@id":"https:\/\/www.welovecycling.com\/es\/#\/schema\/person\/deb61715b5812698ee79fb96f343ccd4"},"description":"Una Vuelta 'nueva', la emoci\u00f3n de siempre. As\u00ed es la Vuelta 2020 desde dentro. Te hemos contado la primera etapa con victoria de Roglic.","breadcrumb":{"@id":"https:\/\/www.welovecycling.com\/es\/2020\/10\/20\/una-vuelta-nueva-la-emocion-de-siempre\/#breadcrumb"},"inLanguage":"es-ES","potentialAction":[{"@type":"ReadAction","target":["https:\/\/www.welovecycling.com\/es\/2020\/10\/20\/una-vuelta-nueva-la-emocion-de-siempre\/"]}]},{"@type":"ImageObject","inLanguage":"es-ES","@id":"https:\/\/www.welovecycling.com\/es\/2020\/10\/20\/una-vuelta-nueva-la-emocion-de-siempre\/#primaryimage","url":"https:\/\/d2p6e6u75xmxt8.cloudfront.net\/6\/2020\/10\/La-Vuelta-etapa-1-1-scaled.jpg","contentUrl":"https:\/\/d2p6e6u75xmxt8.cloudfront.net\/6\/2020\/10\/La-Vuelta-etapa-1-1-scaled.jpg","width":2560,"height":1353},{"@type":"BreadcrumbList","@id":"https:\/\/www.welovecycling.com\/es\/2020\/10\/20\/una-vuelta-nueva-la-emocion-de-siempre\/#breadcrumb","itemListElement":[{"@type":"ListItem","position":1,"name":"Home","item":"https:\/\/www.welovecycling.com\/es\/"},{"@type":"ListItem","position":2,"name":"Una Vuelta &#8216;nueva&#8217;, la emoci\u00f3n de siempre"}]},{"@type":"WebSite","@id":"https:\/\/www.welovecycling.com\/es\/#website","url":"https:\/\/www.welovecycling.com\/es\/","name":"\u0160koda We Love Cycling - Spain","description":"\u0160koda WeLoveCycling Spain","potentialAction":[{"@type":"SearchAction","target":{"@type":"EntryPoint","urlTemplate":"https:\/\/www.welovecycling.com\/es\/?s={search_term_string}"},"query-input":{"@type":"PropertyValueSpecification","valueRequired":true,"valueName":"search_term_string"}}],"inLanguage":"es-ES"},{"@type":"Person","@id":"https:\/\/www.welovecycling.com\/es\/#\/schema\/person\/deb61715b5812698ee79fb96f343ccd4","name":"We Love Cycling Spain","image":{"@type":"ImageObject","inLanguage":"es-ES","@id":"https:\/\/www.welovecycling.com\/es\/#\/schema\/person\/image\/","url":"https:\/\/secure.gravatar.com\/avatar\/c824b04e6df0e37a03219d0b6481672889df542894588964102459e46513159c?s=96&d=mm&r=g","contentUrl":"https:\/\/secure.gravatar.com\/avatar\/c824b04e6df0e37a03219d0b6481672889df542894588964102459e46513159c?s=96&d=mm&r=g","caption":"We Love Cycling Spain"},"url":"https:\/\/www.welovecycling.com\/es\/author\/amunoz\/"}]}},"_links":{"self":[{"href":"https:\/\/www.welovecycling.com\/es\/wp-json\/wp\/v2\/posts\/6776","targetHints":{"allow":["GET"]}}],"collection":[{"href":"https:\/\/www.welovecycling.com\/es\/wp-json\/wp\/v2\/posts"}],"about":[{"href":"https:\/\/www.welovecycling.com\/es\/wp-json\/wp\/v2\/types\/post"}],"author":[{"embeddable":true,"href":"https:\/\/www.welovecycling.com\/es\/wp-json\/wp\/v2\/users\/29"}],"replies":[{"embeddable":true,"href":"https:\/\/www.welovecycling.com\/es\/wp-json\/wp\/v2\/comments?post=6776"}],"version-history":[{"count":2,"href":"https:\/\/www.welovecycling.com\/es\/wp-json\/wp\/v2\/posts\/6776\/revisions"}],"predecessor-version":[{"id":6787,"href":"https:\/\/www.welovecycling.com\/es\/wp-json\/wp\/v2\/posts\/6776\/revisions\/6787"}],"wp:featuredmedia":[{"embeddable":true,"href":"https:\/\/www.welovecycling.com\/es\/wp-json\/wp\/v2\/media\/6781"}],"wp:attachment":[{"href":"https:\/\/www.welovecycling.com\/es\/wp-json\/wp\/v2\/media?parent=6776"}],"wp:term":[{"taxonomy":"category","embeddable":true,"href":"https:\/\/www.welovecycling.com\/es\/wp-json\/wp\/v2\/categories?post=6776"},{"taxonomy":"post_tag","embeddable":true,"href":"https:\/\/www.welovecycling.com\/es\/wp-json\/wp\/v2\/tags?post=6776"},{"taxonomy":"global-categories","embeddable":true,"href":"https:\/\/www.welovecycling.com\/es\/wp-json\/wp\/v2\/global-categories?post=6776"}],"curies":[{"name":"wp","href":"https:\/\/api.w.org\/{rel}","templated":true}]}}